{"id":59865,"date":"2017-09-14T15:59:08","date_gmt":"2017-09-14T20:59:08","guid":{"rendered":"https:\/\/centrourbano.com\/?p=59865"},"modified":"2017-09-14T15:59:08","modified_gmt":"2017-09-14T20:59:08","slug":"entregan-128-viviendas-culiacan","status":"publish","type":"post","link":"https:\/\/centrourbano.com\/revista\/vivienda\/entregan-128-viviendas-culiacan\/","title":{"rendered":"Entregan 128 viviendas en Culiac\u00e1n"},"content":{"rendered":"<p><em>El propuesto para dotar de vivienda a trabajadores del ayuntamiento <\/em><!--more--><\/p>\n<p>El gobernador de Sinaloa, Quirino Ordaz, entreg\u00f3 el fraccionamiento \u2018Stasac 1\u2019, complejo habitacional ubicado en la zona poniente de Culiac\u00e1n. El complejo habitacional cuenta con 128 departamentos que beneficiar\u00e1n a trabajadores del ayuntamiento. <\/p>\n<p>Durante el acto inaugural, el mandatario estatal manifest\u00f3 que, gracias al trabajo coordinado con el gobierno de la Rep\u00fablica, los trabajadores que adquirieron vivienda en el fraccionamiento recibir\u00e1n un subsidio. Dijo que el proyecto pudo concretarse gracias a las gestiones del Sindicato de Trabajadores al Servicio del Ayuntamiento de Culiac\u00e1n (Stasac). <\/p>\n<p>\u201cEstos programas de vivienda son los que permiten elevar la calidad de vida de los trabajadores, al permitir tener un patrimonio familiar digno como este moderno fraccionamiento, ubicado en una zona de gran crecimiento del sector sur poniente de la ciudad\u201d, dijo. <\/p>\n","protected":false},"excerpt":{"rendered":"<p>El propuesto para dotar de vivienda a trabajadores del ayuntamiento<\/p>\n","protected":false},"author":77,"featured_media":59866,"comment_status":"open","ping_status":"closed","sticky":false,"template":"","format":"standard","meta":{"inline_featured_image":false,"footnotes":""},"categories":[12],"tags":[11334,10460,431,60],"class_list":["post-59865","post","type-post","status-publish","format-standard","has-post-thumbnail","hentry","category-vivienda","tag-fraccionamiento-stasac","tag-quirino-ordaz","tag-sinaloa","tag-vivienda-2"],"yoast_head":"<!-- This site is optimized with the Yoast SEO plugin v28.4 - https:\/\/yoast.com\/product\/yoast-seo-wordpress\/ -->\n<title>Entregan 128 viviendas en Culiac\u00e1n -<\/title>\n<meta name=\"description\" content=\"El gobernador de Sinaloa, Quirino Ordaz, entreg\u00f3 el fraccionamiento \u2018Stasac 1\u2019, complejo habitacional ubicado en la zona poniente de Culiac\u00e1n. El complejo habitacional cuenta con 128 departamentos que beneficiar\u00e1n a trabajadores del ayuntamiento.\" \/>\n<meta name=\"robots\" content=\"index, follow, max-snippet:-1, max-image-preview:large, max-video-preview:-1\" \/>\n<link rel=\"canonical\" href=\"https:\/\/centrourbano.com\/revista\/vivienda\/entregan-128-viviendas-culiacan\/\" \/>\n<meta property=\"og:locale\" content=\"es_ES\" \/>\n<meta property=\"og:type\" content=\"article\" \/>\n<meta property=\"og:title\" content=\"Entregan 128 viviendas en Culiac\u00e1n -\" \/>\n<meta property=\"og:description\" content=\"El gobernador de Sinaloa, Quirino Ordaz, entreg\u00f3 el fraccionamiento \u2018Stasac 1\u2019, complejo habitacional ubicado en la zona poniente de Culiac\u00e1n. El complejo habitacional cuenta con 128 departamentos que beneficiar\u00e1n a trabajadores del ayuntamiento.\" \/>\n<meta property=\"og:url\" content=\"https:\/\/centrourbano.com\/revista\/vivienda\/entregan-128-viviendas-culiacan\/\" \/>\n<meta property=\"og:site_name\" content=\"Centro Urbano\" \/>\n<meta property=\"article:publisher\" content=\"https:\/\/www.facebook.com\/portalcentrourbano\" \/>\n<meta property=\"article:published_time\" content=\"2017-09-14T20:59:08+00:00\" \/>\n<meta property=\"og:image\" content=\"https:\/\/centrourbano.com\/revista\/wp-content\/uploads\/Vivienda_STATEC_QuirinoOrdaz.png\" \/>\n\t<meta property=\"og:image:width\" content=\"800\" \/>\n\t<meta property=\"og:image:height\" content=\"532\" \/>\n\t<meta property=\"og:image:type\" content=\"image\/png\" \/>\n<meta name=\"author\" content=\"G4A\" \/>\n<meta name=\"twitter:card\" content=\"summary_large_image\" \/>\n<meta name=\"twitter:creator\" content=\"@CentroUrbano\" \/>\n<meta name=\"twitter:site\" content=\"@CentroUrbano\" \/>\n<meta name=\"twitter:label1\" content=\"Escrito por\" \/>\n\t<meta name=\"twitter:data1\" content=\"G4A\" \/>\n\t<meta name=\"twitter:label2\" content=\"Tiempo de lectura\" \/>\n\t<meta name=\"twitter:data2\" content=\"1 minuto\" \/>\n<script type=\"application\/ld+json\" class=\"yoast-schema-graph\">{\"@context\":\"https:\\\/\\\/schema.org\",\"@graph\":[{\"@type\":\"Article\",\"@id\":\"https:\\\/\\\/centrourbano.com\\\/revista\\\/vivienda\\\/entregan-128-viviendas-culiacan\\\/#article\",\"isPartOf\":{\"@id\":\"https:\\\/\\\/centrourbano.com\\\/revista\\\/vivienda\\\/entregan-128-viviendas-culiacan\\\/\"},\"author\":{\"name\":\"G4A\",\"@id\":\"https:\\\/\\\/centrourbano.com\\\/revista\\\/#\\\/schema\\\/person\\\/370fa0ba2d8dd5bde3fdb8b62ad360aa\"},\"headline\":\"Entregan 128 viviendas en Culiac\u00e1n\",\"datePublished\":\"2017-09-14T20:59:08+00:00\",\"mainEntityOfPage\":{\"@id\":\"https:\\\/\\\/centrourbano.com\\\/revista\\\/vivienda\\\/entregan-128-viviendas-culiacan\\\/\"},\"wordCount\":144,\"commentCount\":0,\"publisher\":{\"@id\":\"https:\\\/\\\/centrourbano.com\\\/revista\\\/#organization\"},\"image\":{\"@id\":\"https:\\\/\\\/centrourbano.com\\\/revista\\\/vivienda\\\/entregan-128-viviendas-culiacan\\\/#primaryimage\"},\"thumbnailUrl\":\"https:\\\/\\\/centrourbano.com\\\/revista\\\/wp-content\\\/uploads\\\/Vivienda_STATEC_QuirinoOrdaz.png\",\"keywords\":[\"Fraccionamiento Stasac\",\"Quirino Ordaz\",\"Sinaloa\",\"vivienda\"],\"articleSection\":[\"Vivienda\"],\"inLanguage\":\"es\"},{\"@type\":\"WebPage\",\"@id\":\"https:\\\/\\\/centrourbano.com\\\/revista\\\/vivienda\\\/entregan-128-viviendas-culiacan\\\/\",\"url\":\"https:\\\/\\\/centrourbano.com\\\/revista\\\/vivienda\\\/entregan-128-viviendas-culiacan\\\/\",\"name\":\"Entregan 128 viviendas en Culiac\u00e1n -\",\"isPartOf\":{\"@id\":\"https:\\\/\\\/centrourbano.com\\\/revista\\\/#website\"},\"primaryImageOfPage\":{\"@id\":\"https:\\\/\\\/centrourbano.com\\\/revista\\\/vivienda\\\/entregan-128-viviendas-culiacan\\\/#primaryimage\"},\"image\":{\"@id\":\"https:\\\/\\\/centrourbano.com\\\/revista\\\/vivienda\\\/entregan-128-viviendas-culiacan\\\/#primaryimage\"},\"thumbnailUrl\":\"https:\\\/\\\/centrourbano.com\\\/revista\\\/wp-content\\\/uploads\\\/Vivienda_STATEC_QuirinoOrdaz.png\",\"datePublished\":\"2017-09-14T20:59:08+00:00\",\"description\":\"El gobernador de Sinaloa, Quirino Ordaz, entreg\u00f3 el fraccionamiento \u2018Stasac 1\u2019, complejo habitacional ubicado en la zona poniente de Culiac\u00e1n. El complejo habitacional cuenta con 128 departamentos que beneficiar\u00e1n a trabajadores del ayuntamiento.\",\"breadcrumb\":{\"@id\":\"https:\\\/\\\/centrourbano.com\\\/revista\\\/vivienda\\\/entregan-128-viviendas-culiacan\\\/#breadcrumb\"},\"inLanguage\":\"es\",\"potentialAction\":[{\"@type\":\"ReadAction\",\"target\":[\"https:\\\/\\\/centrourbano.com\\\/revista\\\/vivienda\\\/entregan-128-viviendas-culiacan\\\/\"]}]},{\"@type\":\"ImageObject\",\"inLanguage\":\"es\",\"@id\":\"https:\\\/\\\/centrourbano.com\\\/revista\\\/vivienda\\\/entregan-128-viviendas-culiacan\\\/#primaryimage\",\"url\":\"https:\\\/\\\/centrourbano.com\\\/revista\\\/wp-content\\\/uploads\\\/Vivienda_STATEC_QuirinoOrdaz.png\",\"contentUrl\":\"https:\\\/\\\/centrourbano.com\\\/revista\\\/wp-content\\\/uploads\\\/Vivienda_STATEC_QuirinoOrdaz.png\",\"width\":800,\"height\":532,\"caption\":\"El propuesto para dotar de vivienda a trabajadores del ayuntamiento\"},{\"@type\":\"BreadcrumbList\",\"@id\":\"https:\\\/\\\/centrourbano.com\\\/revista\\\/vivienda\\\/entregan-128-viviendas-culiacan\\\/#breadcrumb\",\"itemListElement\":[{\"@type\":\"ListItem\",\"position\":1,\"name\":\"Portada\",\"item\":\"https:\\\/\\\/centrourbano.com\\\/revista\\\/\"},{\"@type\":\"ListItem\",\"position\":2,\"name\":\"Entregan 128 viviendas en Culiac\u00e1n\"}]},{\"@type\":\"WebSite\",\"@id\":\"https:\\\/\\\/centrourbano.com\\\/revista\\\/#website\",\"url\":\"https:\\\/\\\/centrourbano.com\\\/revista\\\/\",\"name\":\"Centro Urbano\",\"description\":\"Medio especializado en los sectores vivienda, inmobiliario, construcci\u00f3n, arquitectura y urbanismo.\",\"publisher\":{\"@id\":\"https:\\\/\\\/centrourbano.com\\\/revista\\\/#organization\"},\"potentialAction\":[{\"@type\":\"SearchAction\",\"target\":{\"@type\":\"EntryPoint\",\"urlTemplate\":\"https:\\\/\\\/centrourbano.com\\\/revista\\\/?s={search_term_string}\"},\"query-input\":{\"@type\":\"PropertyValueSpecification\",\"valueRequired\":true,\"valueName\":\"search_term_string\"}}],\"inLanguage\":\"es\"},{\"@type\":\"Organization\",\"@id\":\"https:\\\/\\\/centrourbano.com\\\/revista\\\/#organization\",\"name\":\"Centro Urbano\",\"url\":\"https:\\\/\\\/centrourbano.com\\\/revista\\\/\",\"logo\":{\"@type\":\"ImageObject\",\"inLanguage\":\"es\",\"@id\":\"https:\\\/\\\/centrourbano.com\\\/revista\\\/#\\\/schema\\\/logo\\\/image\\\/\",\"url\":\"https:\\\/\\\/centrourbano.com\\\/revista\\\/wp-content\\\/uploads\\\/web_CU_logo-1.png\",\"contentUrl\":\"https:\\\/\\\/centrourbano.com\\\/revista\\\/wp-content\\\/uploads\\\/web_CU_logo-1.png\",\"width\":350,\"height\":91,\"caption\":\"Centro Urbano\"},\"image\":{\"@id\":\"https:\\\/\\\/centrourbano.com\\\/revista\\\/#\\\/schema\\\/logo\\\/image\\\/\"},\"sameAs\":[\"https:\\\/\\\/www.facebook.com\\\/portalcentrourbano\",\"https:\\\/\\\/x.com\\\/CentroUrbano\",\"https:\\\/\\\/www.instagram.com\\\/centro_urbano\\\/\",\"https:\\\/\\\/www.linkedin.com\\\/company\\\/centro-urbano\\\/\",\"http:\\\/\\\/www.youtube.com\\\/user\\\/portalcentrourbano\"]},{\"@type\":\"Person\",\"@id\":\"https:\\\/\\\/centrourbano.com\\\/revista\\\/#\\\/schema\\\/person\\\/370fa0ba2d8dd5bde3fdb8b62ad360aa\",\"name\":\"G4A\",\"image\":{\"@type\":\"ImageObject\",\"inLanguage\":\"es\",\"@id\":\"https:\\\/\\\/secure.gravatar.com\\\/avatar\\\/932a97121b13d5de5bbd8193c6c83d3b92c9eda0f39623607d4280e7a5778d97?s=96&d=mm&r=g\",\"url\":\"https:\\\/\\\/secure.gravatar.com\\\/avatar\\\/932a97121b13d5de5bbd8193c6c83d3b92c9eda0f39623607d4280e7a5778d97?s=96&d=mm&r=g\",\"contentUrl\":\"https:\\\/\\\/secure.gravatar.com\\\/avatar\\\/932a97121b13d5de5bbd8193c6c83d3b92c9eda0f39623607d4280e7a5778d97?s=96&d=mm&r=g\",\"caption\":\"G4A\"},\"url\":\"https:\\\/\\\/centrourbano.com\\\/revista\\\/author\\\/admin-g4a\\\/\"}]}<\/script>\n<!-- \/ Yoast SEO plugin. -->","yoast_head_json":{"title":"Entregan 128 viviendas en Culiac\u00e1n -","description":"El gobernador de Sinaloa, Quirino Ordaz, entreg\u00f3 el fraccionamiento \u2018Stasac 1\u2019, complejo habitacional ubicado en la zona poniente de Culiac\u00e1n. El complejo habitacional cuenta con 128 departamentos que beneficiar\u00e1n a trabajadores del ayuntamiento.","robots":{"index":"index","follow":"follow","max-snippet":"max-snippet:-1","max-image-preview":"max-image-preview:large","max-video-preview":"max-video-preview:-1"},"canonical":"https:\/\/centrourbano.com\/revista\/vivienda\/entregan-128-viviendas-culiacan\/","og_locale":"es_ES","og_type":"article","og_title":"Entregan 128 viviendas en Culiac\u00e1n -","og_description":"El gobernador de Sinaloa, Quirino Ordaz, entreg\u00f3 el fraccionamiento \u2018Stasac 1\u2019, complejo habitacional ubicado en la zona poniente de Culiac\u00e1n. El complejo habitacional cuenta con 128 departamentos que beneficiar\u00e1n a trabajadores del ayuntamiento.","og_url":"https:\/\/centrourbano.com\/revista\/vivienda\/entregan-128-viviendas-culiacan\/","og_site_name":"Centro Urbano","article_publisher":"https:\/\/www.facebook.com\/portalcentrourbano","article_published_time":"2017-09-14T20:59:08+00:00","og_image":[{"width":800,"height":532,"url":"https:\/\/centrourbano.com\/revista\/wp-content\/uploads\/Vivienda_STATEC_QuirinoOrdaz.png","type":"image\/png"}],"author":"G4A","twitter_card":"summary_large_image","twitter_creator":"@CentroUrbano","twitter_site":"@CentroUrbano","twitter_misc":{"Escrito por":"G4A","Tiempo de lectura":"1 minuto"},"schema":{"@context":"https:\/\/schema.org","@graph":[{"@type":"Article","@id":"https:\/\/centrourbano.com\/revista\/vivienda\/entregan-128-viviendas-culiacan\/#article","isPartOf":{"@id":"https:\/\/centrourbano.com\/revista\/vivienda\/entregan-128-viviendas-culiacan\/"},"author":{"name":"G4A","@id":"https:\/\/centrourbano.com\/revista\/#\/schema\/person\/370fa0ba2d8dd5bde3fdb8b62ad360aa"},"headline":"Entregan 128 viviendas en Culiac\u00e1n","datePublished":"2017-09-14T20:59:08+00:00","mainEntityOfPage":{"@id":"https:\/\/centrourbano.com\/revista\/vivienda\/entregan-128-viviendas-culiacan\/"},"wordCount":144,"commentCount":0,"publisher":{"@id":"https:\/\/centrourbano.com\/revista\/#organization"},"image":{"@id":"https:\/\/centrourbano.com\/revista\/vivienda\/entregan-128-viviendas-culiacan\/#primaryimage"},"thumbnailUrl":"https:\/\/centrourbano.com\/revista\/wp-content\/uploads\/Vivienda_STATEC_QuirinoOrdaz.png","keywords":["Fraccionamiento Stasac","Quirino Ordaz","Sinaloa","vivienda"],"articleSection":["Vivienda"],"inLanguage":"es"},{"@type":"WebPage","@id":"https:\/\/centrourbano.com\/revista\/vivienda\/entregan-128-viviendas-culiacan\/","url":"https:\/\/centrourbano.com\/revista\/vivienda\/entregan-128-viviendas-culiacan\/","name":"Entregan 128 viviendas en Culiac\u00e1n -","isPartOf":{"@id":"https:\/\/centrourbano.com\/revista\/#website"},"primaryImageOfPage":{"@id":"https:\/\/centrourbano.com\/revista\/vivienda\/entregan-128-viviendas-culiacan\/#primaryimage"},"image":{"@id":"https:\/\/centrourbano.com\/revista\/vivienda\/entregan-128-viviendas-culiacan\/#primaryimage"},"thumbnailUrl":"https:\/\/centrourbano.com\/revista\/wp-content\/uploads\/Vivienda_STATEC_QuirinoOrdaz.png","datePublished":"2017-09-14T20:59:08+00:00","description":"El gobernador de Sinaloa, Quirino Ordaz, entreg\u00f3 el fraccionamiento \u2018Stasac 1\u2019, complejo habitacional ubicado en la zona poniente de Culiac\u00e1n. El complejo habitacional cuenta con 128 departamentos que beneficiar\u00e1n a trabajadores del ayuntamiento.","breadcrumb":{"@id":"https:\/\/centrourbano.com\/revista\/vivienda\/entregan-128-viviendas-culiacan\/#breadcrumb"},"inLanguage":"es","potentialAction":[{"@type":"ReadAction","target":["https:\/\/centrourbano.com\/revista\/vivienda\/entregan-128-viviendas-culiacan\/"]}]},{"@type":"ImageObject","inLanguage":"es","@id":"https:\/\/centrourbano.com\/revista\/vivienda\/entregan-128-viviendas-culiacan\/#primaryimage","url":"https:\/\/centrourbano.com\/revista\/wp-content\/uploads\/Vivienda_STATEC_QuirinoOrdaz.png","contentUrl":"https:\/\/centrourbano.com\/revista\/wp-content\/uploads\/Vivienda_STATEC_QuirinoOrdaz.png","width":800,"height":532,"caption":"El propuesto para dotar de vivienda a trabajadores del ayuntamiento"},{"@type":"BreadcrumbList","@id":"https:\/\/centrourbano.com\/revista\/vivienda\/entregan-128-viviendas-culiacan\/#breadcrumb","itemListElement":[{"@type":"ListItem","position":1,"name":"Portada","item":"https:\/\/centrourbano.com\/revista\/"},{"@type":"ListItem","position":2,"name":"Entregan 128 viviendas en Culiac\u00e1n"}]},{"@type":"WebSite","@id":"https:\/\/centrourbano.com\/revista\/#website","url":"https:\/\/centrourbano.com\/revista\/","name":"Centro Urbano","description":"Medio especializado en los sectores vivienda, inmobiliario, construcci\u00f3n, arquitectura y urbanismo.","publisher":{"@id":"https:\/\/centrourbano.com\/revista\/#organization"},"potentialAction":[{"@type":"SearchAction","target":{"@type":"EntryPoint","urlTemplate":"https:\/\/centrourbano.com\/revista\/?s={search_term_string}"},"query-input":{"@type":"PropertyValueSpecification","valueRequired":true,"valueName":"search_term_string"}}],"inLanguage":"es"},{"@type":"Organization","@id":"https:\/\/centrourbano.com\/revista\/#organization","name":"Centro Urbano","url":"https:\/\/centrourbano.com\/revista\/","logo":{"@type":"ImageObject","inLanguage":"es","@id":"https:\/\/centrourbano.com\/revista\/#\/schema\/logo\/image\/","url":"https:\/\/centrourbano.com\/revista\/wp-content\/uploads\/web_CU_logo-1.png","contentUrl":"https:\/\/centrourbano.com\/revista\/wp-content\/uploads\/web_CU_logo-1.png","width":350,"height":91,"caption":"Centro Urbano"},"image":{"@id":"https:\/\/centrourbano.com\/revista\/#\/schema\/logo\/image\/"},"sameAs":["https:\/\/www.facebook.com\/portalcentrourbano","https:\/\/x.com\/CentroUrbano","https:\/\/www.instagram.com\/centro_urbano\/","https:\/\/www.linkedin.com\/company\/centro-urbano\/","http:\/\/www.youtube.com\/user\/portalcentrourbano"]},{"@type":"Person","@id":"https:\/\/centrourbano.com\/revista\/#\/schema\/person\/370fa0ba2d8dd5bde3fdb8b62ad360aa","name":"G4A","image":{"@type":"ImageObject","inLanguage":"es","@id":"https:\/\/secure.gravatar.com\/avatar\/932a97121b13d5de5bbd8193c6c83d3b92c9eda0f39623607d4280e7a5778d97?s=96&d=mm&r=g","url":"https:\/\/secure.gravatar.com\/avatar\/932a97121b13d5de5bbd8193c6c83d3b92c9eda0f39623607d4280e7a5778d97?s=96&d=mm&r=g","contentUrl":"https:\/\/secure.gravatar.com\/avatar\/932a97121b13d5de5bbd8193c6c83d3b92c9eda0f39623607d4280e7a5778d97?s=96&d=mm&r=g","caption":"G4A"},"url":"https:\/\/centrourbano.com\/revista\/author\/admin-g4a\/"}]}},"_links":{"self":[{"href":"https:\/\/centrourbano.com\/revista\/wp-json\/wp\/v2\/posts\/59865","targetHints":{"allow":["GET"]}}],"collection":[{"href":"https:\/\/centrourbano.com\/revista\/wp-json\/wp\/v2\/posts"}],"about":[{"href":"https:\/\/centrourbano.com\/revista\/wp-json\/wp\/v2\/types\/post"}],"author":[{"embeddable":true,"href":"https:\/\/centrourbano.com\/revista\/wp-json\/wp\/v2\/users\/77"}],"replies":[{"embeddable":true,"href":"https:\/\/centrourbano.com\/revista\/wp-json\/wp\/v2\/comments?post=59865"}],"version-history":[{"count":0,"href":"https:\/\/centrourbano.com\/revista\/wp-json\/wp\/v2\/posts\/59865\/revisions"}],"wp:featuredmedia":[{"embeddable":true,"href":"https:\/\/centrourbano.com\/revista\/wp-json\/wp\/v2\/media\/59866"}],"wp:attachment":[{"href":"https:\/\/centrourbano.com\/revista\/wp-json\/wp\/v2\/media?parent=59865"}],"wp:term":[{"taxonomy":"category","embeddable":true,"href":"https:\/\/centrourbano.com\/revista\/wp-json\/wp\/v2\/categories?post=59865"},{"taxonomy":"post_tag","embeddable":true,"href":"https:\/\/centrourbano.com\/revista\/wp-json\/wp\/v2\/tags?post=59865"}],"curies":[{"name":"wp","href":"https:\/\/api.w.org\/{rel}","templated":true}]}}