{"id":59712,"date":"2017-09-12T13:25:02","date_gmt":"2017-09-12T18:25:02","guid":{"rendered":"https:\/\/centrourbano.com\/?p=59712"},"modified":"2017-09-12T13:25:02","modified_gmt":"2017-09-12T18:25:02","slug":"picasso-rivera-conversaciones-traves-del-tiempo","status":"publish","type":"post","link":"https:\/\/centrourbano.com\/revista\/actualidad\/picasso-rivera-conversaciones-traves-del-tiempo\/","title":{"rendered":"Picasso y Rivera: Conversaciones a trav\u00e9s del tiempo"},"content":{"rendered":"<p><em>Fue la exposici\u00f3n m\u00e1s visitada del a\u00f1o con 243,788 visitantes en 82 d\u00edas<\/em><\/p>\n<p><!--more--><\/p>\n<p>&nbsp;<\/p>\n<p>La muestra Picasso y Rivera \u2019Conversaciones a trav\u00e9s del tiempo\u2019 ha sido una de las exposiciones m\u00e1s visitadas en el <a href=\"http:\/\/museopalaciodebellasartes.gob.mx\/\"><strong>Museo del Palacio de Bellas Artes<\/strong><\/a>. Durante 82 d\u00edas, 243,788 personas asistieron para conocer las 147 obras del di\u00e1logo art\u00edstico entre dos de los pintores m\u00e1s influyentes del siglo XX.<\/p>\n<p>Fue la exhibici\u00f3n m\u00e1s concurrida en la historia del Palacio Nacional de Bellas Artes, despu\u00e9s de \u2018Un artista entre dos mundos\u2019 de Miguel \u00c1ngel Buonarroti y \u2018La idea de la belleza\u2019 de Leonardo da Vinci.<\/p>\n<p>El pasado fin de semana, la Sala Nacional recibi\u00f3 hasta la media noche a todos los que quer\u00edan ser testigos de la comparaci\u00f3n hist\u00f3rica visual, entre Pablo Picasso y Diego Rivera, exponentes del cubismo.<\/p>\n<p>Picasso y Rivera: Conversaciones a trav\u00e9s del tiempo se realiz\u00f3 en conjunto con el County Museum of Art de Los \u00c1ngeles.<\/p>\n","protected":false},"excerpt":{"rendered":"<p>Fue la exposici\u00f3n m\u00e1s visitada del a\u00f1o con 243,788 visitantes en 82 d\u00edas<\/p>\n","protected":false},"author":56,"featured_media":59717,"comment_status":"open","ping_status":"closed","sticky":false,"template":"","format":"standard","meta":{"om_disable_all_campaigns":false,"inline_featured_image":false,"_monsterinsights_skip_tracking":false,"_monsterinsights_sitenote_active":false,"_monsterinsights_sitenote_note":"","_monsterinsights_sitenote_category":0,"footnotes":""},"categories":[80],"tags":[2176,2977,4375,388,10239,8112],"class_list":["post-59712","post","type-post","status-publish","format-standard","has-post-thumbnail","hentry","category-actualidad","tag-arte","tag-diego-rivera","tag-exposicion","tag-inba","tag-picasso","tag-pintura"],"yoast_head":"<!-- This site is optimized with the Yoast SEO plugin v27.4 - https:\/\/yoast.com\/product\/yoast-seo-wordpress\/ -->\n<title>Picasso y Rivera: Conversaciones a trav\u00e9s del tiempo -<\/title>\n<meta name=\"description\" content=\"Fue la exposici\u00f3n m\u00e1s visitada del a\u00f1o con 243,788 visitantes en 82 d\u00edas\" \/>\n<meta name=\"robots\" content=\"index, follow, max-snippet:-1, max-image-preview:large, max-video-preview:-1\" \/>\n<link rel=\"canonical\" href=\"https:\/\/centrourbano.com\/revista\/actualidad\/picasso-rivera-conversaciones-traves-del-tiempo\/\" \/>\n<meta property=\"og:locale\" content=\"es_ES\" \/>\n<meta property=\"og:type\" content=\"article\" \/>\n<meta property=\"og:title\" content=\"Picasso y Rivera: Conversaciones a trav\u00e9s del tiempo -\" \/>\n<meta property=\"og:description\" content=\"Fue la exposici\u00f3n m\u00e1s visitada del a\u00f1o con 243,788 visitantes en 82 d\u00edas\" \/>\n<meta property=\"og:url\" content=\"https:\/\/centrourbano.com\/revista\/actualidad\/picasso-rivera-conversaciones-traves-del-tiempo\/\" \/>\n<meta property=\"og:site_name\" content=\"Centro Urbano\" \/>\n<meta property=\"article:publisher\" content=\"https:\/\/www.facebook.com\/portalcentrourbano\" \/>\n<meta property=\"article:published_time\" content=\"2017-09-12T18:25:02+00:00\" \/>\n<meta property=\"og:image\" content=\"https:\/\/centrourbano.com\/revista\/wp-content\/uploads\/picasso.png\" \/>\n\t<meta property=\"og:image:width\" content=\"829\" \/>\n\t<meta property=\"og:image:height\" content=\"476\" \/>\n\t<meta property=\"og:image:type\" content=\"image\/png\" \/>\n<meta name=\"author\" content=\"Nadia Torres\" \/>\n<meta name=\"twitter:card\" content=\"summary_large_image\" \/>\n<meta name=\"twitter:creator\" content=\"@https:\/\/twitter.com\/StephanyCLock\" \/>\n<meta name=\"twitter:site\" content=\"@CentroUrbano\" \/>\n<meta name=\"twitter:label1\" content=\"Escrito por\" \/>\n\t<meta name=\"twitter:data1\" content=\"Nadia Torres\" \/>\n\t<meta name=\"twitter:label2\" content=\"Tiempo de lectura\" \/>\n\t<meta name=\"twitter:data2\" content=\"1 minuto\" \/>\n<script type=\"application\/ld+json\" class=\"yoast-schema-graph\">{\"@context\":\"https:\\\/\\\/schema.org\",\"@graph\":[{\"@type\":\"Article\",\"@id\":\"https:\\\/\\\/centrourbano.com\\\/revista\\\/actualidad\\\/picasso-rivera-conversaciones-traves-del-tiempo\\\/#article\",\"isPartOf\":{\"@id\":\"https:\\\/\\\/centrourbano.com\\\/revista\\\/actualidad\\\/picasso-rivera-conversaciones-traves-del-tiempo\\\/\"},\"author\":{\"name\":\"Nadia Torres\",\"@id\":\"https:\\\/\\\/centrourbano.com\\\/revista\\\/#\\\/schema\\\/person\\\/4bc80f323d8acd22e7367c3c2e98e4fa\"},\"headline\":\"Picasso y Rivera: Conversaciones a trav\u00e9s del tiempo\",\"datePublished\":\"2017-09-12T18:25:02+00:00\",\"mainEntityOfPage\":{\"@id\":\"https:\\\/\\\/centrourbano.com\\\/revista\\\/actualidad\\\/picasso-rivera-conversaciones-traves-del-tiempo\\\/\"},\"wordCount\":175,\"commentCount\":0,\"publisher\":{\"@id\":\"https:\\\/\\\/centrourbano.com\\\/revista\\\/#organization\"},\"image\":{\"@id\":\"https:\\\/\\\/centrourbano.com\\\/revista\\\/actualidad\\\/picasso-rivera-conversaciones-traves-del-tiempo\\\/#primaryimage\"},\"thumbnailUrl\":\"https:\\\/\\\/centrourbano.com\\\/revista\\\/wp-content\\\/uploads\\\/picasso.png\",\"keywords\":[\"arte\",\"Diego Rivera\",\"exposici\u00f3n\",\"INBA\",\"Picasso\",\"pintura\"],\"articleSection\":[\"Actualidad\"],\"inLanguage\":\"es\",\"potentialAction\":[{\"@type\":\"CommentAction\",\"name\":\"Comment\",\"target\":[\"https:\\\/\\\/centrourbano.com\\\/revista\\\/actualidad\\\/picasso-rivera-conversaciones-traves-del-tiempo\\\/#respond\"]}]},{\"@type\":\"WebPage\",\"@id\":\"https:\\\/\\\/centrourbano.com\\\/revista\\\/actualidad\\\/picasso-rivera-conversaciones-traves-del-tiempo\\\/\",\"url\":\"https:\\\/\\\/centrourbano.com\\\/revista\\\/actualidad\\\/picasso-rivera-conversaciones-traves-del-tiempo\\\/\",\"name\":\"Picasso y Rivera: Conversaciones a trav\u00e9s del tiempo -\",\"isPartOf\":{\"@id\":\"https:\\\/\\\/centrourbano.com\\\/revista\\\/#website\"},\"primaryImageOfPage\":{\"@id\":\"https:\\\/\\\/centrourbano.com\\\/revista\\\/actualidad\\\/picasso-rivera-conversaciones-traves-del-tiempo\\\/#primaryimage\"},\"image\":{\"@id\":\"https:\\\/\\\/centrourbano.com\\\/revista\\\/actualidad\\\/picasso-rivera-conversaciones-traves-del-tiempo\\\/#primaryimage\"},\"thumbnailUrl\":\"https:\\\/\\\/centrourbano.com\\\/revista\\\/wp-content\\\/uploads\\\/picasso.png\",\"datePublished\":\"2017-09-12T18:25:02+00:00\",\"description\":\"Fue la exposici\u00f3n m\u00e1s visitada del a\u00f1o con 243,788 visitantes en 82 d\u00edas\",\"breadcrumb\":{\"@id\":\"https:\\\/\\\/centrourbano.com\\\/revista\\\/actualidad\\\/picasso-rivera-conversaciones-traves-del-tiempo\\\/#breadcrumb\"},\"inLanguage\":\"es\",\"potentialAction\":[{\"@type\":\"ReadAction\",\"target\":[\"https:\\\/\\\/centrourbano.com\\\/revista\\\/actualidad\\\/picasso-rivera-conversaciones-traves-del-tiempo\\\/\"]}]},{\"@type\":\"ImageObject\",\"inLanguage\":\"es\",\"@id\":\"https:\\\/\\\/centrourbano.com\\\/revista\\\/actualidad\\\/picasso-rivera-conversaciones-traves-del-tiempo\\\/#primaryimage\",\"url\":\"https:\\\/\\\/centrourbano.com\\\/revista\\\/wp-content\\\/uploads\\\/picasso.png\",\"contentUrl\":\"https:\\\/\\\/centrourbano.com\\\/revista\\\/wp-content\\\/uploads\\\/picasso.png\",\"width\":829,\"height\":476},{\"@type\":\"BreadcrumbList\",\"@id\":\"https:\\\/\\\/centrourbano.com\\\/revista\\\/actualidad\\\/picasso-rivera-conversaciones-traves-del-tiempo\\\/#breadcrumb\",\"itemListElement\":[{\"@type\":\"ListItem\",\"position\":1,\"name\":\"Portada\",\"item\":\"https:\\\/\\\/centrourbano.com\\\/revista\\\/\"},{\"@type\":\"ListItem\",\"position\":2,\"name\":\"Picasso y Rivera: Conversaciones a trav\u00e9s del tiempo\"}]},{\"@type\":\"WebSite\",\"@id\":\"https:\\\/\\\/centrourbano.com\\\/revista\\\/#website\",\"url\":\"https:\\\/\\\/centrourbano.com\\\/revista\\\/\",\"name\":\"Centro Urbano\",\"description\":\"Medio especializado en los sectores vivienda, inmobiliario, construcci\u00f3n, arquitectura y urbanismo.\",\"publisher\":{\"@id\":\"https:\\\/\\\/centrourbano.com\\\/revista\\\/#organization\"},\"potentialAction\":[{\"@type\":\"SearchAction\",\"target\":{\"@type\":\"EntryPoint\",\"urlTemplate\":\"https:\\\/\\\/centrourbano.com\\\/revista\\\/?s={search_term_string}\"},\"query-input\":{\"@type\":\"PropertyValueSpecification\",\"valueRequired\":true,\"valueName\":\"search_term_string\"}}],\"inLanguage\":\"es\"},{\"@type\":\"Organization\",\"@id\":\"https:\\\/\\\/centrourbano.com\\\/revista\\\/#organization\",\"name\":\"Centro Urbano\",\"url\":\"https:\\\/\\\/centrourbano.com\\\/revista\\\/\",\"logo\":{\"@type\":\"ImageObject\",\"inLanguage\":\"es\",\"@id\":\"https:\\\/\\\/centrourbano.com\\\/revista\\\/#\\\/schema\\\/logo\\\/image\\\/\",\"url\":\"https:\\\/\\\/centrourbano.com\\\/revista\\\/wp-content\\\/uploads\\\/web_CU_logo-1.png\",\"contentUrl\":\"https:\\\/\\\/centrourbano.com\\\/revista\\\/wp-content\\\/uploads\\\/web_CU_logo-1.png\",\"width\":350,\"height\":91,\"caption\":\"Centro Urbano\"},\"image\":{\"@id\":\"https:\\\/\\\/centrourbano.com\\\/revista\\\/#\\\/schema\\\/logo\\\/image\\\/\"},\"sameAs\":[\"https:\\\/\\\/www.facebook.com\\\/portalcentrourbano\",\"https:\\\/\\\/x.com\\\/CentroUrbano\",\"https:\\\/\\\/www.instagram.com\\\/centro_urbano\\\/\",\"https:\\\/\\\/www.linkedin.com\\\/company\\\/centro-urbano\\\/\",\"http:\\\/\\\/www.youtube.com\\\/user\\\/portalcentrourbano\"]},{\"@type\":\"Person\",\"@id\":\"https:\\\/\\\/centrourbano.com\\\/revista\\\/#\\\/schema\\\/person\\\/4bc80f323d8acd22e7367c3c2e98e4fa\",\"name\":\"Nadia Torres\",\"image\":{\"@type\":\"ImageObject\",\"inLanguage\":\"es\",\"@id\":\"https:\\\/\\\/secure.gravatar.com\\\/avatar\\\/d766e55c413cf27a95c32897af9edf7b264c65e8556b37c0982fe51497ad9210?s=96&d=mm&r=g\",\"url\":\"https:\\\/\\\/secure.gravatar.com\\\/avatar\\\/d766e55c413cf27a95c32897af9edf7b264c65e8556b37c0982fe51497ad9210?s=96&d=mm&r=g\",\"contentUrl\":\"https:\\\/\\\/secure.gravatar.com\\\/avatar\\\/d766e55c413cf27a95c32897af9edf7b264c65e8556b37c0982fe51497ad9210?s=96&d=mm&r=g\",\"caption\":\"Nadia Torres\"},\"description\":\"Egresada de la Licenciatura en Comunicaci\u00f3n se desempe\u00f1\u00f3 como Redactor Jr. en Invent Mx. Cree que la sonrisa es el lenguaje universal, amante de los gatos, las caminatas al aire libre y las charlas con amigos.\",\"sameAs\":[\"https:\\\/\\\/x.com\\\/https:\\\/\\\/twitter.com\\\/StephanyCLock\"],\"url\":\"https:\\\/\\\/centrourbano.com\\\/revista\\\/author\\\/nadia-torres\\\/\"}]}<\/script>\n<!-- \/ Yoast SEO plugin. -->","yoast_head_json":{"title":"Picasso y Rivera: Conversaciones a trav\u00e9s del tiempo -","description":"Fue la exposici\u00f3n m\u00e1s visitada del a\u00f1o con 243,788 visitantes en 82 d\u00edas","robots":{"index":"index","follow":"follow","max-snippet":"max-snippet:-1","max-image-preview":"max-image-preview:large","max-video-preview":"max-video-preview:-1"},"canonical":"https:\/\/centrourbano.com\/revista\/actualidad\/picasso-rivera-conversaciones-traves-del-tiempo\/","og_locale":"es_ES","og_type":"article","og_title":"Picasso y Rivera: Conversaciones a trav\u00e9s del tiempo -","og_description":"Fue la exposici\u00f3n m\u00e1s visitada del a\u00f1o con 243,788 visitantes en 82 d\u00edas","og_url":"https:\/\/centrourbano.com\/revista\/actualidad\/picasso-rivera-conversaciones-traves-del-tiempo\/","og_site_name":"Centro Urbano","article_publisher":"https:\/\/www.facebook.com\/portalcentrourbano","article_published_time":"2017-09-12T18:25:02+00:00","og_image":[{"width":829,"height":476,"url":"https:\/\/centrourbano.com\/revista\/wp-content\/uploads\/picasso.png","type":"image\/png"}],"author":"Nadia Torres","twitter_card":"summary_large_image","twitter_creator":"@https:\/\/twitter.com\/StephanyCLock","twitter_site":"@CentroUrbano","twitter_misc":{"Escrito por":"Nadia Torres","Tiempo de lectura":"1 minuto"},"schema":{"@context":"https:\/\/schema.org","@graph":[{"@type":"Article","@id":"https:\/\/centrourbano.com\/revista\/actualidad\/picasso-rivera-conversaciones-traves-del-tiempo\/#article","isPartOf":{"@id":"https:\/\/centrourbano.com\/revista\/actualidad\/picasso-rivera-conversaciones-traves-del-tiempo\/"},"author":{"name":"Nadia Torres","@id":"https:\/\/centrourbano.com\/revista\/#\/schema\/person\/4bc80f323d8acd22e7367c3c2e98e4fa"},"headline":"Picasso y Rivera: Conversaciones a trav\u00e9s del tiempo","datePublished":"2017-09-12T18:25:02+00:00","mainEntityOfPage":{"@id":"https:\/\/centrourbano.com\/revista\/actualidad\/picasso-rivera-conversaciones-traves-del-tiempo\/"},"wordCount":175,"commentCount":0,"publisher":{"@id":"https:\/\/centrourbano.com\/revista\/#organization"},"image":{"@id":"https:\/\/centrourbano.com\/revista\/actualidad\/picasso-rivera-conversaciones-traves-del-tiempo\/#primaryimage"},"thumbnailUrl":"https:\/\/centrourbano.com\/revista\/wp-content\/uploads\/picasso.png","keywords":["arte","Diego Rivera","exposici\u00f3n","INBA","Picasso","pintura"],"articleSection":["Actualidad"],"inLanguage":"es","potentialAction":[{"@type":"CommentAction","name":"Comment","target":["https:\/\/centrourbano.com\/revista\/actualidad\/picasso-rivera-conversaciones-traves-del-tiempo\/#respond"]}]},{"@type":"WebPage","@id":"https:\/\/centrourbano.com\/revista\/actualidad\/picasso-rivera-conversaciones-traves-del-tiempo\/","url":"https:\/\/centrourbano.com\/revista\/actualidad\/picasso-rivera-conversaciones-traves-del-tiempo\/","name":"Picasso y Rivera: Conversaciones a trav\u00e9s del tiempo -","isPartOf":{"@id":"https:\/\/centrourbano.com\/revista\/#website"},"primaryImageOfPage":{"@id":"https:\/\/centrourbano.com\/revista\/actualidad\/picasso-rivera-conversaciones-traves-del-tiempo\/#primaryimage"},"image":{"@id":"https:\/\/centrourbano.com\/revista\/actualidad\/picasso-rivera-conversaciones-traves-del-tiempo\/#primaryimage"},"thumbnailUrl":"https:\/\/centrourbano.com\/revista\/wp-content\/uploads\/picasso.png","datePublished":"2017-09-12T18:25:02+00:00","description":"Fue la exposici\u00f3n m\u00e1s visitada del a\u00f1o con 243,788 visitantes en 82 d\u00edas","breadcrumb":{"@id":"https:\/\/centrourbano.com\/revista\/actualidad\/picasso-rivera-conversaciones-traves-del-tiempo\/#breadcrumb"},"inLanguage":"es","potentialAction":[{"@type":"ReadAction","target":["https:\/\/centrourbano.com\/revista\/actualidad\/picasso-rivera-conversaciones-traves-del-tiempo\/"]}]},{"@type":"ImageObject","inLanguage":"es","@id":"https:\/\/centrourbano.com\/revista\/actualidad\/picasso-rivera-conversaciones-traves-del-tiempo\/#primaryimage","url":"https:\/\/centrourbano.com\/revista\/wp-content\/uploads\/picasso.png","contentUrl":"https:\/\/centrourbano.com\/revista\/wp-content\/uploads\/picasso.png","width":829,"height":476},{"@type":"BreadcrumbList","@id":"https:\/\/centrourbano.com\/revista\/actualidad\/picasso-rivera-conversaciones-traves-del-tiempo\/#breadcrumb","itemListElement":[{"@type":"ListItem","position":1,"name":"Portada","item":"https:\/\/centrourbano.com\/revista\/"},{"@type":"ListItem","position":2,"name":"Picasso y Rivera: Conversaciones a trav\u00e9s del tiempo"}]},{"@type":"WebSite","@id":"https:\/\/centrourbano.com\/revista\/#website","url":"https:\/\/centrourbano.com\/revista\/","name":"Centro Urbano","description":"Medio especializado en los sectores vivienda, inmobiliario, construcci\u00f3n, arquitectura y urbanismo.","publisher":{"@id":"https:\/\/centrourbano.com\/revista\/#organization"},"potentialAction":[{"@type":"SearchAction","target":{"@type":"EntryPoint","urlTemplate":"https:\/\/centrourbano.com\/revista\/?s={search_term_string}"},"query-input":{"@type":"PropertyValueSpecification","valueRequired":true,"valueName":"search_term_string"}}],"inLanguage":"es"},{"@type":"Organization","@id":"https:\/\/centrourbano.com\/revista\/#organization","name":"Centro Urbano","url":"https:\/\/centrourbano.com\/revista\/","logo":{"@type":"ImageObject","inLanguage":"es","@id":"https:\/\/centrourbano.com\/revista\/#\/schema\/logo\/image\/","url":"https:\/\/centrourbano.com\/revista\/wp-content\/uploads\/web_CU_logo-1.png","contentUrl":"https:\/\/centrourbano.com\/revista\/wp-content\/uploads\/web_CU_logo-1.png","width":350,"height":91,"caption":"Centro Urbano"},"image":{"@id":"https:\/\/centrourbano.com\/revista\/#\/schema\/logo\/image\/"},"sameAs":["https:\/\/www.facebook.com\/portalcentrourbano","https:\/\/x.com\/CentroUrbano","https:\/\/www.instagram.com\/centro_urbano\/","https:\/\/www.linkedin.com\/company\/centro-urbano\/","http:\/\/www.youtube.com\/user\/portalcentrourbano"]},{"@type":"Person","@id":"https:\/\/centrourbano.com\/revista\/#\/schema\/person\/4bc80f323d8acd22e7367c3c2e98e4fa","name":"Nadia Torres","image":{"@type":"ImageObject","inLanguage":"es","@id":"https:\/\/secure.gravatar.com\/avatar\/d766e55c413cf27a95c32897af9edf7b264c65e8556b37c0982fe51497ad9210?s=96&d=mm&r=g","url":"https:\/\/secure.gravatar.com\/avatar\/d766e55c413cf27a95c32897af9edf7b264c65e8556b37c0982fe51497ad9210?s=96&d=mm&r=g","contentUrl":"https:\/\/secure.gravatar.com\/avatar\/d766e55c413cf27a95c32897af9edf7b264c65e8556b37c0982fe51497ad9210?s=96&d=mm&r=g","caption":"Nadia Torres"},"description":"Egresada de la Licenciatura en Comunicaci\u00f3n se desempe\u00f1\u00f3 como Redactor Jr. en Invent Mx. Cree que la sonrisa es el lenguaje universal, amante de los gatos, las caminatas al aire libre y las charlas con amigos.","sameAs":["https:\/\/x.com\/https:\/\/twitter.com\/StephanyCLock"],"url":"https:\/\/centrourbano.com\/revista\/author\/nadia-torres\/"}]}},"_links":{"self":[{"href":"https:\/\/centrourbano.com\/revista\/wp-json\/wp\/v2\/posts\/59712","targetHints":{"allow":["GET"]}}],"collection":[{"href":"https:\/\/centrourbano.com\/revista\/wp-json\/wp\/v2\/posts"}],"about":[{"href":"https:\/\/centrourbano.com\/revista\/wp-json\/wp\/v2\/types\/post"}],"author":[{"embeddable":true,"href":"https:\/\/centrourbano.com\/revista\/wp-json\/wp\/v2\/users\/56"}],"replies":[{"embeddable":true,"href":"https:\/\/centrourbano.com\/revista\/wp-json\/wp\/v2\/comments?post=59712"}],"version-history":[{"count":0,"href":"https:\/\/centrourbano.com\/revista\/wp-json\/wp\/v2\/posts\/59712\/revisions"}],"wp:featuredmedia":[{"embeddable":true,"href":"https:\/\/centrourbano.com\/revista\/wp-json\/wp\/v2\/media\/59717"}],"wp:attachment":[{"href":"https:\/\/centrourbano.com\/revista\/wp-json\/wp\/v2\/media?parent=59712"}],"wp:term":[{"taxonomy":"category","embeddable":true,"href":"https:\/\/centrourbano.com\/revista\/wp-json\/wp\/v2\/categories?post=59712"},{"taxonomy":"post_tag","embeddable":true,"href":"https:\/\/centrourbano.com\/revista\/wp-json\/wp\/v2\/tags?post=59712"}],"curies":[{"name":"wp","href":"https:\/\/api.w.org\/{rel}","templated":true}]}}