{"id":59510,"date":"2017-09-08T08:00:46","date_gmt":"2017-09-08T13:00:46","guid":{"rendered":"https:\/\/centrourbano.com\/?p=59510"},"modified":"2017-09-12T14:04:02","modified_gmt":"2017-09-12T19:04:02","slug":"los-4-lugares-mas-iconicos-celebrar-grito","status":"publish","type":"post","link":"https:\/\/centrourbano.com\/revista\/actualidad\/los-4-lugares-mas-iconicos-celebrar-grito\/","title":{"rendered":"Los 4 lugares m\u00e1s ic\u00f3nicos para celebrar el grito"},"content":{"rendered":"<blockquote><p><em>Estos son\u00a0algunos de los sitios m\u00e1s pintorescos para celebrar las fiestas patrias rodeado de cultura, historia y arquitectura<\/em><!--more--><\/p><\/blockquote>\n<p>En nuestro pa\u00eds existen lugares que fueron testigos de la historia de la Independencia y\u00a0 se convirtieron\u00a0en escenarios simb\u00f3licos de la nacionalidad del mexicano. Ubicados a pocas horas de la Ciudad de M\u00e9xico\u00a0son una alternativa para celebrar el 15 de septiembre.<\/p>\n<p>&nbsp;<\/p>\n<p>Dolores Hidalgo, Guanajuato<\/p>\n<a href=\"https:\/\/centrourbano.com\/revista\/wp-content\/uploads\/el-pueblo-magico-de-dolores-hidalgo-en-guanajuato.jpg\"><img loading=\"lazy\" decoding=\"async\" class=\"aligncenter wp-image-59514\" src=\"https:\/\/centrourbano.com\/revista\/wp-content\/uploads\/el-pueblo-magico-de-dolores-hidalgo-en-guanajuato-300x200.jpg\" alt=\"\" width=\"700\" height=\"466\" srcset=\"https:\/\/centrourbano.com\/revista\/wp-content\/uploads\/el-pueblo-magico-de-dolores-hidalgo-en-guanajuato-300x200.jpg 300w, https:\/\/centrourbano.com\/revista\/wp-content\/uploads\/el-pueblo-magico-de-dolores-hidalgo-en-guanajuato.jpg 640w\" sizes=\"auto, (max-width: 700px) 100vw, 700px\" \/><\/a>\n<p>Es el lugar m\u00e1s representativo de estas fechas, aqu\u00ed se llev\u00f3 a cabo la Independencia y cuenta con haciendas, museos y callejones que la convierten en una ciudad hist\u00f3rica.<\/p>\n<p>&nbsp;<\/p>\n<p>San Miguel de Allende, Guanajuato<\/p>\n<a href=\"https:\/\/centrourbano.com\/revista\/wp-content\/uploads\/san-miguel-de-allende-1024x685.jpg\"><img loading=\"lazy\" decoding=\"async\" class=\"aligncenter wp-image-59515\" src=\"https:\/\/centrourbano.com\/revista\/wp-content\/uploads\/san-miguel-de-allende-1024x685-300x201.jpg\" alt=\"\" width=\"700\" height=\"468\" srcset=\"https:\/\/centrourbano.com\/revista\/wp-content\/uploads\/san-miguel-de-allende-1024x685-300x201.jpg 300w, https:\/\/centrourbano.com\/revista\/wp-content\/uploads\/san-miguel-de-allende-1024x685-768x514.jpg 768w, https:\/\/centrourbano.com\/revista\/wp-content\/uploads\/san-miguel-de-allende-1024x685.jpg 1024w\" sizes=\"auto, (max-width: 700px) 100vw, 700px\" \/><\/a>\n<p>San Miguel de Allende fue declarada, Ciudad Patrimonio de la Humanidad, entre sus casonas y plazas destaca la arquitectura que ha prevalecido a trav\u00e9s del tiempo, en sus calles se desarroll\u00f3 el movimiento de Miguel Hidalgo, sin olvidar que ah\u00ed naci\u00f3 Ignacio Allende.<\/p>\n<p>&nbsp;<\/p>\n<p>Tequila, Jalisco<\/p>\n<a href=\"https:\/\/centrourbano.com\/revista\/wp-content\/uploads\/4417891058_27f2c5dbfc_z1.jpg\"><img loading=\"lazy\" decoding=\"async\" class=\"aligncenter wp-image-59516\" src=\"https:\/\/centrourbano.com\/revista\/wp-content\/uploads\/4417891058_27f2c5dbfc_z1-300x200.jpg\" alt=\"\" width=\"700\" height=\"467\" srcset=\"https:\/\/centrourbano.com\/revista\/wp-content\/uploads\/4417891058_27f2c5dbfc_z1-300x200.jpg 300w, https:\/\/centrourbano.com\/revista\/wp-content\/uploads\/4417891058_27f2c5dbfc_z1.jpg 640w\" sizes=\"auto, (max-width: 700px) 100vw, 700px\" \/><\/a>\n<p>No podr\u00eda faltar el lugar donde se puede disfrutar de la bebida que distingue a nuestro pa\u00eds, entre luces y fuegos artificiales, celebrar el grito en un ambiente tradicional con juegos de mesa y antojitos mexicanos, se vuelve obligatorio.<\/p>\n<p>&nbsp;<\/p>\n<p>Tequisquiapan, Quer\u00e9taro<\/p>\n<a href=\"https:\/\/centrourbano.com\/revista\/wp-content\/uploads\/tequis_si_vuela_en_globo5-635355235.jpg\"><img loading=\"lazy\" decoding=\"async\" class=\"aligncenter wp-image-59520\" src=\"https:\/\/centrourbano.com\/revista\/wp-content\/uploads\/tequis_si_vuela_en_globo5-635355235-300x200.jpg\" alt=\"\" width=\"700\" height=\"466\" srcset=\"https:\/\/centrourbano.com\/revista\/wp-content\/uploads\/tequis_si_vuela_en_globo5-635355235-300x200.jpg 300w, https:\/\/centrourbano.com\/revista\/wp-content\/uploads\/tequis_si_vuela_en_globo5-635355235.jpg 400w\" sizes=\"auto, (max-width: 700px) 100vw, 700px\" \/><\/a>\n<p>A dos horas de la Ciudad de M\u00e9xico, cerca de la Pe\u00f1a de Bernal, Tequisquiapan es otra excelente opci\u00f3n para estas fechas adem\u00e1s de conocer sus vi\u00f1edos y volar en globo, la \u2018Plaza Miguel Hidalgo\u2019 recibe visitantes de toda la rep\u00fablica.<\/p>\n<p>&nbsp;<\/p>\n<p>&nbsp;<\/p>\n","protected":false},"excerpt":{"rendered":"<p>Estos son\u00a0algunos de los sitios m\u00e1s pintorescos para celebrar las fiestas patrias rodeado de cultura, historia y arquitectura<\/p>\n","protected":false},"author":56,"featured_media":59516,"comment_status":"open","ping_status":"closed","sticky":false,"template":"","format":"standard","meta":{"om_disable_all_campaigns":false,"inline_featured_image":false,"_monsterinsights_skip_tracking":false,"_monsterinsights_sitenote_active":false,"_monsterinsights_sitenote_note":"","_monsterinsights_sitenote_category":0,"footnotes":""},"categories":[80],"tags":[20,2043,3032,53,4689,48,221,11254,4410],"class_list":["post-59510","post","type-post","status-publish","format-standard","has-post-thumbnail","hentry","category-actualidad","tag-arquitectura","tag-cultura","tag-fiestas-patrias","tag-guanajuato","tag-historia","tag-jalisco","tag-queretaro","tag-semptiembre","tag-tequila"],"yoast_head":"<!-- This site is optimized with the Yoast SEO plugin v27.4 - https:\/\/yoast.com\/product\/yoast-seo-wordpress\/ -->\n<title>Los 4 lugares m\u00e1s ic\u00f3nicos para celebrar el grito -<\/title>\n<meta name=\"description\" content=\"Podr\u00e1s salir de lo cotidiano en estas fechas rodeado de cultura, historia y arquitectura\" \/>\n<meta name=\"robots\" content=\"index, follow, max-snippet:-1, max-image-preview:large, max-video-preview:-1\" \/>\n<link rel=\"canonical\" href=\"https:\/\/centrourbano.com\/revista\/actualidad\/los-4-lugares-mas-iconicos-celebrar-grito\/\" \/>\n<meta property=\"og:locale\" content=\"es_ES\" \/>\n<meta property=\"og:type\" content=\"article\" \/>\n<meta property=\"og:title\" content=\"Los 4 lugares m\u00e1s ic\u00f3nicos para celebrar el grito -\" \/>\n<meta property=\"og:description\" content=\"Podr\u00e1s salir de lo cotidiano en estas fechas rodeado de cultura, historia y arquitectura\" \/>\n<meta property=\"og:url\" content=\"https:\/\/centrourbano.com\/revista\/actualidad\/los-4-lugares-mas-iconicos-celebrar-grito\/\" \/>\n<meta property=\"og:site_name\" content=\"Centro Urbano\" \/>\n<meta property=\"article:publisher\" content=\"https:\/\/www.facebook.com\/portalcentrourbano\" \/>\n<meta property=\"article:published_time\" content=\"2017-09-08T13:00:46+00:00\" \/>\n<meta property=\"article:modified_time\" content=\"2017-09-12T19:04:02+00:00\" \/>\n<meta property=\"og:image\" content=\"https:\/\/centrourbano.com\/revista\/wp-content\/uploads\/4417891058_27f2c5dbfc_z1.jpg\" \/>\n\t<meta property=\"og:image:width\" content=\"640\" \/>\n\t<meta property=\"og:image:height\" content=\"427\" \/>\n\t<meta property=\"og:image:type\" content=\"image\/jpeg\" \/>\n<meta name=\"author\" content=\"Nadia Torres\" \/>\n<meta name=\"twitter:card\" content=\"summary_large_image\" \/>\n<meta name=\"twitter:creator\" content=\"@https:\/\/twitter.com\/StephanyCLock\" \/>\n<meta name=\"twitter:site\" content=\"@CentroUrbano\" \/>\n<meta name=\"twitter:label1\" content=\"Escrito por\" \/>\n\t<meta name=\"twitter:data1\" content=\"Nadia Torres\" \/>\n\t<meta name=\"twitter:label2\" content=\"Tiempo de lectura\" \/>\n\t<meta name=\"twitter:data2\" content=\"1 minuto\" \/>\n<script type=\"application\/ld+json\" class=\"yoast-schema-graph\">{\"@context\":\"https:\\\/\\\/schema.org\",\"@graph\":[{\"@type\":\"Article\",\"@id\":\"https:\\\/\\\/centrourbano.com\\\/revista\\\/actualidad\\\/los-4-lugares-mas-iconicos-celebrar-grito\\\/#article\",\"isPartOf\":{\"@id\":\"https:\\\/\\\/centrourbano.com\\\/revista\\\/actualidad\\\/los-4-lugares-mas-iconicos-celebrar-grito\\\/\"},\"author\":{\"name\":\"Nadia Torres\",\"@id\":\"https:\\\/\\\/centrourbano.com\\\/revista\\\/#\\\/schema\\\/person\\\/4bc80f323d8acd22e7367c3c2e98e4fa\"},\"headline\":\"Los 4 lugares m\u00e1s ic\u00f3nicos para celebrar el grito\",\"datePublished\":\"2017-09-08T13:00:46+00:00\",\"dateModified\":\"2017-09-12T19:04:02+00:00\",\"mainEntityOfPage\":{\"@id\":\"https:\\\/\\\/centrourbano.com\\\/revista\\\/actualidad\\\/los-4-lugares-mas-iconicos-celebrar-grito\\\/\"},\"wordCount\":257,\"commentCount\":0,\"publisher\":{\"@id\":\"https:\\\/\\\/centrourbano.com\\\/revista\\\/#organization\"},\"image\":{\"@id\":\"https:\\\/\\\/centrourbano.com\\\/revista\\\/actualidad\\\/los-4-lugares-mas-iconicos-celebrar-grito\\\/#primaryimage\"},\"thumbnailUrl\":\"https:\\\/\\\/centrourbano.com\\\/revista\\\/wp-content\\\/uploads\\\/4417891058_27f2c5dbfc_z1.jpg\",\"keywords\":[\"arquitectura\",\"Cultura\",\"fiestas patrias\",\"Guanajuato\",\"historia\",\"Jalisco\",\"Quer\u00e9taro\",\"Semptiembre\",\"tequila\"],\"articleSection\":[\"Actualidad\"],\"inLanguage\":\"es\",\"potentialAction\":[{\"@type\":\"CommentAction\",\"name\":\"Comment\",\"target\":[\"https:\\\/\\\/centrourbano.com\\\/revista\\\/actualidad\\\/los-4-lugares-mas-iconicos-celebrar-grito\\\/#respond\"]}]},{\"@type\":\"WebPage\",\"@id\":\"https:\\\/\\\/centrourbano.com\\\/revista\\\/actualidad\\\/los-4-lugares-mas-iconicos-celebrar-grito\\\/\",\"url\":\"https:\\\/\\\/centrourbano.com\\\/revista\\\/actualidad\\\/los-4-lugares-mas-iconicos-celebrar-grito\\\/\",\"name\":\"Los 4 lugares m\u00e1s ic\u00f3nicos para celebrar el grito -\",\"isPartOf\":{\"@id\":\"https:\\\/\\\/centrourbano.com\\\/revista\\\/#website\"},\"primaryImageOfPage\":{\"@id\":\"https:\\\/\\\/centrourbano.com\\\/revista\\\/actualidad\\\/los-4-lugares-mas-iconicos-celebrar-grito\\\/#primaryimage\"},\"image\":{\"@id\":\"https:\\\/\\\/centrourbano.com\\\/revista\\\/actualidad\\\/los-4-lugares-mas-iconicos-celebrar-grito\\\/#primaryimage\"},\"thumbnailUrl\":\"https:\\\/\\\/centrourbano.com\\\/revista\\\/wp-content\\\/uploads\\\/4417891058_27f2c5dbfc_z1.jpg\",\"datePublished\":\"2017-09-08T13:00:46+00:00\",\"dateModified\":\"2017-09-12T19:04:02+00:00\",\"description\":\"Podr\u00e1s salir de lo cotidiano en estas fechas rodeado de cultura, historia y arquitectura\",\"breadcrumb\":{\"@id\":\"https:\\\/\\\/centrourbano.com\\\/revista\\\/actualidad\\\/los-4-lugares-mas-iconicos-celebrar-grito\\\/#breadcrumb\"},\"inLanguage\":\"es\",\"potentialAction\":[{\"@type\":\"ReadAction\",\"target\":[\"https:\\\/\\\/centrourbano.com\\\/revista\\\/actualidad\\\/los-4-lugares-mas-iconicos-celebrar-grito\\\/\"]}]},{\"@type\":\"ImageObject\",\"inLanguage\":\"es\",\"@id\":\"https:\\\/\\\/centrourbano.com\\\/revista\\\/actualidad\\\/los-4-lugares-mas-iconicos-celebrar-grito\\\/#primaryimage\",\"url\":\"https:\\\/\\\/centrourbano.com\\\/revista\\\/wp-content\\\/uploads\\\/4417891058_27f2c5dbfc_z1.jpg\",\"contentUrl\":\"https:\\\/\\\/centrourbano.com\\\/revista\\\/wp-content\\\/uploads\\\/4417891058_27f2c5dbfc_z1.jpg\",\"width\":640,\"height\":427},{\"@type\":\"BreadcrumbList\",\"@id\":\"https:\\\/\\\/centrourbano.com\\\/revista\\\/actualidad\\\/los-4-lugares-mas-iconicos-celebrar-grito\\\/#breadcrumb\",\"itemListElement\":[{\"@type\":\"ListItem\",\"position\":1,\"name\":\"Portada\",\"item\":\"https:\\\/\\\/centrourbano.com\\\/revista\\\/\"},{\"@type\":\"ListItem\",\"position\":2,\"name\":\"Los 4 lugares m\u00e1s ic\u00f3nicos para celebrar el grito\"}]},{\"@type\":\"WebSite\",\"@id\":\"https:\\\/\\\/centrourbano.com\\\/revista\\\/#website\",\"url\":\"https:\\\/\\\/centrourbano.com\\\/revista\\\/\",\"name\":\"Centro Urbano\",\"description\":\"Medio especializado en los sectores vivienda, inmobiliario, construcci\u00f3n, arquitectura y urbanismo.\",\"publisher\":{\"@id\":\"https:\\\/\\\/centrourbano.com\\\/revista\\\/#organization\"},\"potentialAction\":[{\"@type\":\"SearchAction\",\"target\":{\"@type\":\"EntryPoint\",\"urlTemplate\":\"https:\\\/\\\/centrourbano.com\\\/revista\\\/?s={search_term_string}\"},\"query-input\":{\"@type\":\"PropertyValueSpecification\",\"valueRequired\":true,\"valueName\":\"search_term_string\"}}],\"inLanguage\":\"es\"},{\"@type\":\"Organization\",\"@id\":\"https:\\\/\\\/centrourbano.com\\\/revista\\\/#organization\",\"name\":\"Centro Urbano\",\"url\":\"https:\\\/\\\/centrourbano.com\\\/revista\\\/\",\"logo\":{\"@type\":\"ImageObject\",\"inLanguage\":\"es\",\"@id\":\"https:\\\/\\\/centrourbano.com\\\/revista\\\/#\\\/schema\\\/logo\\\/image\\\/\",\"url\":\"https:\\\/\\\/centrourbano.com\\\/revista\\\/wp-content\\\/uploads\\\/web_CU_logo-1.png\",\"contentUrl\":\"https:\\\/\\\/centrourbano.com\\\/revista\\\/wp-content\\\/uploads\\\/web_CU_logo-1.png\",\"width\":350,\"height\":91,\"caption\":\"Centro Urbano\"},\"image\":{\"@id\":\"https:\\\/\\\/centrourbano.com\\\/revista\\\/#\\\/schema\\\/logo\\\/image\\\/\"},\"sameAs\":[\"https:\\\/\\\/www.facebook.com\\\/portalcentrourbano\",\"https:\\\/\\\/x.com\\\/CentroUrbano\",\"https:\\\/\\\/www.instagram.com\\\/centro_urbano\\\/\",\"https:\\\/\\\/www.linkedin.com\\\/company\\\/centro-urbano\\\/\",\"http:\\\/\\\/www.youtube.com\\\/user\\\/portalcentrourbano\"]},{\"@type\":\"Person\",\"@id\":\"https:\\\/\\\/centrourbano.com\\\/revista\\\/#\\\/schema\\\/person\\\/4bc80f323d8acd22e7367c3c2e98e4fa\",\"name\":\"Nadia Torres\",\"image\":{\"@type\":\"ImageObject\",\"inLanguage\":\"es\",\"@id\":\"https:\\\/\\\/secure.gravatar.com\\\/avatar\\\/d766e55c413cf27a95c32897af9edf7b264c65e8556b37c0982fe51497ad9210?s=96&d=mm&r=g\",\"url\":\"https:\\\/\\\/secure.gravatar.com\\\/avatar\\\/d766e55c413cf27a95c32897af9edf7b264c65e8556b37c0982fe51497ad9210?s=96&d=mm&r=g\",\"contentUrl\":\"https:\\\/\\\/secure.gravatar.com\\\/avatar\\\/d766e55c413cf27a95c32897af9edf7b264c65e8556b37c0982fe51497ad9210?s=96&d=mm&r=g\",\"caption\":\"Nadia Torres\"},\"description\":\"Egresada de la Licenciatura en Comunicaci\u00f3n se desempe\u00f1\u00f3 como Redactor Jr. en Invent Mx. Cree que la sonrisa es el lenguaje universal, amante de los gatos, las caminatas al aire libre y las charlas con amigos.\",\"sameAs\":[\"https:\\\/\\\/x.com\\\/https:\\\/\\\/twitter.com\\\/StephanyCLock\"],\"url\":\"https:\\\/\\\/centrourbano.com\\\/revista\\\/author\\\/nadia-torres\\\/\"}]}<\/script>\n<!-- \/ Yoast SEO plugin. -->","yoast_head_json":{"title":"Los 4 lugares m\u00e1s ic\u00f3nicos para celebrar el grito -","description":"Podr\u00e1s salir de lo cotidiano en estas fechas rodeado de cultura, historia y arquitectura","robots":{"index":"index","follow":"follow","max-snippet":"max-snippet:-1","max-image-preview":"max-image-preview:large","max-video-preview":"max-video-preview:-1"},"canonical":"https:\/\/centrourbano.com\/revista\/actualidad\/los-4-lugares-mas-iconicos-celebrar-grito\/","og_locale":"es_ES","og_type":"article","og_title":"Los 4 lugares m\u00e1s ic\u00f3nicos para celebrar el grito -","og_description":"Podr\u00e1s salir de lo cotidiano en estas fechas rodeado de cultura, historia y arquitectura","og_url":"https:\/\/centrourbano.com\/revista\/actualidad\/los-4-lugares-mas-iconicos-celebrar-grito\/","og_site_name":"Centro Urbano","article_publisher":"https:\/\/www.facebook.com\/portalcentrourbano","article_published_time":"2017-09-08T13:00:46+00:00","article_modified_time":"2017-09-12T19:04:02+00:00","og_image":[{"width":640,"height":427,"url":"https:\/\/centrourbano.com\/revista\/wp-content\/uploads\/4417891058_27f2c5dbfc_z1.jpg","type":"image\/jpeg"}],"author":"Nadia Torres","twitter_card":"summary_large_image","twitter_creator":"@https:\/\/twitter.com\/StephanyCLock","twitter_site":"@CentroUrbano","twitter_misc":{"Escrito por":"Nadia Torres","Tiempo de lectura":"1 minuto"},"schema":{"@context":"https:\/\/schema.org","@graph":[{"@type":"Article","@id":"https:\/\/centrourbano.com\/revista\/actualidad\/los-4-lugares-mas-iconicos-celebrar-grito\/#article","isPartOf":{"@id":"https:\/\/centrourbano.com\/revista\/actualidad\/los-4-lugares-mas-iconicos-celebrar-grito\/"},"author":{"name":"Nadia Torres","@id":"https:\/\/centrourbano.com\/revista\/#\/schema\/person\/4bc80f323d8acd22e7367c3c2e98e4fa"},"headline":"Los 4 lugares m\u00e1s ic\u00f3nicos para celebrar el grito","datePublished":"2017-09-08T13:00:46+00:00","dateModified":"2017-09-12T19:04:02+00:00","mainEntityOfPage":{"@id":"https:\/\/centrourbano.com\/revista\/actualidad\/los-4-lugares-mas-iconicos-celebrar-grito\/"},"wordCount":257,"commentCount":0,"publisher":{"@id":"https:\/\/centrourbano.com\/revista\/#organization"},"image":{"@id":"https:\/\/centrourbano.com\/revista\/actualidad\/los-4-lugares-mas-iconicos-celebrar-grito\/#primaryimage"},"thumbnailUrl":"https:\/\/centrourbano.com\/revista\/wp-content\/uploads\/4417891058_27f2c5dbfc_z1.jpg","keywords":["arquitectura","Cultura","fiestas patrias","Guanajuato","historia","Jalisco","Quer\u00e9taro","Semptiembre","tequila"],"articleSection":["Actualidad"],"inLanguage":"es","potentialAction":[{"@type":"CommentAction","name":"Comment","target":["https:\/\/centrourbano.com\/revista\/actualidad\/los-4-lugares-mas-iconicos-celebrar-grito\/#respond"]}]},{"@type":"WebPage","@id":"https:\/\/centrourbano.com\/revista\/actualidad\/los-4-lugares-mas-iconicos-celebrar-grito\/","url":"https:\/\/centrourbano.com\/revista\/actualidad\/los-4-lugares-mas-iconicos-celebrar-grito\/","name":"Los 4 lugares m\u00e1s ic\u00f3nicos para celebrar el grito -","isPartOf":{"@id":"https:\/\/centrourbano.com\/revista\/#website"},"primaryImageOfPage":{"@id":"https:\/\/centrourbano.com\/revista\/actualidad\/los-4-lugares-mas-iconicos-celebrar-grito\/#primaryimage"},"image":{"@id":"https:\/\/centrourbano.com\/revista\/actualidad\/los-4-lugares-mas-iconicos-celebrar-grito\/#primaryimage"},"thumbnailUrl":"https:\/\/centrourbano.com\/revista\/wp-content\/uploads\/4417891058_27f2c5dbfc_z1.jpg","datePublished":"2017-09-08T13:00:46+00:00","dateModified":"2017-09-12T19:04:02+00:00","description":"Podr\u00e1s salir de lo cotidiano en estas fechas rodeado de cultura, historia y arquitectura","breadcrumb":{"@id":"https:\/\/centrourbano.com\/revista\/actualidad\/los-4-lugares-mas-iconicos-celebrar-grito\/#breadcrumb"},"inLanguage":"es","potentialAction":[{"@type":"ReadAction","target":["https:\/\/centrourbano.com\/revista\/actualidad\/los-4-lugares-mas-iconicos-celebrar-grito\/"]}]},{"@type":"ImageObject","inLanguage":"es","@id":"https:\/\/centrourbano.com\/revista\/actualidad\/los-4-lugares-mas-iconicos-celebrar-grito\/#primaryimage","url":"https:\/\/centrourbano.com\/revista\/wp-content\/uploads\/4417891058_27f2c5dbfc_z1.jpg","contentUrl":"https:\/\/centrourbano.com\/revista\/wp-content\/uploads\/4417891058_27f2c5dbfc_z1.jpg","width":640,"height":427},{"@type":"BreadcrumbList","@id":"https:\/\/centrourbano.com\/revista\/actualidad\/los-4-lugares-mas-iconicos-celebrar-grito\/#breadcrumb","itemListElement":[{"@type":"ListItem","position":1,"name":"Portada","item":"https:\/\/centrourbano.com\/revista\/"},{"@type":"ListItem","position":2,"name":"Los 4 lugares m\u00e1s ic\u00f3nicos para celebrar el grito"}]},{"@type":"WebSite","@id":"https:\/\/centrourbano.com\/revista\/#website","url":"https:\/\/centrourbano.com\/revista\/","name":"Centro Urbano","description":"Medio especializado en los sectores vivienda, inmobiliario, construcci\u00f3n, arquitectura y urbanismo.","publisher":{"@id":"https:\/\/centrourbano.com\/revista\/#organization"},"potentialAction":[{"@type":"SearchAction","target":{"@type":"EntryPoint","urlTemplate":"https:\/\/centrourbano.com\/revista\/?s={search_term_string}"},"query-input":{"@type":"PropertyValueSpecification","valueRequired":true,"valueName":"search_term_string"}}],"inLanguage":"es"},{"@type":"Organization","@id":"https:\/\/centrourbano.com\/revista\/#organization","name":"Centro Urbano","url":"https:\/\/centrourbano.com\/revista\/","logo":{"@type":"ImageObject","inLanguage":"es","@id":"https:\/\/centrourbano.com\/revista\/#\/schema\/logo\/image\/","url":"https:\/\/centrourbano.com\/revista\/wp-content\/uploads\/web_CU_logo-1.png","contentUrl":"https:\/\/centrourbano.com\/revista\/wp-content\/uploads\/web_CU_logo-1.png","width":350,"height":91,"caption":"Centro Urbano"},"image":{"@id":"https:\/\/centrourbano.com\/revista\/#\/schema\/logo\/image\/"},"sameAs":["https:\/\/www.facebook.com\/portalcentrourbano","https:\/\/x.com\/CentroUrbano","https:\/\/www.instagram.com\/centro_urbano\/","https:\/\/www.linkedin.com\/company\/centro-urbano\/","http:\/\/www.youtube.com\/user\/portalcentrourbano"]},{"@type":"Person","@id":"https:\/\/centrourbano.com\/revista\/#\/schema\/person\/4bc80f323d8acd22e7367c3c2e98e4fa","name":"Nadia Torres","image":{"@type":"ImageObject","inLanguage":"es","@id":"https:\/\/secure.gravatar.com\/avatar\/d766e55c413cf27a95c32897af9edf7b264c65e8556b37c0982fe51497ad9210?s=96&d=mm&r=g","url":"https:\/\/secure.gravatar.com\/avatar\/d766e55c413cf27a95c32897af9edf7b264c65e8556b37c0982fe51497ad9210?s=96&d=mm&r=g","contentUrl":"https:\/\/secure.gravatar.com\/avatar\/d766e55c413cf27a95c32897af9edf7b264c65e8556b37c0982fe51497ad9210?s=96&d=mm&r=g","caption":"Nadia Torres"},"description":"Egresada de la Licenciatura en Comunicaci\u00f3n se desempe\u00f1\u00f3 como Redactor Jr. en Invent Mx. Cree que la sonrisa es el lenguaje universal, amante de los gatos, las caminatas al aire libre y las charlas con amigos.","sameAs":["https:\/\/x.com\/https:\/\/twitter.com\/StephanyCLock"],"url":"https:\/\/centrourbano.com\/revista\/author\/nadia-torres\/"}]}},"_links":{"self":[{"href":"https:\/\/centrourbano.com\/revista\/wp-json\/wp\/v2\/posts\/59510","targetHints":{"allow":["GET"]}}],"collection":[{"href":"https:\/\/centrourbano.com\/revista\/wp-json\/wp\/v2\/posts"}],"about":[{"href":"https:\/\/centrourbano.com\/revista\/wp-json\/wp\/v2\/types\/post"}],"author":[{"embeddable":true,"href":"https:\/\/centrourbano.com\/revista\/wp-json\/wp\/v2\/users\/56"}],"replies":[{"embeddable":true,"href":"https:\/\/centrourbano.com\/revista\/wp-json\/wp\/v2\/comments?post=59510"}],"version-history":[{"count":0,"href":"https:\/\/centrourbano.com\/revista\/wp-json\/wp\/v2\/posts\/59510\/revisions"}],"wp:featuredmedia":[{"embeddable":true,"href":"https:\/\/centrourbano.com\/revista\/wp-json\/wp\/v2\/media\/59516"}],"wp:attachment":[{"href":"https:\/\/centrourbano.com\/revista\/wp-json\/wp\/v2\/media?parent=59510"}],"wp:term":[{"taxonomy":"category","embeddable":true,"href":"https:\/\/centrourbano.com\/revista\/wp-json\/wp\/v2\/categories?post=59510"},{"taxonomy":"post_tag","embeddable":true,"href":"https:\/\/centrourbano.com\/revista\/wp-json\/wp\/v2\/tags?post=59510"}],"curies":[{"name":"wp","href":"https:\/\/api.w.org\/{rel}","templated":true}]}}