{"id":59243,"date":"2017-09-04T10:02:38","date_gmt":"2017-09-04T15:02:38","guid":{"rendered":"https:\/\/centrourbano.com\/?p=59243"},"modified":"2017-09-05T10:15:00","modified_gmt":"2017-09-05T15:15:00","slug":"concluyo-adquisicion-del-centro-comercial-plaza-la-cantera","status":"publish","type":"post","link":"https:\/\/centrourbano.com\/revista\/inmobiliario\/concluyo-adquisicion-del-centro-comercial-plaza-la-cantera\/","title":{"rendered":"Concluy\u00f3 adquisici\u00f3n del centro comercial Plaza La Cantera"},"content":{"rendered":"<p><em>El pago inicial por la propiedad fue por m\u00e1s de 81 mdp, mientras que el remanente se har\u00e1 en pagos adicionales<\/em><br \/>\n<!--more--><\/p>\n<p>La compa\u00f1\u00eda <a href=\"http:\/\/www.fibrahd.com.mx\/\" target=\"_blank\">Fibra HD<\/a> anunci\u00f3 que concluy\u00f3 la adquisici\u00f3n del centro comercial <a href=\"https:\/\/www.plazalacantera.com.mx\/\" target=\"_blank\">Plaza La Cantera<\/a>, que se localiza en Tepic, Nayarit. Inmueble que tiene un \u00c1rea Bruta Rentable (ABR) de 6,799 metros cuadrados. <\/p>\n<p>De acuerdo con la informaci\u00f3n que se dio a conocer a trav\u00e9s de la <a href=\"https:\/\/www.bmv.com.mx\/\" target=\"_blank\">Bolsa Mexicana de Valores<\/a> (BMV), el precio de la adquisici\u00f3n ser\u00e1 hasta por un monto de 120 millones 253,302 pesos. <\/p>\n<p>El 1 de septiembre se realiz\u00f3 el pago inicial, por un monto de 81 millones 75,755 pesos, el remanente se pagar\u00e1 como crecimiento org\u00e1nico en pagos adicionales, siempre y cuando se cumplan las condicionantes pactadas. <\/p>\n<p>En el segundo trimestre de este a\u00f1o, la compa\u00f1\u00eda report\u00f3 que logr\u00f3 adquirir el portafolio Burger King, que consta de cuatro inmuebles ubicados en el noroeste del pa\u00eds y que represent\u00f3 una transacci\u00f3n por 38 millones de pesos, incluidos los gastos relacionados a la adquisici\u00f3n.<\/p>\n<p>Tambi\u00e9n en este periodo, se pag\u00f3 el ultimo local pendiente por adquirir de Plaza Catavi\u00f1a, por un monto de 2.5 millones de pesos m\u00e1s IVA.<\/p>\n<p>Los ingresos totales en dicho periodo fueron de 60.9 millones de pesos, cifra que es 5% menor a la del primer trimestre de este a\u00f1o y 30.6% m\u00e1s grande respecto al mismo periodo de 2016.<\/p>\n<p>Mientras que los gastos operativos fueron de 18.7 millones de pesos, lo que representa una disminuci\u00f3n de 1.8 respecto al primer trimestre de este a\u00f1o. En cuanto al Ingreso Neto Operativo (INO), tuvo una disminuci\u00f3n de 6.4% en comparaci\u00f3n con los primeros tres meses de 2017.<\/p>\n","protected":false},"excerpt":{"rendered":"<p>El pago inicial por la propiedad fue por m\u00e1s de 81 mdp, mientras que el remanente se har\u00e1 en pagos adicionales<\/p>\n","protected":false},"author":37,"featured_media":59244,"comment_status":"open","ping_status":"closed","sticky":false,"template":"","format":"standard","meta":{"om_disable_all_campaigns":false,"inline_featured_image":false,"_monsterinsights_skip_tracking":false,"_monsterinsights_sitenote_active":false,"_monsterinsights_sitenote_note":"","_monsterinsights_sitenote_category":0,"footnotes":""},"categories":[15],"tags":[64,5319,719,11212,7930],"class_list":["post-59243","post","type-post","status-publish","format-standard","has-post-thumbnail","hentry","category-inmobiliario","tag-bolsa-mexicana-de-valores","tag-fibra-hd","tag-nayarit","tag-plaza-la-cantera","tag-tepic"],"yoast_head":"<!-- This site is optimized with the Yoast SEO plugin v27.5 - https:\/\/yoast.com\/product\/yoast-seo-wordpress\/ -->\n<title>Concluy\u00f3 adquisici\u00f3n del centro comercial Plaza La Cantera -<\/title>\n<meta name=\"description\" content=\"La compa\u00f1\u00eda Fibra HD anunci\u00f3 que concluy\u00f3 la adquisici\u00f3n del centro comercial Plaza La Cantera, que se localiza en Tepic, Nayarit. Inmueble que tiene un \u00c1rea Bruta Rentable (ABR) de 6,799 metros cuadrados.\" \/>\n<meta name=\"robots\" content=\"index, follow, max-snippet:-1, max-image-preview:large, max-video-preview:-1\" \/>\n<link rel=\"canonical\" href=\"https:\/\/centrourbano.com\/revista\/inmobiliario\/concluyo-adquisicion-del-centro-comercial-plaza-la-cantera\/\" \/>\n<meta property=\"og:locale\" content=\"es_ES\" \/>\n<meta property=\"og:type\" content=\"article\" \/>\n<meta property=\"og:title\" content=\"Concluy\u00f3 adquisici\u00f3n del centro comercial Plaza La Cantera -\" \/>\n<meta property=\"og:description\" content=\"La compa\u00f1\u00eda Fibra HD anunci\u00f3 que concluy\u00f3 la adquisici\u00f3n del centro comercial Plaza La Cantera, que se localiza en Tepic, Nayarit. Inmueble que tiene un \u00c1rea Bruta Rentable (ABR) de 6,799 metros cuadrados.\" \/>\n<meta property=\"og:url\" content=\"https:\/\/centrourbano.com\/revista\/inmobiliario\/concluyo-adquisicion-del-centro-comercial-plaza-la-cantera\/\" \/>\n<meta property=\"og:site_name\" content=\"Centro Urbano\" \/>\n<meta property=\"article:publisher\" content=\"https:\/\/www.facebook.com\/portalcentrourbano\" \/>\n<meta property=\"article:published_time\" content=\"2017-09-04T15:02:38+00:00\" \/>\n<meta property=\"article:modified_time\" content=\"2017-09-05T15:15:00+00:00\" \/>\n<meta property=\"og:image\" content=\"https:\/\/centrourbano.com\/revista\/wp-content\/uploads\/la-canetra-e1504537325827.jpg\" \/>\n\t<meta property=\"og:image:width\" content=\"800\" \/>\n\t<meta property=\"og:image:height\" content=\"600\" \/>\n\t<meta property=\"og:image:type\" content=\"image\/jpeg\" \/>\n<meta name=\"author\" content=\"Diego Rodr\u00edguez\" \/>\n<meta name=\"twitter:card\" content=\"summary_large_image\" \/>\n<meta name=\"twitter:creator\" content=\"@CentroUrbano\" \/>\n<meta name=\"twitter:site\" content=\"@CentroUrbano\" \/>\n<meta name=\"twitter:label1\" content=\"Escrito por\" \/>\n\t<meta name=\"twitter:data1\" content=\"Diego Rodr\u00edguez\" \/>\n\t<meta name=\"twitter:label2\" content=\"Tiempo de lectura\" \/>\n\t<meta name=\"twitter:data2\" content=\"1 minuto\" \/>\n<script type=\"application\/ld+json\" class=\"yoast-schema-graph\">{\"@context\":\"https:\\\/\\\/schema.org\",\"@graph\":[{\"@type\":\"Article\",\"@id\":\"https:\\\/\\\/centrourbano.com\\\/revista\\\/inmobiliario\\\/concluyo-adquisicion-del-centro-comercial-plaza-la-cantera\\\/#article\",\"isPartOf\":{\"@id\":\"https:\\\/\\\/centrourbano.com\\\/revista\\\/inmobiliario\\\/concluyo-adquisicion-del-centro-comercial-plaza-la-cantera\\\/\"},\"author\":{\"name\":\"Diego Rodr\u00edguez\",\"@id\":\"https:\\\/\\\/centrourbano.com\\\/revista\\\/#\\\/schema\\\/person\\\/dbdc8d1d633eb3e0461138eedc8a0615\"},\"headline\":\"Concluy\u00f3 adquisici\u00f3n del centro comercial Plaza La Cantera\",\"datePublished\":\"2017-09-04T15:02:38+00:00\",\"dateModified\":\"2017-09-05T15:15:00+00:00\",\"mainEntityOfPage\":{\"@id\":\"https:\\\/\\\/centrourbano.com\\\/revista\\\/inmobiliario\\\/concluyo-adquisicion-del-centro-comercial-plaza-la-cantera\\\/\"},\"wordCount\":287,\"commentCount\":0,\"publisher\":{\"@id\":\"https:\\\/\\\/centrourbano.com\\\/revista\\\/#organization\"},\"image\":{\"@id\":\"https:\\\/\\\/centrourbano.com\\\/revista\\\/inmobiliario\\\/concluyo-adquisicion-del-centro-comercial-plaza-la-cantera\\\/#primaryimage\"},\"thumbnailUrl\":\"https:\\\/\\\/centrourbano.com\\\/revista\\\/wp-content\\\/uploads\\\/la-canetra-e1504537325827.jpg\",\"keywords\":[\"Bolsa Mexicana de Valores\",\"Fibra HD\",\"Nayarit\",\"Plaza La Cantera\",\"Tepic\"],\"articleSection\":[\"Inmobiliario\"],\"inLanguage\":\"es\",\"potentialAction\":[{\"@type\":\"CommentAction\",\"name\":\"Comment\",\"target\":[\"https:\\\/\\\/centrourbano.com\\\/revista\\\/inmobiliario\\\/concluyo-adquisicion-del-centro-comercial-plaza-la-cantera\\\/#respond\"]}]},{\"@type\":\"WebPage\",\"@id\":\"https:\\\/\\\/centrourbano.com\\\/revista\\\/inmobiliario\\\/concluyo-adquisicion-del-centro-comercial-plaza-la-cantera\\\/\",\"url\":\"https:\\\/\\\/centrourbano.com\\\/revista\\\/inmobiliario\\\/concluyo-adquisicion-del-centro-comercial-plaza-la-cantera\\\/\",\"name\":\"Concluy\u00f3 adquisici\u00f3n del centro comercial Plaza La Cantera -\",\"isPartOf\":{\"@id\":\"https:\\\/\\\/centrourbano.com\\\/revista\\\/#website\"},\"primaryImageOfPage\":{\"@id\":\"https:\\\/\\\/centrourbano.com\\\/revista\\\/inmobiliario\\\/concluyo-adquisicion-del-centro-comercial-plaza-la-cantera\\\/#primaryimage\"},\"image\":{\"@id\":\"https:\\\/\\\/centrourbano.com\\\/revista\\\/inmobiliario\\\/concluyo-adquisicion-del-centro-comercial-plaza-la-cantera\\\/#primaryimage\"},\"thumbnailUrl\":\"https:\\\/\\\/centrourbano.com\\\/revista\\\/wp-content\\\/uploads\\\/la-canetra-e1504537325827.jpg\",\"datePublished\":\"2017-09-04T15:02:38+00:00\",\"dateModified\":\"2017-09-05T15:15:00+00:00\",\"description\":\"La compa\u00f1\u00eda Fibra HD anunci\u00f3 que concluy\u00f3 la adquisici\u00f3n del centro comercial Plaza La Cantera, que se localiza en Tepic, Nayarit. Inmueble que tiene un \u00c1rea Bruta Rentable (ABR) de 6,799 metros cuadrados.\",\"breadcrumb\":{\"@id\":\"https:\\\/\\\/centrourbano.com\\\/revista\\\/inmobiliario\\\/concluyo-adquisicion-del-centro-comercial-plaza-la-cantera\\\/#breadcrumb\"},\"inLanguage\":\"es\",\"potentialAction\":[{\"@type\":\"ReadAction\",\"target\":[\"https:\\\/\\\/centrourbano.com\\\/revista\\\/inmobiliario\\\/concluyo-adquisicion-del-centro-comercial-plaza-la-cantera\\\/\"]}]},{\"@type\":\"ImageObject\",\"inLanguage\":\"es\",\"@id\":\"https:\\\/\\\/centrourbano.com\\\/revista\\\/inmobiliario\\\/concluyo-adquisicion-del-centro-comercial-plaza-la-cantera\\\/#primaryimage\",\"url\":\"https:\\\/\\\/centrourbano.com\\\/revista\\\/wp-content\\\/uploads\\\/la-canetra-e1504537325827.jpg\",\"contentUrl\":\"https:\\\/\\\/centrourbano.com\\\/revista\\\/wp-content\\\/uploads\\\/la-canetra-e1504537325827.jpg\",\"width\":800,\"height\":600,\"caption\":\"El pago inicial por la propiedad fue por m\u00e1s de 81 mdp, mientras que el remanente se har\u00e1 en pagos adicionales\"},{\"@type\":\"BreadcrumbList\",\"@id\":\"https:\\\/\\\/centrourbano.com\\\/revista\\\/inmobiliario\\\/concluyo-adquisicion-del-centro-comercial-plaza-la-cantera\\\/#breadcrumb\",\"itemListElement\":[{\"@type\":\"ListItem\",\"position\":1,\"name\":\"Portada\",\"item\":\"https:\\\/\\\/centrourbano.com\\\/revista\\\/\"},{\"@type\":\"ListItem\",\"position\":2,\"name\":\"Concluy\u00f3 adquisici\u00f3n del centro comercial Plaza La Cantera\"}]},{\"@type\":\"WebSite\",\"@id\":\"https:\\\/\\\/centrourbano.com\\\/revista\\\/#website\",\"url\":\"https:\\\/\\\/centrourbano.com\\\/revista\\\/\",\"name\":\"Centro Urbano\",\"description\":\"Medio especializado en los sectores vivienda, inmobiliario, construcci\u00f3n, arquitectura y urbanismo.\",\"publisher\":{\"@id\":\"https:\\\/\\\/centrourbano.com\\\/revista\\\/#organization\"},\"potentialAction\":[{\"@type\":\"SearchAction\",\"target\":{\"@type\":\"EntryPoint\",\"urlTemplate\":\"https:\\\/\\\/centrourbano.com\\\/revista\\\/?s={search_term_string}\"},\"query-input\":{\"@type\":\"PropertyValueSpecification\",\"valueRequired\":true,\"valueName\":\"search_term_string\"}}],\"inLanguage\":\"es\"},{\"@type\":\"Organization\",\"@id\":\"https:\\\/\\\/centrourbano.com\\\/revista\\\/#organization\",\"name\":\"Centro Urbano\",\"url\":\"https:\\\/\\\/centrourbano.com\\\/revista\\\/\",\"logo\":{\"@type\":\"ImageObject\",\"inLanguage\":\"es\",\"@id\":\"https:\\\/\\\/centrourbano.com\\\/revista\\\/#\\\/schema\\\/logo\\\/image\\\/\",\"url\":\"https:\\\/\\\/centrourbano.com\\\/revista\\\/wp-content\\\/uploads\\\/web_CU_logo-1.png\",\"contentUrl\":\"https:\\\/\\\/centrourbano.com\\\/revista\\\/wp-content\\\/uploads\\\/web_CU_logo-1.png\",\"width\":350,\"height\":91,\"caption\":\"Centro Urbano\"},\"image\":{\"@id\":\"https:\\\/\\\/centrourbano.com\\\/revista\\\/#\\\/schema\\\/logo\\\/image\\\/\"},\"sameAs\":[\"https:\\\/\\\/www.facebook.com\\\/portalcentrourbano\",\"https:\\\/\\\/x.com\\\/CentroUrbano\",\"https:\\\/\\\/www.instagram.com\\\/centro_urbano\\\/\",\"https:\\\/\\\/www.linkedin.com\\\/company\\\/centro-urbano\\\/\",\"http:\\\/\\\/www.youtube.com\\\/user\\\/portalcentrourbano\"]},{\"@type\":\"Person\",\"@id\":\"https:\\\/\\\/centrourbano.com\\\/revista\\\/#\\\/schema\\\/person\\\/dbdc8d1d633eb3e0461138eedc8a0615\",\"name\":\"Diego Rodr\u00edguez\",\"image\":{\"@type\":\"ImageObject\",\"inLanguage\":\"es\",\"@id\":\"https:\\\/\\\/secure.gravatar.com\\\/avatar\\\/d217565525df2df5d4e7265d47758506f41845ed9529510921a7625d8365789d?s=96&d=mm&r=g\",\"url\":\"https:\\\/\\\/secure.gravatar.com\\\/avatar\\\/d217565525df2df5d4e7265d47758506f41845ed9529510921a7625d8365789d?s=96&d=mm&r=g\",\"contentUrl\":\"https:\\\/\\\/secure.gravatar.com\\\/avatar\\\/d217565525df2df5d4e7265d47758506f41845ed9529510921a7625d8365789d?s=96&d=mm&r=g\",\"caption\":\"Diego Rodr\u00edguez\"},\"description\":\"Egresado de la Facultad de Estudios Superiores Acatl\u00e1n de la carrera en Comunicaci\u00f3n, con especialidad en medios escritos. Reportero del desaparecido peri\u00f3dico Nuestro M\u00e9xico, en donde cubri\u00f3 las fuentes delegacionales y Asamblea Legislativa. Tambi\u00e9n trabaj\u00f3 en la Coordinaci\u00f3n de Comunicaci\u00f3n Social en la delegaci\u00f3n \u00c1lvaro Obreg\u00f3n. Le gusta leer novelas y cuentos.\",\"url\":\"https:\\\/\\\/centrourbano.com\\\/revista\\\/author\\\/diegorodriguez\\\/\"}]}<\/script>\n<!-- \/ Yoast SEO plugin. -->","yoast_head_json":{"title":"Concluy\u00f3 adquisici\u00f3n del centro comercial Plaza La Cantera -","description":"La compa\u00f1\u00eda Fibra HD anunci\u00f3 que concluy\u00f3 la adquisici\u00f3n del centro comercial Plaza La Cantera, que se localiza en Tepic, Nayarit. Inmueble que tiene un \u00c1rea Bruta Rentable (ABR) de 6,799 metros cuadrados.","robots":{"index":"index","follow":"follow","max-snippet":"max-snippet:-1","max-image-preview":"max-image-preview:large","max-video-preview":"max-video-preview:-1"},"canonical":"https:\/\/centrourbano.com\/revista\/inmobiliario\/concluyo-adquisicion-del-centro-comercial-plaza-la-cantera\/","og_locale":"es_ES","og_type":"article","og_title":"Concluy\u00f3 adquisici\u00f3n del centro comercial Plaza La Cantera -","og_description":"La compa\u00f1\u00eda Fibra HD anunci\u00f3 que concluy\u00f3 la adquisici\u00f3n del centro comercial Plaza La Cantera, que se localiza en Tepic, Nayarit. Inmueble que tiene un \u00c1rea Bruta Rentable (ABR) de 6,799 metros cuadrados.","og_url":"https:\/\/centrourbano.com\/revista\/inmobiliario\/concluyo-adquisicion-del-centro-comercial-plaza-la-cantera\/","og_site_name":"Centro Urbano","article_publisher":"https:\/\/www.facebook.com\/portalcentrourbano","article_published_time":"2017-09-04T15:02:38+00:00","article_modified_time":"2017-09-05T15:15:00+00:00","og_image":[{"width":800,"height":600,"url":"https:\/\/centrourbano.com\/revista\/wp-content\/uploads\/la-canetra-e1504537325827.jpg","type":"image\/jpeg"}],"author":"Diego Rodr\u00edguez","twitter_card":"summary_large_image","twitter_creator":"@CentroUrbano","twitter_site":"@CentroUrbano","twitter_misc":{"Escrito por":"Diego Rodr\u00edguez","Tiempo de lectura":"1 minuto"},"schema":{"@context":"https:\/\/schema.org","@graph":[{"@type":"Article","@id":"https:\/\/centrourbano.com\/revista\/inmobiliario\/concluyo-adquisicion-del-centro-comercial-plaza-la-cantera\/#article","isPartOf":{"@id":"https:\/\/centrourbano.com\/revista\/inmobiliario\/concluyo-adquisicion-del-centro-comercial-plaza-la-cantera\/"},"author":{"name":"Diego Rodr\u00edguez","@id":"https:\/\/centrourbano.com\/revista\/#\/schema\/person\/dbdc8d1d633eb3e0461138eedc8a0615"},"headline":"Concluy\u00f3 adquisici\u00f3n del centro comercial Plaza La Cantera","datePublished":"2017-09-04T15:02:38+00:00","dateModified":"2017-09-05T15:15:00+00:00","mainEntityOfPage":{"@id":"https:\/\/centrourbano.com\/revista\/inmobiliario\/concluyo-adquisicion-del-centro-comercial-plaza-la-cantera\/"},"wordCount":287,"commentCount":0,"publisher":{"@id":"https:\/\/centrourbano.com\/revista\/#organization"},"image":{"@id":"https:\/\/centrourbano.com\/revista\/inmobiliario\/concluyo-adquisicion-del-centro-comercial-plaza-la-cantera\/#primaryimage"},"thumbnailUrl":"https:\/\/centrourbano.com\/revista\/wp-content\/uploads\/la-canetra-e1504537325827.jpg","keywords":["Bolsa Mexicana de Valores","Fibra HD","Nayarit","Plaza La Cantera","Tepic"],"articleSection":["Inmobiliario"],"inLanguage":"es","potentialAction":[{"@type":"CommentAction","name":"Comment","target":["https:\/\/centrourbano.com\/revista\/inmobiliario\/concluyo-adquisicion-del-centro-comercial-plaza-la-cantera\/#respond"]}]},{"@type":"WebPage","@id":"https:\/\/centrourbano.com\/revista\/inmobiliario\/concluyo-adquisicion-del-centro-comercial-plaza-la-cantera\/","url":"https:\/\/centrourbano.com\/revista\/inmobiliario\/concluyo-adquisicion-del-centro-comercial-plaza-la-cantera\/","name":"Concluy\u00f3 adquisici\u00f3n del centro comercial Plaza La Cantera -","isPartOf":{"@id":"https:\/\/centrourbano.com\/revista\/#website"},"primaryImageOfPage":{"@id":"https:\/\/centrourbano.com\/revista\/inmobiliario\/concluyo-adquisicion-del-centro-comercial-plaza-la-cantera\/#primaryimage"},"image":{"@id":"https:\/\/centrourbano.com\/revista\/inmobiliario\/concluyo-adquisicion-del-centro-comercial-plaza-la-cantera\/#primaryimage"},"thumbnailUrl":"https:\/\/centrourbano.com\/revista\/wp-content\/uploads\/la-canetra-e1504537325827.jpg","datePublished":"2017-09-04T15:02:38+00:00","dateModified":"2017-09-05T15:15:00+00:00","description":"La compa\u00f1\u00eda Fibra HD anunci\u00f3 que concluy\u00f3 la adquisici\u00f3n del centro comercial Plaza La Cantera, que se localiza en Tepic, Nayarit. Inmueble que tiene un \u00c1rea Bruta Rentable (ABR) de 6,799 metros cuadrados.","breadcrumb":{"@id":"https:\/\/centrourbano.com\/revista\/inmobiliario\/concluyo-adquisicion-del-centro-comercial-plaza-la-cantera\/#breadcrumb"},"inLanguage":"es","potentialAction":[{"@type":"ReadAction","target":["https:\/\/centrourbano.com\/revista\/inmobiliario\/concluyo-adquisicion-del-centro-comercial-plaza-la-cantera\/"]}]},{"@type":"ImageObject","inLanguage":"es","@id":"https:\/\/centrourbano.com\/revista\/inmobiliario\/concluyo-adquisicion-del-centro-comercial-plaza-la-cantera\/#primaryimage","url":"https:\/\/centrourbano.com\/revista\/wp-content\/uploads\/la-canetra-e1504537325827.jpg","contentUrl":"https:\/\/centrourbano.com\/revista\/wp-content\/uploads\/la-canetra-e1504537325827.jpg","width":800,"height":600,"caption":"El pago inicial por la propiedad fue por m\u00e1s de 81 mdp, mientras que el remanente se har\u00e1 en pagos adicionales"},{"@type":"BreadcrumbList","@id":"https:\/\/centrourbano.com\/revista\/inmobiliario\/concluyo-adquisicion-del-centro-comercial-plaza-la-cantera\/#breadcrumb","itemListElement":[{"@type":"ListItem","position":1,"name":"Portada","item":"https:\/\/centrourbano.com\/revista\/"},{"@type":"ListItem","position":2,"name":"Concluy\u00f3 adquisici\u00f3n del centro comercial Plaza La Cantera"}]},{"@type":"WebSite","@id":"https:\/\/centrourbano.com\/revista\/#website","url":"https:\/\/centrourbano.com\/revista\/","name":"Centro Urbano","description":"Medio especializado en los sectores vivienda, inmobiliario, construcci\u00f3n, arquitectura y urbanismo.","publisher":{"@id":"https:\/\/centrourbano.com\/revista\/#organization"},"potentialAction":[{"@type":"SearchAction","target":{"@type":"EntryPoint","urlTemplate":"https:\/\/centrourbano.com\/revista\/?s={search_term_string}"},"query-input":{"@type":"PropertyValueSpecification","valueRequired":true,"valueName":"search_term_string"}}],"inLanguage":"es"},{"@type":"Organization","@id":"https:\/\/centrourbano.com\/revista\/#organization","name":"Centro Urbano","url":"https:\/\/centrourbano.com\/revista\/","logo":{"@type":"ImageObject","inLanguage":"es","@id":"https:\/\/centrourbano.com\/revista\/#\/schema\/logo\/image\/","url":"https:\/\/centrourbano.com\/revista\/wp-content\/uploads\/web_CU_logo-1.png","contentUrl":"https:\/\/centrourbano.com\/revista\/wp-content\/uploads\/web_CU_logo-1.png","width":350,"height":91,"caption":"Centro Urbano"},"image":{"@id":"https:\/\/centrourbano.com\/revista\/#\/schema\/logo\/image\/"},"sameAs":["https:\/\/www.facebook.com\/portalcentrourbano","https:\/\/x.com\/CentroUrbano","https:\/\/www.instagram.com\/centro_urbano\/","https:\/\/www.linkedin.com\/company\/centro-urbano\/","http:\/\/www.youtube.com\/user\/portalcentrourbano"]},{"@type":"Person","@id":"https:\/\/centrourbano.com\/revista\/#\/schema\/person\/dbdc8d1d633eb3e0461138eedc8a0615","name":"Diego Rodr\u00edguez","image":{"@type":"ImageObject","inLanguage":"es","@id":"https:\/\/secure.gravatar.com\/avatar\/d217565525df2df5d4e7265d47758506f41845ed9529510921a7625d8365789d?s=96&d=mm&r=g","url":"https:\/\/secure.gravatar.com\/avatar\/d217565525df2df5d4e7265d47758506f41845ed9529510921a7625d8365789d?s=96&d=mm&r=g","contentUrl":"https:\/\/secure.gravatar.com\/avatar\/d217565525df2df5d4e7265d47758506f41845ed9529510921a7625d8365789d?s=96&d=mm&r=g","caption":"Diego Rodr\u00edguez"},"description":"Egresado de la Facultad de Estudios Superiores Acatl\u00e1n de la carrera en Comunicaci\u00f3n, con especialidad en medios escritos. Reportero del desaparecido peri\u00f3dico Nuestro M\u00e9xico, en donde cubri\u00f3 las fuentes delegacionales y Asamblea Legislativa. Tambi\u00e9n trabaj\u00f3 en la Coordinaci\u00f3n de Comunicaci\u00f3n Social en la delegaci\u00f3n \u00c1lvaro Obreg\u00f3n. Le gusta leer novelas y cuentos.","url":"https:\/\/centrourbano.com\/revista\/author\/diegorodriguez\/"}]}},"_links":{"self":[{"href":"https:\/\/centrourbano.com\/revista\/wp-json\/wp\/v2\/posts\/59243","targetHints":{"allow":["GET"]}}],"collection":[{"href":"https:\/\/centrourbano.com\/revista\/wp-json\/wp\/v2\/posts"}],"about":[{"href":"https:\/\/centrourbano.com\/revista\/wp-json\/wp\/v2\/types\/post"}],"author":[{"embeddable":true,"href":"https:\/\/centrourbano.com\/revista\/wp-json\/wp\/v2\/users\/37"}],"replies":[{"embeddable":true,"href":"https:\/\/centrourbano.com\/revista\/wp-json\/wp\/v2\/comments?post=59243"}],"version-history":[{"count":0,"href":"https:\/\/centrourbano.com\/revista\/wp-json\/wp\/v2\/posts\/59243\/revisions"}],"wp:featuredmedia":[{"embeddable":true,"href":"https:\/\/centrourbano.com\/revista\/wp-json\/wp\/v2\/media\/59244"}],"wp:attachment":[{"href":"https:\/\/centrourbano.com\/revista\/wp-json\/wp\/v2\/media?parent=59243"}],"wp:term":[{"taxonomy":"category","embeddable":true,"href":"https:\/\/centrourbano.com\/revista\/wp-json\/wp\/v2\/categories?post=59243"},{"taxonomy":"post_tag","embeddable":true,"href":"https:\/\/centrourbano.com\/revista\/wp-json\/wp\/v2\/tags?post=59243"}],"curies":[{"name":"wp","href":"https:\/\/api.w.org\/{rel}","templated":true}]}}