{"id":59018,"date":"2017-08-30T08:10:55","date_gmt":"2017-08-30T13:10:55","guid":{"rendered":"https:\/\/centrourbano.com\/?p=59018"},"modified":"2017-08-31T10:46:31","modified_gmt":"2017-08-31T15:46:31","slug":"canadevi-scotiabank-potenciaran-colocacion-credito","status":"publish","type":"post","link":"https:\/\/centrourbano.com\/revista\/vivienda\/canadevi-scotiabank-potenciaran-colocacion-credito\/","title":{"rendered":"Canadevi y Scotiabank potenciar\u00e1n colocaci\u00f3n de cr\u00e9dito"},"content":{"rendered":"<p><em>La C\u00e1mara y el banco establecieron una alianza comercial que busca impulsar las ventas en el sector <\/em><!--more--><\/p>\n<p>La C\u00e1mara Nacional de la Industria de Desarrollo y Promoci\u00f3n de la vivienda (<a href=\"http:\/\/www.canadevi.com.mx\" target=\"_blank\">Canadevi<\/a>) y <a href=\"http:\/\/www.scotiabank.com.mx\/\" target=\"_blank\">Scotiabank <\/a>firmaron un convenio de colaboraci\u00f3n. Con esta acci\u00f3n, ambas instituciones establecen una alianza comercial, con la que buscan robustecer sinergias en aras, entre otras cosas, de impulsar las ventas de vivienda y la colocaci\u00f3n de cr\u00e9ditos. <\/p>\n<p>El acto estuvo encabezado por <strong>Enrique Margain Pitman<\/strong>, director ejecutivo de Cr\u00e9dito Hipotecario de Scotiabank, as\u00ed como <a href=\"https:\/\/twitter.com\/KrlosMed\" target=\"_blank\">Carlos Medina Rodr\u00edguez<\/a>, presidente de Canadevi, quienes coincidieron que la alianza representa un ganar-ganar para la Canadevi y el banco. Dijeron que el convenio beneficiar\u00e1 a la industria de la vivienda. <\/p>\n<p>El objetivo de la alianza, puntualizaron los involucrados, es incrementar la <strong>comunicaci\u00f3n y coordinaci\u00f3n<\/strong>. As\u00ed, entre otras cosas, Scotiabank buscar\u00e1 impulsar la colocaci\u00f3n de sus productos, como el lanzado recientemente para adquirir <a href=\"https:\/\/centrourbano.com\/presenta-scotiabank-credito-hipotecario-para-preventa\/\" target=\"_blank\">vivienda en preventa<\/a>. <\/p>\n<p>Aunado a lo anterior, Scotiabank ofrecer\u00e1 capacitaci\u00f3n a la fuerza de venta de los desarrolladores y sostendr\u00e1 reuniones con los representantes de Canadevi de cada sede en aras de presentar la oferta crediticia del banco. <\/p>\n<p>Enrique Margain Pitman destac\u00f3 la relevancia de la alianza. Dijo que el convenio intensificar\u00e1 la comunicaci\u00f3n entre el banco y desarrolladores de Canadevi. <\/p>\n<p>\u201cLa alianza permitir\u00e1 incrementar los procesos de comunicaci\u00f3n, coordinaci\u00f3n y colaboraci\u00f3n para aprovechar los productos innovadores de Scotiabank. Esto nos abre paso a potencializar la parte de las ventas y las sinergias que se generan tanto en la parte individual, como la parte de financiamiento a la construcci\u00f3n\u201d, dijo. <\/p>\n<p>En su intervenci\u00f3n, Carlos Medina se\u00f1al\u00f3 que Soctiabank es el primer banco que firma un convenio de este tipo con Canadevi. Consider\u00f3 que el convenio dar\u00e1 fuerza a ambas partes en favor de la industria de la vivienda. <\/p>\n<p>\u201cScotiabank es una de las instituciones que tiene productos vanguardistas y buenas tasas. Con este convenio se logra un paso importante. <\/p>\n<p>\u201cEl sector vivienda genera alrededor de 3 millones de empleos, es el segundo motor de la econom\u00eda y aporta alrededor de 7% al PIB. Quermes que mantenga esta solidez que ha tenido en los \u00faltimos a\u00f1os, y creemos que con la suma de esfuerzos entre los diversos sectores, con la banca, se lograr\u00e1. Canadevi tiene 34 delegaciones, en las cuales vamos poder interactuar, fortalecer , sumar y dar a conocer los productos y esfuerzos que trae Scotiabank\u201d, apunt\u00f3. <\/p>\n","protected":false},"excerpt":{"rendered":"<p>La C\u00e1mara y el banco establecieron una alianza comercial que busca impulsar las ventas en el sector<\/p>\n","protected":false},"author":47,"featured_media":59024,"comment_status":"open","ping_status":"closed","sticky":false,"template":"","format":"standard","meta":{"om_disable_all_campaigns":false,"inline_featured_image":false,"_monsterinsights_skip_tracking":false,"_monsterinsights_sitenote_active":false,"_monsterinsights_sitenote_note":"","_monsterinsights_sitenote_category":0,"footnotes":""},"categories":[12],"tags":[11115,99,8690,173,7707,1104,60],"class_list":["post-59018","post","type-post","status-publish","format-standard","has-post-thumbnail","hentry","category-vivienda","tag-alianza-comercial","tag-canadevi","tag-carlos-medina-rodriguez","tag-credito","tag-enrique-margain-pitman","tag-scotiabank","tag-vivienda-2"],"yoast_head":"<!-- This site is optimized with the Yoast SEO plugin v27.4 - https:\/\/yoast.com\/product\/yoast-seo-wordpress\/ -->\n<title>Canadevi y Scotiabank potenciar\u00e1n colocaci\u00f3n de cr\u00e9dito -<\/title>\n<meta name=\"description\" content=\"La C\u00e1mara Nacional de la Industria de Desarrollo y Promoci\u00f3n de la vivienda (Canadevi) y Scotiabank firmaron un convenio de colaboraci\u00f3n. Con esta acci\u00f3n, ambas instituciones establecen una alianza comercial, con la que buscan robustecer sinergias en aras, entre otras cosas, de impulsar las ventas de vivienda y la colocaci\u00f3n de cr\u00e9ditos.\" \/>\n<meta name=\"robots\" content=\"index, follow, max-snippet:-1, max-image-preview:large, max-video-preview:-1\" \/>\n<link rel=\"canonical\" href=\"https:\/\/centrourbano.com\/revista\/vivienda\/canadevi-scotiabank-potenciaran-colocacion-credito\/\" \/>\n<meta property=\"og:locale\" content=\"es_ES\" \/>\n<meta property=\"og:type\" content=\"article\" \/>\n<meta property=\"og:title\" content=\"Canadevi y Scotiabank potenciar\u00e1n colocaci\u00f3n de cr\u00e9dito -\" \/>\n<meta property=\"og:description\" content=\"La C\u00e1mara Nacional de la Industria de Desarrollo y Promoci\u00f3n de la vivienda (Canadevi) y Scotiabank firmaron un convenio de colaboraci\u00f3n. Con esta acci\u00f3n, ambas instituciones establecen una alianza comercial, con la que buscan robustecer sinergias en aras, entre otras cosas, de impulsar las ventas de vivienda y la colocaci\u00f3n de cr\u00e9ditos.\" \/>\n<meta property=\"og:url\" content=\"https:\/\/centrourbano.com\/revista\/vivienda\/canadevi-scotiabank-potenciaran-colocacion-credito\/\" \/>\n<meta property=\"og:site_name\" content=\"Centro Urbano\" \/>\n<meta property=\"article:publisher\" content=\"https:\/\/www.facebook.com\/portalcentrourbano\" \/>\n<meta property=\"article:published_time\" content=\"2017-08-30T13:10:55+00:00\" \/>\n<meta property=\"article:modified_time\" content=\"2017-08-31T15:46:31+00:00\" \/>\n<meta property=\"og:image\" content=\"https:\/\/centrourbano.com\/revista\/wp-content\/uploads\/Canadevi_Scotiabank_ALianza-2.jpeg\" \/>\n\t<meta property=\"og:image:width\" content=\"800\" \/>\n\t<meta property=\"og:image:height\" content=\"600\" \/>\n\t<meta property=\"og:image:type\" content=\"image\/jpeg\" \/>\n<meta name=\"author\" content=\"Edgar Rosas\" \/>\n<meta name=\"twitter:card\" content=\"summary_large_image\" \/>\n<meta name=\"twitter:creator\" content=\"@https:\/\/twitter.com\/ERosasCU?s=09\" \/>\n<meta name=\"twitter:site\" content=\"@CentroUrbano\" \/>\n<meta name=\"twitter:label1\" content=\"Escrito por\" \/>\n\t<meta name=\"twitter:data1\" content=\"Edgar Rosas\" \/>\n\t<meta name=\"twitter:label2\" content=\"Tiempo de lectura\" \/>\n\t<meta name=\"twitter:data2\" content=\"2 minutos\" \/>\n<script type=\"application\/ld+json\" class=\"yoast-schema-graph\">{\"@context\":\"https:\\\/\\\/schema.org\",\"@graph\":[{\"@type\":\"Article\",\"@id\":\"https:\\\/\\\/centrourbano.com\\\/revista\\\/vivienda\\\/canadevi-scotiabank-potenciaran-colocacion-credito\\\/#article\",\"isPartOf\":{\"@id\":\"https:\\\/\\\/centrourbano.com\\\/revista\\\/vivienda\\\/canadevi-scotiabank-potenciaran-colocacion-credito\\\/\"},\"author\":{\"name\":\"Edgar Rosas\",\"@id\":\"https:\\\/\\\/centrourbano.com\\\/revista\\\/#\\\/schema\\\/person\\\/ff3c00651ce5b1630479d2cd0c2e3ac0\"},\"headline\":\"Canadevi y Scotiabank potenciar\u00e1n colocaci\u00f3n de cr\u00e9dito\",\"datePublished\":\"2017-08-30T13:10:55+00:00\",\"dateModified\":\"2017-08-31T15:46:31+00:00\",\"mainEntityOfPage\":{\"@id\":\"https:\\\/\\\/centrourbano.com\\\/revista\\\/vivienda\\\/canadevi-scotiabank-potenciaran-colocacion-credito\\\/\"},\"wordCount\":424,\"commentCount\":0,\"publisher\":{\"@id\":\"https:\\\/\\\/centrourbano.com\\\/revista\\\/#organization\"},\"image\":{\"@id\":\"https:\\\/\\\/centrourbano.com\\\/revista\\\/vivienda\\\/canadevi-scotiabank-potenciaran-colocacion-credito\\\/#primaryimage\"},\"thumbnailUrl\":\"https:\\\/\\\/centrourbano.com\\\/revista\\\/wp-content\\\/uploads\\\/Canadevi_Scotiabank_ALianza-2.jpeg\",\"keywords\":[\"Alianza Comercial\",\"Canadevi\",\"Carlos Medina Rodr\u00edguez\",\"cr\u00e9dito\",\"Enrique Margain Pitman\",\"Scotiabank\",\"vivienda\"],\"articleSection\":[\"Vivienda\"],\"inLanguage\":\"es\",\"potentialAction\":[{\"@type\":\"CommentAction\",\"name\":\"Comment\",\"target\":[\"https:\\\/\\\/centrourbano.com\\\/revista\\\/vivienda\\\/canadevi-scotiabank-potenciaran-colocacion-credito\\\/#respond\"]}]},{\"@type\":\"WebPage\",\"@id\":\"https:\\\/\\\/centrourbano.com\\\/revista\\\/vivienda\\\/canadevi-scotiabank-potenciaran-colocacion-credito\\\/\",\"url\":\"https:\\\/\\\/centrourbano.com\\\/revista\\\/vivienda\\\/canadevi-scotiabank-potenciaran-colocacion-credito\\\/\",\"name\":\"Canadevi y Scotiabank potenciar\u00e1n colocaci\u00f3n de cr\u00e9dito -\",\"isPartOf\":{\"@id\":\"https:\\\/\\\/centrourbano.com\\\/revista\\\/#website\"},\"primaryImageOfPage\":{\"@id\":\"https:\\\/\\\/centrourbano.com\\\/revista\\\/vivienda\\\/canadevi-scotiabank-potenciaran-colocacion-credito\\\/#primaryimage\"},\"image\":{\"@id\":\"https:\\\/\\\/centrourbano.com\\\/revista\\\/vivienda\\\/canadevi-scotiabank-potenciaran-colocacion-credito\\\/#primaryimage\"},\"thumbnailUrl\":\"https:\\\/\\\/centrourbano.com\\\/revista\\\/wp-content\\\/uploads\\\/Canadevi_Scotiabank_ALianza-2.jpeg\",\"datePublished\":\"2017-08-30T13:10:55+00:00\",\"dateModified\":\"2017-08-31T15:46:31+00:00\",\"description\":\"La C\u00e1mara Nacional de la Industria de Desarrollo y Promoci\u00f3n de la vivienda (Canadevi) y Scotiabank firmaron un convenio de colaboraci\u00f3n. Con esta acci\u00f3n, ambas instituciones establecen una alianza comercial, con la que buscan robustecer sinergias en aras, entre otras cosas, de impulsar las ventas de vivienda y la colocaci\u00f3n de cr\u00e9ditos.\",\"breadcrumb\":{\"@id\":\"https:\\\/\\\/centrourbano.com\\\/revista\\\/vivienda\\\/canadevi-scotiabank-potenciaran-colocacion-credito\\\/#breadcrumb\"},\"inLanguage\":\"es\",\"potentialAction\":[{\"@type\":\"ReadAction\",\"target\":[\"https:\\\/\\\/centrourbano.com\\\/revista\\\/vivienda\\\/canadevi-scotiabank-potenciaran-colocacion-credito\\\/\"]}]},{\"@type\":\"ImageObject\",\"inLanguage\":\"es\",\"@id\":\"https:\\\/\\\/centrourbano.com\\\/revista\\\/vivienda\\\/canadevi-scotiabank-potenciaran-colocacion-credito\\\/#primaryimage\",\"url\":\"https:\\\/\\\/centrourbano.com\\\/revista\\\/wp-content\\\/uploads\\\/Canadevi_Scotiabank_ALianza-2.jpeg\",\"contentUrl\":\"https:\\\/\\\/centrourbano.com\\\/revista\\\/wp-content\\\/uploads\\\/Canadevi_Scotiabank_ALianza-2.jpeg\",\"width\":800,\"height\":600,\"caption\":\"La C\u00e1mara y el banco establecieron una alianza comercial que busca impulsar las ventas en el sector\"},{\"@type\":\"BreadcrumbList\",\"@id\":\"https:\\\/\\\/centrourbano.com\\\/revista\\\/vivienda\\\/canadevi-scotiabank-potenciaran-colocacion-credito\\\/#breadcrumb\",\"itemListElement\":[{\"@type\":\"ListItem\",\"position\":1,\"name\":\"Portada\",\"item\":\"https:\\\/\\\/centrourbano.com\\\/revista\\\/\"},{\"@type\":\"ListItem\",\"position\":2,\"name\":\"Canadevi y Scotiabank potenciar\u00e1n colocaci\u00f3n de cr\u00e9dito\"}]},{\"@type\":\"WebSite\",\"@id\":\"https:\\\/\\\/centrourbano.com\\\/revista\\\/#website\",\"url\":\"https:\\\/\\\/centrourbano.com\\\/revista\\\/\",\"name\":\"Centro Urbano\",\"description\":\"Medio especializado en los sectores vivienda, inmobiliario, construcci\u00f3n, arquitectura y urbanismo.\",\"publisher\":{\"@id\":\"https:\\\/\\\/centrourbano.com\\\/revista\\\/#organization\"},\"potentialAction\":[{\"@type\":\"SearchAction\",\"target\":{\"@type\":\"EntryPoint\",\"urlTemplate\":\"https:\\\/\\\/centrourbano.com\\\/revista\\\/?s={search_term_string}\"},\"query-input\":{\"@type\":\"PropertyValueSpecification\",\"valueRequired\":true,\"valueName\":\"search_term_string\"}}],\"inLanguage\":\"es\"},{\"@type\":\"Organization\",\"@id\":\"https:\\\/\\\/centrourbano.com\\\/revista\\\/#organization\",\"name\":\"Centro Urbano\",\"url\":\"https:\\\/\\\/centrourbano.com\\\/revista\\\/\",\"logo\":{\"@type\":\"ImageObject\",\"inLanguage\":\"es\",\"@id\":\"https:\\\/\\\/centrourbano.com\\\/revista\\\/#\\\/schema\\\/logo\\\/image\\\/\",\"url\":\"https:\\\/\\\/centrourbano.com\\\/revista\\\/wp-content\\\/uploads\\\/web_CU_logo-1.png\",\"contentUrl\":\"https:\\\/\\\/centrourbano.com\\\/revista\\\/wp-content\\\/uploads\\\/web_CU_logo-1.png\",\"width\":350,\"height\":91,\"caption\":\"Centro Urbano\"},\"image\":{\"@id\":\"https:\\\/\\\/centrourbano.com\\\/revista\\\/#\\\/schema\\\/logo\\\/image\\\/\"},\"sameAs\":[\"https:\\\/\\\/www.facebook.com\\\/portalcentrourbano\",\"https:\\\/\\\/x.com\\\/CentroUrbano\",\"https:\\\/\\\/www.instagram.com\\\/centro_urbano\\\/\",\"https:\\\/\\\/www.linkedin.com\\\/company\\\/centro-urbano\\\/\",\"http:\\\/\\\/www.youtube.com\\\/user\\\/portalcentrourbano\"]},{\"@type\":\"Person\",\"@id\":\"https:\\\/\\\/centrourbano.com\\\/revista\\\/#\\\/schema\\\/person\\\/ff3c00651ce5b1630479d2cd0c2e3ac0\",\"name\":\"Edgar Rosas\",\"image\":{\"@type\":\"ImageObject\",\"inLanguage\":\"es\",\"@id\":\"https:\\\/\\\/secure.gravatar.com\\\/avatar\\\/94440c4283495211faa5300bf85e80061036b83fced868c3783aa1310b350d9c?s=96&d=mm&r=g\",\"url\":\"https:\\\/\\\/secure.gravatar.com\\\/avatar\\\/94440c4283495211faa5300bf85e80061036b83fced868c3783aa1310b350d9c?s=96&d=mm&r=g\",\"contentUrl\":\"https:\\\/\\\/secure.gravatar.com\\\/avatar\\\/94440c4283495211faa5300bf85e80061036b83fced868c3783aa1310b350d9c?s=96&d=mm&r=g\",\"caption\":\"Edgar Rosas\"},\"description\":\"Editor en Jefe de Centro Urbano. Egresado de la maestr\u00eda en Periodismo Pol\u00edtico de la Escuela de Periodismo Carlos Septi\u00e9n Garc\u00eda (EPCSG). Estudi\u00f3 la licenciatura en Comunicaci\u00f3n en la Universidad Mexicana. Amante de la cr\u00f3nica y el reportaje. Admirador de Vicente Le\u00f1ero y Miguel \u00c1ngel Granados Chapa.\",\"sameAs\":[\"https:\\\/\\\/x.com\\\/https:\\\/\\\/twitter.com\\\/ERosasCU?s=09\"],\"url\":\"https:\\\/\\\/centrourbano.com\\\/revista\\\/author\\\/edgar-rosas\\\/\"}]}<\/script>\n<!-- \/ Yoast SEO plugin. -->","yoast_head_json":{"title":"Canadevi y Scotiabank potenciar\u00e1n colocaci\u00f3n de cr\u00e9dito -","description":"La C\u00e1mara Nacional de la Industria de Desarrollo y Promoci\u00f3n de la vivienda (Canadevi) y Scotiabank firmaron un convenio de colaboraci\u00f3n. Con esta acci\u00f3n, ambas instituciones establecen una alianza comercial, con la que buscan robustecer sinergias en aras, entre otras cosas, de impulsar las ventas de vivienda y la colocaci\u00f3n de cr\u00e9ditos.","robots":{"index":"index","follow":"follow","max-snippet":"max-snippet:-1","max-image-preview":"max-image-preview:large","max-video-preview":"max-video-preview:-1"},"canonical":"https:\/\/centrourbano.com\/revista\/vivienda\/canadevi-scotiabank-potenciaran-colocacion-credito\/","og_locale":"es_ES","og_type":"article","og_title":"Canadevi y Scotiabank potenciar\u00e1n colocaci\u00f3n de cr\u00e9dito -","og_description":"La C\u00e1mara Nacional de la Industria de Desarrollo y Promoci\u00f3n de la vivienda (Canadevi) y Scotiabank firmaron un convenio de colaboraci\u00f3n. Con esta acci\u00f3n, ambas instituciones establecen una alianza comercial, con la que buscan robustecer sinergias en aras, entre otras cosas, de impulsar las ventas de vivienda y la colocaci\u00f3n de cr\u00e9ditos.","og_url":"https:\/\/centrourbano.com\/revista\/vivienda\/canadevi-scotiabank-potenciaran-colocacion-credito\/","og_site_name":"Centro Urbano","article_publisher":"https:\/\/www.facebook.com\/portalcentrourbano","article_published_time":"2017-08-30T13:10:55+00:00","article_modified_time":"2017-08-31T15:46:31+00:00","og_image":[{"width":800,"height":600,"url":"https:\/\/centrourbano.com\/revista\/wp-content\/uploads\/Canadevi_Scotiabank_ALianza-2.jpeg","type":"image\/jpeg"}],"author":"Edgar Rosas","twitter_card":"summary_large_image","twitter_creator":"@https:\/\/twitter.com\/ERosasCU?s=09","twitter_site":"@CentroUrbano","twitter_misc":{"Escrito por":"Edgar Rosas","Tiempo de lectura":"2 minutos"},"schema":{"@context":"https:\/\/schema.org","@graph":[{"@type":"Article","@id":"https:\/\/centrourbano.com\/revista\/vivienda\/canadevi-scotiabank-potenciaran-colocacion-credito\/#article","isPartOf":{"@id":"https:\/\/centrourbano.com\/revista\/vivienda\/canadevi-scotiabank-potenciaran-colocacion-credito\/"},"author":{"name":"Edgar Rosas","@id":"https:\/\/centrourbano.com\/revista\/#\/schema\/person\/ff3c00651ce5b1630479d2cd0c2e3ac0"},"headline":"Canadevi y Scotiabank potenciar\u00e1n colocaci\u00f3n de cr\u00e9dito","datePublished":"2017-08-30T13:10:55+00:00","dateModified":"2017-08-31T15:46:31+00:00","mainEntityOfPage":{"@id":"https:\/\/centrourbano.com\/revista\/vivienda\/canadevi-scotiabank-potenciaran-colocacion-credito\/"},"wordCount":424,"commentCount":0,"publisher":{"@id":"https:\/\/centrourbano.com\/revista\/#organization"},"image":{"@id":"https:\/\/centrourbano.com\/revista\/vivienda\/canadevi-scotiabank-potenciaran-colocacion-credito\/#primaryimage"},"thumbnailUrl":"https:\/\/centrourbano.com\/revista\/wp-content\/uploads\/Canadevi_Scotiabank_ALianza-2.jpeg","keywords":["Alianza Comercial","Canadevi","Carlos Medina Rodr\u00edguez","cr\u00e9dito","Enrique Margain Pitman","Scotiabank","vivienda"],"articleSection":["Vivienda"],"inLanguage":"es","potentialAction":[{"@type":"CommentAction","name":"Comment","target":["https:\/\/centrourbano.com\/revista\/vivienda\/canadevi-scotiabank-potenciaran-colocacion-credito\/#respond"]}]},{"@type":"WebPage","@id":"https:\/\/centrourbano.com\/revista\/vivienda\/canadevi-scotiabank-potenciaran-colocacion-credito\/","url":"https:\/\/centrourbano.com\/revista\/vivienda\/canadevi-scotiabank-potenciaran-colocacion-credito\/","name":"Canadevi y Scotiabank potenciar\u00e1n colocaci\u00f3n de cr\u00e9dito -","isPartOf":{"@id":"https:\/\/centrourbano.com\/revista\/#website"},"primaryImageOfPage":{"@id":"https:\/\/centrourbano.com\/revista\/vivienda\/canadevi-scotiabank-potenciaran-colocacion-credito\/#primaryimage"},"image":{"@id":"https:\/\/centrourbano.com\/revista\/vivienda\/canadevi-scotiabank-potenciaran-colocacion-credito\/#primaryimage"},"thumbnailUrl":"https:\/\/centrourbano.com\/revista\/wp-content\/uploads\/Canadevi_Scotiabank_ALianza-2.jpeg","datePublished":"2017-08-30T13:10:55+00:00","dateModified":"2017-08-31T15:46:31+00:00","description":"La C\u00e1mara Nacional de la Industria de Desarrollo y Promoci\u00f3n de la vivienda (Canadevi) y Scotiabank firmaron un convenio de colaboraci\u00f3n. Con esta acci\u00f3n, ambas instituciones establecen una alianza comercial, con la que buscan robustecer sinergias en aras, entre otras cosas, de impulsar las ventas de vivienda y la colocaci\u00f3n de cr\u00e9ditos.","breadcrumb":{"@id":"https:\/\/centrourbano.com\/revista\/vivienda\/canadevi-scotiabank-potenciaran-colocacion-credito\/#breadcrumb"},"inLanguage":"es","potentialAction":[{"@type":"ReadAction","target":["https:\/\/centrourbano.com\/revista\/vivienda\/canadevi-scotiabank-potenciaran-colocacion-credito\/"]}]},{"@type":"ImageObject","inLanguage":"es","@id":"https:\/\/centrourbano.com\/revista\/vivienda\/canadevi-scotiabank-potenciaran-colocacion-credito\/#primaryimage","url":"https:\/\/centrourbano.com\/revista\/wp-content\/uploads\/Canadevi_Scotiabank_ALianza-2.jpeg","contentUrl":"https:\/\/centrourbano.com\/revista\/wp-content\/uploads\/Canadevi_Scotiabank_ALianza-2.jpeg","width":800,"height":600,"caption":"La C\u00e1mara y el banco establecieron una alianza comercial que busca impulsar las ventas en el sector"},{"@type":"BreadcrumbList","@id":"https:\/\/centrourbano.com\/revista\/vivienda\/canadevi-scotiabank-potenciaran-colocacion-credito\/#breadcrumb","itemListElement":[{"@type":"ListItem","position":1,"name":"Portada","item":"https:\/\/centrourbano.com\/revista\/"},{"@type":"ListItem","position":2,"name":"Canadevi y Scotiabank potenciar\u00e1n colocaci\u00f3n de cr\u00e9dito"}]},{"@type":"WebSite","@id":"https:\/\/centrourbano.com\/revista\/#website","url":"https:\/\/centrourbano.com\/revista\/","name":"Centro Urbano","description":"Medio especializado en los sectores vivienda, inmobiliario, construcci\u00f3n, arquitectura y urbanismo.","publisher":{"@id":"https:\/\/centrourbano.com\/revista\/#organization"},"potentialAction":[{"@type":"SearchAction","target":{"@type":"EntryPoint","urlTemplate":"https:\/\/centrourbano.com\/revista\/?s={search_term_string}"},"query-input":{"@type":"PropertyValueSpecification","valueRequired":true,"valueName":"search_term_string"}}],"inLanguage":"es"},{"@type":"Organization","@id":"https:\/\/centrourbano.com\/revista\/#organization","name":"Centro Urbano","url":"https:\/\/centrourbano.com\/revista\/","logo":{"@type":"ImageObject","inLanguage":"es","@id":"https:\/\/centrourbano.com\/revista\/#\/schema\/logo\/image\/","url":"https:\/\/centrourbano.com\/revista\/wp-content\/uploads\/web_CU_logo-1.png","contentUrl":"https:\/\/centrourbano.com\/revista\/wp-content\/uploads\/web_CU_logo-1.png","width":350,"height":91,"caption":"Centro Urbano"},"image":{"@id":"https:\/\/centrourbano.com\/revista\/#\/schema\/logo\/image\/"},"sameAs":["https:\/\/www.facebook.com\/portalcentrourbano","https:\/\/x.com\/CentroUrbano","https:\/\/www.instagram.com\/centro_urbano\/","https:\/\/www.linkedin.com\/company\/centro-urbano\/","http:\/\/www.youtube.com\/user\/portalcentrourbano"]},{"@type":"Person","@id":"https:\/\/centrourbano.com\/revista\/#\/schema\/person\/ff3c00651ce5b1630479d2cd0c2e3ac0","name":"Edgar Rosas","image":{"@type":"ImageObject","inLanguage":"es","@id":"https:\/\/secure.gravatar.com\/avatar\/94440c4283495211faa5300bf85e80061036b83fced868c3783aa1310b350d9c?s=96&d=mm&r=g","url":"https:\/\/secure.gravatar.com\/avatar\/94440c4283495211faa5300bf85e80061036b83fced868c3783aa1310b350d9c?s=96&d=mm&r=g","contentUrl":"https:\/\/secure.gravatar.com\/avatar\/94440c4283495211faa5300bf85e80061036b83fced868c3783aa1310b350d9c?s=96&d=mm&r=g","caption":"Edgar Rosas"},"description":"Editor en Jefe de Centro Urbano. Egresado de la maestr\u00eda en Periodismo Pol\u00edtico de la Escuela de Periodismo Carlos Septi\u00e9n Garc\u00eda (EPCSG). Estudi\u00f3 la licenciatura en Comunicaci\u00f3n en la Universidad Mexicana. Amante de la cr\u00f3nica y el reportaje. Admirador de Vicente Le\u00f1ero y Miguel \u00c1ngel Granados Chapa.","sameAs":["https:\/\/x.com\/https:\/\/twitter.com\/ERosasCU?s=09"],"url":"https:\/\/centrourbano.com\/revista\/author\/edgar-rosas\/"}]}},"_links":{"self":[{"href":"https:\/\/centrourbano.com\/revista\/wp-json\/wp\/v2\/posts\/59018","targetHints":{"allow":["GET"]}}],"collection":[{"href":"https:\/\/centrourbano.com\/revista\/wp-json\/wp\/v2\/posts"}],"about":[{"href":"https:\/\/centrourbano.com\/revista\/wp-json\/wp\/v2\/types\/post"}],"author":[{"embeddable":true,"href":"https:\/\/centrourbano.com\/revista\/wp-json\/wp\/v2\/users\/47"}],"replies":[{"embeddable":true,"href":"https:\/\/centrourbano.com\/revista\/wp-json\/wp\/v2\/comments?post=59018"}],"version-history":[{"count":0,"href":"https:\/\/centrourbano.com\/revista\/wp-json\/wp\/v2\/posts\/59018\/revisions"}],"wp:featuredmedia":[{"embeddable":true,"href":"https:\/\/centrourbano.com\/revista\/wp-json\/wp\/v2\/media\/59024"}],"wp:attachment":[{"href":"https:\/\/centrourbano.com\/revista\/wp-json\/wp\/v2\/media?parent=59018"}],"wp:term":[{"taxonomy":"category","embeddable":true,"href":"https:\/\/centrourbano.com\/revista\/wp-json\/wp\/v2\/categories?post=59018"},{"taxonomy":"post_tag","embeddable":true,"href":"https:\/\/centrourbano.com\/revista\/wp-json\/wp\/v2\/tags?post=59018"}],"curies":[{"name":"wp","href":"https:\/\/api.w.org\/{rel}","templated":true}]}}