{"id":58343,"date":"2017-08-17T13:50:56","date_gmt":"2017-08-17T18:50:56","guid":{"rendered":"https:\/\/centrourbano.com\/?p=58343"},"modified":"2017-08-17T15:20:11","modified_gmt":"2017-08-17T20:20:11","slug":"se-construyo-carcamo-desnivel-mixcoac-insurgentes","status":"publish","type":"post","link":"https:\/\/centrourbano.com\/revista\/construccion\/se-construyo-carcamo-desnivel-mixcoac-insurgentes\/","title":{"rendered":"Se construy\u00f3 c\u00e1rcamo en desnivel Mixcoac-Insurgentes"},"content":{"rendered":"<p><em>Recolectar\u00e1 el agua de lluvia para evitar encharcamientos y agilizar el tr\u00e1nsito de los autom\u00f3viles<\/em><\/p>\n<p><!--more--><\/p>\n<p>En las obras del desnivel Mixcoac-Insurgentes se incluy\u00f3 la construcci\u00f3n de un c\u00e1rcamo que recaudar\u00e1 el agua de lluvia, para prevenir inundaciones y mejorar la seguridad de peatones y automovilistas.<\/p>\n<p>La bomba hidr\u00e1ulica se ubica en Mixcoac en su cruce con Barranca del Muerto, recolectar\u00e1 el agua excedente para agilizar el tr\u00e1nsito de la avenida durante la temporada de lluvias.<\/p>\n<p>Tendr\u00e1 una capacidad de almacenamiento de 240,000 litros, una cantidad equivalente a 240 tinacos caseros. Su profundidad ser\u00e1 de 32 metros para darle un margen mayor al punto m\u00e1s profundo del desnivel Mixcoac, que es de 23 metros.<\/p>\n<p>Para evitar que las lluvias lleguen a la parte m\u00e1s baja de los t\u00faneles, se habilitaron coladeras pluviales verticales en las rampas de la entrada, denominadas bocas de tormenta, que canalizar\u00e1n el agua y la enviar\u00e1n al c\u00e1rcamo para ser bombeada a trav\u00e9s de un sistema de tuber\u00edas.<\/p>\n<p>En el interior de los t\u00faneles se instal\u00f3 un sistema de drenaje, que cuenta con rejillas de desag\u00fce colocadas a 30 metros de distancia entre s\u00ed conectadas al c\u00e1rcamo, para que la corriente que provenga del desnivel sea enviada al mismo punto.<\/p>\n<p>Esta obra incluy\u00f3 un fortalecimiento hidr\u00e1ulico de la zona para mejorar la estructura que ya exist\u00eda, explic\u00f3 el <strong>Secretario de Obras y Servicios de la Ciudad de M\u00e9xico<\/strong>, Edgar Tung\u00fc\u00ed Rodr\u00edguez.<\/p>\n<p>\u201cEl c\u00e1rcamo funciona a trav\u00e9s de cuatro bombas; dos de ellas se activan de manera autom\u00e1tica cuando el agua llega al 25% de su capacidad, si se presentan vol\u00famenes que lleguen al 50% entrar\u00e1 en funcionamiento la tercera, y una vez que el agua rebase este porcentaje operar\u00e1 de manera manual la cuarta bomba\u201d.<\/p>\n<p>El proyecto fue construido por la <a href=\"http:\/\/www.obras.cdmx.gob.mx\/\"><strong>Secretar\u00eda de Obras y Servicios (Sobse)<\/strong><\/a> de acuerdo con las recomendaciones del Sistema de Aguas de la Ciudad de M\u00e9xico.<\/p>\n<p>Tambi\u00e9n se colocaron galer\u00edas de concreto para proteger cuatro colectores de aguas residuales que se encontraron a lo largo de 1.3 kil\u00f3metros en la obra del doble t\u00fanel.<\/p>\n<p>Edgar Tung\u00fci coment\u00f3 que \u201ccon el nuevo c\u00e1rcamo de bombeo y la rehabilitaci\u00f3n de los colectores, se cumplen las medidas de seguridad necesarias para mitigar encharcamientos e inundaciones al interior del desnivel, y garantizar su correcto funcionamiento a\u00fan en temporada de lluvias\u00bb.<\/p>\n","protected":false},"excerpt":{"rendered":"<p>Recolectar\u00e1 el agua de lluvia para evitar encharcamientos y agilizar el tr\u00e1nsito de los autom\u00f3viles<\/p>\n","protected":false},"author":77,"featured_media":58346,"comment_status":"open","ping_status":"closed","sticky":false,"template":"","format":"standard","meta":{"inline_featured_image":false,"footnotes":""},"categories":[14],"tags":[5522,5097,10944,402],"class_list":["post-58343","post","type-post","status-publish","format-standard","has-post-thumbnail","hentry","category-construccion","tag-desnivel-mixcoac-insurgentes","tag-edgar-oswaldo-tungui-rodriguez","tag-secretaria-de-obras","tag-sobse"],"yoast_head":"<!-- This site is optimized with the Yoast SEO plugin v28.4 - https:\/\/yoast.com\/product\/yoast-seo-wordpress\/ -->\n<title>Se construy\u00f3 c\u00e1rcamo en desnivel Mixcoac-Insurgentes -<\/title>\n<meta name=\"description\" content=\"Recolectar\u00e1 el agua de lluvia para evitar encharcamientos y agilizar el tr\u00e1nsito de los autom\u00f3viles\" \/>\n<meta name=\"robots\" content=\"index, follow, max-snippet:-1, max-image-preview:large, max-video-preview:-1\" \/>\n<link rel=\"canonical\" href=\"https:\/\/centrourbano.com\/revista\/construccion\/se-construyo-carcamo-desnivel-mixcoac-insurgentes\/\" \/>\n<meta property=\"og:locale\" content=\"es_ES\" \/>\n<meta property=\"og:type\" content=\"article\" \/>\n<meta property=\"og:title\" content=\"Se construy\u00f3 c\u00e1rcamo en desnivel Mixcoac-Insurgentes -\" \/>\n<meta property=\"og:description\" content=\"Recolectar\u00e1 el agua de lluvia para evitar encharcamientos y agilizar el tr\u00e1nsito de los autom\u00f3viles\" \/>\n<meta property=\"og:url\" content=\"https:\/\/centrourbano.com\/revista\/construccion\/se-construyo-carcamo-desnivel-mixcoac-insurgentes\/\" \/>\n<meta property=\"og:site_name\" content=\"Centro Urbano\" \/>\n<meta property=\"article:publisher\" content=\"https:\/\/www.facebook.com\/portalcentrourbano\" \/>\n<meta property=\"article:published_time\" content=\"2017-08-17T18:50:56+00:00\" \/>\n<meta property=\"article:modified_time\" content=\"2017-08-17T20:20:11+00:00\" \/>\n<meta property=\"og:image\" content=\"https:\/\/centrourbano.com\/revista\/wp-content\/uploads\/ASPECTO-EXTERIOR-1.jpeg\" \/>\n\t<meta property=\"og:image:width\" content=\"1162\" \/>\n\t<meta property=\"og:image:height\" content=\"446\" \/>\n\t<meta property=\"og:image:type\" content=\"image\/jpeg\" \/>\n<meta name=\"author\" content=\"G4A\" \/>\n<meta name=\"twitter:card\" content=\"summary_large_image\" \/>\n<meta name=\"twitter:creator\" content=\"@CentroUrbano\" \/>\n<meta name=\"twitter:site\" content=\"@CentroUrbano\" \/>\n<meta name=\"twitter:label1\" content=\"Escrito por\" \/>\n\t<meta name=\"twitter:data1\" content=\"G4A\" \/>\n\t<meta name=\"twitter:label2\" content=\"Tiempo de lectura\" \/>\n\t<meta name=\"twitter:data2\" content=\"2 minutos\" \/>\n<script type=\"application\/ld+json\" class=\"yoast-schema-graph\">{\"@context\":\"https:\\\/\\\/schema.org\",\"@graph\":[{\"@type\":\"Article\",\"@id\":\"https:\\\/\\\/centrourbano.com\\\/revista\\\/construccion\\\/se-construyo-carcamo-desnivel-mixcoac-insurgentes\\\/#article\",\"isPartOf\":{\"@id\":\"https:\\\/\\\/centrourbano.com\\\/revista\\\/construccion\\\/se-construyo-carcamo-desnivel-mixcoac-insurgentes\\\/\"},\"author\":{\"name\":\"G4A\",\"@id\":\"https:\\\/\\\/centrourbano.com\\\/revista\\\/#\\\/schema\\\/person\\\/370fa0ba2d8dd5bde3fdb8b62ad360aa\"},\"headline\":\"Se construy\u00f3 c\u00e1rcamo en desnivel Mixcoac-Insurgentes\",\"datePublished\":\"2017-08-17T18:50:56+00:00\",\"dateModified\":\"2017-08-17T20:20:11+00:00\",\"mainEntityOfPage\":{\"@id\":\"https:\\\/\\\/centrourbano.com\\\/revista\\\/construccion\\\/se-construyo-carcamo-desnivel-mixcoac-insurgentes\\\/\"},\"wordCount\":418,\"commentCount\":0,\"publisher\":{\"@id\":\"https:\\\/\\\/centrourbano.com\\\/revista\\\/#organization\"},\"image\":{\"@id\":\"https:\\\/\\\/centrourbano.com\\\/revista\\\/construccion\\\/se-construyo-carcamo-desnivel-mixcoac-insurgentes\\\/#primaryimage\"},\"thumbnailUrl\":\"https:\\\/\\\/centrourbano.com\\\/revista\\\/wp-content\\\/uploads\\\/ASPECTO-EXTERIOR-1.jpeg\",\"keywords\":[\"Desnivel Mixcoac-Insurgentes\",\"\u00c9dgar Oswaldo Tung\u00fc\u00ed Rodr\u00edguez\",\"Secretaria de Obras\",\"Sobse\"],\"articleSection\":[\"Construcci\u00f3n\"],\"inLanguage\":\"es\"},{\"@type\":\"WebPage\",\"@id\":\"https:\\\/\\\/centrourbano.com\\\/revista\\\/construccion\\\/se-construyo-carcamo-desnivel-mixcoac-insurgentes\\\/\",\"url\":\"https:\\\/\\\/centrourbano.com\\\/revista\\\/construccion\\\/se-construyo-carcamo-desnivel-mixcoac-insurgentes\\\/\",\"name\":\"Se construy\u00f3 c\u00e1rcamo en desnivel Mixcoac-Insurgentes -\",\"isPartOf\":{\"@id\":\"https:\\\/\\\/centrourbano.com\\\/revista\\\/#website\"},\"primaryImageOfPage\":{\"@id\":\"https:\\\/\\\/centrourbano.com\\\/revista\\\/construccion\\\/se-construyo-carcamo-desnivel-mixcoac-insurgentes\\\/#primaryimage\"},\"image\":{\"@id\":\"https:\\\/\\\/centrourbano.com\\\/revista\\\/construccion\\\/se-construyo-carcamo-desnivel-mixcoac-insurgentes\\\/#primaryimage\"},\"thumbnailUrl\":\"https:\\\/\\\/centrourbano.com\\\/revista\\\/wp-content\\\/uploads\\\/ASPECTO-EXTERIOR-1.jpeg\",\"datePublished\":\"2017-08-17T18:50:56+00:00\",\"dateModified\":\"2017-08-17T20:20:11+00:00\",\"description\":\"Recolectar\u00e1 el agua de lluvia para evitar encharcamientos y agilizar el tr\u00e1nsito de los autom\u00f3viles\",\"breadcrumb\":{\"@id\":\"https:\\\/\\\/centrourbano.com\\\/revista\\\/construccion\\\/se-construyo-carcamo-desnivel-mixcoac-insurgentes\\\/#breadcrumb\"},\"inLanguage\":\"es\",\"potentialAction\":[{\"@type\":\"ReadAction\",\"target\":[\"https:\\\/\\\/centrourbano.com\\\/revista\\\/construccion\\\/se-construyo-carcamo-desnivel-mixcoac-insurgentes\\\/\"]}]},{\"@type\":\"ImageObject\",\"inLanguage\":\"es\",\"@id\":\"https:\\\/\\\/centrourbano.com\\\/revista\\\/construccion\\\/se-construyo-carcamo-desnivel-mixcoac-insurgentes\\\/#primaryimage\",\"url\":\"https:\\\/\\\/centrourbano.com\\\/revista\\\/wp-content\\\/uploads\\\/ASPECTO-EXTERIOR-1.jpeg\",\"contentUrl\":\"https:\\\/\\\/centrourbano.com\\\/revista\\\/wp-content\\\/uploads\\\/ASPECTO-EXTERIOR-1.jpeg\",\"width\":1162,\"height\":446,\"caption\":\"Recolectar\u00e1 el agua de lluvia para evitar encharcamientos y agilizar el tr\u00e1nsito de los autom\u00f3viles\"},{\"@type\":\"BreadcrumbList\",\"@id\":\"https:\\\/\\\/centrourbano.com\\\/revista\\\/construccion\\\/se-construyo-carcamo-desnivel-mixcoac-insurgentes\\\/#breadcrumb\",\"itemListElement\":[{\"@type\":\"ListItem\",\"position\":1,\"name\":\"Portada\",\"item\":\"https:\\\/\\\/centrourbano.com\\\/revista\\\/\"},{\"@type\":\"ListItem\",\"position\":2,\"name\":\"Se construy\u00f3 c\u00e1rcamo en desnivel Mixcoac-Insurgentes\"}]},{\"@type\":\"WebSite\",\"@id\":\"https:\\\/\\\/centrourbano.com\\\/revista\\\/#website\",\"url\":\"https:\\\/\\\/centrourbano.com\\\/revista\\\/\",\"name\":\"Centro Urbano\",\"description\":\"Medio especializado en los sectores vivienda, inmobiliario, construcci\u00f3n, arquitectura y urbanismo.\",\"publisher\":{\"@id\":\"https:\\\/\\\/centrourbano.com\\\/revista\\\/#organization\"},\"potentialAction\":[{\"@type\":\"SearchAction\",\"target\":{\"@type\":\"EntryPoint\",\"urlTemplate\":\"https:\\\/\\\/centrourbano.com\\\/revista\\\/?s={search_term_string}\"},\"query-input\":{\"@type\":\"PropertyValueSpecification\",\"valueRequired\":true,\"valueName\":\"search_term_string\"}}],\"inLanguage\":\"es\"},{\"@type\":\"Organization\",\"@id\":\"https:\\\/\\\/centrourbano.com\\\/revista\\\/#organization\",\"name\":\"Centro Urbano\",\"url\":\"https:\\\/\\\/centrourbano.com\\\/revista\\\/\",\"logo\":{\"@type\":\"ImageObject\",\"inLanguage\":\"es\",\"@id\":\"https:\\\/\\\/centrourbano.com\\\/revista\\\/#\\\/schema\\\/logo\\\/image\\\/\",\"url\":\"https:\\\/\\\/centrourbano.com\\\/revista\\\/wp-content\\\/uploads\\\/web_CU_logo-1.png\",\"contentUrl\":\"https:\\\/\\\/centrourbano.com\\\/revista\\\/wp-content\\\/uploads\\\/web_CU_logo-1.png\",\"width\":350,\"height\":91,\"caption\":\"Centro Urbano\"},\"image\":{\"@id\":\"https:\\\/\\\/centrourbano.com\\\/revista\\\/#\\\/schema\\\/logo\\\/image\\\/\"},\"sameAs\":[\"https:\\\/\\\/www.facebook.com\\\/portalcentrourbano\",\"https:\\\/\\\/x.com\\\/CentroUrbano\",\"https:\\\/\\\/www.instagram.com\\\/centro_urbano\\\/\",\"https:\\\/\\\/www.linkedin.com\\\/company\\\/centro-urbano\\\/\",\"http:\\\/\\\/www.youtube.com\\\/user\\\/portalcentrourbano\"]},{\"@type\":\"Person\",\"@id\":\"https:\\\/\\\/centrourbano.com\\\/revista\\\/#\\\/schema\\\/person\\\/370fa0ba2d8dd5bde3fdb8b62ad360aa\",\"name\":\"G4A\",\"image\":{\"@type\":\"ImageObject\",\"inLanguage\":\"es\",\"@id\":\"https:\\\/\\\/secure.gravatar.com\\\/avatar\\\/932a97121b13d5de5bbd8193c6c83d3b92c9eda0f39623607d4280e7a5778d97?s=96&d=mm&r=g\",\"url\":\"https:\\\/\\\/secure.gravatar.com\\\/avatar\\\/932a97121b13d5de5bbd8193c6c83d3b92c9eda0f39623607d4280e7a5778d97?s=96&d=mm&r=g\",\"contentUrl\":\"https:\\\/\\\/secure.gravatar.com\\\/avatar\\\/932a97121b13d5de5bbd8193c6c83d3b92c9eda0f39623607d4280e7a5778d97?s=96&d=mm&r=g\",\"caption\":\"G4A\"},\"url\":\"https:\\\/\\\/centrourbano.com\\\/revista\\\/author\\\/admin-g4a\\\/\"}]}<\/script>\n<!-- \/ Yoast SEO plugin. -->","yoast_head_json":{"title":"Se construy\u00f3 c\u00e1rcamo en desnivel Mixcoac-Insurgentes -","description":"Recolectar\u00e1 el agua de lluvia para evitar encharcamientos y agilizar el tr\u00e1nsito de los autom\u00f3viles","robots":{"index":"index","follow":"follow","max-snippet":"max-snippet:-1","max-image-preview":"max-image-preview:large","max-video-preview":"max-video-preview:-1"},"canonical":"https:\/\/centrourbano.com\/revista\/construccion\/se-construyo-carcamo-desnivel-mixcoac-insurgentes\/","og_locale":"es_ES","og_type":"article","og_title":"Se construy\u00f3 c\u00e1rcamo en desnivel Mixcoac-Insurgentes -","og_description":"Recolectar\u00e1 el agua de lluvia para evitar encharcamientos y agilizar el tr\u00e1nsito de los autom\u00f3viles","og_url":"https:\/\/centrourbano.com\/revista\/construccion\/se-construyo-carcamo-desnivel-mixcoac-insurgentes\/","og_site_name":"Centro Urbano","article_publisher":"https:\/\/www.facebook.com\/portalcentrourbano","article_published_time":"2017-08-17T18:50:56+00:00","article_modified_time":"2017-08-17T20:20:11+00:00","og_image":[{"width":1162,"height":446,"url":"https:\/\/centrourbano.com\/revista\/wp-content\/uploads\/ASPECTO-EXTERIOR-1.jpeg","type":"image\/jpeg"}],"author":"G4A","twitter_card":"summary_large_image","twitter_creator":"@CentroUrbano","twitter_site":"@CentroUrbano","twitter_misc":{"Escrito por":"G4A","Tiempo de lectura":"2 minutos"},"schema":{"@context":"https:\/\/schema.org","@graph":[{"@type":"Article","@id":"https:\/\/centrourbano.com\/revista\/construccion\/se-construyo-carcamo-desnivel-mixcoac-insurgentes\/#article","isPartOf":{"@id":"https:\/\/centrourbano.com\/revista\/construccion\/se-construyo-carcamo-desnivel-mixcoac-insurgentes\/"},"author":{"name":"G4A","@id":"https:\/\/centrourbano.com\/revista\/#\/schema\/person\/370fa0ba2d8dd5bde3fdb8b62ad360aa"},"headline":"Se construy\u00f3 c\u00e1rcamo en desnivel Mixcoac-Insurgentes","datePublished":"2017-08-17T18:50:56+00:00","dateModified":"2017-08-17T20:20:11+00:00","mainEntityOfPage":{"@id":"https:\/\/centrourbano.com\/revista\/construccion\/se-construyo-carcamo-desnivel-mixcoac-insurgentes\/"},"wordCount":418,"commentCount":0,"publisher":{"@id":"https:\/\/centrourbano.com\/revista\/#organization"},"image":{"@id":"https:\/\/centrourbano.com\/revista\/construccion\/se-construyo-carcamo-desnivel-mixcoac-insurgentes\/#primaryimage"},"thumbnailUrl":"https:\/\/centrourbano.com\/revista\/wp-content\/uploads\/ASPECTO-EXTERIOR-1.jpeg","keywords":["Desnivel Mixcoac-Insurgentes","\u00c9dgar Oswaldo Tung\u00fc\u00ed Rodr\u00edguez","Secretaria de Obras","Sobse"],"articleSection":["Construcci\u00f3n"],"inLanguage":"es"},{"@type":"WebPage","@id":"https:\/\/centrourbano.com\/revista\/construccion\/se-construyo-carcamo-desnivel-mixcoac-insurgentes\/","url":"https:\/\/centrourbano.com\/revista\/construccion\/se-construyo-carcamo-desnivel-mixcoac-insurgentes\/","name":"Se construy\u00f3 c\u00e1rcamo en desnivel Mixcoac-Insurgentes -","isPartOf":{"@id":"https:\/\/centrourbano.com\/revista\/#website"},"primaryImageOfPage":{"@id":"https:\/\/centrourbano.com\/revista\/construccion\/se-construyo-carcamo-desnivel-mixcoac-insurgentes\/#primaryimage"},"image":{"@id":"https:\/\/centrourbano.com\/revista\/construccion\/se-construyo-carcamo-desnivel-mixcoac-insurgentes\/#primaryimage"},"thumbnailUrl":"https:\/\/centrourbano.com\/revista\/wp-content\/uploads\/ASPECTO-EXTERIOR-1.jpeg","datePublished":"2017-08-17T18:50:56+00:00","dateModified":"2017-08-17T20:20:11+00:00","description":"Recolectar\u00e1 el agua de lluvia para evitar encharcamientos y agilizar el tr\u00e1nsito de los autom\u00f3viles","breadcrumb":{"@id":"https:\/\/centrourbano.com\/revista\/construccion\/se-construyo-carcamo-desnivel-mixcoac-insurgentes\/#breadcrumb"},"inLanguage":"es","potentialAction":[{"@type":"ReadAction","target":["https:\/\/centrourbano.com\/revista\/construccion\/se-construyo-carcamo-desnivel-mixcoac-insurgentes\/"]}]},{"@type":"ImageObject","inLanguage":"es","@id":"https:\/\/centrourbano.com\/revista\/construccion\/se-construyo-carcamo-desnivel-mixcoac-insurgentes\/#primaryimage","url":"https:\/\/centrourbano.com\/revista\/wp-content\/uploads\/ASPECTO-EXTERIOR-1.jpeg","contentUrl":"https:\/\/centrourbano.com\/revista\/wp-content\/uploads\/ASPECTO-EXTERIOR-1.jpeg","width":1162,"height":446,"caption":"Recolectar\u00e1 el agua de lluvia para evitar encharcamientos y agilizar el tr\u00e1nsito de los autom\u00f3viles"},{"@type":"BreadcrumbList","@id":"https:\/\/centrourbano.com\/revista\/construccion\/se-construyo-carcamo-desnivel-mixcoac-insurgentes\/#breadcrumb","itemListElement":[{"@type":"ListItem","position":1,"name":"Portada","item":"https:\/\/centrourbano.com\/revista\/"},{"@type":"ListItem","position":2,"name":"Se construy\u00f3 c\u00e1rcamo en desnivel Mixcoac-Insurgentes"}]},{"@type":"WebSite","@id":"https:\/\/centrourbano.com\/revista\/#website","url":"https:\/\/centrourbano.com\/revista\/","name":"Centro Urbano","description":"Medio especializado en los sectores vivienda, inmobiliario, construcci\u00f3n, arquitectura y urbanismo.","publisher":{"@id":"https:\/\/centrourbano.com\/revista\/#organization"},"potentialAction":[{"@type":"SearchAction","target":{"@type":"EntryPoint","urlTemplate":"https:\/\/centrourbano.com\/revista\/?s={search_term_string}"},"query-input":{"@type":"PropertyValueSpecification","valueRequired":true,"valueName":"search_term_string"}}],"inLanguage":"es"},{"@type":"Organization","@id":"https:\/\/centrourbano.com\/revista\/#organization","name":"Centro Urbano","url":"https:\/\/centrourbano.com\/revista\/","logo":{"@type":"ImageObject","inLanguage":"es","@id":"https:\/\/centrourbano.com\/revista\/#\/schema\/logo\/image\/","url":"https:\/\/centrourbano.com\/revista\/wp-content\/uploads\/web_CU_logo-1.png","contentUrl":"https:\/\/centrourbano.com\/revista\/wp-content\/uploads\/web_CU_logo-1.png","width":350,"height":91,"caption":"Centro Urbano"},"image":{"@id":"https:\/\/centrourbano.com\/revista\/#\/schema\/logo\/image\/"},"sameAs":["https:\/\/www.facebook.com\/portalcentrourbano","https:\/\/x.com\/CentroUrbano","https:\/\/www.instagram.com\/centro_urbano\/","https:\/\/www.linkedin.com\/company\/centro-urbano\/","http:\/\/www.youtube.com\/user\/portalcentrourbano"]},{"@type":"Person","@id":"https:\/\/centrourbano.com\/revista\/#\/schema\/person\/370fa0ba2d8dd5bde3fdb8b62ad360aa","name":"G4A","image":{"@type":"ImageObject","inLanguage":"es","@id":"https:\/\/secure.gravatar.com\/avatar\/932a97121b13d5de5bbd8193c6c83d3b92c9eda0f39623607d4280e7a5778d97?s=96&d=mm&r=g","url":"https:\/\/secure.gravatar.com\/avatar\/932a97121b13d5de5bbd8193c6c83d3b92c9eda0f39623607d4280e7a5778d97?s=96&d=mm&r=g","contentUrl":"https:\/\/secure.gravatar.com\/avatar\/932a97121b13d5de5bbd8193c6c83d3b92c9eda0f39623607d4280e7a5778d97?s=96&d=mm&r=g","caption":"G4A"},"url":"https:\/\/centrourbano.com\/revista\/author\/admin-g4a\/"}]}},"_links":{"self":[{"href":"https:\/\/centrourbano.com\/revista\/wp-json\/wp\/v2\/posts\/58343","targetHints":{"allow":["GET"]}}],"collection":[{"href":"https:\/\/centrourbano.com\/revista\/wp-json\/wp\/v2\/posts"}],"about":[{"href":"https:\/\/centrourbano.com\/revista\/wp-json\/wp\/v2\/types\/post"}],"author":[{"embeddable":true,"href":"https:\/\/centrourbano.com\/revista\/wp-json\/wp\/v2\/users\/77"}],"replies":[{"embeddable":true,"href":"https:\/\/centrourbano.com\/revista\/wp-json\/wp\/v2\/comments?post=58343"}],"version-history":[{"count":0,"href":"https:\/\/centrourbano.com\/revista\/wp-json\/wp\/v2\/posts\/58343\/revisions"}],"wp:featuredmedia":[{"embeddable":true,"href":"https:\/\/centrourbano.com\/revista\/wp-json\/wp\/v2\/media\/58346"}],"wp:attachment":[{"href":"https:\/\/centrourbano.com\/revista\/wp-json\/wp\/v2\/media?parent=58343"}],"wp:term":[{"taxonomy":"category","embeddable":true,"href":"https:\/\/centrourbano.com\/revista\/wp-json\/wp\/v2\/categories?post=58343"},{"taxonomy":"post_tag","embeddable":true,"href":"https:\/\/centrourbano.com\/revista\/wp-json\/wp\/v2\/tags?post=58343"}],"curies":[{"name":"wp","href":"https:\/\/api.w.org\/{rel}","templated":true}]}}