{"id":58032,"date":"2017-08-11T14:49:25","date_gmt":"2017-08-11T19:49:25","guid":{"rendered":"https:\/\/centrourbano.com\/?p=58032"},"modified":"2017-08-11T14:53:19","modified_gmt":"2017-08-11T19:53:19","slug":"muestran-cambios-cdmx-gran-maqueta","status":"publish","type":"post","link":"https:\/\/centrourbano.com\/revista\/arquitectura-2\/muestran-cambios-cdmx-gran-maqueta\/","title":{"rendered":"Muestran cambios de la CDMX en gran maqueta"},"content":{"rendered":"<p><em>Mide 234 metros cuadrados, fue realizada por 70 estudiantes y muestra los cambios de la ciudad a trav\u00e9s del tiempo<\/em><br \/>\n<!--more--><\/p>\n<p>&nbsp;<\/p>\n<p>El<a href=\"http:\/\/www.futura.cdmx.gob.mx\/\"> <strong>Centro Interactivo Futura de la Ciudad de M\u00e9xico<\/strong><\/a> se ha convertido en el recinto donde se encuentra la <strong>Gran Maqueta<\/strong> de la capital del pa\u00eds; mide alrededor de 234 metros cuadrados y fue realizada por 70 estudiantes de arquitectura e ingenier\u00eda.<\/p>\n<p>&nbsp;<\/p>\n<p>Alrededor de la maqueta hay gradas con capacidad de albergar hasta a 240 visitantes y se muestra material audiovisual interactivo para dar vida al modelo. Adem\u00e1s de los recursos tecnol\u00f3gicos, la experiencia se complementa con planos y fotograf\u00edas para mostrar los cambios a trav\u00e9s el tiempo, desde el surgimiento de la Gran Tenochtitlan o Aztl\u00e1n, hasta la <a href=\"http:\/\/www.cdmx.gob.mx\/\"><strong>CDMX<\/strong> <\/a>actual, una de las metr\u00f3polis m\u00e1s grandes del mundo.<\/p>\n<p>&nbsp;<\/p>\n<p>El Centro Interactivo se encuentra ubicado en el <a href=\"http:\/\/www.cultura.gob.mx\/turismocultural\/destino_mes\/cd_mexico\/\"><strong>Centro Hist\u00f3rico<\/strong><\/a> de la CDMX, y algunas de las muestras que ahora ofrece a su p\u00fablico son los materiales digitales M\u00e9xico-Tenochtitlan: El imperio de los lagos, un dibujo panor\u00e1mico de la capital realizado por el artista londinense Stephen Wiltshire, quien sobrevol\u00f3 la capital abordo de un helic\u00f3ptero para recrear la urbe a l\u00e1piz en cinco d\u00edas.<\/p>\n<p>&nbsp;<\/p>\n<p>Tambi\u00e9n destaca Panor\u00e1mica CDMX, un dibujo realizado por el mismo autor, la creaci\u00f3n de la Maqueta del Centro Hist\u00f3rico para personas con discapacidad visual y en la Sala Interactiva se incluy\u00f3 la Mapoteca Interactiva, que permite visualizar la transformaci\u00f3n del Valle de M\u00e9xico a trav\u00e9s de c\u00f3dices y mapas de los pueblos prehisp\u00e1nicos.<\/p>\n<p>&nbsp;<\/p>\n<p>En el Tapiz Urbano Ciudades Prehisp\u00e1nicas ofrece informaci\u00f3n sobre las m\u00e1s reconocidas zonas arqueol\u00f3gicas de la ciudad, como el Templo Mayor, Tlatelolco, las chinampas de Xochimilco o la Coyolxauhqui; a La Gran Maqueta se integra un espacio de 234 metros cuadrados que permite comparar la capital con otras ciudades internacionales.<\/p>\n<p>&nbsp;<\/p>\n<a href=\"https:\/\/centrourbano.com\/revista\/wp-content\/uploads\/Gran-maqueta-2.jpeg\"><img loading=\"lazy\" decoding=\"async\" class=\"aligncenter wp-image-58039 size-full\" src=\"https:\/\/centrourbano.com\/revista\/wp-content\/uploads\/Gran-maqueta-2.jpeg\" alt=\"Gran Maqueta CDMX\" width=\"590\" height=\"371\" srcset=\"https:\/\/centrourbano.com\/revista\/wp-content\/uploads\/Gran-maqueta-2.jpeg 590w, https:\/\/centrourbano.com\/revista\/wp-content\/uploads\/Gran-maqueta-2-300x189.jpeg 300w, https:\/\/centrourbano.com\/revista\/wp-content\/uploads\/Gran-maqueta-2-171x108.jpeg 171w\" sizes=\"auto, (max-width: 590px) 100vw, 590px\" \/><\/a>\n","protected":false},"excerpt":{"rendered":"<p>Mide 234 metros cuadrados, fue realizada por 70 estudiantes y muestra los cambios de la ciudad a trav\u00e9s del tiempo<\/p>\n","protected":false},"author":45,"featured_media":58033,"comment_status":"open","ping_status":"closed","sticky":false,"template":"","format":"standard","meta":{"om_disable_all_campaigns":false,"inline_featured_image":false,"_monsterinsights_skip_tracking":false,"_monsterinsights_sitenote_active":false,"_monsterinsights_sitenote_note":"","_monsterinsights_sitenote_category":0,"footnotes":""},"categories":[81],"tags":[606,179,10884,290,8202],"class_list":["post-58032","post","type-post","status-publish","format-standard","has-post-thumbnail","hentry","category-arquitectura-2","tag-cdmx","tag-centro-historico","tag-centro-interactivo-futura","tag-ciudad-de-mexico","tag-gran-maqueta"],"yoast_head":"<!-- This site is optimized with the Yoast SEO plugin v27.4 - https:\/\/yoast.com\/product\/yoast-seo-wordpress\/ -->\n<title>Muestran cambios de la CDMX en gran maqueta -<\/title>\n<meta name=\"description\" content=\"Mide 234 metros cuadrados, fue realizada por 70 estudiantes y muestra los cambios de la ciudad a trav\u00e9s del tiempo\" \/>\n<meta name=\"robots\" content=\"index, follow, max-snippet:-1, max-image-preview:large, max-video-preview:-1\" \/>\n<link rel=\"canonical\" href=\"https:\/\/centrourbano.com\/revista\/arquitectura-2\/muestran-cambios-cdmx-gran-maqueta\/\" \/>\n<meta property=\"og:locale\" content=\"es_ES\" \/>\n<meta property=\"og:type\" content=\"article\" \/>\n<meta property=\"og:title\" content=\"Muestran cambios de la CDMX en gran maqueta -\" \/>\n<meta property=\"og:description\" content=\"Mide 234 metros cuadrados, fue realizada por 70 estudiantes y muestra los cambios de la ciudad a trav\u00e9s del tiempo\" \/>\n<meta property=\"og:url\" content=\"https:\/\/centrourbano.com\/revista\/arquitectura-2\/muestran-cambios-cdmx-gran-maqueta\/\" \/>\n<meta property=\"og:site_name\" content=\"Centro Urbano\" \/>\n<meta property=\"article:publisher\" content=\"https:\/\/www.facebook.com\/portalcentrourbano\" \/>\n<meta property=\"article:published_time\" content=\"2017-08-11T19:49:25+00:00\" \/>\n<meta property=\"article:modified_time\" content=\"2017-08-11T19:53:19+00:00\" \/>\n<meta property=\"og:image\" content=\"https:\/\/centrourbano.com\/revista\/wp-content\/uploads\/gran-maqueta.jpg\" \/>\n\t<meta property=\"og:image:width\" content=\"590\" \/>\n\t<meta property=\"og:image:height\" content=\"371\" \/>\n\t<meta property=\"og:image:type\" content=\"image\/jpeg\" \/>\n<meta name=\"author\" content=\"Hanae Pacheco\" \/>\n<meta name=\"twitter:card\" content=\"summary_large_image\" \/>\n<meta name=\"twitter:creator\" content=\"@CentroUrbano\" \/>\n<meta name=\"twitter:site\" content=\"@CentroUrbano\" \/>\n<meta name=\"twitter:label1\" content=\"Escrito por\" \/>\n\t<meta name=\"twitter:data1\" content=\"Hanae Pacheco\" \/>\n\t<meta name=\"twitter:label2\" content=\"Tiempo de lectura\" \/>\n\t<meta name=\"twitter:data2\" content=\"2 minutos\" \/>\n<script type=\"application\/ld+json\" class=\"yoast-schema-graph\">{\"@context\":\"https:\\\/\\\/schema.org\",\"@graph\":[{\"@type\":\"Article\",\"@id\":\"https:\\\/\\\/centrourbano.com\\\/revista\\\/arquitectura-2\\\/muestran-cambios-cdmx-gran-maqueta\\\/#article\",\"isPartOf\":{\"@id\":\"https:\\\/\\\/centrourbano.com\\\/revista\\\/arquitectura-2\\\/muestran-cambios-cdmx-gran-maqueta\\\/\"},\"author\":{\"name\":\"Hanae Pacheco\",\"@id\":\"https:\\\/\\\/centrourbano.com\\\/revista\\\/#\\\/schema\\\/person\\\/db5aba19153b4dc77f48808c4c2e7027\"},\"headline\":\"Muestran cambios de la CDMX en gran maqueta\",\"datePublished\":\"2017-08-11T19:49:25+00:00\",\"dateModified\":\"2017-08-11T19:53:19+00:00\",\"mainEntityOfPage\":{\"@id\":\"https:\\\/\\\/centrourbano.com\\\/revista\\\/arquitectura-2\\\/muestran-cambios-cdmx-gran-maqueta\\\/\"},\"wordCount\":335,\"commentCount\":0,\"publisher\":{\"@id\":\"https:\\\/\\\/centrourbano.com\\\/revista\\\/#organization\"},\"image\":{\"@id\":\"https:\\\/\\\/centrourbano.com\\\/revista\\\/arquitectura-2\\\/muestran-cambios-cdmx-gran-maqueta\\\/#primaryimage\"},\"thumbnailUrl\":\"https:\\\/\\\/centrourbano.com\\\/revista\\\/wp-content\\\/uploads\\\/gran-maqueta.jpg\",\"keywords\":[\"CDMX\",\"Centro Hist\u00f3rico\",\"Centro Interactivo Futura\",\"ciudad de M\u00e9xico\",\"Gran Maqueta\"],\"articleSection\":[\"Arquitectura\"],\"inLanguage\":\"es\",\"potentialAction\":[{\"@type\":\"CommentAction\",\"name\":\"Comment\",\"target\":[\"https:\\\/\\\/centrourbano.com\\\/revista\\\/arquitectura-2\\\/muestran-cambios-cdmx-gran-maqueta\\\/#respond\"]}]},{\"@type\":\"WebPage\",\"@id\":\"https:\\\/\\\/centrourbano.com\\\/revista\\\/arquitectura-2\\\/muestran-cambios-cdmx-gran-maqueta\\\/\",\"url\":\"https:\\\/\\\/centrourbano.com\\\/revista\\\/arquitectura-2\\\/muestran-cambios-cdmx-gran-maqueta\\\/\",\"name\":\"Muestran cambios de la CDMX en gran maqueta -\",\"isPartOf\":{\"@id\":\"https:\\\/\\\/centrourbano.com\\\/revista\\\/#website\"},\"primaryImageOfPage\":{\"@id\":\"https:\\\/\\\/centrourbano.com\\\/revista\\\/arquitectura-2\\\/muestran-cambios-cdmx-gran-maqueta\\\/#primaryimage\"},\"image\":{\"@id\":\"https:\\\/\\\/centrourbano.com\\\/revista\\\/arquitectura-2\\\/muestran-cambios-cdmx-gran-maqueta\\\/#primaryimage\"},\"thumbnailUrl\":\"https:\\\/\\\/centrourbano.com\\\/revista\\\/wp-content\\\/uploads\\\/gran-maqueta.jpg\",\"datePublished\":\"2017-08-11T19:49:25+00:00\",\"dateModified\":\"2017-08-11T19:53:19+00:00\",\"description\":\"Mide 234 metros cuadrados, fue realizada por 70 estudiantes y muestra los cambios de la ciudad a trav\u00e9s del tiempo\",\"breadcrumb\":{\"@id\":\"https:\\\/\\\/centrourbano.com\\\/revista\\\/arquitectura-2\\\/muestran-cambios-cdmx-gran-maqueta\\\/#breadcrumb\"},\"inLanguage\":\"es\",\"potentialAction\":[{\"@type\":\"ReadAction\",\"target\":[\"https:\\\/\\\/centrourbano.com\\\/revista\\\/arquitectura-2\\\/muestran-cambios-cdmx-gran-maqueta\\\/\"]}]},{\"@type\":\"ImageObject\",\"inLanguage\":\"es\",\"@id\":\"https:\\\/\\\/centrourbano.com\\\/revista\\\/arquitectura-2\\\/muestran-cambios-cdmx-gran-maqueta\\\/#primaryimage\",\"url\":\"https:\\\/\\\/centrourbano.com\\\/revista\\\/wp-content\\\/uploads\\\/gran-maqueta.jpg\",\"contentUrl\":\"https:\\\/\\\/centrourbano.com\\\/revista\\\/wp-content\\\/uploads\\\/gran-maqueta.jpg\",\"width\":590,\"height\":371,\"caption\":\"Mide 234 metros cuadrados, fue realizada por 70 estudiantes y muestra los cambios de la ciudad a trav\u00e9s del tiempo\"},{\"@type\":\"BreadcrumbList\",\"@id\":\"https:\\\/\\\/centrourbano.com\\\/revista\\\/arquitectura-2\\\/muestran-cambios-cdmx-gran-maqueta\\\/#breadcrumb\",\"itemListElement\":[{\"@type\":\"ListItem\",\"position\":1,\"name\":\"Portada\",\"item\":\"https:\\\/\\\/centrourbano.com\\\/revista\\\/\"},{\"@type\":\"ListItem\",\"position\":2,\"name\":\"Muestran cambios de la CDMX en gran maqueta\"}]},{\"@type\":\"WebSite\",\"@id\":\"https:\\\/\\\/centrourbano.com\\\/revista\\\/#website\",\"url\":\"https:\\\/\\\/centrourbano.com\\\/revista\\\/\",\"name\":\"Centro Urbano\",\"description\":\"Medio especializado en los sectores vivienda, inmobiliario, construcci\u00f3n, arquitectura y urbanismo.\",\"publisher\":{\"@id\":\"https:\\\/\\\/centrourbano.com\\\/revista\\\/#organization\"},\"potentialAction\":[{\"@type\":\"SearchAction\",\"target\":{\"@type\":\"EntryPoint\",\"urlTemplate\":\"https:\\\/\\\/centrourbano.com\\\/revista\\\/?s={search_term_string}\"},\"query-input\":{\"@type\":\"PropertyValueSpecification\",\"valueRequired\":true,\"valueName\":\"search_term_string\"}}],\"inLanguage\":\"es\"},{\"@type\":\"Organization\",\"@id\":\"https:\\\/\\\/centrourbano.com\\\/revista\\\/#organization\",\"name\":\"Centro Urbano\",\"url\":\"https:\\\/\\\/centrourbano.com\\\/revista\\\/\",\"logo\":{\"@type\":\"ImageObject\",\"inLanguage\":\"es\",\"@id\":\"https:\\\/\\\/centrourbano.com\\\/revista\\\/#\\\/schema\\\/logo\\\/image\\\/\",\"url\":\"https:\\\/\\\/centrourbano.com\\\/revista\\\/wp-content\\\/uploads\\\/web_CU_logo-1.png\",\"contentUrl\":\"https:\\\/\\\/centrourbano.com\\\/revista\\\/wp-content\\\/uploads\\\/web_CU_logo-1.png\",\"width\":350,\"height\":91,\"caption\":\"Centro Urbano\"},\"image\":{\"@id\":\"https:\\\/\\\/centrourbano.com\\\/revista\\\/#\\\/schema\\\/logo\\\/image\\\/\"},\"sameAs\":[\"https:\\\/\\\/www.facebook.com\\\/portalcentrourbano\",\"https:\\\/\\\/x.com\\\/CentroUrbano\",\"https:\\\/\\\/www.instagram.com\\\/centro_urbano\\\/\",\"https:\\\/\\\/www.linkedin.com\\\/company\\\/centro-urbano\\\/\",\"http:\\\/\\\/www.youtube.com\\\/user\\\/portalcentrourbano\"]},{\"@type\":\"Person\",\"@id\":\"https:\\\/\\\/centrourbano.com\\\/revista\\\/#\\\/schema\\\/person\\\/db5aba19153b4dc77f48808c4c2e7027\",\"name\":\"Hanae Pacheco\",\"image\":{\"@type\":\"ImageObject\",\"inLanguage\":\"es\",\"@id\":\"https:\\\/\\\/secure.gravatar.com\\\/avatar\\\/85378918db488c7c72bd7acaea6909bbfd5df076ffaf5e56cf397f98ef67f72d?s=96&d=mm&r=g\",\"url\":\"https:\\\/\\\/secure.gravatar.com\\\/avatar\\\/85378918db488c7c72bd7acaea6909bbfd5df076ffaf5e56cf397f98ef67f72d?s=96&d=mm&r=g\",\"contentUrl\":\"https:\\\/\\\/secure.gravatar.com\\\/avatar\\\/85378918db488c7c72bd7acaea6909bbfd5df076ffaf5e56cf397f98ef67f72d?s=96&d=mm&r=g\",\"caption\":\"Hanae Pacheco\"},\"url\":\"https:\\\/\\\/centrourbano.com\\\/revista\\\/author\\\/hanae-pacheco\\\/\"}]}<\/script>\n<!-- \/ Yoast SEO plugin. -->","yoast_head_json":{"title":"Muestran cambios de la CDMX en gran maqueta -","description":"Mide 234 metros cuadrados, fue realizada por 70 estudiantes y muestra los cambios de la ciudad a trav\u00e9s del tiempo","robots":{"index":"index","follow":"follow","max-snippet":"max-snippet:-1","max-image-preview":"max-image-preview:large","max-video-preview":"max-video-preview:-1"},"canonical":"https:\/\/centrourbano.com\/revista\/arquitectura-2\/muestran-cambios-cdmx-gran-maqueta\/","og_locale":"es_ES","og_type":"article","og_title":"Muestran cambios de la CDMX en gran maqueta -","og_description":"Mide 234 metros cuadrados, fue realizada por 70 estudiantes y muestra los cambios de la ciudad a trav\u00e9s del tiempo","og_url":"https:\/\/centrourbano.com\/revista\/arquitectura-2\/muestran-cambios-cdmx-gran-maqueta\/","og_site_name":"Centro Urbano","article_publisher":"https:\/\/www.facebook.com\/portalcentrourbano","article_published_time":"2017-08-11T19:49:25+00:00","article_modified_time":"2017-08-11T19:53:19+00:00","og_image":[{"width":590,"height":371,"url":"https:\/\/centrourbano.com\/revista\/wp-content\/uploads\/gran-maqueta.jpg","type":"image\/jpeg"}],"author":"Hanae Pacheco","twitter_card":"summary_large_image","twitter_creator":"@CentroUrbano","twitter_site":"@CentroUrbano","twitter_misc":{"Escrito por":"Hanae Pacheco","Tiempo de lectura":"2 minutos"},"schema":{"@context":"https:\/\/schema.org","@graph":[{"@type":"Article","@id":"https:\/\/centrourbano.com\/revista\/arquitectura-2\/muestran-cambios-cdmx-gran-maqueta\/#article","isPartOf":{"@id":"https:\/\/centrourbano.com\/revista\/arquitectura-2\/muestran-cambios-cdmx-gran-maqueta\/"},"author":{"name":"Hanae Pacheco","@id":"https:\/\/centrourbano.com\/revista\/#\/schema\/person\/db5aba19153b4dc77f48808c4c2e7027"},"headline":"Muestran cambios de la CDMX en gran maqueta","datePublished":"2017-08-11T19:49:25+00:00","dateModified":"2017-08-11T19:53:19+00:00","mainEntityOfPage":{"@id":"https:\/\/centrourbano.com\/revista\/arquitectura-2\/muestran-cambios-cdmx-gran-maqueta\/"},"wordCount":335,"commentCount":0,"publisher":{"@id":"https:\/\/centrourbano.com\/revista\/#organization"},"image":{"@id":"https:\/\/centrourbano.com\/revista\/arquitectura-2\/muestran-cambios-cdmx-gran-maqueta\/#primaryimage"},"thumbnailUrl":"https:\/\/centrourbano.com\/revista\/wp-content\/uploads\/gran-maqueta.jpg","keywords":["CDMX","Centro Hist\u00f3rico","Centro Interactivo Futura","ciudad de M\u00e9xico","Gran Maqueta"],"articleSection":["Arquitectura"],"inLanguage":"es","potentialAction":[{"@type":"CommentAction","name":"Comment","target":["https:\/\/centrourbano.com\/revista\/arquitectura-2\/muestran-cambios-cdmx-gran-maqueta\/#respond"]}]},{"@type":"WebPage","@id":"https:\/\/centrourbano.com\/revista\/arquitectura-2\/muestran-cambios-cdmx-gran-maqueta\/","url":"https:\/\/centrourbano.com\/revista\/arquitectura-2\/muestran-cambios-cdmx-gran-maqueta\/","name":"Muestran cambios de la CDMX en gran maqueta -","isPartOf":{"@id":"https:\/\/centrourbano.com\/revista\/#website"},"primaryImageOfPage":{"@id":"https:\/\/centrourbano.com\/revista\/arquitectura-2\/muestran-cambios-cdmx-gran-maqueta\/#primaryimage"},"image":{"@id":"https:\/\/centrourbano.com\/revista\/arquitectura-2\/muestran-cambios-cdmx-gran-maqueta\/#primaryimage"},"thumbnailUrl":"https:\/\/centrourbano.com\/revista\/wp-content\/uploads\/gran-maqueta.jpg","datePublished":"2017-08-11T19:49:25+00:00","dateModified":"2017-08-11T19:53:19+00:00","description":"Mide 234 metros cuadrados, fue realizada por 70 estudiantes y muestra los cambios de la ciudad a trav\u00e9s del tiempo","breadcrumb":{"@id":"https:\/\/centrourbano.com\/revista\/arquitectura-2\/muestran-cambios-cdmx-gran-maqueta\/#breadcrumb"},"inLanguage":"es","potentialAction":[{"@type":"ReadAction","target":["https:\/\/centrourbano.com\/revista\/arquitectura-2\/muestran-cambios-cdmx-gran-maqueta\/"]}]},{"@type":"ImageObject","inLanguage":"es","@id":"https:\/\/centrourbano.com\/revista\/arquitectura-2\/muestran-cambios-cdmx-gran-maqueta\/#primaryimage","url":"https:\/\/centrourbano.com\/revista\/wp-content\/uploads\/gran-maqueta.jpg","contentUrl":"https:\/\/centrourbano.com\/revista\/wp-content\/uploads\/gran-maqueta.jpg","width":590,"height":371,"caption":"Mide 234 metros cuadrados, fue realizada por 70 estudiantes y muestra los cambios de la ciudad a trav\u00e9s del tiempo"},{"@type":"BreadcrumbList","@id":"https:\/\/centrourbano.com\/revista\/arquitectura-2\/muestran-cambios-cdmx-gran-maqueta\/#breadcrumb","itemListElement":[{"@type":"ListItem","position":1,"name":"Portada","item":"https:\/\/centrourbano.com\/revista\/"},{"@type":"ListItem","position":2,"name":"Muestran cambios de la CDMX en gran maqueta"}]},{"@type":"WebSite","@id":"https:\/\/centrourbano.com\/revista\/#website","url":"https:\/\/centrourbano.com\/revista\/","name":"Centro Urbano","description":"Medio especializado en los sectores vivienda, inmobiliario, construcci\u00f3n, arquitectura y urbanismo.","publisher":{"@id":"https:\/\/centrourbano.com\/revista\/#organization"},"potentialAction":[{"@type":"SearchAction","target":{"@type":"EntryPoint","urlTemplate":"https:\/\/centrourbano.com\/revista\/?s={search_term_string}"},"query-input":{"@type":"PropertyValueSpecification","valueRequired":true,"valueName":"search_term_string"}}],"inLanguage":"es"},{"@type":"Organization","@id":"https:\/\/centrourbano.com\/revista\/#organization","name":"Centro Urbano","url":"https:\/\/centrourbano.com\/revista\/","logo":{"@type":"ImageObject","inLanguage":"es","@id":"https:\/\/centrourbano.com\/revista\/#\/schema\/logo\/image\/","url":"https:\/\/centrourbano.com\/revista\/wp-content\/uploads\/web_CU_logo-1.png","contentUrl":"https:\/\/centrourbano.com\/revista\/wp-content\/uploads\/web_CU_logo-1.png","width":350,"height":91,"caption":"Centro Urbano"},"image":{"@id":"https:\/\/centrourbano.com\/revista\/#\/schema\/logo\/image\/"},"sameAs":["https:\/\/www.facebook.com\/portalcentrourbano","https:\/\/x.com\/CentroUrbano","https:\/\/www.instagram.com\/centro_urbano\/","https:\/\/www.linkedin.com\/company\/centro-urbano\/","http:\/\/www.youtube.com\/user\/portalcentrourbano"]},{"@type":"Person","@id":"https:\/\/centrourbano.com\/revista\/#\/schema\/person\/db5aba19153b4dc77f48808c4c2e7027","name":"Hanae Pacheco","image":{"@type":"ImageObject","inLanguage":"es","@id":"https:\/\/secure.gravatar.com\/avatar\/85378918db488c7c72bd7acaea6909bbfd5df076ffaf5e56cf397f98ef67f72d?s=96&d=mm&r=g","url":"https:\/\/secure.gravatar.com\/avatar\/85378918db488c7c72bd7acaea6909bbfd5df076ffaf5e56cf397f98ef67f72d?s=96&d=mm&r=g","contentUrl":"https:\/\/secure.gravatar.com\/avatar\/85378918db488c7c72bd7acaea6909bbfd5df076ffaf5e56cf397f98ef67f72d?s=96&d=mm&r=g","caption":"Hanae Pacheco"},"url":"https:\/\/centrourbano.com\/revista\/author\/hanae-pacheco\/"}]}},"_links":{"self":[{"href":"https:\/\/centrourbano.com\/revista\/wp-json\/wp\/v2\/posts\/58032","targetHints":{"allow":["GET"]}}],"collection":[{"href":"https:\/\/centrourbano.com\/revista\/wp-json\/wp\/v2\/posts"}],"about":[{"href":"https:\/\/centrourbano.com\/revista\/wp-json\/wp\/v2\/types\/post"}],"author":[{"embeddable":true,"href":"https:\/\/centrourbano.com\/revista\/wp-json\/wp\/v2\/users\/45"}],"replies":[{"embeddable":true,"href":"https:\/\/centrourbano.com\/revista\/wp-json\/wp\/v2\/comments?post=58032"}],"version-history":[{"count":0,"href":"https:\/\/centrourbano.com\/revista\/wp-json\/wp\/v2\/posts\/58032\/revisions"}],"wp:featuredmedia":[{"embeddable":true,"href":"https:\/\/centrourbano.com\/revista\/wp-json\/wp\/v2\/media\/58033"}],"wp:attachment":[{"href":"https:\/\/centrourbano.com\/revista\/wp-json\/wp\/v2\/media?parent=58032"}],"wp:term":[{"taxonomy":"category","embeddable":true,"href":"https:\/\/centrourbano.com\/revista\/wp-json\/wp\/v2\/categories?post=58032"},{"taxonomy":"post_tag","embeddable":true,"href":"https:\/\/centrourbano.com\/revista\/wp-json\/wp\/v2\/tags?post=58032"}],"curies":[{"name":"wp","href":"https:\/\/api.w.org\/{rel}","templated":true}]}}