{"id":57995,"date":"2017-08-10T18:52:06","date_gmt":"2017-08-10T23:52:06","guid":{"rendered":"https:\/\/centrourbano.com\/?p=57995"},"modified":"2017-08-14T23:34:24","modified_gmt":"2017-08-15T04:34:24","slug":"la-ciudad-una-cosa-esplendorosa","status":"publish","type":"post","link":"https:\/\/centrourbano.com\/revista\/opinion\/blog-de-urbanismo\/la-ciudad-una-cosa-esplendorosa\/","title":{"rendered":"La Ciudad es una cosa esplendorosa"},"content":{"rendered":"<p><strong>Por Horacio Urbano \/ \u00a0<\/strong>En realidad habr\u00eda que empezar por decir que la vida es una cosa esplendorosa&#8230; Y que ese esplendor se mide irremediablemente en momentos&#8230; Que siempre est\u00e1n asociados a un lugar&#8230; Que en muchas ocasiones forma parte de una ciudad.<\/p>\n<p>No es casualidad que artistas de todo tipo hayan retratado la ciudad en su obra&#8230; Artistas de todo tipo&#8230; Y ciudades de todo tipo&#8230;<\/p>\n<p>Instantes cuya fotograf\u00eda tiene como escenario a la ciudad.<\/p>\n<p>Toulouse Lautrec, Andy Warhol, Billy Joel, Mario Benedetti&#8230; Y muchos m\u00e1s que hicieron arte tomando como inspiraci\u00f3n las ciudades que amaban.<\/p>\n<img loading=\"lazy\" decoding=\"async\" class=\"aligncenter wp-image-57996\" src=\"https:\/\/centrourbano.com\/revista\/wp-content\/uploads\/medianoche-en-Par\u00eds.png\" alt=\"La Ciudad es una cosa esplendorosa\" width=\"689\" height=\"370\" srcset=\"https:\/\/centrourbano.com\/revista\/wp-content\/uploads\/medianoche-en-Par\u00eds.png 1280w, https:\/\/centrourbano.com\/revista\/wp-content\/uploads\/medianoche-en-Par\u00eds-300x161.png 300w, https:\/\/centrourbano.com\/revista\/wp-content\/uploads\/medianoche-en-Par\u00eds-1000x538.png 1000w, https:\/\/centrourbano.com\/revista\/wp-content\/uploads\/medianoche-en-Par\u00eds-768x413.png 768w\" sizes=\"auto, (max-width: 689px) 100vw, 689px\" \/>\n<p>No es casual que Woody Allen hiciera pel\u00edculas que terminaron siendo verdaderas declaraciones de amor a una ciudad&#8230;<\/p>\n<p>Ninguna tan contundente como la que le hizo a su Nueva York amada con aquella entra\u00f1able Manhattan&#8230; Pero tampoco se quedan muy atr\u00e1s otras como Medianoche en Par\u00eds, o A Roma con amor, que hacen pensar que algo bueno vivi\u00f3 el cineasta en esas maravillosas ciudades.<\/p>\n<p>Las ciudades enamoran porque son el escenario de la vida.<\/p>\n<p>Todos recordamos una calle, un parque, un barrio&#8230;<\/p>\n<p><img loading=\"lazy\" decoding=\"async\" class=\" wp-image-57997 alignleft\" src=\"https:\/\/centrourbano.com\/revista\/wp-content\/uploads\/sancris.jpg\" alt=\"La Ciudad es una cosa esplendorosa\" width=\"383\" height=\"209\" srcset=\"https:\/\/centrourbano.com\/revista\/wp-content\/uploads\/sancris.jpg 600w, https:\/\/centrourbano.com\/revista\/wp-content\/uploads\/sancris-300x164.jpg 300w\" sizes=\"auto, (max-width: 383px) 100vw, 383px\" \/>Todos recordamos momentos maravillosos vividos siendo seres urbanos&#8230; Residentes o visitantes&#8230;<\/p>\n<p>Y bueno&#8230; Ante esta realidad bien vale la pena preguntar por qu\u00e9 no ayudamos a mejorar esos maravillosos escenarios en que transcurre nuestra vida.<\/p>\n<p>\u00bfPor qu\u00e9 no asumimos el compromiso de construir ciudades a la altura del futuro que queremos para nuestros hijos?<\/p>\n<p>\u00bfQu\u00e9 es lo que nos enamora de una ciudad y qu\u00e9 podemos hacer para que nuestras ciudades tengan m\u00e1s cosas que enamoren?<\/p>\n<p>Quiz\u00e1 tendr\u00edamos que volver a la pregunta original&#8230; \u00bfPara qu\u00e9 queremos las ciudades?<\/p>\n<p>\u00bfQueremos m\u00e1quinas de eficiencia? \u00bfinfraestructura fr\u00eda y desvinculada a un objetivo humano?<\/p>\n<p>Creo que no&#8230; Pero tampoco se trata de confundir el resultado con el instrumento&#8230;<\/p>\n<p>No se trata de so\u00f1ar con ciudades densas o verticales&#8230; Sino de buscar construir ciudades consolidadas, que en esa consolidaci\u00f3n generen los efectos que queremos&#8230;<\/p>\n<img loading=\"lazy\" decoding=\"async\" class=\"wp-image-57998 alignright\" src=\"https:\/\/centrourbano.com\/revista\/wp-content\/uploads\/ciudad-1.jpg\" alt=\"La Ciudad es una cosa esplendorosa\" width=\"382\" height=\"239\" srcset=\"https:\/\/centrourbano.com\/revista\/wp-content\/uploads\/ciudad-1.jpg 2560w, https:\/\/centrourbano.com\/revista\/wp-content\/uploads\/ciudad-1-300x188.jpg 300w, https:\/\/centrourbano.com\/revista\/wp-content\/uploads\/ciudad-1-1000x625.jpg 1000w, https:\/\/centrourbano.com\/revista\/wp-content\/uploads\/ciudad-1-768x480.jpg 768w, https:\/\/centrourbano.com\/revista\/wp-content\/uploads\/ciudad-1-1536x960.jpg 1536w, https:\/\/centrourbano.com\/revista\/wp-content\/uploads\/ciudad-1-2048x1280.jpg 2048w, https:\/\/centrourbano.com\/revista\/wp-content\/uploads\/ciudad-1-171x108.jpg 171w\" sizes=\"auto, (max-width: 382px) 100vw, 382px\" \/>\n<p>Queremos ciudades justas en lo social y competitivas en lo econ\u00f3mico&#8230; Ciudades equitativas&#8230; Bellas&#8230; Que saquen a flote lo mejor de sus habitantes&#8230; Lo mismo como individuos, que como comunidades vinculadas en todas las escalas; desde la calle en que vivimos, hasta una dimensi\u00f3n de barrio y saliendo de este barrio para emprender el reto de alcanzar v\u00ednculos de alcance urbano, metropolitano y regional.<\/p>\n<p>Queremos ciudades que provoquen que sus ciudadanos sean felices&#8230; Que les den m\u00e1s y mejores oportunidades para aspirar a un desarrollo integral, que les brinden infraestructuras, servicios y espacios p\u00fablicos de calidad y, si no es mucho pedir, que sea un entorno generador de cultura.<\/p>\n<p>\u00bfQueremos ciudades memorables? Bueno&#8230; Pues no se van a construir solas&#8230;<\/p>\n<p>La ciudad es un organismo vivo maravillosos que reacciona a los est\u00edmulos que se le dan&#8230; Que responde a los objetivos planteados en un modelo de planeaci\u00f3n, regulaci\u00f3n y gesti\u00f3n.<\/p>\n<p>La ciudad reacciona a los est\u00edmulos&#8230; Pero tambi\u00e9n a la falta de ellos, o cuando los est\u00edmulos no son los adecuados.<\/p>\n<p>\u00bfSeriamos capaces de construir declaraciones de amor a nuestras ciudades?<\/p>\n<p>O mejor a\u00fan&#8230; \u00bfSer\u00edamos capaces de construir ciudades que nos provoquen declaraciones de amor?<\/p>\n<p>La ciudad es una cosa esplendorosa&#8230; tanto as\u00ed que a\u00fan aquellas que son territorio fallido provocan que sus habitantes las quieran.<\/p>\n<p>La gente quiere a su ciudad porque se acaba encari\u00f1ando con sus defectos&#8230; Se encari\u00f1a con las cicatrices de sus calles, con la identidad que les otorgan sus carencias&#8230;<\/p>\n<p>La gente vive la ciudad y eso provoca v\u00ednculos que hacen m\u00e1s tolerables los problemas.<\/p>\n<p><img loading=\"lazy\" decoding=\"async\" class=\" wp-image-57999 alignleft\" src=\"https:\/\/centrourbano.com\/revista\/wp-content\/uploads\/edificios-del-porfiriato-reforma.jpg\" alt=\"La Ciudad es una cosa esplendorosa\" width=\"386\" height=\"257\" srcset=\"https:\/\/centrourbano.com\/revista\/wp-content\/uploads\/edificios-del-porfiriato-reforma.jpg 1000w, https:\/\/centrourbano.com\/revista\/wp-content\/uploads\/edificios-del-porfiriato-reforma-300x200.jpg 300w, https:\/\/centrourbano.com\/revista\/wp-content\/uploads\/edificios-del-porfiriato-reforma-768x512.jpg 768w\" sizes=\"auto, (max-width: 386px) 100vw, 386px\" \/>Pero, \u00bfQu\u00e9 pasar\u00eda con los habitantes de las ciudades si de pronto despertaran del enamoramiento y vivieran de golpe la contundencia del tr\u00e1fico?<\/p>\n<p>De los interminables recorridos desde la casa hasta los trabajos y escuelas&#8230; De las miserias cotidianas y el desencanto que provoca ver que el desmadre urbano se convierte en inseguridad&#8230;<\/p>\n<p>\u00bfQu\u00e9 pasar\u00eda si el amor se acabara y llegara el desencanto?<\/p>\n<p>\u00bfQu\u00e9 pasar\u00eda si de pronto nos di\u00e9ramos cuenta de que nosotros podemos cambiar la ciudad y que no haberlo hecho antes nos tiene viviendo de una forma que no nos acaba de satisfacer?<\/p>\n<p>El reto es entender la ciudad no como una f\u00e1brica de eficiencia&#8230; Sino como una f\u00e1brica de instantes memorables.<\/p>\n<p>El reto es entender que la ciudad no es producto terminado sino organismo vivo en transformaci\u00f3n constante.<\/p>\n<p>El reto es domar la ciudad, creando condiciones que permitan que entregue los resultados que esperamos.<\/p>\n<p>El reto es no permitir que la ciudad sea fruto de la casualidad, sino resultado directo de un proceso coordinado de planeaci\u00f3n, regulaci\u00f3n y gesti\u00f3n urbana.<\/p>\n<p>Las ciudades cambian cuando sus habitantes deciden ser ciudadanos y encabezar ese cambio.<\/p>\n<p>No dejemos que la ciudad condicione nuestro fututo&#8230; Provoquemos que nos lleve a donde queremos llegar.<!--more--><\/p>\n<p>&nbsp;<\/p>\n<p><strong>Horacio Urbano<\/strong> es arquitecto. Su experiencia profesional se ha desarrollado en los diferentes \u00e1mbitos que definen la industria de la vivienda. En 1999 inici\u00f3 un proyecto editorial dirigido a los sectores inmobiliario y construcci\u00f3n que a lo largo de los a\u00f1os se ha convertido en una poderosa plataforma multimedios y en una verdadera referencia para esta industria. Fundador, junto con la tambi\u00e9n arquitecta Roxana Fabris, de Grupo Centro Urbano, firma que impulsa y desarrolla una serie de esfuerzos de comunicaci\u00f3n relacionados con estos sectores. Como parte de su trabajo en M\u00e9xico y el extranjero, ha escrito o participado en una serie de libros especializados, es colaborador de diferentes medios impresos y electr\u00f3nicos, es activo conferencista y bajo diferentes modelos colabora tambi\u00e9n con diversas empresas e instituciones p\u00fablicas y privadas del sector.<\/p>\n<p>&nbsp;<\/p>\n","protected":false},"excerpt":{"rendered":"<p>Por Horacio Urbano \/ \u00a0En realidad habr\u00eda que empezar por decir que la vida es una cosa esplendorosa&#8230; Y que ese esplendor se mide irremediablemente en momentos&#8230; Que siempre est\u00e1n asociados a un lugar&#8230; Que en muchas ocasiones forma parte de una ciudad. No es casualidad que artistas de todo tipo hayan retratado la ciudad [&hellip;]<\/p>\n","protected":false},"author":1,"featured_media":58160,"comment_status":"open","ping_status":"closed","sticky":false,"template":"","format":"standard","meta":{"om_disable_all_campaigns":false,"inline_featured_image":false,"_monsterinsights_skip_tracking":false,"_monsterinsights_sitenote_active":false,"_monsterinsights_sitenote_note":"","_monsterinsights_sitenote_category":0,"footnotes":""},"categories":[5817],"tags":[132,170],"class_list":["post-57995","post","type-post","status-publish","format-standard","has-post-thumbnail","hentry","category-blog-de-urbanismo","tag-ciudad","tag-horacio-urbano"],"yoast_head":"<!-- This site is optimized with the Yoast SEO plugin v27.4 - https:\/\/yoast.com\/product\/yoast-seo-wordpress\/ -->\n<title>La Ciudad es una cosa esplendorosa -<\/title>\n<meta name=\"description\" content=\"Por Horacio Urbano \/ \u00a0En realidad habr\u00eda que empezar por decir que la vida es una cosa esplendorosa... Y que ese esplendor se mide irremediablemente en\" \/>\n<meta name=\"robots\" content=\"index, follow, max-snippet:-1, max-image-preview:large, max-video-preview:-1\" \/>\n<link rel=\"canonical\" href=\"https:\/\/centrourbano.com\/revista\/opinion\/blog-de-urbanismo\/la-ciudad-una-cosa-esplendorosa\/\" \/>\n<meta property=\"og:locale\" content=\"es_ES\" \/>\n<meta property=\"og:type\" content=\"article\" \/>\n<meta property=\"og:title\" content=\"La Ciudad es una cosa esplendorosa -\" \/>\n<meta property=\"og:description\" content=\"Por Horacio Urbano \/ \u00a0En realidad habr\u00eda que empezar por decir que la vida es una cosa esplendorosa... Y que ese esplendor se mide irremediablemente en\" \/>\n<meta property=\"og:url\" content=\"https:\/\/centrourbano.com\/revista\/opinion\/blog-de-urbanismo\/la-ciudad-una-cosa-esplendorosa\/\" \/>\n<meta property=\"og:site_name\" content=\"Centro Urbano\" \/>\n<meta property=\"article:publisher\" content=\"https:\/\/www.facebook.com\/portalcentrourbano\" \/>\n<meta property=\"article:published_time\" content=\"2017-08-10T23:52:06+00:00\" \/>\n<meta property=\"article:modified_time\" content=\"2017-08-15T04:34:24+00:00\" \/>\n<meta property=\"og:image\" content=\"https:\/\/centrourbano.com\/revista\/wp-content\/uploads\/h03-1.png\" \/>\n\t<meta property=\"og:image:width\" content=\"845\" \/>\n\t<meta property=\"og:image:height\" content=\"556\" \/>\n\t<meta property=\"og:image:type\" content=\"image\/png\" \/>\n<meta name=\"author\" content=\"BlogCU 2022\" \/>\n<meta name=\"twitter:card\" content=\"summary_large_image\" \/>\n<meta name=\"twitter:creator\" content=\"@CentroUrbano\" \/>\n<meta name=\"twitter:site\" content=\"@CentroUrbano\" \/>\n<meta name=\"twitter:label1\" content=\"Escrito por\" \/>\n\t<meta name=\"twitter:data1\" content=\"BlogCU 2022\" \/>\n\t<meta name=\"twitter:label2\" content=\"Tiempo de lectura\" \/>\n\t<meta name=\"twitter:data2\" content=\"5 minutos\" \/>\n<script type=\"application\/ld+json\" class=\"yoast-schema-graph\">{\"@context\":\"https:\\\/\\\/schema.org\",\"@graph\":[{\"@type\":\"Article\",\"@id\":\"https:\\\/\\\/centrourbano.com\\\/revista\\\/opinion\\\/blog-de-urbanismo\\\/la-ciudad-una-cosa-esplendorosa\\\/#article\",\"isPartOf\":{\"@id\":\"https:\\\/\\\/centrourbano.com\\\/revista\\\/opinion\\\/blog-de-urbanismo\\\/la-ciudad-una-cosa-esplendorosa\\\/\"},\"author\":{\"name\":\"BlogCU 2022\",\"@id\":\"https:\\\/\\\/centrourbano.com\\\/revista\\\/#\\\/schema\\\/person\\\/26c0ab2d8952e32eb17ccf62f8e88ce6\"},\"headline\":\"La Ciudad es una cosa esplendorosa\",\"datePublished\":\"2017-08-10T23:52:06+00:00\",\"dateModified\":\"2017-08-15T04:34:24+00:00\",\"mainEntityOfPage\":{\"@id\":\"https:\\\/\\\/centrourbano.com\\\/revista\\\/opinion\\\/blog-de-urbanismo\\\/la-ciudad-una-cosa-esplendorosa\\\/\"},\"wordCount\":973,\"commentCount\":0,\"publisher\":{\"@id\":\"https:\\\/\\\/centrourbano.com\\\/revista\\\/#organization\"},\"image\":{\"@id\":\"https:\\\/\\\/centrourbano.com\\\/revista\\\/opinion\\\/blog-de-urbanismo\\\/la-ciudad-una-cosa-esplendorosa\\\/#primaryimage\"},\"thumbnailUrl\":\"https:\\\/\\\/centrourbano.com\\\/revista\\\/wp-content\\\/uploads\\\/h03-1.png\",\"keywords\":[\"Ciudad\",\"Horacio Urbano\"],\"articleSection\":[\"Hablemos de Urbanismo\"],\"inLanguage\":\"es\",\"potentialAction\":[{\"@type\":\"CommentAction\",\"name\":\"Comment\",\"target\":[\"https:\\\/\\\/centrourbano.com\\\/revista\\\/opinion\\\/blog-de-urbanismo\\\/la-ciudad-una-cosa-esplendorosa\\\/#respond\"]}]},{\"@type\":\"WebPage\",\"@id\":\"https:\\\/\\\/centrourbano.com\\\/revista\\\/opinion\\\/blog-de-urbanismo\\\/la-ciudad-una-cosa-esplendorosa\\\/\",\"url\":\"https:\\\/\\\/centrourbano.com\\\/revista\\\/opinion\\\/blog-de-urbanismo\\\/la-ciudad-una-cosa-esplendorosa\\\/\",\"name\":\"La Ciudad es una cosa esplendorosa -\",\"isPartOf\":{\"@id\":\"https:\\\/\\\/centrourbano.com\\\/revista\\\/#website\"},\"primaryImageOfPage\":{\"@id\":\"https:\\\/\\\/centrourbano.com\\\/revista\\\/opinion\\\/blog-de-urbanismo\\\/la-ciudad-una-cosa-esplendorosa\\\/#primaryimage\"},\"image\":{\"@id\":\"https:\\\/\\\/centrourbano.com\\\/revista\\\/opinion\\\/blog-de-urbanismo\\\/la-ciudad-una-cosa-esplendorosa\\\/#primaryimage\"},\"thumbnailUrl\":\"https:\\\/\\\/centrourbano.com\\\/revista\\\/wp-content\\\/uploads\\\/h03-1.png\",\"datePublished\":\"2017-08-10T23:52:06+00:00\",\"dateModified\":\"2017-08-15T04:34:24+00:00\",\"description\":\"Por Horacio Urbano \\\/ \u00a0En realidad habr\u00eda que empezar por decir que la vida es una cosa esplendorosa... Y que ese esplendor se mide irremediablemente en\",\"breadcrumb\":{\"@id\":\"https:\\\/\\\/centrourbano.com\\\/revista\\\/opinion\\\/blog-de-urbanismo\\\/la-ciudad-una-cosa-esplendorosa\\\/#breadcrumb\"},\"inLanguage\":\"es\",\"potentialAction\":[{\"@type\":\"ReadAction\",\"target\":[\"https:\\\/\\\/centrourbano.com\\\/revista\\\/opinion\\\/blog-de-urbanismo\\\/la-ciudad-una-cosa-esplendorosa\\\/\"]}]},{\"@type\":\"ImageObject\",\"inLanguage\":\"es\",\"@id\":\"https:\\\/\\\/centrourbano.com\\\/revista\\\/opinion\\\/blog-de-urbanismo\\\/la-ciudad-una-cosa-esplendorosa\\\/#primaryimage\",\"url\":\"https:\\\/\\\/centrourbano.com\\\/revista\\\/wp-content\\\/uploads\\\/h03-1.png\",\"contentUrl\":\"https:\\\/\\\/centrourbano.com\\\/revista\\\/wp-content\\\/uploads\\\/h03-1.png\",\"width\":845,\"height\":556,\"caption\":\"La Ciudad es una cosa esplendorosa\"},{\"@type\":\"BreadcrumbList\",\"@id\":\"https:\\\/\\\/centrourbano.com\\\/revista\\\/opinion\\\/blog-de-urbanismo\\\/la-ciudad-una-cosa-esplendorosa\\\/#breadcrumb\",\"itemListElement\":[{\"@type\":\"ListItem\",\"position\":1,\"name\":\"Portada\",\"item\":\"https:\\\/\\\/centrourbano.com\\\/revista\\\/\"},{\"@type\":\"ListItem\",\"position\":2,\"name\":\"La Ciudad es una cosa esplendorosa\"}]},{\"@type\":\"WebSite\",\"@id\":\"https:\\\/\\\/centrourbano.com\\\/revista\\\/#website\",\"url\":\"https:\\\/\\\/centrourbano.com\\\/revista\\\/\",\"name\":\"Centro Urbano\",\"description\":\"Medio especializado en los sectores vivienda, inmobiliario, construcci\u00f3n, arquitectura y urbanismo.\",\"publisher\":{\"@id\":\"https:\\\/\\\/centrourbano.com\\\/revista\\\/#organization\"},\"potentialAction\":[{\"@type\":\"SearchAction\",\"target\":{\"@type\":\"EntryPoint\",\"urlTemplate\":\"https:\\\/\\\/centrourbano.com\\\/revista\\\/?s={search_term_string}\"},\"query-input\":{\"@type\":\"PropertyValueSpecification\",\"valueRequired\":true,\"valueName\":\"search_term_string\"}}],\"inLanguage\":\"es\"},{\"@type\":\"Organization\",\"@id\":\"https:\\\/\\\/centrourbano.com\\\/revista\\\/#organization\",\"name\":\"Centro Urbano\",\"url\":\"https:\\\/\\\/centrourbano.com\\\/revista\\\/\",\"logo\":{\"@type\":\"ImageObject\",\"inLanguage\":\"es\",\"@id\":\"https:\\\/\\\/centrourbano.com\\\/revista\\\/#\\\/schema\\\/logo\\\/image\\\/\",\"url\":\"https:\\\/\\\/centrourbano.com\\\/revista\\\/wp-content\\\/uploads\\\/web_CU_logo-1.png\",\"contentUrl\":\"https:\\\/\\\/centrourbano.com\\\/revista\\\/wp-content\\\/uploads\\\/web_CU_logo-1.png\",\"width\":350,\"height\":91,\"caption\":\"Centro Urbano\"},\"image\":{\"@id\":\"https:\\\/\\\/centrourbano.com\\\/revista\\\/#\\\/schema\\\/logo\\\/image\\\/\"},\"sameAs\":[\"https:\\\/\\\/www.facebook.com\\\/portalcentrourbano\",\"https:\\\/\\\/x.com\\\/CentroUrbano\",\"https:\\\/\\\/www.instagram.com\\\/centro_urbano\\\/\",\"https:\\\/\\\/www.linkedin.com\\\/company\\\/centro-urbano\\\/\",\"http:\\\/\\\/www.youtube.com\\\/user\\\/portalcentrourbano\"]},{\"@type\":\"Person\",\"@id\":\"https:\\\/\\\/centrourbano.com\\\/revista\\\/#\\\/schema\\\/person\\\/26c0ab2d8952e32eb17ccf62f8e88ce6\",\"name\":\"BlogCU 2022\",\"image\":{\"@type\":\"ImageObject\",\"inLanguage\":\"es\",\"@id\":\"https:\\\/\\\/secure.gravatar.com\\\/avatar\\\/5ec2975f6d4b1643c723f08ef135c488131c64cba4524740d438f2e04dbeacdc?s=96&d=mm&r=g\",\"url\":\"https:\\\/\\\/secure.gravatar.com\\\/avatar\\\/5ec2975f6d4b1643c723f08ef135c488131c64cba4524740d438f2e04dbeacdc?s=96&d=mm&r=g\",\"contentUrl\":\"https:\\\/\\\/secure.gravatar.com\\\/avatar\\\/5ec2975f6d4b1643c723f08ef135c488131c64cba4524740d438f2e04dbeacdc?s=96&d=mm&r=g\",\"caption\":\"BlogCU 2022\"},\"url\":\"https:\\\/\\\/centrourbano.com\\\/revista\\\/author\\\/BlogCU 2022\\\/\"}]}<\/script>\n<!-- \/ Yoast SEO plugin. -->","yoast_head_json":{"title":"La Ciudad es una cosa esplendorosa -","description":"Por Horacio Urbano \/ \u00a0En realidad habr\u00eda que empezar por decir que la vida es una cosa esplendorosa... Y que ese esplendor se mide irremediablemente en","robots":{"index":"index","follow":"follow","max-snippet":"max-snippet:-1","max-image-preview":"max-image-preview:large","max-video-preview":"max-video-preview:-1"},"canonical":"https:\/\/centrourbano.com\/revista\/opinion\/blog-de-urbanismo\/la-ciudad-una-cosa-esplendorosa\/","og_locale":"es_ES","og_type":"article","og_title":"La Ciudad es una cosa esplendorosa -","og_description":"Por Horacio Urbano \/ \u00a0En realidad habr\u00eda que empezar por decir que la vida es una cosa esplendorosa... Y que ese esplendor se mide irremediablemente en","og_url":"https:\/\/centrourbano.com\/revista\/opinion\/blog-de-urbanismo\/la-ciudad-una-cosa-esplendorosa\/","og_site_name":"Centro Urbano","article_publisher":"https:\/\/www.facebook.com\/portalcentrourbano","article_published_time":"2017-08-10T23:52:06+00:00","article_modified_time":"2017-08-15T04:34:24+00:00","og_image":[{"width":845,"height":556,"url":"https:\/\/centrourbano.com\/revista\/wp-content\/uploads\/h03-1.png","type":"image\/png"}],"author":"BlogCU 2022","twitter_card":"summary_large_image","twitter_creator":"@CentroUrbano","twitter_site":"@CentroUrbano","twitter_misc":{"Escrito por":"BlogCU 2022","Tiempo de lectura":"5 minutos"},"schema":{"@context":"https:\/\/schema.org","@graph":[{"@type":"Article","@id":"https:\/\/centrourbano.com\/revista\/opinion\/blog-de-urbanismo\/la-ciudad-una-cosa-esplendorosa\/#article","isPartOf":{"@id":"https:\/\/centrourbano.com\/revista\/opinion\/blog-de-urbanismo\/la-ciudad-una-cosa-esplendorosa\/"},"author":{"name":"BlogCU 2022","@id":"https:\/\/centrourbano.com\/revista\/#\/schema\/person\/26c0ab2d8952e32eb17ccf62f8e88ce6"},"headline":"La Ciudad es una cosa esplendorosa","datePublished":"2017-08-10T23:52:06+00:00","dateModified":"2017-08-15T04:34:24+00:00","mainEntityOfPage":{"@id":"https:\/\/centrourbano.com\/revista\/opinion\/blog-de-urbanismo\/la-ciudad-una-cosa-esplendorosa\/"},"wordCount":973,"commentCount":0,"publisher":{"@id":"https:\/\/centrourbano.com\/revista\/#organization"},"image":{"@id":"https:\/\/centrourbano.com\/revista\/opinion\/blog-de-urbanismo\/la-ciudad-una-cosa-esplendorosa\/#primaryimage"},"thumbnailUrl":"https:\/\/centrourbano.com\/revista\/wp-content\/uploads\/h03-1.png","keywords":["Ciudad","Horacio Urbano"],"articleSection":["Hablemos de Urbanismo"],"inLanguage":"es","potentialAction":[{"@type":"CommentAction","name":"Comment","target":["https:\/\/centrourbano.com\/revista\/opinion\/blog-de-urbanismo\/la-ciudad-una-cosa-esplendorosa\/#respond"]}]},{"@type":"WebPage","@id":"https:\/\/centrourbano.com\/revista\/opinion\/blog-de-urbanismo\/la-ciudad-una-cosa-esplendorosa\/","url":"https:\/\/centrourbano.com\/revista\/opinion\/blog-de-urbanismo\/la-ciudad-una-cosa-esplendorosa\/","name":"La Ciudad es una cosa esplendorosa -","isPartOf":{"@id":"https:\/\/centrourbano.com\/revista\/#website"},"primaryImageOfPage":{"@id":"https:\/\/centrourbano.com\/revista\/opinion\/blog-de-urbanismo\/la-ciudad-una-cosa-esplendorosa\/#primaryimage"},"image":{"@id":"https:\/\/centrourbano.com\/revista\/opinion\/blog-de-urbanismo\/la-ciudad-una-cosa-esplendorosa\/#primaryimage"},"thumbnailUrl":"https:\/\/centrourbano.com\/revista\/wp-content\/uploads\/h03-1.png","datePublished":"2017-08-10T23:52:06+00:00","dateModified":"2017-08-15T04:34:24+00:00","description":"Por Horacio Urbano \/ \u00a0En realidad habr\u00eda que empezar por decir que la vida es una cosa esplendorosa... Y que ese esplendor se mide irremediablemente en","breadcrumb":{"@id":"https:\/\/centrourbano.com\/revista\/opinion\/blog-de-urbanismo\/la-ciudad-una-cosa-esplendorosa\/#breadcrumb"},"inLanguage":"es","potentialAction":[{"@type":"ReadAction","target":["https:\/\/centrourbano.com\/revista\/opinion\/blog-de-urbanismo\/la-ciudad-una-cosa-esplendorosa\/"]}]},{"@type":"ImageObject","inLanguage":"es","@id":"https:\/\/centrourbano.com\/revista\/opinion\/blog-de-urbanismo\/la-ciudad-una-cosa-esplendorosa\/#primaryimage","url":"https:\/\/centrourbano.com\/revista\/wp-content\/uploads\/h03-1.png","contentUrl":"https:\/\/centrourbano.com\/revista\/wp-content\/uploads\/h03-1.png","width":845,"height":556,"caption":"La Ciudad es una cosa esplendorosa"},{"@type":"BreadcrumbList","@id":"https:\/\/centrourbano.com\/revista\/opinion\/blog-de-urbanismo\/la-ciudad-una-cosa-esplendorosa\/#breadcrumb","itemListElement":[{"@type":"ListItem","position":1,"name":"Portada","item":"https:\/\/centrourbano.com\/revista\/"},{"@type":"ListItem","position":2,"name":"La Ciudad es una cosa esplendorosa"}]},{"@type":"WebSite","@id":"https:\/\/centrourbano.com\/revista\/#website","url":"https:\/\/centrourbano.com\/revista\/","name":"Centro Urbano","description":"Medio especializado en los sectores vivienda, inmobiliario, construcci\u00f3n, arquitectura y urbanismo.","publisher":{"@id":"https:\/\/centrourbano.com\/revista\/#organization"},"potentialAction":[{"@type":"SearchAction","target":{"@type":"EntryPoint","urlTemplate":"https:\/\/centrourbano.com\/revista\/?s={search_term_string}"},"query-input":{"@type":"PropertyValueSpecification","valueRequired":true,"valueName":"search_term_string"}}],"inLanguage":"es"},{"@type":"Organization","@id":"https:\/\/centrourbano.com\/revista\/#organization","name":"Centro Urbano","url":"https:\/\/centrourbano.com\/revista\/","logo":{"@type":"ImageObject","inLanguage":"es","@id":"https:\/\/centrourbano.com\/revista\/#\/schema\/logo\/image\/","url":"https:\/\/centrourbano.com\/revista\/wp-content\/uploads\/web_CU_logo-1.png","contentUrl":"https:\/\/centrourbano.com\/revista\/wp-content\/uploads\/web_CU_logo-1.png","width":350,"height":91,"caption":"Centro Urbano"},"image":{"@id":"https:\/\/centrourbano.com\/revista\/#\/schema\/logo\/image\/"},"sameAs":["https:\/\/www.facebook.com\/portalcentrourbano","https:\/\/x.com\/CentroUrbano","https:\/\/www.instagram.com\/centro_urbano\/","https:\/\/www.linkedin.com\/company\/centro-urbano\/","http:\/\/www.youtube.com\/user\/portalcentrourbano"]},{"@type":"Person","@id":"https:\/\/centrourbano.com\/revista\/#\/schema\/person\/26c0ab2d8952e32eb17ccf62f8e88ce6","name":"BlogCU 2022","image":{"@type":"ImageObject","inLanguage":"es","@id":"https:\/\/secure.gravatar.com\/avatar\/5ec2975f6d4b1643c723f08ef135c488131c64cba4524740d438f2e04dbeacdc?s=96&d=mm&r=g","url":"https:\/\/secure.gravatar.com\/avatar\/5ec2975f6d4b1643c723f08ef135c488131c64cba4524740d438f2e04dbeacdc?s=96&d=mm&r=g","contentUrl":"https:\/\/secure.gravatar.com\/avatar\/5ec2975f6d4b1643c723f08ef135c488131c64cba4524740d438f2e04dbeacdc?s=96&d=mm&r=g","caption":"BlogCU 2022"},"url":"https:\/\/centrourbano.com\/revista\/author\/BlogCU 2022\/"}]}},"_links":{"self":[{"href":"https:\/\/centrourbano.com\/revista\/wp-json\/wp\/v2\/posts\/57995","targetHints":{"allow":["GET"]}}],"collection":[{"href":"https:\/\/centrourbano.com\/revista\/wp-json\/wp\/v2\/posts"}],"about":[{"href":"https:\/\/centrourbano.com\/revista\/wp-json\/wp\/v2\/types\/post"}],"author":[{"embeddable":true,"href":"https:\/\/centrourbano.com\/revista\/wp-json\/wp\/v2\/users\/1"}],"replies":[{"embeddable":true,"href":"https:\/\/centrourbano.com\/revista\/wp-json\/wp\/v2\/comments?post=57995"}],"version-history":[{"count":0,"href":"https:\/\/centrourbano.com\/revista\/wp-json\/wp\/v2\/posts\/57995\/revisions"}],"wp:featuredmedia":[{"embeddable":true,"href":"https:\/\/centrourbano.com\/revista\/wp-json\/wp\/v2\/media\/58160"}],"wp:attachment":[{"href":"https:\/\/centrourbano.com\/revista\/wp-json\/wp\/v2\/media?parent=57995"}],"wp:term":[{"taxonomy":"category","embeddable":true,"href":"https:\/\/centrourbano.com\/revista\/wp-json\/wp\/v2\/categories?post=57995"},{"taxonomy":"post_tag","embeddable":true,"href":"https:\/\/centrourbano.com\/revista\/wp-json\/wp\/v2\/tags?post=57995"}],"curies":[{"name":"wp","href":"https:\/\/api.w.org\/{rel}","templated":true}]}}