{"id":57953,"date":"2017-08-10T16:16:41","date_gmt":"2017-08-10T21:16:41","guid":{"rendered":"https:\/\/centrourbano.com\/?p=57953"},"modified":"2017-08-10T16:17:07","modified_gmt":"2017-08-10T21:17:07","slug":"impulsaran-vivienda-con-fabrica-de-block-en-sinaloa","status":"publish","type":"post","link":"https:\/\/centrourbano.com\/revista\/vivienda\/impulsaran-vivienda-con-fabrica-de-block-en-sinaloa\/","title":{"rendered":"Impulsar\u00e1n vivienda con f\u00e1brica de block en Sinaloa"},"content":{"rendered":"<p><em>El objetivo es instalar 13 f\u00e1bricas comunitarias para beneficiar a 780 familias <\/em><!--more--><\/p>\n<p>Con el objetivo de impulsar el desarrollo de vivienda, el Sistema DIF de Sinaloa inaugur\u00f3 la F\u00e1brica Comunitaria de Block en la comunidad Las Puentes, de la sindicatura de Villa Ju\u00e1rez, Navolato.<\/p>\n<p>Con la puesta en marcha del proyecto, se podr\u00e1n desarrollar 24,000 piezas de block, mismas que permitir\u00e1n beneficiar a 60 familias, que podr\u00e1n construir una vivienda. <\/p>\n<p>De acuerdo con la informaci\u00f3n dada a conocer por las autoridades de la entidad, para 2017 se contempla la apertura de 13 unidades de producci\u00f3n de este insumo. Con las obras, destacaron, se podr\u00e1n beneficiar a 780 familias con material para construir, rehabilitar o ampliar.<\/p>\n<p>Connie Zazueta Castro, directora general de DIF Sinaloa, destac\u00f3 que se brindar\u00e1 apoyo a \u00f1as familias para desarrollar las soluciones habitacionales bajo el esquema de autoconstrucci\u00f3n. De esta manera, dijo, DIF Sinaloa presta la m\u00e1quina para hacer blocks, brinda capacitaci\u00f3n y el cemento, el municipio apoya con material (arena y grava) y las propias familias son las que construyen.<\/p>\n","protected":false},"excerpt":{"rendered":"<p>El objetivo es instalar 13 f\u00e1bricas comunitarias para beneficiar a 780 familias<\/p>\n","protected":false},"author":47,"featured_media":57978,"comment_status":"open","ping_status":"closed","sticky":false,"template":"","format":"standard","meta":{"om_disable_all_campaigns":false,"inline_featured_image":false,"_monsterinsights_skip_tracking":false,"_monsterinsights_sitenote_active":false,"_monsterinsights_sitenote_note":"","_monsterinsights_sitenote_category":0,"footnotes":""},"categories":[12],"tags":[6753,10874,431,60],"class_list":["post-57953","post","type-post","status-publish","format-standard","has-post-thumbnail","hentry","category-vivienda","tag-autoconstruccion","tag-fabrica-de-block","tag-sinaloa","tag-vivienda-2"],"yoast_head":"<!-- This site is optimized with the Yoast SEO plugin v27.5 - https:\/\/yoast.com\/product\/yoast-seo-wordpress\/ -->\n<title>Impulsar\u00e1n vivienda con f\u00e1brica de block en Sinaloa -<\/title>\n<meta name=\"description\" content=\"Con el objetivo de impulsar el desarrollo de vivienda, el Sistema DIF de Sinaloa inaugur\u00f3 la F\u00e1brica Comunitaria de Block en la comunidad Las Puentes, de la sindicatura de Villa Ju\u00e1rez, Navolato.\" \/>\n<meta name=\"robots\" content=\"index, follow, max-snippet:-1, max-image-preview:large, max-video-preview:-1\" \/>\n<link rel=\"canonical\" href=\"https:\/\/centrourbano.com\/revista\/vivienda\/impulsaran-vivienda-con-fabrica-de-block-en-sinaloa\/\" \/>\n<meta property=\"og:locale\" content=\"es_ES\" \/>\n<meta property=\"og:type\" content=\"article\" \/>\n<meta property=\"og:title\" content=\"Impulsar\u00e1n vivienda con f\u00e1brica de block en Sinaloa -\" \/>\n<meta property=\"og:description\" content=\"Con el objetivo de impulsar el desarrollo de vivienda, el Sistema DIF de Sinaloa inaugur\u00f3 la F\u00e1brica Comunitaria de Block en la comunidad Las Puentes, de la sindicatura de Villa Ju\u00e1rez, Navolato.\" \/>\n<meta property=\"og:url\" content=\"https:\/\/centrourbano.com\/revista\/vivienda\/impulsaran-vivienda-con-fabrica-de-block-en-sinaloa\/\" \/>\n<meta property=\"og:site_name\" content=\"Centro Urbano\" \/>\n<meta property=\"article:publisher\" content=\"https:\/\/www.facebook.com\/portalcentrourbano\" \/>\n<meta property=\"article:published_time\" content=\"2017-08-10T21:16:41+00:00\" \/>\n<meta property=\"article:modified_time\" content=\"2017-08-10T21:17:07+00:00\" \/>\n<meta property=\"og:image\" content=\"https:\/\/centrourbano.com\/revista\/wp-content\/uploads\/Sinaloa_FabricaBlock.png\" \/>\n\t<meta property=\"og:image:width\" content=\"800\" \/>\n\t<meta property=\"og:image:height\" content=\"533\" \/>\n\t<meta property=\"og:image:type\" content=\"image\/png\" \/>\n<meta name=\"author\" content=\"Edgar Rosas\" \/>\n<meta name=\"twitter:card\" content=\"summary_large_image\" \/>\n<meta name=\"twitter:creator\" content=\"@https:\/\/twitter.com\/ERosasCU?s=09\" \/>\n<meta name=\"twitter:site\" content=\"@CentroUrbano\" \/>\n<meta name=\"twitter:label1\" content=\"Escrito por\" \/>\n\t<meta name=\"twitter:data1\" content=\"Edgar Rosas\" \/>\n\t<meta name=\"twitter:label2\" content=\"Tiempo de lectura\" \/>\n\t<meta name=\"twitter:data2\" content=\"1 minuto\" \/>\n<script type=\"application\/ld+json\" class=\"yoast-schema-graph\">{\"@context\":\"https:\\\/\\\/schema.org\",\"@graph\":[{\"@type\":\"Article\",\"@id\":\"https:\\\/\\\/centrourbano.com\\\/revista\\\/vivienda\\\/impulsaran-vivienda-con-fabrica-de-block-en-sinaloa\\\/#article\",\"isPartOf\":{\"@id\":\"https:\\\/\\\/centrourbano.com\\\/revista\\\/vivienda\\\/impulsaran-vivienda-con-fabrica-de-block-en-sinaloa\\\/\"},\"author\":{\"name\":\"Edgar Rosas\",\"@id\":\"https:\\\/\\\/centrourbano.com\\\/revista\\\/#\\\/schema\\\/person\\\/ff3c00651ce5b1630479d2cd0c2e3ac0\"},\"headline\":\"Impulsar\u00e1n vivienda con f\u00e1brica de block en Sinaloa\",\"datePublished\":\"2017-08-10T21:16:41+00:00\",\"dateModified\":\"2017-08-10T21:17:07+00:00\",\"mainEntityOfPage\":{\"@id\":\"https:\\\/\\\/centrourbano.com\\\/revista\\\/vivienda\\\/impulsaran-vivienda-con-fabrica-de-block-en-sinaloa\\\/\"},\"wordCount\":189,\"commentCount\":0,\"publisher\":{\"@id\":\"https:\\\/\\\/centrourbano.com\\\/revista\\\/#organization\"},\"image\":{\"@id\":\"https:\\\/\\\/centrourbano.com\\\/revista\\\/vivienda\\\/impulsaran-vivienda-con-fabrica-de-block-en-sinaloa\\\/#primaryimage\"},\"thumbnailUrl\":\"https:\\\/\\\/centrourbano.com\\\/revista\\\/wp-content\\\/uploads\\\/Sinaloa_FabricaBlock.png\",\"keywords\":[\"autoconstrucci\u00f3n\",\"Fabrica de Block\",\"Sinaloa\",\"vivienda\"],\"articleSection\":[\"Vivienda\"],\"inLanguage\":\"es\",\"potentialAction\":[{\"@type\":\"CommentAction\",\"name\":\"Comment\",\"target\":[\"https:\\\/\\\/centrourbano.com\\\/revista\\\/vivienda\\\/impulsaran-vivienda-con-fabrica-de-block-en-sinaloa\\\/#respond\"]}]},{\"@type\":\"WebPage\",\"@id\":\"https:\\\/\\\/centrourbano.com\\\/revista\\\/vivienda\\\/impulsaran-vivienda-con-fabrica-de-block-en-sinaloa\\\/\",\"url\":\"https:\\\/\\\/centrourbano.com\\\/revista\\\/vivienda\\\/impulsaran-vivienda-con-fabrica-de-block-en-sinaloa\\\/\",\"name\":\"Impulsar\u00e1n vivienda con f\u00e1brica de block en Sinaloa -\",\"isPartOf\":{\"@id\":\"https:\\\/\\\/centrourbano.com\\\/revista\\\/#website\"},\"primaryImageOfPage\":{\"@id\":\"https:\\\/\\\/centrourbano.com\\\/revista\\\/vivienda\\\/impulsaran-vivienda-con-fabrica-de-block-en-sinaloa\\\/#primaryimage\"},\"image\":{\"@id\":\"https:\\\/\\\/centrourbano.com\\\/revista\\\/vivienda\\\/impulsaran-vivienda-con-fabrica-de-block-en-sinaloa\\\/#primaryimage\"},\"thumbnailUrl\":\"https:\\\/\\\/centrourbano.com\\\/revista\\\/wp-content\\\/uploads\\\/Sinaloa_FabricaBlock.png\",\"datePublished\":\"2017-08-10T21:16:41+00:00\",\"dateModified\":\"2017-08-10T21:17:07+00:00\",\"description\":\"Con el objetivo de impulsar el desarrollo de vivienda, el Sistema DIF de Sinaloa inaugur\u00f3 la F\u00e1brica Comunitaria de Block en la comunidad Las Puentes, de la sindicatura de Villa Ju\u00e1rez, Navolato.\",\"breadcrumb\":{\"@id\":\"https:\\\/\\\/centrourbano.com\\\/revista\\\/vivienda\\\/impulsaran-vivienda-con-fabrica-de-block-en-sinaloa\\\/#breadcrumb\"},\"inLanguage\":\"es\",\"potentialAction\":[{\"@type\":\"ReadAction\",\"target\":[\"https:\\\/\\\/centrourbano.com\\\/revista\\\/vivienda\\\/impulsaran-vivienda-con-fabrica-de-block-en-sinaloa\\\/\"]}]},{\"@type\":\"ImageObject\",\"inLanguage\":\"es\",\"@id\":\"https:\\\/\\\/centrourbano.com\\\/revista\\\/vivienda\\\/impulsaran-vivienda-con-fabrica-de-block-en-sinaloa\\\/#primaryimage\",\"url\":\"https:\\\/\\\/centrourbano.com\\\/revista\\\/wp-content\\\/uploads\\\/Sinaloa_FabricaBlock.png\",\"contentUrl\":\"https:\\\/\\\/centrourbano.com\\\/revista\\\/wp-content\\\/uploads\\\/Sinaloa_FabricaBlock.png\",\"width\":800,\"height\":533,\"caption\":\"El objetivo es instalar 13 f\u00e1bricas comunitarias para beneficiar a 780 familias\"},{\"@type\":\"BreadcrumbList\",\"@id\":\"https:\\\/\\\/centrourbano.com\\\/revista\\\/vivienda\\\/impulsaran-vivienda-con-fabrica-de-block-en-sinaloa\\\/#breadcrumb\",\"itemListElement\":[{\"@type\":\"ListItem\",\"position\":1,\"name\":\"Portada\",\"item\":\"https:\\\/\\\/centrourbano.com\\\/revista\\\/\"},{\"@type\":\"ListItem\",\"position\":2,\"name\":\"Impulsar\u00e1n vivienda con f\u00e1brica de block en Sinaloa\"}]},{\"@type\":\"WebSite\",\"@id\":\"https:\\\/\\\/centrourbano.com\\\/revista\\\/#website\",\"url\":\"https:\\\/\\\/centrourbano.com\\\/revista\\\/\",\"name\":\"Centro Urbano\",\"description\":\"Medio especializado en los sectores vivienda, inmobiliario, construcci\u00f3n, arquitectura y urbanismo.\",\"publisher\":{\"@id\":\"https:\\\/\\\/centrourbano.com\\\/revista\\\/#organization\"},\"potentialAction\":[{\"@type\":\"SearchAction\",\"target\":{\"@type\":\"EntryPoint\",\"urlTemplate\":\"https:\\\/\\\/centrourbano.com\\\/revista\\\/?s={search_term_string}\"},\"query-input\":{\"@type\":\"PropertyValueSpecification\",\"valueRequired\":true,\"valueName\":\"search_term_string\"}}],\"inLanguage\":\"es\"},{\"@type\":\"Organization\",\"@id\":\"https:\\\/\\\/centrourbano.com\\\/revista\\\/#organization\",\"name\":\"Centro Urbano\",\"url\":\"https:\\\/\\\/centrourbano.com\\\/revista\\\/\",\"logo\":{\"@type\":\"ImageObject\",\"inLanguage\":\"es\",\"@id\":\"https:\\\/\\\/centrourbano.com\\\/revista\\\/#\\\/schema\\\/logo\\\/image\\\/\",\"url\":\"https:\\\/\\\/centrourbano.com\\\/revista\\\/wp-content\\\/uploads\\\/web_CU_logo-1.png\",\"contentUrl\":\"https:\\\/\\\/centrourbano.com\\\/revista\\\/wp-content\\\/uploads\\\/web_CU_logo-1.png\",\"width\":350,\"height\":91,\"caption\":\"Centro Urbano\"},\"image\":{\"@id\":\"https:\\\/\\\/centrourbano.com\\\/revista\\\/#\\\/schema\\\/logo\\\/image\\\/\"},\"sameAs\":[\"https:\\\/\\\/www.facebook.com\\\/portalcentrourbano\",\"https:\\\/\\\/x.com\\\/CentroUrbano\",\"https:\\\/\\\/www.instagram.com\\\/centro_urbano\\\/\",\"https:\\\/\\\/www.linkedin.com\\\/company\\\/centro-urbano\\\/\",\"http:\\\/\\\/www.youtube.com\\\/user\\\/portalcentrourbano\"]},{\"@type\":\"Person\",\"@id\":\"https:\\\/\\\/centrourbano.com\\\/revista\\\/#\\\/schema\\\/person\\\/ff3c00651ce5b1630479d2cd0c2e3ac0\",\"name\":\"Edgar Rosas\",\"image\":{\"@type\":\"ImageObject\",\"inLanguage\":\"es\",\"@id\":\"https:\\\/\\\/secure.gravatar.com\\\/avatar\\\/94440c4283495211faa5300bf85e80061036b83fced868c3783aa1310b350d9c?s=96&d=mm&r=g\",\"url\":\"https:\\\/\\\/secure.gravatar.com\\\/avatar\\\/94440c4283495211faa5300bf85e80061036b83fced868c3783aa1310b350d9c?s=96&d=mm&r=g\",\"contentUrl\":\"https:\\\/\\\/secure.gravatar.com\\\/avatar\\\/94440c4283495211faa5300bf85e80061036b83fced868c3783aa1310b350d9c?s=96&d=mm&r=g\",\"caption\":\"Edgar Rosas\"},\"description\":\"Editor en Jefe de Centro Urbano. Egresado de la maestr\u00eda en Periodismo Pol\u00edtico de la Escuela de Periodismo Carlos Septi\u00e9n Garc\u00eda (EPCSG). Estudi\u00f3 la licenciatura en Comunicaci\u00f3n en la Universidad Mexicana. Amante de la cr\u00f3nica y el reportaje. Admirador de Vicente Le\u00f1ero y Miguel \u00c1ngel Granados Chapa.\",\"sameAs\":[\"https:\\\/\\\/x.com\\\/https:\\\/\\\/twitter.com\\\/ERosasCU?s=09\"],\"url\":\"https:\\\/\\\/centrourbano.com\\\/revista\\\/author\\\/edgar-rosas\\\/\"}]}<\/script>\n<!-- \/ Yoast SEO plugin. -->","yoast_head_json":{"title":"Impulsar\u00e1n vivienda con f\u00e1brica de block en Sinaloa -","description":"Con el objetivo de impulsar el desarrollo de vivienda, el Sistema DIF de Sinaloa inaugur\u00f3 la F\u00e1brica Comunitaria de Block en la comunidad Las Puentes, de la sindicatura de Villa Ju\u00e1rez, Navolato.","robots":{"index":"index","follow":"follow","max-snippet":"max-snippet:-1","max-image-preview":"max-image-preview:large","max-video-preview":"max-video-preview:-1"},"canonical":"https:\/\/centrourbano.com\/revista\/vivienda\/impulsaran-vivienda-con-fabrica-de-block-en-sinaloa\/","og_locale":"es_ES","og_type":"article","og_title":"Impulsar\u00e1n vivienda con f\u00e1brica de block en Sinaloa -","og_description":"Con el objetivo de impulsar el desarrollo de vivienda, el Sistema DIF de Sinaloa inaugur\u00f3 la F\u00e1brica Comunitaria de Block en la comunidad Las Puentes, de la sindicatura de Villa Ju\u00e1rez, Navolato.","og_url":"https:\/\/centrourbano.com\/revista\/vivienda\/impulsaran-vivienda-con-fabrica-de-block-en-sinaloa\/","og_site_name":"Centro Urbano","article_publisher":"https:\/\/www.facebook.com\/portalcentrourbano","article_published_time":"2017-08-10T21:16:41+00:00","article_modified_time":"2017-08-10T21:17:07+00:00","og_image":[{"width":800,"height":533,"url":"https:\/\/centrourbano.com\/revista\/wp-content\/uploads\/Sinaloa_FabricaBlock.png","type":"image\/png"}],"author":"Edgar Rosas","twitter_card":"summary_large_image","twitter_creator":"@https:\/\/twitter.com\/ERosasCU?s=09","twitter_site":"@CentroUrbano","twitter_misc":{"Escrito por":"Edgar Rosas","Tiempo de lectura":"1 minuto"},"schema":{"@context":"https:\/\/schema.org","@graph":[{"@type":"Article","@id":"https:\/\/centrourbano.com\/revista\/vivienda\/impulsaran-vivienda-con-fabrica-de-block-en-sinaloa\/#article","isPartOf":{"@id":"https:\/\/centrourbano.com\/revista\/vivienda\/impulsaran-vivienda-con-fabrica-de-block-en-sinaloa\/"},"author":{"name":"Edgar Rosas","@id":"https:\/\/centrourbano.com\/revista\/#\/schema\/person\/ff3c00651ce5b1630479d2cd0c2e3ac0"},"headline":"Impulsar\u00e1n vivienda con f\u00e1brica de block en Sinaloa","datePublished":"2017-08-10T21:16:41+00:00","dateModified":"2017-08-10T21:17:07+00:00","mainEntityOfPage":{"@id":"https:\/\/centrourbano.com\/revista\/vivienda\/impulsaran-vivienda-con-fabrica-de-block-en-sinaloa\/"},"wordCount":189,"commentCount":0,"publisher":{"@id":"https:\/\/centrourbano.com\/revista\/#organization"},"image":{"@id":"https:\/\/centrourbano.com\/revista\/vivienda\/impulsaran-vivienda-con-fabrica-de-block-en-sinaloa\/#primaryimage"},"thumbnailUrl":"https:\/\/centrourbano.com\/revista\/wp-content\/uploads\/Sinaloa_FabricaBlock.png","keywords":["autoconstrucci\u00f3n","Fabrica de Block","Sinaloa","vivienda"],"articleSection":["Vivienda"],"inLanguage":"es","potentialAction":[{"@type":"CommentAction","name":"Comment","target":["https:\/\/centrourbano.com\/revista\/vivienda\/impulsaran-vivienda-con-fabrica-de-block-en-sinaloa\/#respond"]}]},{"@type":"WebPage","@id":"https:\/\/centrourbano.com\/revista\/vivienda\/impulsaran-vivienda-con-fabrica-de-block-en-sinaloa\/","url":"https:\/\/centrourbano.com\/revista\/vivienda\/impulsaran-vivienda-con-fabrica-de-block-en-sinaloa\/","name":"Impulsar\u00e1n vivienda con f\u00e1brica de block en Sinaloa -","isPartOf":{"@id":"https:\/\/centrourbano.com\/revista\/#website"},"primaryImageOfPage":{"@id":"https:\/\/centrourbano.com\/revista\/vivienda\/impulsaran-vivienda-con-fabrica-de-block-en-sinaloa\/#primaryimage"},"image":{"@id":"https:\/\/centrourbano.com\/revista\/vivienda\/impulsaran-vivienda-con-fabrica-de-block-en-sinaloa\/#primaryimage"},"thumbnailUrl":"https:\/\/centrourbano.com\/revista\/wp-content\/uploads\/Sinaloa_FabricaBlock.png","datePublished":"2017-08-10T21:16:41+00:00","dateModified":"2017-08-10T21:17:07+00:00","description":"Con el objetivo de impulsar el desarrollo de vivienda, el Sistema DIF de Sinaloa inaugur\u00f3 la F\u00e1brica Comunitaria de Block en la comunidad Las Puentes, de la sindicatura de Villa Ju\u00e1rez, Navolato.","breadcrumb":{"@id":"https:\/\/centrourbano.com\/revista\/vivienda\/impulsaran-vivienda-con-fabrica-de-block-en-sinaloa\/#breadcrumb"},"inLanguage":"es","potentialAction":[{"@type":"ReadAction","target":["https:\/\/centrourbano.com\/revista\/vivienda\/impulsaran-vivienda-con-fabrica-de-block-en-sinaloa\/"]}]},{"@type":"ImageObject","inLanguage":"es","@id":"https:\/\/centrourbano.com\/revista\/vivienda\/impulsaran-vivienda-con-fabrica-de-block-en-sinaloa\/#primaryimage","url":"https:\/\/centrourbano.com\/revista\/wp-content\/uploads\/Sinaloa_FabricaBlock.png","contentUrl":"https:\/\/centrourbano.com\/revista\/wp-content\/uploads\/Sinaloa_FabricaBlock.png","width":800,"height":533,"caption":"El objetivo es instalar 13 f\u00e1bricas comunitarias para beneficiar a 780 familias"},{"@type":"BreadcrumbList","@id":"https:\/\/centrourbano.com\/revista\/vivienda\/impulsaran-vivienda-con-fabrica-de-block-en-sinaloa\/#breadcrumb","itemListElement":[{"@type":"ListItem","position":1,"name":"Portada","item":"https:\/\/centrourbano.com\/revista\/"},{"@type":"ListItem","position":2,"name":"Impulsar\u00e1n vivienda con f\u00e1brica de block en Sinaloa"}]},{"@type":"WebSite","@id":"https:\/\/centrourbano.com\/revista\/#website","url":"https:\/\/centrourbano.com\/revista\/","name":"Centro Urbano","description":"Medio especializado en los sectores vivienda, inmobiliario, construcci\u00f3n, arquitectura y urbanismo.","publisher":{"@id":"https:\/\/centrourbano.com\/revista\/#organization"},"potentialAction":[{"@type":"SearchAction","target":{"@type":"EntryPoint","urlTemplate":"https:\/\/centrourbano.com\/revista\/?s={search_term_string}"},"query-input":{"@type":"PropertyValueSpecification","valueRequired":true,"valueName":"search_term_string"}}],"inLanguage":"es"},{"@type":"Organization","@id":"https:\/\/centrourbano.com\/revista\/#organization","name":"Centro Urbano","url":"https:\/\/centrourbano.com\/revista\/","logo":{"@type":"ImageObject","inLanguage":"es","@id":"https:\/\/centrourbano.com\/revista\/#\/schema\/logo\/image\/","url":"https:\/\/centrourbano.com\/revista\/wp-content\/uploads\/web_CU_logo-1.png","contentUrl":"https:\/\/centrourbano.com\/revista\/wp-content\/uploads\/web_CU_logo-1.png","width":350,"height":91,"caption":"Centro Urbano"},"image":{"@id":"https:\/\/centrourbano.com\/revista\/#\/schema\/logo\/image\/"},"sameAs":["https:\/\/www.facebook.com\/portalcentrourbano","https:\/\/x.com\/CentroUrbano","https:\/\/www.instagram.com\/centro_urbano\/","https:\/\/www.linkedin.com\/company\/centro-urbano\/","http:\/\/www.youtube.com\/user\/portalcentrourbano"]},{"@type":"Person","@id":"https:\/\/centrourbano.com\/revista\/#\/schema\/person\/ff3c00651ce5b1630479d2cd0c2e3ac0","name":"Edgar Rosas","image":{"@type":"ImageObject","inLanguage":"es","@id":"https:\/\/secure.gravatar.com\/avatar\/94440c4283495211faa5300bf85e80061036b83fced868c3783aa1310b350d9c?s=96&d=mm&r=g","url":"https:\/\/secure.gravatar.com\/avatar\/94440c4283495211faa5300bf85e80061036b83fced868c3783aa1310b350d9c?s=96&d=mm&r=g","contentUrl":"https:\/\/secure.gravatar.com\/avatar\/94440c4283495211faa5300bf85e80061036b83fced868c3783aa1310b350d9c?s=96&d=mm&r=g","caption":"Edgar Rosas"},"description":"Editor en Jefe de Centro Urbano. Egresado de la maestr\u00eda en Periodismo Pol\u00edtico de la Escuela de Periodismo Carlos Septi\u00e9n Garc\u00eda (EPCSG). Estudi\u00f3 la licenciatura en Comunicaci\u00f3n en la Universidad Mexicana. Amante de la cr\u00f3nica y el reportaje. Admirador de Vicente Le\u00f1ero y Miguel \u00c1ngel Granados Chapa.","sameAs":["https:\/\/x.com\/https:\/\/twitter.com\/ERosasCU?s=09"],"url":"https:\/\/centrourbano.com\/revista\/author\/edgar-rosas\/"}]}},"_links":{"self":[{"href":"https:\/\/centrourbano.com\/revista\/wp-json\/wp\/v2\/posts\/57953","targetHints":{"allow":["GET"]}}],"collection":[{"href":"https:\/\/centrourbano.com\/revista\/wp-json\/wp\/v2\/posts"}],"about":[{"href":"https:\/\/centrourbano.com\/revista\/wp-json\/wp\/v2\/types\/post"}],"author":[{"embeddable":true,"href":"https:\/\/centrourbano.com\/revista\/wp-json\/wp\/v2\/users\/47"}],"replies":[{"embeddable":true,"href":"https:\/\/centrourbano.com\/revista\/wp-json\/wp\/v2\/comments?post=57953"}],"version-history":[{"count":0,"href":"https:\/\/centrourbano.com\/revista\/wp-json\/wp\/v2\/posts\/57953\/revisions"}],"wp:featuredmedia":[{"embeddable":true,"href":"https:\/\/centrourbano.com\/revista\/wp-json\/wp\/v2\/media\/57978"}],"wp:attachment":[{"href":"https:\/\/centrourbano.com\/revista\/wp-json\/wp\/v2\/media?parent=57953"}],"wp:term":[{"taxonomy":"category","embeddable":true,"href":"https:\/\/centrourbano.com\/revista\/wp-json\/wp\/v2\/categories?post=57953"},{"taxonomy":"post_tag","embeddable":true,"href":"https:\/\/centrourbano.com\/revista\/wp-json\/wp\/v2\/tags?post=57953"}],"curies":[{"name":"wp","href":"https:\/\/api.w.org\/{rel}","templated":true}]}}