{"id":57935,"date":"2017-08-10T11:39:48","date_gmt":"2017-08-10T16:39:48","guid":{"rendered":"https:\/\/centrourbano.com\/?p=57935"},"modified":"2017-08-10T12:32:45","modified_gmt":"2017-08-10T17:32:45","slug":"carstens-formara-parte-del-g30","status":"publish","type":"post","link":"https:\/\/centrourbano.com\/revista\/actualidad\/carstens-formara-parte-del-g30\/","title":{"rendered":"Carstens formar\u00e1 parte del G30"},"content":{"rendered":"<p><em>El gobernador del Banxico formar\u00e1 parte de este grupo consultivo <\/em><!--more--><\/p>\n<p>El gobernador del Banco de M\u00e9xico (Banxico), Agust\u00edn Carstens, formar\u00e1 parte del Grupo de los Treinta (G30), con lo que desde ahora sesionar\u00e1 en este grupo consultivo en asuntos monetarios y econ\u00f3micos internacionales.<\/p>\n<p>El anunci\u00f3 lo hizo el G30 en Washington, donde dio a conocer que Carstens Carstens acept\u00f3 la invitaci\u00f3n para formar parte de la asociaci\u00f3n integrada por especialistas del \u00e1mbito econ\u00f3mico. <\/p>\n<p>Junto al gobernador del Banco de M\u00e9xico, se integra Mar\u00eda Ramos, CEO de Barclays \u00c1frica. <\/p>\n<p>Jacob A. Frenkel, presidente del Consejo de Administraci\u00f3n del G30, se\u00f1al\u00f3 que la llegada de Carstens aportar\u00e1 d\u00e9cadas de conocimiento y experiencia en finanzas y econom\u00eda internacional. <\/p>\n<p>\u201cDesde su liderazgo actual en el Banco de M\u00e9xico, como Presidente del IMFC del Fondo Monetario Internacional, as\u00ed como gracias a su anterior trabajo como Secretario de Hacienda de M\u00e9xico, entre otras responsabilidades que ha desempe\u00f1ado\u201d.<\/p>\n<p>Cabe destacar que el G30 fue fundado en 1978, con la mira de desempe\u00f1arse como un cuerpo internacional compuesto de personalidades destacadas del sector p\u00fablico, del sector privado y de la academia. El objetivo principal del grupo es promover un entendimiento profundo de los asuntos m\u00e1s relevantes de la econom\u00eda y las finanzas internacionales y explorar las repercusiones internacionales de las decisiones tomadas por los sectores p\u00fablico y privado en el mundo.<\/p>\n","protected":false},"excerpt":{"rendered":"<p>El gobernador del Banxico formar\u00e1 parte de este grupo consultivo<\/p>\n","protected":false},"author":77,"featured_media":44784,"comment_status":"open","ping_status":"closed","sticky":false,"template":"","format":"standard","meta":{"inline_featured_image":false,"footnotes":""},"categories":[80],"tags":[7806,1170,10853],"class_list":["post-57935","post","type-post","status-publish","format-standard","has-post-thumbnail","hentry","category-actualidad","tag-agustin-carstens","tag-banxico","tag-g30"],"yoast_head":"<!-- This site is optimized with the Yoast SEO plugin v28.4 - https:\/\/yoast.com\/product\/yoast-seo-wordpress\/ -->\n<title>Carstens formar\u00e1 parte del G30 -<\/title>\n<meta name=\"description\" content=\"El gobernador del Banco de M\u00e9xico (Banxico), Agust\u00edn Carstens, formar\u00e1 parte del Grupo de los Treinta (G30), con lo que desde ahora sesionar\u00e1 en este grupo consultivo en asuntos monetarios y econ\u00f3micos internacionales.\" \/>\n<meta name=\"robots\" content=\"index, follow, max-snippet:-1, max-image-preview:large, max-video-preview:-1\" \/>\n<link rel=\"canonical\" href=\"https:\/\/centrourbano.com\/revista\/actualidad\/carstens-formara-parte-del-g30\/\" \/>\n<meta property=\"og:locale\" content=\"es_ES\" \/>\n<meta property=\"og:type\" content=\"article\" \/>\n<meta property=\"og:title\" content=\"Carstens formar\u00e1 parte del G30 -\" \/>\n<meta property=\"og:description\" content=\"El gobernador del Banco de M\u00e9xico (Banxico), Agust\u00edn Carstens, formar\u00e1 parte del Grupo de los Treinta (G30), con lo que desde ahora sesionar\u00e1 en este grupo consultivo en asuntos monetarios y econ\u00f3micos internacionales.\" \/>\n<meta property=\"og:url\" content=\"https:\/\/centrourbano.com\/revista\/actualidad\/carstens-formara-parte-del-g30\/\" \/>\n<meta property=\"og:site_name\" content=\"Centro Urbano\" \/>\n<meta property=\"article:publisher\" content=\"https:\/\/www.facebook.com\/portalcentrourbano\" \/>\n<meta property=\"article:published_time\" content=\"2017-08-10T16:39:48+00:00\" \/>\n<meta property=\"article:modified_time\" content=\"2017-08-10T17:32:45+00:00\" \/>\n<meta property=\"og:image\" content=\"https:\/\/centrourbano.com\/revista\/wp-content\/uploads\/bloggif_58405ecf09286.jpeg\" \/>\n\t<meta property=\"og:image:width\" content=\"1000\" \/>\n\t<meta property=\"og:image:height\" content=\"664\" \/>\n\t<meta property=\"og:image:type\" content=\"image\/jpeg\" \/>\n<meta name=\"author\" content=\"G4A\" \/>\n<meta name=\"twitter:card\" content=\"summary_large_image\" \/>\n<meta name=\"twitter:creator\" content=\"@CentroUrbano\" \/>\n<meta name=\"twitter:site\" content=\"@CentroUrbano\" \/>\n<meta name=\"twitter:label1\" content=\"Escrito por\" \/>\n\t<meta name=\"twitter:data1\" content=\"G4A\" \/>\n\t<meta name=\"twitter:label2\" content=\"Tiempo de lectura\" \/>\n\t<meta name=\"twitter:data2\" content=\"1 minuto\" \/>\n<script type=\"application\/ld+json\" class=\"yoast-schema-graph\">{\"@context\":\"https:\\\/\\\/schema.org\",\"@graph\":[{\"@type\":\"Article\",\"@id\":\"https:\\\/\\\/centrourbano.com\\\/revista\\\/actualidad\\\/carstens-formara-parte-del-g30\\\/#article\",\"isPartOf\":{\"@id\":\"https:\\\/\\\/centrourbano.com\\\/revista\\\/actualidad\\\/carstens-formara-parte-del-g30\\\/\"},\"author\":{\"name\":\"G4A\",\"@id\":\"https:\\\/\\\/centrourbano.com\\\/revista\\\/#\\\/schema\\\/person\\\/370fa0ba2d8dd5bde3fdb8b62ad360aa\"},\"headline\":\"Carstens formar\u00e1 parte del G30\",\"datePublished\":\"2017-08-10T16:39:48+00:00\",\"dateModified\":\"2017-08-10T17:32:45+00:00\",\"mainEntityOfPage\":{\"@id\":\"https:\\\/\\\/centrourbano.com\\\/revista\\\/actualidad\\\/carstens-formara-parte-del-g30\\\/\"},\"wordCount\":247,\"commentCount\":0,\"publisher\":{\"@id\":\"https:\\\/\\\/centrourbano.com\\\/revista\\\/#organization\"},\"image\":{\"@id\":\"https:\\\/\\\/centrourbano.com\\\/revista\\\/actualidad\\\/carstens-formara-parte-del-g30\\\/#primaryimage\"},\"thumbnailUrl\":\"https:\\\/\\\/centrourbano.com\\\/revista\\\/wp-content\\\/uploads\\\/bloggif_58405ecf09286.jpeg\",\"keywords\":[\"Agust\u00edn Carstens\",\"Banxico\",\"G30\"],\"articleSection\":[\"Actualidad\"],\"inLanguage\":\"es\"},{\"@type\":\"WebPage\",\"@id\":\"https:\\\/\\\/centrourbano.com\\\/revista\\\/actualidad\\\/carstens-formara-parte-del-g30\\\/\",\"url\":\"https:\\\/\\\/centrourbano.com\\\/revista\\\/actualidad\\\/carstens-formara-parte-del-g30\\\/\",\"name\":\"Carstens formar\u00e1 parte del G30 -\",\"isPartOf\":{\"@id\":\"https:\\\/\\\/centrourbano.com\\\/revista\\\/#website\"},\"primaryImageOfPage\":{\"@id\":\"https:\\\/\\\/centrourbano.com\\\/revista\\\/actualidad\\\/carstens-formara-parte-del-g30\\\/#primaryimage\"},\"image\":{\"@id\":\"https:\\\/\\\/centrourbano.com\\\/revista\\\/actualidad\\\/carstens-formara-parte-del-g30\\\/#primaryimage\"},\"thumbnailUrl\":\"https:\\\/\\\/centrourbano.com\\\/revista\\\/wp-content\\\/uploads\\\/bloggif_58405ecf09286.jpeg\",\"datePublished\":\"2017-08-10T16:39:48+00:00\",\"dateModified\":\"2017-08-10T17:32:45+00:00\",\"description\":\"El gobernador del Banco de M\u00e9xico (Banxico), Agust\u00edn Carstens, formar\u00e1 parte del Grupo de los Treinta (G30), con lo que desde ahora sesionar\u00e1 en este grupo consultivo en asuntos monetarios y econ\u00f3micos internacionales.\",\"breadcrumb\":{\"@id\":\"https:\\\/\\\/centrourbano.com\\\/revista\\\/actualidad\\\/carstens-formara-parte-del-g30\\\/#breadcrumb\"},\"inLanguage\":\"es\",\"potentialAction\":[{\"@type\":\"ReadAction\",\"target\":[\"https:\\\/\\\/centrourbano.com\\\/revista\\\/actualidad\\\/carstens-formara-parte-del-g30\\\/\"]}]},{\"@type\":\"ImageObject\",\"inLanguage\":\"es\",\"@id\":\"https:\\\/\\\/centrourbano.com\\\/revista\\\/actualidad\\\/carstens-formara-parte-del-g30\\\/#primaryimage\",\"url\":\"https:\\\/\\\/centrourbano.com\\\/revista\\\/wp-content\\\/uploads\\\/bloggif_58405ecf09286.jpeg\",\"contentUrl\":\"https:\\\/\\\/centrourbano.com\\\/revista\\\/wp-content\\\/uploads\\\/bloggif_58405ecf09286.jpeg\",\"width\":1000,\"height\":664,\"caption\":\"El doctor en econom\u00eda se separar\u00e1 del cargo hasta el 1 de julio de 2017 para asumir en octubre la gerencia del Banco de Pagos Internacionales\"},{\"@type\":\"BreadcrumbList\",\"@id\":\"https:\\\/\\\/centrourbano.com\\\/revista\\\/actualidad\\\/carstens-formara-parte-del-g30\\\/#breadcrumb\",\"itemListElement\":[{\"@type\":\"ListItem\",\"position\":1,\"name\":\"Portada\",\"item\":\"https:\\\/\\\/centrourbano.com\\\/revista\\\/\"},{\"@type\":\"ListItem\",\"position\":2,\"name\":\"Carstens formar\u00e1 parte del G30\"}]},{\"@type\":\"WebSite\",\"@id\":\"https:\\\/\\\/centrourbano.com\\\/revista\\\/#website\",\"url\":\"https:\\\/\\\/centrourbano.com\\\/revista\\\/\",\"name\":\"Centro Urbano\",\"description\":\"Medio especializado en los sectores vivienda, inmobiliario, construcci\u00f3n, arquitectura y urbanismo.\",\"publisher\":{\"@id\":\"https:\\\/\\\/centrourbano.com\\\/revista\\\/#organization\"},\"potentialAction\":[{\"@type\":\"SearchAction\",\"target\":{\"@type\":\"EntryPoint\",\"urlTemplate\":\"https:\\\/\\\/centrourbano.com\\\/revista\\\/?s={search_term_string}\"},\"query-input\":{\"@type\":\"PropertyValueSpecification\",\"valueRequired\":true,\"valueName\":\"search_term_string\"}}],\"inLanguage\":\"es\"},{\"@type\":\"Organization\",\"@id\":\"https:\\\/\\\/centrourbano.com\\\/revista\\\/#organization\",\"name\":\"Centro Urbano\",\"url\":\"https:\\\/\\\/centrourbano.com\\\/revista\\\/\",\"logo\":{\"@type\":\"ImageObject\",\"inLanguage\":\"es\",\"@id\":\"https:\\\/\\\/centrourbano.com\\\/revista\\\/#\\\/schema\\\/logo\\\/image\\\/\",\"url\":\"https:\\\/\\\/centrourbano.com\\\/revista\\\/wp-content\\\/uploads\\\/web_CU_logo-1.png\",\"contentUrl\":\"https:\\\/\\\/centrourbano.com\\\/revista\\\/wp-content\\\/uploads\\\/web_CU_logo-1.png\",\"width\":350,\"height\":91,\"caption\":\"Centro Urbano\"},\"image\":{\"@id\":\"https:\\\/\\\/centrourbano.com\\\/revista\\\/#\\\/schema\\\/logo\\\/image\\\/\"},\"sameAs\":[\"https:\\\/\\\/www.facebook.com\\\/portalcentrourbano\",\"https:\\\/\\\/x.com\\\/CentroUrbano\",\"https:\\\/\\\/www.instagram.com\\\/centro_urbano\\\/\",\"https:\\\/\\\/www.linkedin.com\\\/company\\\/centro-urbano\\\/\",\"http:\\\/\\\/www.youtube.com\\\/user\\\/portalcentrourbano\"]},{\"@type\":\"Person\",\"@id\":\"https:\\\/\\\/centrourbano.com\\\/revista\\\/#\\\/schema\\\/person\\\/370fa0ba2d8dd5bde3fdb8b62ad360aa\",\"name\":\"G4A\",\"image\":{\"@type\":\"ImageObject\",\"inLanguage\":\"es\",\"@id\":\"https:\\\/\\\/secure.gravatar.com\\\/avatar\\\/932a97121b13d5de5bbd8193c6c83d3b92c9eda0f39623607d4280e7a5778d97?s=96&d=mm&r=g\",\"url\":\"https:\\\/\\\/secure.gravatar.com\\\/avatar\\\/932a97121b13d5de5bbd8193c6c83d3b92c9eda0f39623607d4280e7a5778d97?s=96&d=mm&r=g\",\"contentUrl\":\"https:\\\/\\\/secure.gravatar.com\\\/avatar\\\/932a97121b13d5de5bbd8193c6c83d3b92c9eda0f39623607d4280e7a5778d97?s=96&d=mm&r=g\",\"caption\":\"G4A\"},\"url\":\"https:\\\/\\\/centrourbano.com\\\/revista\\\/author\\\/admin-g4a\\\/\"}]}<\/script>\n<!-- \/ Yoast SEO plugin. -->","yoast_head_json":{"title":"Carstens formar\u00e1 parte del G30 -","description":"El gobernador del Banco de M\u00e9xico (Banxico), Agust\u00edn Carstens, formar\u00e1 parte del Grupo de los Treinta (G30), con lo que desde ahora sesionar\u00e1 en este grupo consultivo en asuntos monetarios y econ\u00f3micos internacionales.","robots":{"index":"index","follow":"follow","max-snippet":"max-snippet:-1","max-image-preview":"max-image-preview:large","max-video-preview":"max-video-preview:-1"},"canonical":"https:\/\/centrourbano.com\/revista\/actualidad\/carstens-formara-parte-del-g30\/","og_locale":"es_ES","og_type":"article","og_title":"Carstens formar\u00e1 parte del G30 -","og_description":"El gobernador del Banco de M\u00e9xico (Banxico), Agust\u00edn Carstens, formar\u00e1 parte del Grupo de los Treinta (G30), con lo que desde ahora sesionar\u00e1 en este grupo consultivo en asuntos monetarios y econ\u00f3micos internacionales.","og_url":"https:\/\/centrourbano.com\/revista\/actualidad\/carstens-formara-parte-del-g30\/","og_site_name":"Centro Urbano","article_publisher":"https:\/\/www.facebook.com\/portalcentrourbano","article_published_time":"2017-08-10T16:39:48+00:00","article_modified_time":"2017-08-10T17:32:45+00:00","og_image":[{"width":1000,"height":664,"url":"https:\/\/centrourbano.com\/revista\/wp-content\/uploads\/bloggif_58405ecf09286.jpeg","type":"image\/jpeg"}],"author":"G4A","twitter_card":"summary_large_image","twitter_creator":"@CentroUrbano","twitter_site":"@CentroUrbano","twitter_misc":{"Escrito por":"G4A","Tiempo de lectura":"1 minuto"},"schema":{"@context":"https:\/\/schema.org","@graph":[{"@type":"Article","@id":"https:\/\/centrourbano.com\/revista\/actualidad\/carstens-formara-parte-del-g30\/#article","isPartOf":{"@id":"https:\/\/centrourbano.com\/revista\/actualidad\/carstens-formara-parte-del-g30\/"},"author":{"name":"G4A","@id":"https:\/\/centrourbano.com\/revista\/#\/schema\/person\/370fa0ba2d8dd5bde3fdb8b62ad360aa"},"headline":"Carstens formar\u00e1 parte del G30","datePublished":"2017-08-10T16:39:48+00:00","dateModified":"2017-08-10T17:32:45+00:00","mainEntityOfPage":{"@id":"https:\/\/centrourbano.com\/revista\/actualidad\/carstens-formara-parte-del-g30\/"},"wordCount":247,"commentCount":0,"publisher":{"@id":"https:\/\/centrourbano.com\/revista\/#organization"},"image":{"@id":"https:\/\/centrourbano.com\/revista\/actualidad\/carstens-formara-parte-del-g30\/#primaryimage"},"thumbnailUrl":"https:\/\/centrourbano.com\/revista\/wp-content\/uploads\/bloggif_58405ecf09286.jpeg","keywords":["Agust\u00edn Carstens","Banxico","G30"],"articleSection":["Actualidad"],"inLanguage":"es"},{"@type":"WebPage","@id":"https:\/\/centrourbano.com\/revista\/actualidad\/carstens-formara-parte-del-g30\/","url":"https:\/\/centrourbano.com\/revista\/actualidad\/carstens-formara-parte-del-g30\/","name":"Carstens formar\u00e1 parte del G30 -","isPartOf":{"@id":"https:\/\/centrourbano.com\/revista\/#website"},"primaryImageOfPage":{"@id":"https:\/\/centrourbano.com\/revista\/actualidad\/carstens-formara-parte-del-g30\/#primaryimage"},"image":{"@id":"https:\/\/centrourbano.com\/revista\/actualidad\/carstens-formara-parte-del-g30\/#primaryimage"},"thumbnailUrl":"https:\/\/centrourbano.com\/revista\/wp-content\/uploads\/bloggif_58405ecf09286.jpeg","datePublished":"2017-08-10T16:39:48+00:00","dateModified":"2017-08-10T17:32:45+00:00","description":"El gobernador del Banco de M\u00e9xico (Banxico), Agust\u00edn Carstens, formar\u00e1 parte del Grupo de los Treinta (G30), con lo que desde ahora sesionar\u00e1 en este grupo consultivo en asuntos monetarios y econ\u00f3micos internacionales.","breadcrumb":{"@id":"https:\/\/centrourbano.com\/revista\/actualidad\/carstens-formara-parte-del-g30\/#breadcrumb"},"inLanguage":"es","potentialAction":[{"@type":"ReadAction","target":["https:\/\/centrourbano.com\/revista\/actualidad\/carstens-formara-parte-del-g30\/"]}]},{"@type":"ImageObject","inLanguage":"es","@id":"https:\/\/centrourbano.com\/revista\/actualidad\/carstens-formara-parte-del-g30\/#primaryimage","url":"https:\/\/centrourbano.com\/revista\/wp-content\/uploads\/bloggif_58405ecf09286.jpeg","contentUrl":"https:\/\/centrourbano.com\/revista\/wp-content\/uploads\/bloggif_58405ecf09286.jpeg","width":1000,"height":664,"caption":"El doctor en econom\u00eda se separar\u00e1 del cargo hasta el 1 de julio de 2017 para asumir en octubre la gerencia del Banco de Pagos Internacionales"},{"@type":"BreadcrumbList","@id":"https:\/\/centrourbano.com\/revista\/actualidad\/carstens-formara-parte-del-g30\/#breadcrumb","itemListElement":[{"@type":"ListItem","position":1,"name":"Portada","item":"https:\/\/centrourbano.com\/revista\/"},{"@type":"ListItem","position":2,"name":"Carstens formar\u00e1 parte del G30"}]},{"@type":"WebSite","@id":"https:\/\/centrourbano.com\/revista\/#website","url":"https:\/\/centrourbano.com\/revista\/","name":"Centro Urbano","description":"Medio especializado en los sectores vivienda, inmobiliario, construcci\u00f3n, arquitectura y urbanismo.","publisher":{"@id":"https:\/\/centrourbano.com\/revista\/#organization"},"potentialAction":[{"@type":"SearchAction","target":{"@type":"EntryPoint","urlTemplate":"https:\/\/centrourbano.com\/revista\/?s={search_term_string}"},"query-input":{"@type":"PropertyValueSpecification","valueRequired":true,"valueName":"search_term_string"}}],"inLanguage":"es"},{"@type":"Organization","@id":"https:\/\/centrourbano.com\/revista\/#organization","name":"Centro Urbano","url":"https:\/\/centrourbano.com\/revista\/","logo":{"@type":"ImageObject","inLanguage":"es","@id":"https:\/\/centrourbano.com\/revista\/#\/schema\/logo\/image\/","url":"https:\/\/centrourbano.com\/revista\/wp-content\/uploads\/web_CU_logo-1.png","contentUrl":"https:\/\/centrourbano.com\/revista\/wp-content\/uploads\/web_CU_logo-1.png","width":350,"height":91,"caption":"Centro Urbano"},"image":{"@id":"https:\/\/centrourbano.com\/revista\/#\/schema\/logo\/image\/"},"sameAs":["https:\/\/www.facebook.com\/portalcentrourbano","https:\/\/x.com\/CentroUrbano","https:\/\/www.instagram.com\/centro_urbano\/","https:\/\/www.linkedin.com\/company\/centro-urbano\/","http:\/\/www.youtube.com\/user\/portalcentrourbano"]},{"@type":"Person","@id":"https:\/\/centrourbano.com\/revista\/#\/schema\/person\/370fa0ba2d8dd5bde3fdb8b62ad360aa","name":"G4A","image":{"@type":"ImageObject","inLanguage":"es","@id":"https:\/\/secure.gravatar.com\/avatar\/932a97121b13d5de5bbd8193c6c83d3b92c9eda0f39623607d4280e7a5778d97?s=96&d=mm&r=g","url":"https:\/\/secure.gravatar.com\/avatar\/932a97121b13d5de5bbd8193c6c83d3b92c9eda0f39623607d4280e7a5778d97?s=96&d=mm&r=g","contentUrl":"https:\/\/secure.gravatar.com\/avatar\/932a97121b13d5de5bbd8193c6c83d3b92c9eda0f39623607d4280e7a5778d97?s=96&d=mm&r=g","caption":"G4A"},"url":"https:\/\/centrourbano.com\/revista\/author\/admin-g4a\/"}]}},"_links":{"self":[{"href":"https:\/\/centrourbano.com\/revista\/wp-json\/wp\/v2\/posts\/57935","targetHints":{"allow":["GET"]}}],"collection":[{"href":"https:\/\/centrourbano.com\/revista\/wp-json\/wp\/v2\/posts"}],"about":[{"href":"https:\/\/centrourbano.com\/revista\/wp-json\/wp\/v2\/types\/post"}],"author":[{"embeddable":true,"href":"https:\/\/centrourbano.com\/revista\/wp-json\/wp\/v2\/users\/77"}],"replies":[{"embeddable":true,"href":"https:\/\/centrourbano.com\/revista\/wp-json\/wp\/v2\/comments?post=57935"}],"version-history":[{"count":0,"href":"https:\/\/centrourbano.com\/revista\/wp-json\/wp\/v2\/posts\/57935\/revisions"}],"wp:featuredmedia":[{"embeddable":true,"href":"https:\/\/centrourbano.com\/revista\/wp-json\/wp\/v2\/media\/44784"}],"wp:attachment":[{"href":"https:\/\/centrourbano.com\/revista\/wp-json\/wp\/v2\/media?parent=57935"}],"wp:term":[{"taxonomy":"category","embeddable":true,"href":"https:\/\/centrourbano.com\/revista\/wp-json\/wp\/v2\/categories?post=57935"},{"taxonomy":"post_tag","embeddable":true,"href":"https:\/\/centrourbano.com\/revista\/wp-json\/wp\/v2\/tags?post=57935"}],"curies":[{"name":"wp","href":"https:\/\/api.w.org\/{rel}","templated":true}]}}