{"id":5790,"date":"2014-04-01T12:39:34","date_gmt":"2014-04-01T18:39:34","guid":{"rendered":"http:\/\/centrourbano.com\/?p=5790"},"modified":"2014-04-01T12:39:34","modified_gmt":"2014-04-01T18:39:34","slug":"utilizan-material-reciclado-para-renivelacion-de-masaryk","status":"publish","type":"post","link":"https:\/\/centrourbano.com\/revista\/urbanismo\/utilizan-material-reciclado-para-renivelacion-de-masaryk\/","title":{"rendered":"Utilizan material reciclado para renivelaci\u00f3n de Masaryk"},"content":{"rendered":"<p><i>La finalidad \u00a0es reutilizar el material retirado de las banquetas, guarniciones y carpeta asf\u00e1ltica, lo cual permite cuidar el medio ambiente<!--more--><\/i><\/p>\n<p>La Secretar\u00eda de Desarrollo Urbano y Vivienda (SEDUVI), a trav\u00e9s de la Autoridad del Espacio P\u00fablico (AEP), comenz\u00f3 la trituraci\u00f3n de concreto que ser\u00e1 utilizado en la renivelaci\u00f3n del suelo de la Avenida Presidente Masaryk.<\/p>\n<p>Lo anterior, tiene como finalidad reutilizar el material retirado de las banquetas, guarniciones y carpeta asf\u00e1ltica, lo cual permite cuidar el medio ambiente y reducir costos en traslado de material.<\/p>\n<p>As\u00ed lo dio a conocer Eduardo Aguilar Valdez, coordinador general de la AEP, quien adem\u00e1s se\u00f1al\u00f3 que estas acciones contribuyen a fomentar entre las empresas constructoras la adopci\u00f3n del mismo procedimiento.<\/p>\n<p>Tan solo el pasado fin de semana, la m\u00e1quina especial para dicha tarea, tritur\u00f3 30 metros c\u00fabicos de material de relleno, que fue esparcido en las trincheras del tramo Arqu\u00edmedes a Arist\u00f3teles.<\/p>\n<p>Aguilar Valdez explic\u00f3 que la primera tarea de renivelaci\u00f3n del suelo es la preparaci\u00f3n del terreno para desarrollar la etapa de colado del pavimento para la fase que comprende de Moliere a Arqu\u00edmedes.<\/p>\n<p>La m\u00e1quina cuenta con engranajes afilados, y es montada sobre la cuchara de una retroexcabadora, la cual toma el material de desecho y lo comienza a triturar hasta que tiene el di\u00e1metro de arena requerido para el relleno.<\/p>\n<p>Se\u00f1al\u00f3 que esta novedosa acci\u00f3n de reciclaje se lleva a cabo con la finalidad de reducir costos en materia prima y contribuir a mejorar el medio ambiente, pues evita la degradaci\u00f3n de recursos naturales no renovables.<\/p>\n<p>Inform\u00f3 que estos trabajos se llevan a cabo de d\u00eda para evitar molestia a los residentes que viven en la zona; adem\u00e1s el proyecto de rehabilitaci\u00f3n mantendr\u00e1 los dos carriles vehiculares en cada sentido; sin embargo, se dar\u00e1 prioridad al peat\u00f3n, por lo que las banquetas ser\u00e1n libres de obst\u00e1culos para fomentar el acceso universal de los transe\u00fantes.<\/p>\n","protected":false},"excerpt":{"rendered":"<p>La finalidad \u00a0es reutilizar el material retirado de las banquetas, guarniciones y carpeta asf\u00e1ltica, lo cual permite cuidar el medio ambiente<\/p>\n","protected":false},"author":9,"featured_media":0,"comment_status":"open","ping_status":"closed","sticky":false,"template":"","format":"standard","meta":{"om_disable_all_campaigns":false,"inline_featured_image":false,"_monsterinsights_skip_tracking":false,"_monsterinsights_sitenote_active":false,"_monsterinsights_sitenote_note":"","_monsterinsights_sitenote_category":0,"footnotes":""},"categories":[82],"tags":[125,1351,1350,571,158],"class_list":["post-5790","post","type-post","status-publish","format-standard","hentry","category-urbanismo","tag-aep","tag-autoridad-del-espacio-publico","tag-msaryk","tag-polanco","tag-rehabilitacion"],"yoast_head":"<!-- This site is optimized with the Yoast SEO plugin v27.4 - https:\/\/yoast.com\/product\/yoast-seo-wordpress\/ -->\n<title>Utilizan material reciclado para renivelaci\u00f3n de Masaryk -<\/title>\n<meta name=\"description\" content=\"La finalidad \u00a0es reutilizar el material retirado de las banquetas, guarniciones y carpeta asf\u00e1ltica, lo cual permite cuidar el medio ambiente La\" \/>\n<meta name=\"robots\" content=\"index, follow, max-snippet:-1, max-image-preview:large, max-video-preview:-1\" \/>\n<link rel=\"canonical\" href=\"https:\/\/centrourbano.com\/revista\/urbanismo\/utilizan-material-reciclado-para-renivelacion-de-masaryk\/\" \/>\n<meta property=\"og:locale\" content=\"es_ES\" \/>\n<meta property=\"og:type\" content=\"article\" \/>\n<meta property=\"og:title\" content=\"Utilizan material reciclado para renivelaci\u00f3n de Masaryk -\" \/>\n<meta property=\"og:description\" content=\"La finalidad \u00a0es reutilizar el material retirado de las banquetas, guarniciones y carpeta asf\u00e1ltica, lo cual permite cuidar el medio ambiente La\" \/>\n<meta property=\"og:url\" content=\"https:\/\/centrourbano.com\/revista\/urbanismo\/utilizan-material-reciclado-para-renivelacion-de-masaryk\/\" \/>\n<meta property=\"og:site_name\" content=\"Centro Urbano\" \/>\n<meta property=\"article:publisher\" content=\"https:\/\/www.facebook.com\/portalcentrourbano\" \/>\n<meta property=\"article:published_time\" content=\"2014-04-01T18:39:34+00:00\" \/>\n<meta property=\"og:image\" content=\"https:\/\/centrourbano.com\/revista\/wp-content\/uploads\/CU-logo.png\" \/>\n\t<meta property=\"og:image:width\" content=\"350\" \/>\n\t<meta property=\"og:image:height\" content=\"91\" \/>\n\t<meta property=\"og:image:type\" content=\"image\/png\" \/>\n<meta name=\"author\" content=\"Dinorah Nava\" \/>\n<meta name=\"twitter:card\" content=\"summary_large_image\" \/>\n<meta name=\"twitter:creator\" content=\"@https:\/\/twitter.com\/Dinorah_Nava28\" \/>\n<meta name=\"twitter:site\" content=\"@CentroUrbano\" \/>\n<meta name=\"twitter:label1\" content=\"Escrito por\" \/>\n\t<meta name=\"twitter:data1\" content=\"Dinorah Nava\" \/>\n\t<meta name=\"twitter:label2\" content=\"Tiempo de lectura\" \/>\n\t<meta name=\"twitter:data2\" content=\"2 minutos\" \/>\n<script type=\"application\/ld+json\" class=\"yoast-schema-graph\">{\"@context\":\"https:\\\/\\\/schema.org\",\"@graph\":[{\"@type\":\"Article\",\"@id\":\"https:\\\/\\\/centrourbano.com\\\/revista\\\/urbanismo\\\/utilizan-material-reciclado-para-renivelacion-de-masaryk\\\/#article\",\"isPartOf\":{\"@id\":\"https:\\\/\\\/centrourbano.com\\\/revista\\\/urbanismo\\\/utilizan-material-reciclado-para-renivelacion-de-masaryk\\\/\"},\"author\":{\"name\":\"Dinorah Nava\",\"@id\":\"https:\\\/\\\/centrourbano.com\\\/revista\\\/#\\\/schema\\\/person\\\/b45db815d96831257ba428a3d5a5fbdc\"},\"headline\":\"Utilizan material reciclado para renivelaci\u00f3n de Masaryk\",\"datePublished\":\"2014-04-01T18:39:34+00:00\",\"mainEntityOfPage\":{\"@id\":\"https:\\\/\\\/centrourbano.com\\\/revista\\\/urbanismo\\\/utilizan-material-reciclado-para-renivelacion-de-masaryk\\\/\"},\"wordCount\":350,\"commentCount\":0,\"publisher\":{\"@id\":\"https:\\\/\\\/centrourbano.com\\\/revista\\\/#organization\"},\"keywords\":[\"AEP\",\"Autoridad del Espacio P\u00fablico\",\"Msaryk\",\"Polanco\",\"Rehabilitaci\u00f3n\"],\"articleSection\":[\"Urbanismo\"],\"inLanguage\":\"es\",\"potentialAction\":[{\"@type\":\"CommentAction\",\"name\":\"Comment\",\"target\":[\"https:\\\/\\\/centrourbano.com\\\/revista\\\/urbanismo\\\/utilizan-material-reciclado-para-renivelacion-de-masaryk\\\/#respond\"]}]},{\"@type\":\"WebPage\",\"@id\":\"https:\\\/\\\/centrourbano.com\\\/revista\\\/urbanismo\\\/utilizan-material-reciclado-para-renivelacion-de-masaryk\\\/\",\"url\":\"https:\\\/\\\/centrourbano.com\\\/revista\\\/urbanismo\\\/utilizan-material-reciclado-para-renivelacion-de-masaryk\\\/\",\"name\":\"Utilizan material reciclado para renivelaci\u00f3n de Masaryk -\",\"isPartOf\":{\"@id\":\"https:\\\/\\\/centrourbano.com\\\/revista\\\/#website\"},\"datePublished\":\"2014-04-01T18:39:34+00:00\",\"description\":\"La finalidad \u00a0es reutilizar el material retirado de las banquetas, guarniciones y carpeta asf\u00e1ltica, lo cual permite cuidar el medio ambiente La\",\"breadcrumb\":{\"@id\":\"https:\\\/\\\/centrourbano.com\\\/revista\\\/urbanismo\\\/utilizan-material-reciclado-para-renivelacion-de-masaryk\\\/#breadcrumb\"},\"inLanguage\":\"es\",\"potentialAction\":[{\"@type\":\"ReadAction\",\"target\":[\"https:\\\/\\\/centrourbano.com\\\/revista\\\/urbanismo\\\/utilizan-material-reciclado-para-renivelacion-de-masaryk\\\/\"]}]},{\"@type\":\"BreadcrumbList\",\"@id\":\"https:\\\/\\\/centrourbano.com\\\/revista\\\/urbanismo\\\/utilizan-material-reciclado-para-renivelacion-de-masaryk\\\/#breadcrumb\",\"itemListElement\":[{\"@type\":\"ListItem\",\"position\":1,\"name\":\"Portada\",\"item\":\"https:\\\/\\\/centrourbano.com\\\/revista\\\/\"},{\"@type\":\"ListItem\",\"position\":2,\"name\":\"Utilizan material reciclado para renivelaci\u00f3n de Masaryk\"}]},{\"@type\":\"WebSite\",\"@id\":\"https:\\\/\\\/centrourbano.com\\\/revista\\\/#website\",\"url\":\"https:\\\/\\\/centrourbano.com\\\/revista\\\/\",\"name\":\"Centro Urbano\",\"description\":\"Medio especializado en los sectores vivienda, inmobiliario, construcci\u00f3n, arquitectura y urbanismo.\",\"publisher\":{\"@id\":\"https:\\\/\\\/centrourbano.com\\\/revista\\\/#organization\"},\"potentialAction\":[{\"@type\":\"SearchAction\",\"target\":{\"@type\":\"EntryPoint\",\"urlTemplate\":\"https:\\\/\\\/centrourbano.com\\\/revista\\\/?s={search_term_string}\"},\"query-input\":{\"@type\":\"PropertyValueSpecification\",\"valueRequired\":true,\"valueName\":\"search_term_string\"}}],\"inLanguage\":\"es\"},{\"@type\":\"Organization\",\"@id\":\"https:\\\/\\\/centrourbano.com\\\/revista\\\/#organization\",\"name\":\"Centro Urbano\",\"url\":\"https:\\\/\\\/centrourbano.com\\\/revista\\\/\",\"logo\":{\"@type\":\"ImageObject\",\"inLanguage\":\"es\",\"@id\":\"https:\\\/\\\/centrourbano.com\\\/revista\\\/#\\\/schema\\\/logo\\\/image\\\/\",\"url\":\"https:\\\/\\\/centrourbano.com\\\/revista\\\/wp-content\\\/uploads\\\/web_CU_logo-1.png\",\"contentUrl\":\"https:\\\/\\\/centrourbano.com\\\/revista\\\/wp-content\\\/uploads\\\/web_CU_logo-1.png\",\"width\":350,\"height\":91,\"caption\":\"Centro Urbano\"},\"image\":{\"@id\":\"https:\\\/\\\/centrourbano.com\\\/revista\\\/#\\\/schema\\\/logo\\\/image\\\/\"},\"sameAs\":[\"https:\\\/\\\/www.facebook.com\\\/portalcentrourbano\",\"https:\\\/\\\/x.com\\\/CentroUrbano\",\"https:\\\/\\\/www.instagram.com\\\/centro_urbano\\\/\",\"https:\\\/\\\/www.linkedin.com\\\/company\\\/centro-urbano\\\/\",\"http:\\\/\\\/www.youtube.com\\\/user\\\/portalcentrourbano\"]},{\"@type\":\"Person\",\"@id\":\"https:\\\/\\\/centrourbano.com\\\/revista\\\/#\\\/schema\\\/person\\\/b45db815d96831257ba428a3d5a5fbdc\",\"name\":\"Dinorah Nava\",\"image\":{\"@type\":\"ImageObject\",\"inLanguage\":\"es\",\"@id\":\"https:\\\/\\\/secure.gravatar.com\\\/avatar\\\/f6ca6430c51d147f363940f84e1225aa4b8183885c11802cc3b042305a4ecc1a?s=96&d=mm&r=g\",\"url\":\"https:\\\/\\\/secure.gravatar.com\\\/avatar\\\/f6ca6430c51d147f363940f84e1225aa4b8183885c11802cc3b042305a4ecc1a?s=96&d=mm&r=g\",\"contentUrl\":\"https:\\\/\\\/secure.gravatar.com\\\/avatar\\\/f6ca6430c51d147f363940f84e1225aa4b8183885c11802cc3b042305a4ecc1a?s=96&d=mm&r=g\",\"caption\":\"Dinorah Nava\"},\"description\":\"Editora de Contenidos y Estrategias Digitales en Centro Urbano y Coeditora en Peri\u00f3dico Mi Casa. Egresada de la licenciatura en Comunicaci\u00f3n y Periodismo de la Facultad de Estudios Superiores Arag\u00f3n (UNAM). Amante de la edici\u00f3n y correcci\u00f3n de estilo, las redes sociales y el mundo digital. Especialista en temas son arquitectura, inmobiliario y urbanismo.\",\"sameAs\":[\"linkedin.com\\\/in\\\/dinorah-nava\",\"https:\\\/\\\/x.com\\\/https:\\\/\\\/twitter.com\\\/Dinorah_Nava28\"],\"url\":\"https:\\\/\\\/centrourbano.com\\\/revista\\\/author\\\/dinorah-nava\\\/\"}]}<\/script>\n<!-- \/ Yoast SEO plugin. -->","yoast_head_json":{"title":"Utilizan material reciclado para renivelaci\u00f3n de Masaryk -","description":"La finalidad \u00a0es reutilizar el material retirado de las banquetas, guarniciones y carpeta asf\u00e1ltica, lo cual permite cuidar el medio ambiente La","robots":{"index":"index","follow":"follow","max-snippet":"max-snippet:-1","max-image-preview":"max-image-preview:large","max-video-preview":"max-video-preview:-1"},"canonical":"https:\/\/centrourbano.com\/revista\/urbanismo\/utilizan-material-reciclado-para-renivelacion-de-masaryk\/","og_locale":"es_ES","og_type":"article","og_title":"Utilizan material reciclado para renivelaci\u00f3n de Masaryk -","og_description":"La finalidad \u00a0es reutilizar el material retirado de las banquetas, guarniciones y carpeta asf\u00e1ltica, lo cual permite cuidar el medio ambiente La","og_url":"https:\/\/centrourbano.com\/revista\/urbanismo\/utilizan-material-reciclado-para-renivelacion-de-masaryk\/","og_site_name":"Centro Urbano","article_publisher":"https:\/\/www.facebook.com\/portalcentrourbano","article_published_time":"2014-04-01T18:39:34+00:00","og_image":[{"width":350,"height":91,"url":"https:\/\/centrourbano.com\/revista\/wp-content\/uploads\/CU-logo.png","type":"image\/png"}],"author":"Dinorah Nava","twitter_card":"summary_large_image","twitter_creator":"@https:\/\/twitter.com\/Dinorah_Nava28","twitter_site":"@CentroUrbano","twitter_misc":{"Escrito por":"Dinorah Nava","Tiempo de lectura":"2 minutos"},"schema":{"@context":"https:\/\/schema.org","@graph":[{"@type":"Article","@id":"https:\/\/centrourbano.com\/revista\/urbanismo\/utilizan-material-reciclado-para-renivelacion-de-masaryk\/#article","isPartOf":{"@id":"https:\/\/centrourbano.com\/revista\/urbanismo\/utilizan-material-reciclado-para-renivelacion-de-masaryk\/"},"author":{"name":"Dinorah Nava","@id":"https:\/\/centrourbano.com\/revista\/#\/schema\/person\/b45db815d96831257ba428a3d5a5fbdc"},"headline":"Utilizan material reciclado para renivelaci\u00f3n de Masaryk","datePublished":"2014-04-01T18:39:34+00:00","mainEntityOfPage":{"@id":"https:\/\/centrourbano.com\/revista\/urbanismo\/utilizan-material-reciclado-para-renivelacion-de-masaryk\/"},"wordCount":350,"commentCount":0,"publisher":{"@id":"https:\/\/centrourbano.com\/revista\/#organization"},"keywords":["AEP","Autoridad del Espacio P\u00fablico","Msaryk","Polanco","Rehabilitaci\u00f3n"],"articleSection":["Urbanismo"],"inLanguage":"es","potentialAction":[{"@type":"CommentAction","name":"Comment","target":["https:\/\/centrourbano.com\/revista\/urbanismo\/utilizan-material-reciclado-para-renivelacion-de-masaryk\/#respond"]}]},{"@type":"WebPage","@id":"https:\/\/centrourbano.com\/revista\/urbanismo\/utilizan-material-reciclado-para-renivelacion-de-masaryk\/","url":"https:\/\/centrourbano.com\/revista\/urbanismo\/utilizan-material-reciclado-para-renivelacion-de-masaryk\/","name":"Utilizan material reciclado para renivelaci\u00f3n de Masaryk -","isPartOf":{"@id":"https:\/\/centrourbano.com\/revista\/#website"},"datePublished":"2014-04-01T18:39:34+00:00","description":"La finalidad \u00a0es reutilizar el material retirado de las banquetas, guarniciones y carpeta asf\u00e1ltica, lo cual permite cuidar el medio ambiente La","breadcrumb":{"@id":"https:\/\/centrourbano.com\/revista\/urbanismo\/utilizan-material-reciclado-para-renivelacion-de-masaryk\/#breadcrumb"},"inLanguage":"es","potentialAction":[{"@type":"ReadAction","target":["https:\/\/centrourbano.com\/revista\/urbanismo\/utilizan-material-reciclado-para-renivelacion-de-masaryk\/"]}]},{"@type":"BreadcrumbList","@id":"https:\/\/centrourbano.com\/revista\/urbanismo\/utilizan-material-reciclado-para-renivelacion-de-masaryk\/#breadcrumb","itemListElement":[{"@type":"ListItem","position":1,"name":"Portada","item":"https:\/\/centrourbano.com\/revista\/"},{"@type":"ListItem","position":2,"name":"Utilizan material reciclado para renivelaci\u00f3n de Masaryk"}]},{"@type":"WebSite","@id":"https:\/\/centrourbano.com\/revista\/#website","url":"https:\/\/centrourbano.com\/revista\/","name":"Centro Urbano","description":"Medio especializado en los sectores vivienda, inmobiliario, construcci\u00f3n, arquitectura y urbanismo.","publisher":{"@id":"https:\/\/centrourbano.com\/revista\/#organization"},"potentialAction":[{"@type":"SearchAction","target":{"@type":"EntryPoint","urlTemplate":"https:\/\/centrourbano.com\/revista\/?s={search_term_string}"},"query-input":{"@type":"PropertyValueSpecification","valueRequired":true,"valueName":"search_term_string"}}],"inLanguage":"es"},{"@type":"Organization","@id":"https:\/\/centrourbano.com\/revista\/#organization","name":"Centro Urbano","url":"https:\/\/centrourbano.com\/revista\/","logo":{"@type":"ImageObject","inLanguage":"es","@id":"https:\/\/centrourbano.com\/revista\/#\/schema\/logo\/image\/","url":"https:\/\/centrourbano.com\/revista\/wp-content\/uploads\/web_CU_logo-1.png","contentUrl":"https:\/\/centrourbano.com\/revista\/wp-content\/uploads\/web_CU_logo-1.png","width":350,"height":91,"caption":"Centro Urbano"},"image":{"@id":"https:\/\/centrourbano.com\/revista\/#\/schema\/logo\/image\/"},"sameAs":["https:\/\/www.facebook.com\/portalcentrourbano","https:\/\/x.com\/CentroUrbano","https:\/\/www.instagram.com\/centro_urbano\/","https:\/\/www.linkedin.com\/company\/centro-urbano\/","http:\/\/www.youtube.com\/user\/portalcentrourbano"]},{"@type":"Person","@id":"https:\/\/centrourbano.com\/revista\/#\/schema\/person\/b45db815d96831257ba428a3d5a5fbdc","name":"Dinorah Nava","image":{"@type":"ImageObject","inLanguage":"es","@id":"https:\/\/secure.gravatar.com\/avatar\/f6ca6430c51d147f363940f84e1225aa4b8183885c11802cc3b042305a4ecc1a?s=96&d=mm&r=g","url":"https:\/\/secure.gravatar.com\/avatar\/f6ca6430c51d147f363940f84e1225aa4b8183885c11802cc3b042305a4ecc1a?s=96&d=mm&r=g","contentUrl":"https:\/\/secure.gravatar.com\/avatar\/f6ca6430c51d147f363940f84e1225aa4b8183885c11802cc3b042305a4ecc1a?s=96&d=mm&r=g","caption":"Dinorah Nava"},"description":"Editora de Contenidos y Estrategias Digitales en Centro Urbano y Coeditora en Peri\u00f3dico Mi Casa. Egresada de la licenciatura en Comunicaci\u00f3n y Periodismo de la Facultad de Estudios Superiores Arag\u00f3n (UNAM). Amante de la edici\u00f3n y correcci\u00f3n de estilo, las redes sociales y el mundo digital. Especialista en temas son arquitectura, inmobiliario y urbanismo.","sameAs":["linkedin.com\/in\/dinorah-nava","https:\/\/x.com\/https:\/\/twitter.com\/Dinorah_Nava28"],"url":"https:\/\/centrourbano.com\/revista\/author\/dinorah-nava\/"}]}},"_links":{"self":[{"href":"https:\/\/centrourbano.com\/revista\/wp-json\/wp\/v2\/posts\/5790","targetHints":{"allow":["GET"]}}],"collection":[{"href":"https:\/\/centrourbano.com\/revista\/wp-json\/wp\/v2\/posts"}],"about":[{"href":"https:\/\/centrourbano.com\/revista\/wp-json\/wp\/v2\/types\/post"}],"author":[{"embeddable":true,"href":"https:\/\/centrourbano.com\/revista\/wp-json\/wp\/v2\/users\/9"}],"replies":[{"embeddable":true,"href":"https:\/\/centrourbano.com\/revista\/wp-json\/wp\/v2\/comments?post=5790"}],"version-history":[{"count":0,"href":"https:\/\/centrourbano.com\/revista\/wp-json\/wp\/v2\/posts\/5790\/revisions"}],"wp:attachment":[{"href":"https:\/\/centrourbano.com\/revista\/wp-json\/wp\/v2\/media?parent=5790"}],"wp:term":[{"taxonomy":"category","embeddable":true,"href":"https:\/\/centrourbano.com\/revista\/wp-json\/wp\/v2\/categories?post=5790"},{"taxonomy":"post_tag","embeddable":true,"href":"https:\/\/centrourbano.com\/revista\/wp-json\/wp\/v2\/tags?post=5790"}],"curies":[{"name":"wp","href":"https:\/\/api.w.org\/{rel}","templated":true}]}}