{"id":57777,"date":"2017-08-08T12:45:08","date_gmt":"2017-08-08T17:45:08","guid":{"rendered":"https:\/\/centrourbano.com\/?p=57777"},"modified":"2017-08-08T12:45:08","modified_gmt":"2017-08-08T17:45:08","slug":"centro-interculturalidad-avance-60","status":"publish","type":"post","link":"https:\/\/centrourbano.com\/revista\/construccion\/centro-interculturalidad-avance-60\/","title":{"rendered":"Centro de Interculturalidad tiene avance de 60%"},"content":{"rendered":"<p><em>La obra se realiza con recursos federales aportados por la Secretar\u00eda de Cultura<\/em><br \/>\n<!--more--><\/p>\n<p>\u00c9dgar Tung\u00fc\u00ed, secretario de Obras y Servicios (Sobse) de la Ciudad M\u00e9xico y Rosa \u00cdcela Rodr\u00edguez, secretaria de Desarrollo Rural y Equidad para las Comunidades (Sederec) realizaron un recorrido por la construcci\u00f3n del Centro de Interculturalidad de la Ciudad de M\u00e9xico, cuyo avance es de 60 por ciento. <\/p>\n<p>Los trabajos se realizan en coordinaci\u00f3n con el Instituto Nacional de Antropolog\u00eda e Historia (INAH), ya que se recupera la fachada el inmueble para preservar el patrimonio hist\u00f3rico del edificio, as\u00ed como para realizar trabajos de investigaci\u00f3n o salvamento arqueol\u00f3gico, debido a los vestigios prehisp\u00e1nicos que se localizaron en el lugar. <\/p>\n<p>La construcci\u00f3n se desarrolla en un terreno de 1,125 metros cuadrados y contar\u00e1 con dos edificaciones de cuatro niveles. Con espacios para la impartici\u00f3n de talleres, un foro al aire libre, un auditorio, un sal\u00f3n de usos m\u00faltiples y un temazcal.\t<\/p>\n<p>\u00c9dgar Tung\u00fc\u00ed Rodr\u00edguez explic\u00f3 que \u201cse us\u00f3 el m\u00e9todo constructivo de losa-cero, un sistema de entrepiso met\u00e1lico que sirve para agilizar los trabajos y tiempos de construcci\u00f3n, tambi\u00e9n se evita el uso de columnas en un 90 por ciento, para ampliar espacios en el recinto\u201d.<\/p>\n<p>Tambi\u00e9n se restaurar\u00e1 el primer pasillo del edificio llamado cruj\u00eda, donde se adecuar\u00e1n los espacios para la recepci\u00f3n, un museo, oficinas y una biblioteca.<\/p>\n<p>En la planta baja y mezannine, se trabaja en la losa de entrepiso, sanitarios en las plataformas del foro abierto, la construcci\u00f3n de la losa para la is\u00f3ptica de auditorio y levantamiento de trabes y columnas del primer nivel.<\/p>\n<p>\u201cEl inmueble contar\u00e1 con puentes para unir los dos edificios, pisos antiderrapantes, rampas, elevador, escaleras y gu\u00edas t\u00e1ctiles para personas con discapacidad y facilitar el paso a los usuarios. Este proyecto ser\u00e1 sustentable al contar con un sistema de capacitaci\u00f3n pluvial que se utilizar\u00e1 en sanitarios y \u00e1reas verdes\u201d, agreg\u00f3 el funcionario. <\/p>\n<p>En materia de sustentabilidad, los dos edificios que conforman el Centro de Interculturalidad contar\u00e1n con un sistema de captaci\u00f3n de agua pluvial que se utilizar\u00e1 en sanitarios y \u00e1reas verdes.<\/p>\n<p>Rosa \u00cdcela Rodr\u00edguez reconoci\u00f3 la labor de la Sobse para realizar esta obra que se encuentra en el Centro Hist\u00f3rico, la que contribuir\u00e1 al rescate del patrimonio cultural y las tradiciones de la Ciudad de M\u00e9xico. <\/p>\n<p>\u201cEl Centro de la Interculturalidad se construye con recursos otorgados por el gobierno federal, por medio de la Secretar\u00eda de Cultura, que dirige Mar\u00eda Cristina Garc\u00eda, se espera concluirlo para noviembre\u201d.<\/p>\n<p>En el recorrido tambi\u00e9n estuvieron presentes Evangelina Hern\u00e1ndez, directora general de Equidad para los Pueblos y Comunidades de la Sederec y Juan Francisco Mart\u00ednez, director de Construcci\u00f3n de Obras P\u00fablicas de la Sobse.<\/p>\n","protected":false},"excerpt":{"rendered":"<p>La obra se realiza con recursos federales aportados por la Secretar\u00eda de Cultura<\/p>\n","protected":false},"author":56,"featured_media":57778,"comment_status":"open","ping_status":"closed","sticky":false,"template":"","format":"standard","meta":{"om_disable_all_campaigns":false,"inline_featured_image":false,"_monsterinsights_skip_tracking":false,"_monsterinsights_sitenote_active":false,"_monsterinsights_sitenote_note":"","_monsterinsights_sitenote_category":0,"footnotes":""},"categories":[14],"tags":[22,4254,10815,4666,3665,402],"class_list":["post-57777","post","type-post","status-publish","format-standard","has-post-thumbnail","hentry","category-construccion","tag-construccion-2","tag-edgar-tungui-rodriguez","tag-interculturalidad","tag-rosa-icela-rodriguez","tag-sederec","tag-sobse"],"yoast_head":"<!-- This site is optimized with the Yoast SEO plugin v27.4 - https:\/\/yoast.com\/product\/yoast-seo-wordpress\/ -->\n<title>Centro de Interculturalidad tiene avance de 60% -<\/title>\n<meta name=\"description\" content=\"\u00c9dgar Tung\u00fc\u00ed, secretario de Obras y Servicios (Sobse) de la Ciudad M\u00e9xico y Rosa \u00cdcela Rodr\u00edguez, secretaria de Desarrollo Rural y Equidad para las Comunidades (Sederec) realizaron un recorrido por la construcci\u00f3n del Centro de Interculturalidad de la Ciudad de M\u00e9xico, cuyo avance es de 60 por ciento.\" \/>\n<meta name=\"robots\" content=\"index, follow, max-snippet:-1, max-image-preview:large, max-video-preview:-1\" \/>\n<link rel=\"canonical\" href=\"https:\/\/centrourbano.com\/revista\/construccion\/centro-interculturalidad-avance-60\/\" \/>\n<meta property=\"og:locale\" content=\"es_ES\" \/>\n<meta property=\"og:type\" content=\"article\" \/>\n<meta property=\"og:title\" content=\"Centro de Interculturalidad tiene avance de 60% -\" \/>\n<meta property=\"og:description\" content=\"\u00c9dgar Tung\u00fc\u00ed, secretario de Obras y Servicios (Sobse) de la Ciudad M\u00e9xico y Rosa \u00cdcela Rodr\u00edguez, secretaria de Desarrollo Rural y Equidad para las Comunidades (Sederec) realizaron un recorrido por la construcci\u00f3n del Centro de Interculturalidad de la Ciudad de M\u00e9xico, cuyo avance es de 60 por ciento.\" \/>\n<meta property=\"og:url\" content=\"https:\/\/centrourbano.com\/revista\/construccion\/centro-interculturalidad-avance-60\/\" \/>\n<meta property=\"og:site_name\" content=\"Centro Urbano\" \/>\n<meta property=\"article:publisher\" content=\"https:\/\/www.facebook.com\/portalcentrourbano\" \/>\n<meta property=\"article:published_time\" content=\"2017-08-08T17:45:08+00:00\" \/>\n<meta property=\"og:image\" content=\"https:\/\/centrourbano.com\/revista\/wp-content\/uploads\/CENTRO-36.jpg\" \/>\n\t<meta property=\"og:image:width\" content=\"1070\" \/>\n\t<meta property=\"og:image:height\" content=\"712\" \/>\n\t<meta property=\"og:image:type\" content=\"image\/jpeg\" \/>\n<meta name=\"author\" content=\"Nadia Torres\" \/>\n<meta name=\"twitter:card\" content=\"summary_large_image\" \/>\n<meta name=\"twitter:creator\" content=\"@https:\/\/twitter.com\/StephanyCLock\" \/>\n<meta name=\"twitter:site\" content=\"@CentroUrbano\" \/>\n<meta name=\"twitter:label1\" content=\"Escrito por\" \/>\n\t<meta name=\"twitter:data1\" content=\"Nadia Torres\" \/>\n\t<meta name=\"twitter:label2\" content=\"Tiempo de lectura\" \/>\n\t<meta name=\"twitter:data2\" content=\"2 minutos\" \/>\n<script type=\"application\/ld+json\" class=\"yoast-schema-graph\">{\"@context\":\"https:\\\/\\\/schema.org\",\"@graph\":[{\"@type\":\"Article\",\"@id\":\"https:\\\/\\\/centrourbano.com\\\/revista\\\/construccion\\\/centro-interculturalidad-avance-60\\\/#article\",\"isPartOf\":{\"@id\":\"https:\\\/\\\/centrourbano.com\\\/revista\\\/construccion\\\/centro-interculturalidad-avance-60\\\/\"},\"author\":{\"name\":\"Nadia Torres\",\"@id\":\"https:\\\/\\\/centrourbano.com\\\/revista\\\/#\\\/schema\\\/person\\\/4bc80f323d8acd22e7367c3c2e98e4fa\"},\"headline\":\"Centro de Interculturalidad tiene avance de 60%\",\"datePublished\":\"2017-08-08T17:45:08+00:00\",\"mainEntityOfPage\":{\"@id\":\"https:\\\/\\\/centrourbano.com\\\/revista\\\/construccion\\\/centro-interculturalidad-avance-60\\\/\"},\"wordCount\":488,\"commentCount\":0,\"publisher\":{\"@id\":\"https:\\\/\\\/centrourbano.com\\\/revista\\\/#organization\"},\"image\":{\"@id\":\"https:\\\/\\\/centrourbano.com\\\/revista\\\/construccion\\\/centro-interculturalidad-avance-60\\\/#primaryimage\"},\"thumbnailUrl\":\"https:\\\/\\\/centrourbano.com\\\/revista\\\/wp-content\\\/uploads\\\/CENTRO-36.jpg\",\"keywords\":[\"construcci\u00f3n\",\"Edgar Tung\u00fc\u00ed Rodr\u00edguez\",\"Interculturalidad\",\"Rosa Icela Rodr\u00edguez\",\"Sederec\",\"Sobse\"],\"articleSection\":[\"Construcci\u00f3n\"],\"inLanguage\":\"es\",\"potentialAction\":[{\"@type\":\"CommentAction\",\"name\":\"Comment\",\"target\":[\"https:\\\/\\\/centrourbano.com\\\/revista\\\/construccion\\\/centro-interculturalidad-avance-60\\\/#respond\"]}]},{\"@type\":\"WebPage\",\"@id\":\"https:\\\/\\\/centrourbano.com\\\/revista\\\/construccion\\\/centro-interculturalidad-avance-60\\\/\",\"url\":\"https:\\\/\\\/centrourbano.com\\\/revista\\\/construccion\\\/centro-interculturalidad-avance-60\\\/\",\"name\":\"Centro de Interculturalidad tiene avance de 60% -\",\"isPartOf\":{\"@id\":\"https:\\\/\\\/centrourbano.com\\\/revista\\\/#website\"},\"primaryImageOfPage\":{\"@id\":\"https:\\\/\\\/centrourbano.com\\\/revista\\\/construccion\\\/centro-interculturalidad-avance-60\\\/#primaryimage\"},\"image\":{\"@id\":\"https:\\\/\\\/centrourbano.com\\\/revista\\\/construccion\\\/centro-interculturalidad-avance-60\\\/#primaryimage\"},\"thumbnailUrl\":\"https:\\\/\\\/centrourbano.com\\\/revista\\\/wp-content\\\/uploads\\\/CENTRO-36.jpg\",\"datePublished\":\"2017-08-08T17:45:08+00:00\",\"description\":\"\u00c9dgar Tung\u00fc\u00ed, secretario de Obras y Servicios (Sobse) de la Ciudad M\u00e9xico y Rosa \u00cdcela Rodr\u00edguez, secretaria de Desarrollo Rural y Equidad para las Comunidades (Sederec) realizaron un recorrido por la construcci\u00f3n del Centro de Interculturalidad de la Ciudad de M\u00e9xico, cuyo avance es de 60 por ciento.\",\"breadcrumb\":{\"@id\":\"https:\\\/\\\/centrourbano.com\\\/revista\\\/construccion\\\/centro-interculturalidad-avance-60\\\/#breadcrumb\"},\"inLanguage\":\"es\",\"potentialAction\":[{\"@type\":\"ReadAction\",\"target\":[\"https:\\\/\\\/centrourbano.com\\\/revista\\\/construccion\\\/centro-interculturalidad-avance-60\\\/\"]}]},{\"@type\":\"ImageObject\",\"inLanguage\":\"es\",\"@id\":\"https:\\\/\\\/centrourbano.com\\\/revista\\\/construccion\\\/centro-interculturalidad-avance-60\\\/#primaryimage\",\"url\":\"https:\\\/\\\/centrourbano.com\\\/revista\\\/wp-content\\\/uploads\\\/CENTRO-36.jpg\",\"contentUrl\":\"https:\\\/\\\/centrourbano.com\\\/revista\\\/wp-content\\\/uploads\\\/CENTRO-36.jpg\",\"width\":1070,\"height\":712,\"caption\":\"La obra se realiza con recursos federales aportados por la Secretar\u00eda de Cultura\"},{\"@type\":\"BreadcrumbList\",\"@id\":\"https:\\\/\\\/centrourbano.com\\\/revista\\\/construccion\\\/centro-interculturalidad-avance-60\\\/#breadcrumb\",\"itemListElement\":[{\"@type\":\"ListItem\",\"position\":1,\"name\":\"Portada\",\"item\":\"https:\\\/\\\/centrourbano.com\\\/revista\\\/\"},{\"@type\":\"ListItem\",\"position\":2,\"name\":\"Centro de Interculturalidad tiene avance de 60%\"}]},{\"@type\":\"WebSite\",\"@id\":\"https:\\\/\\\/centrourbano.com\\\/revista\\\/#website\",\"url\":\"https:\\\/\\\/centrourbano.com\\\/revista\\\/\",\"name\":\"Centro Urbano\",\"description\":\"Medio especializado en los sectores vivienda, inmobiliario, construcci\u00f3n, arquitectura y urbanismo.\",\"publisher\":{\"@id\":\"https:\\\/\\\/centrourbano.com\\\/revista\\\/#organization\"},\"potentialAction\":[{\"@type\":\"SearchAction\",\"target\":{\"@type\":\"EntryPoint\",\"urlTemplate\":\"https:\\\/\\\/centrourbano.com\\\/revista\\\/?s={search_term_string}\"},\"query-input\":{\"@type\":\"PropertyValueSpecification\",\"valueRequired\":true,\"valueName\":\"search_term_string\"}}],\"inLanguage\":\"es\"},{\"@type\":\"Organization\",\"@id\":\"https:\\\/\\\/centrourbano.com\\\/revista\\\/#organization\",\"name\":\"Centro Urbano\",\"url\":\"https:\\\/\\\/centrourbano.com\\\/revista\\\/\",\"logo\":{\"@type\":\"ImageObject\",\"inLanguage\":\"es\",\"@id\":\"https:\\\/\\\/centrourbano.com\\\/revista\\\/#\\\/schema\\\/logo\\\/image\\\/\",\"url\":\"https:\\\/\\\/centrourbano.com\\\/revista\\\/wp-content\\\/uploads\\\/web_CU_logo-1.png\",\"contentUrl\":\"https:\\\/\\\/centrourbano.com\\\/revista\\\/wp-content\\\/uploads\\\/web_CU_logo-1.png\",\"width\":350,\"height\":91,\"caption\":\"Centro Urbano\"},\"image\":{\"@id\":\"https:\\\/\\\/centrourbano.com\\\/revista\\\/#\\\/schema\\\/logo\\\/image\\\/\"},\"sameAs\":[\"https:\\\/\\\/www.facebook.com\\\/portalcentrourbano\",\"https:\\\/\\\/x.com\\\/CentroUrbano\",\"https:\\\/\\\/www.instagram.com\\\/centro_urbano\\\/\",\"https:\\\/\\\/www.linkedin.com\\\/company\\\/centro-urbano\\\/\",\"http:\\\/\\\/www.youtube.com\\\/user\\\/portalcentrourbano\"]},{\"@type\":\"Person\",\"@id\":\"https:\\\/\\\/centrourbano.com\\\/revista\\\/#\\\/schema\\\/person\\\/4bc80f323d8acd22e7367c3c2e98e4fa\",\"name\":\"Nadia Torres\",\"image\":{\"@type\":\"ImageObject\",\"inLanguage\":\"es\",\"@id\":\"https:\\\/\\\/secure.gravatar.com\\\/avatar\\\/d766e55c413cf27a95c32897af9edf7b264c65e8556b37c0982fe51497ad9210?s=96&d=mm&r=g\",\"url\":\"https:\\\/\\\/secure.gravatar.com\\\/avatar\\\/d766e55c413cf27a95c32897af9edf7b264c65e8556b37c0982fe51497ad9210?s=96&d=mm&r=g\",\"contentUrl\":\"https:\\\/\\\/secure.gravatar.com\\\/avatar\\\/d766e55c413cf27a95c32897af9edf7b264c65e8556b37c0982fe51497ad9210?s=96&d=mm&r=g\",\"caption\":\"Nadia Torres\"},\"description\":\"Egresada de la Licenciatura en Comunicaci\u00f3n se desempe\u00f1\u00f3 como Redactor Jr. en Invent Mx. Cree que la sonrisa es el lenguaje universal, amante de los gatos, las caminatas al aire libre y las charlas con amigos.\",\"sameAs\":[\"https:\\\/\\\/x.com\\\/https:\\\/\\\/twitter.com\\\/StephanyCLock\"],\"url\":\"https:\\\/\\\/centrourbano.com\\\/revista\\\/author\\\/nadia-torres\\\/\"}]}<\/script>\n<!-- \/ Yoast SEO plugin. -->","yoast_head_json":{"title":"Centro de Interculturalidad tiene avance de 60% -","description":"\u00c9dgar Tung\u00fc\u00ed, secretario de Obras y Servicios (Sobse) de la Ciudad M\u00e9xico y Rosa \u00cdcela Rodr\u00edguez, secretaria de Desarrollo Rural y Equidad para las Comunidades (Sederec) realizaron un recorrido por la construcci\u00f3n del Centro de Interculturalidad de la Ciudad de M\u00e9xico, cuyo avance es de 60 por ciento.","robots":{"index":"index","follow":"follow","max-snippet":"max-snippet:-1","max-image-preview":"max-image-preview:large","max-video-preview":"max-video-preview:-1"},"canonical":"https:\/\/centrourbano.com\/revista\/construccion\/centro-interculturalidad-avance-60\/","og_locale":"es_ES","og_type":"article","og_title":"Centro de Interculturalidad tiene avance de 60% -","og_description":"\u00c9dgar Tung\u00fc\u00ed, secretario de Obras y Servicios (Sobse) de la Ciudad M\u00e9xico y Rosa \u00cdcela Rodr\u00edguez, secretaria de Desarrollo Rural y Equidad para las Comunidades (Sederec) realizaron un recorrido por la construcci\u00f3n del Centro de Interculturalidad de la Ciudad de M\u00e9xico, cuyo avance es de 60 por ciento.","og_url":"https:\/\/centrourbano.com\/revista\/construccion\/centro-interculturalidad-avance-60\/","og_site_name":"Centro Urbano","article_publisher":"https:\/\/www.facebook.com\/portalcentrourbano","article_published_time":"2017-08-08T17:45:08+00:00","og_image":[{"width":1070,"height":712,"url":"https:\/\/centrourbano.com\/revista\/wp-content\/uploads\/CENTRO-36.jpg","type":"image\/jpeg"}],"author":"Nadia Torres","twitter_card":"summary_large_image","twitter_creator":"@https:\/\/twitter.com\/StephanyCLock","twitter_site":"@CentroUrbano","twitter_misc":{"Escrito por":"Nadia Torres","Tiempo de lectura":"2 minutos"},"schema":{"@context":"https:\/\/schema.org","@graph":[{"@type":"Article","@id":"https:\/\/centrourbano.com\/revista\/construccion\/centro-interculturalidad-avance-60\/#article","isPartOf":{"@id":"https:\/\/centrourbano.com\/revista\/construccion\/centro-interculturalidad-avance-60\/"},"author":{"name":"Nadia Torres","@id":"https:\/\/centrourbano.com\/revista\/#\/schema\/person\/4bc80f323d8acd22e7367c3c2e98e4fa"},"headline":"Centro de Interculturalidad tiene avance de 60%","datePublished":"2017-08-08T17:45:08+00:00","mainEntityOfPage":{"@id":"https:\/\/centrourbano.com\/revista\/construccion\/centro-interculturalidad-avance-60\/"},"wordCount":488,"commentCount":0,"publisher":{"@id":"https:\/\/centrourbano.com\/revista\/#organization"},"image":{"@id":"https:\/\/centrourbano.com\/revista\/construccion\/centro-interculturalidad-avance-60\/#primaryimage"},"thumbnailUrl":"https:\/\/centrourbano.com\/revista\/wp-content\/uploads\/CENTRO-36.jpg","keywords":["construcci\u00f3n","Edgar Tung\u00fc\u00ed Rodr\u00edguez","Interculturalidad","Rosa Icela Rodr\u00edguez","Sederec","Sobse"],"articleSection":["Construcci\u00f3n"],"inLanguage":"es","potentialAction":[{"@type":"CommentAction","name":"Comment","target":["https:\/\/centrourbano.com\/revista\/construccion\/centro-interculturalidad-avance-60\/#respond"]}]},{"@type":"WebPage","@id":"https:\/\/centrourbano.com\/revista\/construccion\/centro-interculturalidad-avance-60\/","url":"https:\/\/centrourbano.com\/revista\/construccion\/centro-interculturalidad-avance-60\/","name":"Centro de Interculturalidad tiene avance de 60% -","isPartOf":{"@id":"https:\/\/centrourbano.com\/revista\/#website"},"primaryImageOfPage":{"@id":"https:\/\/centrourbano.com\/revista\/construccion\/centro-interculturalidad-avance-60\/#primaryimage"},"image":{"@id":"https:\/\/centrourbano.com\/revista\/construccion\/centro-interculturalidad-avance-60\/#primaryimage"},"thumbnailUrl":"https:\/\/centrourbano.com\/revista\/wp-content\/uploads\/CENTRO-36.jpg","datePublished":"2017-08-08T17:45:08+00:00","description":"\u00c9dgar Tung\u00fc\u00ed, secretario de Obras y Servicios (Sobse) de la Ciudad M\u00e9xico y Rosa \u00cdcela Rodr\u00edguez, secretaria de Desarrollo Rural y Equidad para las Comunidades (Sederec) realizaron un recorrido por la construcci\u00f3n del Centro de Interculturalidad de la Ciudad de M\u00e9xico, cuyo avance es de 60 por ciento.","breadcrumb":{"@id":"https:\/\/centrourbano.com\/revista\/construccion\/centro-interculturalidad-avance-60\/#breadcrumb"},"inLanguage":"es","potentialAction":[{"@type":"ReadAction","target":["https:\/\/centrourbano.com\/revista\/construccion\/centro-interculturalidad-avance-60\/"]}]},{"@type":"ImageObject","inLanguage":"es","@id":"https:\/\/centrourbano.com\/revista\/construccion\/centro-interculturalidad-avance-60\/#primaryimage","url":"https:\/\/centrourbano.com\/revista\/wp-content\/uploads\/CENTRO-36.jpg","contentUrl":"https:\/\/centrourbano.com\/revista\/wp-content\/uploads\/CENTRO-36.jpg","width":1070,"height":712,"caption":"La obra se realiza con recursos federales aportados por la Secretar\u00eda de Cultura"},{"@type":"BreadcrumbList","@id":"https:\/\/centrourbano.com\/revista\/construccion\/centro-interculturalidad-avance-60\/#breadcrumb","itemListElement":[{"@type":"ListItem","position":1,"name":"Portada","item":"https:\/\/centrourbano.com\/revista\/"},{"@type":"ListItem","position":2,"name":"Centro de Interculturalidad tiene avance de 60%"}]},{"@type":"WebSite","@id":"https:\/\/centrourbano.com\/revista\/#website","url":"https:\/\/centrourbano.com\/revista\/","name":"Centro Urbano","description":"Medio especializado en los sectores vivienda, inmobiliario, construcci\u00f3n, arquitectura y urbanismo.","publisher":{"@id":"https:\/\/centrourbano.com\/revista\/#organization"},"potentialAction":[{"@type":"SearchAction","target":{"@type":"EntryPoint","urlTemplate":"https:\/\/centrourbano.com\/revista\/?s={search_term_string}"},"query-input":{"@type":"PropertyValueSpecification","valueRequired":true,"valueName":"search_term_string"}}],"inLanguage":"es"},{"@type":"Organization","@id":"https:\/\/centrourbano.com\/revista\/#organization","name":"Centro Urbano","url":"https:\/\/centrourbano.com\/revista\/","logo":{"@type":"ImageObject","inLanguage":"es","@id":"https:\/\/centrourbano.com\/revista\/#\/schema\/logo\/image\/","url":"https:\/\/centrourbano.com\/revista\/wp-content\/uploads\/web_CU_logo-1.png","contentUrl":"https:\/\/centrourbano.com\/revista\/wp-content\/uploads\/web_CU_logo-1.png","width":350,"height":91,"caption":"Centro Urbano"},"image":{"@id":"https:\/\/centrourbano.com\/revista\/#\/schema\/logo\/image\/"},"sameAs":["https:\/\/www.facebook.com\/portalcentrourbano","https:\/\/x.com\/CentroUrbano","https:\/\/www.instagram.com\/centro_urbano\/","https:\/\/www.linkedin.com\/company\/centro-urbano\/","http:\/\/www.youtube.com\/user\/portalcentrourbano"]},{"@type":"Person","@id":"https:\/\/centrourbano.com\/revista\/#\/schema\/person\/4bc80f323d8acd22e7367c3c2e98e4fa","name":"Nadia Torres","image":{"@type":"ImageObject","inLanguage":"es","@id":"https:\/\/secure.gravatar.com\/avatar\/d766e55c413cf27a95c32897af9edf7b264c65e8556b37c0982fe51497ad9210?s=96&d=mm&r=g","url":"https:\/\/secure.gravatar.com\/avatar\/d766e55c413cf27a95c32897af9edf7b264c65e8556b37c0982fe51497ad9210?s=96&d=mm&r=g","contentUrl":"https:\/\/secure.gravatar.com\/avatar\/d766e55c413cf27a95c32897af9edf7b264c65e8556b37c0982fe51497ad9210?s=96&d=mm&r=g","caption":"Nadia Torres"},"description":"Egresada de la Licenciatura en Comunicaci\u00f3n se desempe\u00f1\u00f3 como Redactor Jr. en Invent Mx. Cree que la sonrisa es el lenguaje universal, amante de los gatos, las caminatas al aire libre y las charlas con amigos.","sameAs":["https:\/\/x.com\/https:\/\/twitter.com\/StephanyCLock"],"url":"https:\/\/centrourbano.com\/revista\/author\/nadia-torres\/"}]}},"_links":{"self":[{"href":"https:\/\/centrourbano.com\/revista\/wp-json\/wp\/v2\/posts\/57777","targetHints":{"allow":["GET"]}}],"collection":[{"href":"https:\/\/centrourbano.com\/revista\/wp-json\/wp\/v2\/posts"}],"about":[{"href":"https:\/\/centrourbano.com\/revista\/wp-json\/wp\/v2\/types\/post"}],"author":[{"embeddable":true,"href":"https:\/\/centrourbano.com\/revista\/wp-json\/wp\/v2\/users\/56"}],"replies":[{"embeddable":true,"href":"https:\/\/centrourbano.com\/revista\/wp-json\/wp\/v2\/comments?post=57777"}],"version-history":[{"count":0,"href":"https:\/\/centrourbano.com\/revista\/wp-json\/wp\/v2\/posts\/57777\/revisions"}],"wp:featuredmedia":[{"embeddable":true,"href":"https:\/\/centrourbano.com\/revista\/wp-json\/wp\/v2\/media\/57778"}],"wp:attachment":[{"href":"https:\/\/centrourbano.com\/revista\/wp-json\/wp\/v2\/media?parent=57777"}],"wp:term":[{"taxonomy":"category","embeddable":true,"href":"https:\/\/centrourbano.com\/revista\/wp-json\/wp\/v2\/categories?post=57777"},{"taxonomy":"post_tag","embeddable":true,"href":"https:\/\/centrourbano.com\/revista\/wp-json\/wp\/v2\/tags?post=57777"}],"curies":[{"name":"wp","href":"https:\/\/api.w.org\/{rel}","templated":true}]}}