{"id":57504,"date":"2017-08-02T17:20:12","date_gmt":"2017-08-02T22:20:12","guid":{"rendered":"https:\/\/centrourbano.com\/?p=57504"},"modified":"2017-08-02T17:20:49","modified_gmt":"2017-08-02T22:20:49","slug":"publican-licitacion-para-rehabilitar-el-barrio-chino-de-la-cdmx","status":"publish","type":"post","link":"https:\/\/centrourbano.com\/revista\/urbanismo\/publican-licitacion-para-rehabilitar-el-barrio-chino-de-la-cdmx\/","title":{"rendered":"Publican licitaci\u00f3n para rehabilitar el Barrio Chino de la CDMX"},"content":{"rendered":"<p><em>La obra p\u00fablica considera las calles de Dolores, Marroqu\u00ed, Independencia, Victoria, entre calle Luis Moya y Eje Central L\u00e1zaro C\u00e1rdenas y Av. Ayuntamiento, entre calle Marroqu\u00ed y Dolores<\/em><!--more--><\/p>\n<p>Con el objetivo de recuperar espacios p\u00fablicos para la convivencia y el disfrute de los capitalinos, el Gobierno de la Ciudad de M\u00e9xico public\u00f3 la Licitaci\u00f3n P\u00fablica Nacional (LPN) para la Rehabilitaci\u00f3n del \u201cBarrio Chino \u2013 Barrio de la Luz\u201d, en la Colonia Centro.<\/p>\n<p>La obra p\u00fablica considera las calles de Dolores, Marroqu\u00ed, Independencia, Victoria, entre calle Luis Moya y Eje Central L\u00e1zaro C\u00e1rdenas y Av. Ayuntamiento, entre calle Marroqu\u00ed y Dolores. Adem\u00e1s, estos trabajos dar\u00e1n continuidad a las intervenciones realizadas en Alameda Central y Av. Ju\u00e1rez, generando un eje que conectar\u00e1 a la Alameda Central con otros espacios como la Plaza San Juan, el Mercado de las Artesan\u00edas, el Mercado Gastron\u00f3mico San Juan y la Iglesia de Nuestra Se\u00f1ora de Guadalupe y as\u00ed convertir este espacio en un punto de reuni\u00f3n para turistas nacionales e internacionales que deseen conocer parte de las costumbres orientales.<\/p>\n<p>La Licitaci\u00f3n P\u00fablica Nacional para las personas f\u00edsicas y morales, fue convocada por la Autoridad del Espacio P\u00fablico (AEP), dependiente de la Secretar\u00eda de Desarrollo Urbano y Vivienda (SEDUVI), bajo el n\u00famero AEP\/LO-909002975-E-002-2017.<\/p>\n<p>La venta de bases de este proceso concluye el pr\u00f3ximo 4 de agosto de 2017, de acuerdo con la publicaci\u00f3n del Diario Oficial de la Federaci\u00f3n, y e fallo se dar\u00e1 a conocer el 23 de agosto para que los trabajos inicien en septiembre.<\/p>\n","protected":false},"excerpt":{"rendered":"<p>La obra p\u00fablica considera las calles de Dolores, Marroqu\u00ed, Independencia, Victoria, entre calle Luis Moya y Eje Central L\u00e1zaro C\u00e1rdenas y Av. Ayuntamiento, entre calle Marroqu\u00ed y Dolores<\/p>\n","protected":false},"author":77,"featured_media":57506,"comment_status":"open","ping_status":"closed","sticky":false,"template":"","format":"standard","meta":{"inline_featured_image":false,"footnotes":""},"categories":[82],"tags":[125,1351,10752,606,2041,290,10753,1755],"class_list":["post-57504","post","type-post","status-publish","format-standard","has-post-thumbnail","hentry","category-urbanismo","tag-aep","tag-autoridad-del-espacio-publico","tag-barrio-chino","tag-cdmx","tag-centro","tag-ciudad-de-mexico","tag-colonia-centro","tag-espacios-publicos"],"yoast_head":"<!-- This site is optimized with the Yoast SEO plugin v28.4 - https:\/\/yoast.com\/product\/yoast-seo-wordpress\/ -->\n<title>Publican licitaci\u00f3n para rehabilitar el Barrio Chino de la CDMX<\/title>\n<meta name=\"description\" content=\"La obra p\u00fablica considera las calles de Dolores, Marroqu\u00ed, Independencia, Victoria, entre calle Luis Moya y Eje Central L\u00e1zaro C\u00e1rdenas y Av. Ayuntamiento, entre calle Marroqu\u00ed y Dolores\" \/>\n<meta name=\"robots\" content=\"index, follow, max-snippet:-1, max-image-preview:large, max-video-preview:-1\" \/>\n<link rel=\"canonical\" href=\"https:\/\/centrourbano.com\/revista\/urbanismo\/publican-licitacion-para-rehabilitar-el-barrio-chino-de-la-cdmx\/\" \/>\n<meta property=\"og:locale\" content=\"es_ES\" \/>\n<meta property=\"og:type\" content=\"article\" \/>\n<meta property=\"og:title\" content=\"Publican licitaci\u00f3n para rehabilitar el Barrio Chino de la CDMX\" \/>\n<meta property=\"og:description\" content=\"La obra p\u00fablica considera las calles de Dolores, Marroqu\u00ed, Independencia, Victoria, entre calle Luis Moya y Eje Central L\u00e1zaro C\u00e1rdenas y Av. Ayuntamiento, entre calle Marroqu\u00ed y Dolores\" \/>\n<meta property=\"og:url\" content=\"https:\/\/centrourbano.com\/revista\/urbanismo\/publican-licitacion-para-rehabilitar-el-barrio-chino-de-la-cdmx\/\" \/>\n<meta property=\"og:site_name\" content=\"Centro Urbano\" \/>\n<meta property=\"article:publisher\" content=\"https:\/\/www.facebook.com\/portalcentrourbano\" \/>\n<meta property=\"article:published_time\" content=\"2017-08-02T22:20:12+00:00\" \/>\n<meta property=\"article:modified_time\" content=\"2017-08-02T22:20:49+00:00\" \/>\n<meta property=\"og:image\" content=\"https:\/\/centrourbano.com\/revista\/wp-content\/uploads\/barrio-chino-cdmx-scaled.jpg\" \/>\n\t<meta property=\"og:image:width\" content=\"2560\" \/>\n\t<meta property=\"og:image:height\" content=\"1912\" \/>\n\t<meta property=\"og:image:type\" content=\"image\/jpeg\" \/>\n<meta name=\"author\" content=\"G4A\" \/>\n<meta name=\"twitter:card\" content=\"summary_large_image\" \/>\n<meta name=\"twitter:creator\" content=\"@CentroUrbano\" \/>\n<meta name=\"twitter:site\" content=\"@CentroUrbano\" \/>\n<meta name=\"twitter:label1\" content=\"Escrito por\" \/>\n\t<meta name=\"twitter:data1\" content=\"G4A\" \/>\n\t<meta name=\"twitter:label2\" content=\"Tiempo de lectura\" \/>\n\t<meta name=\"twitter:data2\" content=\"1 minuto\" \/>\n<script type=\"application\/ld+json\" class=\"yoast-schema-graph\">{\"@context\":\"https:\\\/\\\/schema.org\",\"@graph\":[{\"@type\":\"Article\",\"@id\":\"https:\\\/\\\/centrourbano.com\\\/revista\\\/urbanismo\\\/publican-licitacion-para-rehabilitar-el-barrio-chino-de-la-cdmx\\\/#article\",\"isPartOf\":{\"@id\":\"https:\\\/\\\/centrourbano.com\\\/revista\\\/urbanismo\\\/publican-licitacion-para-rehabilitar-el-barrio-chino-de-la-cdmx\\\/\"},\"author\":{\"name\":\"G4A\",\"@id\":\"https:\\\/\\\/centrourbano.com\\\/revista\\\/#\\\/schema\\\/person\\\/370fa0ba2d8dd5bde3fdb8b62ad360aa\"},\"headline\":\"Publican licitaci\u00f3n para rehabilitar el Barrio Chino de la CDMX\",\"datePublished\":\"2017-08-02T22:20:12+00:00\",\"dateModified\":\"2017-08-02T22:20:49+00:00\",\"mainEntityOfPage\":{\"@id\":\"https:\\\/\\\/centrourbano.com\\\/revista\\\/urbanismo\\\/publican-licitacion-para-rehabilitar-el-barrio-chino-de-la-cdmx\\\/\"},\"wordCount\":287,\"commentCount\":0,\"publisher\":{\"@id\":\"https:\\\/\\\/centrourbano.com\\\/revista\\\/#organization\"},\"image\":{\"@id\":\"https:\\\/\\\/centrourbano.com\\\/revista\\\/urbanismo\\\/publican-licitacion-para-rehabilitar-el-barrio-chino-de-la-cdmx\\\/#primaryimage\"},\"thumbnailUrl\":\"https:\\\/\\\/centrourbano.com\\\/revista\\\/wp-content\\\/uploads\\\/barrio-chino-cdmx-scaled.jpg\",\"keywords\":[\"AEP\",\"Autoridad del Espacio P\u00fablico\",\"Barrio Chino\",\"CDMX\",\"Centro\",\"ciudad de M\u00e9xico\",\"Colonia Centro\",\"espacios p\u00fablicos\"],\"articleSection\":[\"Urbanismo\"],\"inLanguage\":\"es\"},{\"@type\":\"WebPage\",\"@id\":\"https:\\\/\\\/centrourbano.com\\\/revista\\\/urbanismo\\\/publican-licitacion-para-rehabilitar-el-barrio-chino-de-la-cdmx\\\/\",\"url\":\"https:\\\/\\\/centrourbano.com\\\/revista\\\/urbanismo\\\/publican-licitacion-para-rehabilitar-el-barrio-chino-de-la-cdmx\\\/\",\"name\":\"Publican licitaci\u00f3n para rehabilitar el Barrio Chino de la CDMX\",\"isPartOf\":{\"@id\":\"https:\\\/\\\/centrourbano.com\\\/revista\\\/#website\"},\"primaryImageOfPage\":{\"@id\":\"https:\\\/\\\/centrourbano.com\\\/revista\\\/urbanismo\\\/publican-licitacion-para-rehabilitar-el-barrio-chino-de-la-cdmx\\\/#primaryimage\"},\"image\":{\"@id\":\"https:\\\/\\\/centrourbano.com\\\/revista\\\/urbanismo\\\/publican-licitacion-para-rehabilitar-el-barrio-chino-de-la-cdmx\\\/#primaryimage\"},\"thumbnailUrl\":\"https:\\\/\\\/centrourbano.com\\\/revista\\\/wp-content\\\/uploads\\\/barrio-chino-cdmx-scaled.jpg\",\"datePublished\":\"2017-08-02T22:20:12+00:00\",\"dateModified\":\"2017-08-02T22:20:49+00:00\",\"description\":\"La obra p\u00fablica considera las calles de Dolores, Marroqu\u00ed, Independencia, Victoria, entre calle Luis Moya y Eje Central L\u00e1zaro C\u00e1rdenas y Av. Ayuntamiento, entre calle Marroqu\u00ed y Dolores\",\"breadcrumb\":{\"@id\":\"https:\\\/\\\/centrourbano.com\\\/revista\\\/urbanismo\\\/publican-licitacion-para-rehabilitar-el-barrio-chino-de-la-cdmx\\\/#breadcrumb\"},\"inLanguage\":\"es\",\"potentialAction\":[{\"@type\":\"ReadAction\",\"target\":[\"https:\\\/\\\/centrourbano.com\\\/revista\\\/urbanismo\\\/publican-licitacion-para-rehabilitar-el-barrio-chino-de-la-cdmx\\\/\"]}]},{\"@type\":\"ImageObject\",\"inLanguage\":\"es\",\"@id\":\"https:\\\/\\\/centrourbano.com\\\/revista\\\/urbanismo\\\/publican-licitacion-para-rehabilitar-el-barrio-chino-de-la-cdmx\\\/#primaryimage\",\"url\":\"https:\\\/\\\/centrourbano.com\\\/revista\\\/wp-content\\\/uploads\\\/barrio-chino-cdmx-scaled.jpg\",\"contentUrl\":\"https:\\\/\\\/centrourbano.com\\\/revista\\\/wp-content\\\/uploads\\\/barrio-chino-cdmx-scaled.jpg\",\"width\":2560,\"height\":1912,\"caption\":\"La obra p\u00fablica considera las calles de Dolores, Marroqu\u00ed, Independencia, Victoria, entre calle Luis Moya y Eje Central L\u00e1zaro C\u00e1rdenas y Av. Ayuntamiento, entre calle Marroqu\u00ed y Dolores\"},{\"@type\":\"BreadcrumbList\",\"@id\":\"https:\\\/\\\/centrourbano.com\\\/revista\\\/urbanismo\\\/publican-licitacion-para-rehabilitar-el-barrio-chino-de-la-cdmx\\\/#breadcrumb\",\"itemListElement\":[{\"@type\":\"ListItem\",\"position\":1,\"name\":\"Portada\",\"item\":\"https:\\\/\\\/centrourbano.com\\\/revista\\\/\"},{\"@type\":\"ListItem\",\"position\":2,\"name\":\"Publican licitaci\u00f3n para rehabilitar el Barrio Chino de la CDMX\"}]},{\"@type\":\"WebSite\",\"@id\":\"https:\\\/\\\/centrourbano.com\\\/revista\\\/#website\",\"url\":\"https:\\\/\\\/centrourbano.com\\\/revista\\\/\",\"name\":\"Centro Urbano\",\"description\":\"Medio especializado en los sectores vivienda, inmobiliario, construcci\u00f3n, arquitectura y urbanismo.\",\"publisher\":{\"@id\":\"https:\\\/\\\/centrourbano.com\\\/revista\\\/#organization\"},\"potentialAction\":[{\"@type\":\"SearchAction\",\"target\":{\"@type\":\"EntryPoint\",\"urlTemplate\":\"https:\\\/\\\/centrourbano.com\\\/revista\\\/?s={search_term_string}\"},\"query-input\":{\"@type\":\"PropertyValueSpecification\",\"valueRequired\":true,\"valueName\":\"search_term_string\"}}],\"inLanguage\":\"es\"},{\"@type\":\"Organization\",\"@id\":\"https:\\\/\\\/centrourbano.com\\\/revista\\\/#organization\",\"name\":\"Centro Urbano\",\"url\":\"https:\\\/\\\/centrourbano.com\\\/revista\\\/\",\"logo\":{\"@type\":\"ImageObject\",\"inLanguage\":\"es\",\"@id\":\"https:\\\/\\\/centrourbano.com\\\/revista\\\/#\\\/schema\\\/logo\\\/image\\\/\",\"url\":\"https:\\\/\\\/centrourbano.com\\\/revista\\\/wp-content\\\/uploads\\\/web_CU_logo-1.png\",\"contentUrl\":\"https:\\\/\\\/centrourbano.com\\\/revista\\\/wp-content\\\/uploads\\\/web_CU_logo-1.png\",\"width\":350,\"height\":91,\"caption\":\"Centro Urbano\"},\"image\":{\"@id\":\"https:\\\/\\\/centrourbano.com\\\/revista\\\/#\\\/schema\\\/logo\\\/image\\\/\"},\"sameAs\":[\"https:\\\/\\\/www.facebook.com\\\/portalcentrourbano\",\"https:\\\/\\\/x.com\\\/CentroUrbano\",\"https:\\\/\\\/www.instagram.com\\\/centro_urbano\\\/\",\"https:\\\/\\\/www.linkedin.com\\\/company\\\/centro-urbano\\\/\",\"http:\\\/\\\/www.youtube.com\\\/user\\\/portalcentrourbano\"]},{\"@type\":\"Person\",\"@id\":\"https:\\\/\\\/centrourbano.com\\\/revista\\\/#\\\/schema\\\/person\\\/370fa0ba2d8dd5bde3fdb8b62ad360aa\",\"name\":\"G4A\",\"image\":{\"@type\":\"ImageObject\",\"inLanguage\":\"es\",\"@id\":\"https:\\\/\\\/secure.gravatar.com\\\/avatar\\\/932a97121b13d5de5bbd8193c6c83d3b92c9eda0f39623607d4280e7a5778d97?s=96&d=mm&r=g\",\"url\":\"https:\\\/\\\/secure.gravatar.com\\\/avatar\\\/932a97121b13d5de5bbd8193c6c83d3b92c9eda0f39623607d4280e7a5778d97?s=96&d=mm&r=g\",\"contentUrl\":\"https:\\\/\\\/secure.gravatar.com\\\/avatar\\\/932a97121b13d5de5bbd8193c6c83d3b92c9eda0f39623607d4280e7a5778d97?s=96&d=mm&r=g\",\"caption\":\"G4A\"},\"url\":\"https:\\\/\\\/centrourbano.com\\\/revista\\\/author\\\/admin-g4a\\\/\"}]}<\/script>\n<!-- \/ Yoast SEO plugin. -->","yoast_head_json":{"title":"Publican licitaci\u00f3n para rehabilitar el Barrio Chino de la CDMX","description":"La obra p\u00fablica considera las calles de Dolores, Marroqu\u00ed, Independencia, Victoria, entre calle Luis Moya y Eje Central L\u00e1zaro C\u00e1rdenas y Av. Ayuntamiento, entre calle Marroqu\u00ed y Dolores","robots":{"index":"index","follow":"follow","max-snippet":"max-snippet:-1","max-image-preview":"max-image-preview:large","max-video-preview":"max-video-preview:-1"},"canonical":"https:\/\/centrourbano.com\/revista\/urbanismo\/publican-licitacion-para-rehabilitar-el-barrio-chino-de-la-cdmx\/","og_locale":"es_ES","og_type":"article","og_title":"Publican licitaci\u00f3n para rehabilitar el Barrio Chino de la CDMX","og_description":"La obra p\u00fablica considera las calles de Dolores, Marroqu\u00ed, Independencia, Victoria, entre calle Luis Moya y Eje Central L\u00e1zaro C\u00e1rdenas y Av. Ayuntamiento, entre calle Marroqu\u00ed y Dolores","og_url":"https:\/\/centrourbano.com\/revista\/urbanismo\/publican-licitacion-para-rehabilitar-el-barrio-chino-de-la-cdmx\/","og_site_name":"Centro Urbano","article_publisher":"https:\/\/www.facebook.com\/portalcentrourbano","article_published_time":"2017-08-02T22:20:12+00:00","article_modified_time":"2017-08-02T22:20:49+00:00","og_image":[{"width":2560,"height":1912,"url":"https:\/\/centrourbano.com\/revista\/wp-content\/uploads\/barrio-chino-cdmx-scaled.jpg","type":"image\/jpeg"}],"author":"G4A","twitter_card":"summary_large_image","twitter_creator":"@CentroUrbano","twitter_site":"@CentroUrbano","twitter_misc":{"Escrito por":"G4A","Tiempo de lectura":"1 minuto"},"schema":{"@context":"https:\/\/schema.org","@graph":[{"@type":"Article","@id":"https:\/\/centrourbano.com\/revista\/urbanismo\/publican-licitacion-para-rehabilitar-el-barrio-chino-de-la-cdmx\/#article","isPartOf":{"@id":"https:\/\/centrourbano.com\/revista\/urbanismo\/publican-licitacion-para-rehabilitar-el-barrio-chino-de-la-cdmx\/"},"author":{"name":"G4A","@id":"https:\/\/centrourbano.com\/revista\/#\/schema\/person\/370fa0ba2d8dd5bde3fdb8b62ad360aa"},"headline":"Publican licitaci\u00f3n para rehabilitar el Barrio Chino de la CDMX","datePublished":"2017-08-02T22:20:12+00:00","dateModified":"2017-08-02T22:20:49+00:00","mainEntityOfPage":{"@id":"https:\/\/centrourbano.com\/revista\/urbanismo\/publican-licitacion-para-rehabilitar-el-barrio-chino-de-la-cdmx\/"},"wordCount":287,"commentCount":0,"publisher":{"@id":"https:\/\/centrourbano.com\/revista\/#organization"},"image":{"@id":"https:\/\/centrourbano.com\/revista\/urbanismo\/publican-licitacion-para-rehabilitar-el-barrio-chino-de-la-cdmx\/#primaryimage"},"thumbnailUrl":"https:\/\/centrourbano.com\/revista\/wp-content\/uploads\/barrio-chino-cdmx-scaled.jpg","keywords":["AEP","Autoridad del Espacio P\u00fablico","Barrio Chino","CDMX","Centro","ciudad de M\u00e9xico","Colonia Centro","espacios p\u00fablicos"],"articleSection":["Urbanismo"],"inLanguage":"es"},{"@type":"WebPage","@id":"https:\/\/centrourbano.com\/revista\/urbanismo\/publican-licitacion-para-rehabilitar-el-barrio-chino-de-la-cdmx\/","url":"https:\/\/centrourbano.com\/revista\/urbanismo\/publican-licitacion-para-rehabilitar-el-barrio-chino-de-la-cdmx\/","name":"Publican licitaci\u00f3n para rehabilitar el Barrio Chino de la CDMX","isPartOf":{"@id":"https:\/\/centrourbano.com\/revista\/#website"},"primaryImageOfPage":{"@id":"https:\/\/centrourbano.com\/revista\/urbanismo\/publican-licitacion-para-rehabilitar-el-barrio-chino-de-la-cdmx\/#primaryimage"},"image":{"@id":"https:\/\/centrourbano.com\/revista\/urbanismo\/publican-licitacion-para-rehabilitar-el-barrio-chino-de-la-cdmx\/#primaryimage"},"thumbnailUrl":"https:\/\/centrourbano.com\/revista\/wp-content\/uploads\/barrio-chino-cdmx-scaled.jpg","datePublished":"2017-08-02T22:20:12+00:00","dateModified":"2017-08-02T22:20:49+00:00","description":"La obra p\u00fablica considera las calles de Dolores, Marroqu\u00ed, Independencia, Victoria, entre calle Luis Moya y Eje Central L\u00e1zaro C\u00e1rdenas y Av. Ayuntamiento, entre calle Marroqu\u00ed y Dolores","breadcrumb":{"@id":"https:\/\/centrourbano.com\/revista\/urbanismo\/publican-licitacion-para-rehabilitar-el-barrio-chino-de-la-cdmx\/#breadcrumb"},"inLanguage":"es","potentialAction":[{"@type":"ReadAction","target":["https:\/\/centrourbano.com\/revista\/urbanismo\/publican-licitacion-para-rehabilitar-el-barrio-chino-de-la-cdmx\/"]}]},{"@type":"ImageObject","inLanguage":"es","@id":"https:\/\/centrourbano.com\/revista\/urbanismo\/publican-licitacion-para-rehabilitar-el-barrio-chino-de-la-cdmx\/#primaryimage","url":"https:\/\/centrourbano.com\/revista\/wp-content\/uploads\/barrio-chino-cdmx-scaled.jpg","contentUrl":"https:\/\/centrourbano.com\/revista\/wp-content\/uploads\/barrio-chino-cdmx-scaled.jpg","width":2560,"height":1912,"caption":"La obra p\u00fablica considera las calles de Dolores, Marroqu\u00ed, Independencia, Victoria, entre calle Luis Moya y Eje Central L\u00e1zaro C\u00e1rdenas y Av. Ayuntamiento, entre calle Marroqu\u00ed y Dolores"},{"@type":"BreadcrumbList","@id":"https:\/\/centrourbano.com\/revista\/urbanismo\/publican-licitacion-para-rehabilitar-el-barrio-chino-de-la-cdmx\/#breadcrumb","itemListElement":[{"@type":"ListItem","position":1,"name":"Portada","item":"https:\/\/centrourbano.com\/revista\/"},{"@type":"ListItem","position":2,"name":"Publican licitaci\u00f3n para rehabilitar el Barrio Chino de la CDMX"}]},{"@type":"WebSite","@id":"https:\/\/centrourbano.com\/revista\/#website","url":"https:\/\/centrourbano.com\/revista\/","name":"Centro Urbano","description":"Medio especializado en los sectores vivienda, inmobiliario, construcci\u00f3n, arquitectura y urbanismo.","publisher":{"@id":"https:\/\/centrourbano.com\/revista\/#organization"},"potentialAction":[{"@type":"SearchAction","target":{"@type":"EntryPoint","urlTemplate":"https:\/\/centrourbano.com\/revista\/?s={search_term_string}"},"query-input":{"@type":"PropertyValueSpecification","valueRequired":true,"valueName":"search_term_string"}}],"inLanguage":"es"},{"@type":"Organization","@id":"https:\/\/centrourbano.com\/revista\/#organization","name":"Centro Urbano","url":"https:\/\/centrourbano.com\/revista\/","logo":{"@type":"ImageObject","inLanguage":"es","@id":"https:\/\/centrourbano.com\/revista\/#\/schema\/logo\/image\/","url":"https:\/\/centrourbano.com\/revista\/wp-content\/uploads\/web_CU_logo-1.png","contentUrl":"https:\/\/centrourbano.com\/revista\/wp-content\/uploads\/web_CU_logo-1.png","width":350,"height":91,"caption":"Centro Urbano"},"image":{"@id":"https:\/\/centrourbano.com\/revista\/#\/schema\/logo\/image\/"},"sameAs":["https:\/\/www.facebook.com\/portalcentrourbano","https:\/\/x.com\/CentroUrbano","https:\/\/www.instagram.com\/centro_urbano\/","https:\/\/www.linkedin.com\/company\/centro-urbano\/","http:\/\/www.youtube.com\/user\/portalcentrourbano"]},{"@type":"Person","@id":"https:\/\/centrourbano.com\/revista\/#\/schema\/person\/370fa0ba2d8dd5bde3fdb8b62ad360aa","name":"G4A","image":{"@type":"ImageObject","inLanguage":"es","@id":"https:\/\/secure.gravatar.com\/avatar\/932a97121b13d5de5bbd8193c6c83d3b92c9eda0f39623607d4280e7a5778d97?s=96&d=mm&r=g","url":"https:\/\/secure.gravatar.com\/avatar\/932a97121b13d5de5bbd8193c6c83d3b92c9eda0f39623607d4280e7a5778d97?s=96&d=mm&r=g","contentUrl":"https:\/\/secure.gravatar.com\/avatar\/932a97121b13d5de5bbd8193c6c83d3b92c9eda0f39623607d4280e7a5778d97?s=96&d=mm&r=g","caption":"G4A"},"url":"https:\/\/centrourbano.com\/revista\/author\/admin-g4a\/"}]}},"_links":{"self":[{"href":"https:\/\/centrourbano.com\/revista\/wp-json\/wp\/v2\/posts\/57504","targetHints":{"allow":["GET"]}}],"collection":[{"href":"https:\/\/centrourbano.com\/revista\/wp-json\/wp\/v2\/posts"}],"about":[{"href":"https:\/\/centrourbano.com\/revista\/wp-json\/wp\/v2\/types\/post"}],"author":[{"embeddable":true,"href":"https:\/\/centrourbano.com\/revista\/wp-json\/wp\/v2\/users\/77"}],"replies":[{"embeddable":true,"href":"https:\/\/centrourbano.com\/revista\/wp-json\/wp\/v2\/comments?post=57504"}],"version-history":[{"count":0,"href":"https:\/\/centrourbano.com\/revista\/wp-json\/wp\/v2\/posts\/57504\/revisions"}],"wp:featuredmedia":[{"embeddable":true,"href":"https:\/\/centrourbano.com\/revista\/wp-json\/wp\/v2\/media\/57506"}],"wp:attachment":[{"href":"https:\/\/centrourbano.com\/revista\/wp-json\/wp\/v2\/media?parent=57504"}],"wp:term":[{"taxonomy":"category","embeddable":true,"href":"https:\/\/centrourbano.com\/revista\/wp-json\/wp\/v2\/categories?post=57504"},{"taxonomy":"post_tag","embeddable":true,"href":"https:\/\/centrourbano.com\/revista\/wp-json\/wp\/v2\/tags?post=57504"}],"curies":[{"name":"wp","href":"https:\/\/api.w.org\/{rel}","templated":true}]}}