{"id":57096,"date":"2017-07-26T16:27:53","date_gmt":"2017-07-26T21:27:53","guid":{"rendered":"https:\/\/centrourbano.com\/?p=57096"},"modified":"2017-07-26T16:32:01","modified_gmt":"2017-07-26T21:32:01","slug":"javer-alcanza-1839-mdp-ingresos-2t2017","status":"publish","type":"post","link":"https:\/\/centrourbano.com\/revista\/vivienda\/javer-alcanza-1839-mdp-ingresos-2t2017\/","title":{"rendered":"Javer alcanza 1,839 mdp de ingresos en 2T2017"},"content":{"rendered":"<p><em>En el periodo, la firma logr\u00f3 utilidad neta del orden de los 42 mdp <\/em><!--more--><\/p>\n<p>Al cierre del <strong>2T2017<\/strong>, la desarrolladora de vivienda <a href=\"http:\/\/www.javer.com.mx\/\" target=\"_blank\">Javer <\/a>alcanz\u00f3 ingresos netos por 1,839.7 millones de pesos, lo que representa una variaci\u00f3n positiva de 5.4% en relaci\u00f3n al mismo periodo, pero de 2016.<\/p>\n<p>De acuerdo con el reporte enviado a la Bolsa Mexicana de Valores (<a href=\"http:\/\/www.bmv.com.mx\" target=\"_blank\">BMV<\/a>), la empresa registr\u00f3 una utilidad de 42.9 millones de pesos entre los meses de abril y junio; adem\u00e1s report\u00f3 la escrituraci\u00f3n de 4,660 unidades, 1.3% m\u00e1s de lo logrado en el 2T2016.<\/p>\n<p>En lo referente, la viviendera report\u00f3 217.8 millones de pesos de UAFIDA y flujo libre de efectivo neutro por 9.2 millones de pesos. <\/p>\n<p>En cuanto al cumulado del semestre, la empresa alcanz\u00f3 un resultado neto de 198.4 millones de pesos y flujo libre de efectivo de 186.1 millones de pesos. <\/p>\n<p>Javer record\u00f3 que la meta de la viviendera para 2017 es escriturar de 19,000 a 20,000 unidades lo que permitir\u00eda llegar a ingresos del orden de los 8,000 millones de pesos y un UAFIDA de alrededor 1,000 millones de pesos, con flujo libre de efectivo positivo. <\/p>\n<p>\u201c2T2017 es un trimestre m\u00e1s en el que arrojamos resultados estables, soportados por uno de los fundamentos clave de nuestro modelo de negocio, que es nuestra capacidad de adaptaci\u00f3n inmediata a las condiciones cambiantes del mercado\u201d, se\u00f1al\u00f3 Rene Mart\u00ednez, director general de Javer. <\/p>\n","protected":false},"excerpt":{"rendered":"<p>En el periodo, la firma logr\u00f3 utilidad neta del orden de los 42 mdp<\/p>\n","protected":false},"author":47,"featured_media":20431,"comment_status":"open","ping_status":"closed","sticky":false,"template":"","format":"standard","meta":{"om_disable_all_campaigns":false,"inline_featured_image":false,"_monsterinsights_skip_tracking":false,"_monsterinsights_sitenote_active":false,"_monsterinsights_sitenote_note":"","_monsterinsights_sitenote_category":0,"footnotes":""},"categories":[12],"tags":[10546,407,2561,897,8767,60],"class_list":["post-57096","post","type-post","status-publish","format-standard","has-post-thumbnail","hentry","category-vivienda","tag-2t2017","tag-bmv","tag-ingresos","tag-javer","tag-utilidad-neta","tag-vivienda-2"],"yoast_head":"<!-- This site is optimized with the Yoast SEO plugin v27.4 - https:\/\/yoast.com\/product\/yoast-seo-wordpress\/ -->\n<title>Javer alcanza 1,839 mdp de ingresos en 2T2017 -<\/title>\n<meta name=\"description\" content=\"Al cierre del 2T2017, la desarrolladora de vivienda Javer alcanz\u00f3 ingresos netos por 1,839.7 millones de pesos, lo que representa una variaci\u00f3n positiva de 5.4% en relaci\u00f3n al mismo periodo, pero de 2016.\" \/>\n<meta name=\"robots\" content=\"index, follow, max-snippet:-1, max-image-preview:large, max-video-preview:-1\" \/>\n<link rel=\"canonical\" href=\"https:\/\/centrourbano.com\/revista\/vivienda\/javer-alcanza-1839-mdp-ingresos-2t2017\/\" \/>\n<meta property=\"og:locale\" content=\"es_ES\" \/>\n<meta property=\"og:type\" content=\"article\" \/>\n<meta property=\"og:title\" content=\"Javer alcanza 1,839 mdp de ingresos en 2T2017 -\" \/>\n<meta property=\"og:description\" content=\"Al cierre del 2T2017, la desarrolladora de vivienda Javer alcanz\u00f3 ingresos netos por 1,839.7 millones de pesos, lo que representa una variaci\u00f3n positiva de 5.4% en relaci\u00f3n al mismo periodo, pero de 2016.\" \/>\n<meta property=\"og:url\" content=\"https:\/\/centrourbano.com\/revista\/vivienda\/javer-alcanza-1839-mdp-ingresos-2t2017\/\" \/>\n<meta property=\"og:site_name\" content=\"Centro Urbano\" \/>\n<meta property=\"article:publisher\" content=\"https:\/\/www.facebook.com\/portalcentrourbano\" \/>\n<meta property=\"article:published_time\" content=\"2017-07-26T21:27:53+00:00\" \/>\n<meta property=\"article:modified_time\" content=\"2017-07-26T21:32:01+00:00\" \/>\n<meta property=\"og:image\" content=\"https:\/\/centrourbano.com\/revista\/wp-content\/uploads\/Stand-Javer.jpg\" \/>\n\t<meta property=\"og:image:width\" content=\"1600\" \/>\n\t<meta property=\"og:image:height\" content=\"1200\" \/>\n\t<meta property=\"og:image:type\" content=\"image\/jpeg\" \/>\n<meta name=\"author\" content=\"Edgar Rosas\" \/>\n<meta name=\"twitter:card\" content=\"summary_large_image\" \/>\n<meta name=\"twitter:creator\" content=\"@https:\/\/twitter.com\/ERosasCU?s=09\" \/>\n<meta name=\"twitter:site\" content=\"@CentroUrbano\" \/>\n<meta name=\"twitter:label1\" content=\"Escrito por\" \/>\n\t<meta name=\"twitter:data1\" content=\"Edgar Rosas\" \/>\n\t<meta name=\"twitter:label2\" content=\"Tiempo de lectura\" \/>\n\t<meta name=\"twitter:data2\" content=\"1 minuto\" \/>\n<script type=\"application\/ld+json\" class=\"yoast-schema-graph\">{\"@context\":\"https:\\\/\\\/schema.org\",\"@graph\":[{\"@type\":\"Article\",\"@id\":\"https:\\\/\\\/centrourbano.com\\\/revista\\\/vivienda\\\/javer-alcanza-1839-mdp-ingresos-2t2017\\\/#article\",\"isPartOf\":{\"@id\":\"https:\\\/\\\/centrourbano.com\\\/revista\\\/vivienda\\\/javer-alcanza-1839-mdp-ingresos-2t2017\\\/\"},\"author\":{\"name\":\"Edgar Rosas\",\"@id\":\"https:\\\/\\\/centrourbano.com\\\/revista\\\/#\\\/schema\\\/person\\\/ff3c00651ce5b1630479d2cd0c2e3ac0\"},\"headline\":\"Javer alcanza 1,839 mdp de ingresos en 2T2017\",\"datePublished\":\"2017-07-26T21:27:53+00:00\",\"dateModified\":\"2017-07-26T21:32:01+00:00\",\"mainEntityOfPage\":{\"@id\":\"https:\\\/\\\/centrourbano.com\\\/revista\\\/vivienda\\\/javer-alcanza-1839-mdp-ingresos-2t2017\\\/\"},\"wordCount\":232,\"commentCount\":0,\"publisher\":{\"@id\":\"https:\\\/\\\/centrourbano.com\\\/revista\\\/#organization\"},\"image\":{\"@id\":\"https:\\\/\\\/centrourbano.com\\\/revista\\\/vivienda\\\/javer-alcanza-1839-mdp-ingresos-2t2017\\\/#primaryimage\"},\"thumbnailUrl\":\"https:\\\/\\\/centrourbano.com\\\/revista\\\/wp-content\\\/uploads\\\/Stand-Javer.jpg\",\"keywords\":[\"2T2017\",\"BMV\",\"ingresos\",\"Javer\",\"utilidad neta\",\"vivienda\"],\"articleSection\":[\"Vivienda\"],\"inLanguage\":\"es\",\"potentialAction\":[{\"@type\":\"CommentAction\",\"name\":\"Comment\",\"target\":[\"https:\\\/\\\/centrourbano.com\\\/revista\\\/vivienda\\\/javer-alcanza-1839-mdp-ingresos-2t2017\\\/#respond\"]}]},{\"@type\":\"WebPage\",\"@id\":\"https:\\\/\\\/centrourbano.com\\\/revista\\\/vivienda\\\/javer-alcanza-1839-mdp-ingresos-2t2017\\\/\",\"url\":\"https:\\\/\\\/centrourbano.com\\\/revista\\\/vivienda\\\/javer-alcanza-1839-mdp-ingresos-2t2017\\\/\",\"name\":\"Javer alcanza 1,839 mdp de ingresos en 2T2017 -\",\"isPartOf\":{\"@id\":\"https:\\\/\\\/centrourbano.com\\\/revista\\\/#website\"},\"primaryImageOfPage\":{\"@id\":\"https:\\\/\\\/centrourbano.com\\\/revista\\\/vivienda\\\/javer-alcanza-1839-mdp-ingresos-2t2017\\\/#primaryimage\"},\"image\":{\"@id\":\"https:\\\/\\\/centrourbano.com\\\/revista\\\/vivienda\\\/javer-alcanza-1839-mdp-ingresos-2t2017\\\/#primaryimage\"},\"thumbnailUrl\":\"https:\\\/\\\/centrourbano.com\\\/revista\\\/wp-content\\\/uploads\\\/Stand-Javer.jpg\",\"datePublished\":\"2017-07-26T21:27:53+00:00\",\"dateModified\":\"2017-07-26T21:32:01+00:00\",\"description\":\"Al cierre del 2T2017, la desarrolladora de vivienda Javer alcanz\u00f3 ingresos netos por 1,839.7 millones de pesos, lo que representa una variaci\u00f3n positiva de 5.4% en relaci\u00f3n al mismo periodo, pero de 2016.\",\"breadcrumb\":{\"@id\":\"https:\\\/\\\/centrourbano.com\\\/revista\\\/vivienda\\\/javer-alcanza-1839-mdp-ingresos-2t2017\\\/#breadcrumb\"},\"inLanguage\":\"es\",\"potentialAction\":[{\"@type\":\"ReadAction\",\"target\":[\"https:\\\/\\\/centrourbano.com\\\/revista\\\/vivienda\\\/javer-alcanza-1839-mdp-ingresos-2t2017\\\/\"]}]},{\"@type\":\"ImageObject\",\"inLanguage\":\"es\",\"@id\":\"https:\\\/\\\/centrourbano.com\\\/revista\\\/vivienda\\\/javer-alcanza-1839-mdp-ingresos-2t2017\\\/#primaryimage\",\"url\":\"https:\\\/\\\/centrourbano.com\\\/revista\\\/wp-content\\\/uploads\\\/Stand-Javer.jpg\",\"contentUrl\":\"https:\\\/\\\/centrourbano.com\\\/revista\\\/wp-content\\\/uploads\\\/Stand-Javer.jpg\",\"width\":1600,\"height\":1200},{\"@type\":\"BreadcrumbList\",\"@id\":\"https:\\\/\\\/centrourbano.com\\\/revista\\\/vivienda\\\/javer-alcanza-1839-mdp-ingresos-2t2017\\\/#breadcrumb\",\"itemListElement\":[{\"@type\":\"ListItem\",\"position\":1,\"name\":\"Portada\",\"item\":\"https:\\\/\\\/centrourbano.com\\\/revista\\\/\"},{\"@type\":\"ListItem\",\"position\":2,\"name\":\"Javer alcanza 1,839 mdp de ingresos en 2T2017\"}]},{\"@type\":\"WebSite\",\"@id\":\"https:\\\/\\\/centrourbano.com\\\/revista\\\/#website\",\"url\":\"https:\\\/\\\/centrourbano.com\\\/revista\\\/\",\"name\":\"Centro Urbano\",\"description\":\"Medio especializado en los sectores vivienda, inmobiliario, construcci\u00f3n, arquitectura y urbanismo.\",\"publisher\":{\"@id\":\"https:\\\/\\\/centrourbano.com\\\/revista\\\/#organization\"},\"potentialAction\":[{\"@type\":\"SearchAction\",\"target\":{\"@type\":\"EntryPoint\",\"urlTemplate\":\"https:\\\/\\\/centrourbano.com\\\/revista\\\/?s={search_term_string}\"},\"query-input\":{\"@type\":\"PropertyValueSpecification\",\"valueRequired\":true,\"valueName\":\"search_term_string\"}}],\"inLanguage\":\"es\"},{\"@type\":\"Organization\",\"@id\":\"https:\\\/\\\/centrourbano.com\\\/revista\\\/#organization\",\"name\":\"Centro Urbano\",\"url\":\"https:\\\/\\\/centrourbano.com\\\/revista\\\/\",\"logo\":{\"@type\":\"ImageObject\",\"inLanguage\":\"es\",\"@id\":\"https:\\\/\\\/centrourbano.com\\\/revista\\\/#\\\/schema\\\/logo\\\/image\\\/\",\"url\":\"https:\\\/\\\/centrourbano.com\\\/revista\\\/wp-content\\\/uploads\\\/web_CU_logo-1.png\",\"contentUrl\":\"https:\\\/\\\/centrourbano.com\\\/revista\\\/wp-content\\\/uploads\\\/web_CU_logo-1.png\",\"width\":350,\"height\":91,\"caption\":\"Centro Urbano\"},\"image\":{\"@id\":\"https:\\\/\\\/centrourbano.com\\\/revista\\\/#\\\/schema\\\/logo\\\/image\\\/\"},\"sameAs\":[\"https:\\\/\\\/www.facebook.com\\\/portalcentrourbano\",\"https:\\\/\\\/x.com\\\/CentroUrbano\",\"https:\\\/\\\/www.instagram.com\\\/centro_urbano\\\/\",\"https:\\\/\\\/www.linkedin.com\\\/company\\\/centro-urbano\\\/\",\"http:\\\/\\\/www.youtube.com\\\/user\\\/portalcentrourbano\"]},{\"@type\":\"Person\",\"@id\":\"https:\\\/\\\/centrourbano.com\\\/revista\\\/#\\\/schema\\\/person\\\/ff3c00651ce5b1630479d2cd0c2e3ac0\",\"name\":\"Edgar Rosas\",\"image\":{\"@type\":\"ImageObject\",\"inLanguage\":\"es\",\"@id\":\"https:\\\/\\\/secure.gravatar.com\\\/avatar\\\/94440c4283495211faa5300bf85e80061036b83fced868c3783aa1310b350d9c?s=96&d=mm&r=g\",\"url\":\"https:\\\/\\\/secure.gravatar.com\\\/avatar\\\/94440c4283495211faa5300bf85e80061036b83fced868c3783aa1310b350d9c?s=96&d=mm&r=g\",\"contentUrl\":\"https:\\\/\\\/secure.gravatar.com\\\/avatar\\\/94440c4283495211faa5300bf85e80061036b83fced868c3783aa1310b350d9c?s=96&d=mm&r=g\",\"caption\":\"Edgar Rosas\"},\"description\":\"Editor en Jefe de Centro Urbano. Egresado de la maestr\u00eda en Periodismo Pol\u00edtico de la Escuela de Periodismo Carlos Septi\u00e9n Garc\u00eda (EPCSG). Estudi\u00f3 la licenciatura en Comunicaci\u00f3n en la Universidad Mexicana. Amante de la cr\u00f3nica y el reportaje. Admirador de Vicente Le\u00f1ero y Miguel \u00c1ngel Granados Chapa.\",\"sameAs\":[\"https:\\\/\\\/x.com\\\/https:\\\/\\\/twitter.com\\\/ERosasCU?s=09\"],\"url\":\"https:\\\/\\\/centrourbano.com\\\/revista\\\/author\\\/edgar-rosas\\\/\"}]}<\/script>\n<!-- \/ Yoast SEO plugin. -->","yoast_head_json":{"title":"Javer alcanza 1,839 mdp de ingresos en 2T2017 -","description":"Al cierre del 2T2017, la desarrolladora de vivienda Javer alcanz\u00f3 ingresos netos por 1,839.7 millones de pesos, lo que representa una variaci\u00f3n positiva de 5.4% en relaci\u00f3n al mismo periodo, pero de 2016.","robots":{"index":"index","follow":"follow","max-snippet":"max-snippet:-1","max-image-preview":"max-image-preview:large","max-video-preview":"max-video-preview:-1"},"canonical":"https:\/\/centrourbano.com\/revista\/vivienda\/javer-alcanza-1839-mdp-ingresos-2t2017\/","og_locale":"es_ES","og_type":"article","og_title":"Javer alcanza 1,839 mdp de ingresos en 2T2017 -","og_description":"Al cierre del 2T2017, la desarrolladora de vivienda Javer alcanz\u00f3 ingresos netos por 1,839.7 millones de pesos, lo que representa una variaci\u00f3n positiva de 5.4% en relaci\u00f3n al mismo periodo, pero de 2016.","og_url":"https:\/\/centrourbano.com\/revista\/vivienda\/javer-alcanza-1839-mdp-ingresos-2t2017\/","og_site_name":"Centro Urbano","article_publisher":"https:\/\/www.facebook.com\/portalcentrourbano","article_published_time":"2017-07-26T21:27:53+00:00","article_modified_time":"2017-07-26T21:32:01+00:00","og_image":[{"width":1600,"height":1200,"url":"https:\/\/centrourbano.com\/revista\/wp-content\/uploads\/Stand-Javer.jpg","type":"image\/jpeg"}],"author":"Edgar Rosas","twitter_card":"summary_large_image","twitter_creator":"@https:\/\/twitter.com\/ERosasCU?s=09","twitter_site":"@CentroUrbano","twitter_misc":{"Escrito por":"Edgar Rosas","Tiempo de lectura":"1 minuto"},"schema":{"@context":"https:\/\/schema.org","@graph":[{"@type":"Article","@id":"https:\/\/centrourbano.com\/revista\/vivienda\/javer-alcanza-1839-mdp-ingresos-2t2017\/#article","isPartOf":{"@id":"https:\/\/centrourbano.com\/revista\/vivienda\/javer-alcanza-1839-mdp-ingresos-2t2017\/"},"author":{"name":"Edgar Rosas","@id":"https:\/\/centrourbano.com\/revista\/#\/schema\/person\/ff3c00651ce5b1630479d2cd0c2e3ac0"},"headline":"Javer alcanza 1,839 mdp de ingresos en 2T2017","datePublished":"2017-07-26T21:27:53+00:00","dateModified":"2017-07-26T21:32:01+00:00","mainEntityOfPage":{"@id":"https:\/\/centrourbano.com\/revista\/vivienda\/javer-alcanza-1839-mdp-ingresos-2t2017\/"},"wordCount":232,"commentCount":0,"publisher":{"@id":"https:\/\/centrourbano.com\/revista\/#organization"},"image":{"@id":"https:\/\/centrourbano.com\/revista\/vivienda\/javer-alcanza-1839-mdp-ingresos-2t2017\/#primaryimage"},"thumbnailUrl":"https:\/\/centrourbano.com\/revista\/wp-content\/uploads\/Stand-Javer.jpg","keywords":["2T2017","BMV","ingresos","Javer","utilidad neta","vivienda"],"articleSection":["Vivienda"],"inLanguage":"es","potentialAction":[{"@type":"CommentAction","name":"Comment","target":["https:\/\/centrourbano.com\/revista\/vivienda\/javer-alcanza-1839-mdp-ingresos-2t2017\/#respond"]}]},{"@type":"WebPage","@id":"https:\/\/centrourbano.com\/revista\/vivienda\/javer-alcanza-1839-mdp-ingresos-2t2017\/","url":"https:\/\/centrourbano.com\/revista\/vivienda\/javer-alcanza-1839-mdp-ingresos-2t2017\/","name":"Javer alcanza 1,839 mdp de ingresos en 2T2017 -","isPartOf":{"@id":"https:\/\/centrourbano.com\/revista\/#website"},"primaryImageOfPage":{"@id":"https:\/\/centrourbano.com\/revista\/vivienda\/javer-alcanza-1839-mdp-ingresos-2t2017\/#primaryimage"},"image":{"@id":"https:\/\/centrourbano.com\/revista\/vivienda\/javer-alcanza-1839-mdp-ingresos-2t2017\/#primaryimage"},"thumbnailUrl":"https:\/\/centrourbano.com\/revista\/wp-content\/uploads\/Stand-Javer.jpg","datePublished":"2017-07-26T21:27:53+00:00","dateModified":"2017-07-26T21:32:01+00:00","description":"Al cierre del 2T2017, la desarrolladora de vivienda Javer alcanz\u00f3 ingresos netos por 1,839.7 millones de pesos, lo que representa una variaci\u00f3n positiva de 5.4% en relaci\u00f3n al mismo periodo, pero de 2016.","breadcrumb":{"@id":"https:\/\/centrourbano.com\/revista\/vivienda\/javer-alcanza-1839-mdp-ingresos-2t2017\/#breadcrumb"},"inLanguage":"es","potentialAction":[{"@type":"ReadAction","target":["https:\/\/centrourbano.com\/revista\/vivienda\/javer-alcanza-1839-mdp-ingresos-2t2017\/"]}]},{"@type":"ImageObject","inLanguage":"es","@id":"https:\/\/centrourbano.com\/revista\/vivienda\/javer-alcanza-1839-mdp-ingresos-2t2017\/#primaryimage","url":"https:\/\/centrourbano.com\/revista\/wp-content\/uploads\/Stand-Javer.jpg","contentUrl":"https:\/\/centrourbano.com\/revista\/wp-content\/uploads\/Stand-Javer.jpg","width":1600,"height":1200},{"@type":"BreadcrumbList","@id":"https:\/\/centrourbano.com\/revista\/vivienda\/javer-alcanza-1839-mdp-ingresos-2t2017\/#breadcrumb","itemListElement":[{"@type":"ListItem","position":1,"name":"Portada","item":"https:\/\/centrourbano.com\/revista\/"},{"@type":"ListItem","position":2,"name":"Javer alcanza 1,839 mdp de ingresos en 2T2017"}]},{"@type":"WebSite","@id":"https:\/\/centrourbano.com\/revista\/#website","url":"https:\/\/centrourbano.com\/revista\/","name":"Centro Urbano","description":"Medio especializado en los sectores vivienda, inmobiliario, construcci\u00f3n, arquitectura y urbanismo.","publisher":{"@id":"https:\/\/centrourbano.com\/revista\/#organization"},"potentialAction":[{"@type":"SearchAction","target":{"@type":"EntryPoint","urlTemplate":"https:\/\/centrourbano.com\/revista\/?s={search_term_string}"},"query-input":{"@type":"PropertyValueSpecification","valueRequired":true,"valueName":"search_term_string"}}],"inLanguage":"es"},{"@type":"Organization","@id":"https:\/\/centrourbano.com\/revista\/#organization","name":"Centro Urbano","url":"https:\/\/centrourbano.com\/revista\/","logo":{"@type":"ImageObject","inLanguage":"es","@id":"https:\/\/centrourbano.com\/revista\/#\/schema\/logo\/image\/","url":"https:\/\/centrourbano.com\/revista\/wp-content\/uploads\/web_CU_logo-1.png","contentUrl":"https:\/\/centrourbano.com\/revista\/wp-content\/uploads\/web_CU_logo-1.png","width":350,"height":91,"caption":"Centro Urbano"},"image":{"@id":"https:\/\/centrourbano.com\/revista\/#\/schema\/logo\/image\/"},"sameAs":["https:\/\/www.facebook.com\/portalcentrourbano","https:\/\/x.com\/CentroUrbano","https:\/\/www.instagram.com\/centro_urbano\/","https:\/\/www.linkedin.com\/company\/centro-urbano\/","http:\/\/www.youtube.com\/user\/portalcentrourbano"]},{"@type":"Person","@id":"https:\/\/centrourbano.com\/revista\/#\/schema\/person\/ff3c00651ce5b1630479d2cd0c2e3ac0","name":"Edgar Rosas","image":{"@type":"ImageObject","inLanguage":"es","@id":"https:\/\/secure.gravatar.com\/avatar\/94440c4283495211faa5300bf85e80061036b83fced868c3783aa1310b350d9c?s=96&d=mm&r=g","url":"https:\/\/secure.gravatar.com\/avatar\/94440c4283495211faa5300bf85e80061036b83fced868c3783aa1310b350d9c?s=96&d=mm&r=g","contentUrl":"https:\/\/secure.gravatar.com\/avatar\/94440c4283495211faa5300bf85e80061036b83fced868c3783aa1310b350d9c?s=96&d=mm&r=g","caption":"Edgar Rosas"},"description":"Editor en Jefe de Centro Urbano. Egresado de la maestr\u00eda en Periodismo Pol\u00edtico de la Escuela de Periodismo Carlos Septi\u00e9n Garc\u00eda (EPCSG). Estudi\u00f3 la licenciatura en Comunicaci\u00f3n en la Universidad Mexicana. Amante de la cr\u00f3nica y el reportaje. Admirador de Vicente Le\u00f1ero y Miguel \u00c1ngel Granados Chapa.","sameAs":["https:\/\/x.com\/https:\/\/twitter.com\/ERosasCU?s=09"],"url":"https:\/\/centrourbano.com\/revista\/author\/edgar-rosas\/"}]}},"_links":{"self":[{"href":"https:\/\/centrourbano.com\/revista\/wp-json\/wp\/v2\/posts\/57096","targetHints":{"allow":["GET"]}}],"collection":[{"href":"https:\/\/centrourbano.com\/revista\/wp-json\/wp\/v2\/posts"}],"about":[{"href":"https:\/\/centrourbano.com\/revista\/wp-json\/wp\/v2\/types\/post"}],"author":[{"embeddable":true,"href":"https:\/\/centrourbano.com\/revista\/wp-json\/wp\/v2\/users\/47"}],"replies":[{"embeddable":true,"href":"https:\/\/centrourbano.com\/revista\/wp-json\/wp\/v2\/comments?post=57096"}],"version-history":[{"count":0,"href":"https:\/\/centrourbano.com\/revista\/wp-json\/wp\/v2\/posts\/57096\/revisions"}],"wp:featuredmedia":[{"embeddable":true,"href":"https:\/\/centrourbano.com\/revista\/wp-json\/wp\/v2\/media\/20431"}],"wp:attachment":[{"href":"https:\/\/centrourbano.com\/revista\/wp-json\/wp\/v2\/media?parent=57096"}],"wp:term":[{"taxonomy":"category","embeddable":true,"href":"https:\/\/centrourbano.com\/revista\/wp-json\/wp\/v2\/categories?post=57096"},{"taxonomy":"post_tag","embeddable":true,"href":"https:\/\/centrourbano.com\/revista\/wp-json\/wp\/v2\/tags?post=57096"}],"curies":[{"name":"wp","href":"https:\/\/api.w.org\/{rel}","templated":true}]}}