{"id":57032,"date":"2017-07-25T16:13:00","date_gmt":"2017-07-25T21:13:00","guid":{"rendered":"https:\/\/centrourbano.com\/?p=57032"},"modified":"2017-07-25T16:13:00","modified_gmt":"2017-07-25T21:13:00","slug":"gran-melia-puerto-rico-sufrira-renovacion","status":"publish","type":"post","link":"https:\/\/centrourbano.com\/revista\/inmobiliario\/gran-melia-puerto-rico-sufrira-renovacion\/","title":{"rendered":"Gran Meli\u00e1 Puerto Rico sufrir\u00e1 renovaci\u00f3n"},"content":{"rendered":"<p><em>Rebautizado como Meli\u00e1 Coco Beach, ahora este inmueble formar\u00e1 parte de la marca Meli\u00e1 Hotels &#038; Resorts <\/em><!--more--><\/p>\n<p>Recientemente Meli\u00e1 Hotels International inform\u00f3 que su hotel Gran Meli\u00e1 Puerto Rico ha sido rebautizado como Meli\u00e1 Coco Beach, debido a que participar\u00e1 en un proceso de renovaci\u00f3n.<\/p>\n<p>Este hotel que hasta el momento formaba parte de la marca Gran Meli\u00e1 Hotels &#038; Resorts, ahora presentar\u00e1 una transici\u00f3n hacia los atributos y est\u00e1ndares de la marca Meli\u00e1 Hotels &#038; Resorts. <\/p>\n<p>De esta manera el ahora Meli\u00e1 Coco Beach adoptar\u00e1 nuevos servicios y amenidades, incluyendo el concepto premium THE LEVEL, servicio en el que se incluyen las 120 habitaciones que ser\u00e1n renovadas, as\u00ed como eis Garden Villas con piscina y un sal\u00f3n exclusivo para los hu\u00e9spedes de este concepto. <\/p>\n<p>El servicio premium est\u00e1 disponible para todos los hu\u00e9spedes y est\u00e1 especialmente recomendado para aquellos que buscan unas instalaciones y unas comodidades de categor\u00eda superior como el restaurante privado para el desayuno, un sal\u00f3n privado para el check-in\/check-out, reservas preferentes en los restaurantes, servicio de concierge, aperitivos y bebidas de cortes\u00eda durante todo el d\u00eda y comodidades en la habitaci\u00f3n, entre las que se incluyen un albornoz y pantuflas THE LEVEL. <\/p>\n<p>Adem\u00e1s, la oferta de bares y restaurantes del hotel tambi\u00e9n se actualizar\u00e1, pasando a ofrecer un restaurante buffet, un asador y un restaurante de fusi\u00f3n japonesa-peruana junto con cl\u00e1sicos de la marca como Pasi\u00f3n by Myrta de cocina puertorrique\u00f1a.<\/p>\n<p>El resort tambi\u00e9n contar\u00e1 con un nuevo centro de convenciones, cuya apertura est\u00e1 programa para diciembre de 2017, y el cual dispondr\u00e1 de tecnolog\u00eda de vanguardia para una amplia variedad de reuniones y eventos. <\/p>\n<p>Ra\u00fal \u00c1lvarez, director de Operaciones de Meli\u00e1 Hotels International en Am\u00e9rica, declar\u00f3 que est\u00e1n muy satisfechos de ver c\u00f3mo el hotel de Puerto Rico evoluciona y se transforma en Meli\u00e1 Coco Beach. <\/p>\n<p>Trasciende que el sofisticado resort dispondr\u00e1 del programa Romance by Meli\u00e1, invitando a las parejas a disfrutar de paquetes y servicios especiales dise\u00f1ados espec\u00edficamente para bodas y lunas de miel.<\/p>\n<p>Asimismo, los hu\u00e9spedes disfrutar\u00e1n de la nueva programaci\u00f3n para todas las edades que incluye el conocido programa para ni\u00f1os de Meli\u00e1 Hotels &#038; Resorts con experiencias \u00fanicas para ellos, adem\u00e1s de espacio al aire libre para eventos y el recinto el Mirador, entre otros. <\/p>\n<p>El YHI Spa, que ya se encuentra disponible para los hu\u00e9spedes, incluye una amplia variedad de tratamientos de spa, as\u00ed como tres piscinas, una para ni\u00f1os y la piscina THE LEVEL, y acceso al campo de golf profesional situado en las inmediaciones del hotel. <\/p>\n<p>Cabe destacar que la remodelaci\u00f3n de este resort se llevar\u00e1 a cabo en varias fases en las diferentes \u00e1reas del hotel a lo largo de 2017. <\/p>\n","protected":false},"excerpt":{"rendered":"<p>Rebautizado como Meli\u00e1 Coco Beach, ahora este inmueble formar\u00e1 parte de la marca Meli\u00e1 Hotels &#038; Resorts<\/p>\n","protected":false},"author":9,"featured_media":57033,"comment_status":"open","ping_status":"closed","sticky":false,"template":"","format":"standard","meta":{"om_disable_all_campaigns":false,"inline_featured_image":false,"_monsterinsights_skip_tracking":false,"_monsterinsights_sitenote_active":false,"_monsterinsights_sitenote_note":"","_monsterinsights_sitenote_category":0,"footnotes":""},"categories":[15],"tags":[10661,47,5219,10659,10660,5119,5809,443,10662],"class_list":["post-57032","post","type-post","status-publish","format-standard","has-post-thumbnail","hentry","category-inmobiliario","tag-gran-melia-puerto-rico","tag-hotel","tag-melia","tag-melia-coco-beach","tag-melia-hotels-resorts","tag-melia-hotels-international","tag-puerto-rico","tag-resort","tag-the-level"],"yoast_head":"<!-- This site is optimized with the Yoast SEO plugin v27.5 - https:\/\/yoast.com\/product\/yoast-seo-wordpress\/ -->\n<title>Gran Meli\u00e1 Puerto Rico sufrir\u00e1 renovaci\u00f3n<\/title>\n<meta name=\"description\" content=\"Rebautizado como Meli\u00e1 Coco Beach, ahora este inmueble formar\u00e1 parte de la marca Meli\u00e1 Hotels &amp; Resorts\" \/>\n<meta name=\"robots\" content=\"index, follow, max-snippet:-1, max-image-preview:large, max-video-preview:-1\" \/>\n<link rel=\"canonical\" href=\"https:\/\/centrourbano.com\/revista\/inmobiliario\/gran-melia-puerto-rico-sufrira-renovacion\/\" \/>\n<meta property=\"og:locale\" content=\"es_ES\" \/>\n<meta property=\"og:type\" content=\"article\" \/>\n<meta property=\"og:title\" content=\"Gran Meli\u00e1 Puerto Rico sufrir\u00e1 renovaci\u00f3n\" \/>\n<meta property=\"og:description\" content=\"Rebautizado como Meli\u00e1 Coco Beach, ahora este inmueble formar\u00e1 parte de la marca Meli\u00e1 Hotels &amp; Resorts\" \/>\n<meta property=\"og:url\" content=\"https:\/\/centrourbano.com\/revista\/inmobiliario\/gran-melia-puerto-rico-sufrira-renovacion\/\" \/>\n<meta property=\"og:site_name\" content=\"Centro Urbano\" \/>\n<meta property=\"article:publisher\" content=\"https:\/\/www.facebook.com\/portalcentrourbano\" \/>\n<meta property=\"article:published_time\" content=\"2017-07-25T21:13:00+00:00\" \/>\n<meta property=\"og:image\" content=\"https:\/\/centrourbano.com\/revista\/wp-content\/uploads\/Gran-Meli\u00e1-Puerto-Rico-sufrir\u00e1-renovaci\u00f3n.jpg\" \/>\n\t<meta property=\"og:image:width\" content=\"620\" \/>\n\t<meta property=\"og:image:height\" content=\"360\" \/>\n\t<meta property=\"og:image:type\" content=\"image\/jpeg\" \/>\n<meta name=\"author\" content=\"Dinorah Nava\" \/>\n<meta name=\"twitter:card\" content=\"summary_large_image\" \/>\n<meta name=\"twitter:creator\" content=\"@https:\/\/twitter.com\/Dinorah_Nava28\" \/>\n<meta name=\"twitter:site\" content=\"@CentroUrbano\" \/>\n<meta name=\"twitter:label1\" content=\"Escrito por\" \/>\n\t<meta name=\"twitter:data1\" content=\"Dinorah Nava\" \/>\n\t<meta name=\"twitter:label2\" content=\"Tiempo de lectura\" \/>\n\t<meta name=\"twitter:data2\" content=\"2 minutos\" \/>\n<script type=\"application\/ld+json\" class=\"yoast-schema-graph\">{\"@context\":\"https:\\\/\\\/schema.org\",\"@graph\":[{\"@type\":\"Article\",\"@id\":\"https:\\\/\\\/centrourbano.com\\\/revista\\\/inmobiliario\\\/gran-melia-puerto-rico-sufrira-renovacion\\\/#article\",\"isPartOf\":{\"@id\":\"https:\\\/\\\/centrourbano.com\\\/revista\\\/inmobiliario\\\/gran-melia-puerto-rico-sufrira-renovacion\\\/\"},\"author\":{\"name\":\"Dinorah Nava\",\"@id\":\"https:\\\/\\\/centrourbano.com\\\/revista\\\/#\\\/schema\\\/person\\\/baa9e569588d5544150642a11ad28b8b\"},\"headline\":\"Gran Meli\u00e1 Puerto Rico sufrir\u00e1 renovaci\u00f3n\",\"datePublished\":\"2017-07-25T21:13:00+00:00\",\"mainEntityOfPage\":{\"@id\":\"https:\\\/\\\/centrourbano.com\\\/revista\\\/inmobiliario\\\/gran-melia-puerto-rico-sufrira-renovacion\\\/\"},\"wordCount\":480,\"commentCount\":0,\"publisher\":{\"@id\":\"https:\\\/\\\/centrourbano.com\\\/revista\\\/#organization\"},\"image\":{\"@id\":\"https:\\\/\\\/centrourbano.com\\\/revista\\\/inmobiliario\\\/gran-melia-puerto-rico-sufrira-renovacion\\\/#primaryimage\"},\"thumbnailUrl\":\"https:\\\/\\\/centrourbano.com\\\/revista\\\/wp-content\\\/uploads\\\/Gran-Meli\u00e1-Puerto-Rico-sufrir\u00e1-renovaci\u00f3n.jpg\",\"keywords\":[\"Gran Meli\u00e1 Puerto Rico\",\"hotel\",\"Meli\u00e1\",\"Meli\u00e1 Coco Beach\",\"Meli\u00e1 Hotels &amp; Resorts\",\"Meli\u00e1 Hotels International\",\"Puerto Rico\",\"resort\",\"The Level\"],\"articleSection\":[\"Inmobiliario\"],\"inLanguage\":\"es\",\"potentialAction\":[{\"@type\":\"CommentAction\",\"name\":\"Comment\",\"target\":[\"https:\\\/\\\/centrourbano.com\\\/revista\\\/inmobiliario\\\/gran-melia-puerto-rico-sufrira-renovacion\\\/#respond\"]}]},{\"@type\":\"WebPage\",\"@id\":\"https:\\\/\\\/centrourbano.com\\\/revista\\\/inmobiliario\\\/gran-melia-puerto-rico-sufrira-renovacion\\\/\",\"url\":\"https:\\\/\\\/centrourbano.com\\\/revista\\\/inmobiliario\\\/gran-melia-puerto-rico-sufrira-renovacion\\\/\",\"name\":\"Gran Meli\u00e1 Puerto Rico sufrir\u00e1 renovaci\u00f3n\",\"isPartOf\":{\"@id\":\"https:\\\/\\\/centrourbano.com\\\/revista\\\/#website\"},\"primaryImageOfPage\":{\"@id\":\"https:\\\/\\\/centrourbano.com\\\/revista\\\/inmobiliario\\\/gran-melia-puerto-rico-sufrira-renovacion\\\/#primaryimage\"},\"image\":{\"@id\":\"https:\\\/\\\/centrourbano.com\\\/revista\\\/inmobiliario\\\/gran-melia-puerto-rico-sufrira-renovacion\\\/#primaryimage\"},\"thumbnailUrl\":\"https:\\\/\\\/centrourbano.com\\\/revista\\\/wp-content\\\/uploads\\\/Gran-Meli\u00e1-Puerto-Rico-sufrir\u00e1-renovaci\u00f3n.jpg\",\"datePublished\":\"2017-07-25T21:13:00+00:00\",\"description\":\"Rebautizado como Meli\u00e1 Coco Beach, ahora este inmueble formar\u00e1 parte de la marca Meli\u00e1 Hotels & Resorts\",\"breadcrumb\":{\"@id\":\"https:\\\/\\\/centrourbano.com\\\/revista\\\/inmobiliario\\\/gran-melia-puerto-rico-sufrira-renovacion\\\/#breadcrumb\"},\"inLanguage\":\"es\",\"potentialAction\":[{\"@type\":\"ReadAction\",\"target\":[\"https:\\\/\\\/centrourbano.com\\\/revista\\\/inmobiliario\\\/gran-melia-puerto-rico-sufrira-renovacion\\\/\"]}]},{\"@type\":\"ImageObject\",\"inLanguage\":\"es\",\"@id\":\"https:\\\/\\\/centrourbano.com\\\/revista\\\/inmobiliario\\\/gran-melia-puerto-rico-sufrira-renovacion\\\/#primaryimage\",\"url\":\"https:\\\/\\\/centrourbano.com\\\/revista\\\/wp-content\\\/uploads\\\/Gran-Meli\u00e1-Puerto-Rico-sufrir\u00e1-renovaci\u00f3n.jpg\",\"contentUrl\":\"https:\\\/\\\/centrourbano.com\\\/revista\\\/wp-content\\\/uploads\\\/Gran-Meli\u00e1-Puerto-Rico-sufrir\u00e1-renovaci\u00f3n.jpg\",\"width\":620,\"height\":360,\"caption\":\"Rebautizado como Meli\u00e1 Coco Beach, ahora este inmueble formar\u00e1 parte de la marca Meli\u00e1 Hotels & Resorts\"},{\"@type\":\"BreadcrumbList\",\"@id\":\"https:\\\/\\\/centrourbano.com\\\/revista\\\/inmobiliario\\\/gran-melia-puerto-rico-sufrira-renovacion\\\/#breadcrumb\",\"itemListElement\":[{\"@type\":\"ListItem\",\"position\":1,\"name\":\"Portada\",\"item\":\"https:\\\/\\\/centrourbano.com\\\/revista\\\/\"},{\"@type\":\"ListItem\",\"position\":2,\"name\":\"Gran Meli\u00e1 Puerto Rico sufrir\u00e1 renovaci\u00f3n\"}]},{\"@type\":\"WebSite\",\"@id\":\"https:\\\/\\\/centrourbano.com\\\/revista\\\/#website\",\"url\":\"https:\\\/\\\/centrourbano.com\\\/revista\\\/\",\"name\":\"Centro Urbano\",\"description\":\"Medio especializado en los sectores vivienda, inmobiliario, construcci\u00f3n, arquitectura y urbanismo.\",\"publisher\":{\"@id\":\"https:\\\/\\\/centrourbano.com\\\/revista\\\/#organization\"},\"potentialAction\":[{\"@type\":\"SearchAction\",\"target\":{\"@type\":\"EntryPoint\",\"urlTemplate\":\"https:\\\/\\\/centrourbano.com\\\/revista\\\/?s={search_term_string}\"},\"query-input\":{\"@type\":\"PropertyValueSpecification\",\"valueRequired\":true,\"valueName\":\"search_term_string\"}}],\"inLanguage\":\"es\"},{\"@type\":\"Organization\",\"@id\":\"https:\\\/\\\/centrourbano.com\\\/revista\\\/#organization\",\"name\":\"Centro Urbano\",\"url\":\"https:\\\/\\\/centrourbano.com\\\/revista\\\/\",\"logo\":{\"@type\":\"ImageObject\",\"inLanguage\":\"es\",\"@id\":\"https:\\\/\\\/centrourbano.com\\\/revista\\\/#\\\/schema\\\/logo\\\/image\\\/\",\"url\":\"https:\\\/\\\/centrourbano.com\\\/revista\\\/wp-content\\\/uploads\\\/web_CU_logo-1.png\",\"contentUrl\":\"https:\\\/\\\/centrourbano.com\\\/revista\\\/wp-content\\\/uploads\\\/web_CU_logo-1.png\",\"width\":350,\"height\":91,\"caption\":\"Centro Urbano\"},\"image\":{\"@id\":\"https:\\\/\\\/centrourbano.com\\\/revista\\\/#\\\/schema\\\/logo\\\/image\\\/\"},\"sameAs\":[\"https:\\\/\\\/www.facebook.com\\\/portalcentrourbano\",\"https:\\\/\\\/x.com\\\/CentroUrbano\",\"https:\\\/\\\/www.instagram.com\\\/centro_urbano\\\/\",\"https:\\\/\\\/www.linkedin.com\\\/company\\\/centro-urbano\\\/\",\"http:\\\/\\\/www.youtube.com\\\/user\\\/portalcentrourbano\"]},{\"@type\":\"Person\",\"@id\":\"https:\\\/\\\/centrourbano.com\\\/revista\\\/#\\\/schema\\\/person\\\/baa9e569588d5544150642a11ad28b8b\",\"name\":\"Dinorah Nava\",\"image\":{\"@type\":\"ImageObject\",\"inLanguage\":\"es\",\"@id\":\"https:\\\/\\\/secure.gravatar.com\\\/avatar\\\/f6ca6430c51d147f363940f84e1225aa4b8183885c11802cc3b042305a4ecc1a?s=96&d=mm&r=g\",\"url\":\"https:\\\/\\\/secure.gravatar.com\\\/avatar\\\/f6ca6430c51d147f363940f84e1225aa4b8183885c11802cc3b042305a4ecc1a?s=96&d=mm&r=g\",\"contentUrl\":\"https:\\\/\\\/secure.gravatar.com\\\/avatar\\\/f6ca6430c51d147f363940f84e1225aa4b8183885c11802cc3b042305a4ecc1a?s=96&d=mm&r=g\",\"caption\":\"Dinorah Nava\"},\"description\":\"Editora de Contenidos y Estrategias Digitales en Centro Urbano y Coeditora en Peri\u00f3dico Mi Casa. Egresada de la licenciatura en Comunicaci\u00f3n y Periodismo de la Facultad de Estudios Superiores Arag\u00f3n (UNAM). Amante de la edici\u00f3n y correcci\u00f3n de estilo, las redes sociales y el mundo digital. Especialista en temas son arquitectura, inmobiliario y urbanismo.\",\"sameAs\":[\"linkedin.com\\\/in\\\/dinorah-nava\",\"https:\\\/\\\/x.com\\\/https:\\\/\\\/twitter.com\\\/Dinorah_Nava28\"],\"url\":\"https:\\\/\\\/centrourbano.com\\\/revista\\\/author\\\/dinorah-nava\\\/\"}]}<\/script>\n<!-- \/ Yoast SEO plugin. -->","yoast_head_json":{"title":"Gran Meli\u00e1 Puerto Rico sufrir\u00e1 renovaci\u00f3n","description":"Rebautizado como Meli\u00e1 Coco Beach, ahora este inmueble formar\u00e1 parte de la marca Meli\u00e1 Hotels & Resorts","robots":{"index":"index","follow":"follow","max-snippet":"max-snippet:-1","max-image-preview":"max-image-preview:large","max-video-preview":"max-video-preview:-1"},"canonical":"https:\/\/centrourbano.com\/revista\/inmobiliario\/gran-melia-puerto-rico-sufrira-renovacion\/","og_locale":"es_ES","og_type":"article","og_title":"Gran Meli\u00e1 Puerto Rico sufrir\u00e1 renovaci\u00f3n","og_description":"Rebautizado como Meli\u00e1 Coco Beach, ahora este inmueble formar\u00e1 parte de la marca Meli\u00e1 Hotels & Resorts","og_url":"https:\/\/centrourbano.com\/revista\/inmobiliario\/gran-melia-puerto-rico-sufrira-renovacion\/","og_site_name":"Centro Urbano","article_publisher":"https:\/\/www.facebook.com\/portalcentrourbano","article_published_time":"2017-07-25T21:13:00+00:00","og_image":[{"width":620,"height":360,"url":"https:\/\/centrourbano.com\/revista\/wp-content\/uploads\/Gran-Meli\u00e1-Puerto-Rico-sufrir\u00e1-renovaci\u00f3n.jpg","type":"image\/jpeg"}],"author":"Dinorah Nava","twitter_card":"summary_large_image","twitter_creator":"@https:\/\/twitter.com\/Dinorah_Nava28","twitter_site":"@CentroUrbano","twitter_misc":{"Escrito por":"Dinorah Nava","Tiempo de lectura":"2 minutos"},"schema":{"@context":"https:\/\/schema.org","@graph":[{"@type":"Article","@id":"https:\/\/centrourbano.com\/revista\/inmobiliario\/gran-melia-puerto-rico-sufrira-renovacion\/#article","isPartOf":{"@id":"https:\/\/centrourbano.com\/revista\/inmobiliario\/gran-melia-puerto-rico-sufrira-renovacion\/"},"author":{"name":"Dinorah Nava","@id":"https:\/\/centrourbano.com\/revista\/#\/schema\/person\/baa9e569588d5544150642a11ad28b8b"},"headline":"Gran Meli\u00e1 Puerto Rico sufrir\u00e1 renovaci\u00f3n","datePublished":"2017-07-25T21:13:00+00:00","mainEntityOfPage":{"@id":"https:\/\/centrourbano.com\/revista\/inmobiliario\/gran-melia-puerto-rico-sufrira-renovacion\/"},"wordCount":480,"commentCount":0,"publisher":{"@id":"https:\/\/centrourbano.com\/revista\/#organization"},"image":{"@id":"https:\/\/centrourbano.com\/revista\/inmobiliario\/gran-melia-puerto-rico-sufrira-renovacion\/#primaryimage"},"thumbnailUrl":"https:\/\/centrourbano.com\/revista\/wp-content\/uploads\/Gran-Meli\u00e1-Puerto-Rico-sufrir\u00e1-renovaci\u00f3n.jpg","keywords":["Gran Meli\u00e1 Puerto Rico","hotel","Meli\u00e1","Meli\u00e1 Coco Beach","Meli\u00e1 Hotels &amp; Resorts","Meli\u00e1 Hotels International","Puerto Rico","resort","The Level"],"articleSection":["Inmobiliario"],"inLanguage":"es","potentialAction":[{"@type":"CommentAction","name":"Comment","target":["https:\/\/centrourbano.com\/revista\/inmobiliario\/gran-melia-puerto-rico-sufrira-renovacion\/#respond"]}]},{"@type":"WebPage","@id":"https:\/\/centrourbano.com\/revista\/inmobiliario\/gran-melia-puerto-rico-sufrira-renovacion\/","url":"https:\/\/centrourbano.com\/revista\/inmobiliario\/gran-melia-puerto-rico-sufrira-renovacion\/","name":"Gran Meli\u00e1 Puerto Rico sufrir\u00e1 renovaci\u00f3n","isPartOf":{"@id":"https:\/\/centrourbano.com\/revista\/#website"},"primaryImageOfPage":{"@id":"https:\/\/centrourbano.com\/revista\/inmobiliario\/gran-melia-puerto-rico-sufrira-renovacion\/#primaryimage"},"image":{"@id":"https:\/\/centrourbano.com\/revista\/inmobiliario\/gran-melia-puerto-rico-sufrira-renovacion\/#primaryimage"},"thumbnailUrl":"https:\/\/centrourbano.com\/revista\/wp-content\/uploads\/Gran-Meli\u00e1-Puerto-Rico-sufrir\u00e1-renovaci\u00f3n.jpg","datePublished":"2017-07-25T21:13:00+00:00","description":"Rebautizado como Meli\u00e1 Coco Beach, ahora este inmueble formar\u00e1 parte de la marca Meli\u00e1 Hotels & Resorts","breadcrumb":{"@id":"https:\/\/centrourbano.com\/revista\/inmobiliario\/gran-melia-puerto-rico-sufrira-renovacion\/#breadcrumb"},"inLanguage":"es","potentialAction":[{"@type":"ReadAction","target":["https:\/\/centrourbano.com\/revista\/inmobiliario\/gran-melia-puerto-rico-sufrira-renovacion\/"]}]},{"@type":"ImageObject","inLanguage":"es","@id":"https:\/\/centrourbano.com\/revista\/inmobiliario\/gran-melia-puerto-rico-sufrira-renovacion\/#primaryimage","url":"https:\/\/centrourbano.com\/revista\/wp-content\/uploads\/Gran-Meli\u00e1-Puerto-Rico-sufrir\u00e1-renovaci\u00f3n.jpg","contentUrl":"https:\/\/centrourbano.com\/revista\/wp-content\/uploads\/Gran-Meli\u00e1-Puerto-Rico-sufrir\u00e1-renovaci\u00f3n.jpg","width":620,"height":360,"caption":"Rebautizado como Meli\u00e1 Coco Beach, ahora este inmueble formar\u00e1 parte de la marca Meli\u00e1 Hotels & Resorts"},{"@type":"BreadcrumbList","@id":"https:\/\/centrourbano.com\/revista\/inmobiliario\/gran-melia-puerto-rico-sufrira-renovacion\/#breadcrumb","itemListElement":[{"@type":"ListItem","position":1,"name":"Portada","item":"https:\/\/centrourbano.com\/revista\/"},{"@type":"ListItem","position":2,"name":"Gran Meli\u00e1 Puerto Rico sufrir\u00e1 renovaci\u00f3n"}]},{"@type":"WebSite","@id":"https:\/\/centrourbano.com\/revista\/#website","url":"https:\/\/centrourbano.com\/revista\/","name":"Centro Urbano","description":"Medio especializado en los sectores vivienda, inmobiliario, construcci\u00f3n, arquitectura y urbanismo.","publisher":{"@id":"https:\/\/centrourbano.com\/revista\/#organization"},"potentialAction":[{"@type":"SearchAction","target":{"@type":"EntryPoint","urlTemplate":"https:\/\/centrourbano.com\/revista\/?s={search_term_string}"},"query-input":{"@type":"PropertyValueSpecification","valueRequired":true,"valueName":"search_term_string"}}],"inLanguage":"es"},{"@type":"Organization","@id":"https:\/\/centrourbano.com\/revista\/#organization","name":"Centro Urbano","url":"https:\/\/centrourbano.com\/revista\/","logo":{"@type":"ImageObject","inLanguage":"es","@id":"https:\/\/centrourbano.com\/revista\/#\/schema\/logo\/image\/","url":"https:\/\/centrourbano.com\/revista\/wp-content\/uploads\/web_CU_logo-1.png","contentUrl":"https:\/\/centrourbano.com\/revista\/wp-content\/uploads\/web_CU_logo-1.png","width":350,"height":91,"caption":"Centro Urbano"},"image":{"@id":"https:\/\/centrourbano.com\/revista\/#\/schema\/logo\/image\/"},"sameAs":["https:\/\/www.facebook.com\/portalcentrourbano","https:\/\/x.com\/CentroUrbano","https:\/\/www.instagram.com\/centro_urbano\/","https:\/\/www.linkedin.com\/company\/centro-urbano\/","http:\/\/www.youtube.com\/user\/portalcentrourbano"]},{"@type":"Person","@id":"https:\/\/centrourbano.com\/revista\/#\/schema\/person\/baa9e569588d5544150642a11ad28b8b","name":"Dinorah Nava","image":{"@type":"ImageObject","inLanguage":"es","@id":"https:\/\/secure.gravatar.com\/avatar\/f6ca6430c51d147f363940f84e1225aa4b8183885c11802cc3b042305a4ecc1a?s=96&d=mm&r=g","url":"https:\/\/secure.gravatar.com\/avatar\/f6ca6430c51d147f363940f84e1225aa4b8183885c11802cc3b042305a4ecc1a?s=96&d=mm&r=g","contentUrl":"https:\/\/secure.gravatar.com\/avatar\/f6ca6430c51d147f363940f84e1225aa4b8183885c11802cc3b042305a4ecc1a?s=96&d=mm&r=g","caption":"Dinorah Nava"},"description":"Editora de Contenidos y Estrategias Digitales en Centro Urbano y Coeditora en Peri\u00f3dico Mi Casa. Egresada de la licenciatura en Comunicaci\u00f3n y Periodismo de la Facultad de Estudios Superiores Arag\u00f3n (UNAM). Amante de la edici\u00f3n y correcci\u00f3n de estilo, las redes sociales y el mundo digital. Especialista en temas son arquitectura, inmobiliario y urbanismo.","sameAs":["linkedin.com\/in\/dinorah-nava","https:\/\/x.com\/https:\/\/twitter.com\/Dinorah_Nava28"],"url":"https:\/\/centrourbano.com\/revista\/author\/dinorah-nava\/"}]}},"_links":{"self":[{"href":"https:\/\/centrourbano.com\/revista\/wp-json\/wp\/v2\/posts\/57032","targetHints":{"allow":["GET"]}}],"collection":[{"href":"https:\/\/centrourbano.com\/revista\/wp-json\/wp\/v2\/posts"}],"about":[{"href":"https:\/\/centrourbano.com\/revista\/wp-json\/wp\/v2\/types\/post"}],"author":[{"embeddable":true,"href":"https:\/\/centrourbano.com\/revista\/wp-json\/wp\/v2\/users\/9"}],"replies":[{"embeddable":true,"href":"https:\/\/centrourbano.com\/revista\/wp-json\/wp\/v2\/comments?post=57032"}],"version-history":[{"count":0,"href":"https:\/\/centrourbano.com\/revista\/wp-json\/wp\/v2\/posts\/57032\/revisions"}],"wp:featuredmedia":[{"embeddable":true,"href":"https:\/\/centrourbano.com\/revista\/wp-json\/wp\/v2\/media\/57033"}],"wp:attachment":[{"href":"https:\/\/centrourbano.com\/revista\/wp-json\/wp\/v2\/media?parent=57032"}],"wp:term":[{"taxonomy":"category","embeddable":true,"href":"https:\/\/centrourbano.com\/revista\/wp-json\/wp\/v2\/categories?post=57032"},{"taxonomy":"post_tag","embeddable":true,"href":"https:\/\/centrourbano.com\/revista\/wp-json\/wp\/v2\/tags?post=57032"}],"curies":[{"name":"wp","href":"https:\/\/api.w.org\/{rel}","templated":true}]}}