{"id":57026,"date":"2017-07-25T15:17:43","date_gmt":"2017-07-25T20:17:43","guid":{"rendered":"https:\/\/centrourbano.com\/?p=57026"},"modified":"2017-07-25T15:31:01","modified_gmt":"2017-07-25T20:31:01","slug":"infonavit-atendera-32000-trabajadores-del-turismo","status":"publish","type":"post","link":"https:\/\/centrourbano.com\/revista\/vivienda\/infonavit-atendera-32000-trabajadores-del-turismo\/","title":{"rendered":"Infonavit atender\u00e1 a 32,000 trabajadores tur\u00edsticos"},"content":{"rendered":"<p><em>El Instituto y la Sectur firmaron un convenio para acercar la oferta crediticia del Infonavit a los trabajadores de esta industria <\/em><!--more--><\/p>\n<p>Con el objetivo de brindar soluciones de vivienda a trabajadores de la industria del turismo, el Instituto del Fondo Nacional de la Vivienda para los Trabajadores (<a href=\"http:\/\/www.infonavit.org.mx\/\" target=\"_blank\">Infonavit<\/a>) y la Secretar\u00eda de Turismo (<a href=\"https:\/\/www.gob.mx\/sectur\" target=\"_blank\">Sectur<\/a>) firmaron el convenio de colaboraci\u00f3n \u201cGrandes Empleadores en el sector turismo\u201d. <\/p>\n<p>Con la firma del acuerdo, explic\u00f3 <a href=\"https:\/\/twitter.com\/davidpenchyna\" target=\"_blank\">David Penchyna Grub,<\/a> director general del Infonavit, el organismo que encabeza acercar\u00e1 la oferta de vivienda a los trabajadores del ramo, en aras de que puedan ejercer un cr\u00e9dito para lograr, entre otras cosas, adquirir una vivienda. <\/p>\n<p>Durante el evento, acto encabezado por el presidente de la Rep\u00fablica, Enrique Pe\u00f1a Nieto, Penchyna Grub, destac\u00f3 que con este acuerdo el Infonavit trabajar\u00e1 con 76,000 empresas del ramo para acercar la oferta crediticia a sus trabajadores. <\/p>\n<p>\u201cCon este convenio de Grande Empleadores, nos vamos a ir a meter a los hoteles, a la industria del turismo, parta estar cerca del trabajador, otorg\u00e1ndole calidez y un servicio para que puedan ejercer sus derechos\u201d, dijo. <\/p>\n<p>El Director del Infonavit explic\u00f3 que en 2017, el Infonavit podr\u00e1 atender a 32,000 trabajadores del ramo del turismo. Sin embargo, dijo, existe el reto de atender a m\u00e1s de 1 mill\u00f3n 100,000 trabajadores vinculados con el sector. <\/p>\n<p>En su turno al micr\u00f3fono, Penchyna Grub subray\u00f3 los esfuerzos realizados para aumentar la generaci\u00f3n de empleos en el pa\u00eds. Expuso que la creaci\u00f3n de 2.8 millones de plazas laborales hablan del \u00e9xito de la pol\u00edtica en la materia implementada por la administraci\u00f3n federal.  <\/p>\n<p>\u201cEl empleo, el turismo, y la vivienda son una ecuaci\u00f3n que va a otorgar el mayor n\u00famero de cr\u00e9ditos en la historia de una administraci\u00f3n federal\u201d, asegur\u00f3 Penchyna. <\/p>\n<p>El directivo record\u00f3 que en 2016, el Infonavit gener\u00f3 una derrama de 184,000 millones de pesos, y que para 2017 la meta es lograr una inversi\u00f3n de m\u00e1s de 220,000 millones de pesos. <\/p>\n","protected":false},"excerpt":{"rendered":"<p>El Instituto y la Sectur firmaron un convenio para acercar la oferta crediticia del Infonavit a los trabajadores de esta industria<\/p>\n","protected":false},"author":47,"featured_media":57027,"comment_status":"open","ping_status":"closed","sticky":false,"template":"","format":"standard","meta":{"om_disable_all_campaigns":false,"inline_featured_image":false,"_monsterinsights_skip_tracking":false,"_monsterinsights_sitenote_active":false,"_monsterinsights_sitenote_note":"","_monsterinsights_sitenote_category":0,"footnotes":""},"categories":[12],"tags":[2798,7853,9357,100,8058,784,60],"class_list":["post-57026","post","type-post","status-publish","format-standard","has-post-thumbnail","hentry","category-vivienda","tag-convenio","tag-david-penchyna-grub","tag-grandes-empleadores","tag-infonavit","tag-sector-turismo","tag-sectur","tag-vivienda-2"],"yoast_head":"<!-- This site is optimized with the Yoast SEO plugin v27.4 - https:\/\/yoast.com\/product\/yoast-seo-wordpress\/ -->\n<title>Infonavit atender\u00e1 a 32,000 trabajadores tur\u00edsticos -<\/title>\n<meta name=\"description\" content=\"Con el objetivo de brindar soluciones de vivienda a trabajadores de la industria del turismo, el Instituto del Fondo Nacional de la Vivienda para los Trabajadores (Infonavit) y la Secretar\u00eda de Turismo (Sectur) firmaron el convenio de colaboraci\u00f3n \u201cGrandes Empleadores en el sector turismo\u201d.\" \/>\n<meta name=\"robots\" content=\"index, follow, max-snippet:-1, max-image-preview:large, max-video-preview:-1\" \/>\n<link rel=\"canonical\" href=\"https:\/\/centrourbano.com\/revista\/vivienda\/infonavit-atendera-32000-trabajadores-del-turismo\/\" \/>\n<meta property=\"og:locale\" content=\"es_ES\" \/>\n<meta property=\"og:type\" content=\"article\" \/>\n<meta property=\"og:title\" content=\"Infonavit atender\u00e1 a 32,000 trabajadores tur\u00edsticos -\" \/>\n<meta property=\"og:description\" content=\"Con el objetivo de brindar soluciones de vivienda a trabajadores de la industria del turismo, el Instituto del Fondo Nacional de la Vivienda para los Trabajadores (Infonavit) y la Secretar\u00eda de Turismo (Sectur) firmaron el convenio de colaboraci\u00f3n \u201cGrandes Empleadores en el sector turismo\u201d.\" \/>\n<meta property=\"og:url\" content=\"https:\/\/centrourbano.com\/revista\/vivienda\/infonavit-atendera-32000-trabajadores-del-turismo\/\" \/>\n<meta property=\"og:site_name\" content=\"Centro Urbano\" \/>\n<meta property=\"article:publisher\" content=\"https:\/\/www.facebook.com\/portalcentrourbano\" \/>\n<meta property=\"article:published_time\" content=\"2017-07-25T20:17:43+00:00\" \/>\n<meta property=\"article:modified_time\" content=\"2017-07-25T20:31:01+00:00\" \/>\n<meta property=\"og:image\" content=\"https:\/\/centrourbano.com\/revista\/wp-content\/uploads\/Infonavit_Sectur_GrandesEmpleadores.jpeg\" \/>\n\t<meta property=\"og:image:width\" content=\"800\" \/>\n\t<meta property=\"og:image:height\" content=\"600\" \/>\n\t<meta property=\"og:image:type\" content=\"image\/jpeg\" \/>\n<meta name=\"author\" content=\"Edgar Rosas\" \/>\n<meta name=\"twitter:card\" content=\"summary_large_image\" \/>\n<meta name=\"twitter:creator\" content=\"@https:\/\/twitter.com\/ERosasCU?s=09\" \/>\n<meta name=\"twitter:site\" content=\"@CentroUrbano\" \/>\n<meta name=\"twitter:label1\" content=\"Escrito por\" \/>\n\t<meta name=\"twitter:data1\" content=\"Edgar Rosas\" \/>\n\t<meta name=\"twitter:label2\" content=\"Tiempo de lectura\" \/>\n\t<meta name=\"twitter:data2\" content=\"2 minutos\" \/>\n<script type=\"application\/ld+json\" class=\"yoast-schema-graph\">{\"@context\":\"https:\\\/\\\/schema.org\",\"@graph\":[{\"@type\":\"Article\",\"@id\":\"https:\\\/\\\/centrourbano.com\\\/revista\\\/vivienda\\\/infonavit-atendera-32000-trabajadores-del-turismo\\\/#article\",\"isPartOf\":{\"@id\":\"https:\\\/\\\/centrourbano.com\\\/revista\\\/vivienda\\\/infonavit-atendera-32000-trabajadores-del-turismo\\\/\"},\"author\":{\"name\":\"Edgar Rosas\",\"@id\":\"https:\\\/\\\/centrourbano.com\\\/revista\\\/#\\\/schema\\\/person\\\/ff3c00651ce5b1630479d2cd0c2e3ac0\"},\"headline\":\"Infonavit atender\u00e1 a 32,000 trabajadores tur\u00edsticos\",\"datePublished\":\"2017-07-25T20:17:43+00:00\",\"dateModified\":\"2017-07-25T20:31:01+00:00\",\"mainEntityOfPage\":{\"@id\":\"https:\\\/\\\/centrourbano.com\\\/revista\\\/vivienda\\\/infonavit-atendera-32000-trabajadores-del-turismo\\\/\"},\"wordCount\":341,\"commentCount\":0,\"publisher\":{\"@id\":\"https:\\\/\\\/centrourbano.com\\\/revista\\\/#organization\"},\"image\":{\"@id\":\"https:\\\/\\\/centrourbano.com\\\/revista\\\/vivienda\\\/infonavit-atendera-32000-trabajadores-del-turismo\\\/#primaryimage\"},\"thumbnailUrl\":\"https:\\\/\\\/centrourbano.com\\\/revista\\\/wp-content\\\/uploads\\\/Infonavit_Sectur_GrandesEmpleadores.jpeg\",\"keywords\":[\"Convenio\",\"David Penchyna Grub\",\"Grandes Empleadores\",\"Infonavit\",\"sector turismo\",\"Sectur\",\"vivienda\"],\"articleSection\":[\"Vivienda\"],\"inLanguage\":\"es\",\"potentialAction\":[{\"@type\":\"CommentAction\",\"name\":\"Comment\",\"target\":[\"https:\\\/\\\/centrourbano.com\\\/revista\\\/vivienda\\\/infonavit-atendera-32000-trabajadores-del-turismo\\\/#respond\"]}]},{\"@type\":\"WebPage\",\"@id\":\"https:\\\/\\\/centrourbano.com\\\/revista\\\/vivienda\\\/infonavit-atendera-32000-trabajadores-del-turismo\\\/\",\"url\":\"https:\\\/\\\/centrourbano.com\\\/revista\\\/vivienda\\\/infonavit-atendera-32000-trabajadores-del-turismo\\\/\",\"name\":\"Infonavit atender\u00e1 a 32,000 trabajadores tur\u00edsticos -\",\"isPartOf\":{\"@id\":\"https:\\\/\\\/centrourbano.com\\\/revista\\\/#website\"},\"primaryImageOfPage\":{\"@id\":\"https:\\\/\\\/centrourbano.com\\\/revista\\\/vivienda\\\/infonavit-atendera-32000-trabajadores-del-turismo\\\/#primaryimage\"},\"image\":{\"@id\":\"https:\\\/\\\/centrourbano.com\\\/revista\\\/vivienda\\\/infonavit-atendera-32000-trabajadores-del-turismo\\\/#primaryimage\"},\"thumbnailUrl\":\"https:\\\/\\\/centrourbano.com\\\/revista\\\/wp-content\\\/uploads\\\/Infonavit_Sectur_GrandesEmpleadores.jpeg\",\"datePublished\":\"2017-07-25T20:17:43+00:00\",\"dateModified\":\"2017-07-25T20:31:01+00:00\",\"description\":\"Con el objetivo de brindar soluciones de vivienda a trabajadores de la industria del turismo, el Instituto del Fondo Nacional de la Vivienda para los Trabajadores (Infonavit) y la Secretar\u00eda de Turismo (Sectur) firmaron el convenio de colaboraci\u00f3n \u201cGrandes Empleadores en el sector turismo\u201d.\",\"breadcrumb\":{\"@id\":\"https:\\\/\\\/centrourbano.com\\\/revista\\\/vivienda\\\/infonavit-atendera-32000-trabajadores-del-turismo\\\/#breadcrumb\"},\"inLanguage\":\"es\",\"potentialAction\":[{\"@type\":\"ReadAction\",\"target\":[\"https:\\\/\\\/centrourbano.com\\\/revista\\\/vivienda\\\/infonavit-atendera-32000-trabajadores-del-turismo\\\/\"]}]},{\"@type\":\"ImageObject\",\"inLanguage\":\"es\",\"@id\":\"https:\\\/\\\/centrourbano.com\\\/revista\\\/vivienda\\\/infonavit-atendera-32000-trabajadores-del-turismo\\\/#primaryimage\",\"url\":\"https:\\\/\\\/centrourbano.com\\\/revista\\\/wp-content\\\/uploads\\\/Infonavit_Sectur_GrandesEmpleadores.jpeg\",\"contentUrl\":\"https:\\\/\\\/centrourbano.com\\\/revista\\\/wp-content\\\/uploads\\\/Infonavit_Sectur_GrandesEmpleadores.jpeg\",\"width\":800,\"height\":600,\"caption\":\"El Instituto y la Sectur firmaron un convenio para acercar la oferta crediticia del Infonavit a los trabajadores de esta industria\"},{\"@type\":\"BreadcrumbList\",\"@id\":\"https:\\\/\\\/centrourbano.com\\\/revista\\\/vivienda\\\/infonavit-atendera-32000-trabajadores-del-turismo\\\/#breadcrumb\",\"itemListElement\":[{\"@type\":\"ListItem\",\"position\":1,\"name\":\"Portada\",\"item\":\"https:\\\/\\\/centrourbano.com\\\/revista\\\/\"},{\"@type\":\"ListItem\",\"position\":2,\"name\":\"Infonavit atender\u00e1 a 32,000 trabajadores tur\u00edsticos\"}]},{\"@type\":\"WebSite\",\"@id\":\"https:\\\/\\\/centrourbano.com\\\/revista\\\/#website\",\"url\":\"https:\\\/\\\/centrourbano.com\\\/revista\\\/\",\"name\":\"Centro Urbano\",\"description\":\"Medio especializado en los sectores vivienda, inmobiliario, construcci\u00f3n, arquitectura y urbanismo.\",\"publisher\":{\"@id\":\"https:\\\/\\\/centrourbano.com\\\/revista\\\/#organization\"},\"potentialAction\":[{\"@type\":\"SearchAction\",\"target\":{\"@type\":\"EntryPoint\",\"urlTemplate\":\"https:\\\/\\\/centrourbano.com\\\/revista\\\/?s={search_term_string}\"},\"query-input\":{\"@type\":\"PropertyValueSpecification\",\"valueRequired\":true,\"valueName\":\"search_term_string\"}}],\"inLanguage\":\"es\"},{\"@type\":\"Organization\",\"@id\":\"https:\\\/\\\/centrourbano.com\\\/revista\\\/#organization\",\"name\":\"Centro Urbano\",\"url\":\"https:\\\/\\\/centrourbano.com\\\/revista\\\/\",\"logo\":{\"@type\":\"ImageObject\",\"inLanguage\":\"es\",\"@id\":\"https:\\\/\\\/centrourbano.com\\\/revista\\\/#\\\/schema\\\/logo\\\/image\\\/\",\"url\":\"https:\\\/\\\/centrourbano.com\\\/revista\\\/wp-content\\\/uploads\\\/web_CU_logo-1.png\",\"contentUrl\":\"https:\\\/\\\/centrourbano.com\\\/revista\\\/wp-content\\\/uploads\\\/web_CU_logo-1.png\",\"width\":350,\"height\":91,\"caption\":\"Centro Urbano\"},\"image\":{\"@id\":\"https:\\\/\\\/centrourbano.com\\\/revista\\\/#\\\/schema\\\/logo\\\/image\\\/\"},\"sameAs\":[\"https:\\\/\\\/www.facebook.com\\\/portalcentrourbano\",\"https:\\\/\\\/x.com\\\/CentroUrbano\",\"https:\\\/\\\/www.instagram.com\\\/centro_urbano\\\/\",\"https:\\\/\\\/www.linkedin.com\\\/company\\\/centro-urbano\\\/\",\"http:\\\/\\\/www.youtube.com\\\/user\\\/portalcentrourbano\"]},{\"@type\":\"Person\",\"@id\":\"https:\\\/\\\/centrourbano.com\\\/revista\\\/#\\\/schema\\\/person\\\/ff3c00651ce5b1630479d2cd0c2e3ac0\",\"name\":\"Edgar Rosas\",\"image\":{\"@type\":\"ImageObject\",\"inLanguage\":\"es\",\"@id\":\"https:\\\/\\\/secure.gravatar.com\\\/avatar\\\/94440c4283495211faa5300bf85e80061036b83fced868c3783aa1310b350d9c?s=96&d=mm&r=g\",\"url\":\"https:\\\/\\\/secure.gravatar.com\\\/avatar\\\/94440c4283495211faa5300bf85e80061036b83fced868c3783aa1310b350d9c?s=96&d=mm&r=g\",\"contentUrl\":\"https:\\\/\\\/secure.gravatar.com\\\/avatar\\\/94440c4283495211faa5300bf85e80061036b83fced868c3783aa1310b350d9c?s=96&d=mm&r=g\",\"caption\":\"Edgar Rosas\"},\"description\":\"Editor en Jefe de Centro Urbano. Egresado de la maestr\u00eda en Periodismo Pol\u00edtico de la Escuela de Periodismo Carlos Septi\u00e9n Garc\u00eda (EPCSG). Estudi\u00f3 la licenciatura en Comunicaci\u00f3n en la Universidad Mexicana. Amante de la cr\u00f3nica y el reportaje. Admirador de Vicente Le\u00f1ero y Miguel \u00c1ngel Granados Chapa.\",\"sameAs\":[\"https:\\\/\\\/x.com\\\/https:\\\/\\\/twitter.com\\\/ERosasCU?s=09\"],\"url\":\"https:\\\/\\\/centrourbano.com\\\/revista\\\/author\\\/edgar-rosas\\\/\"}]}<\/script>\n<!-- \/ Yoast SEO plugin. -->","yoast_head_json":{"title":"Infonavit atender\u00e1 a 32,000 trabajadores tur\u00edsticos -","description":"Con el objetivo de brindar soluciones de vivienda a trabajadores de la industria del turismo, el Instituto del Fondo Nacional de la Vivienda para los Trabajadores (Infonavit) y la Secretar\u00eda de Turismo (Sectur) firmaron el convenio de colaboraci\u00f3n \u201cGrandes Empleadores en el sector turismo\u201d.","robots":{"index":"index","follow":"follow","max-snippet":"max-snippet:-1","max-image-preview":"max-image-preview:large","max-video-preview":"max-video-preview:-1"},"canonical":"https:\/\/centrourbano.com\/revista\/vivienda\/infonavit-atendera-32000-trabajadores-del-turismo\/","og_locale":"es_ES","og_type":"article","og_title":"Infonavit atender\u00e1 a 32,000 trabajadores tur\u00edsticos -","og_description":"Con el objetivo de brindar soluciones de vivienda a trabajadores de la industria del turismo, el Instituto del Fondo Nacional de la Vivienda para los Trabajadores (Infonavit) y la Secretar\u00eda de Turismo (Sectur) firmaron el convenio de colaboraci\u00f3n \u201cGrandes Empleadores en el sector turismo\u201d.","og_url":"https:\/\/centrourbano.com\/revista\/vivienda\/infonavit-atendera-32000-trabajadores-del-turismo\/","og_site_name":"Centro Urbano","article_publisher":"https:\/\/www.facebook.com\/portalcentrourbano","article_published_time":"2017-07-25T20:17:43+00:00","article_modified_time":"2017-07-25T20:31:01+00:00","og_image":[{"width":800,"height":600,"url":"https:\/\/centrourbano.com\/revista\/wp-content\/uploads\/Infonavit_Sectur_GrandesEmpleadores.jpeg","type":"image\/jpeg"}],"author":"Edgar Rosas","twitter_card":"summary_large_image","twitter_creator":"@https:\/\/twitter.com\/ERosasCU?s=09","twitter_site":"@CentroUrbano","twitter_misc":{"Escrito por":"Edgar Rosas","Tiempo de lectura":"2 minutos"},"schema":{"@context":"https:\/\/schema.org","@graph":[{"@type":"Article","@id":"https:\/\/centrourbano.com\/revista\/vivienda\/infonavit-atendera-32000-trabajadores-del-turismo\/#article","isPartOf":{"@id":"https:\/\/centrourbano.com\/revista\/vivienda\/infonavit-atendera-32000-trabajadores-del-turismo\/"},"author":{"name":"Edgar Rosas","@id":"https:\/\/centrourbano.com\/revista\/#\/schema\/person\/ff3c00651ce5b1630479d2cd0c2e3ac0"},"headline":"Infonavit atender\u00e1 a 32,000 trabajadores tur\u00edsticos","datePublished":"2017-07-25T20:17:43+00:00","dateModified":"2017-07-25T20:31:01+00:00","mainEntityOfPage":{"@id":"https:\/\/centrourbano.com\/revista\/vivienda\/infonavit-atendera-32000-trabajadores-del-turismo\/"},"wordCount":341,"commentCount":0,"publisher":{"@id":"https:\/\/centrourbano.com\/revista\/#organization"},"image":{"@id":"https:\/\/centrourbano.com\/revista\/vivienda\/infonavit-atendera-32000-trabajadores-del-turismo\/#primaryimage"},"thumbnailUrl":"https:\/\/centrourbano.com\/revista\/wp-content\/uploads\/Infonavit_Sectur_GrandesEmpleadores.jpeg","keywords":["Convenio","David Penchyna Grub","Grandes Empleadores","Infonavit","sector turismo","Sectur","vivienda"],"articleSection":["Vivienda"],"inLanguage":"es","potentialAction":[{"@type":"CommentAction","name":"Comment","target":["https:\/\/centrourbano.com\/revista\/vivienda\/infonavit-atendera-32000-trabajadores-del-turismo\/#respond"]}]},{"@type":"WebPage","@id":"https:\/\/centrourbano.com\/revista\/vivienda\/infonavit-atendera-32000-trabajadores-del-turismo\/","url":"https:\/\/centrourbano.com\/revista\/vivienda\/infonavit-atendera-32000-trabajadores-del-turismo\/","name":"Infonavit atender\u00e1 a 32,000 trabajadores tur\u00edsticos -","isPartOf":{"@id":"https:\/\/centrourbano.com\/revista\/#website"},"primaryImageOfPage":{"@id":"https:\/\/centrourbano.com\/revista\/vivienda\/infonavit-atendera-32000-trabajadores-del-turismo\/#primaryimage"},"image":{"@id":"https:\/\/centrourbano.com\/revista\/vivienda\/infonavit-atendera-32000-trabajadores-del-turismo\/#primaryimage"},"thumbnailUrl":"https:\/\/centrourbano.com\/revista\/wp-content\/uploads\/Infonavit_Sectur_GrandesEmpleadores.jpeg","datePublished":"2017-07-25T20:17:43+00:00","dateModified":"2017-07-25T20:31:01+00:00","description":"Con el objetivo de brindar soluciones de vivienda a trabajadores de la industria del turismo, el Instituto del Fondo Nacional de la Vivienda para los Trabajadores (Infonavit) y la Secretar\u00eda de Turismo (Sectur) firmaron el convenio de colaboraci\u00f3n \u201cGrandes Empleadores en el sector turismo\u201d.","breadcrumb":{"@id":"https:\/\/centrourbano.com\/revista\/vivienda\/infonavit-atendera-32000-trabajadores-del-turismo\/#breadcrumb"},"inLanguage":"es","potentialAction":[{"@type":"ReadAction","target":["https:\/\/centrourbano.com\/revista\/vivienda\/infonavit-atendera-32000-trabajadores-del-turismo\/"]}]},{"@type":"ImageObject","inLanguage":"es","@id":"https:\/\/centrourbano.com\/revista\/vivienda\/infonavit-atendera-32000-trabajadores-del-turismo\/#primaryimage","url":"https:\/\/centrourbano.com\/revista\/wp-content\/uploads\/Infonavit_Sectur_GrandesEmpleadores.jpeg","contentUrl":"https:\/\/centrourbano.com\/revista\/wp-content\/uploads\/Infonavit_Sectur_GrandesEmpleadores.jpeg","width":800,"height":600,"caption":"El Instituto y la Sectur firmaron un convenio para acercar la oferta crediticia del Infonavit a los trabajadores de esta industria"},{"@type":"BreadcrumbList","@id":"https:\/\/centrourbano.com\/revista\/vivienda\/infonavit-atendera-32000-trabajadores-del-turismo\/#breadcrumb","itemListElement":[{"@type":"ListItem","position":1,"name":"Portada","item":"https:\/\/centrourbano.com\/revista\/"},{"@type":"ListItem","position":2,"name":"Infonavit atender\u00e1 a 32,000 trabajadores tur\u00edsticos"}]},{"@type":"WebSite","@id":"https:\/\/centrourbano.com\/revista\/#website","url":"https:\/\/centrourbano.com\/revista\/","name":"Centro Urbano","description":"Medio especializado en los sectores vivienda, inmobiliario, construcci\u00f3n, arquitectura y urbanismo.","publisher":{"@id":"https:\/\/centrourbano.com\/revista\/#organization"},"potentialAction":[{"@type":"SearchAction","target":{"@type":"EntryPoint","urlTemplate":"https:\/\/centrourbano.com\/revista\/?s={search_term_string}"},"query-input":{"@type":"PropertyValueSpecification","valueRequired":true,"valueName":"search_term_string"}}],"inLanguage":"es"},{"@type":"Organization","@id":"https:\/\/centrourbano.com\/revista\/#organization","name":"Centro Urbano","url":"https:\/\/centrourbano.com\/revista\/","logo":{"@type":"ImageObject","inLanguage":"es","@id":"https:\/\/centrourbano.com\/revista\/#\/schema\/logo\/image\/","url":"https:\/\/centrourbano.com\/revista\/wp-content\/uploads\/web_CU_logo-1.png","contentUrl":"https:\/\/centrourbano.com\/revista\/wp-content\/uploads\/web_CU_logo-1.png","width":350,"height":91,"caption":"Centro Urbano"},"image":{"@id":"https:\/\/centrourbano.com\/revista\/#\/schema\/logo\/image\/"},"sameAs":["https:\/\/www.facebook.com\/portalcentrourbano","https:\/\/x.com\/CentroUrbano","https:\/\/www.instagram.com\/centro_urbano\/","https:\/\/www.linkedin.com\/company\/centro-urbano\/","http:\/\/www.youtube.com\/user\/portalcentrourbano"]},{"@type":"Person","@id":"https:\/\/centrourbano.com\/revista\/#\/schema\/person\/ff3c00651ce5b1630479d2cd0c2e3ac0","name":"Edgar Rosas","image":{"@type":"ImageObject","inLanguage":"es","@id":"https:\/\/secure.gravatar.com\/avatar\/94440c4283495211faa5300bf85e80061036b83fced868c3783aa1310b350d9c?s=96&d=mm&r=g","url":"https:\/\/secure.gravatar.com\/avatar\/94440c4283495211faa5300bf85e80061036b83fced868c3783aa1310b350d9c?s=96&d=mm&r=g","contentUrl":"https:\/\/secure.gravatar.com\/avatar\/94440c4283495211faa5300bf85e80061036b83fced868c3783aa1310b350d9c?s=96&d=mm&r=g","caption":"Edgar Rosas"},"description":"Editor en Jefe de Centro Urbano. Egresado de la maestr\u00eda en Periodismo Pol\u00edtico de la Escuela de Periodismo Carlos Septi\u00e9n Garc\u00eda (EPCSG). Estudi\u00f3 la licenciatura en Comunicaci\u00f3n en la Universidad Mexicana. Amante de la cr\u00f3nica y el reportaje. Admirador de Vicente Le\u00f1ero y Miguel \u00c1ngel Granados Chapa.","sameAs":["https:\/\/x.com\/https:\/\/twitter.com\/ERosasCU?s=09"],"url":"https:\/\/centrourbano.com\/revista\/author\/edgar-rosas\/"}]}},"_links":{"self":[{"href":"https:\/\/centrourbano.com\/revista\/wp-json\/wp\/v2\/posts\/57026","targetHints":{"allow":["GET"]}}],"collection":[{"href":"https:\/\/centrourbano.com\/revista\/wp-json\/wp\/v2\/posts"}],"about":[{"href":"https:\/\/centrourbano.com\/revista\/wp-json\/wp\/v2\/types\/post"}],"author":[{"embeddable":true,"href":"https:\/\/centrourbano.com\/revista\/wp-json\/wp\/v2\/users\/47"}],"replies":[{"embeddable":true,"href":"https:\/\/centrourbano.com\/revista\/wp-json\/wp\/v2\/comments?post=57026"}],"version-history":[{"count":0,"href":"https:\/\/centrourbano.com\/revista\/wp-json\/wp\/v2\/posts\/57026\/revisions"}],"wp:featuredmedia":[{"embeddable":true,"href":"https:\/\/centrourbano.com\/revista\/wp-json\/wp\/v2\/media\/57027"}],"wp:attachment":[{"href":"https:\/\/centrourbano.com\/revista\/wp-json\/wp\/v2\/media?parent=57026"}],"wp:term":[{"taxonomy":"category","embeddable":true,"href":"https:\/\/centrourbano.com\/revista\/wp-json\/wp\/v2\/categories?post=57026"},{"taxonomy":"post_tag","embeddable":true,"href":"https:\/\/centrourbano.com\/revista\/wp-json\/wp\/v2\/tags?post=57026"}],"curies":[{"name":"wp","href":"https:\/\/api.w.org\/{rel}","templated":true}]}}