{"id":56936,"date":"2017-07-24T11:41:07","date_gmt":"2017-07-24T16:41:07","guid":{"rendered":"https:\/\/centrourbano.com\/?p=56936"},"modified":"2017-07-24T17:00:27","modified_gmt":"2017-07-24T22:00:27","slug":"invertiran-180-mdp-mejorar-movilidad-queretaro","status":"publish","type":"post","link":"https:\/\/centrourbano.com\/revista\/urbanismo\/invertiran-180-mdp-mejorar-movilidad-queretaro\/","title":{"rendered":"Invertir\u00e1n 180 mdp para mejorar movilidad en Quer\u00e9taro"},"content":{"rendered":"<p><em>El proyecto contempla el desarrollo de una ciclovia y trotapista<\/em><!--more--><\/p>\n<p>Con el objetivo de mejorar la movilidad en el municipio de Quer\u00e9taro, el gobierno de la entidad y el ayuntamiento pusieron en marcha la construcci\u00f3n de Paseo Santiago, obra que representa una inversi\u00f3n de m\u00e1s de 180 millones de pesos.<\/p>\n<p>El proyecto, se\u00f1al\u00f3 Francisco Dom\u00ednguez Servi\u00e9n, gobernador de la entidad, es parte de una visi\u00f3n metropolitana de movilidad, con lo que se permitir\u00e1 desahogar el tr\u00e1nsito vehicular y conectar de manera m\u00e1s segura la zona poniente de la capital.<br \/>\nEl mandatario estatal asegur\u00f3 que el proyecto garantizara a los ciudadanos ejercer su derecho a la movilidad y a la accesibilidad. <\/p>\n<p>En este sentido, Marcos Aguilar Vega, presidente municipal de Quer\u00e9taro, detall\u00f3 que la obra buscar\u00e1 beneficiar a peatones y ciclistas, no s\u00f3lo autom\u00f3viles. Detall\u00f3 que la obra contempla 8.5Km de ciclovia.<\/p>\n<p>\u201cPaseo Santiago constar\u00e1 de seis carriles y tendr\u00e1 una longitud de 4.25 km de concreto hidr\u00e1ulico, 4.25 km de trotapista, 8.5 km de ciclov\u00eda, guarniciones y banquetas, camell\u00f3n central, se\u00f1al\u00e9tica horizontal y vertical, red de drenaje sanitario y de agua potable, semaforizaci\u00f3n inteligente, electrificaci\u00f3n y alumbrado, \u00e1reas verdes, paraderos de transporte y mobiliario urbano\u201d, explic\u00f3. <\/p>\n<p>El edil enfatiz\u00f3 que con el proyecto \u201cpeatones, ciclistas, familias y personas con discapacidad tendr\u00e1n un espacio definido para sus necesidades aqu\u00ed en Paseo Santiago; todos sin distinci\u00f3n podremos convivir en armon\u00eda en esta hermosa avenida que estar\u00e1 poblada de \u00e1rboles y plantas y que abonar\u00e1 al fortalecimiento del tejido social de las colonias a las que dar\u00e1 servicio\u201d. <\/p>\n","protected":false},"excerpt":{"rendered":"<p>El proyecto contempla el desarrollo de una ciclovia y trotapista<\/p>\n","protected":false},"author":47,"featured_media":56941,"comment_status":"open","ping_status":"closed","sticky":false,"template":"","format":"standard","meta":{"om_disable_all_campaigns":false,"inline_featured_image":false,"_monsterinsights_skip_tracking":false,"_monsterinsights_sitenote_active":false,"_monsterinsights_sitenote_note":"","_monsterinsights_sitenote_category":0,"footnotes":""},"categories":[82],"tags":[249,8931,10643,221],"class_list":["post-56936","post","type-post","status-publish","format-standard","has-post-thumbnail","hentry","category-urbanismo","tag-ciclovia","tag-francisco-dominguez-servien","tag-paso-santiago","tag-queretaro"],"yoast_head":"<!-- This site is optimized with the Yoast SEO plugin v27.4 - https:\/\/yoast.com\/product\/yoast-seo-wordpress\/ -->\n<title>Invertir\u00e1n 180 mdp para mejorar movilidad en Quer\u00e9taro -<\/title>\n<meta name=\"description\" content=\"Con el objetivo de mejorar la movilidad en el municipio de Quer\u00e9taro, el gobierno de la entidad y el ayuntamiento pusieron en marcha la construcci\u00f3n de Paseo Santiago, obra que representa una inversi\u00f3n de m\u00e1s de 180 millones de pesos.\" \/>\n<meta name=\"robots\" content=\"index, follow, max-snippet:-1, max-image-preview:large, max-video-preview:-1\" \/>\n<link rel=\"canonical\" href=\"https:\/\/centrourbano.com\/revista\/urbanismo\/invertiran-180-mdp-mejorar-movilidad-queretaro\/\" \/>\n<meta property=\"og:locale\" content=\"es_ES\" \/>\n<meta property=\"og:type\" content=\"article\" \/>\n<meta property=\"og:title\" content=\"Invertir\u00e1n 180 mdp para mejorar movilidad en Quer\u00e9taro -\" \/>\n<meta property=\"og:description\" content=\"Con el objetivo de mejorar la movilidad en el municipio de Quer\u00e9taro, el gobierno de la entidad y el ayuntamiento pusieron en marcha la construcci\u00f3n de Paseo Santiago, obra que representa una inversi\u00f3n de m\u00e1s de 180 millones de pesos.\" \/>\n<meta property=\"og:url\" content=\"https:\/\/centrourbano.com\/revista\/urbanismo\/invertiran-180-mdp-mejorar-movilidad-queretaro\/\" \/>\n<meta property=\"og:site_name\" content=\"Centro Urbano\" \/>\n<meta property=\"article:publisher\" content=\"https:\/\/www.facebook.com\/portalcentrourbano\" \/>\n<meta property=\"article:published_time\" content=\"2017-07-24T16:41:07+00:00\" \/>\n<meta property=\"article:modified_time\" content=\"2017-07-24T22:00:27+00:00\" \/>\n<meta property=\"og:image\" content=\"https:\/\/centrourbano.com\/revista\/wp-content\/uploads\/PaseoSantiago_Quer\u00e9taro.jpeg\" \/>\n\t<meta property=\"og:image:width\" content=\"800\" \/>\n\t<meta property=\"og:image:height\" content=\"513\" \/>\n\t<meta property=\"og:image:type\" content=\"image\/jpeg\" \/>\n<meta name=\"author\" content=\"Edgar Rosas\" \/>\n<meta name=\"twitter:card\" content=\"summary_large_image\" \/>\n<meta name=\"twitter:creator\" content=\"@https:\/\/twitter.com\/ERosasCU?s=09\" \/>\n<meta name=\"twitter:site\" content=\"@CentroUrbano\" \/>\n<meta name=\"twitter:label1\" content=\"Escrito por\" \/>\n\t<meta name=\"twitter:data1\" content=\"Edgar Rosas\" \/>\n\t<meta name=\"twitter:label2\" content=\"Tiempo de lectura\" \/>\n\t<meta name=\"twitter:data2\" content=\"1 minuto\" \/>\n<script type=\"application\/ld+json\" class=\"yoast-schema-graph\">{\"@context\":\"https:\\\/\\\/schema.org\",\"@graph\":[{\"@type\":\"Article\",\"@id\":\"https:\\\/\\\/centrourbano.com\\\/revista\\\/urbanismo\\\/invertiran-180-mdp-mejorar-movilidad-queretaro\\\/#article\",\"isPartOf\":{\"@id\":\"https:\\\/\\\/centrourbano.com\\\/revista\\\/urbanismo\\\/invertiran-180-mdp-mejorar-movilidad-queretaro\\\/\"},\"author\":{\"name\":\"Edgar Rosas\",\"@id\":\"https:\\\/\\\/centrourbano.com\\\/revista\\\/#\\\/schema\\\/person\\\/ff3c00651ce5b1630479d2cd0c2e3ac0\"},\"headline\":\"Invertir\u00e1n 180 mdp para mejorar movilidad en Quer\u00e9taro\",\"datePublished\":\"2017-07-24T16:41:07+00:00\",\"dateModified\":\"2017-07-24T22:00:27+00:00\",\"mainEntityOfPage\":{\"@id\":\"https:\\\/\\\/centrourbano.com\\\/revista\\\/urbanismo\\\/invertiran-180-mdp-mejorar-movilidad-queretaro\\\/\"},\"wordCount\":283,\"commentCount\":0,\"publisher\":{\"@id\":\"https:\\\/\\\/centrourbano.com\\\/revista\\\/#organization\"},\"image\":{\"@id\":\"https:\\\/\\\/centrourbano.com\\\/revista\\\/urbanismo\\\/invertiran-180-mdp-mejorar-movilidad-queretaro\\\/#primaryimage\"},\"thumbnailUrl\":\"https:\\\/\\\/centrourbano.com\\\/revista\\\/wp-content\\\/uploads\\\/PaseoSantiago_Quer\u00e9taro.jpeg\",\"keywords\":[\"Ciclov\u00eda\",\"Francisco Dom\u00ednguez Servi\u00e9n\",\"Paso Santiago\",\"Quer\u00e9taro\"],\"articleSection\":[\"Urbanismo\"],\"inLanguage\":\"es\",\"potentialAction\":[{\"@type\":\"CommentAction\",\"name\":\"Comment\",\"target\":[\"https:\\\/\\\/centrourbano.com\\\/revista\\\/urbanismo\\\/invertiran-180-mdp-mejorar-movilidad-queretaro\\\/#respond\"]}]},{\"@type\":\"WebPage\",\"@id\":\"https:\\\/\\\/centrourbano.com\\\/revista\\\/urbanismo\\\/invertiran-180-mdp-mejorar-movilidad-queretaro\\\/\",\"url\":\"https:\\\/\\\/centrourbano.com\\\/revista\\\/urbanismo\\\/invertiran-180-mdp-mejorar-movilidad-queretaro\\\/\",\"name\":\"Invertir\u00e1n 180 mdp para mejorar movilidad en Quer\u00e9taro -\",\"isPartOf\":{\"@id\":\"https:\\\/\\\/centrourbano.com\\\/revista\\\/#website\"},\"primaryImageOfPage\":{\"@id\":\"https:\\\/\\\/centrourbano.com\\\/revista\\\/urbanismo\\\/invertiran-180-mdp-mejorar-movilidad-queretaro\\\/#primaryimage\"},\"image\":{\"@id\":\"https:\\\/\\\/centrourbano.com\\\/revista\\\/urbanismo\\\/invertiran-180-mdp-mejorar-movilidad-queretaro\\\/#primaryimage\"},\"thumbnailUrl\":\"https:\\\/\\\/centrourbano.com\\\/revista\\\/wp-content\\\/uploads\\\/PaseoSantiago_Quer\u00e9taro.jpeg\",\"datePublished\":\"2017-07-24T16:41:07+00:00\",\"dateModified\":\"2017-07-24T22:00:27+00:00\",\"description\":\"Con el objetivo de mejorar la movilidad en el municipio de Quer\u00e9taro, el gobierno de la entidad y el ayuntamiento pusieron en marcha la construcci\u00f3n de Paseo Santiago, obra que representa una inversi\u00f3n de m\u00e1s de 180 millones de pesos.\",\"breadcrumb\":{\"@id\":\"https:\\\/\\\/centrourbano.com\\\/revista\\\/urbanismo\\\/invertiran-180-mdp-mejorar-movilidad-queretaro\\\/#breadcrumb\"},\"inLanguage\":\"es\",\"potentialAction\":[{\"@type\":\"ReadAction\",\"target\":[\"https:\\\/\\\/centrourbano.com\\\/revista\\\/urbanismo\\\/invertiran-180-mdp-mejorar-movilidad-queretaro\\\/\"]}]},{\"@type\":\"ImageObject\",\"inLanguage\":\"es\",\"@id\":\"https:\\\/\\\/centrourbano.com\\\/revista\\\/urbanismo\\\/invertiran-180-mdp-mejorar-movilidad-queretaro\\\/#primaryimage\",\"url\":\"https:\\\/\\\/centrourbano.com\\\/revista\\\/wp-content\\\/uploads\\\/PaseoSantiago_Quer\u00e9taro.jpeg\",\"contentUrl\":\"https:\\\/\\\/centrourbano.com\\\/revista\\\/wp-content\\\/uploads\\\/PaseoSantiago_Quer\u00e9taro.jpeg\",\"width\":800,\"height\":513,\"caption\":\"El proyecto contempla el desarrollo de una ciclovia y trotavia\"},{\"@type\":\"BreadcrumbList\",\"@id\":\"https:\\\/\\\/centrourbano.com\\\/revista\\\/urbanismo\\\/invertiran-180-mdp-mejorar-movilidad-queretaro\\\/#breadcrumb\",\"itemListElement\":[{\"@type\":\"ListItem\",\"position\":1,\"name\":\"Portada\",\"item\":\"https:\\\/\\\/centrourbano.com\\\/revista\\\/\"},{\"@type\":\"ListItem\",\"position\":2,\"name\":\"Invertir\u00e1n 180 mdp para mejorar movilidad en Quer\u00e9taro\"}]},{\"@type\":\"WebSite\",\"@id\":\"https:\\\/\\\/centrourbano.com\\\/revista\\\/#website\",\"url\":\"https:\\\/\\\/centrourbano.com\\\/revista\\\/\",\"name\":\"Centro Urbano\",\"description\":\"Medio especializado en los sectores vivienda, inmobiliario, construcci\u00f3n, arquitectura y urbanismo.\",\"publisher\":{\"@id\":\"https:\\\/\\\/centrourbano.com\\\/revista\\\/#organization\"},\"potentialAction\":[{\"@type\":\"SearchAction\",\"target\":{\"@type\":\"EntryPoint\",\"urlTemplate\":\"https:\\\/\\\/centrourbano.com\\\/revista\\\/?s={search_term_string}\"},\"query-input\":{\"@type\":\"PropertyValueSpecification\",\"valueRequired\":true,\"valueName\":\"search_term_string\"}}],\"inLanguage\":\"es\"},{\"@type\":\"Organization\",\"@id\":\"https:\\\/\\\/centrourbano.com\\\/revista\\\/#organization\",\"name\":\"Centro Urbano\",\"url\":\"https:\\\/\\\/centrourbano.com\\\/revista\\\/\",\"logo\":{\"@type\":\"ImageObject\",\"inLanguage\":\"es\",\"@id\":\"https:\\\/\\\/centrourbano.com\\\/revista\\\/#\\\/schema\\\/logo\\\/image\\\/\",\"url\":\"https:\\\/\\\/centrourbano.com\\\/revista\\\/wp-content\\\/uploads\\\/web_CU_logo-1.png\",\"contentUrl\":\"https:\\\/\\\/centrourbano.com\\\/revista\\\/wp-content\\\/uploads\\\/web_CU_logo-1.png\",\"width\":350,\"height\":91,\"caption\":\"Centro Urbano\"},\"image\":{\"@id\":\"https:\\\/\\\/centrourbano.com\\\/revista\\\/#\\\/schema\\\/logo\\\/image\\\/\"},\"sameAs\":[\"https:\\\/\\\/www.facebook.com\\\/portalcentrourbano\",\"https:\\\/\\\/x.com\\\/CentroUrbano\",\"https:\\\/\\\/www.instagram.com\\\/centro_urbano\\\/\",\"https:\\\/\\\/www.linkedin.com\\\/company\\\/centro-urbano\\\/\",\"http:\\\/\\\/www.youtube.com\\\/user\\\/portalcentrourbano\"]},{\"@type\":\"Person\",\"@id\":\"https:\\\/\\\/centrourbano.com\\\/revista\\\/#\\\/schema\\\/person\\\/ff3c00651ce5b1630479d2cd0c2e3ac0\",\"name\":\"Edgar Rosas\",\"image\":{\"@type\":\"ImageObject\",\"inLanguage\":\"es\",\"@id\":\"https:\\\/\\\/secure.gravatar.com\\\/avatar\\\/94440c4283495211faa5300bf85e80061036b83fced868c3783aa1310b350d9c?s=96&d=mm&r=g\",\"url\":\"https:\\\/\\\/secure.gravatar.com\\\/avatar\\\/94440c4283495211faa5300bf85e80061036b83fced868c3783aa1310b350d9c?s=96&d=mm&r=g\",\"contentUrl\":\"https:\\\/\\\/secure.gravatar.com\\\/avatar\\\/94440c4283495211faa5300bf85e80061036b83fced868c3783aa1310b350d9c?s=96&d=mm&r=g\",\"caption\":\"Edgar Rosas\"},\"description\":\"Editor en Jefe de Centro Urbano. Egresado de la maestr\u00eda en Periodismo Pol\u00edtico de la Escuela de Periodismo Carlos Septi\u00e9n Garc\u00eda (EPCSG). Estudi\u00f3 la licenciatura en Comunicaci\u00f3n en la Universidad Mexicana. Amante de la cr\u00f3nica y el reportaje. Admirador de Vicente Le\u00f1ero y Miguel \u00c1ngel Granados Chapa.\",\"sameAs\":[\"https:\\\/\\\/x.com\\\/https:\\\/\\\/twitter.com\\\/ERosasCU?s=09\"],\"url\":\"https:\\\/\\\/centrourbano.com\\\/revista\\\/author\\\/edgar-rosas\\\/\"}]}<\/script>\n<!-- \/ Yoast SEO plugin. -->","yoast_head_json":{"title":"Invertir\u00e1n 180 mdp para mejorar movilidad en Quer\u00e9taro -","description":"Con el objetivo de mejorar la movilidad en el municipio de Quer\u00e9taro, el gobierno de la entidad y el ayuntamiento pusieron en marcha la construcci\u00f3n de Paseo Santiago, obra que representa una inversi\u00f3n de m\u00e1s de 180 millones de pesos.","robots":{"index":"index","follow":"follow","max-snippet":"max-snippet:-1","max-image-preview":"max-image-preview:large","max-video-preview":"max-video-preview:-1"},"canonical":"https:\/\/centrourbano.com\/revista\/urbanismo\/invertiran-180-mdp-mejorar-movilidad-queretaro\/","og_locale":"es_ES","og_type":"article","og_title":"Invertir\u00e1n 180 mdp para mejorar movilidad en Quer\u00e9taro -","og_description":"Con el objetivo de mejorar la movilidad en el municipio de Quer\u00e9taro, el gobierno de la entidad y el ayuntamiento pusieron en marcha la construcci\u00f3n de Paseo Santiago, obra que representa una inversi\u00f3n de m\u00e1s de 180 millones de pesos.","og_url":"https:\/\/centrourbano.com\/revista\/urbanismo\/invertiran-180-mdp-mejorar-movilidad-queretaro\/","og_site_name":"Centro Urbano","article_publisher":"https:\/\/www.facebook.com\/portalcentrourbano","article_published_time":"2017-07-24T16:41:07+00:00","article_modified_time":"2017-07-24T22:00:27+00:00","og_image":[{"width":800,"height":513,"url":"https:\/\/centrourbano.com\/revista\/wp-content\/uploads\/PaseoSantiago_Quer\u00e9taro.jpeg","type":"image\/jpeg"}],"author":"Edgar Rosas","twitter_card":"summary_large_image","twitter_creator":"@https:\/\/twitter.com\/ERosasCU?s=09","twitter_site":"@CentroUrbano","twitter_misc":{"Escrito por":"Edgar Rosas","Tiempo de lectura":"1 minuto"},"schema":{"@context":"https:\/\/schema.org","@graph":[{"@type":"Article","@id":"https:\/\/centrourbano.com\/revista\/urbanismo\/invertiran-180-mdp-mejorar-movilidad-queretaro\/#article","isPartOf":{"@id":"https:\/\/centrourbano.com\/revista\/urbanismo\/invertiran-180-mdp-mejorar-movilidad-queretaro\/"},"author":{"name":"Edgar Rosas","@id":"https:\/\/centrourbano.com\/revista\/#\/schema\/person\/ff3c00651ce5b1630479d2cd0c2e3ac0"},"headline":"Invertir\u00e1n 180 mdp para mejorar movilidad en Quer\u00e9taro","datePublished":"2017-07-24T16:41:07+00:00","dateModified":"2017-07-24T22:00:27+00:00","mainEntityOfPage":{"@id":"https:\/\/centrourbano.com\/revista\/urbanismo\/invertiran-180-mdp-mejorar-movilidad-queretaro\/"},"wordCount":283,"commentCount":0,"publisher":{"@id":"https:\/\/centrourbano.com\/revista\/#organization"},"image":{"@id":"https:\/\/centrourbano.com\/revista\/urbanismo\/invertiran-180-mdp-mejorar-movilidad-queretaro\/#primaryimage"},"thumbnailUrl":"https:\/\/centrourbano.com\/revista\/wp-content\/uploads\/PaseoSantiago_Quer\u00e9taro.jpeg","keywords":["Ciclov\u00eda","Francisco Dom\u00ednguez Servi\u00e9n","Paso Santiago","Quer\u00e9taro"],"articleSection":["Urbanismo"],"inLanguage":"es","potentialAction":[{"@type":"CommentAction","name":"Comment","target":["https:\/\/centrourbano.com\/revista\/urbanismo\/invertiran-180-mdp-mejorar-movilidad-queretaro\/#respond"]}]},{"@type":"WebPage","@id":"https:\/\/centrourbano.com\/revista\/urbanismo\/invertiran-180-mdp-mejorar-movilidad-queretaro\/","url":"https:\/\/centrourbano.com\/revista\/urbanismo\/invertiran-180-mdp-mejorar-movilidad-queretaro\/","name":"Invertir\u00e1n 180 mdp para mejorar movilidad en Quer\u00e9taro -","isPartOf":{"@id":"https:\/\/centrourbano.com\/revista\/#website"},"primaryImageOfPage":{"@id":"https:\/\/centrourbano.com\/revista\/urbanismo\/invertiran-180-mdp-mejorar-movilidad-queretaro\/#primaryimage"},"image":{"@id":"https:\/\/centrourbano.com\/revista\/urbanismo\/invertiran-180-mdp-mejorar-movilidad-queretaro\/#primaryimage"},"thumbnailUrl":"https:\/\/centrourbano.com\/revista\/wp-content\/uploads\/PaseoSantiago_Quer\u00e9taro.jpeg","datePublished":"2017-07-24T16:41:07+00:00","dateModified":"2017-07-24T22:00:27+00:00","description":"Con el objetivo de mejorar la movilidad en el municipio de Quer\u00e9taro, el gobierno de la entidad y el ayuntamiento pusieron en marcha la construcci\u00f3n de Paseo Santiago, obra que representa una inversi\u00f3n de m\u00e1s de 180 millones de pesos.","breadcrumb":{"@id":"https:\/\/centrourbano.com\/revista\/urbanismo\/invertiran-180-mdp-mejorar-movilidad-queretaro\/#breadcrumb"},"inLanguage":"es","potentialAction":[{"@type":"ReadAction","target":["https:\/\/centrourbano.com\/revista\/urbanismo\/invertiran-180-mdp-mejorar-movilidad-queretaro\/"]}]},{"@type":"ImageObject","inLanguage":"es","@id":"https:\/\/centrourbano.com\/revista\/urbanismo\/invertiran-180-mdp-mejorar-movilidad-queretaro\/#primaryimage","url":"https:\/\/centrourbano.com\/revista\/wp-content\/uploads\/PaseoSantiago_Quer\u00e9taro.jpeg","contentUrl":"https:\/\/centrourbano.com\/revista\/wp-content\/uploads\/PaseoSantiago_Quer\u00e9taro.jpeg","width":800,"height":513,"caption":"El proyecto contempla el desarrollo de una ciclovia y trotavia"},{"@type":"BreadcrumbList","@id":"https:\/\/centrourbano.com\/revista\/urbanismo\/invertiran-180-mdp-mejorar-movilidad-queretaro\/#breadcrumb","itemListElement":[{"@type":"ListItem","position":1,"name":"Portada","item":"https:\/\/centrourbano.com\/revista\/"},{"@type":"ListItem","position":2,"name":"Invertir\u00e1n 180 mdp para mejorar movilidad en Quer\u00e9taro"}]},{"@type":"WebSite","@id":"https:\/\/centrourbano.com\/revista\/#website","url":"https:\/\/centrourbano.com\/revista\/","name":"Centro Urbano","description":"Medio especializado en los sectores vivienda, inmobiliario, construcci\u00f3n, arquitectura y urbanismo.","publisher":{"@id":"https:\/\/centrourbano.com\/revista\/#organization"},"potentialAction":[{"@type":"SearchAction","target":{"@type":"EntryPoint","urlTemplate":"https:\/\/centrourbano.com\/revista\/?s={search_term_string}"},"query-input":{"@type":"PropertyValueSpecification","valueRequired":true,"valueName":"search_term_string"}}],"inLanguage":"es"},{"@type":"Organization","@id":"https:\/\/centrourbano.com\/revista\/#organization","name":"Centro Urbano","url":"https:\/\/centrourbano.com\/revista\/","logo":{"@type":"ImageObject","inLanguage":"es","@id":"https:\/\/centrourbano.com\/revista\/#\/schema\/logo\/image\/","url":"https:\/\/centrourbano.com\/revista\/wp-content\/uploads\/web_CU_logo-1.png","contentUrl":"https:\/\/centrourbano.com\/revista\/wp-content\/uploads\/web_CU_logo-1.png","width":350,"height":91,"caption":"Centro Urbano"},"image":{"@id":"https:\/\/centrourbano.com\/revista\/#\/schema\/logo\/image\/"},"sameAs":["https:\/\/www.facebook.com\/portalcentrourbano","https:\/\/x.com\/CentroUrbano","https:\/\/www.instagram.com\/centro_urbano\/","https:\/\/www.linkedin.com\/company\/centro-urbano\/","http:\/\/www.youtube.com\/user\/portalcentrourbano"]},{"@type":"Person","@id":"https:\/\/centrourbano.com\/revista\/#\/schema\/person\/ff3c00651ce5b1630479d2cd0c2e3ac0","name":"Edgar Rosas","image":{"@type":"ImageObject","inLanguage":"es","@id":"https:\/\/secure.gravatar.com\/avatar\/94440c4283495211faa5300bf85e80061036b83fced868c3783aa1310b350d9c?s=96&d=mm&r=g","url":"https:\/\/secure.gravatar.com\/avatar\/94440c4283495211faa5300bf85e80061036b83fced868c3783aa1310b350d9c?s=96&d=mm&r=g","contentUrl":"https:\/\/secure.gravatar.com\/avatar\/94440c4283495211faa5300bf85e80061036b83fced868c3783aa1310b350d9c?s=96&d=mm&r=g","caption":"Edgar Rosas"},"description":"Editor en Jefe de Centro Urbano. Egresado de la maestr\u00eda en Periodismo Pol\u00edtico de la Escuela de Periodismo Carlos Septi\u00e9n Garc\u00eda (EPCSG). Estudi\u00f3 la licenciatura en Comunicaci\u00f3n en la Universidad Mexicana. Amante de la cr\u00f3nica y el reportaje. Admirador de Vicente Le\u00f1ero y Miguel \u00c1ngel Granados Chapa.","sameAs":["https:\/\/x.com\/https:\/\/twitter.com\/ERosasCU?s=09"],"url":"https:\/\/centrourbano.com\/revista\/author\/edgar-rosas\/"}]}},"_links":{"self":[{"href":"https:\/\/centrourbano.com\/revista\/wp-json\/wp\/v2\/posts\/56936","targetHints":{"allow":["GET"]}}],"collection":[{"href":"https:\/\/centrourbano.com\/revista\/wp-json\/wp\/v2\/posts"}],"about":[{"href":"https:\/\/centrourbano.com\/revista\/wp-json\/wp\/v2\/types\/post"}],"author":[{"embeddable":true,"href":"https:\/\/centrourbano.com\/revista\/wp-json\/wp\/v2\/users\/47"}],"replies":[{"embeddable":true,"href":"https:\/\/centrourbano.com\/revista\/wp-json\/wp\/v2\/comments?post=56936"}],"version-history":[{"count":0,"href":"https:\/\/centrourbano.com\/revista\/wp-json\/wp\/v2\/posts\/56936\/revisions"}],"wp:featuredmedia":[{"embeddable":true,"href":"https:\/\/centrourbano.com\/revista\/wp-json\/wp\/v2\/media\/56941"}],"wp:attachment":[{"href":"https:\/\/centrourbano.com\/revista\/wp-json\/wp\/v2\/media?parent=56936"}],"wp:term":[{"taxonomy":"category","embeddable":true,"href":"https:\/\/centrourbano.com\/revista\/wp-json\/wp\/v2\/categories?post=56936"},{"taxonomy":"post_tag","embeddable":true,"href":"https:\/\/centrourbano.com\/revista\/wp-json\/wp\/v2\/tags?post=56936"}],"curies":[{"name":"wp","href":"https:\/\/api.w.org\/{rel}","templated":true}]}}