{"id":56924,"date":"2017-07-24T10:01:33","date_gmt":"2017-07-24T15:01:33","guid":{"rendered":"https:\/\/centrourbano.com\/?p=56924"},"modified":"2017-07-24T10:01:33","modified_gmt":"2017-07-24T15:01:33","slug":"colegio-arquitectos-tlaxcala-firma-convenio-la-upaep","status":"publish","type":"post","link":"https:\/\/centrourbano.com\/revista\/arquitectura-2\/colegio-arquitectos-tlaxcala-firma-convenio-la-upaep\/","title":{"rendered":"Colegio de Arquitectos de Tlaxcala firma convenio con la UPAEP"},"content":{"rendered":"<p>Se busca una vinculaci\u00f3n estrecha entre los miembros del Colegio y la comunidad universitaria, en particular de los alumnos de los posgrados en Arquitectura <!--more--><\/p>\n<p>La Universidad Popular Aut\u00f3noma del Estado de Puebla (UPAEP), a trav\u00e9s de los Posgrados de Arquitectura, y el Colegio de Arquitectos del Estado de Tlaxcala, firmaron un convenio de colaboraci\u00f3n acad\u00e9mica para llevar a cabo la vinculaci\u00f3n con diferentes organismos de la sociedad.<\/p>\n<p>Dentro de los beneficios que se buscan es que se d\u00e9 una vinculaci\u00f3n estrecha entre los miembros del Colegio de Arquitectos de Tlaxcala con la comunidad universitaria de la UPAEP, en particular de los alumnos de los posgrados en Arquitectura para llevar a cabo el intercambio de experiencias profesionales, impartici\u00f3n de cursos y realizaci\u00f3n de proyectos que beneficien a ambas instituciones y a la sociedad en su conjunto.<\/p>\n<p>As\u00ed lo indic\u00f3 Mar\u00eda P\u00eda Ben\u00edtez de Un\u00e1nue, directora acad\u00e9mica de los Posgrados en Arquitectura de la UPAEP, al destacar que a trav\u00e9s del convenio se busca establecer procesos formativos de los agremiados, como es el estudiar un posgrado en la UPAEP, tal es el caso de las maestr\u00edas en H\u00e1bitat Sustentable y Maestr\u00eda en Vivienda, as\u00ed como el desarrollo de proyectos de desarrollo para Puebla y Tlaxcala, relacionadas con el h\u00e1bitat y las condiciones de la vivienda.<\/p>\n<p>Asimismo, dijo que el establecimiento de estos acuerdos responde a la visi\u00f3n que tiene la Universidad para establecer alianzas con los diferentes organismos de la sociedad a nivel nacional e internacional, a fin de reforzar sus programas acad\u00e9micos y complementar la formaci\u00f3n acad\u00e9mica de los estudiantes de los posgrados de Arquitectura y nivel licenciatura.<\/p>\n<p>El acuerdo fue signado por Octavio Flores Hidalgo, presidente del Colegio de Arquitectos del Estado de Tlaxcala y profesor investigador de los Posgrados y Licenciatura en Arquitectura de la UPAEP, as\u00ed como por Mar\u00eda P\u00eda Ben\u00edtez de Un\u00e1nue, directora acad\u00e9mica de los Posgrados en Arquitectura de esta Universidad.<\/p>\n<p>Al respecto, el Presidente del Colegio de Arquitectos del Estado de Tlaxcala y profesor investigador de la Facultad de Arquitectura y de los posgrados de esa misma disciplina, refiri\u00f3 que es importante para el Colegio sumarse a la profesionalizaci\u00f3n, la formaci\u00f3n y un incremento de la calidad y visi\u00f3n de la actividad gremial y profesional.<\/p>\n<p>Agreg\u00f3 que la vinculaci\u00f3n de la UPAEP con el Colegio de Arquitectos del Estado de Tlaxcala, se ha incrementado de manera significativa con el trabajo colaborativo de las maestr\u00edas y la carrera de arquitectura de la UPAEP; \u201cel trabajo entre las dos instituciones se ha incrementado de manera importante gracias a los programas de las maestr\u00edas y gracias al apoyo fundamental del \u00e1rea de posgrados y de la licenciatura en Arquitectura de la Universidad, hemos tenidos muy buenos intercambios en donde han participado tanto alumnos, como catedr\u00e1ticos en la formaci\u00f3n de nuestros agremiados\u201d.<\/p>\n<p>En ese sentido, reiter\u00f3 que la vinculaci\u00f3n del Colegio de Arquitectos que representa con la UPAEP, han permitido estrechar lazos de colaboraci\u00f3n con Universidades de otros pa\u00edses de Am\u00e9rica Latina como son los casos de Colombia y Chile.<\/p>\n<p>Flores Hidalgo, enfatiz\u00f3 que con la formalidad del presente convenio se fortalece el trabajo colaborativo de ambas instancias para poder actuar en el territorio tlaxcalteca y profesionalizar dicha actividad, adem\u00e1s de fomentar las intenciones de ciudades sustentables, resilientes, compactas y mixtas, en donde tambi\u00e9n en los programas de maestr\u00eda de la UPAEP se est\u00e1n trabajando en dichos temas. <\/p>\n<p>En su intervenci\u00f3n, Ang\u00e9lica Adalid Vigueras Salgado, coordinadora de la promoci\u00f3n de los Posgrados de Ciencias Sociales de la Universidad, invit\u00f3 a todos los interesados a conocer la oferta educativa de los posgrados de la UPAEP, de manera particular en los departamentos de Artes y Humanidades y Ciencias Sociales, as\u00ed como en la p\u00e1gina web <strong><a href=\"http:\/\/www.upaep.mx\" target=\"_blank\">www.upaep.mx<\/a><\/strong>.<\/p>\n","protected":false},"excerpt":{"rendered":"<p>Se busca una vinculaci\u00f3n estrecha entre los miembros del Colegio y la comunidad universitaria, en particular de los alumnos de los posgrados en Arquitectura<\/p>\n","protected":false},"author":9,"featured_media":56925,"comment_status":"open","ping_status":"closed","sticky":false,"template":"","format":"standard","meta":{"om_disable_all_campaigns":false,"inline_featured_image":false,"_monsterinsights_skip_tracking":false,"_monsterinsights_sitenote_active":false,"_monsterinsights_sitenote_note":"","_monsterinsights_sitenote_category":0,"footnotes":""},"categories":[81],"tags":[],"class_list":["post-56924","post","type-post","status-publish","format-standard","has-post-thumbnail","hentry","category-arquitectura-2"],"yoast_head":"<!-- This site is optimized with the Yoast SEO plugin v27.5 - https:\/\/yoast.com\/product\/yoast-seo-wordpress\/ -->\n<title>Colegio de Arquitectos de Tlaxcala firma convenio con la UPAEP<\/title>\n<meta name=\"description\" content=\"Se busca una vinculaci\u00f3n estrecha entre los miembros del Colegio y la comunidad universitaria, en particular de los alumnos de los posgrados en Arquitectura\" \/>\n<meta name=\"robots\" content=\"index, follow, max-snippet:-1, max-image-preview:large, max-video-preview:-1\" \/>\n<link rel=\"canonical\" href=\"https:\/\/centrourbano.com\/revista\/arquitectura-2\/colegio-arquitectos-tlaxcala-firma-convenio-la-upaep\/\" \/>\n<meta property=\"og:locale\" content=\"es_ES\" \/>\n<meta property=\"og:type\" content=\"article\" \/>\n<meta property=\"og:title\" content=\"Colegio de Arquitectos de Tlaxcala firma convenio con la UPAEP\" \/>\n<meta property=\"og:description\" content=\"Se busca una vinculaci\u00f3n estrecha entre los miembros del Colegio y la comunidad universitaria, en particular de los alumnos de los posgrados en Arquitectura\" \/>\n<meta property=\"og:url\" content=\"https:\/\/centrourbano.com\/revista\/arquitectura-2\/colegio-arquitectos-tlaxcala-firma-convenio-la-upaep\/\" \/>\n<meta property=\"og:site_name\" content=\"Centro Urbano\" \/>\n<meta property=\"article:publisher\" content=\"https:\/\/www.facebook.com\/portalcentrourbano\" \/>\n<meta property=\"article:published_time\" content=\"2017-07-24T15:01:33+00:00\" \/>\n<meta property=\"og:image\" content=\"https:\/\/centrourbano.com\/revista\/wp-content\/uploads\/Colegio-de-Arquitectos-de-Tlaxcala-firma-convenio-con-la-UPAEP.jpg\" \/>\n\t<meta property=\"og:image:width\" content=\"870\" \/>\n\t<meta property=\"og:image:height\" content=\"540\" \/>\n\t<meta property=\"og:image:type\" content=\"image\/jpeg\" \/>\n<meta name=\"author\" content=\"Dinorah Nava\" \/>\n<meta name=\"twitter:card\" content=\"summary_large_image\" \/>\n<meta name=\"twitter:creator\" content=\"@https:\/\/twitter.com\/Dinorah_Nava28\" \/>\n<meta name=\"twitter:site\" content=\"@CentroUrbano\" \/>\n<meta name=\"twitter:label1\" content=\"Escrito por\" \/>\n\t<meta name=\"twitter:data1\" content=\"Dinorah Nava\" \/>\n\t<meta name=\"twitter:label2\" content=\"Tiempo de lectura\" \/>\n\t<meta name=\"twitter:data2\" content=\"3 minutos\" \/>\n<script type=\"application\/ld+json\" class=\"yoast-schema-graph\">{\"@context\":\"https:\\\/\\\/schema.org\",\"@graph\":[{\"@type\":\"Article\",\"@id\":\"https:\\\/\\\/centrourbano.com\\\/revista\\\/arquitectura-2\\\/colegio-arquitectos-tlaxcala-firma-convenio-la-upaep\\\/#article\",\"isPartOf\":{\"@id\":\"https:\\\/\\\/centrourbano.com\\\/revista\\\/arquitectura-2\\\/colegio-arquitectos-tlaxcala-firma-convenio-la-upaep\\\/\"},\"author\":{\"name\":\"Dinorah Nava\",\"@id\":\"https:\\\/\\\/centrourbano.com\\\/revista\\\/#\\\/schema\\\/person\\\/b45db815d96831257ba428a3d5a5fbdc\"},\"headline\":\"Colegio de Arquitectos de Tlaxcala firma convenio con la UPAEP\",\"datePublished\":\"2017-07-24T15:01:33+00:00\",\"mainEntityOfPage\":{\"@id\":\"https:\\\/\\\/centrourbano.com\\\/revista\\\/arquitectura-2\\\/colegio-arquitectos-tlaxcala-firma-convenio-la-upaep\\\/\"},\"wordCount\":675,\"commentCount\":0,\"publisher\":{\"@id\":\"https:\\\/\\\/centrourbano.com\\\/revista\\\/#organization\"},\"image\":{\"@id\":\"https:\\\/\\\/centrourbano.com\\\/revista\\\/arquitectura-2\\\/colegio-arquitectos-tlaxcala-firma-convenio-la-upaep\\\/#primaryimage\"},\"thumbnailUrl\":\"https:\\\/\\\/centrourbano.com\\\/revista\\\/wp-content\\\/uploads\\\/Colegio-de-Arquitectos-de-Tlaxcala-firma-convenio-con-la-UPAEP.jpg\",\"articleSection\":[\"Arquitectura\"],\"inLanguage\":\"es\",\"potentialAction\":[{\"@type\":\"CommentAction\",\"name\":\"Comment\",\"target\":[\"https:\\\/\\\/centrourbano.com\\\/revista\\\/arquitectura-2\\\/colegio-arquitectos-tlaxcala-firma-convenio-la-upaep\\\/#respond\"]}]},{\"@type\":\"WebPage\",\"@id\":\"https:\\\/\\\/centrourbano.com\\\/revista\\\/arquitectura-2\\\/colegio-arquitectos-tlaxcala-firma-convenio-la-upaep\\\/\",\"url\":\"https:\\\/\\\/centrourbano.com\\\/revista\\\/arquitectura-2\\\/colegio-arquitectos-tlaxcala-firma-convenio-la-upaep\\\/\",\"name\":\"Colegio de Arquitectos de Tlaxcala firma convenio con la UPAEP\",\"isPartOf\":{\"@id\":\"https:\\\/\\\/centrourbano.com\\\/revista\\\/#website\"},\"primaryImageOfPage\":{\"@id\":\"https:\\\/\\\/centrourbano.com\\\/revista\\\/arquitectura-2\\\/colegio-arquitectos-tlaxcala-firma-convenio-la-upaep\\\/#primaryimage\"},\"image\":{\"@id\":\"https:\\\/\\\/centrourbano.com\\\/revista\\\/arquitectura-2\\\/colegio-arquitectos-tlaxcala-firma-convenio-la-upaep\\\/#primaryimage\"},\"thumbnailUrl\":\"https:\\\/\\\/centrourbano.com\\\/revista\\\/wp-content\\\/uploads\\\/Colegio-de-Arquitectos-de-Tlaxcala-firma-convenio-con-la-UPAEP.jpg\",\"datePublished\":\"2017-07-24T15:01:33+00:00\",\"description\":\"Se busca una vinculaci\u00f3n estrecha entre los miembros del Colegio y la comunidad universitaria, en particular de los alumnos de los posgrados en Arquitectura\",\"breadcrumb\":{\"@id\":\"https:\\\/\\\/centrourbano.com\\\/revista\\\/arquitectura-2\\\/colegio-arquitectos-tlaxcala-firma-convenio-la-upaep\\\/#breadcrumb\"},\"inLanguage\":\"es\",\"potentialAction\":[{\"@type\":\"ReadAction\",\"target\":[\"https:\\\/\\\/centrourbano.com\\\/revista\\\/arquitectura-2\\\/colegio-arquitectos-tlaxcala-firma-convenio-la-upaep\\\/\"]}]},{\"@type\":\"ImageObject\",\"inLanguage\":\"es\",\"@id\":\"https:\\\/\\\/centrourbano.com\\\/revista\\\/arquitectura-2\\\/colegio-arquitectos-tlaxcala-firma-convenio-la-upaep\\\/#primaryimage\",\"url\":\"https:\\\/\\\/centrourbano.com\\\/revista\\\/wp-content\\\/uploads\\\/Colegio-de-Arquitectos-de-Tlaxcala-firma-convenio-con-la-UPAEP.jpg\",\"contentUrl\":\"https:\\\/\\\/centrourbano.com\\\/revista\\\/wp-content\\\/uploads\\\/Colegio-de-Arquitectos-de-Tlaxcala-firma-convenio-con-la-UPAEP.jpg\",\"width\":870,\"height\":540,\"caption\":\"Se busca una vinculaci\u00f3n estrecha entre los miembros del Colegio y la comunidad universitaria, en particular de los alumnos de los posgrados en Arquitectura\"},{\"@type\":\"BreadcrumbList\",\"@id\":\"https:\\\/\\\/centrourbano.com\\\/revista\\\/arquitectura-2\\\/colegio-arquitectos-tlaxcala-firma-convenio-la-upaep\\\/#breadcrumb\",\"itemListElement\":[{\"@type\":\"ListItem\",\"position\":1,\"name\":\"Portada\",\"item\":\"https:\\\/\\\/centrourbano.com\\\/revista\\\/\"},{\"@type\":\"ListItem\",\"position\":2,\"name\":\"Colegio de Arquitectos de Tlaxcala firma convenio con la UPAEP\"}]},{\"@type\":\"WebSite\",\"@id\":\"https:\\\/\\\/centrourbano.com\\\/revista\\\/#website\",\"url\":\"https:\\\/\\\/centrourbano.com\\\/revista\\\/\",\"name\":\"Centro Urbano\",\"description\":\"Medio especializado en los sectores vivienda, inmobiliario, construcci\u00f3n, arquitectura y urbanismo.\",\"publisher\":{\"@id\":\"https:\\\/\\\/centrourbano.com\\\/revista\\\/#organization\"},\"potentialAction\":[{\"@type\":\"SearchAction\",\"target\":{\"@type\":\"EntryPoint\",\"urlTemplate\":\"https:\\\/\\\/centrourbano.com\\\/revista\\\/?s={search_term_string}\"},\"query-input\":{\"@type\":\"PropertyValueSpecification\",\"valueRequired\":true,\"valueName\":\"search_term_string\"}}],\"inLanguage\":\"es\"},{\"@type\":\"Organization\",\"@id\":\"https:\\\/\\\/centrourbano.com\\\/revista\\\/#organization\",\"name\":\"Centro Urbano\",\"url\":\"https:\\\/\\\/centrourbano.com\\\/revista\\\/\",\"logo\":{\"@type\":\"ImageObject\",\"inLanguage\":\"es\",\"@id\":\"https:\\\/\\\/centrourbano.com\\\/revista\\\/#\\\/schema\\\/logo\\\/image\\\/\",\"url\":\"https:\\\/\\\/centrourbano.com\\\/revista\\\/wp-content\\\/uploads\\\/web_CU_logo-1.png\",\"contentUrl\":\"https:\\\/\\\/centrourbano.com\\\/revista\\\/wp-content\\\/uploads\\\/web_CU_logo-1.png\",\"width\":350,\"height\":91,\"caption\":\"Centro Urbano\"},\"image\":{\"@id\":\"https:\\\/\\\/centrourbano.com\\\/revista\\\/#\\\/schema\\\/logo\\\/image\\\/\"},\"sameAs\":[\"https:\\\/\\\/www.facebook.com\\\/portalcentrourbano\",\"https:\\\/\\\/x.com\\\/CentroUrbano\",\"https:\\\/\\\/www.instagram.com\\\/centro_urbano\\\/\",\"https:\\\/\\\/www.linkedin.com\\\/company\\\/centro-urbano\\\/\",\"http:\\\/\\\/www.youtube.com\\\/user\\\/portalcentrourbano\"]},{\"@type\":\"Person\",\"@id\":\"https:\\\/\\\/centrourbano.com\\\/revista\\\/#\\\/schema\\\/person\\\/b45db815d96831257ba428a3d5a5fbdc\",\"name\":\"Dinorah Nava\",\"image\":{\"@type\":\"ImageObject\",\"inLanguage\":\"es\",\"@id\":\"https:\\\/\\\/secure.gravatar.com\\\/avatar\\\/f6ca6430c51d147f363940f84e1225aa4b8183885c11802cc3b042305a4ecc1a?s=96&d=mm&r=g\",\"url\":\"https:\\\/\\\/secure.gravatar.com\\\/avatar\\\/f6ca6430c51d147f363940f84e1225aa4b8183885c11802cc3b042305a4ecc1a?s=96&d=mm&r=g\",\"contentUrl\":\"https:\\\/\\\/secure.gravatar.com\\\/avatar\\\/f6ca6430c51d147f363940f84e1225aa4b8183885c11802cc3b042305a4ecc1a?s=96&d=mm&r=g\",\"caption\":\"Dinorah Nava\"},\"description\":\"Editora de Contenidos y Estrategias Digitales en Centro Urbano y Coeditora en Peri\u00f3dico Mi Casa. Egresada de la licenciatura en Comunicaci\u00f3n y Periodismo de la Facultad de Estudios Superiores Arag\u00f3n (UNAM). Amante de la edici\u00f3n y correcci\u00f3n de estilo, las redes sociales y el mundo digital. Especialista en temas son arquitectura, inmobiliario y urbanismo.\",\"sameAs\":[\"linkedin.com\\\/in\\\/dinorah-nava\",\"https:\\\/\\\/x.com\\\/https:\\\/\\\/twitter.com\\\/Dinorah_Nava28\"],\"url\":\"https:\\\/\\\/centrourbano.com\\\/revista\\\/author\\\/dinorah-nava\\\/\"}]}<\/script>\n<!-- \/ Yoast SEO plugin. -->","yoast_head_json":{"title":"Colegio de Arquitectos de Tlaxcala firma convenio con la UPAEP","description":"Se busca una vinculaci\u00f3n estrecha entre los miembros del Colegio y la comunidad universitaria, en particular de los alumnos de los posgrados en Arquitectura","robots":{"index":"index","follow":"follow","max-snippet":"max-snippet:-1","max-image-preview":"max-image-preview:large","max-video-preview":"max-video-preview:-1"},"canonical":"https:\/\/centrourbano.com\/revista\/arquitectura-2\/colegio-arquitectos-tlaxcala-firma-convenio-la-upaep\/","og_locale":"es_ES","og_type":"article","og_title":"Colegio de Arquitectos de Tlaxcala firma convenio con la UPAEP","og_description":"Se busca una vinculaci\u00f3n estrecha entre los miembros del Colegio y la comunidad universitaria, en particular de los alumnos de los posgrados en Arquitectura","og_url":"https:\/\/centrourbano.com\/revista\/arquitectura-2\/colegio-arquitectos-tlaxcala-firma-convenio-la-upaep\/","og_site_name":"Centro Urbano","article_publisher":"https:\/\/www.facebook.com\/portalcentrourbano","article_published_time":"2017-07-24T15:01:33+00:00","og_image":[{"width":870,"height":540,"url":"https:\/\/centrourbano.com\/revista\/wp-content\/uploads\/Colegio-de-Arquitectos-de-Tlaxcala-firma-convenio-con-la-UPAEP.jpg","type":"image\/jpeg"}],"author":"Dinorah Nava","twitter_card":"summary_large_image","twitter_creator":"@https:\/\/twitter.com\/Dinorah_Nava28","twitter_site":"@CentroUrbano","twitter_misc":{"Escrito por":"Dinorah Nava","Tiempo de lectura":"3 minutos"},"schema":{"@context":"https:\/\/schema.org","@graph":[{"@type":"Article","@id":"https:\/\/centrourbano.com\/revista\/arquitectura-2\/colegio-arquitectos-tlaxcala-firma-convenio-la-upaep\/#article","isPartOf":{"@id":"https:\/\/centrourbano.com\/revista\/arquitectura-2\/colegio-arquitectos-tlaxcala-firma-convenio-la-upaep\/"},"author":{"name":"Dinorah Nava","@id":"https:\/\/centrourbano.com\/revista\/#\/schema\/person\/b45db815d96831257ba428a3d5a5fbdc"},"headline":"Colegio de Arquitectos de Tlaxcala firma convenio con la UPAEP","datePublished":"2017-07-24T15:01:33+00:00","mainEntityOfPage":{"@id":"https:\/\/centrourbano.com\/revista\/arquitectura-2\/colegio-arquitectos-tlaxcala-firma-convenio-la-upaep\/"},"wordCount":675,"commentCount":0,"publisher":{"@id":"https:\/\/centrourbano.com\/revista\/#organization"},"image":{"@id":"https:\/\/centrourbano.com\/revista\/arquitectura-2\/colegio-arquitectos-tlaxcala-firma-convenio-la-upaep\/#primaryimage"},"thumbnailUrl":"https:\/\/centrourbano.com\/revista\/wp-content\/uploads\/Colegio-de-Arquitectos-de-Tlaxcala-firma-convenio-con-la-UPAEP.jpg","articleSection":["Arquitectura"],"inLanguage":"es","potentialAction":[{"@type":"CommentAction","name":"Comment","target":["https:\/\/centrourbano.com\/revista\/arquitectura-2\/colegio-arquitectos-tlaxcala-firma-convenio-la-upaep\/#respond"]}]},{"@type":"WebPage","@id":"https:\/\/centrourbano.com\/revista\/arquitectura-2\/colegio-arquitectos-tlaxcala-firma-convenio-la-upaep\/","url":"https:\/\/centrourbano.com\/revista\/arquitectura-2\/colegio-arquitectos-tlaxcala-firma-convenio-la-upaep\/","name":"Colegio de Arquitectos de Tlaxcala firma convenio con la UPAEP","isPartOf":{"@id":"https:\/\/centrourbano.com\/revista\/#website"},"primaryImageOfPage":{"@id":"https:\/\/centrourbano.com\/revista\/arquitectura-2\/colegio-arquitectos-tlaxcala-firma-convenio-la-upaep\/#primaryimage"},"image":{"@id":"https:\/\/centrourbano.com\/revista\/arquitectura-2\/colegio-arquitectos-tlaxcala-firma-convenio-la-upaep\/#primaryimage"},"thumbnailUrl":"https:\/\/centrourbano.com\/revista\/wp-content\/uploads\/Colegio-de-Arquitectos-de-Tlaxcala-firma-convenio-con-la-UPAEP.jpg","datePublished":"2017-07-24T15:01:33+00:00","description":"Se busca una vinculaci\u00f3n estrecha entre los miembros del Colegio y la comunidad universitaria, en particular de los alumnos de los posgrados en Arquitectura","breadcrumb":{"@id":"https:\/\/centrourbano.com\/revista\/arquitectura-2\/colegio-arquitectos-tlaxcala-firma-convenio-la-upaep\/#breadcrumb"},"inLanguage":"es","potentialAction":[{"@type":"ReadAction","target":["https:\/\/centrourbano.com\/revista\/arquitectura-2\/colegio-arquitectos-tlaxcala-firma-convenio-la-upaep\/"]}]},{"@type":"ImageObject","inLanguage":"es","@id":"https:\/\/centrourbano.com\/revista\/arquitectura-2\/colegio-arquitectos-tlaxcala-firma-convenio-la-upaep\/#primaryimage","url":"https:\/\/centrourbano.com\/revista\/wp-content\/uploads\/Colegio-de-Arquitectos-de-Tlaxcala-firma-convenio-con-la-UPAEP.jpg","contentUrl":"https:\/\/centrourbano.com\/revista\/wp-content\/uploads\/Colegio-de-Arquitectos-de-Tlaxcala-firma-convenio-con-la-UPAEP.jpg","width":870,"height":540,"caption":"Se busca una vinculaci\u00f3n estrecha entre los miembros del Colegio y la comunidad universitaria, en particular de los alumnos de los posgrados en Arquitectura"},{"@type":"BreadcrumbList","@id":"https:\/\/centrourbano.com\/revista\/arquitectura-2\/colegio-arquitectos-tlaxcala-firma-convenio-la-upaep\/#breadcrumb","itemListElement":[{"@type":"ListItem","position":1,"name":"Portada","item":"https:\/\/centrourbano.com\/revista\/"},{"@type":"ListItem","position":2,"name":"Colegio de Arquitectos de Tlaxcala firma convenio con la UPAEP"}]},{"@type":"WebSite","@id":"https:\/\/centrourbano.com\/revista\/#website","url":"https:\/\/centrourbano.com\/revista\/","name":"Centro Urbano","description":"Medio especializado en los sectores vivienda, inmobiliario, construcci\u00f3n, arquitectura y urbanismo.","publisher":{"@id":"https:\/\/centrourbano.com\/revista\/#organization"},"potentialAction":[{"@type":"SearchAction","target":{"@type":"EntryPoint","urlTemplate":"https:\/\/centrourbano.com\/revista\/?s={search_term_string}"},"query-input":{"@type":"PropertyValueSpecification","valueRequired":true,"valueName":"search_term_string"}}],"inLanguage":"es"},{"@type":"Organization","@id":"https:\/\/centrourbano.com\/revista\/#organization","name":"Centro Urbano","url":"https:\/\/centrourbano.com\/revista\/","logo":{"@type":"ImageObject","inLanguage":"es","@id":"https:\/\/centrourbano.com\/revista\/#\/schema\/logo\/image\/","url":"https:\/\/centrourbano.com\/revista\/wp-content\/uploads\/web_CU_logo-1.png","contentUrl":"https:\/\/centrourbano.com\/revista\/wp-content\/uploads\/web_CU_logo-1.png","width":350,"height":91,"caption":"Centro Urbano"},"image":{"@id":"https:\/\/centrourbano.com\/revista\/#\/schema\/logo\/image\/"},"sameAs":["https:\/\/www.facebook.com\/portalcentrourbano","https:\/\/x.com\/CentroUrbano","https:\/\/www.instagram.com\/centro_urbano\/","https:\/\/www.linkedin.com\/company\/centro-urbano\/","http:\/\/www.youtube.com\/user\/portalcentrourbano"]},{"@type":"Person","@id":"https:\/\/centrourbano.com\/revista\/#\/schema\/person\/b45db815d96831257ba428a3d5a5fbdc","name":"Dinorah Nava","image":{"@type":"ImageObject","inLanguage":"es","@id":"https:\/\/secure.gravatar.com\/avatar\/f6ca6430c51d147f363940f84e1225aa4b8183885c11802cc3b042305a4ecc1a?s=96&d=mm&r=g","url":"https:\/\/secure.gravatar.com\/avatar\/f6ca6430c51d147f363940f84e1225aa4b8183885c11802cc3b042305a4ecc1a?s=96&d=mm&r=g","contentUrl":"https:\/\/secure.gravatar.com\/avatar\/f6ca6430c51d147f363940f84e1225aa4b8183885c11802cc3b042305a4ecc1a?s=96&d=mm&r=g","caption":"Dinorah Nava"},"description":"Editora de Contenidos y Estrategias Digitales en Centro Urbano y Coeditora en Peri\u00f3dico Mi Casa. Egresada de la licenciatura en Comunicaci\u00f3n y Periodismo de la Facultad de Estudios Superiores Arag\u00f3n (UNAM). Amante de la edici\u00f3n y correcci\u00f3n de estilo, las redes sociales y el mundo digital. Especialista en temas son arquitectura, inmobiliario y urbanismo.","sameAs":["linkedin.com\/in\/dinorah-nava","https:\/\/x.com\/https:\/\/twitter.com\/Dinorah_Nava28"],"url":"https:\/\/centrourbano.com\/revista\/author\/dinorah-nava\/"}]}},"_links":{"self":[{"href":"https:\/\/centrourbano.com\/revista\/wp-json\/wp\/v2\/posts\/56924","targetHints":{"allow":["GET"]}}],"collection":[{"href":"https:\/\/centrourbano.com\/revista\/wp-json\/wp\/v2\/posts"}],"about":[{"href":"https:\/\/centrourbano.com\/revista\/wp-json\/wp\/v2\/types\/post"}],"author":[{"embeddable":true,"href":"https:\/\/centrourbano.com\/revista\/wp-json\/wp\/v2\/users\/9"}],"replies":[{"embeddable":true,"href":"https:\/\/centrourbano.com\/revista\/wp-json\/wp\/v2\/comments?post=56924"}],"version-history":[{"count":0,"href":"https:\/\/centrourbano.com\/revista\/wp-json\/wp\/v2\/posts\/56924\/revisions"}],"wp:featuredmedia":[{"embeddable":true,"href":"https:\/\/centrourbano.com\/revista\/wp-json\/wp\/v2\/media\/56925"}],"wp:attachment":[{"href":"https:\/\/centrourbano.com\/revista\/wp-json\/wp\/v2\/media?parent=56924"}],"wp:term":[{"taxonomy":"category","embeddable":true,"href":"https:\/\/centrourbano.com\/revista\/wp-json\/wp\/v2\/categories?post=56924"},{"taxonomy":"post_tag","embeddable":true,"href":"https:\/\/centrourbano.com\/revista\/wp-json\/wp\/v2\/tags?post=56924"}],"curies":[{"name":"wp","href":"https:\/\/api.w.org\/{rel}","templated":true}]}}