{"id":56920,"date":"2017-07-24T10:33:42","date_gmt":"2017-07-24T15:33:42","guid":{"rendered":"https:\/\/centrourbano.com\/?p=56920"},"modified":"2017-07-24T10:33:42","modified_gmt":"2017-07-24T15:33:42","slug":"reconocen-fab-lab-la-universidad-anahuac","status":"publish","type":"post","link":"https:\/\/centrourbano.com\/revista\/arquitectura-2\/reconocen-fab-lab-la-universidad-anahuac\/","title":{"rendered":"Reconocen el Fab Lab de la Universidad An\u00e1huac"},"content":{"rendered":"<p><em>Se imparti\u00f3 un taller a 20 ni\u00f1os del Colegio Jes\u00fas de Urquiaga para acercarlos a la ciencia<\/em><br \/>\n<!--more--><\/p>\n<p>El <a href=\"http:\/\/www.fondounido.org.mx\/\" target=\"_blank\">Fondo Unido-United Way M\u00e9xico<\/a> entreg\u00f3 el premio Proyecto en Alianza Vive Unido al Fab Lab de la Escuela de Arquitectura de la <a href=\"http:\/\/www.anahuac.mx\/mexico\/\" target=\"_blank\">Universidad An\u00e1huac<\/a> Campus Norte, por su programa Invertir para Triunfar, cuyo objetivo es acercar a los j\u00f3venes a la ciencia de una manera agradable.   <\/p>\n<p>El equipo del Fab Lab de la <a href=\"http:\/\/pegaso.anahuac.mx\/arquitectura\/\" target=\"_blank\">Escuela de Arquitectura<\/a>, elegido como \u201cmejor aliado para proyectos sociales\u201d, est\u00e1 integrado por Gonzalo P\u00e9rez Ram\u00edrez, Eduardo Gardu\u00f1o Gardu\u00f1o, Florencio Mar\u00edn Rodr\u00edguez e Iv\u00e1n Hern\u00e1ndez S\u00e1nchez, quienes asistieron a la entrega del premio.<\/p>\n<p>\u201cEl programa se implement\u00f3 en las instalaciones del Fab Lab de nuestro Campus Norte y recibi\u00f3 a 20 j\u00f3venes del Colegio Jes\u00fas de Urquiaga, entre ellos alumnos con discapacidad auditiva. El curso tuvo una duraci\u00f3n de tres meses y estuvo enfocado al descubrimiento de la tecnolog\u00eda de calidad internacional con el apoyo de UPS y ExxonMobil\u201d, explic\u00f3 P\u00e9rez Ram\u00edrez. <\/p>\n<p>Finalmente, el acad\u00e9mico agreg\u00f3 que estos proyectos, en los que se aplican tecnolog\u00edas de fabricaci\u00f3n digital de bajo costo, tiene un impacto social positivo en los ni\u00f1os. <\/p>\n","protected":false},"excerpt":{"rendered":"<p>Se imparti\u00f3 un taller a 20 ni\u00f1os del Colegio Jes\u00fas de Urquiaga para acercarlos a la ciencia<\/p>\n","protected":false},"author":37,"featured_media":56928,"comment_status":"open","ping_status":"closed","sticky":false,"template":"","format":"standard","meta":{"om_disable_all_campaigns":false,"inline_featured_image":false,"_monsterinsights_skip_tracking":false,"_monsterinsights_sitenote_active":false,"_monsterinsights_sitenote_note":"","_monsterinsights_sitenote_category":0,"footnotes":""},"categories":[81],"tags":[20,10641,10642,1816],"class_list":["post-56920","post","type-post","status-publish","format-standard","has-post-thumbnail","hentry","category-arquitectura-2","tag-arquitectura","tag-fab-lab","tag-jesus-de-urquiaga","tag-universidad-anahuac"],"yoast_head":"<!-- This site is optimized with the Yoast SEO plugin v27.5 - https:\/\/yoast.com\/product\/yoast-seo-wordpress\/ -->\n<title>Reconocen el Fab Lab de la Universidad An\u00e1huac -<\/title>\n<meta name=\"description\" content=\"El Fondo Unido-United Way M\u00e9xico entreg\u00f3 el premio Proyecto en Alianza Vive Unido al Fab Lab de la Escuela de Arquitectura de la Universidad An\u00e1huac Campus Norte, por su programa Invertir para Triunfar, cuyo objetivo es acercar a los j\u00f3venes a la ciencia de una manera agradable.\" \/>\n<meta name=\"robots\" content=\"index, follow, max-snippet:-1, max-image-preview:large, max-video-preview:-1\" \/>\n<link rel=\"canonical\" href=\"https:\/\/centrourbano.com\/revista\/arquitectura-2\/reconocen-fab-lab-la-universidad-anahuac\/\" \/>\n<meta property=\"og:locale\" content=\"es_ES\" \/>\n<meta property=\"og:type\" content=\"article\" \/>\n<meta property=\"og:title\" content=\"Reconocen el Fab Lab de la Universidad An\u00e1huac -\" \/>\n<meta property=\"og:description\" content=\"El Fondo Unido-United Way M\u00e9xico entreg\u00f3 el premio Proyecto en Alianza Vive Unido al Fab Lab de la Escuela de Arquitectura de la Universidad An\u00e1huac Campus Norte, por su programa Invertir para Triunfar, cuyo objetivo es acercar a los j\u00f3venes a la ciencia de una manera agradable.\" \/>\n<meta property=\"og:url\" content=\"https:\/\/centrourbano.com\/revista\/arquitectura-2\/reconocen-fab-lab-la-universidad-anahuac\/\" \/>\n<meta property=\"og:site_name\" content=\"Centro Urbano\" \/>\n<meta property=\"article:publisher\" content=\"https:\/\/www.facebook.com\/portalcentrourbano\" \/>\n<meta property=\"article:published_time\" content=\"2017-07-24T15:33:42+00:00\" \/>\n<meta property=\"og:image\" content=\"https:\/\/centrourbano.com\/revista\/wp-content\/uploads\/fab-lab.jpg\" \/>\n\t<meta property=\"og:image:width\" content=\"1000\" \/>\n\t<meta property=\"og:image:height\" content=\"577\" \/>\n\t<meta property=\"og:image:type\" content=\"image\/jpeg\" \/>\n<meta name=\"author\" content=\"Diego Rodr\u00edguez\" \/>\n<meta name=\"twitter:card\" content=\"summary_large_image\" \/>\n<meta name=\"twitter:creator\" content=\"@CentroUrbano\" \/>\n<meta name=\"twitter:site\" content=\"@CentroUrbano\" \/>\n<meta name=\"twitter:label1\" content=\"Escrito por\" \/>\n\t<meta name=\"twitter:data1\" content=\"Diego Rodr\u00edguez\" \/>\n\t<meta name=\"twitter:label2\" content=\"Tiempo de lectura\" \/>\n\t<meta name=\"twitter:data2\" content=\"1 minuto\" \/>\n<script type=\"application\/ld+json\" class=\"yoast-schema-graph\">{\"@context\":\"https:\\\/\\\/schema.org\",\"@graph\":[{\"@type\":\"Article\",\"@id\":\"https:\\\/\\\/centrourbano.com\\\/revista\\\/arquitectura-2\\\/reconocen-fab-lab-la-universidad-anahuac\\\/#article\",\"isPartOf\":{\"@id\":\"https:\\\/\\\/centrourbano.com\\\/revista\\\/arquitectura-2\\\/reconocen-fab-lab-la-universidad-anahuac\\\/\"},\"author\":{\"name\":\"Diego Rodr\u00edguez\",\"@id\":\"https:\\\/\\\/centrourbano.com\\\/revista\\\/#\\\/schema\\\/person\\\/b50192a3cd0e680841b45dc537f53970\"},\"headline\":\"Reconocen el Fab Lab de la Universidad An\u00e1huac\",\"datePublished\":\"2017-07-24T15:33:42+00:00\",\"mainEntityOfPage\":{\"@id\":\"https:\\\/\\\/centrourbano.com\\\/revista\\\/arquitectura-2\\\/reconocen-fab-lab-la-universidad-anahuac\\\/\"},\"wordCount\":221,\"commentCount\":0,\"publisher\":{\"@id\":\"https:\\\/\\\/centrourbano.com\\\/revista\\\/#organization\"},\"image\":{\"@id\":\"https:\\\/\\\/centrourbano.com\\\/revista\\\/arquitectura-2\\\/reconocen-fab-lab-la-universidad-anahuac\\\/#primaryimage\"},\"thumbnailUrl\":\"https:\\\/\\\/centrourbano.com\\\/revista\\\/wp-content\\\/uploads\\\/fab-lab.jpg\",\"keywords\":[\"arquitectura\",\"Fab Lab\",\"Jes\u00fas de Urquiaga\",\"Universidad An\u00e1huac\"],\"articleSection\":[\"Arquitectura\"],\"inLanguage\":\"es\",\"potentialAction\":[{\"@type\":\"CommentAction\",\"name\":\"Comment\",\"target\":[\"https:\\\/\\\/centrourbano.com\\\/revista\\\/arquitectura-2\\\/reconocen-fab-lab-la-universidad-anahuac\\\/#respond\"]}]},{\"@type\":\"WebPage\",\"@id\":\"https:\\\/\\\/centrourbano.com\\\/revista\\\/arquitectura-2\\\/reconocen-fab-lab-la-universidad-anahuac\\\/\",\"url\":\"https:\\\/\\\/centrourbano.com\\\/revista\\\/arquitectura-2\\\/reconocen-fab-lab-la-universidad-anahuac\\\/\",\"name\":\"Reconocen el Fab Lab de la Universidad An\u00e1huac -\",\"isPartOf\":{\"@id\":\"https:\\\/\\\/centrourbano.com\\\/revista\\\/#website\"},\"primaryImageOfPage\":{\"@id\":\"https:\\\/\\\/centrourbano.com\\\/revista\\\/arquitectura-2\\\/reconocen-fab-lab-la-universidad-anahuac\\\/#primaryimage\"},\"image\":{\"@id\":\"https:\\\/\\\/centrourbano.com\\\/revista\\\/arquitectura-2\\\/reconocen-fab-lab-la-universidad-anahuac\\\/#primaryimage\"},\"thumbnailUrl\":\"https:\\\/\\\/centrourbano.com\\\/revista\\\/wp-content\\\/uploads\\\/fab-lab.jpg\",\"datePublished\":\"2017-07-24T15:33:42+00:00\",\"description\":\"El Fondo Unido-United Way M\u00e9xico entreg\u00f3 el premio Proyecto en Alianza Vive Unido al Fab Lab de la Escuela de Arquitectura de la Universidad An\u00e1huac Campus Norte, por su programa Invertir para Triunfar, cuyo objetivo es acercar a los j\u00f3venes a la ciencia de una manera agradable.\",\"breadcrumb\":{\"@id\":\"https:\\\/\\\/centrourbano.com\\\/revista\\\/arquitectura-2\\\/reconocen-fab-lab-la-universidad-anahuac\\\/#breadcrumb\"},\"inLanguage\":\"es\",\"potentialAction\":[{\"@type\":\"ReadAction\",\"target\":[\"https:\\\/\\\/centrourbano.com\\\/revista\\\/arquitectura-2\\\/reconocen-fab-lab-la-universidad-anahuac\\\/\"]}]},{\"@type\":\"ImageObject\",\"inLanguage\":\"es\",\"@id\":\"https:\\\/\\\/centrourbano.com\\\/revista\\\/arquitectura-2\\\/reconocen-fab-lab-la-universidad-anahuac\\\/#primaryimage\",\"url\":\"https:\\\/\\\/centrourbano.com\\\/revista\\\/wp-content\\\/uploads\\\/fab-lab.jpg\",\"contentUrl\":\"https:\\\/\\\/centrourbano.com\\\/revista\\\/wp-content\\\/uploads\\\/fab-lab.jpg\",\"width\":1000,\"height\":577,\"caption\":\"Se imparti\u00f3 un taller a 20 ni\u00f1os del Colegio Jes\u00fas de Urquiaga para acercarlos a la ciencia\"},{\"@type\":\"BreadcrumbList\",\"@id\":\"https:\\\/\\\/centrourbano.com\\\/revista\\\/arquitectura-2\\\/reconocen-fab-lab-la-universidad-anahuac\\\/#breadcrumb\",\"itemListElement\":[{\"@type\":\"ListItem\",\"position\":1,\"name\":\"Portada\",\"item\":\"https:\\\/\\\/centrourbano.com\\\/revista\\\/\"},{\"@type\":\"ListItem\",\"position\":2,\"name\":\"Reconocen el Fab Lab de la Universidad An\u00e1huac\"}]},{\"@type\":\"WebSite\",\"@id\":\"https:\\\/\\\/centrourbano.com\\\/revista\\\/#website\",\"url\":\"https:\\\/\\\/centrourbano.com\\\/revista\\\/\",\"name\":\"Centro Urbano\",\"description\":\"Medio especializado en los sectores vivienda, inmobiliario, construcci\u00f3n, arquitectura y urbanismo.\",\"publisher\":{\"@id\":\"https:\\\/\\\/centrourbano.com\\\/revista\\\/#organization\"},\"potentialAction\":[{\"@type\":\"SearchAction\",\"target\":{\"@type\":\"EntryPoint\",\"urlTemplate\":\"https:\\\/\\\/centrourbano.com\\\/revista\\\/?s={search_term_string}\"},\"query-input\":{\"@type\":\"PropertyValueSpecification\",\"valueRequired\":true,\"valueName\":\"search_term_string\"}}],\"inLanguage\":\"es\"},{\"@type\":\"Organization\",\"@id\":\"https:\\\/\\\/centrourbano.com\\\/revista\\\/#organization\",\"name\":\"Centro Urbano\",\"url\":\"https:\\\/\\\/centrourbano.com\\\/revista\\\/\",\"logo\":{\"@type\":\"ImageObject\",\"inLanguage\":\"es\",\"@id\":\"https:\\\/\\\/centrourbano.com\\\/revista\\\/#\\\/schema\\\/logo\\\/image\\\/\",\"url\":\"https:\\\/\\\/centrourbano.com\\\/revista\\\/wp-content\\\/uploads\\\/web_CU_logo-1.png\",\"contentUrl\":\"https:\\\/\\\/centrourbano.com\\\/revista\\\/wp-content\\\/uploads\\\/web_CU_logo-1.png\",\"width\":350,\"height\":91,\"caption\":\"Centro Urbano\"},\"image\":{\"@id\":\"https:\\\/\\\/centrourbano.com\\\/revista\\\/#\\\/schema\\\/logo\\\/image\\\/\"},\"sameAs\":[\"https:\\\/\\\/www.facebook.com\\\/portalcentrourbano\",\"https:\\\/\\\/x.com\\\/CentroUrbano\",\"https:\\\/\\\/www.instagram.com\\\/centro_urbano\\\/\",\"https:\\\/\\\/www.linkedin.com\\\/company\\\/centro-urbano\\\/\",\"http:\\\/\\\/www.youtube.com\\\/user\\\/portalcentrourbano\"]},{\"@type\":\"Person\",\"@id\":\"https:\\\/\\\/centrourbano.com\\\/revista\\\/#\\\/schema\\\/person\\\/b50192a3cd0e680841b45dc537f53970\",\"name\":\"Diego Rodr\u00edguez\",\"image\":{\"@type\":\"ImageObject\",\"inLanguage\":\"es\",\"@id\":\"https:\\\/\\\/secure.gravatar.com\\\/avatar\\\/d217565525df2df5d4e7265d47758506f41845ed9529510921a7625d8365789d?s=96&d=mm&r=g\",\"url\":\"https:\\\/\\\/secure.gravatar.com\\\/avatar\\\/d217565525df2df5d4e7265d47758506f41845ed9529510921a7625d8365789d?s=96&d=mm&r=g\",\"contentUrl\":\"https:\\\/\\\/secure.gravatar.com\\\/avatar\\\/d217565525df2df5d4e7265d47758506f41845ed9529510921a7625d8365789d?s=96&d=mm&r=g\",\"caption\":\"Diego Rodr\u00edguez\"},\"description\":\"Egresado de la Facultad de Estudios Superiores Acatl\u00e1n de la carrera en Comunicaci\u00f3n, con especialidad en medios escritos. Reportero del desaparecido peri\u00f3dico Nuestro M\u00e9xico, en donde cubri\u00f3 las fuentes delegacionales y Asamblea Legislativa. Tambi\u00e9n trabaj\u00f3 en la Coordinaci\u00f3n de Comunicaci\u00f3n Social en la delegaci\u00f3n \u00c1lvaro Obreg\u00f3n. Le gusta leer novelas y cuentos.\",\"url\":\"https:\\\/\\\/centrourbano.com\\\/revista\\\/author\\\/diegorodriguez\\\/\"}]}<\/script>\n<!-- \/ Yoast SEO plugin. -->","yoast_head_json":{"title":"Reconocen el Fab Lab de la Universidad An\u00e1huac -","description":"El Fondo Unido-United Way M\u00e9xico entreg\u00f3 el premio Proyecto en Alianza Vive Unido al Fab Lab de la Escuela de Arquitectura de la Universidad An\u00e1huac Campus Norte, por su programa Invertir para Triunfar, cuyo objetivo es acercar a los j\u00f3venes a la ciencia de una manera agradable.","robots":{"index":"index","follow":"follow","max-snippet":"max-snippet:-1","max-image-preview":"max-image-preview:large","max-video-preview":"max-video-preview:-1"},"canonical":"https:\/\/centrourbano.com\/revista\/arquitectura-2\/reconocen-fab-lab-la-universidad-anahuac\/","og_locale":"es_ES","og_type":"article","og_title":"Reconocen el Fab Lab de la Universidad An\u00e1huac -","og_description":"El Fondo Unido-United Way M\u00e9xico entreg\u00f3 el premio Proyecto en Alianza Vive Unido al Fab Lab de la Escuela de Arquitectura de la Universidad An\u00e1huac Campus Norte, por su programa Invertir para Triunfar, cuyo objetivo es acercar a los j\u00f3venes a la ciencia de una manera agradable.","og_url":"https:\/\/centrourbano.com\/revista\/arquitectura-2\/reconocen-fab-lab-la-universidad-anahuac\/","og_site_name":"Centro Urbano","article_publisher":"https:\/\/www.facebook.com\/portalcentrourbano","article_published_time":"2017-07-24T15:33:42+00:00","og_image":[{"width":1000,"height":577,"url":"https:\/\/centrourbano.com\/revista\/wp-content\/uploads\/fab-lab.jpg","type":"image\/jpeg"}],"author":"Diego Rodr\u00edguez","twitter_card":"summary_large_image","twitter_creator":"@CentroUrbano","twitter_site":"@CentroUrbano","twitter_misc":{"Escrito por":"Diego Rodr\u00edguez","Tiempo de lectura":"1 minuto"},"schema":{"@context":"https:\/\/schema.org","@graph":[{"@type":"Article","@id":"https:\/\/centrourbano.com\/revista\/arquitectura-2\/reconocen-fab-lab-la-universidad-anahuac\/#article","isPartOf":{"@id":"https:\/\/centrourbano.com\/revista\/arquitectura-2\/reconocen-fab-lab-la-universidad-anahuac\/"},"author":{"name":"Diego Rodr\u00edguez","@id":"https:\/\/centrourbano.com\/revista\/#\/schema\/person\/b50192a3cd0e680841b45dc537f53970"},"headline":"Reconocen el Fab Lab de la Universidad An\u00e1huac","datePublished":"2017-07-24T15:33:42+00:00","mainEntityOfPage":{"@id":"https:\/\/centrourbano.com\/revista\/arquitectura-2\/reconocen-fab-lab-la-universidad-anahuac\/"},"wordCount":221,"commentCount":0,"publisher":{"@id":"https:\/\/centrourbano.com\/revista\/#organization"},"image":{"@id":"https:\/\/centrourbano.com\/revista\/arquitectura-2\/reconocen-fab-lab-la-universidad-anahuac\/#primaryimage"},"thumbnailUrl":"https:\/\/centrourbano.com\/revista\/wp-content\/uploads\/fab-lab.jpg","keywords":["arquitectura","Fab Lab","Jes\u00fas de Urquiaga","Universidad An\u00e1huac"],"articleSection":["Arquitectura"],"inLanguage":"es","potentialAction":[{"@type":"CommentAction","name":"Comment","target":["https:\/\/centrourbano.com\/revista\/arquitectura-2\/reconocen-fab-lab-la-universidad-anahuac\/#respond"]}]},{"@type":"WebPage","@id":"https:\/\/centrourbano.com\/revista\/arquitectura-2\/reconocen-fab-lab-la-universidad-anahuac\/","url":"https:\/\/centrourbano.com\/revista\/arquitectura-2\/reconocen-fab-lab-la-universidad-anahuac\/","name":"Reconocen el Fab Lab de la Universidad An\u00e1huac -","isPartOf":{"@id":"https:\/\/centrourbano.com\/revista\/#website"},"primaryImageOfPage":{"@id":"https:\/\/centrourbano.com\/revista\/arquitectura-2\/reconocen-fab-lab-la-universidad-anahuac\/#primaryimage"},"image":{"@id":"https:\/\/centrourbano.com\/revista\/arquitectura-2\/reconocen-fab-lab-la-universidad-anahuac\/#primaryimage"},"thumbnailUrl":"https:\/\/centrourbano.com\/revista\/wp-content\/uploads\/fab-lab.jpg","datePublished":"2017-07-24T15:33:42+00:00","description":"El Fondo Unido-United Way M\u00e9xico entreg\u00f3 el premio Proyecto en Alianza Vive Unido al Fab Lab de la Escuela de Arquitectura de la Universidad An\u00e1huac Campus Norte, por su programa Invertir para Triunfar, cuyo objetivo es acercar a los j\u00f3venes a la ciencia de una manera agradable.","breadcrumb":{"@id":"https:\/\/centrourbano.com\/revista\/arquitectura-2\/reconocen-fab-lab-la-universidad-anahuac\/#breadcrumb"},"inLanguage":"es","potentialAction":[{"@type":"ReadAction","target":["https:\/\/centrourbano.com\/revista\/arquitectura-2\/reconocen-fab-lab-la-universidad-anahuac\/"]}]},{"@type":"ImageObject","inLanguage":"es","@id":"https:\/\/centrourbano.com\/revista\/arquitectura-2\/reconocen-fab-lab-la-universidad-anahuac\/#primaryimage","url":"https:\/\/centrourbano.com\/revista\/wp-content\/uploads\/fab-lab.jpg","contentUrl":"https:\/\/centrourbano.com\/revista\/wp-content\/uploads\/fab-lab.jpg","width":1000,"height":577,"caption":"Se imparti\u00f3 un taller a 20 ni\u00f1os del Colegio Jes\u00fas de Urquiaga para acercarlos a la ciencia"},{"@type":"BreadcrumbList","@id":"https:\/\/centrourbano.com\/revista\/arquitectura-2\/reconocen-fab-lab-la-universidad-anahuac\/#breadcrumb","itemListElement":[{"@type":"ListItem","position":1,"name":"Portada","item":"https:\/\/centrourbano.com\/revista\/"},{"@type":"ListItem","position":2,"name":"Reconocen el Fab Lab de la Universidad An\u00e1huac"}]},{"@type":"WebSite","@id":"https:\/\/centrourbano.com\/revista\/#website","url":"https:\/\/centrourbano.com\/revista\/","name":"Centro Urbano","description":"Medio especializado en los sectores vivienda, inmobiliario, construcci\u00f3n, arquitectura y urbanismo.","publisher":{"@id":"https:\/\/centrourbano.com\/revista\/#organization"},"potentialAction":[{"@type":"SearchAction","target":{"@type":"EntryPoint","urlTemplate":"https:\/\/centrourbano.com\/revista\/?s={search_term_string}"},"query-input":{"@type":"PropertyValueSpecification","valueRequired":true,"valueName":"search_term_string"}}],"inLanguage":"es"},{"@type":"Organization","@id":"https:\/\/centrourbano.com\/revista\/#organization","name":"Centro Urbano","url":"https:\/\/centrourbano.com\/revista\/","logo":{"@type":"ImageObject","inLanguage":"es","@id":"https:\/\/centrourbano.com\/revista\/#\/schema\/logo\/image\/","url":"https:\/\/centrourbano.com\/revista\/wp-content\/uploads\/web_CU_logo-1.png","contentUrl":"https:\/\/centrourbano.com\/revista\/wp-content\/uploads\/web_CU_logo-1.png","width":350,"height":91,"caption":"Centro Urbano"},"image":{"@id":"https:\/\/centrourbano.com\/revista\/#\/schema\/logo\/image\/"},"sameAs":["https:\/\/www.facebook.com\/portalcentrourbano","https:\/\/x.com\/CentroUrbano","https:\/\/www.instagram.com\/centro_urbano\/","https:\/\/www.linkedin.com\/company\/centro-urbano\/","http:\/\/www.youtube.com\/user\/portalcentrourbano"]},{"@type":"Person","@id":"https:\/\/centrourbano.com\/revista\/#\/schema\/person\/b50192a3cd0e680841b45dc537f53970","name":"Diego Rodr\u00edguez","image":{"@type":"ImageObject","inLanguage":"es","@id":"https:\/\/secure.gravatar.com\/avatar\/d217565525df2df5d4e7265d47758506f41845ed9529510921a7625d8365789d?s=96&d=mm&r=g","url":"https:\/\/secure.gravatar.com\/avatar\/d217565525df2df5d4e7265d47758506f41845ed9529510921a7625d8365789d?s=96&d=mm&r=g","contentUrl":"https:\/\/secure.gravatar.com\/avatar\/d217565525df2df5d4e7265d47758506f41845ed9529510921a7625d8365789d?s=96&d=mm&r=g","caption":"Diego Rodr\u00edguez"},"description":"Egresado de la Facultad de Estudios Superiores Acatl\u00e1n de la carrera en Comunicaci\u00f3n, con especialidad en medios escritos. Reportero del desaparecido peri\u00f3dico Nuestro M\u00e9xico, en donde cubri\u00f3 las fuentes delegacionales y Asamblea Legislativa. Tambi\u00e9n trabaj\u00f3 en la Coordinaci\u00f3n de Comunicaci\u00f3n Social en la delegaci\u00f3n \u00c1lvaro Obreg\u00f3n. Le gusta leer novelas y cuentos.","url":"https:\/\/centrourbano.com\/revista\/author\/diegorodriguez\/"}]}},"_links":{"self":[{"href":"https:\/\/centrourbano.com\/revista\/wp-json\/wp\/v2\/posts\/56920","targetHints":{"allow":["GET"]}}],"collection":[{"href":"https:\/\/centrourbano.com\/revista\/wp-json\/wp\/v2\/posts"}],"about":[{"href":"https:\/\/centrourbano.com\/revista\/wp-json\/wp\/v2\/types\/post"}],"author":[{"embeddable":true,"href":"https:\/\/centrourbano.com\/revista\/wp-json\/wp\/v2\/users\/37"}],"replies":[{"embeddable":true,"href":"https:\/\/centrourbano.com\/revista\/wp-json\/wp\/v2\/comments?post=56920"}],"version-history":[{"count":0,"href":"https:\/\/centrourbano.com\/revista\/wp-json\/wp\/v2\/posts\/56920\/revisions"}],"wp:featuredmedia":[{"embeddable":true,"href":"https:\/\/centrourbano.com\/revista\/wp-json\/wp\/v2\/media\/56928"}],"wp:attachment":[{"href":"https:\/\/centrourbano.com\/revista\/wp-json\/wp\/v2\/media?parent=56920"}],"wp:term":[{"taxonomy":"category","embeddable":true,"href":"https:\/\/centrourbano.com\/revista\/wp-json\/wp\/v2\/categories?post=56920"},{"taxonomy":"post_tag","embeddable":true,"href":"https:\/\/centrourbano.com\/revista\/wp-json\/wp\/v2\/tags?post=56920"}],"curies":[{"name":"wp","href":"https:\/\/api.w.org\/{rel}","templated":true}]}}