{"id":56910,"date":"2017-07-24T07:15:27","date_gmt":"2017-07-24T12:15:27","guid":{"rendered":"https:\/\/centrourbano.com\/?p=56910"},"modified":"2017-07-23T23:31:26","modified_gmt":"2017-07-24T04:31:26","slug":"fovissste-ha-cancelado-117576-hipotecas-desde-2013","status":"publish","type":"post","link":"https:\/\/centrourbano.com\/revista\/vivienda\/fovissste-ha-cancelado-117576-hipotecas-desde-2013\/","title":{"rendered":"Fovissste ha cancelado 117,576 hipotecas desde 2013"},"content":{"rendered":"<p><em>El n\u00famero de cancelaciones ha presentado una tendencia a la alza desde el inicio del gobierno, inform\u00f3 el Fondo<\/em><!--more--><\/p>\n<p>En lo que va de la actual administraci\u00f3n, el Fondo de la Vivienda del issste (Fovissste) ha cancelado 117,576 hipotecas, con lo que \u201cotorga certeza jur\u00eddica a sus derechohabientes\u201d. <\/p>\n<p>As\u00ed lo inform\u00f3 el organismo, quien a\u00f1adi\u00f3 que con estas acciones los trabajadores tienen seguridad sobre su inmueble, al quedar liberado del gravamen a favor del Fovissste disponer libremente de la vivienda que adquirieron.<\/p>\n<p>De acuerdo con los datos del Fondo, el n\u00famero de cancelaciones de hipotecas ha presentado una tendencia a la alza desde el inicio de la administraci\u00f3n. As\u00ed, explic\u00f3, en 2013 el fondo cancel\u00f3 19,180 hipotecas, mientras que para 2014 el n\u00famero fue de 22,947. Para 2015, el organismo consolid\u00f3 la cancelaci\u00f3n de 27,146 hipotecas; y para 2016 la cifra lleg\u00f3 a 31,759. A\u00f1adi\u00f3 que en los primero seis meses de 2017, el n\u00famero de cancelaciones llega a 16,274. <\/p>\n<p>El Fondo llam\u00f3 a los trabajadores que ya concluyeron el pago de sus financiamientos a acercarse a los departamentos de vivienda en su entidad, para continuar con el tr\u00e1mite que les permita cancelar su hipoteca. <\/p>\n<p>\u201cCon estas acciones, el Fovissste contribuye a que cada vez m\u00e1s mexicanos tengan una casa digna, as\u00ed como a reducir el rezago habitacional tal como lo se\u00f1ala la Pol\u00edtica Nacional de Vivienda que impulsa el Gobierno de la Rep\u00fablica\u201d, apunt\u00f3. <\/p>\n","protected":false},"excerpt":{"rendered":"<p>El n\u00famero de cancelaciones ha presentado una tendencia a la alza desde el inicio del gobierno, inform\u00f3 el Fondo<\/p>\n","protected":false},"author":47,"featured_media":45649,"comment_status":"open","ping_status":"closed","sticky":false,"template":"","format":"standard","meta":{"om_disable_all_campaigns":false,"inline_featured_image":false,"_monsterinsights_skip_tracking":false,"_monsterinsights_sitenote_active":false,"_monsterinsights_sitenote_note":"","_monsterinsights_sitenote_category":0,"footnotes":""},"categories":[12],"tags":[10634,155,1291,6765,60],"class_list":["post-56910","post","type-post","status-publish","format-standard","has-post-thumbnail","hentry","category-vivienda","tag-cancelacion","tag-fovissste","tag-hipotecas","tag-luis-antonio-godina-herrera","tag-vivienda-2"],"yoast_head":"<!-- This site is optimized with the Yoast SEO plugin v27.5 - https:\/\/yoast.com\/product\/yoast-seo-wordpress\/ -->\n<title>Fovissste ha cancelado 117,576 hipotecas desde 2013 -<\/title>\n<meta name=\"description\" content=\"En lo que va de la actual administraci\u00f3n, el Fondo de la Vivienda del issste (Fovissste) ha cancelado 117,576 hipotecas, con lo que \u201cotorga certeza jur\u00eddica a sus derechohabientes\u201d.\" \/>\n<meta name=\"robots\" content=\"index, follow, max-snippet:-1, max-image-preview:large, max-video-preview:-1\" \/>\n<link rel=\"canonical\" href=\"https:\/\/centrourbano.com\/revista\/vivienda\/fovissste-ha-cancelado-117576-hipotecas-desde-2013\/\" \/>\n<meta property=\"og:locale\" content=\"es_ES\" \/>\n<meta property=\"og:type\" content=\"article\" \/>\n<meta property=\"og:title\" content=\"Fovissste ha cancelado 117,576 hipotecas desde 2013 -\" \/>\n<meta property=\"og:description\" content=\"En lo que va de la actual administraci\u00f3n, el Fondo de la Vivienda del issste (Fovissste) ha cancelado 117,576 hipotecas, con lo que \u201cotorga certeza jur\u00eddica a sus derechohabientes\u201d.\" \/>\n<meta property=\"og:url\" content=\"https:\/\/centrourbano.com\/revista\/vivienda\/fovissste-ha-cancelado-117576-hipotecas-desde-2013\/\" \/>\n<meta property=\"og:site_name\" content=\"Centro Urbano\" \/>\n<meta property=\"article:publisher\" content=\"https:\/\/www.facebook.com\/portalcentrourbano\" \/>\n<meta property=\"article:published_time\" content=\"2017-07-24T12:15:27+00:00\" \/>\n<meta property=\"og:image\" content=\"https:\/\/centrourbano.com\/revista\/wp-content\/uploads\/Fovissste-1.jpg\" \/>\n\t<meta property=\"og:image:width\" content=\"1200\" \/>\n\t<meta property=\"og:image:height\" content=\"800\" \/>\n\t<meta property=\"og:image:type\" content=\"image\/jpeg\" \/>\n<meta name=\"author\" content=\"Edgar Rosas\" \/>\n<meta name=\"twitter:card\" content=\"summary_large_image\" \/>\n<meta name=\"twitter:creator\" content=\"@https:\/\/twitter.com\/ERosasCU?s=09\" \/>\n<meta name=\"twitter:site\" content=\"@CentroUrbano\" \/>\n<meta name=\"twitter:label1\" content=\"Escrito por\" \/>\n\t<meta name=\"twitter:data1\" content=\"Edgar Rosas\" \/>\n\t<meta name=\"twitter:label2\" content=\"Tiempo de lectura\" \/>\n\t<meta name=\"twitter:data2\" content=\"1 minuto\" \/>\n<script type=\"application\/ld+json\" class=\"yoast-schema-graph\">{\"@context\":\"https:\\\/\\\/schema.org\",\"@graph\":[{\"@type\":\"Article\",\"@id\":\"https:\\\/\\\/centrourbano.com\\\/revista\\\/vivienda\\\/fovissste-ha-cancelado-117576-hipotecas-desde-2013\\\/#article\",\"isPartOf\":{\"@id\":\"https:\\\/\\\/centrourbano.com\\\/revista\\\/vivienda\\\/fovissste-ha-cancelado-117576-hipotecas-desde-2013\\\/\"},\"author\":{\"name\":\"Edgar Rosas\",\"@id\":\"https:\\\/\\\/centrourbano.com\\\/revista\\\/#\\\/schema\\\/person\\\/ff3c00651ce5b1630479d2cd0c2e3ac0\"},\"headline\":\"Fovissste ha cancelado 117,576 hipotecas desde 2013\",\"datePublished\":\"2017-07-24T12:15:27+00:00\",\"mainEntityOfPage\":{\"@id\":\"https:\\\/\\\/centrourbano.com\\\/revista\\\/vivienda\\\/fovissste-ha-cancelado-117576-hipotecas-desde-2013\\\/\"},\"wordCount\":244,\"commentCount\":0,\"publisher\":{\"@id\":\"https:\\\/\\\/centrourbano.com\\\/revista\\\/#organization\"},\"image\":{\"@id\":\"https:\\\/\\\/centrourbano.com\\\/revista\\\/vivienda\\\/fovissste-ha-cancelado-117576-hipotecas-desde-2013\\\/#primaryimage\"},\"thumbnailUrl\":\"https:\\\/\\\/centrourbano.com\\\/revista\\\/wp-content\\\/uploads\\\/Fovissste-1.jpg\",\"keywords\":[\"cancelaci\u00f3n\",\"Fovissste\",\"Hipotecas\",\"Luis Antonio Godina Herrera\",\"vivienda\"],\"articleSection\":[\"Vivienda\"],\"inLanguage\":\"es\",\"potentialAction\":[{\"@type\":\"CommentAction\",\"name\":\"Comment\",\"target\":[\"https:\\\/\\\/centrourbano.com\\\/revista\\\/vivienda\\\/fovissste-ha-cancelado-117576-hipotecas-desde-2013\\\/#respond\"]}]},{\"@type\":\"WebPage\",\"@id\":\"https:\\\/\\\/centrourbano.com\\\/revista\\\/vivienda\\\/fovissste-ha-cancelado-117576-hipotecas-desde-2013\\\/\",\"url\":\"https:\\\/\\\/centrourbano.com\\\/revista\\\/vivienda\\\/fovissste-ha-cancelado-117576-hipotecas-desde-2013\\\/\",\"name\":\"Fovissste ha cancelado 117,576 hipotecas desde 2013 -\",\"isPartOf\":{\"@id\":\"https:\\\/\\\/centrourbano.com\\\/revista\\\/#website\"},\"primaryImageOfPage\":{\"@id\":\"https:\\\/\\\/centrourbano.com\\\/revista\\\/vivienda\\\/fovissste-ha-cancelado-117576-hipotecas-desde-2013\\\/#primaryimage\"},\"image\":{\"@id\":\"https:\\\/\\\/centrourbano.com\\\/revista\\\/vivienda\\\/fovissste-ha-cancelado-117576-hipotecas-desde-2013\\\/#primaryimage\"},\"thumbnailUrl\":\"https:\\\/\\\/centrourbano.com\\\/revista\\\/wp-content\\\/uploads\\\/Fovissste-1.jpg\",\"datePublished\":\"2017-07-24T12:15:27+00:00\",\"description\":\"En lo que va de la actual administraci\u00f3n, el Fondo de la Vivienda del issste (Fovissste) ha cancelado 117,576 hipotecas, con lo que \u201cotorga certeza jur\u00eddica a sus derechohabientes\u201d.\",\"breadcrumb\":{\"@id\":\"https:\\\/\\\/centrourbano.com\\\/revista\\\/vivienda\\\/fovissste-ha-cancelado-117576-hipotecas-desde-2013\\\/#breadcrumb\"},\"inLanguage\":\"es\",\"potentialAction\":[{\"@type\":\"ReadAction\",\"target\":[\"https:\\\/\\\/centrourbano.com\\\/revista\\\/vivienda\\\/fovissste-ha-cancelado-117576-hipotecas-desde-2013\\\/\"]}]},{\"@type\":\"ImageObject\",\"inLanguage\":\"es\",\"@id\":\"https:\\\/\\\/centrourbano.com\\\/revista\\\/vivienda\\\/fovissste-ha-cancelado-117576-hipotecas-desde-2013\\\/#primaryimage\",\"url\":\"https:\\\/\\\/centrourbano.com\\\/revista\\\/wp-content\\\/uploads\\\/Fovissste-1.jpg\",\"contentUrl\":\"https:\\\/\\\/centrourbano.com\\\/revista\\\/wp-content\\\/uploads\\\/Fovissste-1.jpg\",\"width\":1200,\"height\":800,\"caption\":\"El Fondo prev\u00e9 otorgar 5,000 financiamientos bajo este esquema\"},{\"@type\":\"BreadcrumbList\",\"@id\":\"https:\\\/\\\/centrourbano.com\\\/revista\\\/vivienda\\\/fovissste-ha-cancelado-117576-hipotecas-desde-2013\\\/#breadcrumb\",\"itemListElement\":[{\"@type\":\"ListItem\",\"position\":1,\"name\":\"Portada\",\"item\":\"https:\\\/\\\/centrourbano.com\\\/revista\\\/\"},{\"@type\":\"ListItem\",\"position\":2,\"name\":\"Fovissste ha cancelado 117,576 hipotecas desde 2013\"}]},{\"@type\":\"WebSite\",\"@id\":\"https:\\\/\\\/centrourbano.com\\\/revista\\\/#website\",\"url\":\"https:\\\/\\\/centrourbano.com\\\/revista\\\/\",\"name\":\"Centro Urbano\",\"description\":\"Medio especializado en los sectores vivienda, inmobiliario, construcci\u00f3n, arquitectura y urbanismo.\",\"publisher\":{\"@id\":\"https:\\\/\\\/centrourbano.com\\\/revista\\\/#organization\"},\"potentialAction\":[{\"@type\":\"SearchAction\",\"target\":{\"@type\":\"EntryPoint\",\"urlTemplate\":\"https:\\\/\\\/centrourbano.com\\\/revista\\\/?s={search_term_string}\"},\"query-input\":{\"@type\":\"PropertyValueSpecification\",\"valueRequired\":true,\"valueName\":\"search_term_string\"}}],\"inLanguage\":\"es\"},{\"@type\":\"Organization\",\"@id\":\"https:\\\/\\\/centrourbano.com\\\/revista\\\/#organization\",\"name\":\"Centro Urbano\",\"url\":\"https:\\\/\\\/centrourbano.com\\\/revista\\\/\",\"logo\":{\"@type\":\"ImageObject\",\"inLanguage\":\"es\",\"@id\":\"https:\\\/\\\/centrourbano.com\\\/revista\\\/#\\\/schema\\\/logo\\\/image\\\/\",\"url\":\"https:\\\/\\\/centrourbano.com\\\/revista\\\/wp-content\\\/uploads\\\/web_CU_logo-1.png\",\"contentUrl\":\"https:\\\/\\\/centrourbano.com\\\/revista\\\/wp-content\\\/uploads\\\/web_CU_logo-1.png\",\"width\":350,\"height\":91,\"caption\":\"Centro Urbano\"},\"image\":{\"@id\":\"https:\\\/\\\/centrourbano.com\\\/revista\\\/#\\\/schema\\\/logo\\\/image\\\/\"},\"sameAs\":[\"https:\\\/\\\/www.facebook.com\\\/portalcentrourbano\",\"https:\\\/\\\/x.com\\\/CentroUrbano\",\"https:\\\/\\\/www.instagram.com\\\/centro_urbano\\\/\",\"https:\\\/\\\/www.linkedin.com\\\/company\\\/centro-urbano\\\/\",\"http:\\\/\\\/www.youtube.com\\\/user\\\/portalcentrourbano\"]},{\"@type\":\"Person\",\"@id\":\"https:\\\/\\\/centrourbano.com\\\/revista\\\/#\\\/schema\\\/person\\\/ff3c00651ce5b1630479d2cd0c2e3ac0\",\"name\":\"Edgar Rosas\",\"image\":{\"@type\":\"ImageObject\",\"inLanguage\":\"es\",\"@id\":\"https:\\\/\\\/secure.gravatar.com\\\/avatar\\\/94440c4283495211faa5300bf85e80061036b83fced868c3783aa1310b350d9c?s=96&d=mm&r=g\",\"url\":\"https:\\\/\\\/secure.gravatar.com\\\/avatar\\\/94440c4283495211faa5300bf85e80061036b83fced868c3783aa1310b350d9c?s=96&d=mm&r=g\",\"contentUrl\":\"https:\\\/\\\/secure.gravatar.com\\\/avatar\\\/94440c4283495211faa5300bf85e80061036b83fced868c3783aa1310b350d9c?s=96&d=mm&r=g\",\"caption\":\"Edgar Rosas\"},\"description\":\"Editor en Jefe de Centro Urbano. Egresado de la maestr\u00eda en Periodismo Pol\u00edtico de la Escuela de Periodismo Carlos Septi\u00e9n Garc\u00eda (EPCSG). Estudi\u00f3 la licenciatura en Comunicaci\u00f3n en la Universidad Mexicana. Amante de la cr\u00f3nica y el reportaje. Admirador de Vicente Le\u00f1ero y Miguel \u00c1ngel Granados Chapa.\",\"sameAs\":[\"https:\\\/\\\/x.com\\\/https:\\\/\\\/twitter.com\\\/ERosasCU?s=09\"],\"url\":\"https:\\\/\\\/centrourbano.com\\\/revista\\\/author\\\/edgar-rosas\\\/\"}]}<\/script>\n<!-- \/ Yoast SEO plugin. -->","yoast_head_json":{"title":"Fovissste ha cancelado 117,576 hipotecas desde 2013 -","description":"En lo que va de la actual administraci\u00f3n, el Fondo de la Vivienda del issste (Fovissste) ha cancelado 117,576 hipotecas, con lo que \u201cotorga certeza jur\u00eddica a sus derechohabientes\u201d.","robots":{"index":"index","follow":"follow","max-snippet":"max-snippet:-1","max-image-preview":"max-image-preview:large","max-video-preview":"max-video-preview:-1"},"canonical":"https:\/\/centrourbano.com\/revista\/vivienda\/fovissste-ha-cancelado-117576-hipotecas-desde-2013\/","og_locale":"es_ES","og_type":"article","og_title":"Fovissste ha cancelado 117,576 hipotecas desde 2013 -","og_description":"En lo que va de la actual administraci\u00f3n, el Fondo de la Vivienda del issste (Fovissste) ha cancelado 117,576 hipotecas, con lo que \u201cotorga certeza jur\u00eddica a sus derechohabientes\u201d.","og_url":"https:\/\/centrourbano.com\/revista\/vivienda\/fovissste-ha-cancelado-117576-hipotecas-desde-2013\/","og_site_name":"Centro Urbano","article_publisher":"https:\/\/www.facebook.com\/portalcentrourbano","article_published_time":"2017-07-24T12:15:27+00:00","og_image":[{"width":1200,"height":800,"url":"https:\/\/centrourbano.com\/revista\/wp-content\/uploads\/Fovissste-1.jpg","type":"image\/jpeg"}],"author":"Edgar Rosas","twitter_card":"summary_large_image","twitter_creator":"@https:\/\/twitter.com\/ERosasCU?s=09","twitter_site":"@CentroUrbano","twitter_misc":{"Escrito por":"Edgar Rosas","Tiempo de lectura":"1 minuto"},"schema":{"@context":"https:\/\/schema.org","@graph":[{"@type":"Article","@id":"https:\/\/centrourbano.com\/revista\/vivienda\/fovissste-ha-cancelado-117576-hipotecas-desde-2013\/#article","isPartOf":{"@id":"https:\/\/centrourbano.com\/revista\/vivienda\/fovissste-ha-cancelado-117576-hipotecas-desde-2013\/"},"author":{"name":"Edgar Rosas","@id":"https:\/\/centrourbano.com\/revista\/#\/schema\/person\/ff3c00651ce5b1630479d2cd0c2e3ac0"},"headline":"Fovissste ha cancelado 117,576 hipotecas desde 2013","datePublished":"2017-07-24T12:15:27+00:00","mainEntityOfPage":{"@id":"https:\/\/centrourbano.com\/revista\/vivienda\/fovissste-ha-cancelado-117576-hipotecas-desde-2013\/"},"wordCount":244,"commentCount":0,"publisher":{"@id":"https:\/\/centrourbano.com\/revista\/#organization"},"image":{"@id":"https:\/\/centrourbano.com\/revista\/vivienda\/fovissste-ha-cancelado-117576-hipotecas-desde-2013\/#primaryimage"},"thumbnailUrl":"https:\/\/centrourbano.com\/revista\/wp-content\/uploads\/Fovissste-1.jpg","keywords":["cancelaci\u00f3n","Fovissste","Hipotecas","Luis Antonio Godina Herrera","vivienda"],"articleSection":["Vivienda"],"inLanguage":"es","potentialAction":[{"@type":"CommentAction","name":"Comment","target":["https:\/\/centrourbano.com\/revista\/vivienda\/fovissste-ha-cancelado-117576-hipotecas-desde-2013\/#respond"]}]},{"@type":"WebPage","@id":"https:\/\/centrourbano.com\/revista\/vivienda\/fovissste-ha-cancelado-117576-hipotecas-desde-2013\/","url":"https:\/\/centrourbano.com\/revista\/vivienda\/fovissste-ha-cancelado-117576-hipotecas-desde-2013\/","name":"Fovissste ha cancelado 117,576 hipotecas desde 2013 -","isPartOf":{"@id":"https:\/\/centrourbano.com\/revista\/#website"},"primaryImageOfPage":{"@id":"https:\/\/centrourbano.com\/revista\/vivienda\/fovissste-ha-cancelado-117576-hipotecas-desde-2013\/#primaryimage"},"image":{"@id":"https:\/\/centrourbano.com\/revista\/vivienda\/fovissste-ha-cancelado-117576-hipotecas-desde-2013\/#primaryimage"},"thumbnailUrl":"https:\/\/centrourbano.com\/revista\/wp-content\/uploads\/Fovissste-1.jpg","datePublished":"2017-07-24T12:15:27+00:00","description":"En lo que va de la actual administraci\u00f3n, el Fondo de la Vivienda del issste (Fovissste) ha cancelado 117,576 hipotecas, con lo que \u201cotorga certeza jur\u00eddica a sus derechohabientes\u201d.","breadcrumb":{"@id":"https:\/\/centrourbano.com\/revista\/vivienda\/fovissste-ha-cancelado-117576-hipotecas-desde-2013\/#breadcrumb"},"inLanguage":"es","potentialAction":[{"@type":"ReadAction","target":["https:\/\/centrourbano.com\/revista\/vivienda\/fovissste-ha-cancelado-117576-hipotecas-desde-2013\/"]}]},{"@type":"ImageObject","inLanguage":"es","@id":"https:\/\/centrourbano.com\/revista\/vivienda\/fovissste-ha-cancelado-117576-hipotecas-desde-2013\/#primaryimage","url":"https:\/\/centrourbano.com\/revista\/wp-content\/uploads\/Fovissste-1.jpg","contentUrl":"https:\/\/centrourbano.com\/revista\/wp-content\/uploads\/Fovissste-1.jpg","width":1200,"height":800,"caption":"El Fondo prev\u00e9 otorgar 5,000 financiamientos bajo este esquema"},{"@type":"BreadcrumbList","@id":"https:\/\/centrourbano.com\/revista\/vivienda\/fovissste-ha-cancelado-117576-hipotecas-desde-2013\/#breadcrumb","itemListElement":[{"@type":"ListItem","position":1,"name":"Portada","item":"https:\/\/centrourbano.com\/revista\/"},{"@type":"ListItem","position":2,"name":"Fovissste ha cancelado 117,576 hipotecas desde 2013"}]},{"@type":"WebSite","@id":"https:\/\/centrourbano.com\/revista\/#website","url":"https:\/\/centrourbano.com\/revista\/","name":"Centro Urbano","description":"Medio especializado en los sectores vivienda, inmobiliario, construcci\u00f3n, arquitectura y urbanismo.","publisher":{"@id":"https:\/\/centrourbano.com\/revista\/#organization"},"potentialAction":[{"@type":"SearchAction","target":{"@type":"EntryPoint","urlTemplate":"https:\/\/centrourbano.com\/revista\/?s={search_term_string}"},"query-input":{"@type":"PropertyValueSpecification","valueRequired":true,"valueName":"search_term_string"}}],"inLanguage":"es"},{"@type":"Organization","@id":"https:\/\/centrourbano.com\/revista\/#organization","name":"Centro Urbano","url":"https:\/\/centrourbano.com\/revista\/","logo":{"@type":"ImageObject","inLanguage":"es","@id":"https:\/\/centrourbano.com\/revista\/#\/schema\/logo\/image\/","url":"https:\/\/centrourbano.com\/revista\/wp-content\/uploads\/web_CU_logo-1.png","contentUrl":"https:\/\/centrourbano.com\/revista\/wp-content\/uploads\/web_CU_logo-1.png","width":350,"height":91,"caption":"Centro Urbano"},"image":{"@id":"https:\/\/centrourbano.com\/revista\/#\/schema\/logo\/image\/"},"sameAs":["https:\/\/www.facebook.com\/portalcentrourbano","https:\/\/x.com\/CentroUrbano","https:\/\/www.instagram.com\/centro_urbano\/","https:\/\/www.linkedin.com\/company\/centro-urbano\/","http:\/\/www.youtube.com\/user\/portalcentrourbano"]},{"@type":"Person","@id":"https:\/\/centrourbano.com\/revista\/#\/schema\/person\/ff3c00651ce5b1630479d2cd0c2e3ac0","name":"Edgar Rosas","image":{"@type":"ImageObject","inLanguage":"es","@id":"https:\/\/secure.gravatar.com\/avatar\/94440c4283495211faa5300bf85e80061036b83fced868c3783aa1310b350d9c?s=96&d=mm&r=g","url":"https:\/\/secure.gravatar.com\/avatar\/94440c4283495211faa5300bf85e80061036b83fced868c3783aa1310b350d9c?s=96&d=mm&r=g","contentUrl":"https:\/\/secure.gravatar.com\/avatar\/94440c4283495211faa5300bf85e80061036b83fced868c3783aa1310b350d9c?s=96&d=mm&r=g","caption":"Edgar Rosas"},"description":"Editor en Jefe de Centro Urbano. Egresado de la maestr\u00eda en Periodismo Pol\u00edtico de la Escuela de Periodismo Carlos Septi\u00e9n Garc\u00eda (EPCSG). Estudi\u00f3 la licenciatura en Comunicaci\u00f3n en la Universidad Mexicana. Amante de la cr\u00f3nica y el reportaje. Admirador de Vicente Le\u00f1ero y Miguel \u00c1ngel Granados Chapa.","sameAs":["https:\/\/x.com\/https:\/\/twitter.com\/ERosasCU?s=09"],"url":"https:\/\/centrourbano.com\/revista\/author\/edgar-rosas\/"}]}},"_links":{"self":[{"href":"https:\/\/centrourbano.com\/revista\/wp-json\/wp\/v2\/posts\/56910","targetHints":{"allow":["GET"]}}],"collection":[{"href":"https:\/\/centrourbano.com\/revista\/wp-json\/wp\/v2\/posts"}],"about":[{"href":"https:\/\/centrourbano.com\/revista\/wp-json\/wp\/v2\/types\/post"}],"author":[{"embeddable":true,"href":"https:\/\/centrourbano.com\/revista\/wp-json\/wp\/v2\/users\/47"}],"replies":[{"embeddable":true,"href":"https:\/\/centrourbano.com\/revista\/wp-json\/wp\/v2\/comments?post=56910"}],"version-history":[{"count":0,"href":"https:\/\/centrourbano.com\/revista\/wp-json\/wp\/v2\/posts\/56910\/revisions"}],"wp:featuredmedia":[{"embeddable":true,"href":"https:\/\/centrourbano.com\/revista\/wp-json\/wp\/v2\/media\/45649"}],"wp:attachment":[{"href":"https:\/\/centrourbano.com\/revista\/wp-json\/wp\/v2\/media?parent=56910"}],"wp:term":[{"taxonomy":"category","embeddable":true,"href":"https:\/\/centrourbano.com\/revista\/wp-json\/wp\/v2\/categories?post=56910"},{"taxonomy":"post_tag","embeddable":true,"href":"https:\/\/centrourbano.com\/revista\/wp-json\/wp\/v2\/tags?post=56910"}],"curies":[{"name":"wp","href":"https:\/\/api.w.org\/{rel}","templated":true}]}}