{"id":56698,"date":"2017-07-19T13:51:33","date_gmt":"2017-07-19T18:51:33","guid":{"rendered":"https:\/\/centrourbano.com\/?p=56698"},"modified":"2017-07-19T13:54:09","modified_gmt":"2017-07-19T18:54:09","slug":"bosque-movil-limpiar-aire-ciudades","status":"publish","type":"post","link":"https:\/\/centrourbano.com\/revista\/urbanismo\/bosque-movil-limpiar-aire-ciudades\/","title":{"rendered":"Crean bosque m\u00f3vil para limpiar aire de las ciudades"},"content":{"rendered":"<p><em>12 metros cuadrados absorben part\u00edculas contaminantes como si fuera un bosque de 275 \u00e1rboles<\/em><\/p>\n<p>&nbsp;<\/p>\n<p>Seg\u00fan datos de la seg\u00fan datos de <a href=\"http:\/\/www.who.int\/es\/\"><strong>la Organizaci\u00f3n Mundial de la Salud (OMS)<\/strong><\/a> la contaminaci\u00f3n atmosf\u00e9rica es la causa de la muerte de 7 millones de personas al a\u00f1o en todo el mundo.<\/p>\n<p>&nbsp;<\/p>\n<p>Debido a esto, y a las afectaciones que, en la calidad de vida de los habitantes de ciudades, diversos organismos se han dado a la tarea de buscar soluciones para ayudar a limpiar el aire y generar conciencia sobre la importancia de modificar nuestros h\u00e1bitos.<\/p>\n<p>&nbsp;<\/p>\n<p>Uno de los proyectos que han surgido es <strong>City Tree<\/strong>, desarrollado por Peter S\u00e4ng, D\u00e9nes Honus, Victor Splittgerber, Liang Wu a trav\u00e9s de la firma alemana <a href=\"https:\/\/greencitysolutions.de\/\"><strong>Green City Solutions<\/strong><\/a> que desde 2014 ha recibido m\u00e1s de 10 premios por esta iniciativa, adem\u00e1s de reconocimientos en otros concursos internacionales.<\/p>\n<p>&nbsp;<\/p>\n<p>Consiste en un m\u00f3dulo que parece un simple muro verde, pero que en tan solo 12 metros cuadrados es capaz de absorber las part\u00edculas contaminantes como si fuera un bosque de 275 \u00e1rboles. Esto quiere decir que en un d\u00eda puede capturar 250 gramos de part\u00edculas de CO2 y en un a\u00f1o 240 toneladas.<\/p>\n<p>&nbsp;<\/p>\n<p>Esto es gracias al musgo, principal planta que est\u00e1 en las m\u00e1s de 1.600 macetas. La mantenci\u00f3n de esta especie se realiza con el apoyo de un sistema de sensores que se abastece mediante paneles solares y que permite recolectar informaci\u00f3n sobre la calidad del agua de lluvia, la humedad del aire y la temperatura, entre otros indicadores.<\/p>\n<p>&nbsp;<\/p>\n<p>Adicionalmente, significa una reducci\u00f3n de espacio hasta de 99% en comparaci\u00f3n con un bosque tradicional y que se puede trasladar de un sitio a otro.<\/p>\n<p>&nbsp;<\/p>\n<p>Su costo es de 25,000 d\u00f3lares, por lo que a\u00fan puede resultar elevado para muchas ciudades, sin embargo, ya son m\u00e1s de 20 las que han optado por contar con uno, entre ellas Dresden, la ciudad de origen del proyecto, Bruselas, Hong Kong, Oslo y Par\u00eds.<\/p>\n<p>&nbsp;<\/p>\n","protected":false},"excerpt":{"rendered":"<p>12 metros cuadrados absorben part\u00edculas contaminantes como si fuera un bosque de 275 \u00e1rboles &nbsp; Seg\u00fan datos de la seg\u00fan datos de la Organizaci\u00f3n Mundial de la Salud (OMS) la contaminaci\u00f3n atmosf\u00e9rica es la causa de la muerte de 7 millones de personas al a\u00f1o en todo el mundo. &nbsp; Debido a esto, y a [&hellip;]<\/p>\n","protected":false},"author":45,"featured_media":56702,"comment_status":"open","ping_status":"closed","sticky":false,"template":"","format":"standard","meta":{"om_disable_all_campaigns":false,"inline_featured_image":false,"_monsterinsights_skip_tracking":false,"_monsterinsights_sitenote_active":false,"_monsterinsights_sitenote_note":"","_monsterinsights_sitenote_category":0,"footnotes":""},"categories":[82],"tags":[4352,10583,211,10584,10582],"class_list":["post-56698","post","type-post","status-publish","format-standard","has-post-thumbnail","hentry","category-urbanismo","tag-bosque","tag-city-tree","tag-ciudades","tag-musgo","tag-organizacion-mundial-de-la-salud"],"yoast_head":"<!-- This site is optimized with the Yoast SEO plugin v27.4 - https:\/\/yoast.com\/product\/yoast-seo-wordpress\/ -->\n<title>Crean bosque m\u00f3vil para limpiar aire de las ciudades -<\/title>\n<meta name=\"description\" content=\"12 metros cuadrados absorben part\u00edculas contaminantes como si fuera un bosque de 275 \u00e1rboles\" \/>\n<meta name=\"robots\" content=\"index, follow, max-snippet:-1, max-image-preview:large, max-video-preview:-1\" \/>\n<link rel=\"canonical\" href=\"https:\/\/centrourbano.com\/revista\/urbanismo\/bosque-movil-limpiar-aire-ciudades\/\" \/>\n<meta property=\"og:locale\" content=\"es_ES\" \/>\n<meta property=\"og:type\" content=\"article\" \/>\n<meta property=\"og:title\" content=\"Crean bosque m\u00f3vil para limpiar aire de las ciudades -\" \/>\n<meta property=\"og:description\" content=\"12 metros cuadrados absorben part\u00edculas contaminantes como si fuera un bosque de 275 \u00e1rboles\" \/>\n<meta property=\"og:url\" content=\"https:\/\/centrourbano.com\/revista\/urbanismo\/bosque-movil-limpiar-aire-ciudades\/\" \/>\n<meta property=\"og:site_name\" content=\"Centro Urbano\" \/>\n<meta property=\"article:publisher\" content=\"https:\/\/www.facebook.com\/portalcentrourbano\" \/>\n<meta property=\"article:published_time\" content=\"2017-07-19T18:51:33+00:00\" \/>\n<meta property=\"article:modified_time\" content=\"2017-07-19T18:54:09+00:00\" \/>\n<meta property=\"og:image\" content=\"https:\/\/centrourbano.com\/revista\/wp-content\/uploads\/citytree-green-city-solutions-2-1000x598.jpg\" \/>\n\t<meta property=\"og:image:width\" content=\"1000\" \/>\n\t<meta property=\"og:image:height\" content=\"598\" \/>\n\t<meta property=\"og:image:type\" content=\"image\/jpeg\" \/>\n<meta name=\"author\" content=\"Hanae Pacheco\" \/>\n<meta name=\"twitter:card\" content=\"summary_large_image\" \/>\n<meta name=\"twitter:creator\" content=\"@CentroUrbano\" \/>\n<meta name=\"twitter:site\" content=\"@CentroUrbano\" \/>\n<meta name=\"twitter:label1\" content=\"Escrito por\" \/>\n\t<meta name=\"twitter:data1\" content=\"Hanae Pacheco\" \/>\n\t<meta name=\"twitter:label2\" content=\"Tiempo de lectura\" \/>\n\t<meta name=\"twitter:data2\" content=\"2 minutos\" \/>\n<script type=\"application\/ld+json\" class=\"yoast-schema-graph\">{\"@context\":\"https:\\\/\\\/schema.org\",\"@graph\":[{\"@type\":\"Article\",\"@id\":\"https:\\\/\\\/centrourbano.com\\\/revista\\\/urbanismo\\\/bosque-movil-limpiar-aire-ciudades\\\/#article\",\"isPartOf\":{\"@id\":\"https:\\\/\\\/centrourbano.com\\\/revista\\\/urbanismo\\\/bosque-movil-limpiar-aire-ciudades\\\/\"},\"author\":{\"name\":\"Hanae Pacheco\",\"@id\":\"https:\\\/\\\/centrourbano.com\\\/revista\\\/#\\\/schema\\\/person\\\/db5aba19153b4dc77f48808c4c2e7027\"},\"headline\":\"Crean bosque m\u00f3vil para limpiar aire de las ciudades\",\"datePublished\":\"2017-07-19T18:51:33+00:00\",\"dateModified\":\"2017-07-19T18:54:09+00:00\",\"mainEntityOfPage\":{\"@id\":\"https:\\\/\\\/centrourbano.com\\\/revista\\\/urbanismo\\\/bosque-movil-limpiar-aire-ciudades\\\/\"},\"wordCount\":356,\"commentCount\":0,\"publisher\":{\"@id\":\"https:\\\/\\\/centrourbano.com\\\/revista\\\/#organization\"},\"image\":{\"@id\":\"https:\\\/\\\/centrourbano.com\\\/revista\\\/urbanismo\\\/bosque-movil-limpiar-aire-ciudades\\\/#primaryimage\"},\"thumbnailUrl\":\"https:\\\/\\\/centrourbano.com\\\/revista\\\/wp-content\\\/uploads\\\/citytree-green-city-solutions-2-1000x598.jpg\",\"keywords\":[\"bosque\",\"City Tree\",\"ciudades\",\"musgo\",\"Organizaci\u00f3n Mundial de la Salud\"],\"articleSection\":[\"Urbanismo\"],\"inLanguage\":\"es\",\"potentialAction\":[{\"@type\":\"CommentAction\",\"name\":\"Comment\",\"target\":[\"https:\\\/\\\/centrourbano.com\\\/revista\\\/urbanismo\\\/bosque-movil-limpiar-aire-ciudades\\\/#respond\"]}]},{\"@type\":\"WebPage\",\"@id\":\"https:\\\/\\\/centrourbano.com\\\/revista\\\/urbanismo\\\/bosque-movil-limpiar-aire-ciudades\\\/\",\"url\":\"https:\\\/\\\/centrourbano.com\\\/revista\\\/urbanismo\\\/bosque-movil-limpiar-aire-ciudades\\\/\",\"name\":\"Crean bosque m\u00f3vil para limpiar aire de las ciudades -\",\"isPartOf\":{\"@id\":\"https:\\\/\\\/centrourbano.com\\\/revista\\\/#website\"},\"primaryImageOfPage\":{\"@id\":\"https:\\\/\\\/centrourbano.com\\\/revista\\\/urbanismo\\\/bosque-movil-limpiar-aire-ciudades\\\/#primaryimage\"},\"image\":{\"@id\":\"https:\\\/\\\/centrourbano.com\\\/revista\\\/urbanismo\\\/bosque-movil-limpiar-aire-ciudades\\\/#primaryimage\"},\"thumbnailUrl\":\"https:\\\/\\\/centrourbano.com\\\/revista\\\/wp-content\\\/uploads\\\/citytree-green-city-solutions-2-1000x598.jpg\",\"datePublished\":\"2017-07-19T18:51:33+00:00\",\"dateModified\":\"2017-07-19T18:54:09+00:00\",\"description\":\"12 metros cuadrados absorben part\u00edculas contaminantes como si fuera un bosque de 275 \u00e1rboles\",\"breadcrumb\":{\"@id\":\"https:\\\/\\\/centrourbano.com\\\/revista\\\/urbanismo\\\/bosque-movil-limpiar-aire-ciudades\\\/#breadcrumb\"},\"inLanguage\":\"es\",\"potentialAction\":[{\"@type\":\"ReadAction\",\"target\":[\"https:\\\/\\\/centrourbano.com\\\/revista\\\/urbanismo\\\/bosque-movil-limpiar-aire-ciudades\\\/\"]}]},{\"@type\":\"ImageObject\",\"inLanguage\":\"es\",\"@id\":\"https:\\\/\\\/centrourbano.com\\\/revista\\\/urbanismo\\\/bosque-movil-limpiar-aire-ciudades\\\/#primaryimage\",\"url\":\"https:\\\/\\\/centrourbano.com\\\/revista\\\/wp-content\\\/uploads\\\/citytree-green-city-solutions-2-1000x598.jpg\",\"contentUrl\":\"https:\\\/\\\/centrourbano.com\\\/revista\\\/wp-content\\\/uploads\\\/citytree-green-city-solutions-2-1000x598.jpg\",\"width\":1000,\"height\":598,\"caption\":\"12 metros cuadrados absorben part\u00edculas contaminantes como si fuera un bosque de 275 \u00e1rboles\"},{\"@type\":\"BreadcrumbList\",\"@id\":\"https:\\\/\\\/centrourbano.com\\\/revista\\\/urbanismo\\\/bosque-movil-limpiar-aire-ciudades\\\/#breadcrumb\",\"itemListElement\":[{\"@type\":\"ListItem\",\"position\":1,\"name\":\"Portada\",\"item\":\"https:\\\/\\\/centrourbano.com\\\/revista\\\/\"},{\"@type\":\"ListItem\",\"position\":2,\"name\":\"Crean bosque m\u00f3vil para limpiar aire de las ciudades\"}]},{\"@type\":\"WebSite\",\"@id\":\"https:\\\/\\\/centrourbano.com\\\/revista\\\/#website\",\"url\":\"https:\\\/\\\/centrourbano.com\\\/revista\\\/\",\"name\":\"Centro Urbano\",\"description\":\"Medio especializado en los sectores vivienda, inmobiliario, construcci\u00f3n, arquitectura y urbanismo.\",\"publisher\":{\"@id\":\"https:\\\/\\\/centrourbano.com\\\/revista\\\/#organization\"},\"potentialAction\":[{\"@type\":\"SearchAction\",\"target\":{\"@type\":\"EntryPoint\",\"urlTemplate\":\"https:\\\/\\\/centrourbano.com\\\/revista\\\/?s={search_term_string}\"},\"query-input\":{\"@type\":\"PropertyValueSpecification\",\"valueRequired\":true,\"valueName\":\"search_term_string\"}}],\"inLanguage\":\"es\"},{\"@type\":\"Organization\",\"@id\":\"https:\\\/\\\/centrourbano.com\\\/revista\\\/#organization\",\"name\":\"Centro Urbano\",\"url\":\"https:\\\/\\\/centrourbano.com\\\/revista\\\/\",\"logo\":{\"@type\":\"ImageObject\",\"inLanguage\":\"es\",\"@id\":\"https:\\\/\\\/centrourbano.com\\\/revista\\\/#\\\/schema\\\/logo\\\/image\\\/\",\"url\":\"https:\\\/\\\/centrourbano.com\\\/revista\\\/wp-content\\\/uploads\\\/web_CU_logo-1.png\",\"contentUrl\":\"https:\\\/\\\/centrourbano.com\\\/revista\\\/wp-content\\\/uploads\\\/web_CU_logo-1.png\",\"width\":350,\"height\":91,\"caption\":\"Centro Urbano\"},\"image\":{\"@id\":\"https:\\\/\\\/centrourbano.com\\\/revista\\\/#\\\/schema\\\/logo\\\/image\\\/\"},\"sameAs\":[\"https:\\\/\\\/www.facebook.com\\\/portalcentrourbano\",\"https:\\\/\\\/x.com\\\/CentroUrbano\",\"https:\\\/\\\/www.instagram.com\\\/centro_urbano\\\/\",\"https:\\\/\\\/www.linkedin.com\\\/company\\\/centro-urbano\\\/\",\"http:\\\/\\\/www.youtube.com\\\/user\\\/portalcentrourbano\"]},{\"@type\":\"Person\",\"@id\":\"https:\\\/\\\/centrourbano.com\\\/revista\\\/#\\\/schema\\\/person\\\/db5aba19153b4dc77f48808c4c2e7027\",\"name\":\"Hanae Pacheco\",\"image\":{\"@type\":\"ImageObject\",\"inLanguage\":\"es\",\"@id\":\"https:\\\/\\\/secure.gravatar.com\\\/avatar\\\/85378918db488c7c72bd7acaea6909bbfd5df076ffaf5e56cf397f98ef67f72d?s=96&d=mm&r=g\",\"url\":\"https:\\\/\\\/secure.gravatar.com\\\/avatar\\\/85378918db488c7c72bd7acaea6909bbfd5df076ffaf5e56cf397f98ef67f72d?s=96&d=mm&r=g\",\"contentUrl\":\"https:\\\/\\\/secure.gravatar.com\\\/avatar\\\/85378918db488c7c72bd7acaea6909bbfd5df076ffaf5e56cf397f98ef67f72d?s=96&d=mm&r=g\",\"caption\":\"Hanae Pacheco\"},\"url\":\"https:\\\/\\\/centrourbano.com\\\/revista\\\/author\\\/hanae-pacheco\\\/\"}]}<\/script>\n<!-- \/ Yoast SEO plugin. -->","yoast_head_json":{"title":"Crean bosque m\u00f3vil para limpiar aire de las ciudades -","description":"12 metros cuadrados absorben part\u00edculas contaminantes como si fuera un bosque de 275 \u00e1rboles","robots":{"index":"index","follow":"follow","max-snippet":"max-snippet:-1","max-image-preview":"max-image-preview:large","max-video-preview":"max-video-preview:-1"},"canonical":"https:\/\/centrourbano.com\/revista\/urbanismo\/bosque-movil-limpiar-aire-ciudades\/","og_locale":"es_ES","og_type":"article","og_title":"Crean bosque m\u00f3vil para limpiar aire de las ciudades -","og_description":"12 metros cuadrados absorben part\u00edculas contaminantes como si fuera un bosque de 275 \u00e1rboles","og_url":"https:\/\/centrourbano.com\/revista\/urbanismo\/bosque-movil-limpiar-aire-ciudades\/","og_site_name":"Centro Urbano","article_publisher":"https:\/\/www.facebook.com\/portalcentrourbano","article_published_time":"2017-07-19T18:51:33+00:00","article_modified_time":"2017-07-19T18:54:09+00:00","og_image":[{"width":1000,"height":598,"url":"https:\/\/centrourbano.com\/revista\/wp-content\/uploads\/citytree-green-city-solutions-2-1000x598.jpg","type":"image\/jpeg"}],"author":"Hanae Pacheco","twitter_card":"summary_large_image","twitter_creator":"@CentroUrbano","twitter_site":"@CentroUrbano","twitter_misc":{"Escrito por":"Hanae Pacheco","Tiempo de lectura":"2 minutos"},"schema":{"@context":"https:\/\/schema.org","@graph":[{"@type":"Article","@id":"https:\/\/centrourbano.com\/revista\/urbanismo\/bosque-movil-limpiar-aire-ciudades\/#article","isPartOf":{"@id":"https:\/\/centrourbano.com\/revista\/urbanismo\/bosque-movil-limpiar-aire-ciudades\/"},"author":{"name":"Hanae Pacheco","@id":"https:\/\/centrourbano.com\/revista\/#\/schema\/person\/db5aba19153b4dc77f48808c4c2e7027"},"headline":"Crean bosque m\u00f3vil para limpiar aire de las ciudades","datePublished":"2017-07-19T18:51:33+00:00","dateModified":"2017-07-19T18:54:09+00:00","mainEntityOfPage":{"@id":"https:\/\/centrourbano.com\/revista\/urbanismo\/bosque-movil-limpiar-aire-ciudades\/"},"wordCount":356,"commentCount":0,"publisher":{"@id":"https:\/\/centrourbano.com\/revista\/#organization"},"image":{"@id":"https:\/\/centrourbano.com\/revista\/urbanismo\/bosque-movil-limpiar-aire-ciudades\/#primaryimage"},"thumbnailUrl":"https:\/\/centrourbano.com\/revista\/wp-content\/uploads\/citytree-green-city-solutions-2-1000x598.jpg","keywords":["bosque","City Tree","ciudades","musgo","Organizaci\u00f3n Mundial de la Salud"],"articleSection":["Urbanismo"],"inLanguage":"es","potentialAction":[{"@type":"CommentAction","name":"Comment","target":["https:\/\/centrourbano.com\/revista\/urbanismo\/bosque-movil-limpiar-aire-ciudades\/#respond"]}]},{"@type":"WebPage","@id":"https:\/\/centrourbano.com\/revista\/urbanismo\/bosque-movil-limpiar-aire-ciudades\/","url":"https:\/\/centrourbano.com\/revista\/urbanismo\/bosque-movil-limpiar-aire-ciudades\/","name":"Crean bosque m\u00f3vil para limpiar aire de las ciudades -","isPartOf":{"@id":"https:\/\/centrourbano.com\/revista\/#website"},"primaryImageOfPage":{"@id":"https:\/\/centrourbano.com\/revista\/urbanismo\/bosque-movil-limpiar-aire-ciudades\/#primaryimage"},"image":{"@id":"https:\/\/centrourbano.com\/revista\/urbanismo\/bosque-movil-limpiar-aire-ciudades\/#primaryimage"},"thumbnailUrl":"https:\/\/centrourbano.com\/revista\/wp-content\/uploads\/citytree-green-city-solutions-2-1000x598.jpg","datePublished":"2017-07-19T18:51:33+00:00","dateModified":"2017-07-19T18:54:09+00:00","description":"12 metros cuadrados absorben part\u00edculas contaminantes como si fuera un bosque de 275 \u00e1rboles","breadcrumb":{"@id":"https:\/\/centrourbano.com\/revista\/urbanismo\/bosque-movil-limpiar-aire-ciudades\/#breadcrumb"},"inLanguage":"es","potentialAction":[{"@type":"ReadAction","target":["https:\/\/centrourbano.com\/revista\/urbanismo\/bosque-movil-limpiar-aire-ciudades\/"]}]},{"@type":"ImageObject","inLanguage":"es","@id":"https:\/\/centrourbano.com\/revista\/urbanismo\/bosque-movil-limpiar-aire-ciudades\/#primaryimage","url":"https:\/\/centrourbano.com\/revista\/wp-content\/uploads\/citytree-green-city-solutions-2-1000x598.jpg","contentUrl":"https:\/\/centrourbano.com\/revista\/wp-content\/uploads\/citytree-green-city-solutions-2-1000x598.jpg","width":1000,"height":598,"caption":"12 metros cuadrados absorben part\u00edculas contaminantes como si fuera un bosque de 275 \u00e1rboles"},{"@type":"BreadcrumbList","@id":"https:\/\/centrourbano.com\/revista\/urbanismo\/bosque-movil-limpiar-aire-ciudades\/#breadcrumb","itemListElement":[{"@type":"ListItem","position":1,"name":"Portada","item":"https:\/\/centrourbano.com\/revista\/"},{"@type":"ListItem","position":2,"name":"Crean bosque m\u00f3vil para limpiar aire de las ciudades"}]},{"@type":"WebSite","@id":"https:\/\/centrourbano.com\/revista\/#website","url":"https:\/\/centrourbano.com\/revista\/","name":"Centro Urbano","description":"Medio especializado en los sectores vivienda, inmobiliario, construcci\u00f3n, arquitectura y urbanismo.","publisher":{"@id":"https:\/\/centrourbano.com\/revista\/#organization"},"potentialAction":[{"@type":"SearchAction","target":{"@type":"EntryPoint","urlTemplate":"https:\/\/centrourbano.com\/revista\/?s={search_term_string}"},"query-input":{"@type":"PropertyValueSpecification","valueRequired":true,"valueName":"search_term_string"}}],"inLanguage":"es"},{"@type":"Organization","@id":"https:\/\/centrourbano.com\/revista\/#organization","name":"Centro Urbano","url":"https:\/\/centrourbano.com\/revista\/","logo":{"@type":"ImageObject","inLanguage":"es","@id":"https:\/\/centrourbano.com\/revista\/#\/schema\/logo\/image\/","url":"https:\/\/centrourbano.com\/revista\/wp-content\/uploads\/web_CU_logo-1.png","contentUrl":"https:\/\/centrourbano.com\/revista\/wp-content\/uploads\/web_CU_logo-1.png","width":350,"height":91,"caption":"Centro Urbano"},"image":{"@id":"https:\/\/centrourbano.com\/revista\/#\/schema\/logo\/image\/"},"sameAs":["https:\/\/www.facebook.com\/portalcentrourbano","https:\/\/x.com\/CentroUrbano","https:\/\/www.instagram.com\/centro_urbano\/","https:\/\/www.linkedin.com\/company\/centro-urbano\/","http:\/\/www.youtube.com\/user\/portalcentrourbano"]},{"@type":"Person","@id":"https:\/\/centrourbano.com\/revista\/#\/schema\/person\/db5aba19153b4dc77f48808c4c2e7027","name":"Hanae Pacheco","image":{"@type":"ImageObject","inLanguage":"es","@id":"https:\/\/secure.gravatar.com\/avatar\/85378918db488c7c72bd7acaea6909bbfd5df076ffaf5e56cf397f98ef67f72d?s=96&d=mm&r=g","url":"https:\/\/secure.gravatar.com\/avatar\/85378918db488c7c72bd7acaea6909bbfd5df076ffaf5e56cf397f98ef67f72d?s=96&d=mm&r=g","contentUrl":"https:\/\/secure.gravatar.com\/avatar\/85378918db488c7c72bd7acaea6909bbfd5df076ffaf5e56cf397f98ef67f72d?s=96&d=mm&r=g","caption":"Hanae Pacheco"},"url":"https:\/\/centrourbano.com\/revista\/author\/hanae-pacheco\/"}]}},"_links":{"self":[{"href":"https:\/\/centrourbano.com\/revista\/wp-json\/wp\/v2\/posts\/56698","targetHints":{"allow":["GET"]}}],"collection":[{"href":"https:\/\/centrourbano.com\/revista\/wp-json\/wp\/v2\/posts"}],"about":[{"href":"https:\/\/centrourbano.com\/revista\/wp-json\/wp\/v2\/types\/post"}],"author":[{"embeddable":true,"href":"https:\/\/centrourbano.com\/revista\/wp-json\/wp\/v2\/users\/45"}],"replies":[{"embeddable":true,"href":"https:\/\/centrourbano.com\/revista\/wp-json\/wp\/v2\/comments?post=56698"}],"version-history":[{"count":0,"href":"https:\/\/centrourbano.com\/revista\/wp-json\/wp\/v2\/posts\/56698\/revisions"}],"wp:featuredmedia":[{"embeddable":true,"href":"https:\/\/centrourbano.com\/revista\/wp-json\/wp\/v2\/media\/56702"}],"wp:attachment":[{"href":"https:\/\/centrourbano.com\/revista\/wp-json\/wp\/v2\/media?parent=56698"}],"wp:term":[{"taxonomy":"category","embeddable":true,"href":"https:\/\/centrourbano.com\/revista\/wp-json\/wp\/v2\/categories?post=56698"},{"taxonomy":"post_tag","embeddable":true,"href":"https:\/\/centrourbano.com\/revista\/wp-json\/wp\/v2\/tags?post=56698"}],"curies":[{"name":"wp","href":"https:\/\/api.w.org\/{rel}","templated":true}]}}