{"id":56454,"date":"2017-07-14T14:40:04","date_gmt":"2017-07-14T19:40:04","guid":{"rendered":"https:\/\/centrourbano.com\/?p=56454"},"modified":"2017-07-14T14:40:49","modified_gmt":"2017-07-14T19:40:49","slug":"hospital-ciudad-acuna-listo-18-meses","status":"publish","type":"post","link":"https:\/\/centrourbano.com\/revista\/construccion\/hospital-ciudad-acuna-listo-18-meses\/","title":{"rendered":"Hospital de Ciudad Acu\u00f1a estar\u00e1 listo en 18 meses"},"content":{"rendered":"<p><em>El Hospital General de Zona de Ciudad Acu\u00f1a beneficiar\u00e1 a 200,000 habitantes<\/em><\/p>\n<p>El <a href=\"http:\/\/coahuila.gob.mx\/\" target=\"_blank\" rel=\"noopener noreferrer\"><strong>Gobierno de Coahuila<\/strong> <\/a>y el Instituto Mexicano del Seguro Social (IMSS) anunciaron que la construcci\u00f3n del hospital de Ciudad Acu\u00f1a concluir\u00e1 en 18 meses. En el proyecto se han invertido casi 800 millones de pesos.<\/p>\n<p>Patricio Caso Prado, director administrativo del IMSS, se reuni\u00f3 con el secretario de salud local, Jorge Ver\u00e1stegui Saucedo para informar sobre la fecha en que finalizar\u00e1 la obra. El hospital contar\u00e1 con 90 camas y atender\u00e1 12 especialidades diferentes; con ello se calcula que aproximadamente 200,000 habitantes de las regiones Norte y Cinco Manantiales ser\u00e1n beneficiados.<\/p>\n<p>Prado destac\u00f3 que el Hospital General de Zona de ciudad Acu\u00f1a tendr\u00e1 consultorios de medicina general y preventiva, as\u00ed como atenci\u00f3n m\u00e9dica quir\u00fargica, en la que se destacar\u00e1 la medicina interna y cirug\u00edas. Asimismo, habr\u00e1 terapia intensiva para adultos y ni\u00f1os, medicina f\u00edsica y consulta externa por primera vez en la demarcaci\u00f3n. El hospital dar\u00e1 atenci\u00f3n nutrimental, cardiolog\u00eda, endoscop\u00eda, quimioterapia y terapia respiratoria; adem\u00e1s de contar con sala de urgencias.<\/p>\n","protected":false},"excerpt":{"rendered":"<p>El Hospital General de Zona de Ciudad Acu\u00f1a beneficiar\u00e1 a 200,000 habitantes El Gobierno de Coahuila y el Instituto Mexicano del Seguro Social (IMSS) anunciaron que la construcci\u00f3n del hospital de Ciudad Acu\u00f1a concluir\u00e1 en 18 meses. En el proyecto se han invertido casi 800 millones de pesos. Patricio Caso Prado, director administrativo del IMSS, [&hellip;]<\/p>\n","protected":false},"author":53,"featured_media":56455,"comment_status":"open","ping_status":"closed","sticky":false,"template":"","format":"standard","meta":{"om_disable_all_campaigns":false,"inline_featured_image":false,"_monsterinsights_skip_tracking":false,"_monsterinsights_sitenote_active":false,"_monsterinsights_sitenote_note":"","_monsterinsights_sitenote_category":0,"footnotes":""},"categories":[14],"tags":[544,22,4776,10537,488,351,967,2753],"class_list":["post-56454","post","type-post","status-publish","format-standard","has-post-thumbnail","hentry","category-construccion","tag-coahuila","tag-construccion-2","tag-estados","tag-gobierno-de-coahuila","tag-hospital","tag-imss","tag-salud","tag-secretaria-de-salud"],"yoast_head":"<!-- This site is optimized with the Yoast SEO plugin v27.5 - https:\/\/yoast.com\/product\/yoast-seo-wordpress\/ -->\n<title>Hospital de Ciudad Acu\u00f1a estar\u00e1 listo en 18 meses<\/title>\n<meta name=\"description\" content=\"El Hospital General de Zona de Ciudad Acu\u00f1a beneficiar\u00e1 a 200,000 habitantes, pues evitar\u00e1 traslados hacia otras localidades del estado\" \/>\n<meta name=\"robots\" content=\"index, follow, max-snippet:-1, max-image-preview:large, max-video-preview:-1\" \/>\n<link rel=\"canonical\" href=\"https:\/\/centrourbano.com\/revista\/construccion\/hospital-ciudad-acuna-listo-18-meses\/\" \/>\n<meta property=\"og:locale\" content=\"es_ES\" \/>\n<meta property=\"og:type\" content=\"article\" \/>\n<meta property=\"og:title\" content=\"Hospital de Ciudad Acu\u00f1a estar\u00e1 listo en 18 meses\" \/>\n<meta property=\"og:description\" content=\"El Hospital General de Zona de Ciudad Acu\u00f1a beneficiar\u00e1 a 200,000 habitantes, pues evitar\u00e1 traslados hacia otras localidades del estado\" \/>\n<meta property=\"og:url\" content=\"https:\/\/centrourbano.com\/revista\/construccion\/hospital-ciudad-acuna-listo-18-meses\/\" \/>\n<meta property=\"og:site_name\" content=\"Centro Urbano\" \/>\n<meta property=\"article:publisher\" content=\"https:\/\/www.facebook.com\/portalcentrourbano\" \/>\n<meta property=\"article:author\" content=\"facebook.com\/ro.garcia23\" \/>\n<meta property=\"article:published_time\" content=\"2017-07-14T19:40:04+00:00\" \/>\n<meta property=\"article:modified_time\" content=\"2017-07-14T19:40:49+00:00\" \/>\n<meta property=\"og:image\" content=\"https:\/\/centrourbano.com\/revista\/wp-content\/uploads\/hospital_cdacuna.jpg\" \/>\n\t<meta property=\"og:image:width\" content=\"620\" \/>\n\t<meta property=\"og:image:height\" content=\"349\" \/>\n\t<meta property=\"og:image:type\" content=\"image\/jpeg\" \/>\n<meta name=\"author\" content=\"Roc\u00edo Garc\u00eda\" \/>\n<meta name=\"twitter:card\" content=\"summary_large_image\" \/>\n<meta name=\"twitter:creator\" content=\"@CentroUrbano\" \/>\n<meta name=\"twitter:site\" content=\"@CentroUrbano\" \/>\n<meta name=\"twitter:label1\" content=\"Escrito por\" \/>\n\t<meta name=\"twitter:data1\" content=\"Roc\u00edo Garc\u00eda\" \/>\n\t<meta name=\"twitter:label2\" content=\"Tiempo de lectura\" \/>\n\t<meta name=\"twitter:data2\" content=\"1 minuto\" \/>\n<script type=\"application\/ld+json\" class=\"yoast-schema-graph\">{\"@context\":\"https:\\\/\\\/schema.org\",\"@graph\":[{\"@type\":\"Article\",\"@id\":\"https:\\\/\\\/centrourbano.com\\\/revista\\\/construccion\\\/hospital-ciudad-acuna-listo-18-meses\\\/#article\",\"isPartOf\":{\"@id\":\"https:\\\/\\\/centrourbano.com\\\/revista\\\/construccion\\\/hospital-ciudad-acuna-listo-18-meses\\\/\"},\"author\":{\"name\":\"Roc\u00edo Garc\u00eda\",\"@id\":\"https:\\\/\\\/centrourbano.com\\\/revista\\\/#\\\/schema\\\/person\\\/d448d0434ec4efdd3237fd50ff2f0269\"},\"headline\":\"Hospital de Ciudad Acu\u00f1a estar\u00e1 listo en 18 meses\",\"datePublished\":\"2017-07-14T19:40:04+00:00\",\"dateModified\":\"2017-07-14T19:40:49+00:00\",\"mainEntityOfPage\":{\"@id\":\"https:\\\/\\\/centrourbano.com\\\/revista\\\/construccion\\\/hospital-ciudad-acuna-listo-18-meses\\\/\"},\"wordCount\":194,\"commentCount\":0,\"publisher\":{\"@id\":\"https:\\\/\\\/centrourbano.com\\\/revista\\\/#organization\"},\"image\":{\"@id\":\"https:\\\/\\\/centrourbano.com\\\/revista\\\/construccion\\\/hospital-ciudad-acuna-listo-18-meses\\\/#primaryimage\"},\"thumbnailUrl\":\"https:\\\/\\\/centrourbano.com\\\/revista\\\/wp-content\\\/uploads\\\/hospital_cdacuna.jpg\",\"keywords\":[\"Coahuila\",\"construcci\u00f3n\",\"Estados\",\"Gobierno de Coahuila\",\"hospital\",\"IMSS\",\"salud\",\"Secretar\u00eda de Salud\"],\"articleSection\":[\"Construcci\u00f3n\"],\"inLanguage\":\"es\",\"potentialAction\":[{\"@type\":\"CommentAction\",\"name\":\"Comment\",\"target\":[\"https:\\\/\\\/centrourbano.com\\\/revista\\\/construccion\\\/hospital-ciudad-acuna-listo-18-meses\\\/#respond\"]}]},{\"@type\":\"WebPage\",\"@id\":\"https:\\\/\\\/centrourbano.com\\\/revista\\\/construccion\\\/hospital-ciudad-acuna-listo-18-meses\\\/\",\"url\":\"https:\\\/\\\/centrourbano.com\\\/revista\\\/construccion\\\/hospital-ciudad-acuna-listo-18-meses\\\/\",\"name\":\"Hospital de Ciudad Acu\u00f1a estar\u00e1 listo en 18 meses\",\"isPartOf\":{\"@id\":\"https:\\\/\\\/centrourbano.com\\\/revista\\\/#website\"},\"primaryImageOfPage\":{\"@id\":\"https:\\\/\\\/centrourbano.com\\\/revista\\\/construccion\\\/hospital-ciudad-acuna-listo-18-meses\\\/#primaryimage\"},\"image\":{\"@id\":\"https:\\\/\\\/centrourbano.com\\\/revista\\\/construccion\\\/hospital-ciudad-acuna-listo-18-meses\\\/#primaryimage\"},\"thumbnailUrl\":\"https:\\\/\\\/centrourbano.com\\\/revista\\\/wp-content\\\/uploads\\\/hospital_cdacuna.jpg\",\"datePublished\":\"2017-07-14T19:40:04+00:00\",\"dateModified\":\"2017-07-14T19:40:49+00:00\",\"description\":\"El Hospital General de Zona de Ciudad Acu\u00f1a beneficiar\u00e1 a 200,000 habitantes, pues evitar\u00e1 traslados hacia otras localidades del estado\",\"breadcrumb\":{\"@id\":\"https:\\\/\\\/centrourbano.com\\\/revista\\\/construccion\\\/hospital-ciudad-acuna-listo-18-meses\\\/#breadcrumb\"},\"inLanguage\":\"es\",\"potentialAction\":[{\"@type\":\"ReadAction\",\"target\":[\"https:\\\/\\\/centrourbano.com\\\/revista\\\/construccion\\\/hospital-ciudad-acuna-listo-18-meses\\\/\"]}]},{\"@type\":\"ImageObject\",\"inLanguage\":\"es\",\"@id\":\"https:\\\/\\\/centrourbano.com\\\/revista\\\/construccion\\\/hospital-ciudad-acuna-listo-18-meses\\\/#primaryimage\",\"url\":\"https:\\\/\\\/centrourbano.com\\\/revista\\\/wp-content\\\/uploads\\\/hospital_cdacuna.jpg\",\"contentUrl\":\"https:\\\/\\\/centrourbano.com\\\/revista\\\/wp-content\\\/uploads\\\/hospital_cdacuna.jpg\",\"width\":620,\"height\":349,\"caption\":\"El Hospital General de Zona de Ciudad Acu\u00f1a beneficiar\u00e1 a 200,000 habitantes, pues evitar\u00e1 traslados hacia otras localidades del estado\"},{\"@type\":\"BreadcrumbList\",\"@id\":\"https:\\\/\\\/centrourbano.com\\\/revista\\\/construccion\\\/hospital-ciudad-acuna-listo-18-meses\\\/#breadcrumb\",\"itemListElement\":[{\"@type\":\"ListItem\",\"position\":1,\"name\":\"Portada\",\"item\":\"https:\\\/\\\/centrourbano.com\\\/revista\\\/\"},{\"@type\":\"ListItem\",\"position\":2,\"name\":\"Hospital de Ciudad Acu\u00f1a estar\u00e1 listo en 18 meses\"}]},{\"@type\":\"WebSite\",\"@id\":\"https:\\\/\\\/centrourbano.com\\\/revista\\\/#website\",\"url\":\"https:\\\/\\\/centrourbano.com\\\/revista\\\/\",\"name\":\"Centro Urbano\",\"description\":\"Medio especializado en los sectores vivienda, inmobiliario, construcci\u00f3n, arquitectura y urbanismo.\",\"publisher\":{\"@id\":\"https:\\\/\\\/centrourbano.com\\\/revista\\\/#organization\"},\"potentialAction\":[{\"@type\":\"SearchAction\",\"target\":{\"@type\":\"EntryPoint\",\"urlTemplate\":\"https:\\\/\\\/centrourbano.com\\\/revista\\\/?s={search_term_string}\"},\"query-input\":{\"@type\":\"PropertyValueSpecification\",\"valueRequired\":true,\"valueName\":\"search_term_string\"}}],\"inLanguage\":\"es\"},{\"@type\":\"Organization\",\"@id\":\"https:\\\/\\\/centrourbano.com\\\/revista\\\/#organization\",\"name\":\"Centro Urbano\",\"url\":\"https:\\\/\\\/centrourbano.com\\\/revista\\\/\",\"logo\":{\"@type\":\"ImageObject\",\"inLanguage\":\"es\",\"@id\":\"https:\\\/\\\/centrourbano.com\\\/revista\\\/#\\\/schema\\\/logo\\\/image\\\/\",\"url\":\"https:\\\/\\\/centrourbano.com\\\/revista\\\/wp-content\\\/uploads\\\/web_CU_logo-1.png\",\"contentUrl\":\"https:\\\/\\\/centrourbano.com\\\/revista\\\/wp-content\\\/uploads\\\/web_CU_logo-1.png\",\"width\":350,\"height\":91,\"caption\":\"Centro Urbano\"},\"image\":{\"@id\":\"https:\\\/\\\/centrourbano.com\\\/revista\\\/#\\\/schema\\\/logo\\\/image\\\/\"},\"sameAs\":[\"https:\\\/\\\/www.facebook.com\\\/portalcentrourbano\",\"https:\\\/\\\/x.com\\\/CentroUrbano\",\"https:\\\/\\\/www.instagram.com\\\/centro_urbano\\\/\",\"https:\\\/\\\/www.linkedin.com\\\/company\\\/centro-urbano\\\/\",\"http:\\\/\\\/www.youtube.com\\\/user\\\/portalcentrourbano\"]},{\"@type\":\"Person\",\"@id\":\"https:\\\/\\\/centrourbano.com\\\/revista\\\/#\\\/schema\\\/person\\\/d448d0434ec4efdd3237fd50ff2f0269\",\"name\":\"Roc\u00edo Garc\u00eda\",\"image\":{\"@type\":\"ImageObject\",\"inLanguage\":\"es\",\"@id\":\"https:\\\/\\\/secure.gravatar.com\\\/avatar\\\/a0e2f1ddfed432d8ad4b84b5dc2e19fc4c403753eb7578fd4dca22f8e2538fc8?s=96&d=mm&r=g\",\"url\":\"https:\\\/\\\/secure.gravatar.com\\\/avatar\\\/a0e2f1ddfed432d8ad4b84b5dc2e19fc4c403753eb7578fd4dca22f8e2538fc8?s=96&d=mm&r=g\",\"contentUrl\":\"https:\\\/\\\/secure.gravatar.com\\\/avatar\\\/a0e2f1ddfed432d8ad4b84b5dc2e19fc4c403753eb7578fd4dca22f8e2538fc8?s=96&d=mm&r=g\",\"caption\":\"Roc\u00edo Garc\u00eda\"},\"description\":\"Estudiante de Comunicaci\u00f3n de la Facultad de Estudios Superiores Acatl\u00e1n, con especialidad en Multimedia y Cultura. Apasionada por la radio, la m\u00fasica y la CDMX. Hablo mucho y r\u00edo m\u00e1s, me gusta la cumbia, las chelas y el rock n\u2019 roll.\",\"sameAs\":[\"facebook.com\\\/ro.garcia23\",\"https:\\\/\\\/www.instagram.com\\\/ch_chioo\\\/\"],\"url\":\"https:\\\/\\\/centrourbano.com\\\/revista\\\/author\\\/rocio-garcia\\\/\"}]}<\/script>\n<!-- \/ Yoast SEO plugin. -->","yoast_head_json":{"title":"Hospital de Ciudad Acu\u00f1a estar\u00e1 listo en 18 meses","description":"El Hospital General de Zona de Ciudad Acu\u00f1a beneficiar\u00e1 a 200,000 habitantes, pues evitar\u00e1 traslados hacia otras localidades del estado","robots":{"index":"index","follow":"follow","max-snippet":"max-snippet:-1","max-image-preview":"max-image-preview:large","max-video-preview":"max-video-preview:-1"},"canonical":"https:\/\/centrourbano.com\/revista\/construccion\/hospital-ciudad-acuna-listo-18-meses\/","og_locale":"es_ES","og_type":"article","og_title":"Hospital de Ciudad Acu\u00f1a estar\u00e1 listo en 18 meses","og_description":"El Hospital General de Zona de Ciudad Acu\u00f1a beneficiar\u00e1 a 200,000 habitantes, pues evitar\u00e1 traslados hacia otras localidades del estado","og_url":"https:\/\/centrourbano.com\/revista\/construccion\/hospital-ciudad-acuna-listo-18-meses\/","og_site_name":"Centro Urbano","article_publisher":"https:\/\/www.facebook.com\/portalcentrourbano","article_author":"facebook.com\/ro.garcia23","article_published_time":"2017-07-14T19:40:04+00:00","article_modified_time":"2017-07-14T19:40:49+00:00","og_image":[{"width":620,"height":349,"url":"https:\/\/centrourbano.com\/revista\/wp-content\/uploads\/hospital_cdacuna.jpg","type":"image\/jpeg"}],"author":"Roc\u00edo Garc\u00eda","twitter_card":"summary_large_image","twitter_creator":"@CentroUrbano","twitter_site":"@CentroUrbano","twitter_misc":{"Escrito por":"Roc\u00edo Garc\u00eda","Tiempo de lectura":"1 minuto"},"schema":{"@context":"https:\/\/schema.org","@graph":[{"@type":"Article","@id":"https:\/\/centrourbano.com\/revista\/construccion\/hospital-ciudad-acuna-listo-18-meses\/#article","isPartOf":{"@id":"https:\/\/centrourbano.com\/revista\/construccion\/hospital-ciudad-acuna-listo-18-meses\/"},"author":{"name":"Roc\u00edo Garc\u00eda","@id":"https:\/\/centrourbano.com\/revista\/#\/schema\/person\/d448d0434ec4efdd3237fd50ff2f0269"},"headline":"Hospital de Ciudad Acu\u00f1a estar\u00e1 listo en 18 meses","datePublished":"2017-07-14T19:40:04+00:00","dateModified":"2017-07-14T19:40:49+00:00","mainEntityOfPage":{"@id":"https:\/\/centrourbano.com\/revista\/construccion\/hospital-ciudad-acuna-listo-18-meses\/"},"wordCount":194,"commentCount":0,"publisher":{"@id":"https:\/\/centrourbano.com\/revista\/#organization"},"image":{"@id":"https:\/\/centrourbano.com\/revista\/construccion\/hospital-ciudad-acuna-listo-18-meses\/#primaryimage"},"thumbnailUrl":"https:\/\/centrourbano.com\/revista\/wp-content\/uploads\/hospital_cdacuna.jpg","keywords":["Coahuila","construcci\u00f3n","Estados","Gobierno de Coahuila","hospital","IMSS","salud","Secretar\u00eda de Salud"],"articleSection":["Construcci\u00f3n"],"inLanguage":"es","potentialAction":[{"@type":"CommentAction","name":"Comment","target":["https:\/\/centrourbano.com\/revista\/construccion\/hospital-ciudad-acuna-listo-18-meses\/#respond"]}]},{"@type":"WebPage","@id":"https:\/\/centrourbano.com\/revista\/construccion\/hospital-ciudad-acuna-listo-18-meses\/","url":"https:\/\/centrourbano.com\/revista\/construccion\/hospital-ciudad-acuna-listo-18-meses\/","name":"Hospital de Ciudad Acu\u00f1a estar\u00e1 listo en 18 meses","isPartOf":{"@id":"https:\/\/centrourbano.com\/revista\/#website"},"primaryImageOfPage":{"@id":"https:\/\/centrourbano.com\/revista\/construccion\/hospital-ciudad-acuna-listo-18-meses\/#primaryimage"},"image":{"@id":"https:\/\/centrourbano.com\/revista\/construccion\/hospital-ciudad-acuna-listo-18-meses\/#primaryimage"},"thumbnailUrl":"https:\/\/centrourbano.com\/revista\/wp-content\/uploads\/hospital_cdacuna.jpg","datePublished":"2017-07-14T19:40:04+00:00","dateModified":"2017-07-14T19:40:49+00:00","description":"El Hospital General de Zona de Ciudad Acu\u00f1a beneficiar\u00e1 a 200,000 habitantes, pues evitar\u00e1 traslados hacia otras localidades del estado","breadcrumb":{"@id":"https:\/\/centrourbano.com\/revista\/construccion\/hospital-ciudad-acuna-listo-18-meses\/#breadcrumb"},"inLanguage":"es","potentialAction":[{"@type":"ReadAction","target":["https:\/\/centrourbano.com\/revista\/construccion\/hospital-ciudad-acuna-listo-18-meses\/"]}]},{"@type":"ImageObject","inLanguage":"es","@id":"https:\/\/centrourbano.com\/revista\/construccion\/hospital-ciudad-acuna-listo-18-meses\/#primaryimage","url":"https:\/\/centrourbano.com\/revista\/wp-content\/uploads\/hospital_cdacuna.jpg","contentUrl":"https:\/\/centrourbano.com\/revista\/wp-content\/uploads\/hospital_cdacuna.jpg","width":620,"height":349,"caption":"El Hospital General de Zona de Ciudad Acu\u00f1a beneficiar\u00e1 a 200,000 habitantes, pues evitar\u00e1 traslados hacia otras localidades del estado"},{"@type":"BreadcrumbList","@id":"https:\/\/centrourbano.com\/revista\/construccion\/hospital-ciudad-acuna-listo-18-meses\/#breadcrumb","itemListElement":[{"@type":"ListItem","position":1,"name":"Portada","item":"https:\/\/centrourbano.com\/revista\/"},{"@type":"ListItem","position":2,"name":"Hospital de Ciudad Acu\u00f1a estar\u00e1 listo en 18 meses"}]},{"@type":"WebSite","@id":"https:\/\/centrourbano.com\/revista\/#website","url":"https:\/\/centrourbano.com\/revista\/","name":"Centro Urbano","description":"Medio especializado en los sectores vivienda, inmobiliario, construcci\u00f3n, arquitectura y urbanismo.","publisher":{"@id":"https:\/\/centrourbano.com\/revista\/#organization"},"potentialAction":[{"@type":"SearchAction","target":{"@type":"EntryPoint","urlTemplate":"https:\/\/centrourbano.com\/revista\/?s={search_term_string}"},"query-input":{"@type":"PropertyValueSpecification","valueRequired":true,"valueName":"search_term_string"}}],"inLanguage":"es"},{"@type":"Organization","@id":"https:\/\/centrourbano.com\/revista\/#organization","name":"Centro Urbano","url":"https:\/\/centrourbano.com\/revista\/","logo":{"@type":"ImageObject","inLanguage":"es","@id":"https:\/\/centrourbano.com\/revista\/#\/schema\/logo\/image\/","url":"https:\/\/centrourbano.com\/revista\/wp-content\/uploads\/web_CU_logo-1.png","contentUrl":"https:\/\/centrourbano.com\/revista\/wp-content\/uploads\/web_CU_logo-1.png","width":350,"height":91,"caption":"Centro Urbano"},"image":{"@id":"https:\/\/centrourbano.com\/revista\/#\/schema\/logo\/image\/"},"sameAs":["https:\/\/www.facebook.com\/portalcentrourbano","https:\/\/x.com\/CentroUrbano","https:\/\/www.instagram.com\/centro_urbano\/","https:\/\/www.linkedin.com\/company\/centro-urbano\/","http:\/\/www.youtube.com\/user\/portalcentrourbano"]},{"@type":"Person","@id":"https:\/\/centrourbano.com\/revista\/#\/schema\/person\/d448d0434ec4efdd3237fd50ff2f0269","name":"Roc\u00edo Garc\u00eda","image":{"@type":"ImageObject","inLanguage":"es","@id":"https:\/\/secure.gravatar.com\/avatar\/a0e2f1ddfed432d8ad4b84b5dc2e19fc4c403753eb7578fd4dca22f8e2538fc8?s=96&d=mm&r=g","url":"https:\/\/secure.gravatar.com\/avatar\/a0e2f1ddfed432d8ad4b84b5dc2e19fc4c403753eb7578fd4dca22f8e2538fc8?s=96&d=mm&r=g","contentUrl":"https:\/\/secure.gravatar.com\/avatar\/a0e2f1ddfed432d8ad4b84b5dc2e19fc4c403753eb7578fd4dca22f8e2538fc8?s=96&d=mm&r=g","caption":"Roc\u00edo Garc\u00eda"},"description":"Estudiante de Comunicaci\u00f3n de la Facultad de Estudios Superiores Acatl\u00e1n, con especialidad en Multimedia y Cultura. Apasionada por la radio, la m\u00fasica y la CDMX. Hablo mucho y r\u00edo m\u00e1s, me gusta la cumbia, las chelas y el rock n\u2019 roll.","sameAs":["facebook.com\/ro.garcia23","https:\/\/www.instagram.com\/ch_chioo\/"],"url":"https:\/\/centrourbano.com\/revista\/author\/rocio-garcia\/"}]}},"_links":{"self":[{"href":"https:\/\/centrourbano.com\/revista\/wp-json\/wp\/v2\/posts\/56454","targetHints":{"allow":["GET"]}}],"collection":[{"href":"https:\/\/centrourbano.com\/revista\/wp-json\/wp\/v2\/posts"}],"about":[{"href":"https:\/\/centrourbano.com\/revista\/wp-json\/wp\/v2\/types\/post"}],"author":[{"embeddable":true,"href":"https:\/\/centrourbano.com\/revista\/wp-json\/wp\/v2\/users\/53"}],"replies":[{"embeddable":true,"href":"https:\/\/centrourbano.com\/revista\/wp-json\/wp\/v2\/comments?post=56454"}],"version-history":[{"count":0,"href":"https:\/\/centrourbano.com\/revista\/wp-json\/wp\/v2\/posts\/56454\/revisions"}],"wp:featuredmedia":[{"embeddable":true,"href":"https:\/\/centrourbano.com\/revista\/wp-json\/wp\/v2\/media\/56455"}],"wp:attachment":[{"href":"https:\/\/centrourbano.com\/revista\/wp-json\/wp\/v2\/media?parent=56454"}],"wp:term":[{"taxonomy":"category","embeddable":true,"href":"https:\/\/centrourbano.com\/revista\/wp-json\/wp\/v2\/categories?post=56454"},{"taxonomy":"post_tag","embeddable":true,"href":"https:\/\/centrourbano.com\/revista\/wp-json\/wp\/v2\/tags?post=56454"}],"curies":[{"name":"wp","href":"https:\/\/api.w.org\/{rel}","templated":true}]}}