{"id":56094,"date":"2017-07-10T13:36:20","date_gmt":"2017-07-10T18:36:20","guid":{"rendered":"https:\/\/centrourbano.com\/?p=56094"},"modified":"2017-07-11T16:29:07","modified_gmt":"2017-07-11T21:29:07","slug":"necesario-separar-pensiones-en-infonavit-empresarios","status":"publish","type":"post","link":"https:\/\/centrourbano.com\/revista\/vivienda\/necesario-separar-pensiones-en-infonavit-empresarios\/","title":{"rendered":"Necesario separar pensiones en Infonavit: empresarios"},"content":{"rendered":"<p><em>Sebasti\u00e1n Fern\u00e1ndez Cortina destac\u00f3 que el objetivo es mantener los recursos bajo el tutelaje del organismo, pero lograr una mayor eficiencia en la operaci\u00f3n <\/em><!--more--><\/p>\n<p>Separar los mandatos hipotecario y pensionario del <a href=\"http:\/\/portal.infonavit.org.mx\/wps\/wcm\/connect\/infonavit\/inicio\" target=\"_blank\">Infonavit<\/a> ser\u00eda una forma de mejorar nuestra eficiencia, la calidad de los servicios para los derechohabientes, y generar mejor rentabilidad, asegur\u00f3 <a href=\"https:\/\/twitter.com\/sebastian3k\" target=\"_blank\">Sebasti\u00e1n Fern\u00e1ndez Cortina<\/a>, director Sectorial Empresarial de este organismo. <\/p>\n<p>Al participar en la <a href=\"https:\/\/centrourbano.com\/reunion-sector-empresarial-infonavit\/\" target=\"_blank\">Reuni\u00f3n Nacional del Sector Empresarial 2017<\/a>, el directivo sostuvo que es necesario enfocar de manera correcta los esfuerzos en ambos puntos. Insisti\u00f3 en que las capacidades y nivel de especializaci\u00f3n de cada uno de los rubros son distintos. <\/p>\n<p>\u201cCon la separaci\u00f3n se pueden poner metas sim\u00e9tricas diferenciadas por tipos de veh\u00edculos financieros. Y esto genera presi\u00f3n de desempe\u00f1o en ambos rubros. Hoy las ineficiencias que se pueden dar en la operaci\u00f3n hipotecaria, se vienen cubriendo con el fondo pensionario, y eso hace que, en la dimensi\u00f3n hipotecaria, seamos m\u00e1s complacientes. <\/p>\n<p>\u201cPor otro lado, eso afecta el desempe\u00f1o pensionario de cara al futuro, y separarlos lo que hace es: obliga a que la eficiencia en ambos se d\u00e9 por dise\u00f1o para que sean eficientes ambas\u201d, dijo. <\/p>\n<p>Fern\u00e1ndez Cortina Se\u00f1al\u00f3 que separar los mandatos abonar\u00eda en la transparencia de los subsidios cruzados; adem\u00e1s de optimizar la toma de decisiones, y evitar el uso ineficiente de recurso excedentes. <\/p>\n<p>En lo referente, el Director Sectorial destac\u00f3 que el Infonavit tendr\u00e1 una acumulaci\u00f3n de recursos importante, lo que otorga una responsabilidad adicional al organismo.  <\/p>\n<p>\u201cCuando nosotros hablamos de separar los mandatos y poner a otros actores a invertir los recursos del Instituto nunca hemos planteado que el dinero se salga del velo corporativo-institucional tripartito del Instituto. <\/p>\n<p>\u201cLo que hemos planteado es que estos recursos permitan la oportunidad de salir a buscar qui\u00e9n es el o los mejores administradores de fondos que pudi\u00e9semos encontrar, y por mandato o instrucciones revocable, demos a administrar todo o parte de nuestros recursos a un tercero, y con esto generar competencia, y m\u00e1s capacidades internas\u201d, a\u00f1adi\u00f3. <\/p>\n<p>En lo referente, Fern\u00e1ndez Cortina explic\u00f3 que desde el sector empresarial se han promovido cambios operativos. Destac\u00f3 que entre lo planteamientos del sector que encabeza se encuentra: <\/p>\n<p>\u2022\tRedirigir tres quintas partes de las aportaciones patronales a un fondo patrimonial.<br \/>\n\u2022\tOptimizar las inversiones de recursos de fondo patrimonial en los mercados financieros en un esquema para maximizar los rendimientos.<br \/>\n\u2022\tRobustecer el Comit\u00e9 de Inversiones Tripartita, que ser\u00e1 responsable de velar por la buena inversi\u00f3n del fondo patrimonial.<br \/>\n\u2022\tEstablecer un plan de transici\u00f3n para pasar los recursos excedentes del Infonavit al esquema de administraci\u00f3n en el fondo patrimonial. <\/p>\n<p>Sebasti\u00e1n Fern\u00e1ndez record\u00f3 que el sector empresarial planeta una agenda de 4 puntos estrat\u00e9gicos, con lo que se busca mantener el cauce del Instituto, entre ellos: desarrollar las capacidades digitales y anal\u00edticas del Infonavit; desarrollar estrategia de capital humano para captar personal especializado; as\u00ed como impulsar medidas en contra del cambio clim\u00e1tico.<\/p>\n","protected":false},"excerpt":{"rendered":"<p>Sebasti\u00e1n Fern\u00e1ndez Cortina destac\u00f3 que el objetivo es mantener los recursos bajo el tutelaje del organismo, pero lograr una mayor eficiencia en la operaci\u00f3n<\/p>\n","protected":false},"author":77,"featured_media":56096,"comment_status":"open","ping_status":"closed","sticky":false,"template":"","format":"standard","meta":{"inline_featured_image":false,"footnotes":""},"categories":[12],"tags":[10389,100,1815,10453],"class_list":["post-56094","post","type-post","status-publish","format-standard","has-post-thumbnail","hentry","category-vivienda","tag-direccion-sectorial-empresarial","tag-infonavit","tag-reunion-nacional-del-sector-empresarial","tag-sebastian-fernandez-cortina"],"yoast_head":"<!-- This site is optimized with the Yoast SEO plugin v28.4 - https:\/\/yoast.com\/product\/yoast-seo-wordpress\/ -->\n<title>Necesario separar pensiones en Infonavit: empresarios -<\/title>\n<meta name=\"description\" content=\"Separar los mandatos hipotecario y pensionario del Infonavit ser\u00eda una forma de mejorar nuestra eficiencia, la calidad de los servicios para los derechohabientes, y generar mejor rentabilidad, asegur\u00f3 Sebasti\u00e1n Fern\u00e1ndez Cortina, director Sectorial Empresarial de este organismo.\" \/>\n<meta name=\"robots\" content=\"index, follow, max-snippet:-1, max-image-preview:large, max-video-preview:-1\" \/>\n<link rel=\"canonical\" href=\"https:\/\/centrourbano.com\/revista\/vivienda\/necesario-separar-pensiones-en-infonavit-empresarios\/\" \/>\n<meta property=\"og:locale\" content=\"es_ES\" \/>\n<meta property=\"og:type\" content=\"article\" \/>\n<meta property=\"og:title\" content=\"Necesario separar pensiones en Infonavit: empresarios -\" \/>\n<meta property=\"og:description\" content=\"Separar los mandatos hipotecario y pensionario del Infonavit ser\u00eda una forma de mejorar nuestra eficiencia, la calidad de los servicios para los derechohabientes, y generar mejor rentabilidad, asegur\u00f3 Sebasti\u00e1n Fern\u00e1ndez Cortina, director Sectorial Empresarial de este organismo.\" \/>\n<meta property=\"og:url\" content=\"https:\/\/centrourbano.com\/revista\/vivienda\/necesario-separar-pensiones-en-infonavit-empresarios\/\" \/>\n<meta property=\"og:site_name\" content=\"Centro Urbano\" \/>\n<meta property=\"article:publisher\" content=\"https:\/\/www.facebook.com\/portalcentrourbano\" \/>\n<meta property=\"article:published_time\" content=\"2017-07-10T18:36:20+00:00\" \/>\n<meta property=\"article:modified_time\" content=\"2017-07-11T21:29:07+00:00\" \/>\n<meta property=\"og:image\" content=\"https:\/\/centrourbano.com\/revista\/wp-content\/uploads\/Sebasti\u00e1nFern\u00e1ndez_RNSE_4puntos-estrat\u00e9gicos.jpeg\" \/>\n\t<meta property=\"og:image:width\" content=\"745\" \/>\n\t<meta property=\"og:image:height\" content=\"600\" \/>\n\t<meta property=\"og:image:type\" content=\"image\/jpeg\" \/>\n<meta name=\"author\" content=\"G4A\" \/>\n<meta name=\"twitter:card\" content=\"summary_large_image\" \/>\n<meta name=\"twitter:creator\" content=\"@CentroUrbano\" \/>\n<meta name=\"twitter:site\" content=\"@CentroUrbano\" \/>\n<meta name=\"twitter:label1\" content=\"Escrito por\" \/>\n\t<meta name=\"twitter:data1\" content=\"G4A\" \/>\n\t<meta name=\"twitter:label2\" content=\"Tiempo de lectura\" \/>\n\t<meta name=\"twitter:data2\" content=\"3 minutos\" \/>\n<script type=\"application\/ld+json\" class=\"yoast-schema-graph\">{\"@context\":\"https:\\\/\\\/schema.org\",\"@graph\":[{\"@type\":\"Article\",\"@id\":\"https:\\\/\\\/centrourbano.com\\\/revista\\\/vivienda\\\/necesario-separar-pensiones-en-infonavit-empresarios\\\/#article\",\"isPartOf\":{\"@id\":\"https:\\\/\\\/centrourbano.com\\\/revista\\\/vivienda\\\/necesario-separar-pensiones-en-infonavit-empresarios\\\/\"},\"author\":{\"name\":\"G4A\",\"@id\":\"https:\\\/\\\/centrourbano.com\\\/revista\\\/#\\\/schema\\\/person\\\/370fa0ba2d8dd5bde3fdb8b62ad360aa\"},\"headline\":\"Necesario separar pensiones en Infonavit: empresarios\",\"datePublished\":\"2017-07-10T18:36:20+00:00\",\"dateModified\":\"2017-07-11T21:29:07+00:00\",\"mainEntityOfPage\":{\"@id\":\"https:\\\/\\\/centrourbano.com\\\/revista\\\/vivienda\\\/necesario-separar-pensiones-en-infonavit-empresarios\\\/\"},\"wordCount\":519,\"commentCount\":0,\"publisher\":{\"@id\":\"https:\\\/\\\/centrourbano.com\\\/revista\\\/#organization\"},\"image\":{\"@id\":\"https:\\\/\\\/centrourbano.com\\\/revista\\\/vivienda\\\/necesario-separar-pensiones-en-infonavit-empresarios\\\/#primaryimage\"},\"thumbnailUrl\":\"https:\\\/\\\/centrourbano.com\\\/revista\\\/wp-content\\\/uploads\\\/Sebasti\u00e1nFern\u00e1ndez_RNSE_4puntos-estrat\u00e9gicos.jpeg\",\"keywords\":[\"Direcci\u00f3n Sectorial Empresarial\",\"Infonavit\",\"Reuni\u00f3n Nacional del Sector Empresarial\",\"Sebasti\u00e1n Fern\u00e1ndez Cortina\"],\"articleSection\":[\"Vivienda\"],\"inLanguage\":\"es\"},{\"@type\":\"WebPage\",\"@id\":\"https:\\\/\\\/centrourbano.com\\\/revista\\\/vivienda\\\/necesario-separar-pensiones-en-infonavit-empresarios\\\/\",\"url\":\"https:\\\/\\\/centrourbano.com\\\/revista\\\/vivienda\\\/necesario-separar-pensiones-en-infonavit-empresarios\\\/\",\"name\":\"Necesario separar pensiones en Infonavit: empresarios -\",\"isPartOf\":{\"@id\":\"https:\\\/\\\/centrourbano.com\\\/revista\\\/#website\"},\"primaryImageOfPage\":{\"@id\":\"https:\\\/\\\/centrourbano.com\\\/revista\\\/vivienda\\\/necesario-separar-pensiones-en-infonavit-empresarios\\\/#primaryimage\"},\"image\":{\"@id\":\"https:\\\/\\\/centrourbano.com\\\/revista\\\/vivienda\\\/necesario-separar-pensiones-en-infonavit-empresarios\\\/#primaryimage\"},\"thumbnailUrl\":\"https:\\\/\\\/centrourbano.com\\\/revista\\\/wp-content\\\/uploads\\\/Sebasti\u00e1nFern\u00e1ndez_RNSE_4puntos-estrat\u00e9gicos.jpeg\",\"datePublished\":\"2017-07-10T18:36:20+00:00\",\"dateModified\":\"2017-07-11T21:29:07+00:00\",\"description\":\"Separar los mandatos hipotecario y pensionario del Infonavit ser\u00eda una forma de mejorar nuestra eficiencia, la calidad de los servicios para los derechohabientes, y generar mejor rentabilidad, asegur\u00f3 Sebasti\u00e1n Fern\u00e1ndez Cortina, director Sectorial Empresarial de este organismo.\",\"breadcrumb\":{\"@id\":\"https:\\\/\\\/centrourbano.com\\\/revista\\\/vivienda\\\/necesario-separar-pensiones-en-infonavit-empresarios\\\/#breadcrumb\"},\"inLanguage\":\"es\",\"potentialAction\":[{\"@type\":\"ReadAction\",\"target\":[\"https:\\\/\\\/centrourbano.com\\\/revista\\\/vivienda\\\/necesario-separar-pensiones-en-infonavit-empresarios\\\/\"]}]},{\"@type\":\"ImageObject\",\"inLanguage\":\"es\",\"@id\":\"https:\\\/\\\/centrourbano.com\\\/revista\\\/vivienda\\\/necesario-separar-pensiones-en-infonavit-empresarios\\\/#primaryimage\",\"url\":\"https:\\\/\\\/centrourbano.com\\\/revista\\\/wp-content\\\/uploads\\\/Sebasti\u00e1nFern\u00e1ndez_RNSE_4puntos-estrat\u00e9gicos.jpeg\",\"contentUrl\":\"https:\\\/\\\/centrourbano.com\\\/revista\\\/wp-content\\\/uploads\\\/Sebasti\u00e1nFern\u00e1ndez_RNSE_4puntos-estrat\u00e9gicos.jpeg\",\"width\":745,\"height\":600,\"caption\":\"Sebasti\u00e1n Fern\u00e1ndez Cortina destac\u00f3 que el objetivo es mantener los recursos bajo el tutelaje del organismo, pero lograr una mayor eficiencia en la operaci\u00f3n\"},{\"@type\":\"BreadcrumbList\",\"@id\":\"https:\\\/\\\/centrourbano.com\\\/revista\\\/vivienda\\\/necesario-separar-pensiones-en-infonavit-empresarios\\\/#breadcrumb\",\"itemListElement\":[{\"@type\":\"ListItem\",\"position\":1,\"name\":\"Portada\",\"item\":\"https:\\\/\\\/centrourbano.com\\\/revista\\\/\"},{\"@type\":\"ListItem\",\"position\":2,\"name\":\"Necesario separar pensiones en Infonavit: empresarios\"}]},{\"@type\":\"WebSite\",\"@id\":\"https:\\\/\\\/centrourbano.com\\\/revista\\\/#website\",\"url\":\"https:\\\/\\\/centrourbano.com\\\/revista\\\/\",\"name\":\"Centro Urbano\",\"description\":\"Medio especializado en los sectores vivienda, inmobiliario, construcci\u00f3n, arquitectura y urbanismo.\",\"publisher\":{\"@id\":\"https:\\\/\\\/centrourbano.com\\\/revista\\\/#organization\"},\"potentialAction\":[{\"@type\":\"SearchAction\",\"target\":{\"@type\":\"EntryPoint\",\"urlTemplate\":\"https:\\\/\\\/centrourbano.com\\\/revista\\\/?s={search_term_string}\"},\"query-input\":{\"@type\":\"PropertyValueSpecification\",\"valueRequired\":true,\"valueName\":\"search_term_string\"}}],\"inLanguage\":\"es\"},{\"@type\":\"Organization\",\"@id\":\"https:\\\/\\\/centrourbano.com\\\/revista\\\/#organization\",\"name\":\"Centro Urbano\",\"url\":\"https:\\\/\\\/centrourbano.com\\\/revista\\\/\",\"logo\":{\"@type\":\"ImageObject\",\"inLanguage\":\"es\",\"@id\":\"https:\\\/\\\/centrourbano.com\\\/revista\\\/#\\\/schema\\\/logo\\\/image\\\/\",\"url\":\"https:\\\/\\\/centrourbano.com\\\/revista\\\/wp-content\\\/uploads\\\/web_CU_logo-1.png\",\"contentUrl\":\"https:\\\/\\\/centrourbano.com\\\/revista\\\/wp-content\\\/uploads\\\/web_CU_logo-1.png\",\"width\":350,\"height\":91,\"caption\":\"Centro Urbano\"},\"image\":{\"@id\":\"https:\\\/\\\/centrourbano.com\\\/revista\\\/#\\\/schema\\\/logo\\\/image\\\/\"},\"sameAs\":[\"https:\\\/\\\/www.facebook.com\\\/portalcentrourbano\",\"https:\\\/\\\/x.com\\\/CentroUrbano\",\"https:\\\/\\\/www.instagram.com\\\/centro_urbano\\\/\",\"https:\\\/\\\/www.linkedin.com\\\/company\\\/centro-urbano\\\/\",\"http:\\\/\\\/www.youtube.com\\\/user\\\/portalcentrourbano\"]},{\"@type\":\"Person\",\"@id\":\"https:\\\/\\\/centrourbano.com\\\/revista\\\/#\\\/schema\\\/person\\\/370fa0ba2d8dd5bde3fdb8b62ad360aa\",\"name\":\"G4A\",\"image\":{\"@type\":\"ImageObject\",\"inLanguage\":\"es\",\"@id\":\"https:\\\/\\\/secure.gravatar.com\\\/avatar\\\/932a97121b13d5de5bbd8193c6c83d3b92c9eda0f39623607d4280e7a5778d97?s=96&d=mm&r=g\",\"url\":\"https:\\\/\\\/secure.gravatar.com\\\/avatar\\\/932a97121b13d5de5bbd8193c6c83d3b92c9eda0f39623607d4280e7a5778d97?s=96&d=mm&r=g\",\"contentUrl\":\"https:\\\/\\\/secure.gravatar.com\\\/avatar\\\/932a97121b13d5de5bbd8193c6c83d3b92c9eda0f39623607d4280e7a5778d97?s=96&d=mm&r=g\",\"caption\":\"G4A\"},\"url\":\"https:\\\/\\\/centrourbano.com\\\/revista\\\/author\\\/admin-g4a\\\/\"}]}<\/script>\n<!-- \/ Yoast SEO plugin. -->","yoast_head_json":{"title":"Necesario separar pensiones en Infonavit: empresarios -","description":"Separar los mandatos hipotecario y pensionario del Infonavit ser\u00eda una forma de mejorar nuestra eficiencia, la calidad de los servicios para los derechohabientes, y generar mejor rentabilidad, asegur\u00f3 Sebasti\u00e1n Fern\u00e1ndez Cortina, director Sectorial Empresarial de este organismo.","robots":{"index":"index","follow":"follow","max-snippet":"max-snippet:-1","max-image-preview":"max-image-preview:large","max-video-preview":"max-video-preview:-1"},"canonical":"https:\/\/centrourbano.com\/revista\/vivienda\/necesario-separar-pensiones-en-infonavit-empresarios\/","og_locale":"es_ES","og_type":"article","og_title":"Necesario separar pensiones en Infonavit: empresarios -","og_description":"Separar los mandatos hipotecario y pensionario del Infonavit ser\u00eda una forma de mejorar nuestra eficiencia, la calidad de los servicios para los derechohabientes, y generar mejor rentabilidad, asegur\u00f3 Sebasti\u00e1n Fern\u00e1ndez Cortina, director Sectorial Empresarial de este organismo.","og_url":"https:\/\/centrourbano.com\/revista\/vivienda\/necesario-separar-pensiones-en-infonavit-empresarios\/","og_site_name":"Centro Urbano","article_publisher":"https:\/\/www.facebook.com\/portalcentrourbano","article_published_time":"2017-07-10T18:36:20+00:00","article_modified_time":"2017-07-11T21:29:07+00:00","og_image":[{"width":745,"height":600,"url":"https:\/\/centrourbano.com\/revista\/wp-content\/uploads\/Sebasti\u00e1nFern\u00e1ndez_RNSE_4puntos-estrat\u00e9gicos.jpeg","type":"image\/jpeg"}],"author":"G4A","twitter_card":"summary_large_image","twitter_creator":"@CentroUrbano","twitter_site":"@CentroUrbano","twitter_misc":{"Escrito por":"G4A","Tiempo de lectura":"3 minutos"},"schema":{"@context":"https:\/\/schema.org","@graph":[{"@type":"Article","@id":"https:\/\/centrourbano.com\/revista\/vivienda\/necesario-separar-pensiones-en-infonavit-empresarios\/#article","isPartOf":{"@id":"https:\/\/centrourbano.com\/revista\/vivienda\/necesario-separar-pensiones-en-infonavit-empresarios\/"},"author":{"name":"G4A","@id":"https:\/\/centrourbano.com\/revista\/#\/schema\/person\/370fa0ba2d8dd5bde3fdb8b62ad360aa"},"headline":"Necesario separar pensiones en Infonavit: empresarios","datePublished":"2017-07-10T18:36:20+00:00","dateModified":"2017-07-11T21:29:07+00:00","mainEntityOfPage":{"@id":"https:\/\/centrourbano.com\/revista\/vivienda\/necesario-separar-pensiones-en-infonavit-empresarios\/"},"wordCount":519,"commentCount":0,"publisher":{"@id":"https:\/\/centrourbano.com\/revista\/#organization"},"image":{"@id":"https:\/\/centrourbano.com\/revista\/vivienda\/necesario-separar-pensiones-en-infonavit-empresarios\/#primaryimage"},"thumbnailUrl":"https:\/\/centrourbano.com\/revista\/wp-content\/uploads\/Sebasti\u00e1nFern\u00e1ndez_RNSE_4puntos-estrat\u00e9gicos.jpeg","keywords":["Direcci\u00f3n Sectorial Empresarial","Infonavit","Reuni\u00f3n Nacional del Sector Empresarial","Sebasti\u00e1n Fern\u00e1ndez Cortina"],"articleSection":["Vivienda"],"inLanguage":"es"},{"@type":"WebPage","@id":"https:\/\/centrourbano.com\/revista\/vivienda\/necesario-separar-pensiones-en-infonavit-empresarios\/","url":"https:\/\/centrourbano.com\/revista\/vivienda\/necesario-separar-pensiones-en-infonavit-empresarios\/","name":"Necesario separar pensiones en Infonavit: empresarios -","isPartOf":{"@id":"https:\/\/centrourbano.com\/revista\/#website"},"primaryImageOfPage":{"@id":"https:\/\/centrourbano.com\/revista\/vivienda\/necesario-separar-pensiones-en-infonavit-empresarios\/#primaryimage"},"image":{"@id":"https:\/\/centrourbano.com\/revista\/vivienda\/necesario-separar-pensiones-en-infonavit-empresarios\/#primaryimage"},"thumbnailUrl":"https:\/\/centrourbano.com\/revista\/wp-content\/uploads\/Sebasti\u00e1nFern\u00e1ndez_RNSE_4puntos-estrat\u00e9gicos.jpeg","datePublished":"2017-07-10T18:36:20+00:00","dateModified":"2017-07-11T21:29:07+00:00","description":"Separar los mandatos hipotecario y pensionario del Infonavit ser\u00eda una forma de mejorar nuestra eficiencia, la calidad de los servicios para los derechohabientes, y generar mejor rentabilidad, asegur\u00f3 Sebasti\u00e1n Fern\u00e1ndez Cortina, director Sectorial Empresarial de este organismo.","breadcrumb":{"@id":"https:\/\/centrourbano.com\/revista\/vivienda\/necesario-separar-pensiones-en-infonavit-empresarios\/#breadcrumb"},"inLanguage":"es","potentialAction":[{"@type":"ReadAction","target":["https:\/\/centrourbano.com\/revista\/vivienda\/necesario-separar-pensiones-en-infonavit-empresarios\/"]}]},{"@type":"ImageObject","inLanguage":"es","@id":"https:\/\/centrourbano.com\/revista\/vivienda\/necesario-separar-pensiones-en-infonavit-empresarios\/#primaryimage","url":"https:\/\/centrourbano.com\/revista\/wp-content\/uploads\/Sebasti\u00e1nFern\u00e1ndez_RNSE_4puntos-estrat\u00e9gicos.jpeg","contentUrl":"https:\/\/centrourbano.com\/revista\/wp-content\/uploads\/Sebasti\u00e1nFern\u00e1ndez_RNSE_4puntos-estrat\u00e9gicos.jpeg","width":745,"height":600,"caption":"Sebasti\u00e1n Fern\u00e1ndez Cortina destac\u00f3 que el objetivo es mantener los recursos bajo el tutelaje del organismo, pero lograr una mayor eficiencia en la operaci\u00f3n"},{"@type":"BreadcrumbList","@id":"https:\/\/centrourbano.com\/revista\/vivienda\/necesario-separar-pensiones-en-infonavit-empresarios\/#breadcrumb","itemListElement":[{"@type":"ListItem","position":1,"name":"Portada","item":"https:\/\/centrourbano.com\/revista\/"},{"@type":"ListItem","position":2,"name":"Necesario separar pensiones en Infonavit: empresarios"}]},{"@type":"WebSite","@id":"https:\/\/centrourbano.com\/revista\/#website","url":"https:\/\/centrourbano.com\/revista\/","name":"Centro Urbano","description":"Medio especializado en los sectores vivienda, inmobiliario, construcci\u00f3n, arquitectura y urbanismo.","publisher":{"@id":"https:\/\/centrourbano.com\/revista\/#organization"},"potentialAction":[{"@type":"SearchAction","target":{"@type":"EntryPoint","urlTemplate":"https:\/\/centrourbano.com\/revista\/?s={search_term_string}"},"query-input":{"@type":"PropertyValueSpecification","valueRequired":true,"valueName":"search_term_string"}}],"inLanguage":"es"},{"@type":"Organization","@id":"https:\/\/centrourbano.com\/revista\/#organization","name":"Centro Urbano","url":"https:\/\/centrourbano.com\/revista\/","logo":{"@type":"ImageObject","inLanguage":"es","@id":"https:\/\/centrourbano.com\/revista\/#\/schema\/logo\/image\/","url":"https:\/\/centrourbano.com\/revista\/wp-content\/uploads\/web_CU_logo-1.png","contentUrl":"https:\/\/centrourbano.com\/revista\/wp-content\/uploads\/web_CU_logo-1.png","width":350,"height":91,"caption":"Centro Urbano"},"image":{"@id":"https:\/\/centrourbano.com\/revista\/#\/schema\/logo\/image\/"},"sameAs":["https:\/\/www.facebook.com\/portalcentrourbano","https:\/\/x.com\/CentroUrbano","https:\/\/www.instagram.com\/centro_urbano\/","https:\/\/www.linkedin.com\/company\/centro-urbano\/","http:\/\/www.youtube.com\/user\/portalcentrourbano"]},{"@type":"Person","@id":"https:\/\/centrourbano.com\/revista\/#\/schema\/person\/370fa0ba2d8dd5bde3fdb8b62ad360aa","name":"G4A","image":{"@type":"ImageObject","inLanguage":"es","@id":"https:\/\/secure.gravatar.com\/avatar\/932a97121b13d5de5bbd8193c6c83d3b92c9eda0f39623607d4280e7a5778d97?s=96&d=mm&r=g","url":"https:\/\/secure.gravatar.com\/avatar\/932a97121b13d5de5bbd8193c6c83d3b92c9eda0f39623607d4280e7a5778d97?s=96&d=mm&r=g","contentUrl":"https:\/\/secure.gravatar.com\/avatar\/932a97121b13d5de5bbd8193c6c83d3b92c9eda0f39623607d4280e7a5778d97?s=96&d=mm&r=g","caption":"G4A"},"url":"https:\/\/centrourbano.com\/revista\/author\/admin-g4a\/"}]}},"_links":{"self":[{"href":"https:\/\/centrourbano.com\/revista\/wp-json\/wp\/v2\/posts\/56094","targetHints":{"allow":["GET"]}}],"collection":[{"href":"https:\/\/centrourbano.com\/revista\/wp-json\/wp\/v2\/posts"}],"about":[{"href":"https:\/\/centrourbano.com\/revista\/wp-json\/wp\/v2\/types\/post"}],"author":[{"embeddable":true,"href":"https:\/\/centrourbano.com\/revista\/wp-json\/wp\/v2\/users\/77"}],"replies":[{"embeddable":true,"href":"https:\/\/centrourbano.com\/revista\/wp-json\/wp\/v2\/comments?post=56094"}],"version-history":[{"count":0,"href":"https:\/\/centrourbano.com\/revista\/wp-json\/wp\/v2\/posts\/56094\/revisions"}],"wp:featuredmedia":[{"embeddable":true,"href":"https:\/\/centrourbano.com\/revista\/wp-json\/wp\/v2\/media\/56096"}],"wp:attachment":[{"href":"https:\/\/centrourbano.com\/revista\/wp-json\/wp\/v2\/media?parent=56094"}],"wp:term":[{"taxonomy":"category","embeddable":true,"href":"https:\/\/centrourbano.com\/revista\/wp-json\/wp\/v2\/categories?post=56094"},{"taxonomy":"post_tag","embeddable":true,"href":"https:\/\/centrourbano.com\/revista\/wp-json\/wp\/v2\/tags?post=56094"}],"curies":[{"name":"wp","href":"https:\/\/api.w.org\/{rel}","templated":true}]}}