{"id":55892,"date":"2017-07-05T16:25:29","date_gmt":"2017-07-05T21:25:29","guid":{"rendered":"https:\/\/centrourbano.com\/?p=55892"},"modified":"2017-07-05T16:27:47","modified_gmt":"2017-07-05T21:27:47","slug":"museo-victoria-albert-renueva-instalaciones","status":"publish","type":"post","link":"https:\/\/centrourbano.com\/revista\/arquitectura-2\/museo-victoria-albert-renueva-instalaciones\/","title":{"rendered":"Museo Victoria &#038; Albert amplia y renueva sus intalaciones"},"content":{"rendered":"<p><em>\u00abEl V&amp;A ha sido siempre un punto de encuentro entre historia y modernidad\u00bb, dijo el director del recinto<\/em><\/p>\n<p>El <strong><a href=\"https:\/\/www.vam.ac.uk\/\" target=\"_blank\" rel=\"noopener noreferrer\">Museo Victoria &amp; Albert\u00a0 (V&amp;A)<\/a><\/strong> de Londres inaugur\u00f3 el Exhibition Road Quarter, su nueva ampliaci\u00f3n arquitect\u00f3nica, la cual est\u00e1 abierta al p\u00fablico desde el pasado 30 de junio. Las obras incluyen la nueva entrada al recinto, un patio con mosaicos de porcelana, una galer\u00eda subterr\u00e1nea, adem\u00e1s de una cafeter\u00eda con terraza.<\/p>\n<p>Los trabajos fueron realizados por el estudio de Amanda Levete, arquitecta brit\u00e1nica, quien asegur\u00f3 que los resultados son un reflejo de la identidad del museo y respetan su historia y valores; sin embargo, tambi\u00e9n se aport\u00f3 un toque moderno al incorporar elementos geom\u00e9tricos a la construcci\u00f3n erigida en 1852: \u201cEl V&amp;A ha sido siempre un punto de encuentro entre historia y modernidad, el Exhibition Road Quarter ofrece una nueva perspectiva de un edificio hist\u00f3rico\u00bb, se\u00f1al\u00f3 Tristam Hunt, director de la instituci\u00f3n.<\/p>\n<p>En la expansi\u00f3n del museo se invirtieron 48,000,000 de libras, obtenidas por donaci\u00f3n, y comprende la ampliaci\u00f3n m\u00e1s grande que ha tenido en 100 a\u00f1os. Levete se\u00f1al\u00f3 que la renovaci\u00f3n se centr\u00f3 no s\u00f3lo en un proyecto cultural, sino m\u00e1s bien urban\u00edstico y quiso \u00abmeter a la ciudad dentro del museo y al mismo tiempo, sacar al museo a Exhibition Road\u00bb, la calle donde se encuentra la nueva entrada lateral denominada The Aston Webb Screen.<\/p>\n<p>La remodelaci\u00f3n tard\u00f3 6 a\u00f1os en estar lista y comprende al Sackler Courtyard, el patio central de 1,200 metros cuadrados cubierto por un tapizado completo de 11,000 azulejos de porcelana fabricados a mano. \u00a0Adem\u00e1s est\u00e1 ornamentado con esgrafiado, una t\u00e9cnica arquitect\u00f3nica decorativa, que consiste en hacer incisiones sobre la pared creada por los primeros estudiantes de arte en el museo durante el siglo XIX.<\/p>\n<p>Asimismo, la galer\u00eda subterr\u00e1nea Sainsbury tiene una extensi\u00f3n de 11,000 metros cuadrados y se ubica a 18 metros de profundidad, para lo cual se extrajeron alrededor de 22,000 metros c\u00fabicos de tierra.<\/p>\n<p>A pesar de las obras, el museo se mantuvo activo con normalidad, con sus m\u00e1s de 4,500,000 objetos exhibidos.<\/p>\n","protected":false},"excerpt":{"rendered":"<p>\u00abEl V&amp;A ha sido siempre un punto de encuentro entre historia y modernidad\u00bb, dijo el director del recinto El Museo Victoria &amp; Albert\u00a0 (V&amp;A) de Londres inaugur\u00f3 el Exhibition Road Quarter, su nueva ampliaci\u00f3n arquitect\u00f3nica, la cual est\u00e1 abierta al p\u00fablico desde el pasado 30 de junio. Las obras incluyen la nueva entrada al recinto, [&hellip;]<\/p>\n","protected":false},"author":53,"featured_media":55893,"comment_status":"open","ping_status":"closed","sticky":false,"template":"","format":"standard","meta":{"om_disable_all_campaigns":false,"inline_featured_image":false,"_monsterinsights_skip_tracking":false,"_monsterinsights_sitenote_active":false,"_monsterinsights_sitenote_note":"","_monsterinsights_sitenote_category":0,"footnotes":""},"categories":[81],"tags":[20,2176,10419,10418,1256,4629,2758],"class_list":["post-55892","post","type-post","status-publish","format-standard","has-post-thumbnail","hentry","category-arquitectura-2","tag-arquitectura","tag-arte","tag-esgrafiado","tag-exhibition-road-quarter","tag-londres","tag-museo-victoria-and-albert","tag-museos"],"yoast_head":"<!-- This site is optimized with the Yoast SEO plugin v27.5 - https:\/\/yoast.com\/product\/yoast-seo-wordpress\/ -->\n<title>Museo Victoria &amp; Albert amplia y renueva sus instalaciones<\/title>\n<meta name=\"description\" content=\"&quot;El Museo V&amp;A ha sido siempre un punto de encuentro entre historia y modernidad&quot;, dijo el director del recinto, Tristam Hunt\" \/>\n<meta name=\"robots\" content=\"index, follow, max-snippet:-1, max-image-preview:large, max-video-preview:-1\" \/>\n<link rel=\"canonical\" href=\"https:\/\/centrourbano.com\/revista\/arquitectura-2\/museo-victoria-albert-renueva-instalaciones\/\" \/>\n<meta property=\"og:locale\" content=\"es_ES\" \/>\n<meta property=\"og:type\" content=\"article\" \/>\n<meta property=\"og:title\" content=\"Museo Victoria &amp; Albert amplia y renueva sus instalaciones\" \/>\n<meta property=\"og:description\" content=\"&quot;El Museo V&amp;A ha sido siempre un punto de encuentro entre historia y modernidad&quot;, dijo el director del recinto, Tristam Hunt\" \/>\n<meta property=\"og:url\" content=\"https:\/\/centrourbano.com\/revista\/arquitectura-2\/museo-victoria-albert-renueva-instalaciones\/\" \/>\n<meta property=\"og:site_name\" content=\"Centro Urbano\" \/>\n<meta property=\"article:publisher\" content=\"https:\/\/www.facebook.com\/portalcentrourbano\" \/>\n<meta property=\"article:author\" content=\"facebook.com\/ro.garcia23\" \/>\n<meta property=\"article:published_time\" content=\"2017-07-05T21:25:29+00:00\" \/>\n<meta property=\"article:modified_time\" content=\"2017-07-05T21:27:47+00:00\" \/>\n<meta property=\"og:image\" content=\"https:\/\/centrourbano.com\/revista\/wp-content\/uploads\/museovictoriaalberta-remodelacion20170703154941.jpg\" \/>\n\t<meta property=\"og:image:width\" content=\"659\" \/>\n\t<meta property=\"og:image:height\" content=\"462\" \/>\n\t<meta property=\"og:image:type\" content=\"image\/jpeg\" \/>\n<meta name=\"author\" content=\"Roc\u00edo Garc\u00eda\" \/>\n<meta name=\"twitter:card\" content=\"summary_large_image\" \/>\n<meta name=\"twitter:creator\" content=\"@CentroUrbano\" \/>\n<meta name=\"twitter:site\" content=\"@CentroUrbano\" \/>\n<meta name=\"twitter:label1\" content=\"Escrito por\" \/>\n\t<meta name=\"twitter:data1\" content=\"Roc\u00edo Garc\u00eda\" \/>\n\t<meta name=\"twitter:label2\" content=\"Tiempo de lectura\" \/>\n\t<meta name=\"twitter:data2\" content=\"2 minutos\" \/>\n<script type=\"application\/ld+json\" class=\"yoast-schema-graph\">{\"@context\":\"https:\\\/\\\/schema.org\",\"@graph\":[{\"@type\":\"Article\",\"@id\":\"https:\\\/\\\/centrourbano.com\\\/revista\\\/arquitectura-2\\\/museo-victoria-albert-renueva-instalaciones\\\/#article\",\"isPartOf\":{\"@id\":\"https:\\\/\\\/centrourbano.com\\\/revista\\\/arquitectura-2\\\/museo-victoria-albert-renueva-instalaciones\\\/\"},\"author\":{\"name\":\"Roc\u00edo Garc\u00eda\",\"@id\":\"https:\\\/\\\/centrourbano.com\\\/revista\\\/#\\\/schema\\\/person\\\/9a36a90c9a17a588335bc23c7aa03e3c\"},\"headline\":\"Museo Victoria &#038; Albert amplia y renueva sus intalaciones\",\"datePublished\":\"2017-07-05T21:25:29+00:00\",\"dateModified\":\"2017-07-05T21:27:47+00:00\",\"mainEntityOfPage\":{\"@id\":\"https:\\\/\\\/centrourbano.com\\\/revista\\\/arquitectura-2\\\/museo-victoria-albert-renueva-instalaciones\\\/\"},\"wordCount\":378,\"commentCount\":0,\"publisher\":{\"@id\":\"https:\\\/\\\/centrourbano.com\\\/revista\\\/#organization\"},\"image\":{\"@id\":\"https:\\\/\\\/centrourbano.com\\\/revista\\\/arquitectura-2\\\/museo-victoria-albert-renueva-instalaciones\\\/#primaryimage\"},\"thumbnailUrl\":\"https:\\\/\\\/centrourbano.com\\\/revista\\\/wp-content\\\/uploads\\\/museovictoriaalberta-remodelacion20170703154941.jpg\",\"keywords\":[\"arquitectura\",\"arte\",\"esgrafiado\",\"Exhibition Road Quarter\",\"Londres\",\"Museo Victoria and Albert\",\"museos\"],\"articleSection\":[\"Arquitectura\"],\"inLanguage\":\"es\",\"potentialAction\":[{\"@type\":\"CommentAction\",\"name\":\"Comment\",\"target\":[\"https:\\\/\\\/centrourbano.com\\\/revista\\\/arquitectura-2\\\/museo-victoria-albert-renueva-instalaciones\\\/#respond\"]}]},{\"@type\":\"WebPage\",\"@id\":\"https:\\\/\\\/centrourbano.com\\\/revista\\\/arquitectura-2\\\/museo-victoria-albert-renueva-instalaciones\\\/\",\"url\":\"https:\\\/\\\/centrourbano.com\\\/revista\\\/arquitectura-2\\\/museo-victoria-albert-renueva-instalaciones\\\/\",\"name\":\"Museo Victoria & Albert amplia y renueva sus instalaciones\",\"isPartOf\":{\"@id\":\"https:\\\/\\\/centrourbano.com\\\/revista\\\/#website\"},\"primaryImageOfPage\":{\"@id\":\"https:\\\/\\\/centrourbano.com\\\/revista\\\/arquitectura-2\\\/museo-victoria-albert-renueva-instalaciones\\\/#primaryimage\"},\"image\":{\"@id\":\"https:\\\/\\\/centrourbano.com\\\/revista\\\/arquitectura-2\\\/museo-victoria-albert-renueva-instalaciones\\\/#primaryimage\"},\"thumbnailUrl\":\"https:\\\/\\\/centrourbano.com\\\/revista\\\/wp-content\\\/uploads\\\/museovictoriaalberta-remodelacion20170703154941.jpg\",\"datePublished\":\"2017-07-05T21:25:29+00:00\",\"dateModified\":\"2017-07-05T21:27:47+00:00\",\"description\":\"\\\"El Museo V&A ha sido siempre un punto de encuentro entre historia y modernidad\\\", dijo el director del recinto, Tristam Hunt\",\"breadcrumb\":{\"@id\":\"https:\\\/\\\/centrourbano.com\\\/revista\\\/arquitectura-2\\\/museo-victoria-albert-renueva-instalaciones\\\/#breadcrumb\"},\"inLanguage\":\"es\",\"potentialAction\":[{\"@type\":\"ReadAction\",\"target\":[\"https:\\\/\\\/centrourbano.com\\\/revista\\\/arquitectura-2\\\/museo-victoria-albert-renueva-instalaciones\\\/\"]}]},{\"@type\":\"ImageObject\",\"inLanguage\":\"es\",\"@id\":\"https:\\\/\\\/centrourbano.com\\\/revista\\\/arquitectura-2\\\/museo-victoria-albert-renueva-instalaciones\\\/#primaryimage\",\"url\":\"https:\\\/\\\/centrourbano.com\\\/revista\\\/wp-content\\\/uploads\\\/museovictoriaalberta-remodelacion20170703154941.jpg\",\"contentUrl\":\"https:\\\/\\\/centrourbano.com\\\/revista\\\/wp-content\\\/uploads\\\/museovictoriaalberta-remodelacion20170703154941.jpg\",\"width\":659,\"height\":462,\"caption\":\"\\\"El Museo V&A ha sido siempre un punto de encuentro entre historia y modernidad\\\", dijo el director del recinto, Tristam Hunt\"},{\"@type\":\"BreadcrumbList\",\"@id\":\"https:\\\/\\\/centrourbano.com\\\/revista\\\/arquitectura-2\\\/museo-victoria-albert-renueva-instalaciones\\\/#breadcrumb\",\"itemListElement\":[{\"@type\":\"ListItem\",\"position\":1,\"name\":\"Portada\",\"item\":\"https:\\\/\\\/centrourbano.com\\\/revista\\\/\"},{\"@type\":\"ListItem\",\"position\":2,\"name\":\"Museo Victoria &#038; Albert amplia y renueva sus intalaciones\"}]},{\"@type\":\"WebSite\",\"@id\":\"https:\\\/\\\/centrourbano.com\\\/revista\\\/#website\",\"url\":\"https:\\\/\\\/centrourbano.com\\\/revista\\\/\",\"name\":\"Centro Urbano\",\"description\":\"Medio especializado en los sectores vivienda, inmobiliario, construcci\u00f3n, arquitectura y urbanismo.\",\"publisher\":{\"@id\":\"https:\\\/\\\/centrourbano.com\\\/revista\\\/#organization\"},\"potentialAction\":[{\"@type\":\"SearchAction\",\"target\":{\"@type\":\"EntryPoint\",\"urlTemplate\":\"https:\\\/\\\/centrourbano.com\\\/revista\\\/?s={search_term_string}\"},\"query-input\":{\"@type\":\"PropertyValueSpecification\",\"valueRequired\":true,\"valueName\":\"search_term_string\"}}],\"inLanguage\":\"es\"},{\"@type\":\"Organization\",\"@id\":\"https:\\\/\\\/centrourbano.com\\\/revista\\\/#organization\",\"name\":\"Centro Urbano\",\"url\":\"https:\\\/\\\/centrourbano.com\\\/revista\\\/\",\"logo\":{\"@type\":\"ImageObject\",\"inLanguage\":\"es\",\"@id\":\"https:\\\/\\\/centrourbano.com\\\/revista\\\/#\\\/schema\\\/logo\\\/image\\\/\",\"url\":\"https:\\\/\\\/centrourbano.com\\\/revista\\\/wp-content\\\/uploads\\\/web_CU_logo-1.png\",\"contentUrl\":\"https:\\\/\\\/centrourbano.com\\\/revista\\\/wp-content\\\/uploads\\\/web_CU_logo-1.png\",\"width\":350,\"height\":91,\"caption\":\"Centro Urbano\"},\"image\":{\"@id\":\"https:\\\/\\\/centrourbano.com\\\/revista\\\/#\\\/schema\\\/logo\\\/image\\\/\"},\"sameAs\":[\"https:\\\/\\\/www.facebook.com\\\/portalcentrourbano\",\"https:\\\/\\\/x.com\\\/CentroUrbano\",\"https:\\\/\\\/www.instagram.com\\\/centro_urbano\\\/\",\"https:\\\/\\\/www.linkedin.com\\\/company\\\/centro-urbano\\\/\",\"http:\\\/\\\/www.youtube.com\\\/user\\\/portalcentrourbano\"]},{\"@type\":\"Person\",\"@id\":\"https:\\\/\\\/centrourbano.com\\\/revista\\\/#\\\/schema\\\/person\\\/9a36a90c9a17a588335bc23c7aa03e3c\",\"name\":\"Roc\u00edo Garc\u00eda\",\"image\":{\"@type\":\"ImageObject\",\"inLanguage\":\"es\",\"@id\":\"https:\\\/\\\/secure.gravatar.com\\\/avatar\\\/a0e2f1ddfed432d8ad4b84b5dc2e19fc4c403753eb7578fd4dca22f8e2538fc8?s=96&d=mm&r=g\",\"url\":\"https:\\\/\\\/secure.gravatar.com\\\/avatar\\\/a0e2f1ddfed432d8ad4b84b5dc2e19fc4c403753eb7578fd4dca22f8e2538fc8?s=96&d=mm&r=g\",\"contentUrl\":\"https:\\\/\\\/secure.gravatar.com\\\/avatar\\\/a0e2f1ddfed432d8ad4b84b5dc2e19fc4c403753eb7578fd4dca22f8e2538fc8?s=96&d=mm&r=g\",\"caption\":\"Roc\u00edo Garc\u00eda\"},\"description\":\"Estudiante de Comunicaci\u00f3n de la Facultad de Estudios Superiores Acatl\u00e1n, con especialidad en Multimedia y Cultura. Apasionada por la radio, la m\u00fasica y la CDMX. Hablo mucho y r\u00edo m\u00e1s, me gusta la cumbia, las chelas y el rock n\u2019 roll.\",\"sameAs\":[\"facebook.com\\\/ro.garcia23\",\"https:\\\/\\\/www.instagram.com\\\/ch_chioo\\\/\"],\"url\":\"https:\\\/\\\/centrourbano.com\\\/revista\\\/author\\\/rocio-garcia\\\/\"}]}<\/script>\n<!-- \/ Yoast SEO plugin. -->","yoast_head_json":{"title":"Museo Victoria & Albert amplia y renueva sus instalaciones","description":"\"El Museo V&A ha sido siempre un punto de encuentro entre historia y modernidad\", dijo el director del recinto, Tristam Hunt","robots":{"index":"index","follow":"follow","max-snippet":"max-snippet:-1","max-image-preview":"max-image-preview:large","max-video-preview":"max-video-preview:-1"},"canonical":"https:\/\/centrourbano.com\/revista\/arquitectura-2\/museo-victoria-albert-renueva-instalaciones\/","og_locale":"es_ES","og_type":"article","og_title":"Museo Victoria & Albert amplia y renueva sus instalaciones","og_description":"\"El Museo V&A ha sido siempre un punto de encuentro entre historia y modernidad\", dijo el director del recinto, Tristam Hunt","og_url":"https:\/\/centrourbano.com\/revista\/arquitectura-2\/museo-victoria-albert-renueva-instalaciones\/","og_site_name":"Centro Urbano","article_publisher":"https:\/\/www.facebook.com\/portalcentrourbano","article_author":"facebook.com\/ro.garcia23","article_published_time":"2017-07-05T21:25:29+00:00","article_modified_time":"2017-07-05T21:27:47+00:00","og_image":[{"width":659,"height":462,"url":"https:\/\/centrourbano.com\/revista\/wp-content\/uploads\/museovictoriaalberta-remodelacion20170703154941.jpg","type":"image\/jpeg"}],"author":"Roc\u00edo Garc\u00eda","twitter_card":"summary_large_image","twitter_creator":"@CentroUrbano","twitter_site":"@CentroUrbano","twitter_misc":{"Escrito por":"Roc\u00edo Garc\u00eda","Tiempo de lectura":"2 minutos"},"schema":{"@context":"https:\/\/schema.org","@graph":[{"@type":"Article","@id":"https:\/\/centrourbano.com\/revista\/arquitectura-2\/museo-victoria-albert-renueva-instalaciones\/#article","isPartOf":{"@id":"https:\/\/centrourbano.com\/revista\/arquitectura-2\/museo-victoria-albert-renueva-instalaciones\/"},"author":{"name":"Roc\u00edo Garc\u00eda","@id":"https:\/\/centrourbano.com\/revista\/#\/schema\/person\/9a36a90c9a17a588335bc23c7aa03e3c"},"headline":"Museo Victoria &#038; Albert amplia y renueva sus intalaciones","datePublished":"2017-07-05T21:25:29+00:00","dateModified":"2017-07-05T21:27:47+00:00","mainEntityOfPage":{"@id":"https:\/\/centrourbano.com\/revista\/arquitectura-2\/museo-victoria-albert-renueva-instalaciones\/"},"wordCount":378,"commentCount":0,"publisher":{"@id":"https:\/\/centrourbano.com\/revista\/#organization"},"image":{"@id":"https:\/\/centrourbano.com\/revista\/arquitectura-2\/museo-victoria-albert-renueva-instalaciones\/#primaryimage"},"thumbnailUrl":"https:\/\/centrourbano.com\/revista\/wp-content\/uploads\/museovictoriaalberta-remodelacion20170703154941.jpg","keywords":["arquitectura","arte","esgrafiado","Exhibition Road Quarter","Londres","Museo Victoria and Albert","museos"],"articleSection":["Arquitectura"],"inLanguage":"es","potentialAction":[{"@type":"CommentAction","name":"Comment","target":["https:\/\/centrourbano.com\/revista\/arquitectura-2\/museo-victoria-albert-renueva-instalaciones\/#respond"]}]},{"@type":"WebPage","@id":"https:\/\/centrourbano.com\/revista\/arquitectura-2\/museo-victoria-albert-renueva-instalaciones\/","url":"https:\/\/centrourbano.com\/revista\/arquitectura-2\/museo-victoria-albert-renueva-instalaciones\/","name":"Museo Victoria & Albert amplia y renueva sus instalaciones","isPartOf":{"@id":"https:\/\/centrourbano.com\/revista\/#website"},"primaryImageOfPage":{"@id":"https:\/\/centrourbano.com\/revista\/arquitectura-2\/museo-victoria-albert-renueva-instalaciones\/#primaryimage"},"image":{"@id":"https:\/\/centrourbano.com\/revista\/arquitectura-2\/museo-victoria-albert-renueva-instalaciones\/#primaryimage"},"thumbnailUrl":"https:\/\/centrourbano.com\/revista\/wp-content\/uploads\/museovictoriaalberta-remodelacion20170703154941.jpg","datePublished":"2017-07-05T21:25:29+00:00","dateModified":"2017-07-05T21:27:47+00:00","description":"\"El Museo V&A ha sido siempre un punto de encuentro entre historia y modernidad\", dijo el director del recinto, Tristam Hunt","breadcrumb":{"@id":"https:\/\/centrourbano.com\/revista\/arquitectura-2\/museo-victoria-albert-renueva-instalaciones\/#breadcrumb"},"inLanguage":"es","potentialAction":[{"@type":"ReadAction","target":["https:\/\/centrourbano.com\/revista\/arquitectura-2\/museo-victoria-albert-renueva-instalaciones\/"]}]},{"@type":"ImageObject","inLanguage":"es","@id":"https:\/\/centrourbano.com\/revista\/arquitectura-2\/museo-victoria-albert-renueva-instalaciones\/#primaryimage","url":"https:\/\/centrourbano.com\/revista\/wp-content\/uploads\/museovictoriaalberta-remodelacion20170703154941.jpg","contentUrl":"https:\/\/centrourbano.com\/revista\/wp-content\/uploads\/museovictoriaalberta-remodelacion20170703154941.jpg","width":659,"height":462,"caption":"\"El Museo V&A ha sido siempre un punto de encuentro entre historia y modernidad\", dijo el director del recinto, Tristam Hunt"},{"@type":"BreadcrumbList","@id":"https:\/\/centrourbano.com\/revista\/arquitectura-2\/museo-victoria-albert-renueva-instalaciones\/#breadcrumb","itemListElement":[{"@type":"ListItem","position":1,"name":"Portada","item":"https:\/\/centrourbano.com\/revista\/"},{"@type":"ListItem","position":2,"name":"Museo Victoria &#038; Albert amplia y renueva sus intalaciones"}]},{"@type":"WebSite","@id":"https:\/\/centrourbano.com\/revista\/#website","url":"https:\/\/centrourbano.com\/revista\/","name":"Centro Urbano","description":"Medio especializado en los sectores vivienda, inmobiliario, construcci\u00f3n, arquitectura y urbanismo.","publisher":{"@id":"https:\/\/centrourbano.com\/revista\/#organization"},"potentialAction":[{"@type":"SearchAction","target":{"@type":"EntryPoint","urlTemplate":"https:\/\/centrourbano.com\/revista\/?s={search_term_string}"},"query-input":{"@type":"PropertyValueSpecification","valueRequired":true,"valueName":"search_term_string"}}],"inLanguage":"es"},{"@type":"Organization","@id":"https:\/\/centrourbano.com\/revista\/#organization","name":"Centro Urbano","url":"https:\/\/centrourbano.com\/revista\/","logo":{"@type":"ImageObject","inLanguage":"es","@id":"https:\/\/centrourbano.com\/revista\/#\/schema\/logo\/image\/","url":"https:\/\/centrourbano.com\/revista\/wp-content\/uploads\/web_CU_logo-1.png","contentUrl":"https:\/\/centrourbano.com\/revista\/wp-content\/uploads\/web_CU_logo-1.png","width":350,"height":91,"caption":"Centro Urbano"},"image":{"@id":"https:\/\/centrourbano.com\/revista\/#\/schema\/logo\/image\/"},"sameAs":["https:\/\/www.facebook.com\/portalcentrourbano","https:\/\/x.com\/CentroUrbano","https:\/\/www.instagram.com\/centro_urbano\/","https:\/\/www.linkedin.com\/company\/centro-urbano\/","http:\/\/www.youtube.com\/user\/portalcentrourbano"]},{"@type":"Person","@id":"https:\/\/centrourbano.com\/revista\/#\/schema\/person\/9a36a90c9a17a588335bc23c7aa03e3c","name":"Roc\u00edo Garc\u00eda","image":{"@type":"ImageObject","inLanguage":"es","@id":"https:\/\/secure.gravatar.com\/avatar\/a0e2f1ddfed432d8ad4b84b5dc2e19fc4c403753eb7578fd4dca22f8e2538fc8?s=96&d=mm&r=g","url":"https:\/\/secure.gravatar.com\/avatar\/a0e2f1ddfed432d8ad4b84b5dc2e19fc4c403753eb7578fd4dca22f8e2538fc8?s=96&d=mm&r=g","contentUrl":"https:\/\/secure.gravatar.com\/avatar\/a0e2f1ddfed432d8ad4b84b5dc2e19fc4c403753eb7578fd4dca22f8e2538fc8?s=96&d=mm&r=g","caption":"Roc\u00edo Garc\u00eda"},"description":"Estudiante de Comunicaci\u00f3n de la Facultad de Estudios Superiores Acatl\u00e1n, con especialidad en Multimedia y Cultura. Apasionada por la radio, la m\u00fasica y la CDMX. Hablo mucho y r\u00edo m\u00e1s, me gusta la cumbia, las chelas y el rock n\u2019 roll.","sameAs":["facebook.com\/ro.garcia23","https:\/\/www.instagram.com\/ch_chioo\/"],"url":"https:\/\/centrourbano.com\/revista\/author\/rocio-garcia\/"}]}},"_links":{"self":[{"href":"https:\/\/centrourbano.com\/revista\/wp-json\/wp\/v2\/posts\/55892","targetHints":{"allow":["GET"]}}],"collection":[{"href":"https:\/\/centrourbano.com\/revista\/wp-json\/wp\/v2\/posts"}],"about":[{"href":"https:\/\/centrourbano.com\/revista\/wp-json\/wp\/v2\/types\/post"}],"author":[{"embeddable":true,"href":"https:\/\/centrourbano.com\/revista\/wp-json\/wp\/v2\/users\/53"}],"replies":[{"embeddable":true,"href":"https:\/\/centrourbano.com\/revista\/wp-json\/wp\/v2\/comments?post=55892"}],"version-history":[{"count":0,"href":"https:\/\/centrourbano.com\/revista\/wp-json\/wp\/v2\/posts\/55892\/revisions"}],"wp:featuredmedia":[{"embeddable":true,"href":"https:\/\/centrourbano.com\/revista\/wp-json\/wp\/v2\/media\/55893"}],"wp:attachment":[{"href":"https:\/\/centrourbano.com\/revista\/wp-json\/wp\/v2\/media?parent=55892"}],"wp:term":[{"taxonomy":"category","embeddable":true,"href":"https:\/\/centrourbano.com\/revista\/wp-json\/wp\/v2\/categories?post=55892"},{"taxonomy":"post_tag","embeddable":true,"href":"https:\/\/centrourbano.com\/revista\/wp-json\/wp\/v2\/tags?post=55892"}],"curies":[{"name":"wp","href":"https:\/\/api.w.org\/{rel}","templated":true}]}}