{"id":55857,"date":"2017-07-05T09:24:07","date_gmt":"2017-07-05T14:24:07","guid":{"rendered":"https:\/\/centrourbano.com\/?p=55857"},"modified":"2017-07-05T09:24:07","modified_gmt":"2017-07-05T14:24:07","slug":"unam-ayudara-formar","status":"publish","type":"post","link":"https:\/\/centrourbano.com\/revista\/arquitectura-2\/unam-ayudara-formar\/","title":{"rendered":"UNAM ayudar\u00e1 a formar docentes de dise\u00f1o y artes en Oaxaca"},"content":{"rendered":"<p><em>A trav\u00e9s de la Facultad de Artes y Dise\u00f1o firm\u00f3 un convenio de colaboraci\u00f3n con el Centro de las Artes de San Agust\u00edn (CaSa)<\/em><!--more--><\/p>\n<p>Esta semana la Universidad Nacional Aut\u00f3noma de M\u00e9xico (UNAM), a trav\u00e9s de la Facultad de Artes y Dise\u00f1o (FAD), firm\u00f3 un convenio de colaboraci\u00f3n con el Centro de las Artes de San Agust\u00edn (CaSa), en Oaxaca.<\/p>\n<p>El objetivo es establecer un programa de formaci\u00f3n de docentes en artes y dise\u00f1o, adem\u00e1s de propiciar el intercambio de artistas a partir de estrategias de movilidad acad\u00e9mica y estudiantil.<\/p>\n<p>Al respecto, el rector Enrique Graue Wiechers; el artista pl\u00e1stico y fundador de CaSa, Francisco Toledo; y el gobernador de Oaxaca, Alejandro Murat Hinojosa, signaron el convenio por el que tambi\u00e9n se realizar\u00e1n programas de servicio social que propicien un v\u00ednculo con la sociedad del estado, a partir de rescatar y preservar la riqueza cultural y art\u00edstica de la entidad.<\/p>\n<p>Graue Wiechers indic\u00f3 que este convenio complementa los procesos educativos de ambas instituciones. La UNAM, por ejemplo, est\u00e1 interesada en saber los m\u00e9todos por los que en CaSa se crea arte sustentable, y compartir\u00e1 todos los conocimientos generados en la FAD.<\/p>\n<p>\u201cHemos de aprender de las t\u00e9cnicas del maestro Toledo, del Centro de las Artes de San Agust\u00edn, para crear un nuevo M\u00e9xico, una nueva cultura y una nueva forma de crear arte\u201d, dijo en el Instituto de Artes Gr\u00e1ficas de Oaxaca.<\/p>\n<p>En su oportunidad, Murat Hinojosa expuso que se busca que a trav\u00e9s de programas educativos de la Universidad Nacional se establezcan esquemas innovadores para impulsar las artes gr\u00e1ficas y los textiles que la entidad ha aportado al mundo.<\/p>\n<p>Asimismo, anunci\u00f3 que para fortalecer la presencia de la UNAM en el estado se le donar\u00e1 el edificio de la antigua sede del Poder Judicial. Adem\u00e1s, se analiza la posibilidad de que esta casa de estudios, junto con la Universidad Aut\u00f3noma Benito Ju\u00e1rez de Oaxaca (UABJO) y el Sistema de Universidades Estatales de Oaxaca (Suneo), establezcan un nuevo campus en el estado.<\/p>\n<p>La directora de la FAD, Elizabeth Fuentes Rojas, celebr\u00f3 el convenio con CaSa, \u201cun centro de producci\u00f3n art\u00edstica de importancia internacional y con el que se realizar\u00e1n conferencias, talleres, estancias de producci\u00f3n, as\u00ed como exposiciones en las \u00e1reas de las artes visuales, dise\u00f1o y comunicaci\u00f3n visual\u201d.<\/p>\n<p>De igual manera, expuso que se trabajar\u00e1 en un modelo de formaci\u00f3n de profesores que se replicar\u00e1 en todo el estado.<\/p>\n<p>En la firma del convenio estuvieron presentes el director general de CaSa, Daniel Brena Wilson; el presidente municipal de Oaxaca, Jos\u00e9 Antonio Hern\u00e1ndez; el rector de la UABJO, Eduardo Bautista Mart\u00ednez, as\u00ed como los titulares de la Coordinaci\u00f3n de la Investigaci\u00f3n Cient\u00edfica de la UNAM, William Lee Alard\u00edn, y de la Secretar\u00eda de Desarrollo Institucional, Alberto Ken Oyama.<\/p>\n<p>Tambi\u00e9n, el director del Instituto de Investigaciones Est\u00e9ticas, Renato Gonz\u00e1lez Mello; el representante de la UNAM en Oaxaca, Carlos Rojas Guti\u00e9rrez; y el acad\u00e9mico del Instituto de Geograf\u00eda, Jos\u00e9 Luis Palacio Prieto, entre otros.<\/p>\n","protected":false},"excerpt":{"rendered":"<p>A trav\u00e9s de la Facultad de Artes y Dise\u00f1o firm\u00f3 un convenio de colaboraci\u00f3n con el Centro de las Artes de San Agust\u00edn (CaSa)<\/p>\n","protected":false},"author":9,"featured_media":55860,"comment_status":"open","ping_status":"closed","sticky":false,"template":"","format":"standard","meta":{"om_disable_all_campaigns":false,"inline_featured_image":false,"_monsterinsights_skip_tracking":false,"_monsterinsights_sitenote_active":false,"_monsterinsights_sitenote_note":"","_monsterinsights_sitenote_category":0,"footnotes":""},"categories":[81],"tags":[501,244],"class_list":["post-55857","post","type-post","status-publish","format-standard","has-post-thumbnail","hentry","category-arquitectura-2","tag-oaxaca","tag-unam"],"yoast_head":"<!-- This site is optimized with the Yoast SEO plugin v27.4 - https:\/\/yoast.com\/product\/yoast-seo-wordpress\/ -->\n<title>UNAM ayudar\u00e1 a formar docentes de dise\u00f1o y artes en Oaxaca<\/title>\n<meta name=\"description\" content=\"A trav\u00e9s de la Facultad de Artes y Dise\u00f1o firm\u00f3 un convenio de colaboraci\u00f3n con el Centro de las Artes de San Agust\u00edn (CaSa)\" \/>\n<meta name=\"robots\" content=\"index, follow, max-snippet:-1, max-image-preview:large, max-video-preview:-1\" \/>\n<link rel=\"canonical\" href=\"https:\/\/centrourbano.com\/revista\/arquitectura-2\/unam-ayudara-formar\/\" \/>\n<meta property=\"og:locale\" content=\"es_ES\" \/>\n<meta property=\"og:type\" content=\"article\" \/>\n<meta property=\"og:title\" content=\"UNAM ayudar\u00e1 a formar docentes de dise\u00f1o y artes en Oaxaca\" \/>\n<meta property=\"og:description\" content=\"A trav\u00e9s de la Facultad de Artes y Dise\u00f1o firm\u00f3 un convenio de colaboraci\u00f3n con el Centro de las Artes de San Agust\u00edn (CaSa)\" \/>\n<meta property=\"og:url\" content=\"https:\/\/centrourbano.com\/revista\/arquitectura-2\/unam-ayudara-formar\/\" \/>\n<meta property=\"og:site_name\" content=\"Centro Urbano\" \/>\n<meta property=\"article:publisher\" content=\"https:\/\/www.facebook.com\/portalcentrourbano\" \/>\n<meta property=\"article:published_time\" content=\"2017-07-05T14:24:07+00:00\" \/>\n<meta property=\"og:image\" content=\"https:\/\/centrourbano.com\/revista\/wp-content\/uploads\/Centro-de-las-Artes-de-San-Agusti\u0301n-CaSa.jpg\" \/>\n\t<meta property=\"og:image:width\" content=\"709\" \/>\n\t<meta property=\"og:image:height\" content=\"474\" \/>\n\t<meta property=\"og:image:type\" content=\"image\/jpeg\" \/>\n<meta name=\"author\" content=\"Dinorah Nava\" \/>\n<meta name=\"twitter:card\" content=\"summary_large_image\" \/>\n<meta name=\"twitter:creator\" content=\"@https:\/\/twitter.com\/Dinorah_Nava28\" \/>\n<meta name=\"twitter:site\" content=\"@CentroUrbano\" \/>\n<meta name=\"twitter:label1\" content=\"Escrito por\" \/>\n\t<meta name=\"twitter:data1\" content=\"Dinorah Nava\" \/>\n\t<meta name=\"twitter:label2\" content=\"Tiempo de lectura\" \/>\n\t<meta name=\"twitter:data2\" content=\"3 minutos\" \/>\n<script type=\"application\/ld+json\" class=\"yoast-schema-graph\">{\"@context\":\"https:\\\/\\\/schema.org\",\"@graph\":[{\"@type\":\"Article\",\"@id\":\"https:\\\/\\\/centrourbano.com\\\/revista\\\/arquitectura-2\\\/unam-ayudara-formar\\\/#article\",\"isPartOf\":{\"@id\":\"https:\\\/\\\/centrourbano.com\\\/revista\\\/arquitectura-2\\\/unam-ayudara-formar\\\/\"},\"author\":{\"name\":\"Dinorah Nava\",\"@id\":\"https:\\\/\\\/centrourbano.com\\\/revista\\\/#\\\/schema\\\/person\\\/b45db815d96831257ba428a3d5a5fbdc\"},\"headline\":\"UNAM ayudar\u00e1 a formar docentes de dise\u00f1o y artes en Oaxaca\",\"datePublished\":\"2017-07-05T14:24:07+00:00\",\"mainEntityOfPage\":{\"@id\":\"https:\\\/\\\/centrourbano.com\\\/revista\\\/arquitectura-2\\\/unam-ayudara-formar\\\/\"},\"wordCount\":552,\"commentCount\":0,\"publisher\":{\"@id\":\"https:\\\/\\\/centrourbano.com\\\/revista\\\/#organization\"},\"image\":{\"@id\":\"https:\\\/\\\/centrourbano.com\\\/revista\\\/arquitectura-2\\\/unam-ayudara-formar\\\/#primaryimage\"},\"thumbnailUrl\":\"https:\\\/\\\/centrourbano.com\\\/revista\\\/wp-content\\\/uploads\\\/Centro-de-las-Artes-de-San-Agusti\u0301n-CaSa.jpg\",\"keywords\":[\"Oaxaca\",\"UNAM\"],\"articleSection\":[\"Arquitectura\"],\"inLanguage\":\"es\",\"potentialAction\":[{\"@type\":\"CommentAction\",\"name\":\"Comment\",\"target\":[\"https:\\\/\\\/centrourbano.com\\\/revista\\\/arquitectura-2\\\/unam-ayudara-formar\\\/#respond\"]}]},{\"@type\":\"WebPage\",\"@id\":\"https:\\\/\\\/centrourbano.com\\\/revista\\\/arquitectura-2\\\/unam-ayudara-formar\\\/\",\"url\":\"https:\\\/\\\/centrourbano.com\\\/revista\\\/arquitectura-2\\\/unam-ayudara-formar\\\/\",\"name\":\"UNAM ayudar\u00e1 a formar docentes de dise\u00f1o y artes en Oaxaca\",\"isPartOf\":{\"@id\":\"https:\\\/\\\/centrourbano.com\\\/revista\\\/#website\"},\"primaryImageOfPage\":{\"@id\":\"https:\\\/\\\/centrourbano.com\\\/revista\\\/arquitectura-2\\\/unam-ayudara-formar\\\/#primaryimage\"},\"image\":{\"@id\":\"https:\\\/\\\/centrourbano.com\\\/revista\\\/arquitectura-2\\\/unam-ayudara-formar\\\/#primaryimage\"},\"thumbnailUrl\":\"https:\\\/\\\/centrourbano.com\\\/revista\\\/wp-content\\\/uploads\\\/Centro-de-las-Artes-de-San-Agusti\u0301n-CaSa.jpg\",\"datePublished\":\"2017-07-05T14:24:07+00:00\",\"description\":\"A trav\u00e9s de la Facultad de Artes y Dise\u00f1o firm\u00f3 un convenio de colaboraci\u00f3n con el Centro de las Artes de San Agust\u00edn (CaSa)\",\"breadcrumb\":{\"@id\":\"https:\\\/\\\/centrourbano.com\\\/revista\\\/arquitectura-2\\\/unam-ayudara-formar\\\/#breadcrumb\"},\"inLanguage\":\"es\",\"potentialAction\":[{\"@type\":\"ReadAction\",\"target\":[\"https:\\\/\\\/centrourbano.com\\\/revista\\\/arquitectura-2\\\/unam-ayudara-formar\\\/\"]}]},{\"@type\":\"ImageObject\",\"inLanguage\":\"es\",\"@id\":\"https:\\\/\\\/centrourbano.com\\\/revista\\\/arquitectura-2\\\/unam-ayudara-formar\\\/#primaryimage\",\"url\":\"https:\\\/\\\/centrourbano.com\\\/revista\\\/wp-content\\\/uploads\\\/Centro-de-las-Artes-de-San-Agusti\u0301n-CaSa.jpg\",\"contentUrl\":\"https:\\\/\\\/centrourbano.com\\\/revista\\\/wp-content\\\/uploads\\\/Centro-de-las-Artes-de-San-Agusti\u0301n-CaSa.jpg\",\"width\":709,\"height\":474,\"caption\":\"A trav\u00e9s de la Facultad de Artes y Dise\u00f1o firm\u00f3 un convenio de colaboraci\u00f3n con el Centro de las Artes de San Agust\u00edn (CaSa)\"},{\"@type\":\"BreadcrumbList\",\"@id\":\"https:\\\/\\\/centrourbano.com\\\/revista\\\/arquitectura-2\\\/unam-ayudara-formar\\\/#breadcrumb\",\"itemListElement\":[{\"@type\":\"ListItem\",\"position\":1,\"name\":\"Portada\",\"item\":\"https:\\\/\\\/centrourbano.com\\\/revista\\\/\"},{\"@type\":\"ListItem\",\"position\":2,\"name\":\"UNAM ayudar\u00e1 a formar docentes de dise\u00f1o y artes en Oaxaca\"}]},{\"@type\":\"WebSite\",\"@id\":\"https:\\\/\\\/centrourbano.com\\\/revista\\\/#website\",\"url\":\"https:\\\/\\\/centrourbano.com\\\/revista\\\/\",\"name\":\"Centro Urbano\",\"description\":\"Medio especializado en los sectores vivienda, inmobiliario, construcci\u00f3n, arquitectura y urbanismo.\",\"publisher\":{\"@id\":\"https:\\\/\\\/centrourbano.com\\\/revista\\\/#organization\"},\"potentialAction\":[{\"@type\":\"SearchAction\",\"target\":{\"@type\":\"EntryPoint\",\"urlTemplate\":\"https:\\\/\\\/centrourbano.com\\\/revista\\\/?s={search_term_string}\"},\"query-input\":{\"@type\":\"PropertyValueSpecification\",\"valueRequired\":true,\"valueName\":\"search_term_string\"}}],\"inLanguage\":\"es\"},{\"@type\":\"Organization\",\"@id\":\"https:\\\/\\\/centrourbano.com\\\/revista\\\/#organization\",\"name\":\"Centro Urbano\",\"url\":\"https:\\\/\\\/centrourbano.com\\\/revista\\\/\",\"logo\":{\"@type\":\"ImageObject\",\"inLanguage\":\"es\",\"@id\":\"https:\\\/\\\/centrourbano.com\\\/revista\\\/#\\\/schema\\\/logo\\\/image\\\/\",\"url\":\"https:\\\/\\\/centrourbano.com\\\/revista\\\/wp-content\\\/uploads\\\/web_CU_logo-1.png\",\"contentUrl\":\"https:\\\/\\\/centrourbano.com\\\/revista\\\/wp-content\\\/uploads\\\/web_CU_logo-1.png\",\"width\":350,\"height\":91,\"caption\":\"Centro Urbano\"},\"image\":{\"@id\":\"https:\\\/\\\/centrourbano.com\\\/revista\\\/#\\\/schema\\\/logo\\\/image\\\/\"},\"sameAs\":[\"https:\\\/\\\/www.facebook.com\\\/portalcentrourbano\",\"https:\\\/\\\/x.com\\\/CentroUrbano\",\"https:\\\/\\\/www.instagram.com\\\/centro_urbano\\\/\",\"https:\\\/\\\/www.linkedin.com\\\/company\\\/centro-urbano\\\/\",\"http:\\\/\\\/www.youtube.com\\\/user\\\/portalcentrourbano\"]},{\"@type\":\"Person\",\"@id\":\"https:\\\/\\\/centrourbano.com\\\/revista\\\/#\\\/schema\\\/person\\\/b45db815d96831257ba428a3d5a5fbdc\",\"name\":\"Dinorah Nava\",\"image\":{\"@type\":\"ImageObject\",\"inLanguage\":\"es\",\"@id\":\"https:\\\/\\\/secure.gravatar.com\\\/avatar\\\/f6ca6430c51d147f363940f84e1225aa4b8183885c11802cc3b042305a4ecc1a?s=96&d=mm&r=g\",\"url\":\"https:\\\/\\\/secure.gravatar.com\\\/avatar\\\/f6ca6430c51d147f363940f84e1225aa4b8183885c11802cc3b042305a4ecc1a?s=96&d=mm&r=g\",\"contentUrl\":\"https:\\\/\\\/secure.gravatar.com\\\/avatar\\\/f6ca6430c51d147f363940f84e1225aa4b8183885c11802cc3b042305a4ecc1a?s=96&d=mm&r=g\",\"caption\":\"Dinorah Nava\"},\"description\":\"Editora de Contenidos y Estrategias Digitales en Centro Urbano y Coeditora en Peri\u00f3dico Mi Casa. Egresada de la licenciatura en Comunicaci\u00f3n y Periodismo de la Facultad de Estudios Superiores Arag\u00f3n (UNAM). Amante de la edici\u00f3n y correcci\u00f3n de estilo, las redes sociales y el mundo digital. Especialista en temas son arquitectura, inmobiliario y urbanismo.\",\"sameAs\":[\"linkedin.com\\\/in\\\/dinorah-nava\",\"https:\\\/\\\/x.com\\\/https:\\\/\\\/twitter.com\\\/Dinorah_Nava28\"],\"url\":\"https:\\\/\\\/centrourbano.com\\\/revista\\\/author\\\/dinorah-nava\\\/\"}]}<\/script>\n<!-- \/ Yoast SEO plugin. -->","yoast_head_json":{"title":"UNAM ayudar\u00e1 a formar docentes de dise\u00f1o y artes en Oaxaca","description":"A trav\u00e9s de la Facultad de Artes y Dise\u00f1o firm\u00f3 un convenio de colaboraci\u00f3n con el Centro de las Artes de San Agust\u00edn (CaSa)","robots":{"index":"index","follow":"follow","max-snippet":"max-snippet:-1","max-image-preview":"max-image-preview:large","max-video-preview":"max-video-preview:-1"},"canonical":"https:\/\/centrourbano.com\/revista\/arquitectura-2\/unam-ayudara-formar\/","og_locale":"es_ES","og_type":"article","og_title":"UNAM ayudar\u00e1 a formar docentes de dise\u00f1o y artes en Oaxaca","og_description":"A trav\u00e9s de la Facultad de Artes y Dise\u00f1o firm\u00f3 un convenio de colaboraci\u00f3n con el Centro de las Artes de San Agust\u00edn (CaSa)","og_url":"https:\/\/centrourbano.com\/revista\/arquitectura-2\/unam-ayudara-formar\/","og_site_name":"Centro Urbano","article_publisher":"https:\/\/www.facebook.com\/portalcentrourbano","article_published_time":"2017-07-05T14:24:07+00:00","og_image":[{"width":709,"height":474,"url":"https:\/\/centrourbano.com\/revista\/wp-content\/uploads\/Centro-de-las-Artes-de-San-Agusti\u0301n-CaSa.jpg","type":"image\/jpeg"}],"author":"Dinorah Nava","twitter_card":"summary_large_image","twitter_creator":"@https:\/\/twitter.com\/Dinorah_Nava28","twitter_site":"@CentroUrbano","twitter_misc":{"Escrito por":"Dinorah Nava","Tiempo de lectura":"3 minutos"},"schema":{"@context":"https:\/\/schema.org","@graph":[{"@type":"Article","@id":"https:\/\/centrourbano.com\/revista\/arquitectura-2\/unam-ayudara-formar\/#article","isPartOf":{"@id":"https:\/\/centrourbano.com\/revista\/arquitectura-2\/unam-ayudara-formar\/"},"author":{"name":"Dinorah Nava","@id":"https:\/\/centrourbano.com\/revista\/#\/schema\/person\/b45db815d96831257ba428a3d5a5fbdc"},"headline":"UNAM ayudar\u00e1 a formar docentes de dise\u00f1o y artes en Oaxaca","datePublished":"2017-07-05T14:24:07+00:00","mainEntityOfPage":{"@id":"https:\/\/centrourbano.com\/revista\/arquitectura-2\/unam-ayudara-formar\/"},"wordCount":552,"commentCount":0,"publisher":{"@id":"https:\/\/centrourbano.com\/revista\/#organization"},"image":{"@id":"https:\/\/centrourbano.com\/revista\/arquitectura-2\/unam-ayudara-formar\/#primaryimage"},"thumbnailUrl":"https:\/\/centrourbano.com\/revista\/wp-content\/uploads\/Centro-de-las-Artes-de-San-Agusti\u0301n-CaSa.jpg","keywords":["Oaxaca","UNAM"],"articleSection":["Arquitectura"],"inLanguage":"es","potentialAction":[{"@type":"CommentAction","name":"Comment","target":["https:\/\/centrourbano.com\/revista\/arquitectura-2\/unam-ayudara-formar\/#respond"]}]},{"@type":"WebPage","@id":"https:\/\/centrourbano.com\/revista\/arquitectura-2\/unam-ayudara-formar\/","url":"https:\/\/centrourbano.com\/revista\/arquitectura-2\/unam-ayudara-formar\/","name":"UNAM ayudar\u00e1 a formar docentes de dise\u00f1o y artes en Oaxaca","isPartOf":{"@id":"https:\/\/centrourbano.com\/revista\/#website"},"primaryImageOfPage":{"@id":"https:\/\/centrourbano.com\/revista\/arquitectura-2\/unam-ayudara-formar\/#primaryimage"},"image":{"@id":"https:\/\/centrourbano.com\/revista\/arquitectura-2\/unam-ayudara-formar\/#primaryimage"},"thumbnailUrl":"https:\/\/centrourbano.com\/revista\/wp-content\/uploads\/Centro-de-las-Artes-de-San-Agusti\u0301n-CaSa.jpg","datePublished":"2017-07-05T14:24:07+00:00","description":"A trav\u00e9s de la Facultad de Artes y Dise\u00f1o firm\u00f3 un convenio de colaboraci\u00f3n con el Centro de las Artes de San Agust\u00edn (CaSa)","breadcrumb":{"@id":"https:\/\/centrourbano.com\/revista\/arquitectura-2\/unam-ayudara-formar\/#breadcrumb"},"inLanguage":"es","potentialAction":[{"@type":"ReadAction","target":["https:\/\/centrourbano.com\/revista\/arquitectura-2\/unam-ayudara-formar\/"]}]},{"@type":"ImageObject","inLanguage":"es","@id":"https:\/\/centrourbano.com\/revista\/arquitectura-2\/unam-ayudara-formar\/#primaryimage","url":"https:\/\/centrourbano.com\/revista\/wp-content\/uploads\/Centro-de-las-Artes-de-San-Agusti\u0301n-CaSa.jpg","contentUrl":"https:\/\/centrourbano.com\/revista\/wp-content\/uploads\/Centro-de-las-Artes-de-San-Agusti\u0301n-CaSa.jpg","width":709,"height":474,"caption":"A trav\u00e9s de la Facultad de Artes y Dise\u00f1o firm\u00f3 un convenio de colaboraci\u00f3n con el Centro de las Artes de San Agust\u00edn (CaSa)"},{"@type":"BreadcrumbList","@id":"https:\/\/centrourbano.com\/revista\/arquitectura-2\/unam-ayudara-formar\/#breadcrumb","itemListElement":[{"@type":"ListItem","position":1,"name":"Portada","item":"https:\/\/centrourbano.com\/revista\/"},{"@type":"ListItem","position":2,"name":"UNAM ayudar\u00e1 a formar docentes de dise\u00f1o y artes en Oaxaca"}]},{"@type":"WebSite","@id":"https:\/\/centrourbano.com\/revista\/#website","url":"https:\/\/centrourbano.com\/revista\/","name":"Centro Urbano","description":"Medio especializado en los sectores vivienda, inmobiliario, construcci\u00f3n, arquitectura y urbanismo.","publisher":{"@id":"https:\/\/centrourbano.com\/revista\/#organization"},"potentialAction":[{"@type":"SearchAction","target":{"@type":"EntryPoint","urlTemplate":"https:\/\/centrourbano.com\/revista\/?s={search_term_string}"},"query-input":{"@type":"PropertyValueSpecification","valueRequired":true,"valueName":"search_term_string"}}],"inLanguage":"es"},{"@type":"Organization","@id":"https:\/\/centrourbano.com\/revista\/#organization","name":"Centro Urbano","url":"https:\/\/centrourbano.com\/revista\/","logo":{"@type":"ImageObject","inLanguage":"es","@id":"https:\/\/centrourbano.com\/revista\/#\/schema\/logo\/image\/","url":"https:\/\/centrourbano.com\/revista\/wp-content\/uploads\/web_CU_logo-1.png","contentUrl":"https:\/\/centrourbano.com\/revista\/wp-content\/uploads\/web_CU_logo-1.png","width":350,"height":91,"caption":"Centro Urbano"},"image":{"@id":"https:\/\/centrourbano.com\/revista\/#\/schema\/logo\/image\/"},"sameAs":["https:\/\/www.facebook.com\/portalcentrourbano","https:\/\/x.com\/CentroUrbano","https:\/\/www.instagram.com\/centro_urbano\/","https:\/\/www.linkedin.com\/company\/centro-urbano\/","http:\/\/www.youtube.com\/user\/portalcentrourbano"]},{"@type":"Person","@id":"https:\/\/centrourbano.com\/revista\/#\/schema\/person\/b45db815d96831257ba428a3d5a5fbdc","name":"Dinorah Nava","image":{"@type":"ImageObject","inLanguage":"es","@id":"https:\/\/secure.gravatar.com\/avatar\/f6ca6430c51d147f363940f84e1225aa4b8183885c11802cc3b042305a4ecc1a?s=96&d=mm&r=g","url":"https:\/\/secure.gravatar.com\/avatar\/f6ca6430c51d147f363940f84e1225aa4b8183885c11802cc3b042305a4ecc1a?s=96&d=mm&r=g","contentUrl":"https:\/\/secure.gravatar.com\/avatar\/f6ca6430c51d147f363940f84e1225aa4b8183885c11802cc3b042305a4ecc1a?s=96&d=mm&r=g","caption":"Dinorah Nava"},"description":"Editora de Contenidos y Estrategias Digitales en Centro Urbano y Coeditora en Peri\u00f3dico Mi Casa. Egresada de la licenciatura en Comunicaci\u00f3n y Periodismo de la Facultad de Estudios Superiores Arag\u00f3n (UNAM). Amante de la edici\u00f3n y correcci\u00f3n de estilo, las redes sociales y el mundo digital. Especialista en temas son arquitectura, inmobiliario y urbanismo.","sameAs":["linkedin.com\/in\/dinorah-nava","https:\/\/x.com\/https:\/\/twitter.com\/Dinorah_Nava28"],"url":"https:\/\/centrourbano.com\/revista\/author\/dinorah-nava\/"}]}},"_links":{"self":[{"href":"https:\/\/centrourbano.com\/revista\/wp-json\/wp\/v2\/posts\/55857","targetHints":{"allow":["GET"]}}],"collection":[{"href":"https:\/\/centrourbano.com\/revista\/wp-json\/wp\/v2\/posts"}],"about":[{"href":"https:\/\/centrourbano.com\/revista\/wp-json\/wp\/v2\/types\/post"}],"author":[{"embeddable":true,"href":"https:\/\/centrourbano.com\/revista\/wp-json\/wp\/v2\/users\/9"}],"replies":[{"embeddable":true,"href":"https:\/\/centrourbano.com\/revista\/wp-json\/wp\/v2\/comments?post=55857"}],"version-history":[{"count":0,"href":"https:\/\/centrourbano.com\/revista\/wp-json\/wp\/v2\/posts\/55857\/revisions"}],"wp:featuredmedia":[{"embeddable":true,"href":"https:\/\/centrourbano.com\/revista\/wp-json\/wp\/v2\/media\/55860"}],"wp:attachment":[{"href":"https:\/\/centrourbano.com\/revista\/wp-json\/wp\/v2\/media?parent=55857"}],"wp:term":[{"taxonomy":"category","embeddable":true,"href":"https:\/\/centrourbano.com\/revista\/wp-json\/wp\/v2\/categories?post=55857"},{"taxonomy":"post_tag","embeddable":true,"href":"https:\/\/centrourbano.com\/revista\/wp-json\/wp\/v2\/tags?post=55857"}],"curies":[{"name":"wp","href":"https:\/\/api.w.org\/{rel}","templated":true}]}}