{"id":55855,"date":"2017-07-05T07:18:02","date_gmt":"2017-07-05T12:18:02","guid":{"rendered":"https:\/\/centrourbano.com\/?p=55855"},"modified":"2017-07-05T08:21:58","modified_gmt":"2017-07-05T13:21:58","slug":"centro-urbano-radio-mercado-inmobiliario-mexico","status":"publish","type":"post","link":"https:\/\/centrourbano.com\/revista\/centro-urbano-home\/centro-urbano-digital\/centro-urbano-radio-mercado-inmobiliario-mexico\/","title":{"rendered":"Centro Urbano RADIO \u2013 Mercado Inmobiliario en M\u00e9xico"},"content":{"rendered":"<p>https:\/\/www.youtube.com\/watch?v=6fsXKdM0HhA<\/p>\n<p>Durante esta transmisi\u00f3n Jaume Molet, director general de Lamudi M\u00e9xico y Alejandro Kuri, vicepresidente de la Asociaci\u00f3n Mexicana de Profesionales Inmobiliarios (AMPI), detallaron algunos de los indicadores m\u00e1s relevantes del mercado inmobiliario, mismo que durante la primera mitad de este a\u00f1o se desaceler\u00f3, pero que tiene perspectiva de crecimiento para los siguientes meses.<\/p>\n","protected":false},"excerpt":{"rendered":"<p>https:\/\/www.youtube.com\/watch?v=6fsXKdM0HhA Durante esta transmisi\u00f3n Jaume Molet, director general de Lamudi M\u00e9xico y Alejandro Kuri, vicepresidente de la Asociaci\u00f3n Mexicana de Profesionales Inmobiliarios (AMPI), detallaron algunos de los indicadores m\u00e1s relevantes del mercado inmobiliario, mismo que durante la primera mitad de este a\u00f1o se desaceler\u00f3, pero que tiene perspectiva de crecimiento para los siguientes meses.<\/p>\n","protected":false},"author":14,"featured_media":55850,"comment_status":"open","ping_status":"closed","sticky":false,"template":"","format":"video","meta":{"om_disable_all_campaigns":false,"inline_featured_image":false,"_monsterinsights_skip_tracking":false,"_monsterinsights_sitenote_active":false,"_monsterinsights_sitenote_note":"","_monsterinsights_sitenote_category":0,"footnotes":""},"categories":[10],"tags":[],"class_list":["post-55855","post","type-post","status-publish","format-video","has-post-thumbnail","hentry","category-centro-urbano-digital","post_format-post-format-video"],"yoast_head":"<!-- This site is optimized with the Yoast SEO plugin v27.4 - https:\/\/yoast.com\/product\/yoast-seo-wordpress\/ -->\n<title>Centro Urbano RADIO \u2013 Mercado Inmobiliario en M\u00e9xico -<\/title>\n<meta name=\"description\" content=\"https:\/\/www.youtube.com\/watch?v=6fsXKdM0HhA Durante esta transmisi\u00f3n Jaume Molet, director general de Lamudi M\u00e9xico y Alejandro Kuri, vicepresidente de la\" \/>\n<meta name=\"robots\" content=\"index, follow, max-snippet:-1, max-image-preview:large, max-video-preview:-1\" \/>\n<link rel=\"canonical\" href=\"https:\/\/centrourbano.com\/revista\/centro-urbano-home\/centro-urbano-digital\/centro-urbano-radio-mercado-inmobiliario-mexico\/\" \/>\n<meta property=\"og:locale\" content=\"es_ES\" \/>\n<meta property=\"og:type\" content=\"article\" \/>\n<meta property=\"og:title\" content=\"Centro Urbano RADIO \u2013 Mercado Inmobiliario en M\u00e9xico -\" \/>\n<meta property=\"og:description\" content=\"https:\/\/www.youtube.com\/watch?v=6fsXKdM0HhA Durante esta transmisi\u00f3n Jaume Molet, director general de Lamudi M\u00e9xico y Alejandro Kuri, vicepresidente de la\" \/>\n<meta property=\"og:url\" content=\"https:\/\/centrourbano.com\/revista\/centro-urbano-home\/centro-urbano-digital\/centro-urbano-radio-mercado-inmobiliario-mexico\/\" \/>\n<meta property=\"og:site_name\" content=\"Centro Urbano\" \/>\n<meta property=\"article:publisher\" content=\"https:\/\/www.facebook.com\/portalcentrourbano\" \/>\n<meta property=\"article:published_time\" content=\"2017-07-05T12:18:02+00:00\" \/>\n<meta property=\"article:modified_time\" content=\"2017-07-05T13:21:58+00:00\" \/>\n<meta property=\"og:image\" content=\"https:\/\/centrourbano.com\/revista\/wp-content\/uploads\/cur.jpg\" \/>\n\t<meta property=\"og:image:width\" content=\"1200\" \/>\n\t<meta property=\"og:image:height\" content=\"900\" \/>\n\t<meta property=\"og:image:type\" content=\"image\/jpeg\" \/>\n<meta name=\"author\" content=\"Redacci\u00f3n Centro Urbano\" \/>\n<meta name=\"twitter:card\" content=\"summary_large_image\" \/>\n<meta name=\"twitter:creator\" content=\"@CentroUrbano\" \/>\n<meta name=\"twitter:site\" content=\"@CentroUrbano\" \/>\n<meta name=\"twitter:label1\" content=\"Escrito por\" \/>\n\t<meta name=\"twitter:data1\" content=\"Redacci\u00f3n Centro Urbano\" \/>\n<script type=\"application\/ld+json\" class=\"yoast-schema-graph\">{\"@context\":\"https:\\\/\\\/schema.org\",\"@graph\":[{\"@type\":\"Article\",\"@id\":\"https:\\\/\\\/centrourbano.com\\\/revista\\\/centro-urbano-home\\\/centro-urbano-digital\\\/centro-urbano-radio-mercado-inmobiliario-mexico\\\/#article\",\"isPartOf\":{\"@id\":\"https:\\\/\\\/centrourbano.com\\\/revista\\\/centro-urbano-home\\\/centro-urbano-digital\\\/centro-urbano-radio-mercado-inmobiliario-mexico\\\/\"},\"author\":{\"name\":\"Redacci\u00f3n Centro Urbano\",\"@id\":\"https:\\\/\\\/centrourbano.com\\\/revista\\\/#\\\/schema\\\/person\\\/680e7c50f9d6e917e416c9efdc26f996\"},\"headline\":\"Centro Urbano RADIO \u2013 Mercado Inmobiliario en M\u00e9xico\",\"datePublished\":\"2017-07-05T12:18:02+00:00\",\"dateModified\":\"2017-07-05T13:21:58+00:00\",\"mainEntityOfPage\":{\"@id\":\"https:\\\/\\\/centrourbano.com\\\/revista\\\/centro-urbano-home\\\/centro-urbano-digital\\\/centro-urbano-radio-mercado-inmobiliario-mexico\\\/\"},\"wordCount\":74,\"commentCount\":0,\"publisher\":{\"@id\":\"https:\\\/\\\/centrourbano.com\\\/revista\\\/#organization\"},\"image\":{\"@id\":\"https:\\\/\\\/centrourbano.com\\\/revista\\\/centro-urbano-home\\\/centro-urbano-digital\\\/centro-urbano-radio-mercado-inmobiliario-mexico\\\/#primaryimage\"},\"thumbnailUrl\":\"https:\\\/\\\/centrourbano.com\\\/revista\\\/wp-content\\\/uploads\\\/cur.jpg\",\"articleSection\":[\"Centro Urbano Digital\"],\"inLanguage\":\"es\",\"potentialAction\":[{\"@type\":\"CommentAction\",\"name\":\"Comment\",\"target\":[\"https:\\\/\\\/centrourbano.com\\\/revista\\\/centro-urbano-home\\\/centro-urbano-digital\\\/centro-urbano-radio-mercado-inmobiliario-mexico\\\/#respond\"]}]},{\"@type\":\"WebPage\",\"@id\":\"https:\\\/\\\/centrourbano.com\\\/revista\\\/centro-urbano-home\\\/centro-urbano-digital\\\/centro-urbano-radio-mercado-inmobiliario-mexico\\\/\",\"url\":\"https:\\\/\\\/centrourbano.com\\\/revista\\\/centro-urbano-home\\\/centro-urbano-digital\\\/centro-urbano-radio-mercado-inmobiliario-mexico\\\/\",\"name\":\"Centro Urbano RADIO \u2013 Mercado Inmobiliario en M\u00e9xico -\",\"isPartOf\":{\"@id\":\"https:\\\/\\\/centrourbano.com\\\/revista\\\/#website\"},\"primaryImageOfPage\":{\"@id\":\"https:\\\/\\\/centrourbano.com\\\/revista\\\/centro-urbano-home\\\/centro-urbano-digital\\\/centro-urbano-radio-mercado-inmobiliario-mexico\\\/#primaryimage\"},\"image\":{\"@id\":\"https:\\\/\\\/centrourbano.com\\\/revista\\\/centro-urbano-home\\\/centro-urbano-digital\\\/centro-urbano-radio-mercado-inmobiliario-mexico\\\/#primaryimage\"},\"thumbnailUrl\":\"https:\\\/\\\/centrourbano.com\\\/revista\\\/wp-content\\\/uploads\\\/cur.jpg\",\"datePublished\":\"2017-07-05T12:18:02+00:00\",\"dateModified\":\"2017-07-05T13:21:58+00:00\",\"description\":\"https:\\\/\\\/www.youtube.com\\\/watch?v=6fsXKdM0HhA Durante esta transmisi\u00f3n Jaume Molet, director general de Lamudi M\u00e9xico y Alejandro Kuri, vicepresidente de la\",\"breadcrumb\":{\"@id\":\"https:\\\/\\\/centrourbano.com\\\/revista\\\/centro-urbano-home\\\/centro-urbano-digital\\\/centro-urbano-radio-mercado-inmobiliario-mexico\\\/#breadcrumb\"},\"inLanguage\":\"es\",\"potentialAction\":[{\"@type\":\"ReadAction\",\"target\":[\"https:\\\/\\\/centrourbano.com\\\/revista\\\/centro-urbano-home\\\/centro-urbano-digital\\\/centro-urbano-radio-mercado-inmobiliario-mexico\\\/\"]}]},{\"@type\":\"ImageObject\",\"inLanguage\":\"es\",\"@id\":\"https:\\\/\\\/centrourbano.com\\\/revista\\\/centro-urbano-home\\\/centro-urbano-digital\\\/centro-urbano-radio-mercado-inmobiliario-mexico\\\/#primaryimage\",\"url\":\"https:\\\/\\\/centrourbano.com\\\/revista\\\/wp-content\\\/uploads\\\/cur.jpg\",\"contentUrl\":\"https:\\\/\\\/centrourbano.com\\\/revista\\\/wp-content\\\/uploads\\\/cur.jpg\",\"width\":1200,\"height\":900,\"caption\":\"No vemos que haya alguna justificaci\u00f3n para que este insumo cueste m\u00e1s: Medina\"},{\"@type\":\"BreadcrumbList\",\"@id\":\"https:\\\/\\\/centrourbano.com\\\/revista\\\/centro-urbano-home\\\/centro-urbano-digital\\\/centro-urbano-radio-mercado-inmobiliario-mexico\\\/#breadcrumb\",\"itemListElement\":[{\"@type\":\"ListItem\",\"position\":1,\"name\":\"Portada\",\"item\":\"https:\\\/\\\/centrourbano.com\\\/revista\\\/\"},{\"@type\":\"ListItem\",\"position\":2,\"name\":\"Centro Urbano RADIO \u2013 Mercado Inmobiliario en M\u00e9xico\"}]},{\"@type\":\"WebSite\",\"@id\":\"https:\\\/\\\/centrourbano.com\\\/revista\\\/#website\",\"url\":\"https:\\\/\\\/centrourbano.com\\\/revista\\\/\",\"name\":\"Centro Urbano\",\"description\":\"Medio especializado en los sectores vivienda, inmobiliario, construcci\u00f3n, arquitectura y urbanismo.\",\"publisher\":{\"@id\":\"https:\\\/\\\/centrourbano.com\\\/revista\\\/#organization\"},\"potentialAction\":[{\"@type\":\"SearchAction\",\"target\":{\"@type\":\"EntryPoint\",\"urlTemplate\":\"https:\\\/\\\/centrourbano.com\\\/revista\\\/?s={search_term_string}\"},\"query-input\":{\"@type\":\"PropertyValueSpecification\",\"valueRequired\":true,\"valueName\":\"search_term_string\"}}],\"inLanguage\":\"es\"},{\"@type\":\"Organization\",\"@id\":\"https:\\\/\\\/centrourbano.com\\\/revista\\\/#organization\",\"name\":\"Centro Urbano\",\"url\":\"https:\\\/\\\/centrourbano.com\\\/revista\\\/\",\"logo\":{\"@type\":\"ImageObject\",\"inLanguage\":\"es\",\"@id\":\"https:\\\/\\\/centrourbano.com\\\/revista\\\/#\\\/schema\\\/logo\\\/image\\\/\",\"url\":\"https:\\\/\\\/centrourbano.com\\\/revista\\\/wp-content\\\/uploads\\\/web_CU_logo-1.png\",\"contentUrl\":\"https:\\\/\\\/centrourbano.com\\\/revista\\\/wp-content\\\/uploads\\\/web_CU_logo-1.png\",\"width\":350,\"height\":91,\"caption\":\"Centro Urbano\"},\"image\":{\"@id\":\"https:\\\/\\\/centrourbano.com\\\/revista\\\/#\\\/schema\\\/logo\\\/image\\\/\"},\"sameAs\":[\"https:\\\/\\\/www.facebook.com\\\/portalcentrourbano\",\"https:\\\/\\\/x.com\\\/CentroUrbano\",\"https:\\\/\\\/www.instagram.com\\\/centro_urbano\\\/\",\"https:\\\/\\\/www.linkedin.com\\\/company\\\/centro-urbano\\\/\",\"http:\\\/\\\/www.youtube.com\\\/user\\\/portalcentrourbano\"]},{\"@type\":\"Person\",\"@id\":\"https:\\\/\\\/centrourbano.com\\\/revista\\\/#\\\/schema\\\/person\\\/680e7c50f9d6e917e416c9efdc26f996\",\"name\":\"Redacci\u00f3n Centro Urbano\",\"image\":{\"@type\":\"ImageObject\",\"inLanguage\":\"es\",\"@id\":\"https:\\\/\\\/secure.gravatar.com\\\/avatar\\\/15a789f894398c0f311f3a7a2ee28032bbc0483098539da66b6a045aa810bf35?s=96&d=mm&r=g\",\"url\":\"https:\\\/\\\/secure.gravatar.com\\\/avatar\\\/15a789f894398c0f311f3a7a2ee28032bbc0483098539da66b6a045aa810bf35?s=96&d=mm&r=g\",\"contentUrl\":\"https:\\\/\\\/secure.gravatar.com\\\/avatar\\\/15a789f894398c0f311f3a7a2ee28032bbc0483098539da66b6a045aa810bf35?s=96&d=mm&r=g\",\"caption\":\"Redacci\u00f3n Centro Urbano\"},\"url\":\"https:\\\/\\\/centrourbano.com\\\/revista\\\/author\\\/editorial\\\/\"}]}<\/script>\n<!-- \/ Yoast SEO plugin. -->","yoast_head_json":{"title":"Centro Urbano RADIO \u2013 Mercado Inmobiliario en M\u00e9xico -","description":"https:\/\/www.youtube.com\/watch?v=6fsXKdM0HhA Durante esta transmisi\u00f3n Jaume Molet, director general de Lamudi M\u00e9xico y Alejandro Kuri, vicepresidente de la","robots":{"index":"index","follow":"follow","max-snippet":"max-snippet:-1","max-image-preview":"max-image-preview:large","max-video-preview":"max-video-preview:-1"},"canonical":"https:\/\/centrourbano.com\/revista\/centro-urbano-home\/centro-urbano-digital\/centro-urbano-radio-mercado-inmobiliario-mexico\/","og_locale":"es_ES","og_type":"article","og_title":"Centro Urbano RADIO \u2013 Mercado Inmobiliario en M\u00e9xico -","og_description":"https:\/\/www.youtube.com\/watch?v=6fsXKdM0HhA Durante esta transmisi\u00f3n Jaume Molet, director general de Lamudi M\u00e9xico y Alejandro Kuri, vicepresidente de la","og_url":"https:\/\/centrourbano.com\/revista\/centro-urbano-home\/centro-urbano-digital\/centro-urbano-radio-mercado-inmobiliario-mexico\/","og_site_name":"Centro Urbano","article_publisher":"https:\/\/www.facebook.com\/portalcentrourbano","article_published_time":"2017-07-05T12:18:02+00:00","article_modified_time":"2017-07-05T13:21:58+00:00","og_image":[{"width":1200,"height":900,"url":"https:\/\/centrourbano.com\/revista\/wp-content\/uploads\/cur.jpg","type":"image\/jpeg"}],"author":"Redacci\u00f3n Centro Urbano","twitter_card":"summary_large_image","twitter_creator":"@CentroUrbano","twitter_site":"@CentroUrbano","twitter_misc":{"Escrito por":"Redacci\u00f3n Centro Urbano"},"schema":{"@context":"https:\/\/schema.org","@graph":[{"@type":"Article","@id":"https:\/\/centrourbano.com\/revista\/centro-urbano-home\/centro-urbano-digital\/centro-urbano-radio-mercado-inmobiliario-mexico\/#article","isPartOf":{"@id":"https:\/\/centrourbano.com\/revista\/centro-urbano-home\/centro-urbano-digital\/centro-urbano-radio-mercado-inmobiliario-mexico\/"},"author":{"name":"Redacci\u00f3n Centro Urbano","@id":"https:\/\/centrourbano.com\/revista\/#\/schema\/person\/680e7c50f9d6e917e416c9efdc26f996"},"headline":"Centro Urbano RADIO \u2013 Mercado Inmobiliario en M\u00e9xico","datePublished":"2017-07-05T12:18:02+00:00","dateModified":"2017-07-05T13:21:58+00:00","mainEntityOfPage":{"@id":"https:\/\/centrourbano.com\/revista\/centro-urbano-home\/centro-urbano-digital\/centro-urbano-radio-mercado-inmobiliario-mexico\/"},"wordCount":74,"commentCount":0,"publisher":{"@id":"https:\/\/centrourbano.com\/revista\/#organization"},"image":{"@id":"https:\/\/centrourbano.com\/revista\/centro-urbano-home\/centro-urbano-digital\/centro-urbano-radio-mercado-inmobiliario-mexico\/#primaryimage"},"thumbnailUrl":"https:\/\/centrourbano.com\/revista\/wp-content\/uploads\/cur.jpg","articleSection":["Centro Urbano Digital"],"inLanguage":"es","potentialAction":[{"@type":"CommentAction","name":"Comment","target":["https:\/\/centrourbano.com\/revista\/centro-urbano-home\/centro-urbano-digital\/centro-urbano-radio-mercado-inmobiliario-mexico\/#respond"]}]},{"@type":"WebPage","@id":"https:\/\/centrourbano.com\/revista\/centro-urbano-home\/centro-urbano-digital\/centro-urbano-radio-mercado-inmobiliario-mexico\/","url":"https:\/\/centrourbano.com\/revista\/centro-urbano-home\/centro-urbano-digital\/centro-urbano-radio-mercado-inmobiliario-mexico\/","name":"Centro Urbano RADIO \u2013 Mercado Inmobiliario en M\u00e9xico -","isPartOf":{"@id":"https:\/\/centrourbano.com\/revista\/#website"},"primaryImageOfPage":{"@id":"https:\/\/centrourbano.com\/revista\/centro-urbano-home\/centro-urbano-digital\/centro-urbano-radio-mercado-inmobiliario-mexico\/#primaryimage"},"image":{"@id":"https:\/\/centrourbano.com\/revista\/centro-urbano-home\/centro-urbano-digital\/centro-urbano-radio-mercado-inmobiliario-mexico\/#primaryimage"},"thumbnailUrl":"https:\/\/centrourbano.com\/revista\/wp-content\/uploads\/cur.jpg","datePublished":"2017-07-05T12:18:02+00:00","dateModified":"2017-07-05T13:21:58+00:00","description":"https:\/\/www.youtube.com\/watch?v=6fsXKdM0HhA Durante esta transmisi\u00f3n Jaume Molet, director general de Lamudi M\u00e9xico y Alejandro Kuri, vicepresidente de la","breadcrumb":{"@id":"https:\/\/centrourbano.com\/revista\/centro-urbano-home\/centro-urbano-digital\/centro-urbano-radio-mercado-inmobiliario-mexico\/#breadcrumb"},"inLanguage":"es","potentialAction":[{"@type":"ReadAction","target":["https:\/\/centrourbano.com\/revista\/centro-urbano-home\/centro-urbano-digital\/centro-urbano-radio-mercado-inmobiliario-mexico\/"]}]},{"@type":"ImageObject","inLanguage":"es","@id":"https:\/\/centrourbano.com\/revista\/centro-urbano-home\/centro-urbano-digital\/centro-urbano-radio-mercado-inmobiliario-mexico\/#primaryimage","url":"https:\/\/centrourbano.com\/revista\/wp-content\/uploads\/cur.jpg","contentUrl":"https:\/\/centrourbano.com\/revista\/wp-content\/uploads\/cur.jpg","width":1200,"height":900,"caption":"No vemos que haya alguna justificaci\u00f3n para que este insumo cueste m\u00e1s: Medina"},{"@type":"BreadcrumbList","@id":"https:\/\/centrourbano.com\/revista\/centro-urbano-home\/centro-urbano-digital\/centro-urbano-radio-mercado-inmobiliario-mexico\/#breadcrumb","itemListElement":[{"@type":"ListItem","position":1,"name":"Portada","item":"https:\/\/centrourbano.com\/revista\/"},{"@type":"ListItem","position":2,"name":"Centro Urbano RADIO \u2013 Mercado Inmobiliario en M\u00e9xico"}]},{"@type":"WebSite","@id":"https:\/\/centrourbano.com\/revista\/#website","url":"https:\/\/centrourbano.com\/revista\/","name":"Centro Urbano","description":"Medio especializado en los sectores vivienda, inmobiliario, construcci\u00f3n, arquitectura y urbanismo.","publisher":{"@id":"https:\/\/centrourbano.com\/revista\/#organization"},"potentialAction":[{"@type":"SearchAction","target":{"@type":"EntryPoint","urlTemplate":"https:\/\/centrourbano.com\/revista\/?s={search_term_string}"},"query-input":{"@type":"PropertyValueSpecification","valueRequired":true,"valueName":"search_term_string"}}],"inLanguage":"es"},{"@type":"Organization","@id":"https:\/\/centrourbano.com\/revista\/#organization","name":"Centro Urbano","url":"https:\/\/centrourbano.com\/revista\/","logo":{"@type":"ImageObject","inLanguage":"es","@id":"https:\/\/centrourbano.com\/revista\/#\/schema\/logo\/image\/","url":"https:\/\/centrourbano.com\/revista\/wp-content\/uploads\/web_CU_logo-1.png","contentUrl":"https:\/\/centrourbano.com\/revista\/wp-content\/uploads\/web_CU_logo-1.png","width":350,"height":91,"caption":"Centro Urbano"},"image":{"@id":"https:\/\/centrourbano.com\/revista\/#\/schema\/logo\/image\/"},"sameAs":["https:\/\/www.facebook.com\/portalcentrourbano","https:\/\/x.com\/CentroUrbano","https:\/\/www.instagram.com\/centro_urbano\/","https:\/\/www.linkedin.com\/company\/centro-urbano\/","http:\/\/www.youtube.com\/user\/portalcentrourbano"]},{"@type":"Person","@id":"https:\/\/centrourbano.com\/revista\/#\/schema\/person\/680e7c50f9d6e917e416c9efdc26f996","name":"Redacci\u00f3n Centro Urbano","image":{"@type":"ImageObject","inLanguage":"es","@id":"https:\/\/secure.gravatar.com\/avatar\/15a789f894398c0f311f3a7a2ee28032bbc0483098539da66b6a045aa810bf35?s=96&d=mm&r=g","url":"https:\/\/secure.gravatar.com\/avatar\/15a789f894398c0f311f3a7a2ee28032bbc0483098539da66b6a045aa810bf35?s=96&d=mm&r=g","contentUrl":"https:\/\/secure.gravatar.com\/avatar\/15a789f894398c0f311f3a7a2ee28032bbc0483098539da66b6a045aa810bf35?s=96&d=mm&r=g","caption":"Redacci\u00f3n Centro Urbano"},"url":"https:\/\/centrourbano.com\/revista\/author\/editorial\/"}]}},"_links":{"self":[{"href":"https:\/\/centrourbano.com\/revista\/wp-json\/wp\/v2\/posts\/55855","targetHints":{"allow":["GET"]}}],"collection":[{"href":"https:\/\/centrourbano.com\/revista\/wp-json\/wp\/v2\/posts"}],"about":[{"href":"https:\/\/centrourbano.com\/revista\/wp-json\/wp\/v2\/types\/post"}],"author":[{"embeddable":true,"href":"https:\/\/centrourbano.com\/revista\/wp-json\/wp\/v2\/users\/14"}],"replies":[{"embeddable":true,"href":"https:\/\/centrourbano.com\/revista\/wp-json\/wp\/v2\/comments?post=55855"}],"version-history":[{"count":0,"href":"https:\/\/centrourbano.com\/revista\/wp-json\/wp\/v2\/posts\/55855\/revisions"}],"wp:featuredmedia":[{"embeddable":true,"href":"https:\/\/centrourbano.com\/revista\/wp-json\/wp\/v2\/media\/55850"}],"wp:attachment":[{"href":"https:\/\/centrourbano.com\/revista\/wp-json\/wp\/v2\/media?parent=55855"}],"wp:term":[{"taxonomy":"category","embeddable":true,"href":"https:\/\/centrourbano.com\/revista\/wp-json\/wp\/v2\/categories?post=55855"},{"taxonomy":"post_tag","embeddable":true,"href":"https:\/\/centrourbano.com\/revista\/wp-json\/wp\/v2\/tags?post=55855"}],"curies":[{"name":"wp","href":"https:\/\/api.w.org\/{rel}","templated":true}]}}