{"id":55540,"date":"2017-06-29T12:15:58","date_gmt":"2017-06-29T17:15:58","guid":{"rendered":"https:\/\/centrourbano.com\/?p=55540"},"modified":"2017-06-29T12:15:58","modified_gmt":"2017-06-29T17:15:58","slug":"abordaran-al-pabellon-cultural-migrante-la-muestra-despliegues-ensambles","status":"publish","type":"post","link":"https:\/\/centrourbano.com\/revista\/arquitectura-2\/abordaran-al-pabellon-cultural-migrante-la-muestra-despliegues-ensambles\/","title":{"rendered":"Abordar\u00e1n al Pabell\u00f3n Cultural Migrante en la muestra\u00a0Despliegues y ensambles"},"content":{"rendered":"<p><em>La expo form\u00f3 parte del Pabell\u00f3n de M\u00e9xico en la 15\u00aa Muestra Internacional de Arquitectura de la Bienal de Venecia 2016<\/em><!--more--><\/p>\n<p>El d\u00eda de hoy en punto de las 17:00 horas se llevar\u00e1 a cabo un recorrido y una charla para abordar y analizar al Pabell\u00f3n Cultural Migrante, proyecto realizado por el arquitecto Rodolfo Samperio.<\/p>\n<p>La pl\u00e1tica forma parte de las actividades paralelas de la exposici\u00f3n Despliegues y ensambles, que form\u00f3 parte del Pabell\u00f3n de M\u00e9xico en la 15\u00aa Muestra Internacional de Arquitectura de la Bienal de Venecia (2016) y la cual actualmente se exhibe en las instalaciones del IPN, en colaboraci\u00f3n con la Direcci\u00f3n de Arquitectura del Instituto Nacional de Bellas Artes.<\/p>\n<p>Cabe destacar que dicha muestra re\u00fane los 31 proyectos arquitect\u00f3nicos mexicanos que integraron la muestra internacional, los cuales estuvieron enfocados a mostrar el trabajo realizado en el pa\u00eds en materia de arquitectura social participativa.<\/p>\n<p>Ser\u00e1 el propio autor del\u00a0Pabell\u00f3n Cultural Migrante, Rodolfo Samperio y el doctor Pablo Landa Ruiloba, quienes hablar\u00e1n sobre este proyecto en el Vest\u00edbulo B del Centro Cultural\u00a0Jaime Torres Bodet\u00a0del Instituto Polit\u00e9cnico Nacional (IPN) -Zacatenco.<\/p>\n<p>Rodolfo Samperio, del estudio arquitect\u00f3nico Tuux (murci\u00e9lago en mixe), de Oaxaca, es maestro en Dise\u00f1o por la Universidad de Arte y Dise\u00f1o de Helsinki (Finlandia) y licenciado en Dise\u00f1o Industrial por la Universidad Aut\u00f3noma Metropolitana\u2013Xochimilco.<\/p>\n<p>Este profesional desarroll\u00f3 el\u00a0Pabell\u00f3n Cultural Migrante\u00a0en Tijuana en 2014 para el programa Cultura para la Armon\u00eda, que atiende a migrantes varados en esta frontera. En este espacio se ofrecen talleres y oficios que permiten a los migrantes sostenerse econ\u00f3micamente mientras resuelven su situaci\u00f3n migratoria.<\/p>\n<p>Lo que hace especial a este espacio arquitect\u00f3nico es que el primer taller en que participan los migrantes es precisamente la construcci\u00f3n del pabell\u00f3n, y luego toman talleres de gr\u00e1fica, fotograf\u00eda, pi\u00f1atas y otros productos que posteriormente ponen a la venta. Debido a su \u00e9xito, se construy\u00f3 uno en Iguala, Guerrero, y pr\u00f3ximamente se levantar\u00e1 otro en la frontera sur.<\/p>\n<p>Rodolfo Samperio considera que, en los pa\u00edses en desarrollo, M\u00e9xico entre ellos, el papel de la arquitectura social es de vital importancia porque es uno de los derechos humanos b\u00e1sicos m\u00e1s violentados.<\/p>\n<p>En ese sentido, dijo que en el pa\u00eds no debe haber una misma arquitectura, tiene que existir una diversidad de opciones que brinden dignidad a la gente, por lo que respondiendo a dicha necesidad\u00a0 en el estudio arquitect\u00f3nico Tuux buscan armar un frente desde el dise\u00f1o y la arquitectura que de verdad genere beneficios a las personas y a la sociedad.<\/p>\n<p>&nbsp;<\/p>\n","protected":false},"excerpt":{"rendered":"<p>La expo form\u00f3 parte del Pabell\u00f3n de M\u00e9xico en la 15\u00aa Muestra Internacional de Arquitectura de la Bienal de Venecia 2016<\/p>\n","protected":false},"author":9,"featured_media":55545,"comment_status":"open","ping_status":"closed","sticky":false,"template":"","format":"standard","meta":{"om_disable_all_campaigns":false,"inline_featured_image":false,"_monsterinsights_skip_tracking":false,"_monsterinsights_sitenote_active":false,"_monsterinsights_sitenote_note":"","_monsterinsights_sitenote_category":0,"footnotes":""},"categories":[81],"tags":[20,10364,10365,10366,10367],"class_list":["post-55540","post","type-post","status-publish","format-standard","has-post-thumbnail","hentry","category-arquitectura-2","tag-arquitectura","tag-muestra-internacional-de-arquitectura-de-la-bienal-de-venecia","tag-pabellon-cultural-migrante","tag-rodolfo-samperio","tag-tuux"],"yoast_head":"<!-- This site is optimized with the Yoast SEO plugin v27.4 - https:\/\/yoast.com\/product\/yoast-seo-wordpress\/ -->\n<title>Abordar\u00e1n al Pabell\u00f3n Cultural Migrante en la muestra\u00a0Despliegues y ensambles<\/title>\n<meta name=\"description\" content=\"La expo form\u00f3 parte del Pabell\u00f3n de M\u00e9xico en la 15\u00aa Muestra Internacional de Arquitectura de la Bienal de Venecia 2016\" \/>\n<meta name=\"robots\" content=\"index, follow, max-snippet:-1, max-image-preview:large, max-video-preview:-1\" \/>\n<link rel=\"canonical\" href=\"https:\/\/centrourbano.com\/revista\/arquitectura-2\/abordaran-al-pabellon-cultural-migrante-la-muestra-despliegues-ensambles\/\" \/>\n<meta property=\"og:locale\" content=\"es_ES\" \/>\n<meta property=\"og:type\" content=\"article\" \/>\n<meta property=\"og:title\" content=\"Abordar\u00e1n al Pabell\u00f3n Cultural Migrante en la muestra\u00a0Despliegues y ensambles\" \/>\n<meta property=\"og:description\" content=\"La expo form\u00f3 parte del Pabell\u00f3n de M\u00e9xico en la 15\u00aa Muestra Internacional de Arquitectura de la Bienal de Venecia 2016\" \/>\n<meta property=\"og:url\" content=\"https:\/\/centrourbano.com\/revista\/arquitectura-2\/abordaran-al-pabellon-cultural-migrante-la-muestra-despliegues-ensambles\/\" \/>\n<meta property=\"og:site_name\" content=\"Centro Urbano\" \/>\n<meta property=\"article:publisher\" content=\"https:\/\/www.facebook.com\/portalcentrourbano\" \/>\n<meta property=\"article:published_time\" content=\"2017-06-29T17:15:58+00:00\" \/>\n<meta property=\"og:image\" content=\"https:\/\/centrourbano.com\/revista\/wp-content\/uploads\/LGarcia_InstalacionZN_447.jpg\" \/>\n\t<meta property=\"og:image:width\" content=\"1000\" \/>\n\t<meta property=\"og:image:height\" content=\"667\" \/>\n\t<meta property=\"og:image:type\" content=\"image\/jpeg\" \/>\n<meta name=\"author\" content=\"Dinorah Nava\" \/>\n<meta name=\"twitter:card\" content=\"summary_large_image\" \/>\n<meta name=\"twitter:creator\" content=\"@https:\/\/twitter.com\/Dinorah_Nava28\" \/>\n<meta name=\"twitter:site\" content=\"@CentroUrbano\" \/>\n<meta name=\"twitter:label1\" content=\"Escrito por\" \/>\n\t<meta name=\"twitter:data1\" content=\"Dinorah Nava\" \/>\n\t<meta name=\"twitter:label2\" content=\"Tiempo de lectura\" \/>\n\t<meta name=\"twitter:data2\" content=\"2 minutos\" \/>\n<script type=\"application\/ld+json\" class=\"yoast-schema-graph\">{\"@context\":\"https:\\\/\\\/schema.org\",\"@graph\":[{\"@type\":\"Article\",\"@id\":\"https:\\\/\\\/centrourbano.com\\\/revista\\\/arquitectura-2\\\/abordaran-al-pabellon-cultural-migrante-la-muestra-despliegues-ensambles\\\/#article\",\"isPartOf\":{\"@id\":\"https:\\\/\\\/centrourbano.com\\\/revista\\\/arquitectura-2\\\/abordaran-al-pabellon-cultural-migrante-la-muestra-despliegues-ensambles\\\/\"},\"author\":{\"name\":\"Dinorah Nava\",\"@id\":\"https:\\\/\\\/centrourbano.com\\\/revista\\\/#\\\/schema\\\/person\\\/b45db815d96831257ba428a3d5a5fbdc\"},\"headline\":\"Abordar\u00e1n al Pabell\u00f3n Cultural Migrante en la muestra\u00a0Despliegues y ensambles\",\"datePublished\":\"2017-06-29T17:15:58+00:00\",\"mainEntityOfPage\":{\"@id\":\"https:\\\/\\\/centrourbano.com\\\/revista\\\/arquitectura-2\\\/abordaran-al-pabellon-cultural-migrante-la-muestra-despliegues-ensambles\\\/\"},\"wordCount\":467,\"commentCount\":0,\"publisher\":{\"@id\":\"https:\\\/\\\/centrourbano.com\\\/revista\\\/#organization\"},\"image\":{\"@id\":\"https:\\\/\\\/centrourbano.com\\\/revista\\\/arquitectura-2\\\/abordaran-al-pabellon-cultural-migrante-la-muestra-despliegues-ensambles\\\/#primaryimage\"},\"thumbnailUrl\":\"https:\\\/\\\/centrourbano.com\\\/revista\\\/wp-content\\\/uploads\\\/LGarcia_InstalacionZN_447.jpg\",\"keywords\":[\"arquitectura\",\"Muestra Internacional de Arquitectura de la Bienal de Venecia\",\"Pabell\u00f3n Cultural Migrante\",\"Rodolfo Samperio\",\"Tuux\"],\"articleSection\":[\"Arquitectura\"],\"inLanguage\":\"es\",\"potentialAction\":[{\"@type\":\"CommentAction\",\"name\":\"Comment\",\"target\":[\"https:\\\/\\\/centrourbano.com\\\/revista\\\/arquitectura-2\\\/abordaran-al-pabellon-cultural-migrante-la-muestra-despliegues-ensambles\\\/#respond\"]}]},{\"@type\":\"WebPage\",\"@id\":\"https:\\\/\\\/centrourbano.com\\\/revista\\\/arquitectura-2\\\/abordaran-al-pabellon-cultural-migrante-la-muestra-despliegues-ensambles\\\/\",\"url\":\"https:\\\/\\\/centrourbano.com\\\/revista\\\/arquitectura-2\\\/abordaran-al-pabellon-cultural-migrante-la-muestra-despliegues-ensambles\\\/\",\"name\":\"Abordar\u00e1n al Pabell\u00f3n Cultural Migrante en la muestra\u00a0Despliegues y ensambles\",\"isPartOf\":{\"@id\":\"https:\\\/\\\/centrourbano.com\\\/revista\\\/#website\"},\"primaryImageOfPage\":{\"@id\":\"https:\\\/\\\/centrourbano.com\\\/revista\\\/arquitectura-2\\\/abordaran-al-pabellon-cultural-migrante-la-muestra-despliegues-ensambles\\\/#primaryimage\"},\"image\":{\"@id\":\"https:\\\/\\\/centrourbano.com\\\/revista\\\/arquitectura-2\\\/abordaran-al-pabellon-cultural-migrante-la-muestra-despliegues-ensambles\\\/#primaryimage\"},\"thumbnailUrl\":\"https:\\\/\\\/centrourbano.com\\\/revista\\\/wp-content\\\/uploads\\\/LGarcia_InstalacionZN_447.jpg\",\"datePublished\":\"2017-06-29T17:15:58+00:00\",\"description\":\"La expo form\u00f3 parte del Pabell\u00f3n de M\u00e9xico en la 15\u00aa Muestra Internacional de Arquitectura de la Bienal de Venecia 2016\",\"breadcrumb\":{\"@id\":\"https:\\\/\\\/centrourbano.com\\\/revista\\\/arquitectura-2\\\/abordaran-al-pabellon-cultural-migrante-la-muestra-despliegues-ensambles\\\/#breadcrumb\"},\"inLanguage\":\"es\",\"potentialAction\":[{\"@type\":\"ReadAction\",\"target\":[\"https:\\\/\\\/centrourbano.com\\\/revista\\\/arquitectura-2\\\/abordaran-al-pabellon-cultural-migrante-la-muestra-despliegues-ensambles\\\/\"]}]},{\"@type\":\"ImageObject\",\"inLanguage\":\"es\",\"@id\":\"https:\\\/\\\/centrourbano.com\\\/revista\\\/arquitectura-2\\\/abordaran-al-pabellon-cultural-migrante-la-muestra-despliegues-ensambles\\\/#primaryimage\",\"url\":\"https:\\\/\\\/centrourbano.com\\\/revista\\\/wp-content\\\/uploads\\\/LGarcia_InstalacionZN_447.jpg\",\"contentUrl\":\"https:\\\/\\\/centrourbano.com\\\/revista\\\/wp-content\\\/uploads\\\/LGarcia_InstalacionZN_447.jpg\",\"width\":1000,\"height\":667,\"caption\":\"La expo form\u00f3 parte del Pabell\u00f3n de M\u00e9xico en la 15\u00aa Muestra Internacional de Arquitectura de la Bienal de Venecia 2016\"},{\"@type\":\"BreadcrumbList\",\"@id\":\"https:\\\/\\\/centrourbano.com\\\/revista\\\/arquitectura-2\\\/abordaran-al-pabellon-cultural-migrante-la-muestra-despliegues-ensambles\\\/#breadcrumb\",\"itemListElement\":[{\"@type\":\"ListItem\",\"position\":1,\"name\":\"Portada\",\"item\":\"https:\\\/\\\/centrourbano.com\\\/revista\\\/\"},{\"@type\":\"ListItem\",\"position\":2,\"name\":\"Abordar\u00e1n al Pabell\u00f3n Cultural Migrante en la muestra\u00a0Despliegues y ensambles\"}]},{\"@type\":\"WebSite\",\"@id\":\"https:\\\/\\\/centrourbano.com\\\/revista\\\/#website\",\"url\":\"https:\\\/\\\/centrourbano.com\\\/revista\\\/\",\"name\":\"Centro Urbano\",\"description\":\"Medio especializado en los sectores vivienda, inmobiliario, construcci\u00f3n, arquitectura y urbanismo.\",\"publisher\":{\"@id\":\"https:\\\/\\\/centrourbano.com\\\/revista\\\/#organization\"},\"potentialAction\":[{\"@type\":\"SearchAction\",\"target\":{\"@type\":\"EntryPoint\",\"urlTemplate\":\"https:\\\/\\\/centrourbano.com\\\/revista\\\/?s={search_term_string}\"},\"query-input\":{\"@type\":\"PropertyValueSpecification\",\"valueRequired\":true,\"valueName\":\"search_term_string\"}}],\"inLanguage\":\"es\"},{\"@type\":\"Organization\",\"@id\":\"https:\\\/\\\/centrourbano.com\\\/revista\\\/#organization\",\"name\":\"Centro Urbano\",\"url\":\"https:\\\/\\\/centrourbano.com\\\/revista\\\/\",\"logo\":{\"@type\":\"ImageObject\",\"inLanguage\":\"es\",\"@id\":\"https:\\\/\\\/centrourbano.com\\\/revista\\\/#\\\/schema\\\/logo\\\/image\\\/\",\"url\":\"https:\\\/\\\/centrourbano.com\\\/revista\\\/wp-content\\\/uploads\\\/web_CU_logo-1.png\",\"contentUrl\":\"https:\\\/\\\/centrourbano.com\\\/revista\\\/wp-content\\\/uploads\\\/web_CU_logo-1.png\",\"width\":350,\"height\":91,\"caption\":\"Centro Urbano\"},\"image\":{\"@id\":\"https:\\\/\\\/centrourbano.com\\\/revista\\\/#\\\/schema\\\/logo\\\/image\\\/\"},\"sameAs\":[\"https:\\\/\\\/www.facebook.com\\\/portalcentrourbano\",\"https:\\\/\\\/x.com\\\/CentroUrbano\",\"https:\\\/\\\/www.instagram.com\\\/centro_urbano\\\/\",\"https:\\\/\\\/www.linkedin.com\\\/company\\\/centro-urbano\\\/\",\"http:\\\/\\\/www.youtube.com\\\/user\\\/portalcentrourbano\"]},{\"@type\":\"Person\",\"@id\":\"https:\\\/\\\/centrourbano.com\\\/revista\\\/#\\\/schema\\\/person\\\/b45db815d96831257ba428a3d5a5fbdc\",\"name\":\"Dinorah Nava\",\"image\":{\"@type\":\"ImageObject\",\"inLanguage\":\"es\",\"@id\":\"https:\\\/\\\/secure.gravatar.com\\\/avatar\\\/f6ca6430c51d147f363940f84e1225aa4b8183885c11802cc3b042305a4ecc1a?s=96&d=mm&r=g\",\"url\":\"https:\\\/\\\/secure.gravatar.com\\\/avatar\\\/f6ca6430c51d147f363940f84e1225aa4b8183885c11802cc3b042305a4ecc1a?s=96&d=mm&r=g\",\"contentUrl\":\"https:\\\/\\\/secure.gravatar.com\\\/avatar\\\/f6ca6430c51d147f363940f84e1225aa4b8183885c11802cc3b042305a4ecc1a?s=96&d=mm&r=g\",\"caption\":\"Dinorah Nava\"},\"description\":\"Editora de Contenidos y Estrategias Digitales en Centro Urbano y Coeditora en Peri\u00f3dico Mi Casa. Egresada de la licenciatura en Comunicaci\u00f3n y Periodismo de la Facultad de Estudios Superiores Arag\u00f3n (UNAM). Amante de la edici\u00f3n y correcci\u00f3n de estilo, las redes sociales y el mundo digital. Especialista en temas son arquitectura, inmobiliario y urbanismo.\",\"sameAs\":[\"linkedin.com\\\/in\\\/dinorah-nava\",\"https:\\\/\\\/x.com\\\/https:\\\/\\\/twitter.com\\\/Dinorah_Nava28\"],\"url\":\"https:\\\/\\\/centrourbano.com\\\/revista\\\/author\\\/dinorah-nava\\\/\"}]}<\/script>\n<!-- \/ Yoast SEO plugin. -->","yoast_head_json":{"title":"Abordar\u00e1n al Pabell\u00f3n Cultural Migrante en la muestra\u00a0Despliegues y ensambles","description":"La expo form\u00f3 parte del Pabell\u00f3n de M\u00e9xico en la 15\u00aa Muestra Internacional de Arquitectura de la Bienal de Venecia 2016","robots":{"index":"index","follow":"follow","max-snippet":"max-snippet:-1","max-image-preview":"max-image-preview:large","max-video-preview":"max-video-preview:-1"},"canonical":"https:\/\/centrourbano.com\/revista\/arquitectura-2\/abordaran-al-pabellon-cultural-migrante-la-muestra-despliegues-ensambles\/","og_locale":"es_ES","og_type":"article","og_title":"Abordar\u00e1n al Pabell\u00f3n Cultural Migrante en la muestra\u00a0Despliegues y ensambles","og_description":"La expo form\u00f3 parte del Pabell\u00f3n de M\u00e9xico en la 15\u00aa Muestra Internacional de Arquitectura de la Bienal de Venecia 2016","og_url":"https:\/\/centrourbano.com\/revista\/arquitectura-2\/abordaran-al-pabellon-cultural-migrante-la-muestra-despliegues-ensambles\/","og_site_name":"Centro Urbano","article_publisher":"https:\/\/www.facebook.com\/portalcentrourbano","article_published_time":"2017-06-29T17:15:58+00:00","og_image":[{"width":1000,"height":667,"url":"https:\/\/centrourbano.com\/revista\/wp-content\/uploads\/LGarcia_InstalacionZN_447.jpg","type":"image\/jpeg"}],"author":"Dinorah Nava","twitter_card":"summary_large_image","twitter_creator":"@https:\/\/twitter.com\/Dinorah_Nava28","twitter_site":"@CentroUrbano","twitter_misc":{"Escrito por":"Dinorah Nava","Tiempo de lectura":"2 minutos"},"schema":{"@context":"https:\/\/schema.org","@graph":[{"@type":"Article","@id":"https:\/\/centrourbano.com\/revista\/arquitectura-2\/abordaran-al-pabellon-cultural-migrante-la-muestra-despliegues-ensambles\/#article","isPartOf":{"@id":"https:\/\/centrourbano.com\/revista\/arquitectura-2\/abordaran-al-pabellon-cultural-migrante-la-muestra-despliegues-ensambles\/"},"author":{"name":"Dinorah Nava","@id":"https:\/\/centrourbano.com\/revista\/#\/schema\/person\/b45db815d96831257ba428a3d5a5fbdc"},"headline":"Abordar\u00e1n al Pabell\u00f3n Cultural Migrante en la muestra\u00a0Despliegues y ensambles","datePublished":"2017-06-29T17:15:58+00:00","mainEntityOfPage":{"@id":"https:\/\/centrourbano.com\/revista\/arquitectura-2\/abordaran-al-pabellon-cultural-migrante-la-muestra-despliegues-ensambles\/"},"wordCount":467,"commentCount":0,"publisher":{"@id":"https:\/\/centrourbano.com\/revista\/#organization"},"image":{"@id":"https:\/\/centrourbano.com\/revista\/arquitectura-2\/abordaran-al-pabellon-cultural-migrante-la-muestra-despliegues-ensambles\/#primaryimage"},"thumbnailUrl":"https:\/\/centrourbano.com\/revista\/wp-content\/uploads\/LGarcia_InstalacionZN_447.jpg","keywords":["arquitectura","Muestra Internacional de Arquitectura de la Bienal de Venecia","Pabell\u00f3n Cultural Migrante","Rodolfo Samperio","Tuux"],"articleSection":["Arquitectura"],"inLanguage":"es","potentialAction":[{"@type":"CommentAction","name":"Comment","target":["https:\/\/centrourbano.com\/revista\/arquitectura-2\/abordaran-al-pabellon-cultural-migrante-la-muestra-despliegues-ensambles\/#respond"]}]},{"@type":"WebPage","@id":"https:\/\/centrourbano.com\/revista\/arquitectura-2\/abordaran-al-pabellon-cultural-migrante-la-muestra-despliegues-ensambles\/","url":"https:\/\/centrourbano.com\/revista\/arquitectura-2\/abordaran-al-pabellon-cultural-migrante-la-muestra-despliegues-ensambles\/","name":"Abordar\u00e1n al Pabell\u00f3n Cultural Migrante en la muestra\u00a0Despliegues y ensambles","isPartOf":{"@id":"https:\/\/centrourbano.com\/revista\/#website"},"primaryImageOfPage":{"@id":"https:\/\/centrourbano.com\/revista\/arquitectura-2\/abordaran-al-pabellon-cultural-migrante-la-muestra-despliegues-ensambles\/#primaryimage"},"image":{"@id":"https:\/\/centrourbano.com\/revista\/arquitectura-2\/abordaran-al-pabellon-cultural-migrante-la-muestra-despliegues-ensambles\/#primaryimage"},"thumbnailUrl":"https:\/\/centrourbano.com\/revista\/wp-content\/uploads\/LGarcia_InstalacionZN_447.jpg","datePublished":"2017-06-29T17:15:58+00:00","description":"La expo form\u00f3 parte del Pabell\u00f3n de M\u00e9xico en la 15\u00aa Muestra Internacional de Arquitectura de la Bienal de Venecia 2016","breadcrumb":{"@id":"https:\/\/centrourbano.com\/revista\/arquitectura-2\/abordaran-al-pabellon-cultural-migrante-la-muestra-despliegues-ensambles\/#breadcrumb"},"inLanguage":"es","potentialAction":[{"@type":"ReadAction","target":["https:\/\/centrourbano.com\/revista\/arquitectura-2\/abordaran-al-pabellon-cultural-migrante-la-muestra-despliegues-ensambles\/"]}]},{"@type":"ImageObject","inLanguage":"es","@id":"https:\/\/centrourbano.com\/revista\/arquitectura-2\/abordaran-al-pabellon-cultural-migrante-la-muestra-despliegues-ensambles\/#primaryimage","url":"https:\/\/centrourbano.com\/revista\/wp-content\/uploads\/LGarcia_InstalacionZN_447.jpg","contentUrl":"https:\/\/centrourbano.com\/revista\/wp-content\/uploads\/LGarcia_InstalacionZN_447.jpg","width":1000,"height":667,"caption":"La expo form\u00f3 parte del Pabell\u00f3n de M\u00e9xico en la 15\u00aa Muestra Internacional de Arquitectura de la Bienal de Venecia 2016"},{"@type":"BreadcrumbList","@id":"https:\/\/centrourbano.com\/revista\/arquitectura-2\/abordaran-al-pabellon-cultural-migrante-la-muestra-despliegues-ensambles\/#breadcrumb","itemListElement":[{"@type":"ListItem","position":1,"name":"Portada","item":"https:\/\/centrourbano.com\/revista\/"},{"@type":"ListItem","position":2,"name":"Abordar\u00e1n al Pabell\u00f3n Cultural Migrante en la muestra\u00a0Despliegues y ensambles"}]},{"@type":"WebSite","@id":"https:\/\/centrourbano.com\/revista\/#website","url":"https:\/\/centrourbano.com\/revista\/","name":"Centro Urbano","description":"Medio especializado en los sectores vivienda, inmobiliario, construcci\u00f3n, arquitectura y urbanismo.","publisher":{"@id":"https:\/\/centrourbano.com\/revista\/#organization"},"potentialAction":[{"@type":"SearchAction","target":{"@type":"EntryPoint","urlTemplate":"https:\/\/centrourbano.com\/revista\/?s={search_term_string}"},"query-input":{"@type":"PropertyValueSpecification","valueRequired":true,"valueName":"search_term_string"}}],"inLanguage":"es"},{"@type":"Organization","@id":"https:\/\/centrourbano.com\/revista\/#organization","name":"Centro Urbano","url":"https:\/\/centrourbano.com\/revista\/","logo":{"@type":"ImageObject","inLanguage":"es","@id":"https:\/\/centrourbano.com\/revista\/#\/schema\/logo\/image\/","url":"https:\/\/centrourbano.com\/revista\/wp-content\/uploads\/web_CU_logo-1.png","contentUrl":"https:\/\/centrourbano.com\/revista\/wp-content\/uploads\/web_CU_logo-1.png","width":350,"height":91,"caption":"Centro Urbano"},"image":{"@id":"https:\/\/centrourbano.com\/revista\/#\/schema\/logo\/image\/"},"sameAs":["https:\/\/www.facebook.com\/portalcentrourbano","https:\/\/x.com\/CentroUrbano","https:\/\/www.instagram.com\/centro_urbano\/","https:\/\/www.linkedin.com\/company\/centro-urbano\/","http:\/\/www.youtube.com\/user\/portalcentrourbano"]},{"@type":"Person","@id":"https:\/\/centrourbano.com\/revista\/#\/schema\/person\/b45db815d96831257ba428a3d5a5fbdc","name":"Dinorah Nava","image":{"@type":"ImageObject","inLanguage":"es","@id":"https:\/\/secure.gravatar.com\/avatar\/f6ca6430c51d147f363940f84e1225aa4b8183885c11802cc3b042305a4ecc1a?s=96&d=mm&r=g","url":"https:\/\/secure.gravatar.com\/avatar\/f6ca6430c51d147f363940f84e1225aa4b8183885c11802cc3b042305a4ecc1a?s=96&d=mm&r=g","contentUrl":"https:\/\/secure.gravatar.com\/avatar\/f6ca6430c51d147f363940f84e1225aa4b8183885c11802cc3b042305a4ecc1a?s=96&d=mm&r=g","caption":"Dinorah Nava"},"description":"Editora de Contenidos y Estrategias Digitales en Centro Urbano y Coeditora en Peri\u00f3dico Mi Casa. Egresada de la licenciatura en Comunicaci\u00f3n y Periodismo de la Facultad de Estudios Superiores Arag\u00f3n (UNAM). Amante de la edici\u00f3n y correcci\u00f3n de estilo, las redes sociales y el mundo digital. Especialista en temas son arquitectura, inmobiliario y urbanismo.","sameAs":["linkedin.com\/in\/dinorah-nava","https:\/\/x.com\/https:\/\/twitter.com\/Dinorah_Nava28"],"url":"https:\/\/centrourbano.com\/revista\/author\/dinorah-nava\/"}]}},"_links":{"self":[{"href":"https:\/\/centrourbano.com\/revista\/wp-json\/wp\/v2\/posts\/55540","targetHints":{"allow":["GET"]}}],"collection":[{"href":"https:\/\/centrourbano.com\/revista\/wp-json\/wp\/v2\/posts"}],"about":[{"href":"https:\/\/centrourbano.com\/revista\/wp-json\/wp\/v2\/types\/post"}],"author":[{"embeddable":true,"href":"https:\/\/centrourbano.com\/revista\/wp-json\/wp\/v2\/users\/9"}],"replies":[{"embeddable":true,"href":"https:\/\/centrourbano.com\/revista\/wp-json\/wp\/v2\/comments?post=55540"}],"version-history":[{"count":0,"href":"https:\/\/centrourbano.com\/revista\/wp-json\/wp\/v2\/posts\/55540\/revisions"}],"wp:featuredmedia":[{"embeddable":true,"href":"https:\/\/centrourbano.com\/revista\/wp-json\/wp\/v2\/media\/55545"}],"wp:attachment":[{"href":"https:\/\/centrourbano.com\/revista\/wp-json\/wp\/v2\/media?parent=55540"}],"wp:term":[{"taxonomy":"category","embeddable":true,"href":"https:\/\/centrourbano.com\/revista\/wp-json\/wp\/v2\/categories?post=55540"},{"taxonomy":"post_tag","embeddable":true,"href":"https:\/\/centrourbano.com\/revista\/wp-json\/wp\/v2\/tags?post=55540"}],"curies":[{"name":"wp","href":"https:\/\/api.w.org\/{rel}","templated":true}]}}