{"id":55531,"date":"2017-06-29T10:59:33","date_gmt":"2017-06-29T15:59:33","guid":{"rendered":"https:\/\/centrourbano.com\/?p=55531"},"modified":"2017-06-29T10:59:33","modified_gmt":"2017-06-29T15:59:33","slug":"la-calzada-porfirio-diaz-usar-pasado-pretexto","status":"publish","type":"post","link":"https:\/\/centrourbano.com\/revista\/opinion\/blog-de-urbanismo\/la-calzada-porfirio-diaz-usar-pasado-pretexto\/","title":{"rendered":"La calzada Porfirio D\u00edaz: usar el pasado como pretexto."},"content":{"rendered":"<p><strong>Por Pedro Alberto Ram\u00edrez Vargas<\/strong><\/p>\n<p>&nbsp;<\/p>\n<p>En su libro \u00a1Basta de historias!, Andr\u00e9s Oppenheimer reflexiona acerca de la obsesi\u00f3n por el pasado en los pa\u00edses de Am\u00e9rica Latina, en c\u00f3mo puede distraerlos de otras tareas m\u00e1s importantes para ser competitivos en el siglo XXI, esto lo traigo como reflexi\u00f3n a prop\u00f3sito del mejoramiento de imagen urbana que fue objeto la Calzada Porfirio D\u00edaz este a\u00f1o.<\/p>\n<img loading=\"lazy\" decoding=\"async\" class=\"aligncenter  wp-image-55538\" src=\"https:\/\/centrourbano.com\/revista\/wp-content\/uploads\/calzada-porfirio-d\u00edaz.jpg\" alt=\"Por Pedro Alberto Ram\u00edrez Vargas En su libro \u00a1Basta de historias!, Andr\u00e9s Oppenheimer reflexiona acerca de la obsesi\u00f3n por el pasado en los pa\u00edses de Am\u00e9rica Latina, en c\u00f3mo puede distraerlos de otras tareas m\u00e1s importantes para ser competitivos en el siglo XXI, esto lo traigo como reflexi\u00f3n a prop\u00f3sito del mejoramiento de imagen urbana que fue objeto la Calzada Porfirio Diaz este a\u00f1o. Desde sus inicios de construcci\u00f3n, en 1896, esta calzada buscaba emular a los grandes paseos del porfririato: tal es el caso m\u00e1s representativo el Paseo de la Reforma, con el paso de los a\u00f1os y con la entrada del veh\u00edculo motorizado sufri\u00f3 modificaciones sustanciales, paso de convertirse en una avenida de carruajes a convertirse en una avenida de veh\u00edculos, aunque nunca abandono su verdadera vocaci\u00f3n: unir la parte norte con la parte sur de la ciudad, lo \u201cnuevo\u201d con lo \u201cantiguo\u201d.  Con el centenario luctuoso de Porfirio D\u00edaz, el Gobierno del Estado de Oaxaca, emprendi\u00f3 una serie de festejos para recordar al pol\u00e9mico General, desde mi punto de vista lejos de recordar y volver al pasado, uso como un buen \u201cpretexto\u201d este acontecimiento para lo que a este servidor fue la mejor manera de aprovechar los recursos p\u00fablicos: recobrar la importancia de esta calzada y llevarla al presente. Dentro de su mejoramiento rescato lo m\u00e1s importante: la visi\u00f3n integral de calle, donde todos puedan compartirla, hablo de peatones, ciclistas, transporte p\u00fablico y autom\u00f3viles. Ahora solo nos queda a los ciudadanos respetar y sobre todo cuidar esta importante calzada, porque al final de todo, usar el pasado es un buen pretexto para mejorar el presente.  Pedro Alberto Ramirez Vargas Nacido en 1985, originario de Oaxaca, estudio la carrera de Arquitectura en la Universidad Regional del Sureste, actualmente se desenvuelve en el sector p\u00fablico, aunado a proyectos residenciales por encargo. Se define como un apasionado de la lectura, la cocina y el basquetbol. Facebook: PRV Arquitectos\" width=\"478\" height=\"269\" srcset=\"https:\/\/centrourbano.com\/revista\/wp-content\/uploads\/calzada-porfirio-d\u00edaz.jpg 1920w, https:\/\/centrourbano.com\/revista\/wp-content\/uploads\/calzada-porfirio-d\u00edaz-300x169.jpg 300w, https:\/\/centrourbano.com\/revista\/wp-content\/uploads\/calzada-porfirio-d\u00edaz-1000x563.jpg 1000w, https:\/\/centrourbano.com\/revista\/wp-content\/uploads\/calzada-porfirio-d\u00edaz-768x432.jpg 768w, https:\/\/centrourbano.com\/revista\/wp-content\/uploads\/calzada-porfirio-d\u00edaz-1536x864.jpg 1536w\" sizes=\"auto, (max-width: 478px) 100vw, 478px\" \/>\n<p>Desde sus inicios de construcci\u00f3n, en 1896, esta calzada buscaba emular a los grandes paseos del porfririato: tal es el caso m\u00e1s representativo el Paseo de la Reforma, con el paso de los a\u00f1os y con la entrada del veh\u00edculo motorizado sufri\u00f3 modificaciones sustanciales, paso de convertirse en una avenida de carruajes a convertirse en una avenida de veh\u00edculos, aunque nunca abandono su verdadera vocaci\u00f3n: unir la parte norte con la parte sur de la ciudad, lo \u201cnuevo\u201d con lo \u201cantiguo\u201d.<\/p>\n<p>Con el centenario luctuoso de Porfirio D\u00edaz, el Gobierno del Estado de Oaxaca, emprendi\u00f3 una serie de festejos para recordar al pol\u00e9mico General, desde mi punto de vista lejos de recordar y volver al pasado, uso como un buen \u201cpretexto\u201d este acontecimiento para lo que a este servidor fue la mejor manera de aprovechar los recursos p\u00fablicos: recobrar la importancia de esta calzada y llevarla al presente.<\/p>\n<p>Dentro de su mejoramiento rescato lo m\u00e1s importante: la visi\u00f3n integral de calle, donde todos puedan compartirla, hablo de peatones, ciclistas, transporte p\u00fablico y autom\u00f3viles.<\/p>\n<p>Ahora solo nos queda a los ciudadanos respetar y sobre todo cuidar esta importante calzada, porque al final de todo, usar el pasado es un buen pretexto para mejorar el presente.<\/p>\n<p>&nbsp;<\/p>\n<p><strong>Pedro Alberto Ramirez Vargas<\/strong><\/p>\n<p><strong>Nacido en 1985, originario de Oaxaca, estudio la carrera de Arquitectura en la Universidad Regional del Sureste,\u00a0actualmente se desenvuelve en el sector p\u00fablico, aunado a proyectos residenciales por encargo. Se define como un apasionado de la lectura, la cocina y el basquetbol.<\/strong><\/p>\n<p><strong>Facebook: PRV Arquitectos<\/strong><\/p>\n","protected":false},"excerpt":{"rendered":"<p>Por Pedro Alberto Ram\u00edrez Vargas &nbsp; En su libro \u00a1Basta de historias!, Andr\u00e9s Oppenheimer reflexiona acerca de la obsesi\u00f3n por el pasado en los pa\u00edses de Am\u00e9rica Latina, en c\u00f3mo puede distraerlos de otras tareas m\u00e1s importantes para ser competitivos en el siglo XXI, esto lo traigo como reflexi\u00f3n a prop\u00f3sito del mejoramiento de imagen [&hellip;]<\/p>\n","protected":false},"author":1,"featured_media":55536,"comment_status":"open","ping_status":"closed","sticky":false,"template":"","format":"standard","meta":{"om_disable_all_campaigns":false,"inline_featured_image":false,"_monsterinsights_skip_tracking":false,"_monsterinsights_sitenote_active":false,"_monsterinsights_sitenote_note":"","_monsterinsights_sitenote_category":0,"footnotes":""},"categories":[5817],"tags":[],"class_list":["post-55531","post","type-post","status-publish","format-standard","has-post-thumbnail","hentry","category-blog-de-urbanismo"],"yoast_head":"<!-- This site is optimized with the Yoast SEO plugin v27.4 - https:\/\/yoast.com\/product\/yoast-seo-wordpress\/ -->\n<title>La calzada Porfirio D\u00edaz: usar el pasado como pretexto. -<\/title>\n<meta name=\"description\" content=\"Por Pedro Alberto Ram\u00edrez Vargas &nbsp; En su libro \u00a1Basta de historias!, Andr\u00e9s Oppenheimer reflexiona acerca de la obsesi\u00f3n por el pasado en los pa\u00edses\" \/>\n<meta name=\"robots\" content=\"index, follow, max-snippet:-1, max-image-preview:large, max-video-preview:-1\" \/>\n<link rel=\"canonical\" href=\"https:\/\/centrourbano.com\/revista\/opinion\/blog-de-urbanismo\/la-calzada-porfirio-diaz-usar-pasado-pretexto\/\" \/>\n<meta property=\"og:locale\" content=\"es_ES\" \/>\n<meta property=\"og:type\" content=\"article\" \/>\n<meta property=\"og:title\" content=\"La calzada Porfirio D\u00edaz: usar el pasado como pretexto. -\" \/>\n<meta property=\"og:description\" content=\"Por Pedro Alberto Ram\u00edrez Vargas &nbsp; En su libro \u00a1Basta de historias!, Andr\u00e9s Oppenheimer reflexiona acerca de la obsesi\u00f3n por el pasado en los pa\u00edses\" \/>\n<meta property=\"og:url\" content=\"https:\/\/centrourbano.com\/revista\/opinion\/blog-de-urbanismo\/la-calzada-porfirio-diaz-usar-pasado-pretexto\/\" \/>\n<meta property=\"og:site_name\" content=\"Centro Urbano\" \/>\n<meta property=\"article:publisher\" content=\"https:\/\/www.facebook.com\/portalcentrourbano\" \/>\n<meta property=\"article:published_time\" content=\"2017-06-29T15:59:33+00:00\" \/>\n<meta property=\"og:image\" content=\"https:\/\/centrourbano.com\/revista\/wp-content\/uploads\/Pedro-Alberto-Ramirez-Vargas.jpg\" \/>\n\t<meta property=\"og:image:width\" content=\"736\" \/>\n\t<meta property=\"og:image:height\" content=\"722\" \/>\n\t<meta property=\"og:image:type\" content=\"image\/jpeg\" \/>\n<meta name=\"author\" content=\"BlogCU 2022\" \/>\n<meta name=\"twitter:card\" content=\"summary_large_image\" \/>\n<meta name=\"twitter:creator\" content=\"@CentroUrbano\" \/>\n<meta name=\"twitter:site\" content=\"@CentroUrbano\" \/>\n<meta name=\"twitter:label1\" content=\"Escrito por\" \/>\n\t<meta name=\"twitter:data1\" content=\"BlogCU 2022\" \/>\n\t<meta name=\"twitter:label2\" content=\"Tiempo de lectura\" \/>\n\t<meta name=\"twitter:data2\" content=\"2 minutos\" \/>\n<script type=\"application\/ld+json\" class=\"yoast-schema-graph\">{\"@context\":\"https:\\\/\\\/schema.org\",\"@graph\":[{\"@type\":\"Article\",\"@id\":\"https:\\\/\\\/centrourbano.com\\\/revista\\\/opinion\\\/blog-de-urbanismo\\\/la-calzada-porfirio-diaz-usar-pasado-pretexto\\\/#article\",\"isPartOf\":{\"@id\":\"https:\\\/\\\/centrourbano.com\\\/revista\\\/opinion\\\/blog-de-urbanismo\\\/la-calzada-porfirio-diaz-usar-pasado-pretexto\\\/\"},\"author\":{\"name\":\"BlogCU 2022\",\"@id\":\"https:\\\/\\\/centrourbano.com\\\/revista\\\/#\\\/schema\\\/person\\\/26c0ab2d8952e32eb17ccf62f8e88ce6\"},\"headline\":\"La calzada Porfirio D\u00edaz: usar el pasado como pretexto.\",\"datePublished\":\"2017-06-29T15:59:33+00:00\",\"mainEntityOfPage\":{\"@id\":\"https:\\\/\\\/centrourbano.com\\\/revista\\\/opinion\\\/blog-de-urbanismo\\\/la-calzada-porfirio-diaz-usar-pasado-pretexto\\\/\"},\"wordCount\":353,\"commentCount\":0,\"publisher\":{\"@id\":\"https:\\\/\\\/centrourbano.com\\\/revista\\\/#organization\"},\"image\":{\"@id\":\"https:\\\/\\\/centrourbano.com\\\/revista\\\/opinion\\\/blog-de-urbanismo\\\/la-calzada-porfirio-diaz-usar-pasado-pretexto\\\/#primaryimage\"},\"thumbnailUrl\":\"https:\\\/\\\/centrourbano.com\\\/revista\\\/wp-content\\\/uploads\\\/Pedro-Alberto-Ramirez-Vargas.jpg\",\"articleSection\":[\"Hablemos de Urbanismo\"],\"inLanguage\":\"es\",\"potentialAction\":[{\"@type\":\"CommentAction\",\"name\":\"Comment\",\"target\":[\"https:\\\/\\\/centrourbano.com\\\/revista\\\/opinion\\\/blog-de-urbanismo\\\/la-calzada-porfirio-diaz-usar-pasado-pretexto\\\/#respond\"]}]},{\"@type\":\"WebPage\",\"@id\":\"https:\\\/\\\/centrourbano.com\\\/revista\\\/opinion\\\/blog-de-urbanismo\\\/la-calzada-porfirio-diaz-usar-pasado-pretexto\\\/\",\"url\":\"https:\\\/\\\/centrourbano.com\\\/revista\\\/opinion\\\/blog-de-urbanismo\\\/la-calzada-porfirio-diaz-usar-pasado-pretexto\\\/\",\"name\":\"La calzada Porfirio D\u00edaz: usar el pasado como pretexto. -\",\"isPartOf\":{\"@id\":\"https:\\\/\\\/centrourbano.com\\\/revista\\\/#website\"},\"primaryImageOfPage\":{\"@id\":\"https:\\\/\\\/centrourbano.com\\\/revista\\\/opinion\\\/blog-de-urbanismo\\\/la-calzada-porfirio-diaz-usar-pasado-pretexto\\\/#primaryimage\"},\"image\":{\"@id\":\"https:\\\/\\\/centrourbano.com\\\/revista\\\/opinion\\\/blog-de-urbanismo\\\/la-calzada-porfirio-diaz-usar-pasado-pretexto\\\/#primaryimage\"},\"thumbnailUrl\":\"https:\\\/\\\/centrourbano.com\\\/revista\\\/wp-content\\\/uploads\\\/Pedro-Alberto-Ramirez-Vargas.jpg\",\"datePublished\":\"2017-06-29T15:59:33+00:00\",\"description\":\"Por Pedro Alberto Ram\u00edrez Vargas &nbsp; En su libro \u00a1Basta de historias!, Andr\u00e9s Oppenheimer reflexiona acerca de la obsesi\u00f3n por el pasado en los pa\u00edses\",\"breadcrumb\":{\"@id\":\"https:\\\/\\\/centrourbano.com\\\/revista\\\/opinion\\\/blog-de-urbanismo\\\/la-calzada-porfirio-diaz-usar-pasado-pretexto\\\/#breadcrumb\"},\"inLanguage\":\"es\",\"potentialAction\":[{\"@type\":\"ReadAction\",\"target\":[\"https:\\\/\\\/centrourbano.com\\\/revista\\\/opinion\\\/blog-de-urbanismo\\\/la-calzada-porfirio-diaz-usar-pasado-pretexto\\\/\"]}]},{\"@type\":\"ImageObject\",\"inLanguage\":\"es\",\"@id\":\"https:\\\/\\\/centrourbano.com\\\/revista\\\/opinion\\\/blog-de-urbanismo\\\/la-calzada-porfirio-diaz-usar-pasado-pretexto\\\/#primaryimage\",\"url\":\"https:\\\/\\\/centrourbano.com\\\/revista\\\/wp-content\\\/uploads\\\/Pedro-Alberto-Ramirez-Vargas.jpg\",\"contentUrl\":\"https:\\\/\\\/centrourbano.com\\\/revista\\\/wp-content\\\/uploads\\\/Pedro-Alberto-Ramirez-Vargas.jpg\",\"width\":736,\"height\":722,\"caption\":\"La calzada Porfirio D\u00edaz: usar el pasado como pretexto.\"},{\"@type\":\"BreadcrumbList\",\"@id\":\"https:\\\/\\\/centrourbano.com\\\/revista\\\/opinion\\\/blog-de-urbanismo\\\/la-calzada-porfirio-diaz-usar-pasado-pretexto\\\/#breadcrumb\",\"itemListElement\":[{\"@type\":\"ListItem\",\"position\":1,\"name\":\"Portada\",\"item\":\"https:\\\/\\\/centrourbano.com\\\/revista\\\/\"},{\"@type\":\"ListItem\",\"position\":2,\"name\":\"La calzada Porfirio D\u00edaz: usar el pasado como pretexto.\"}]},{\"@type\":\"WebSite\",\"@id\":\"https:\\\/\\\/centrourbano.com\\\/revista\\\/#website\",\"url\":\"https:\\\/\\\/centrourbano.com\\\/revista\\\/\",\"name\":\"Centro Urbano\",\"description\":\"Medio especializado en los sectores vivienda, inmobiliario, construcci\u00f3n, arquitectura y urbanismo.\",\"publisher\":{\"@id\":\"https:\\\/\\\/centrourbano.com\\\/revista\\\/#organization\"},\"potentialAction\":[{\"@type\":\"SearchAction\",\"target\":{\"@type\":\"EntryPoint\",\"urlTemplate\":\"https:\\\/\\\/centrourbano.com\\\/revista\\\/?s={search_term_string}\"},\"query-input\":{\"@type\":\"PropertyValueSpecification\",\"valueRequired\":true,\"valueName\":\"search_term_string\"}}],\"inLanguage\":\"es\"},{\"@type\":\"Organization\",\"@id\":\"https:\\\/\\\/centrourbano.com\\\/revista\\\/#organization\",\"name\":\"Centro Urbano\",\"url\":\"https:\\\/\\\/centrourbano.com\\\/revista\\\/\",\"logo\":{\"@type\":\"ImageObject\",\"inLanguage\":\"es\",\"@id\":\"https:\\\/\\\/centrourbano.com\\\/revista\\\/#\\\/schema\\\/logo\\\/image\\\/\",\"url\":\"https:\\\/\\\/centrourbano.com\\\/revista\\\/wp-content\\\/uploads\\\/web_CU_logo-1.png\",\"contentUrl\":\"https:\\\/\\\/centrourbano.com\\\/revista\\\/wp-content\\\/uploads\\\/web_CU_logo-1.png\",\"width\":350,\"height\":91,\"caption\":\"Centro Urbano\"},\"image\":{\"@id\":\"https:\\\/\\\/centrourbano.com\\\/revista\\\/#\\\/schema\\\/logo\\\/image\\\/\"},\"sameAs\":[\"https:\\\/\\\/www.facebook.com\\\/portalcentrourbano\",\"https:\\\/\\\/x.com\\\/CentroUrbano\",\"https:\\\/\\\/www.instagram.com\\\/centro_urbano\\\/\",\"https:\\\/\\\/www.linkedin.com\\\/company\\\/centro-urbano\\\/\",\"http:\\\/\\\/www.youtube.com\\\/user\\\/portalcentrourbano\"]},{\"@type\":\"Person\",\"@id\":\"https:\\\/\\\/centrourbano.com\\\/revista\\\/#\\\/schema\\\/person\\\/26c0ab2d8952e32eb17ccf62f8e88ce6\",\"name\":\"BlogCU 2022\",\"image\":{\"@type\":\"ImageObject\",\"inLanguage\":\"es\",\"@id\":\"https:\\\/\\\/secure.gravatar.com\\\/avatar\\\/5ec2975f6d4b1643c723f08ef135c488131c64cba4524740d438f2e04dbeacdc?s=96&d=mm&r=g\",\"url\":\"https:\\\/\\\/secure.gravatar.com\\\/avatar\\\/5ec2975f6d4b1643c723f08ef135c488131c64cba4524740d438f2e04dbeacdc?s=96&d=mm&r=g\",\"contentUrl\":\"https:\\\/\\\/secure.gravatar.com\\\/avatar\\\/5ec2975f6d4b1643c723f08ef135c488131c64cba4524740d438f2e04dbeacdc?s=96&d=mm&r=g\",\"caption\":\"BlogCU 2022\"},\"url\":\"https:\\\/\\\/centrourbano.com\\\/revista\\\/author\\\/BlogCU 2022\\\/\"}]}<\/script>\n<!-- \/ Yoast SEO plugin. -->","yoast_head_json":{"title":"La calzada Porfirio D\u00edaz: usar el pasado como pretexto. -","description":"Por Pedro Alberto Ram\u00edrez Vargas &nbsp; En su libro \u00a1Basta de historias!, Andr\u00e9s Oppenheimer reflexiona acerca de la obsesi\u00f3n por el pasado en los pa\u00edses","robots":{"index":"index","follow":"follow","max-snippet":"max-snippet:-1","max-image-preview":"max-image-preview:large","max-video-preview":"max-video-preview:-1"},"canonical":"https:\/\/centrourbano.com\/revista\/opinion\/blog-de-urbanismo\/la-calzada-porfirio-diaz-usar-pasado-pretexto\/","og_locale":"es_ES","og_type":"article","og_title":"La calzada Porfirio D\u00edaz: usar el pasado como pretexto. -","og_description":"Por Pedro Alberto Ram\u00edrez Vargas &nbsp; En su libro \u00a1Basta de historias!, Andr\u00e9s Oppenheimer reflexiona acerca de la obsesi\u00f3n por el pasado en los pa\u00edses","og_url":"https:\/\/centrourbano.com\/revista\/opinion\/blog-de-urbanismo\/la-calzada-porfirio-diaz-usar-pasado-pretexto\/","og_site_name":"Centro Urbano","article_publisher":"https:\/\/www.facebook.com\/portalcentrourbano","article_published_time":"2017-06-29T15:59:33+00:00","og_image":[{"width":736,"height":722,"url":"https:\/\/centrourbano.com\/revista\/wp-content\/uploads\/Pedro-Alberto-Ramirez-Vargas.jpg","type":"image\/jpeg"}],"author":"BlogCU 2022","twitter_card":"summary_large_image","twitter_creator":"@CentroUrbano","twitter_site":"@CentroUrbano","twitter_misc":{"Escrito por":"BlogCU 2022","Tiempo de lectura":"2 minutos"},"schema":{"@context":"https:\/\/schema.org","@graph":[{"@type":"Article","@id":"https:\/\/centrourbano.com\/revista\/opinion\/blog-de-urbanismo\/la-calzada-porfirio-diaz-usar-pasado-pretexto\/#article","isPartOf":{"@id":"https:\/\/centrourbano.com\/revista\/opinion\/blog-de-urbanismo\/la-calzada-porfirio-diaz-usar-pasado-pretexto\/"},"author":{"name":"BlogCU 2022","@id":"https:\/\/centrourbano.com\/revista\/#\/schema\/person\/26c0ab2d8952e32eb17ccf62f8e88ce6"},"headline":"La calzada Porfirio D\u00edaz: usar el pasado como pretexto.","datePublished":"2017-06-29T15:59:33+00:00","mainEntityOfPage":{"@id":"https:\/\/centrourbano.com\/revista\/opinion\/blog-de-urbanismo\/la-calzada-porfirio-diaz-usar-pasado-pretexto\/"},"wordCount":353,"commentCount":0,"publisher":{"@id":"https:\/\/centrourbano.com\/revista\/#organization"},"image":{"@id":"https:\/\/centrourbano.com\/revista\/opinion\/blog-de-urbanismo\/la-calzada-porfirio-diaz-usar-pasado-pretexto\/#primaryimage"},"thumbnailUrl":"https:\/\/centrourbano.com\/revista\/wp-content\/uploads\/Pedro-Alberto-Ramirez-Vargas.jpg","articleSection":["Hablemos de Urbanismo"],"inLanguage":"es","potentialAction":[{"@type":"CommentAction","name":"Comment","target":["https:\/\/centrourbano.com\/revista\/opinion\/blog-de-urbanismo\/la-calzada-porfirio-diaz-usar-pasado-pretexto\/#respond"]}]},{"@type":"WebPage","@id":"https:\/\/centrourbano.com\/revista\/opinion\/blog-de-urbanismo\/la-calzada-porfirio-diaz-usar-pasado-pretexto\/","url":"https:\/\/centrourbano.com\/revista\/opinion\/blog-de-urbanismo\/la-calzada-porfirio-diaz-usar-pasado-pretexto\/","name":"La calzada Porfirio D\u00edaz: usar el pasado como pretexto. -","isPartOf":{"@id":"https:\/\/centrourbano.com\/revista\/#website"},"primaryImageOfPage":{"@id":"https:\/\/centrourbano.com\/revista\/opinion\/blog-de-urbanismo\/la-calzada-porfirio-diaz-usar-pasado-pretexto\/#primaryimage"},"image":{"@id":"https:\/\/centrourbano.com\/revista\/opinion\/blog-de-urbanismo\/la-calzada-porfirio-diaz-usar-pasado-pretexto\/#primaryimage"},"thumbnailUrl":"https:\/\/centrourbano.com\/revista\/wp-content\/uploads\/Pedro-Alberto-Ramirez-Vargas.jpg","datePublished":"2017-06-29T15:59:33+00:00","description":"Por Pedro Alberto Ram\u00edrez Vargas &nbsp; En su libro \u00a1Basta de historias!, Andr\u00e9s Oppenheimer reflexiona acerca de la obsesi\u00f3n por el pasado en los pa\u00edses","breadcrumb":{"@id":"https:\/\/centrourbano.com\/revista\/opinion\/blog-de-urbanismo\/la-calzada-porfirio-diaz-usar-pasado-pretexto\/#breadcrumb"},"inLanguage":"es","potentialAction":[{"@type":"ReadAction","target":["https:\/\/centrourbano.com\/revista\/opinion\/blog-de-urbanismo\/la-calzada-porfirio-diaz-usar-pasado-pretexto\/"]}]},{"@type":"ImageObject","inLanguage":"es","@id":"https:\/\/centrourbano.com\/revista\/opinion\/blog-de-urbanismo\/la-calzada-porfirio-diaz-usar-pasado-pretexto\/#primaryimage","url":"https:\/\/centrourbano.com\/revista\/wp-content\/uploads\/Pedro-Alberto-Ramirez-Vargas.jpg","contentUrl":"https:\/\/centrourbano.com\/revista\/wp-content\/uploads\/Pedro-Alberto-Ramirez-Vargas.jpg","width":736,"height":722,"caption":"La calzada Porfirio D\u00edaz: usar el pasado como pretexto."},{"@type":"BreadcrumbList","@id":"https:\/\/centrourbano.com\/revista\/opinion\/blog-de-urbanismo\/la-calzada-porfirio-diaz-usar-pasado-pretexto\/#breadcrumb","itemListElement":[{"@type":"ListItem","position":1,"name":"Portada","item":"https:\/\/centrourbano.com\/revista\/"},{"@type":"ListItem","position":2,"name":"La calzada Porfirio D\u00edaz: usar el pasado como pretexto."}]},{"@type":"WebSite","@id":"https:\/\/centrourbano.com\/revista\/#website","url":"https:\/\/centrourbano.com\/revista\/","name":"Centro Urbano","description":"Medio especializado en los sectores vivienda, inmobiliario, construcci\u00f3n, arquitectura y urbanismo.","publisher":{"@id":"https:\/\/centrourbano.com\/revista\/#organization"},"potentialAction":[{"@type":"SearchAction","target":{"@type":"EntryPoint","urlTemplate":"https:\/\/centrourbano.com\/revista\/?s={search_term_string}"},"query-input":{"@type":"PropertyValueSpecification","valueRequired":true,"valueName":"search_term_string"}}],"inLanguage":"es"},{"@type":"Organization","@id":"https:\/\/centrourbano.com\/revista\/#organization","name":"Centro Urbano","url":"https:\/\/centrourbano.com\/revista\/","logo":{"@type":"ImageObject","inLanguage":"es","@id":"https:\/\/centrourbano.com\/revista\/#\/schema\/logo\/image\/","url":"https:\/\/centrourbano.com\/revista\/wp-content\/uploads\/web_CU_logo-1.png","contentUrl":"https:\/\/centrourbano.com\/revista\/wp-content\/uploads\/web_CU_logo-1.png","width":350,"height":91,"caption":"Centro Urbano"},"image":{"@id":"https:\/\/centrourbano.com\/revista\/#\/schema\/logo\/image\/"},"sameAs":["https:\/\/www.facebook.com\/portalcentrourbano","https:\/\/x.com\/CentroUrbano","https:\/\/www.instagram.com\/centro_urbano\/","https:\/\/www.linkedin.com\/company\/centro-urbano\/","http:\/\/www.youtube.com\/user\/portalcentrourbano"]},{"@type":"Person","@id":"https:\/\/centrourbano.com\/revista\/#\/schema\/person\/26c0ab2d8952e32eb17ccf62f8e88ce6","name":"BlogCU 2022","image":{"@type":"ImageObject","inLanguage":"es","@id":"https:\/\/secure.gravatar.com\/avatar\/5ec2975f6d4b1643c723f08ef135c488131c64cba4524740d438f2e04dbeacdc?s=96&d=mm&r=g","url":"https:\/\/secure.gravatar.com\/avatar\/5ec2975f6d4b1643c723f08ef135c488131c64cba4524740d438f2e04dbeacdc?s=96&d=mm&r=g","contentUrl":"https:\/\/secure.gravatar.com\/avatar\/5ec2975f6d4b1643c723f08ef135c488131c64cba4524740d438f2e04dbeacdc?s=96&d=mm&r=g","caption":"BlogCU 2022"},"url":"https:\/\/centrourbano.com\/revista\/author\/BlogCU 2022\/"}]}},"_links":{"self":[{"href":"https:\/\/centrourbano.com\/revista\/wp-json\/wp\/v2\/posts\/55531","targetHints":{"allow":["GET"]}}],"collection":[{"href":"https:\/\/centrourbano.com\/revista\/wp-json\/wp\/v2\/posts"}],"about":[{"href":"https:\/\/centrourbano.com\/revista\/wp-json\/wp\/v2\/types\/post"}],"author":[{"embeddable":true,"href":"https:\/\/centrourbano.com\/revista\/wp-json\/wp\/v2\/users\/1"}],"replies":[{"embeddable":true,"href":"https:\/\/centrourbano.com\/revista\/wp-json\/wp\/v2\/comments?post=55531"}],"version-history":[{"count":0,"href":"https:\/\/centrourbano.com\/revista\/wp-json\/wp\/v2\/posts\/55531\/revisions"}],"wp:featuredmedia":[{"embeddable":true,"href":"https:\/\/centrourbano.com\/revista\/wp-json\/wp\/v2\/media\/55536"}],"wp:attachment":[{"href":"https:\/\/centrourbano.com\/revista\/wp-json\/wp\/v2\/media?parent=55531"}],"wp:term":[{"taxonomy":"category","embeddable":true,"href":"https:\/\/centrourbano.com\/revista\/wp-json\/wp\/v2\/categories?post=55531"},{"taxonomy":"post_tag","embeddable":true,"href":"https:\/\/centrourbano.com\/revista\/wp-json\/wp\/v2\/tags?post=55531"}],"curies":[{"name":"wp","href":"https:\/\/api.w.org\/{rel}","templated":true}]}}