{"id":55375,"date":"2017-06-27T13:54:52","date_gmt":"2017-06-27T18:54:52","guid":{"rendered":"https:\/\/centrourbano.com\/?p=55375"},"modified":"2017-06-27T14:18:19","modified_gmt":"2017-06-27T19:18:19","slug":"creaciones-por-el-agua-helvex","status":"publish","type":"post","link":"https:\/\/centrourbano.com\/revista\/urbanismo\/creaciones-por-el-agua-helvex\/","title":{"rendered":"\u00abCreaciones Por El Agua\u00bb a beneficio de comunidades ind\u00edgenas"},"content":{"rendered":"<p><em>Renombrados artistas\u00a0usar\u00e1n productos Helvex para crear piezas de arte \u00fanicas que ser\u00e1n subastadas<\/em><\/p>\n<p>Fundaci\u00f3n Helvex A.C. en colaboraci\u00f3n con el Abierto Mexicano de Dise\u00f1o presentaron el proyecto Creaciones Por El Agua, que busca beneficiar a comunidades ind\u00edgenas con problemas de disponibilidad y saneamiento de agua en M\u00e9xico.<\/p>\n<p>A partir de la intervenci\u00f3n de productos Helvex, artistas pl\u00e1sticos y dise\u00f1adores crear\u00e1n obras de arte que ser\u00e1n subastadas con el fin de recaudar fondos para apoyar a las familias que viven en situaci\u00f3n de pobreza, vulnerabilidad y exclusi\u00f3n. La iniciativa tiene como objetivo la integraci\u00f3n social entre industria y fundaciones gracias al trabajo y creatividad de ambas para la obtenci\u00f3n de resultados positivos que se vislumbren en los sectores de la poblaci\u00f3n m\u00e1s necesitados.<\/p>\n<p>Renata Becerril, directora ejecutiva del Abierto Mexicano de Dise\u00f1o, afirm\u00f3 que las creaciones ser\u00e1n plasmadas en inodoros, en los que se combinar\u00e1n el dise\u00f1o y arte conceptual que reflejen un pensamiento cr\u00edtico de aportaciones intelectuales y sociales: \u201cPromoveremos la intervenci\u00f3n art\u00edstica de piezas Helvex, con la finalidad de buscar beneficios para una comunidad con \u00edndice de pobreza alto, escasez de agua y falta de servicios b\u00e1sicos, principalmente de saneamiento. Esto lo lograremos a trav\u00e9s de ChildFund M\u00e9xico y en esta primera entrega, la localidad beneficiada ser\u00e1 Magdalena Teitepac en Oaxaca,\u201d a\u00f1adi\u00f3.<\/p>\n<a href=\"https:\/\/centrourbano.com\/revista\/wp-content\/uploads\/Helvex2.jpg\"><img loading=\"lazy\" decoding=\"async\" class=\"aligncenter wp-image-55378\" src=\"https:\/\/centrourbano.com\/revista\/wp-content\/uploads\/Helvex2-1024x768.jpg\" alt=\"\" width=\"762\" height=\"571\" \/><\/a>\n<p>La iniciativa Creaciones Por el Agua nace por la necesidad de sensibilizar a la poblaci\u00f3n mexicana e internacional sobre el saneamiento de agua y sus repercusiones en la salud, adem\u00e1s de promover la sustentabilidad h\u00eddrica y el acceso seguro al l\u00edquido con infraestructura b\u00e1sica en localidades que as\u00ed lo requieren a trav\u00e9s de acciones como cosecha de agua de lluvia, construcci\u00f3n pozos de absorci\u00f3n y construcci\u00f3n ba\u00f1os secos.<\/p>\n<p><strong>\u00a0<\/strong>En el proyecto participar\u00e1n 15 dise\u00f1adores y artistas que gozar\u00e1n de un proceso creativo libre e individual. Participar\u00e1n Vicente Rojo Almaz\u00e1n, Gabriel Macotela, Rub\u00e9n Ochoa, Emilio Chapela, el Dr. Alderete (Jorge Alderete), entre otros. Sin embargo, Creaciones Por El Agua pretende convertirse en una plataforma en la que los mexicanos se sumen y aporten ideas.<\/p>\n<p>La exhibici\u00f3n de las obras se tiene contemplada en algunos lugares del Corredor Roma-Condesa, as\u00ed como una muestra fotogr\u00e1fica montada en las rejas de Chapultepec.<\/p>\n","protected":false},"excerpt":{"rendered":"<p>Renombrados artistas\u00a0usar\u00e1n productos Helvex para crear piezas de arte \u00fanicas que ser\u00e1n subastadas Fundaci\u00f3n Helvex A.C. en colaboraci\u00f3n con el Abierto Mexicano de Dise\u00f1o presentaron el proyecto Creaciones Por El Agua, que busca beneficiar a comunidades ind\u00edgenas con problemas de disponibilidad y saneamiento de agua en M\u00e9xico. A partir de la intervenci\u00f3n de productos Helvex, [&hellip;]<\/p>\n","protected":false},"author":53,"featured_media":55376,"comment_status":"open","ping_status":"closed","sticky":false,"template":"","format":"standard","meta":{"om_disable_all_campaigns":false,"inline_featured_image":false,"_monsterinsights_skip_tracking":false,"_monsterinsights_sitenote_active":false,"_monsterinsights_sitenote_note":"","_monsterinsights_sitenote_category":0,"footnotes":""},"categories":[82],"tags":[9012,277,4726,1809,10340,501,165],"class_list":["post-55375","post","type-post","status-publish","format-standard","has-post-thumbnail","hentry","category-urbanismo","tag-abierto-mexicano-de-diseno","tag-agua","tag-arte-urbano","tag-diseno","tag-fundacion-helvex","tag-oaxaca","tag-sustentabilidad"],"yoast_head":"<!-- This site is optimized with the Yoast SEO plugin v27.5 - https:\/\/yoast.com\/product\/yoast-seo-wordpress\/ -->\n<title>&quot;Creaciones Por El Agua&quot; a beneficio de comunidades ind\u00edgenas<\/title>\n<meta name=\"description\" content=\"\ufeffRenombrados artistas usar\u00e1n productos Helvex para crear piezas de arte que ser\u00e1n subastadas en apoyo de localidades sin acceso a agua potable\" \/>\n<meta name=\"robots\" content=\"index, follow, max-snippet:-1, max-image-preview:large, max-video-preview:-1\" \/>\n<link rel=\"canonical\" href=\"https:\/\/centrourbano.com\/revista\/urbanismo\/creaciones-por-el-agua-helvex\/\" \/>\n<meta property=\"og:locale\" content=\"es_ES\" \/>\n<meta property=\"og:type\" content=\"article\" \/>\n<meta property=\"og:title\" content=\"&quot;Creaciones Por El Agua&quot; a beneficio de comunidades ind\u00edgenas\" \/>\n<meta property=\"og:description\" content=\"\ufeffRenombrados artistas usar\u00e1n productos Helvex para crear piezas de arte que ser\u00e1n subastadas en apoyo de localidades sin acceso a agua potable\" \/>\n<meta property=\"og:url\" content=\"https:\/\/centrourbano.com\/revista\/urbanismo\/creaciones-por-el-agua-helvex\/\" \/>\n<meta property=\"og:site_name\" content=\"Centro Urbano\" \/>\n<meta property=\"article:publisher\" content=\"https:\/\/www.facebook.com\/portalcentrourbano\" \/>\n<meta property=\"article:author\" content=\"facebook.com\/ro.garcia23\" \/>\n<meta property=\"article:published_time\" content=\"2017-06-27T18:54:52+00:00\" \/>\n<meta property=\"article:modified_time\" content=\"2017-06-27T19:18:19+00:00\" \/>\n<meta property=\"og:image\" content=\"https:\/\/centrourbano.com\/revista\/wp-content\/uploads\/Helvex-scaled.jpg\" \/>\n\t<meta property=\"og:image:width\" content=\"2560\" \/>\n\t<meta property=\"og:image:height\" content=\"1920\" \/>\n\t<meta property=\"og:image:type\" content=\"image\/jpeg\" \/>\n<meta name=\"author\" content=\"Roc\u00edo Garc\u00eda\" \/>\n<meta name=\"twitter:card\" content=\"summary_large_image\" \/>\n<meta name=\"twitter:creator\" content=\"@CentroUrbano\" \/>\n<meta name=\"twitter:site\" content=\"@CentroUrbano\" \/>\n<meta name=\"twitter:label1\" content=\"Escrito por\" \/>\n\t<meta name=\"twitter:data1\" content=\"Roc\u00edo Garc\u00eda\" \/>\n\t<meta name=\"twitter:label2\" content=\"Tiempo de lectura\" \/>\n\t<meta name=\"twitter:data2\" content=\"2 minutos\" \/>\n<script type=\"application\/ld+json\" class=\"yoast-schema-graph\">{\"@context\":\"https:\\\/\\\/schema.org\",\"@graph\":[{\"@type\":\"Article\",\"@id\":\"https:\\\/\\\/centrourbano.com\\\/revista\\\/urbanismo\\\/creaciones-por-el-agua-helvex\\\/#article\",\"isPartOf\":{\"@id\":\"https:\\\/\\\/centrourbano.com\\\/revista\\\/urbanismo\\\/creaciones-por-el-agua-helvex\\\/\"},\"author\":{\"name\":\"Roc\u00edo Garc\u00eda\",\"@id\":\"https:\\\/\\\/centrourbano.com\\\/revista\\\/#\\\/schema\\\/person\\\/d448d0434ec4efdd3237fd50ff2f0269\"},\"headline\":\"\u00abCreaciones Por El Agua\u00bb a beneficio de comunidades ind\u00edgenas\",\"datePublished\":\"2017-06-27T18:54:52+00:00\",\"dateModified\":\"2017-06-27T19:18:19+00:00\",\"mainEntityOfPage\":{\"@id\":\"https:\\\/\\\/centrourbano.com\\\/revista\\\/urbanismo\\\/creaciones-por-el-agua-helvex\\\/\"},\"wordCount\":419,\"commentCount\":0,\"publisher\":{\"@id\":\"https:\\\/\\\/centrourbano.com\\\/revista\\\/#organization\"},\"image\":{\"@id\":\"https:\\\/\\\/centrourbano.com\\\/revista\\\/urbanismo\\\/creaciones-por-el-agua-helvex\\\/#primaryimage\"},\"thumbnailUrl\":\"https:\\\/\\\/centrourbano.com\\\/revista\\\/wp-content\\\/uploads\\\/Helvex-scaled.jpg\",\"keywords\":[\"Abierto Mexicano de Dise\u00f1o\",\"agua\",\"arte urbano\",\"dise\u00f1o\",\"Fundaci\u00f3n Helvex\",\"Oaxaca\",\"sustentabilidad\"],\"articleSection\":[\"Urbanismo\"],\"inLanguage\":\"es\",\"potentialAction\":[{\"@type\":\"CommentAction\",\"name\":\"Comment\",\"target\":[\"https:\\\/\\\/centrourbano.com\\\/revista\\\/urbanismo\\\/creaciones-por-el-agua-helvex\\\/#respond\"]}]},{\"@type\":\"WebPage\",\"@id\":\"https:\\\/\\\/centrourbano.com\\\/revista\\\/urbanismo\\\/creaciones-por-el-agua-helvex\\\/\",\"url\":\"https:\\\/\\\/centrourbano.com\\\/revista\\\/urbanismo\\\/creaciones-por-el-agua-helvex\\\/\",\"name\":\"\\\"Creaciones Por El Agua\\\" a beneficio de comunidades ind\u00edgenas\",\"isPartOf\":{\"@id\":\"https:\\\/\\\/centrourbano.com\\\/revista\\\/#website\"},\"primaryImageOfPage\":{\"@id\":\"https:\\\/\\\/centrourbano.com\\\/revista\\\/urbanismo\\\/creaciones-por-el-agua-helvex\\\/#primaryimage\"},\"image\":{\"@id\":\"https:\\\/\\\/centrourbano.com\\\/revista\\\/urbanismo\\\/creaciones-por-el-agua-helvex\\\/#primaryimage\"},\"thumbnailUrl\":\"https:\\\/\\\/centrourbano.com\\\/revista\\\/wp-content\\\/uploads\\\/Helvex-scaled.jpg\",\"datePublished\":\"2017-06-27T18:54:52+00:00\",\"dateModified\":\"2017-06-27T19:18:19+00:00\",\"description\":\"\ufeffRenombrados artistas usar\u00e1n productos Helvex para crear piezas de arte que ser\u00e1n subastadas en apoyo de localidades sin acceso a agua potable\",\"breadcrumb\":{\"@id\":\"https:\\\/\\\/centrourbano.com\\\/revista\\\/urbanismo\\\/creaciones-por-el-agua-helvex\\\/#breadcrumb\"},\"inLanguage\":\"es\",\"potentialAction\":[{\"@type\":\"ReadAction\",\"target\":[\"https:\\\/\\\/centrourbano.com\\\/revista\\\/urbanismo\\\/creaciones-por-el-agua-helvex\\\/\"]}]},{\"@type\":\"ImageObject\",\"inLanguage\":\"es\",\"@id\":\"https:\\\/\\\/centrourbano.com\\\/revista\\\/urbanismo\\\/creaciones-por-el-agua-helvex\\\/#primaryimage\",\"url\":\"https:\\\/\\\/centrourbano.com\\\/revista\\\/wp-content\\\/uploads\\\/Helvex-scaled.jpg\",\"contentUrl\":\"https:\\\/\\\/centrourbano.com\\\/revista\\\/wp-content\\\/uploads\\\/Helvex-scaled.jpg\",\"width\":2560,\"height\":1920,\"caption\":\"\ufeffRenombrados artistas usar\u00e1n productos Helvex para crear piezas de arte que ser\u00e1n subastadas en apoyo de localidades sin acceso a agua potable\"},{\"@type\":\"BreadcrumbList\",\"@id\":\"https:\\\/\\\/centrourbano.com\\\/revista\\\/urbanismo\\\/creaciones-por-el-agua-helvex\\\/#breadcrumb\",\"itemListElement\":[{\"@type\":\"ListItem\",\"position\":1,\"name\":\"Portada\",\"item\":\"https:\\\/\\\/centrourbano.com\\\/revista\\\/\"},{\"@type\":\"ListItem\",\"position\":2,\"name\":\"\u00abCreaciones Por El Agua\u00bb a beneficio de comunidades ind\u00edgenas\"}]},{\"@type\":\"WebSite\",\"@id\":\"https:\\\/\\\/centrourbano.com\\\/revista\\\/#website\",\"url\":\"https:\\\/\\\/centrourbano.com\\\/revista\\\/\",\"name\":\"Centro Urbano\",\"description\":\"Medio especializado en los sectores vivienda, inmobiliario, construcci\u00f3n, arquitectura y urbanismo.\",\"publisher\":{\"@id\":\"https:\\\/\\\/centrourbano.com\\\/revista\\\/#organization\"},\"potentialAction\":[{\"@type\":\"SearchAction\",\"target\":{\"@type\":\"EntryPoint\",\"urlTemplate\":\"https:\\\/\\\/centrourbano.com\\\/revista\\\/?s={search_term_string}\"},\"query-input\":{\"@type\":\"PropertyValueSpecification\",\"valueRequired\":true,\"valueName\":\"search_term_string\"}}],\"inLanguage\":\"es\"},{\"@type\":\"Organization\",\"@id\":\"https:\\\/\\\/centrourbano.com\\\/revista\\\/#organization\",\"name\":\"Centro Urbano\",\"url\":\"https:\\\/\\\/centrourbano.com\\\/revista\\\/\",\"logo\":{\"@type\":\"ImageObject\",\"inLanguage\":\"es\",\"@id\":\"https:\\\/\\\/centrourbano.com\\\/revista\\\/#\\\/schema\\\/logo\\\/image\\\/\",\"url\":\"https:\\\/\\\/centrourbano.com\\\/revista\\\/wp-content\\\/uploads\\\/web_CU_logo-1.png\",\"contentUrl\":\"https:\\\/\\\/centrourbano.com\\\/revista\\\/wp-content\\\/uploads\\\/web_CU_logo-1.png\",\"width\":350,\"height\":91,\"caption\":\"Centro Urbano\"},\"image\":{\"@id\":\"https:\\\/\\\/centrourbano.com\\\/revista\\\/#\\\/schema\\\/logo\\\/image\\\/\"},\"sameAs\":[\"https:\\\/\\\/www.facebook.com\\\/portalcentrourbano\",\"https:\\\/\\\/x.com\\\/CentroUrbano\",\"https:\\\/\\\/www.instagram.com\\\/centro_urbano\\\/\",\"https:\\\/\\\/www.linkedin.com\\\/company\\\/centro-urbano\\\/\",\"http:\\\/\\\/www.youtube.com\\\/user\\\/portalcentrourbano\"]},{\"@type\":\"Person\",\"@id\":\"https:\\\/\\\/centrourbano.com\\\/revista\\\/#\\\/schema\\\/person\\\/d448d0434ec4efdd3237fd50ff2f0269\",\"name\":\"Roc\u00edo Garc\u00eda\",\"image\":{\"@type\":\"ImageObject\",\"inLanguage\":\"es\",\"@id\":\"https:\\\/\\\/secure.gravatar.com\\\/avatar\\\/a0e2f1ddfed432d8ad4b84b5dc2e19fc4c403753eb7578fd4dca22f8e2538fc8?s=96&d=mm&r=g\",\"url\":\"https:\\\/\\\/secure.gravatar.com\\\/avatar\\\/a0e2f1ddfed432d8ad4b84b5dc2e19fc4c403753eb7578fd4dca22f8e2538fc8?s=96&d=mm&r=g\",\"contentUrl\":\"https:\\\/\\\/secure.gravatar.com\\\/avatar\\\/a0e2f1ddfed432d8ad4b84b5dc2e19fc4c403753eb7578fd4dca22f8e2538fc8?s=96&d=mm&r=g\",\"caption\":\"Roc\u00edo Garc\u00eda\"},\"description\":\"Estudiante de Comunicaci\u00f3n de la Facultad de Estudios Superiores Acatl\u00e1n, con especialidad en Multimedia y Cultura. Apasionada por la radio, la m\u00fasica y la CDMX. Hablo mucho y r\u00edo m\u00e1s, me gusta la cumbia, las chelas y el rock n\u2019 roll.\",\"sameAs\":[\"facebook.com\\\/ro.garcia23\",\"https:\\\/\\\/www.instagram.com\\\/ch_chioo\\\/\"],\"url\":\"https:\\\/\\\/centrourbano.com\\\/revista\\\/author\\\/rocio-garcia\\\/\"}]}<\/script>\n<!-- \/ Yoast SEO plugin. -->","yoast_head_json":{"title":"\"Creaciones Por El Agua\" a beneficio de comunidades ind\u00edgenas","description":"\ufeffRenombrados artistas usar\u00e1n productos Helvex para crear piezas de arte que ser\u00e1n subastadas en apoyo de localidades sin acceso a agua potable","robots":{"index":"index","follow":"follow","max-snippet":"max-snippet:-1","max-image-preview":"max-image-preview:large","max-video-preview":"max-video-preview:-1"},"canonical":"https:\/\/centrourbano.com\/revista\/urbanismo\/creaciones-por-el-agua-helvex\/","og_locale":"es_ES","og_type":"article","og_title":"\"Creaciones Por El Agua\" a beneficio de comunidades ind\u00edgenas","og_description":"\ufeffRenombrados artistas usar\u00e1n productos Helvex para crear piezas de arte que ser\u00e1n subastadas en apoyo de localidades sin acceso a agua potable","og_url":"https:\/\/centrourbano.com\/revista\/urbanismo\/creaciones-por-el-agua-helvex\/","og_site_name":"Centro Urbano","article_publisher":"https:\/\/www.facebook.com\/portalcentrourbano","article_author":"facebook.com\/ro.garcia23","article_published_time":"2017-06-27T18:54:52+00:00","article_modified_time":"2017-06-27T19:18:19+00:00","og_image":[{"width":2560,"height":1920,"url":"https:\/\/centrourbano.com\/revista\/wp-content\/uploads\/Helvex-scaled.jpg","type":"image\/jpeg"}],"author":"Roc\u00edo Garc\u00eda","twitter_card":"summary_large_image","twitter_creator":"@CentroUrbano","twitter_site":"@CentroUrbano","twitter_misc":{"Escrito por":"Roc\u00edo Garc\u00eda","Tiempo de lectura":"2 minutos"},"schema":{"@context":"https:\/\/schema.org","@graph":[{"@type":"Article","@id":"https:\/\/centrourbano.com\/revista\/urbanismo\/creaciones-por-el-agua-helvex\/#article","isPartOf":{"@id":"https:\/\/centrourbano.com\/revista\/urbanismo\/creaciones-por-el-agua-helvex\/"},"author":{"name":"Roc\u00edo Garc\u00eda","@id":"https:\/\/centrourbano.com\/revista\/#\/schema\/person\/d448d0434ec4efdd3237fd50ff2f0269"},"headline":"\u00abCreaciones Por El Agua\u00bb a beneficio de comunidades ind\u00edgenas","datePublished":"2017-06-27T18:54:52+00:00","dateModified":"2017-06-27T19:18:19+00:00","mainEntityOfPage":{"@id":"https:\/\/centrourbano.com\/revista\/urbanismo\/creaciones-por-el-agua-helvex\/"},"wordCount":419,"commentCount":0,"publisher":{"@id":"https:\/\/centrourbano.com\/revista\/#organization"},"image":{"@id":"https:\/\/centrourbano.com\/revista\/urbanismo\/creaciones-por-el-agua-helvex\/#primaryimage"},"thumbnailUrl":"https:\/\/centrourbano.com\/revista\/wp-content\/uploads\/Helvex-scaled.jpg","keywords":["Abierto Mexicano de Dise\u00f1o","agua","arte urbano","dise\u00f1o","Fundaci\u00f3n Helvex","Oaxaca","sustentabilidad"],"articleSection":["Urbanismo"],"inLanguage":"es","potentialAction":[{"@type":"CommentAction","name":"Comment","target":["https:\/\/centrourbano.com\/revista\/urbanismo\/creaciones-por-el-agua-helvex\/#respond"]}]},{"@type":"WebPage","@id":"https:\/\/centrourbano.com\/revista\/urbanismo\/creaciones-por-el-agua-helvex\/","url":"https:\/\/centrourbano.com\/revista\/urbanismo\/creaciones-por-el-agua-helvex\/","name":"\"Creaciones Por El Agua\" a beneficio de comunidades ind\u00edgenas","isPartOf":{"@id":"https:\/\/centrourbano.com\/revista\/#website"},"primaryImageOfPage":{"@id":"https:\/\/centrourbano.com\/revista\/urbanismo\/creaciones-por-el-agua-helvex\/#primaryimage"},"image":{"@id":"https:\/\/centrourbano.com\/revista\/urbanismo\/creaciones-por-el-agua-helvex\/#primaryimage"},"thumbnailUrl":"https:\/\/centrourbano.com\/revista\/wp-content\/uploads\/Helvex-scaled.jpg","datePublished":"2017-06-27T18:54:52+00:00","dateModified":"2017-06-27T19:18:19+00:00","description":"\ufeffRenombrados artistas usar\u00e1n productos Helvex para crear piezas de arte que ser\u00e1n subastadas en apoyo de localidades sin acceso a agua potable","breadcrumb":{"@id":"https:\/\/centrourbano.com\/revista\/urbanismo\/creaciones-por-el-agua-helvex\/#breadcrumb"},"inLanguage":"es","potentialAction":[{"@type":"ReadAction","target":["https:\/\/centrourbano.com\/revista\/urbanismo\/creaciones-por-el-agua-helvex\/"]}]},{"@type":"ImageObject","inLanguage":"es","@id":"https:\/\/centrourbano.com\/revista\/urbanismo\/creaciones-por-el-agua-helvex\/#primaryimage","url":"https:\/\/centrourbano.com\/revista\/wp-content\/uploads\/Helvex-scaled.jpg","contentUrl":"https:\/\/centrourbano.com\/revista\/wp-content\/uploads\/Helvex-scaled.jpg","width":2560,"height":1920,"caption":"\ufeffRenombrados artistas usar\u00e1n productos Helvex para crear piezas de arte que ser\u00e1n subastadas en apoyo de localidades sin acceso a agua potable"},{"@type":"BreadcrumbList","@id":"https:\/\/centrourbano.com\/revista\/urbanismo\/creaciones-por-el-agua-helvex\/#breadcrumb","itemListElement":[{"@type":"ListItem","position":1,"name":"Portada","item":"https:\/\/centrourbano.com\/revista\/"},{"@type":"ListItem","position":2,"name":"\u00abCreaciones Por El Agua\u00bb a beneficio de comunidades ind\u00edgenas"}]},{"@type":"WebSite","@id":"https:\/\/centrourbano.com\/revista\/#website","url":"https:\/\/centrourbano.com\/revista\/","name":"Centro Urbano","description":"Medio especializado en los sectores vivienda, inmobiliario, construcci\u00f3n, arquitectura y urbanismo.","publisher":{"@id":"https:\/\/centrourbano.com\/revista\/#organization"},"potentialAction":[{"@type":"SearchAction","target":{"@type":"EntryPoint","urlTemplate":"https:\/\/centrourbano.com\/revista\/?s={search_term_string}"},"query-input":{"@type":"PropertyValueSpecification","valueRequired":true,"valueName":"search_term_string"}}],"inLanguage":"es"},{"@type":"Organization","@id":"https:\/\/centrourbano.com\/revista\/#organization","name":"Centro Urbano","url":"https:\/\/centrourbano.com\/revista\/","logo":{"@type":"ImageObject","inLanguage":"es","@id":"https:\/\/centrourbano.com\/revista\/#\/schema\/logo\/image\/","url":"https:\/\/centrourbano.com\/revista\/wp-content\/uploads\/web_CU_logo-1.png","contentUrl":"https:\/\/centrourbano.com\/revista\/wp-content\/uploads\/web_CU_logo-1.png","width":350,"height":91,"caption":"Centro Urbano"},"image":{"@id":"https:\/\/centrourbano.com\/revista\/#\/schema\/logo\/image\/"},"sameAs":["https:\/\/www.facebook.com\/portalcentrourbano","https:\/\/x.com\/CentroUrbano","https:\/\/www.instagram.com\/centro_urbano\/","https:\/\/www.linkedin.com\/company\/centro-urbano\/","http:\/\/www.youtube.com\/user\/portalcentrourbano"]},{"@type":"Person","@id":"https:\/\/centrourbano.com\/revista\/#\/schema\/person\/d448d0434ec4efdd3237fd50ff2f0269","name":"Roc\u00edo Garc\u00eda","image":{"@type":"ImageObject","inLanguage":"es","@id":"https:\/\/secure.gravatar.com\/avatar\/a0e2f1ddfed432d8ad4b84b5dc2e19fc4c403753eb7578fd4dca22f8e2538fc8?s=96&d=mm&r=g","url":"https:\/\/secure.gravatar.com\/avatar\/a0e2f1ddfed432d8ad4b84b5dc2e19fc4c403753eb7578fd4dca22f8e2538fc8?s=96&d=mm&r=g","contentUrl":"https:\/\/secure.gravatar.com\/avatar\/a0e2f1ddfed432d8ad4b84b5dc2e19fc4c403753eb7578fd4dca22f8e2538fc8?s=96&d=mm&r=g","caption":"Roc\u00edo Garc\u00eda"},"description":"Estudiante de Comunicaci\u00f3n de la Facultad de Estudios Superiores Acatl\u00e1n, con especialidad en Multimedia y Cultura. Apasionada por la radio, la m\u00fasica y la CDMX. Hablo mucho y r\u00edo m\u00e1s, me gusta la cumbia, las chelas y el rock n\u2019 roll.","sameAs":["facebook.com\/ro.garcia23","https:\/\/www.instagram.com\/ch_chioo\/"],"url":"https:\/\/centrourbano.com\/revista\/author\/rocio-garcia\/"}]}},"_links":{"self":[{"href":"https:\/\/centrourbano.com\/revista\/wp-json\/wp\/v2\/posts\/55375","targetHints":{"allow":["GET"]}}],"collection":[{"href":"https:\/\/centrourbano.com\/revista\/wp-json\/wp\/v2\/posts"}],"about":[{"href":"https:\/\/centrourbano.com\/revista\/wp-json\/wp\/v2\/types\/post"}],"author":[{"embeddable":true,"href":"https:\/\/centrourbano.com\/revista\/wp-json\/wp\/v2\/users\/53"}],"replies":[{"embeddable":true,"href":"https:\/\/centrourbano.com\/revista\/wp-json\/wp\/v2\/comments?post=55375"}],"version-history":[{"count":0,"href":"https:\/\/centrourbano.com\/revista\/wp-json\/wp\/v2\/posts\/55375\/revisions"}],"wp:featuredmedia":[{"embeddable":true,"href":"https:\/\/centrourbano.com\/revista\/wp-json\/wp\/v2\/media\/55376"}],"wp:attachment":[{"href":"https:\/\/centrourbano.com\/revista\/wp-json\/wp\/v2\/media?parent=55375"}],"wp:term":[{"taxonomy":"category","embeddable":true,"href":"https:\/\/centrourbano.com\/revista\/wp-json\/wp\/v2\/categories?post=55375"},{"taxonomy":"post_tag","embeddable":true,"href":"https:\/\/centrourbano.com\/revista\/wp-json\/wp\/v2\/tags?post=55375"}],"curies":[{"name":"wp","href":"https:\/\/api.w.org\/{rel}","templated":true}]}}