{"id":55324,"date":"2017-06-26T12:20:25","date_gmt":"2017-06-26T17:20:25","guid":{"rendered":"https:\/\/centrourbano.com\/?p=55324"},"modified":"2017-06-26T12:20:25","modified_gmt":"2017-06-26T17:20:25","slug":"rehabilitan-parque-barranca-chapultepec-morelos","status":"publish","type":"post","link":"https:\/\/centrourbano.com\/revista\/urbanismo\/rehabilitan-parque-barranca-chapultepec-morelos\/","title":{"rendered":"Rehabilitan Parque Barranca Chapultepec en Morelos"},"content":{"rendered":"<p><em>La reapertura de esta \u00e1rea se logr\u00f3 gracias al trabajo coordinado entre gobierno y sociedad civil  <\/em><!--more--><\/p>\n<p>Autoridades del estado de Morelos hicieron entrega simb\u00f3lica del Parque Barranca Chapultepec, \u00e1rea que fue sometida a un proceso de rehabilitaci\u00f3n tras las obras del Paso Express que realiz\u00f3 la Secretar\u00eda de Comunicaciones y Transportes (SCT).<\/p>\n<p>La reapertura del parque se dio gracias al trabajo coordinado de las autoridades estatales con integrantes de la organizaci\u00f3n Consejo C\u00edvico Ciudadano. <\/p>\n<p>Topiltzin Contreras MacBeath reconoci\u00f3 el actuar de la sociedad civil para consolidar obras como estas. Dijo que es fundamental la participaci\u00f3n de la ciudadan\u00eda para conservar los espacios naturales como el Parque Barranca Chapultepec.<\/p>\n<p>Al respecto, el Consejo C\u00edvico Ciudadano encomi\u00f3 la disposici\u00f3n del gobierno estatal para concretar este tipo de acciones y \u201crecuperar espacios emblem\u00e1ticos de Cuernavaca\u201d. <\/p>\n","protected":false},"excerpt":{"rendered":"<p>La reapertura de esta \u00e1rea se logr\u00f3 gracias al trabajo coordinado entre gobierno y sociedad civil<\/p>\n","protected":false},"author":47,"featured_media":55327,"comment_status":"open","ping_status":"closed","sticky":false,"template":"","format":"standard","meta":{"om_disable_all_campaigns":false,"inline_featured_image":false,"_monsterinsights_skip_tracking":false,"_monsterinsights_sitenote_active":false,"_monsterinsights_sitenote_note":"","_monsterinsights_sitenote_category":0,"footnotes":""},"categories":[82],"tags":[295,10333],"class_list":["post-55324","post","type-post","status-publish","format-standard","has-post-thumbnail","hentry","category-urbanismo","tag-morelos","tag-parque-barranca-chapultepec"],"yoast_head":"<!-- This site is optimized with the Yoast SEO plugin v27.4 - https:\/\/yoast.com\/product\/yoast-seo-wordpress\/ -->\n<title>Rehabilitan Parque Barranca Chapultepec en Morelos -<\/title>\n<meta name=\"description\" content=\"Autoridades del estado de Morelos hicieron entrega simb\u00f3lica del Parque Barranca Chapultepec, \u00e1rea que fue sometida a un proceso de rehabilitaci\u00f3n tras las obras del Paso Express que realiz\u00f3 la Secretar\u00eda de Comunicaciones y Transportes (SCT).\" \/>\n<meta name=\"robots\" content=\"index, follow, max-snippet:-1, max-image-preview:large, max-video-preview:-1\" \/>\n<link rel=\"canonical\" href=\"https:\/\/centrourbano.com\/revista\/urbanismo\/rehabilitan-parque-barranca-chapultepec-morelos\/\" \/>\n<meta property=\"og:locale\" content=\"es_ES\" \/>\n<meta property=\"og:type\" content=\"article\" \/>\n<meta property=\"og:title\" content=\"Rehabilitan Parque Barranca Chapultepec en Morelos -\" \/>\n<meta property=\"og:description\" content=\"Autoridades del estado de Morelos hicieron entrega simb\u00f3lica del Parque Barranca Chapultepec, \u00e1rea que fue sometida a un proceso de rehabilitaci\u00f3n tras las obras del Paso Express que realiz\u00f3 la Secretar\u00eda de Comunicaciones y Transportes (SCT).\" \/>\n<meta property=\"og:url\" content=\"https:\/\/centrourbano.com\/revista\/urbanismo\/rehabilitan-parque-barranca-chapultepec-morelos\/\" \/>\n<meta property=\"og:site_name\" content=\"Centro Urbano\" \/>\n<meta property=\"article:publisher\" content=\"https:\/\/www.facebook.com\/portalcentrourbano\" \/>\n<meta property=\"article:published_time\" content=\"2017-06-26T17:20:25+00:00\" \/>\n<meta property=\"og:image\" content=\"https:\/\/centrourbano.com\/revista\/wp-content\/uploads\/Morelos_ParqueChapultepec.jpeg\" \/>\n\t<meta property=\"og:image:width\" content=\"800\" \/>\n\t<meta property=\"og:image:height\" content=\"424\" \/>\n\t<meta property=\"og:image:type\" content=\"image\/jpeg\" \/>\n<meta name=\"author\" content=\"Edgar Rosas\" \/>\n<meta name=\"twitter:card\" content=\"summary_large_image\" \/>\n<meta name=\"twitter:creator\" content=\"@https:\/\/twitter.com\/ERosasCU?s=09\" \/>\n<meta name=\"twitter:site\" content=\"@CentroUrbano\" \/>\n<meta name=\"twitter:label1\" content=\"Escrito por\" \/>\n\t<meta name=\"twitter:data1\" content=\"Edgar Rosas\" \/>\n\t<meta name=\"twitter:label2\" content=\"Tiempo de lectura\" \/>\n\t<meta name=\"twitter:data2\" content=\"1 minuto\" \/>\n<script type=\"application\/ld+json\" class=\"yoast-schema-graph\">{\"@context\":\"https:\\\/\\\/schema.org\",\"@graph\":[{\"@type\":\"Article\",\"@id\":\"https:\\\/\\\/centrourbano.com\\\/revista\\\/urbanismo\\\/rehabilitan-parque-barranca-chapultepec-morelos\\\/#article\",\"isPartOf\":{\"@id\":\"https:\\\/\\\/centrourbano.com\\\/revista\\\/urbanismo\\\/rehabilitan-parque-barranca-chapultepec-morelos\\\/\"},\"author\":{\"name\":\"Edgar Rosas\",\"@id\":\"https:\\\/\\\/centrourbano.com\\\/revista\\\/#\\\/schema\\\/person\\\/ff3c00651ce5b1630479d2cd0c2e3ac0\"},\"headline\":\"Rehabilitan Parque Barranca Chapultepec en Morelos\",\"datePublished\":\"2017-06-26T17:20:25+00:00\",\"mainEntityOfPage\":{\"@id\":\"https:\\\/\\\/centrourbano.com\\\/revista\\\/urbanismo\\\/rehabilitan-parque-barranca-chapultepec-morelos\\\/\"},\"wordCount\":148,\"commentCount\":0,\"publisher\":{\"@id\":\"https:\\\/\\\/centrourbano.com\\\/revista\\\/#organization\"},\"image\":{\"@id\":\"https:\\\/\\\/centrourbano.com\\\/revista\\\/urbanismo\\\/rehabilitan-parque-barranca-chapultepec-morelos\\\/#primaryimage\"},\"thumbnailUrl\":\"https:\\\/\\\/centrourbano.com\\\/revista\\\/wp-content\\\/uploads\\\/Morelos_ParqueChapultepec.jpeg\",\"keywords\":[\"Morelos\",\"Parque Barranca Chapultepec\"],\"articleSection\":[\"Urbanismo\"],\"inLanguage\":\"es\",\"potentialAction\":[{\"@type\":\"CommentAction\",\"name\":\"Comment\",\"target\":[\"https:\\\/\\\/centrourbano.com\\\/revista\\\/urbanismo\\\/rehabilitan-parque-barranca-chapultepec-morelos\\\/#respond\"]}]},{\"@type\":\"WebPage\",\"@id\":\"https:\\\/\\\/centrourbano.com\\\/revista\\\/urbanismo\\\/rehabilitan-parque-barranca-chapultepec-morelos\\\/\",\"url\":\"https:\\\/\\\/centrourbano.com\\\/revista\\\/urbanismo\\\/rehabilitan-parque-barranca-chapultepec-morelos\\\/\",\"name\":\"Rehabilitan Parque Barranca Chapultepec en Morelos -\",\"isPartOf\":{\"@id\":\"https:\\\/\\\/centrourbano.com\\\/revista\\\/#website\"},\"primaryImageOfPage\":{\"@id\":\"https:\\\/\\\/centrourbano.com\\\/revista\\\/urbanismo\\\/rehabilitan-parque-barranca-chapultepec-morelos\\\/#primaryimage\"},\"image\":{\"@id\":\"https:\\\/\\\/centrourbano.com\\\/revista\\\/urbanismo\\\/rehabilitan-parque-barranca-chapultepec-morelos\\\/#primaryimage\"},\"thumbnailUrl\":\"https:\\\/\\\/centrourbano.com\\\/revista\\\/wp-content\\\/uploads\\\/Morelos_ParqueChapultepec.jpeg\",\"datePublished\":\"2017-06-26T17:20:25+00:00\",\"description\":\"Autoridades del estado de Morelos hicieron entrega simb\u00f3lica del Parque Barranca Chapultepec, \u00e1rea que fue sometida a un proceso de rehabilitaci\u00f3n tras las obras del Paso Express que realiz\u00f3 la Secretar\u00eda de Comunicaciones y Transportes (SCT).\",\"breadcrumb\":{\"@id\":\"https:\\\/\\\/centrourbano.com\\\/revista\\\/urbanismo\\\/rehabilitan-parque-barranca-chapultepec-morelos\\\/#breadcrumb\"},\"inLanguage\":\"es\",\"potentialAction\":[{\"@type\":\"ReadAction\",\"target\":[\"https:\\\/\\\/centrourbano.com\\\/revista\\\/urbanismo\\\/rehabilitan-parque-barranca-chapultepec-morelos\\\/\"]}]},{\"@type\":\"ImageObject\",\"inLanguage\":\"es\",\"@id\":\"https:\\\/\\\/centrourbano.com\\\/revista\\\/urbanismo\\\/rehabilitan-parque-barranca-chapultepec-morelos\\\/#primaryimage\",\"url\":\"https:\\\/\\\/centrourbano.com\\\/revista\\\/wp-content\\\/uploads\\\/Morelos_ParqueChapultepec.jpeg\",\"contentUrl\":\"https:\\\/\\\/centrourbano.com\\\/revista\\\/wp-content\\\/uploads\\\/Morelos_ParqueChapultepec.jpeg\",\"width\":800,\"height\":424,\"caption\":\"La reapertura de esta \u00e1rea se logr\u00f3 gracias al trabajo coordinado entre gobierno y sociedad civil\"},{\"@type\":\"BreadcrumbList\",\"@id\":\"https:\\\/\\\/centrourbano.com\\\/revista\\\/urbanismo\\\/rehabilitan-parque-barranca-chapultepec-morelos\\\/#breadcrumb\",\"itemListElement\":[{\"@type\":\"ListItem\",\"position\":1,\"name\":\"Portada\",\"item\":\"https:\\\/\\\/centrourbano.com\\\/revista\\\/\"},{\"@type\":\"ListItem\",\"position\":2,\"name\":\"Rehabilitan Parque Barranca Chapultepec en Morelos\"}]},{\"@type\":\"WebSite\",\"@id\":\"https:\\\/\\\/centrourbano.com\\\/revista\\\/#website\",\"url\":\"https:\\\/\\\/centrourbano.com\\\/revista\\\/\",\"name\":\"Centro Urbano\",\"description\":\"Medio especializado en los sectores vivienda, inmobiliario, construcci\u00f3n, arquitectura y urbanismo.\",\"publisher\":{\"@id\":\"https:\\\/\\\/centrourbano.com\\\/revista\\\/#organization\"},\"potentialAction\":[{\"@type\":\"SearchAction\",\"target\":{\"@type\":\"EntryPoint\",\"urlTemplate\":\"https:\\\/\\\/centrourbano.com\\\/revista\\\/?s={search_term_string}\"},\"query-input\":{\"@type\":\"PropertyValueSpecification\",\"valueRequired\":true,\"valueName\":\"search_term_string\"}}],\"inLanguage\":\"es\"},{\"@type\":\"Organization\",\"@id\":\"https:\\\/\\\/centrourbano.com\\\/revista\\\/#organization\",\"name\":\"Centro Urbano\",\"url\":\"https:\\\/\\\/centrourbano.com\\\/revista\\\/\",\"logo\":{\"@type\":\"ImageObject\",\"inLanguage\":\"es\",\"@id\":\"https:\\\/\\\/centrourbano.com\\\/revista\\\/#\\\/schema\\\/logo\\\/image\\\/\",\"url\":\"https:\\\/\\\/centrourbano.com\\\/revista\\\/wp-content\\\/uploads\\\/web_CU_logo-1.png\",\"contentUrl\":\"https:\\\/\\\/centrourbano.com\\\/revista\\\/wp-content\\\/uploads\\\/web_CU_logo-1.png\",\"width\":350,\"height\":91,\"caption\":\"Centro Urbano\"},\"image\":{\"@id\":\"https:\\\/\\\/centrourbano.com\\\/revista\\\/#\\\/schema\\\/logo\\\/image\\\/\"},\"sameAs\":[\"https:\\\/\\\/www.facebook.com\\\/portalcentrourbano\",\"https:\\\/\\\/x.com\\\/CentroUrbano\",\"https:\\\/\\\/www.instagram.com\\\/centro_urbano\\\/\",\"https:\\\/\\\/www.linkedin.com\\\/company\\\/centro-urbano\\\/\",\"http:\\\/\\\/www.youtube.com\\\/user\\\/portalcentrourbano\"]},{\"@type\":\"Person\",\"@id\":\"https:\\\/\\\/centrourbano.com\\\/revista\\\/#\\\/schema\\\/person\\\/ff3c00651ce5b1630479d2cd0c2e3ac0\",\"name\":\"Edgar Rosas\",\"image\":{\"@type\":\"ImageObject\",\"inLanguage\":\"es\",\"@id\":\"https:\\\/\\\/secure.gravatar.com\\\/avatar\\\/94440c4283495211faa5300bf85e80061036b83fced868c3783aa1310b350d9c?s=96&d=mm&r=g\",\"url\":\"https:\\\/\\\/secure.gravatar.com\\\/avatar\\\/94440c4283495211faa5300bf85e80061036b83fced868c3783aa1310b350d9c?s=96&d=mm&r=g\",\"contentUrl\":\"https:\\\/\\\/secure.gravatar.com\\\/avatar\\\/94440c4283495211faa5300bf85e80061036b83fced868c3783aa1310b350d9c?s=96&d=mm&r=g\",\"caption\":\"Edgar Rosas\"},\"description\":\"Editor en Jefe de Centro Urbano. Egresado de la maestr\u00eda en Periodismo Pol\u00edtico de la Escuela de Periodismo Carlos Septi\u00e9n Garc\u00eda (EPCSG). Estudi\u00f3 la licenciatura en Comunicaci\u00f3n en la Universidad Mexicana. Amante de la cr\u00f3nica y el reportaje. Admirador de Vicente Le\u00f1ero y Miguel \u00c1ngel Granados Chapa.\",\"sameAs\":[\"https:\\\/\\\/x.com\\\/https:\\\/\\\/twitter.com\\\/ERosasCU?s=09\"],\"url\":\"https:\\\/\\\/centrourbano.com\\\/revista\\\/author\\\/edgar-rosas\\\/\"}]}<\/script>\n<!-- \/ Yoast SEO plugin. -->","yoast_head_json":{"title":"Rehabilitan Parque Barranca Chapultepec en Morelos -","description":"Autoridades del estado de Morelos hicieron entrega simb\u00f3lica del Parque Barranca Chapultepec, \u00e1rea que fue sometida a un proceso de rehabilitaci\u00f3n tras las obras del Paso Express que realiz\u00f3 la Secretar\u00eda de Comunicaciones y Transportes (SCT).","robots":{"index":"index","follow":"follow","max-snippet":"max-snippet:-1","max-image-preview":"max-image-preview:large","max-video-preview":"max-video-preview:-1"},"canonical":"https:\/\/centrourbano.com\/revista\/urbanismo\/rehabilitan-parque-barranca-chapultepec-morelos\/","og_locale":"es_ES","og_type":"article","og_title":"Rehabilitan Parque Barranca Chapultepec en Morelos -","og_description":"Autoridades del estado de Morelos hicieron entrega simb\u00f3lica del Parque Barranca Chapultepec, \u00e1rea que fue sometida a un proceso de rehabilitaci\u00f3n tras las obras del Paso Express que realiz\u00f3 la Secretar\u00eda de Comunicaciones y Transportes (SCT).","og_url":"https:\/\/centrourbano.com\/revista\/urbanismo\/rehabilitan-parque-barranca-chapultepec-morelos\/","og_site_name":"Centro Urbano","article_publisher":"https:\/\/www.facebook.com\/portalcentrourbano","article_published_time":"2017-06-26T17:20:25+00:00","og_image":[{"width":800,"height":424,"url":"https:\/\/centrourbano.com\/revista\/wp-content\/uploads\/Morelos_ParqueChapultepec.jpeg","type":"image\/jpeg"}],"author":"Edgar Rosas","twitter_card":"summary_large_image","twitter_creator":"@https:\/\/twitter.com\/ERosasCU?s=09","twitter_site":"@CentroUrbano","twitter_misc":{"Escrito por":"Edgar Rosas","Tiempo de lectura":"1 minuto"},"schema":{"@context":"https:\/\/schema.org","@graph":[{"@type":"Article","@id":"https:\/\/centrourbano.com\/revista\/urbanismo\/rehabilitan-parque-barranca-chapultepec-morelos\/#article","isPartOf":{"@id":"https:\/\/centrourbano.com\/revista\/urbanismo\/rehabilitan-parque-barranca-chapultepec-morelos\/"},"author":{"name":"Edgar Rosas","@id":"https:\/\/centrourbano.com\/revista\/#\/schema\/person\/ff3c00651ce5b1630479d2cd0c2e3ac0"},"headline":"Rehabilitan Parque Barranca Chapultepec en Morelos","datePublished":"2017-06-26T17:20:25+00:00","mainEntityOfPage":{"@id":"https:\/\/centrourbano.com\/revista\/urbanismo\/rehabilitan-parque-barranca-chapultepec-morelos\/"},"wordCount":148,"commentCount":0,"publisher":{"@id":"https:\/\/centrourbano.com\/revista\/#organization"},"image":{"@id":"https:\/\/centrourbano.com\/revista\/urbanismo\/rehabilitan-parque-barranca-chapultepec-morelos\/#primaryimage"},"thumbnailUrl":"https:\/\/centrourbano.com\/revista\/wp-content\/uploads\/Morelos_ParqueChapultepec.jpeg","keywords":["Morelos","Parque Barranca Chapultepec"],"articleSection":["Urbanismo"],"inLanguage":"es","potentialAction":[{"@type":"CommentAction","name":"Comment","target":["https:\/\/centrourbano.com\/revista\/urbanismo\/rehabilitan-parque-barranca-chapultepec-morelos\/#respond"]}]},{"@type":"WebPage","@id":"https:\/\/centrourbano.com\/revista\/urbanismo\/rehabilitan-parque-barranca-chapultepec-morelos\/","url":"https:\/\/centrourbano.com\/revista\/urbanismo\/rehabilitan-parque-barranca-chapultepec-morelos\/","name":"Rehabilitan Parque Barranca Chapultepec en Morelos -","isPartOf":{"@id":"https:\/\/centrourbano.com\/revista\/#website"},"primaryImageOfPage":{"@id":"https:\/\/centrourbano.com\/revista\/urbanismo\/rehabilitan-parque-barranca-chapultepec-morelos\/#primaryimage"},"image":{"@id":"https:\/\/centrourbano.com\/revista\/urbanismo\/rehabilitan-parque-barranca-chapultepec-morelos\/#primaryimage"},"thumbnailUrl":"https:\/\/centrourbano.com\/revista\/wp-content\/uploads\/Morelos_ParqueChapultepec.jpeg","datePublished":"2017-06-26T17:20:25+00:00","description":"Autoridades del estado de Morelos hicieron entrega simb\u00f3lica del Parque Barranca Chapultepec, \u00e1rea que fue sometida a un proceso de rehabilitaci\u00f3n tras las obras del Paso Express que realiz\u00f3 la Secretar\u00eda de Comunicaciones y Transportes (SCT).","breadcrumb":{"@id":"https:\/\/centrourbano.com\/revista\/urbanismo\/rehabilitan-parque-barranca-chapultepec-morelos\/#breadcrumb"},"inLanguage":"es","potentialAction":[{"@type":"ReadAction","target":["https:\/\/centrourbano.com\/revista\/urbanismo\/rehabilitan-parque-barranca-chapultepec-morelos\/"]}]},{"@type":"ImageObject","inLanguage":"es","@id":"https:\/\/centrourbano.com\/revista\/urbanismo\/rehabilitan-parque-barranca-chapultepec-morelos\/#primaryimage","url":"https:\/\/centrourbano.com\/revista\/wp-content\/uploads\/Morelos_ParqueChapultepec.jpeg","contentUrl":"https:\/\/centrourbano.com\/revista\/wp-content\/uploads\/Morelos_ParqueChapultepec.jpeg","width":800,"height":424,"caption":"La reapertura de esta \u00e1rea se logr\u00f3 gracias al trabajo coordinado entre gobierno y sociedad civil"},{"@type":"BreadcrumbList","@id":"https:\/\/centrourbano.com\/revista\/urbanismo\/rehabilitan-parque-barranca-chapultepec-morelos\/#breadcrumb","itemListElement":[{"@type":"ListItem","position":1,"name":"Portada","item":"https:\/\/centrourbano.com\/revista\/"},{"@type":"ListItem","position":2,"name":"Rehabilitan Parque Barranca Chapultepec en Morelos"}]},{"@type":"WebSite","@id":"https:\/\/centrourbano.com\/revista\/#website","url":"https:\/\/centrourbano.com\/revista\/","name":"Centro Urbano","description":"Medio especializado en los sectores vivienda, inmobiliario, construcci\u00f3n, arquitectura y urbanismo.","publisher":{"@id":"https:\/\/centrourbano.com\/revista\/#organization"},"potentialAction":[{"@type":"SearchAction","target":{"@type":"EntryPoint","urlTemplate":"https:\/\/centrourbano.com\/revista\/?s={search_term_string}"},"query-input":{"@type":"PropertyValueSpecification","valueRequired":true,"valueName":"search_term_string"}}],"inLanguage":"es"},{"@type":"Organization","@id":"https:\/\/centrourbano.com\/revista\/#organization","name":"Centro Urbano","url":"https:\/\/centrourbano.com\/revista\/","logo":{"@type":"ImageObject","inLanguage":"es","@id":"https:\/\/centrourbano.com\/revista\/#\/schema\/logo\/image\/","url":"https:\/\/centrourbano.com\/revista\/wp-content\/uploads\/web_CU_logo-1.png","contentUrl":"https:\/\/centrourbano.com\/revista\/wp-content\/uploads\/web_CU_logo-1.png","width":350,"height":91,"caption":"Centro Urbano"},"image":{"@id":"https:\/\/centrourbano.com\/revista\/#\/schema\/logo\/image\/"},"sameAs":["https:\/\/www.facebook.com\/portalcentrourbano","https:\/\/x.com\/CentroUrbano","https:\/\/www.instagram.com\/centro_urbano\/","https:\/\/www.linkedin.com\/company\/centro-urbano\/","http:\/\/www.youtube.com\/user\/portalcentrourbano"]},{"@type":"Person","@id":"https:\/\/centrourbano.com\/revista\/#\/schema\/person\/ff3c00651ce5b1630479d2cd0c2e3ac0","name":"Edgar Rosas","image":{"@type":"ImageObject","inLanguage":"es","@id":"https:\/\/secure.gravatar.com\/avatar\/94440c4283495211faa5300bf85e80061036b83fced868c3783aa1310b350d9c?s=96&d=mm&r=g","url":"https:\/\/secure.gravatar.com\/avatar\/94440c4283495211faa5300bf85e80061036b83fced868c3783aa1310b350d9c?s=96&d=mm&r=g","contentUrl":"https:\/\/secure.gravatar.com\/avatar\/94440c4283495211faa5300bf85e80061036b83fced868c3783aa1310b350d9c?s=96&d=mm&r=g","caption":"Edgar Rosas"},"description":"Editor en Jefe de Centro Urbano. Egresado de la maestr\u00eda en Periodismo Pol\u00edtico de la Escuela de Periodismo Carlos Septi\u00e9n Garc\u00eda (EPCSG). Estudi\u00f3 la licenciatura en Comunicaci\u00f3n en la Universidad Mexicana. Amante de la cr\u00f3nica y el reportaje. Admirador de Vicente Le\u00f1ero y Miguel \u00c1ngel Granados Chapa.","sameAs":["https:\/\/x.com\/https:\/\/twitter.com\/ERosasCU?s=09"],"url":"https:\/\/centrourbano.com\/revista\/author\/edgar-rosas\/"}]}},"_links":{"self":[{"href":"https:\/\/centrourbano.com\/revista\/wp-json\/wp\/v2\/posts\/55324","targetHints":{"allow":["GET"]}}],"collection":[{"href":"https:\/\/centrourbano.com\/revista\/wp-json\/wp\/v2\/posts"}],"about":[{"href":"https:\/\/centrourbano.com\/revista\/wp-json\/wp\/v2\/types\/post"}],"author":[{"embeddable":true,"href":"https:\/\/centrourbano.com\/revista\/wp-json\/wp\/v2\/users\/47"}],"replies":[{"embeddable":true,"href":"https:\/\/centrourbano.com\/revista\/wp-json\/wp\/v2\/comments?post=55324"}],"version-history":[{"count":0,"href":"https:\/\/centrourbano.com\/revista\/wp-json\/wp\/v2\/posts\/55324\/revisions"}],"wp:featuredmedia":[{"embeddable":true,"href":"https:\/\/centrourbano.com\/revista\/wp-json\/wp\/v2\/media\/55327"}],"wp:attachment":[{"href":"https:\/\/centrourbano.com\/revista\/wp-json\/wp\/v2\/media?parent=55324"}],"wp:term":[{"taxonomy":"category","embeddable":true,"href":"https:\/\/centrourbano.com\/revista\/wp-json\/wp\/v2\/categories?post=55324"},{"taxonomy":"post_tag","embeddable":true,"href":"https:\/\/centrourbano.com\/revista\/wp-json\/wp\/v2\/tags?post=55324"}],"curies":[{"name":"wp","href":"https:\/\/api.w.org\/{rel}","templated":true}]}}