{"id":55275,"date":"2017-06-23T16:23:21","date_gmt":"2017-06-23T21:23:21","guid":{"rendered":"https:\/\/centrourbano.com\/?p=55275"},"modified":"2017-06-23T16:23:21","modified_gmt":"2017-06-23T21:23:21","slug":"restauraran-museo-arqueologia-del-occidente-mexico","status":"publish","type":"post","link":"https:\/\/centrourbano.com\/revista\/arquitectura-2\/restauraran-museo-arqueologia-del-occidente-mexico\/","title":{"rendered":"Restaurar\u00e1n el Museo de Arqueolog\u00eda del Occidente de M\u00e9xico"},"content":{"rendered":"<p><em>La inversi\u00f3n de un mill\u00f3n de pesos contempla trabajos de aplanados, pintura, ba\u00f1os, el banquet\u00f3n exterior y la estanter\u00eda de madera<\/em><!--more--><\/p>\n<p>La Secretar\u00eda de Cultura de Jalisco (SC) dio a conocer que el pr\u00f3ximo 28 de junio dar\u00e1n inicio las obras de restauraci\u00f3n y adecuaci\u00f3n del Museo de Arqueolog\u00eda del Occidente de M\u00e9xico \u201cParres Arias\u201d.<\/p>\n<p>Este espacio, que estuvo inutilizado desde el 2010 debido a que sufri\u00f3 da\u00f1os estructurales a causa de la ca\u00edda de un \u00e1rbol, requerir\u00e1 de una inversi\u00f3n de 1,000,000 de pesos.<\/p>\n<p>Dichos recursos, servir\u00e1n para dejarlo totalmente restaurado con los trabajos de aplanados, pintura, ba\u00f1os, el banquet\u00f3n exterior y la estanter\u00eda de madera para la exhibici\u00f3n de piezas.<\/p>\n<p>Cabe destacar que en 2014 se realiz\u00f3 una inversi\u00f3n de 784,000 pesos para sustituir la b\u00f3veda, reforzar la estructura y terminar la impermeabilizaci\u00f3n del inmueble.<\/p>\n<p>As\u00ed lo indic\u00f3 Tom\u00e1s Orendain Verduzco, director general de Patrimonio Cultural de la SC, quien adem\u00e1s destac\u00f3 que con la apertura de este museo sumar\u00e1n a un corredor cultural que viene de la conexi\u00f3n entre los teatros Experimental, del IMSS, el Parque Agua Azul, la Concha (Ac\u00fastica), la Casa de Cultura, la Galer\u00eda Juan Soriano y este museo.<\/p>\n<p>Los trabajos estructurales tendr\u00e1n una duraci\u00f3n aproximada de ocho semanas y una vez terminado se comenzar\u00e1 con el montaje del museo el cual pretende abrir sus puertas en el mes de diciembre de 2017.<\/p>\n<p>En cuanto al guion museol\u00f3gico Joao Rodr\u00edguez, director de Museos y Exposiciones de la SC, el funcionario adelant\u00f3 que se enfocar\u00e1 m\u00e1s al estilo de vida usos y costumbres.<\/p>\n<p>En el museo se exhibir\u00e1n 300 piezas de la colecci\u00f3n Parres Arias, la cual fue catalogada por personal de SC en los \u00faltimos dos a\u00f1os ya que s\u00f3lo exist\u00eda un inventario que no conten\u00eda la descripci\u00f3n de cada una.<\/p>\n","protected":false},"excerpt":{"rendered":"<p>La inversi\u00f3n de un mill\u00f3n de pesos contempla trabajos de aplanados, pintura, ba\u00f1os, el banquet\u00f3n exterior y la estanter\u00eda de madera<\/p>\n","protected":false},"author":9,"featured_media":55276,"comment_status":"open","ping_status":"closed","sticky":false,"template":"","format":"standard","meta":{"om_disable_all_campaigns":false,"inline_featured_image":false,"_monsterinsights_skip_tracking":false,"_monsterinsights_sitenote_active":false,"_monsterinsights_sitenote_note":"","_monsterinsights_sitenote_category":0,"footnotes":""},"categories":[81],"tags":[2043,48,3449,10325],"class_list":["post-55275","post","type-post","status-publish","format-standard","has-post-thumbnail","hentry","category-arquitectura-2","tag-cultura","tag-jalisco","tag-museo","tag-museo-de-arqueologia-del-occidente-de-mexico"],"yoast_head":"<!-- This site is optimized with the Yoast SEO plugin v27.4 - https:\/\/yoast.com\/product\/yoast-seo-wordpress\/ -->\n<title>Restaurar\u00e1n el Museo de Arqueolog\u00eda del Occidente de M\u00e9xico<\/title>\n<meta name=\"description\" content=\"La inversi\u00f3n de un mill\u00f3n de pesos contempla trabajos de aplanados, pintura, ba\u00f1os, el banquet\u00f3n exterior y la estanter\u00eda de madera\" \/>\n<meta name=\"robots\" content=\"index, follow, max-snippet:-1, max-image-preview:large, max-video-preview:-1\" \/>\n<link rel=\"canonical\" href=\"https:\/\/centrourbano.com\/revista\/arquitectura-2\/restauraran-museo-arqueologia-del-occidente-mexico\/\" \/>\n<meta property=\"og:locale\" content=\"es_ES\" \/>\n<meta property=\"og:type\" content=\"article\" \/>\n<meta property=\"og:title\" content=\"Restaurar\u00e1n el Museo de Arqueolog\u00eda del Occidente de M\u00e9xico\" \/>\n<meta property=\"og:description\" content=\"La inversi\u00f3n de un mill\u00f3n de pesos contempla trabajos de aplanados, pintura, ba\u00f1os, el banquet\u00f3n exterior y la estanter\u00eda de madera\" \/>\n<meta property=\"og:url\" content=\"https:\/\/centrourbano.com\/revista\/arquitectura-2\/restauraran-museo-arqueologia-del-occidente-mexico\/\" \/>\n<meta property=\"og:site_name\" content=\"Centro Urbano\" \/>\n<meta property=\"article:publisher\" content=\"https:\/\/www.facebook.com\/portalcentrourbano\" \/>\n<meta property=\"article:published_time\" content=\"2017-06-23T21:23:21+00:00\" \/>\n<meta property=\"og:image\" content=\"https:\/\/centrourbano.com\/revista\/wp-content\/uploads\/Restaurara\u0301n-el-Museo-de-Arqueologi\u0301a-del-Occidente-de-Me\u0301xico-.jpg\" \/>\n\t<meta property=\"og:image:width\" content=\"700\" \/>\n\t<meta property=\"og:image:height\" content=\"467\" \/>\n\t<meta property=\"og:image:type\" content=\"image\/jpeg\" \/>\n<meta name=\"author\" content=\"Dinorah Nava\" \/>\n<meta name=\"twitter:card\" content=\"summary_large_image\" \/>\n<meta name=\"twitter:creator\" content=\"@https:\/\/twitter.com\/Dinorah_Nava28\" \/>\n<meta name=\"twitter:site\" content=\"@CentroUrbano\" \/>\n<meta name=\"twitter:label1\" content=\"Escrito por\" \/>\n\t<meta name=\"twitter:data1\" content=\"Dinorah Nava\" \/>\n\t<meta name=\"twitter:label2\" content=\"Tiempo de lectura\" \/>\n\t<meta name=\"twitter:data2\" content=\"2 minutos\" \/>\n<script type=\"application\/ld+json\" class=\"yoast-schema-graph\">{\"@context\":\"https:\\\/\\\/schema.org\",\"@graph\":[{\"@type\":\"Article\",\"@id\":\"https:\\\/\\\/centrourbano.com\\\/revista\\\/arquitectura-2\\\/restauraran-museo-arqueologia-del-occidente-mexico\\\/#article\",\"isPartOf\":{\"@id\":\"https:\\\/\\\/centrourbano.com\\\/revista\\\/arquitectura-2\\\/restauraran-museo-arqueologia-del-occidente-mexico\\\/\"},\"author\":{\"name\":\"Dinorah Nava\",\"@id\":\"https:\\\/\\\/centrourbano.com\\\/revista\\\/#\\\/schema\\\/person\\\/b45db815d96831257ba428a3d5a5fbdc\"},\"headline\":\"Restaurar\u00e1n el Museo de Arqueolog\u00eda del Occidente de M\u00e9xico\",\"datePublished\":\"2017-06-23T21:23:21+00:00\",\"mainEntityOfPage\":{\"@id\":\"https:\\\/\\\/centrourbano.com\\\/revista\\\/arquitectura-2\\\/restauraran-museo-arqueologia-del-occidente-mexico\\\/\"},\"wordCount\":343,\"commentCount\":0,\"publisher\":{\"@id\":\"https:\\\/\\\/centrourbano.com\\\/revista\\\/#organization\"},\"image\":{\"@id\":\"https:\\\/\\\/centrourbano.com\\\/revista\\\/arquitectura-2\\\/restauraran-museo-arqueologia-del-occidente-mexico\\\/#primaryimage\"},\"thumbnailUrl\":\"https:\\\/\\\/centrourbano.com\\\/revista\\\/wp-content\\\/uploads\\\/Restaurara\u0301n-el-Museo-de-Arqueologi\u0301a-del-Occidente-de-Me\u0301xico-.jpg\",\"keywords\":[\"Cultura\",\"Jalisco\",\"museo\",\"Museo de Arqueolog\u00eda del Occidente de M\u00e9xico\"],\"articleSection\":[\"Arquitectura\"],\"inLanguage\":\"es\",\"potentialAction\":[{\"@type\":\"CommentAction\",\"name\":\"Comment\",\"target\":[\"https:\\\/\\\/centrourbano.com\\\/revista\\\/arquitectura-2\\\/restauraran-museo-arqueologia-del-occidente-mexico\\\/#respond\"]}]},{\"@type\":\"WebPage\",\"@id\":\"https:\\\/\\\/centrourbano.com\\\/revista\\\/arquitectura-2\\\/restauraran-museo-arqueologia-del-occidente-mexico\\\/\",\"url\":\"https:\\\/\\\/centrourbano.com\\\/revista\\\/arquitectura-2\\\/restauraran-museo-arqueologia-del-occidente-mexico\\\/\",\"name\":\"Restaurar\u00e1n el Museo de Arqueolog\u00eda del Occidente de M\u00e9xico\",\"isPartOf\":{\"@id\":\"https:\\\/\\\/centrourbano.com\\\/revista\\\/#website\"},\"primaryImageOfPage\":{\"@id\":\"https:\\\/\\\/centrourbano.com\\\/revista\\\/arquitectura-2\\\/restauraran-museo-arqueologia-del-occidente-mexico\\\/#primaryimage\"},\"image\":{\"@id\":\"https:\\\/\\\/centrourbano.com\\\/revista\\\/arquitectura-2\\\/restauraran-museo-arqueologia-del-occidente-mexico\\\/#primaryimage\"},\"thumbnailUrl\":\"https:\\\/\\\/centrourbano.com\\\/revista\\\/wp-content\\\/uploads\\\/Restaurara\u0301n-el-Museo-de-Arqueologi\u0301a-del-Occidente-de-Me\u0301xico-.jpg\",\"datePublished\":\"2017-06-23T21:23:21+00:00\",\"description\":\"La inversi\u00f3n de un mill\u00f3n de pesos contempla trabajos de aplanados, pintura, ba\u00f1os, el banquet\u00f3n exterior y la estanter\u00eda de madera\",\"breadcrumb\":{\"@id\":\"https:\\\/\\\/centrourbano.com\\\/revista\\\/arquitectura-2\\\/restauraran-museo-arqueologia-del-occidente-mexico\\\/#breadcrumb\"},\"inLanguage\":\"es\",\"potentialAction\":[{\"@type\":\"ReadAction\",\"target\":[\"https:\\\/\\\/centrourbano.com\\\/revista\\\/arquitectura-2\\\/restauraran-museo-arqueologia-del-occidente-mexico\\\/\"]}]},{\"@type\":\"ImageObject\",\"inLanguage\":\"es\",\"@id\":\"https:\\\/\\\/centrourbano.com\\\/revista\\\/arquitectura-2\\\/restauraran-museo-arqueologia-del-occidente-mexico\\\/#primaryimage\",\"url\":\"https:\\\/\\\/centrourbano.com\\\/revista\\\/wp-content\\\/uploads\\\/Restaurara\u0301n-el-Museo-de-Arqueologi\u0301a-del-Occidente-de-Me\u0301xico-.jpg\",\"contentUrl\":\"https:\\\/\\\/centrourbano.com\\\/revista\\\/wp-content\\\/uploads\\\/Restaurara\u0301n-el-Museo-de-Arqueologi\u0301a-del-Occidente-de-Me\u0301xico-.jpg\",\"width\":700,\"height\":467,\"caption\":\"La inversi\u00f3n de un mill\u00f3n de pesos contempla trabajos de aplanados, pintura, ba\u00f1os, el banquet\u00f3n exterior y la estanter\u00eda de madera\"},{\"@type\":\"BreadcrumbList\",\"@id\":\"https:\\\/\\\/centrourbano.com\\\/revista\\\/arquitectura-2\\\/restauraran-museo-arqueologia-del-occidente-mexico\\\/#breadcrumb\",\"itemListElement\":[{\"@type\":\"ListItem\",\"position\":1,\"name\":\"Portada\",\"item\":\"https:\\\/\\\/centrourbano.com\\\/revista\\\/\"},{\"@type\":\"ListItem\",\"position\":2,\"name\":\"Restaurar\u00e1n el Museo de Arqueolog\u00eda del Occidente de M\u00e9xico\"}]},{\"@type\":\"WebSite\",\"@id\":\"https:\\\/\\\/centrourbano.com\\\/revista\\\/#website\",\"url\":\"https:\\\/\\\/centrourbano.com\\\/revista\\\/\",\"name\":\"Centro Urbano\",\"description\":\"Medio especializado en los sectores vivienda, inmobiliario, construcci\u00f3n, arquitectura y urbanismo.\",\"publisher\":{\"@id\":\"https:\\\/\\\/centrourbano.com\\\/revista\\\/#organization\"},\"potentialAction\":[{\"@type\":\"SearchAction\",\"target\":{\"@type\":\"EntryPoint\",\"urlTemplate\":\"https:\\\/\\\/centrourbano.com\\\/revista\\\/?s={search_term_string}\"},\"query-input\":{\"@type\":\"PropertyValueSpecification\",\"valueRequired\":true,\"valueName\":\"search_term_string\"}}],\"inLanguage\":\"es\"},{\"@type\":\"Organization\",\"@id\":\"https:\\\/\\\/centrourbano.com\\\/revista\\\/#organization\",\"name\":\"Centro Urbano\",\"url\":\"https:\\\/\\\/centrourbano.com\\\/revista\\\/\",\"logo\":{\"@type\":\"ImageObject\",\"inLanguage\":\"es\",\"@id\":\"https:\\\/\\\/centrourbano.com\\\/revista\\\/#\\\/schema\\\/logo\\\/image\\\/\",\"url\":\"https:\\\/\\\/centrourbano.com\\\/revista\\\/wp-content\\\/uploads\\\/web_CU_logo-1.png\",\"contentUrl\":\"https:\\\/\\\/centrourbano.com\\\/revista\\\/wp-content\\\/uploads\\\/web_CU_logo-1.png\",\"width\":350,\"height\":91,\"caption\":\"Centro Urbano\"},\"image\":{\"@id\":\"https:\\\/\\\/centrourbano.com\\\/revista\\\/#\\\/schema\\\/logo\\\/image\\\/\"},\"sameAs\":[\"https:\\\/\\\/www.facebook.com\\\/portalcentrourbano\",\"https:\\\/\\\/x.com\\\/CentroUrbano\",\"https:\\\/\\\/www.instagram.com\\\/centro_urbano\\\/\",\"https:\\\/\\\/www.linkedin.com\\\/company\\\/centro-urbano\\\/\",\"http:\\\/\\\/www.youtube.com\\\/user\\\/portalcentrourbano\"]},{\"@type\":\"Person\",\"@id\":\"https:\\\/\\\/centrourbano.com\\\/revista\\\/#\\\/schema\\\/person\\\/b45db815d96831257ba428a3d5a5fbdc\",\"name\":\"Dinorah Nava\",\"image\":{\"@type\":\"ImageObject\",\"inLanguage\":\"es\",\"@id\":\"https:\\\/\\\/secure.gravatar.com\\\/avatar\\\/f6ca6430c51d147f363940f84e1225aa4b8183885c11802cc3b042305a4ecc1a?s=96&d=mm&r=g\",\"url\":\"https:\\\/\\\/secure.gravatar.com\\\/avatar\\\/f6ca6430c51d147f363940f84e1225aa4b8183885c11802cc3b042305a4ecc1a?s=96&d=mm&r=g\",\"contentUrl\":\"https:\\\/\\\/secure.gravatar.com\\\/avatar\\\/f6ca6430c51d147f363940f84e1225aa4b8183885c11802cc3b042305a4ecc1a?s=96&d=mm&r=g\",\"caption\":\"Dinorah Nava\"},\"description\":\"Editora de Contenidos y Estrategias Digitales en Centro Urbano y Coeditora en Peri\u00f3dico Mi Casa. Egresada de la licenciatura en Comunicaci\u00f3n y Periodismo de la Facultad de Estudios Superiores Arag\u00f3n (UNAM). Amante de la edici\u00f3n y correcci\u00f3n de estilo, las redes sociales y el mundo digital. Especialista en temas son arquitectura, inmobiliario y urbanismo.\",\"sameAs\":[\"linkedin.com\\\/in\\\/dinorah-nava\",\"https:\\\/\\\/x.com\\\/https:\\\/\\\/twitter.com\\\/Dinorah_Nava28\"],\"url\":\"https:\\\/\\\/centrourbano.com\\\/revista\\\/author\\\/dinorah-nava\\\/\"}]}<\/script>\n<!-- \/ Yoast SEO plugin. -->","yoast_head_json":{"title":"Restaurar\u00e1n el Museo de Arqueolog\u00eda del Occidente de M\u00e9xico","description":"La inversi\u00f3n de un mill\u00f3n de pesos contempla trabajos de aplanados, pintura, ba\u00f1os, el banquet\u00f3n exterior y la estanter\u00eda de madera","robots":{"index":"index","follow":"follow","max-snippet":"max-snippet:-1","max-image-preview":"max-image-preview:large","max-video-preview":"max-video-preview:-1"},"canonical":"https:\/\/centrourbano.com\/revista\/arquitectura-2\/restauraran-museo-arqueologia-del-occidente-mexico\/","og_locale":"es_ES","og_type":"article","og_title":"Restaurar\u00e1n el Museo de Arqueolog\u00eda del Occidente de M\u00e9xico","og_description":"La inversi\u00f3n de un mill\u00f3n de pesos contempla trabajos de aplanados, pintura, ba\u00f1os, el banquet\u00f3n exterior y la estanter\u00eda de madera","og_url":"https:\/\/centrourbano.com\/revista\/arquitectura-2\/restauraran-museo-arqueologia-del-occidente-mexico\/","og_site_name":"Centro Urbano","article_publisher":"https:\/\/www.facebook.com\/portalcentrourbano","article_published_time":"2017-06-23T21:23:21+00:00","og_image":[{"width":700,"height":467,"url":"https:\/\/centrourbano.com\/revista\/wp-content\/uploads\/Restaurara\u0301n-el-Museo-de-Arqueologi\u0301a-del-Occidente-de-Me\u0301xico-.jpg","type":"image\/jpeg"}],"author":"Dinorah Nava","twitter_card":"summary_large_image","twitter_creator":"@https:\/\/twitter.com\/Dinorah_Nava28","twitter_site":"@CentroUrbano","twitter_misc":{"Escrito por":"Dinorah Nava","Tiempo de lectura":"2 minutos"},"schema":{"@context":"https:\/\/schema.org","@graph":[{"@type":"Article","@id":"https:\/\/centrourbano.com\/revista\/arquitectura-2\/restauraran-museo-arqueologia-del-occidente-mexico\/#article","isPartOf":{"@id":"https:\/\/centrourbano.com\/revista\/arquitectura-2\/restauraran-museo-arqueologia-del-occidente-mexico\/"},"author":{"name":"Dinorah Nava","@id":"https:\/\/centrourbano.com\/revista\/#\/schema\/person\/b45db815d96831257ba428a3d5a5fbdc"},"headline":"Restaurar\u00e1n el Museo de Arqueolog\u00eda del Occidente de M\u00e9xico","datePublished":"2017-06-23T21:23:21+00:00","mainEntityOfPage":{"@id":"https:\/\/centrourbano.com\/revista\/arquitectura-2\/restauraran-museo-arqueologia-del-occidente-mexico\/"},"wordCount":343,"commentCount":0,"publisher":{"@id":"https:\/\/centrourbano.com\/revista\/#organization"},"image":{"@id":"https:\/\/centrourbano.com\/revista\/arquitectura-2\/restauraran-museo-arqueologia-del-occidente-mexico\/#primaryimage"},"thumbnailUrl":"https:\/\/centrourbano.com\/revista\/wp-content\/uploads\/Restaurara\u0301n-el-Museo-de-Arqueologi\u0301a-del-Occidente-de-Me\u0301xico-.jpg","keywords":["Cultura","Jalisco","museo","Museo de Arqueolog\u00eda del Occidente de M\u00e9xico"],"articleSection":["Arquitectura"],"inLanguage":"es","potentialAction":[{"@type":"CommentAction","name":"Comment","target":["https:\/\/centrourbano.com\/revista\/arquitectura-2\/restauraran-museo-arqueologia-del-occidente-mexico\/#respond"]}]},{"@type":"WebPage","@id":"https:\/\/centrourbano.com\/revista\/arquitectura-2\/restauraran-museo-arqueologia-del-occidente-mexico\/","url":"https:\/\/centrourbano.com\/revista\/arquitectura-2\/restauraran-museo-arqueologia-del-occidente-mexico\/","name":"Restaurar\u00e1n el Museo de Arqueolog\u00eda del Occidente de M\u00e9xico","isPartOf":{"@id":"https:\/\/centrourbano.com\/revista\/#website"},"primaryImageOfPage":{"@id":"https:\/\/centrourbano.com\/revista\/arquitectura-2\/restauraran-museo-arqueologia-del-occidente-mexico\/#primaryimage"},"image":{"@id":"https:\/\/centrourbano.com\/revista\/arquitectura-2\/restauraran-museo-arqueologia-del-occidente-mexico\/#primaryimage"},"thumbnailUrl":"https:\/\/centrourbano.com\/revista\/wp-content\/uploads\/Restaurara\u0301n-el-Museo-de-Arqueologi\u0301a-del-Occidente-de-Me\u0301xico-.jpg","datePublished":"2017-06-23T21:23:21+00:00","description":"La inversi\u00f3n de un mill\u00f3n de pesos contempla trabajos de aplanados, pintura, ba\u00f1os, el banquet\u00f3n exterior y la estanter\u00eda de madera","breadcrumb":{"@id":"https:\/\/centrourbano.com\/revista\/arquitectura-2\/restauraran-museo-arqueologia-del-occidente-mexico\/#breadcrumb"},"inLanguage":"es","potentialAction":[{"@type":"ReadAction","target":["https:\/\/centrourbano.com\/revista\/arquitectura-2\/restauraran-museo-arqueologia-del-occidente-mexico\/"]}]},{"@type":"ImageObject","inLanguage":"es","@id":"https:\/\/centrourbano.com\/revista\/arquitectura-2\/restauraran-museo-arqueologia-del-occidente-mexico\/#primaryimage","url":"https:\/\/centrourbano.com\/revista\/wp-content\/uploads\/Restaurara\u0301n-el-Museo-de-Arqueologi\u0301a-del-Occidente-de-Me\u0301xico-.jpg","contentUrl":"https:\/\/centrourbano.com\/revista\/wp-content\/uploads\/Restaurara\u0301n-el-Museo-de-Arqueologi\u0301a-del-Occidente-de-Me\u0301xico-.jpg","width":700,"height":467,"caption":"La inversi\u00f3n de un mill\u00f3n de pesos contempla trabajos de aplanados, pintura, ba\u00f1os, el banquet\u00f3n exterior y la estanter\u00eda de madera"},{"@type":"BreadcrumbList","@id":"https:\/\/centrourbano.com\/revista\/arquitectura-2\/restauraran-museo-arqueologia-del-occidente-mexico\/#breadcrumb","itemListElement":[{"@type":"ListItem","position":1,"name":"Portada","item":"https:\/\/centrourbano.com\/revista\/"},{"@type":"ListItem","position":2,"name":"Restaurar\u00e1n el Museo de Arqueolog\u00eda del Occidente de M\u00e9xico"}]},{"@type":"WebSite","@id":"https:\/\/centrourbano.com\/revista\/#website","url":"https:\/\/centrourbano.com\/revista\/","name":"Centro Urbano","description":"Medio especializado en los sectores vivienda, inmobiliario, construcci\u00f3n, arquitectura y urbanismo.","publisher":{"@id":"https:\/\/centrourbano.com\/revista\/#organization"},"potentialAction":[{"@type":"SearchAction","target":{"@type":"EntryPoint","urlTemplate":"https:\/\/centrourbano.com\/revista\/?s={search_term_string}"},"query-input":{"@type":"PropertyValueSpecification","valueRequired":true,"valueName":"search_term_string"}}],"inLanguage":"es"},{"@type":"Organization","@id":"https:\/\/centrourbano.com\/revista\/#organization","name":"Centro Urbano","url":"https:\/\/centrourbano.com\/revista\/","logo":{"@type":"ImageObject","inLanguage":"es","@id":"https:\/\/centrourbano.com\/revista\/#\/schema\/logo\/image\/","url":"https:\/\/centrourbano.com\/revista\/wp-content\/uploads\/web_CU_logo-1.png","contentUrl":"https:\/\/centrourbano.com\/revista\/wp-content\/uploads\/web_CU_logo-1.png","width":350,"height":91,"caption":"Centro Urbano"},"image":{"@id":"https:\/\/centrourbano.com\/revista\/#\/schema\/logo\/image\/"},"sameAs":["https:\/\/www.facebook.com\/portalcentrourbano","https:\/\/x.com\/CentroUrbano","https:\/\/www.instagram.com\/centro_urbano\/","https:\/\/www.linkedin.com\/company\/centro-urbano\/","http:\/\/www.youtube.com\/user\/portalcentrourbano"]},{"@type":"Person","@id":"https:\/\/centrourbano.com\/revista\/#\/schema\/person\/b45db815d96831257ba428a3d5a5fbdc","name":"Dinorah Nava","image":{"@type":"ImageObject","inLanguage":"es","@id":"https:\/\/secure.gravatar.com\/avatar\/f6ca6430c51d147f363940f84e1225aa4b8183885c11802cc3b042305a4ecc1a?s=96&d=mm&r=g","url":"https:\/\/secure.gravatar.com\/avatar\/f6ca6430c51d147f363940f84e1225aa4b8183885c11802cc3b042305a4ecc1a?s=96&d=mm&r=g","contentUrl":"https:\/\/secure.gravatar.com\/avatar\/f6ca6430c51d147f363940f84e1225aa4b8183885c11802cc3b042305a4ecc1a?s=96&d=mm&r=g","caption":"Dinorah Nava"},"description":"Editora de Contenidos y Estrategias Digitales en Centro Urbano y Coeditora en Peri\u00f3dico Mi Casa. Egresada de la licenciatura en Comunicaci\u00f3n y Periodismo de la Facultad de Estudios Superiores Arag\u00f3n (UNAM). Amante de la edici\u00f3n y correcci\u00f3n de estilo, las redes sociales y el mundo digital. Especialista en temas son arquitectura, inmobiliario y urbanismo.","sameAs":["linkedin.com\/in\/dinorah-nava","https:\/\/x.com\/https:\/\/twitter.com\/Dinorah_Nava28"],"url":"https:\/\/centrourbano.com\/revista\/author\/dinorah-nava\/"}]}},"_links":{"self":[{"href":"https:\/\/centrourbano.com\/revista\/wp-json\/wp\/v2\/posts\/55275","targetHints":{"allow":["GET"]}}],"collection":[{"href":"https:\/\/centrourbano.com\/revista\/wp-json\/wp\/v2\/posts"}],"about":[{"href":"https:\/\/centrourbano.com\/revista\/wp-json\/wp\/v2\/types\/post"}],"author":[{"embeddable":true,"href":"https:\/\/centrourbano.com\/revista\/wp-json\/wp\/v2\/users\/9"}],"replies":[{"embeddable":true,"href":"https:\/\/centrourbano.com\/revista\/wp-json\/wp\/v2\/comments?post=55275"}],"version-history":[{"count":0,"href":"https:\/\/centrourbano.com\/revista\/wp-json\/wp\/v2\/posts\/55275\/revisions"}],"wp:featuredmedia":[{"embeddable":true,"href":"https:\/\/centrourbano.com\/revista\/wp-json\/wp\/v2\/media\/55276"}],"wp:attachment":[{"href":"https:\/\/centrourbano.com\/revista\/wp-json\/wp\/v2\/media?parent=55275"}],"wp:term":[{"taxonomy":"category","embeddable":true,"href":"https:\/\/centrourbano.com\/revista\/wp-json\/wp\/v2\/categories?post=55275"},{"taxonomy":"post_tag","embeddable":true,"href":"https:\/\/centrourbano.com\/revista\/wp-json\/wp\/v2\/tags?post=55275"}],"curies":[{"name":"wp","href":"https:\/\/api.w.org\/{rel}","templated":true}]}}