{"id":55144,"date":"2017-06-21T18:24:57","date_gmt":"2017-06-21T23:24:57","guid":{"rendered":"https:\/\/centrourbano.com\/?p=55144"},"modified":"2017-06-21T18:24:57","modified_gmt":"2017-06-21T23:24:57","slug":"disminuir-publicidad-exterior-cdmx","status":"publish","type":"post","link":"https:\/\/centrourbano.com\/revista\/entrevistas\/disminuir-publicidad-exterior-cdmx\/","title":{"rendered":"Buscan disminuir la publicidad exterior en la CDMX"},"content":{"rendered":"<p><em>De acuerdo a la Ley de Publicidad Exterior y al reordenamiento que se busca, tendr\u00edan que retirar entre 60% y 70% de los espectaculares<\/em><\/p>\n<p>&nbsp;<\/p>\n<p>Jorge\u00a0Carlos\u00a0Negrete\u00a0V\u00e1zquez, presidente de la\u00a0Fundaci\u00f3n por el Rescate y Recuperaci\u00f3n del Paisaje Urbano (FRRPU), explica que el paisaje urbano incluye el conjunto de puntos arquitect\u00f3nicos, jardines, monumentos, que le dan a una ciudad una identidad que no tiene ninguna otra.<\/p>\n<p>Por ello, el principal objetivo de la fundaci\u00f3n es que exista un marco legal en todo el pa\u00eds a trav\u00e9s del cual se pueda defender y recuperar el paisaje urbano de la ciudad.<\/p>\n<p>\u201cLo estamos perdiendo poco a poco, tanto de la publicidad exterior como de otros elementos que tambi\u00e9n inciden en el paisaje; lo que buscamos a trav\u00e9s de la fundaci\u00f3n es que se convierta en una herramienta de los habitantes de las ciudades para que, entre todos, podamos recuperar el paisaje urbano y los espacios p\u00fablicos\u201d.<\/p>\n<p>Durante sus casi cuatro a\u00f1os de existencia, la fundaci\u00f3n ha logrado pertenecer al Consejo de Publicidad Exterior de la Ciudad de M\u00e9xico, presentado casi 500 quejas o denuncias, retiros de anuncios que estaban fuera de las normas y m\u00e1s de 100 amparos, sobre lo que asegura que han demostrado su presencia ante las autoridades \u201cque sepan que estamos aqu\u00ed y que vamos a defender los intereses de los habitantes de la ciudad. La idea es que se de este impulso y contin\u00fae para que poco a poco recuperemos esos espacios que se han perdido\u201d.<\/p>\n<p>De igual forma, coment\u00f3 que los aspectos para otorgar un permiso para la colocaci\u00f3n de un anuncio publicitario difieren seg\u00fan el tipo de anuncio, pues cada uno tiene una serie de caracter\u00edsticas particulares; lo primero a considerar es la ubicaci\u00f3n, si se est\u00e1n en v\u00edas primarias el otorgamiento de la licencia de autorizaci\u00f3n corresponde a la Secretar\u00eda de Desarrollo Urbano y Vivienda (Seduvi), si no es as\u00ed entonces corresponde a las delegaciones.<\/p>\n<p>Inform\u00f3 que actualmente no se deber\u00eda poner ning\u00fan anuncio en la CDMX, pues todos los espacios permitidos para ello ya est\u00e1n utilizados, de acuerdo a la Ley de Publicidad Exterior hay una sobreoferta de colocaci\u00f3n de anuncios en la ciudad, y en base al reordenamiento que se va a realizar, tendr\u00e1n que retirarse una buena parte, entre 60% y 70% de los espectaculares.<\/p>\n<p>En lo que corresponde a las vallas y tapiales a\u00fan hay muchos espacios disponibles, y lo que corresponde a inmobiliario p\u00fablico es m\u00e1s complicado, ya que la aprobaci\u00f3n corresponde a la oficial\u00eda mayor del Distrito Federal a trav\u00e9s de un permiso administrativo temporal revocable.<\/p>\n<p>\u201cLo que hemos logrado ha sido a trav\u00e9s del impulso y de las acciones que nosotros hemos estado haciendo y a trav\u00e9s de la imposici\u00f3n de juicios de amparo\u201d, indic\u00f3 que el \u00fanico corredor de la ciudad, que por parte de las autoridades se ha reordenado la publicidad, es el de Patriotismo, de aproximadamente 130 espectaculares s\u00f3lo quedaron 30, el 80% se tuvo que retirar.<\/p>\n<p>De igual forma, han contado con tres congresos en los que participaron diferentes acad\u00e9micos y estudiantes, as\u00ed como jornadas donde la gente participa y ayudan a identificar que anuncios cumplen con lo que marca la ley y cuales no.<\/p>\n<p>Tambi\u00e9n mencion\u00f3 que los intereses econ\u00f3micos pueden ser un fuerte obst\u00e1culo para que la fundaci\u00f3n cumpla con sus objetivos, ya que la capital del pa\u00eds tiene un costo de 3,500 millones de pesos en publicidad al a\u00f1o, lo que puede abrir las puertas a la corrupci\u00f3n, \u201cQue no entienden que todos vivimos en una ciudad donde tenemos derecho un lugar libre de contaminantes, y dentro de esos contaminantes se encuentran la contaminaci\u00f3n visual\u201d, y recalc\u00f3 la importancia de concientizar a la ciudadan\u00eda de la necesidad de defender nuestro patrimonio ecol\u00f3gico y el paisaje urbano.<\/p>\n<p>&nbsp;<\/p>\n<p>&nbsp;<\/p>\n","protected":false},"excerpt":{"rendered":"<p>De acuerdo a la Ley de Publicidad Exterior y al reordenamiento que se busca, tendr\u00edan que retirar entre 60% y 70% de los espectaculares &nbsp; Jorge\u00a0Carlos\u00a0Negrete\u00a0V\u00e1zquez, presidente de la\u00a0Fundaci\u00f3n por el Rescate y Recuperaci\u00f3n del Paisaje Urbano (FRRPU), explica que el paisaje urbano incluye el conjunto de puntos arquitect\u00f3nicos, jardines, monumentos, que le dan a [&hellip;]<\/p>\n","protected":false},"author":45,"featured_media":55146,"comment_status":"open","ping_status":"closed","sticky":false,"template":"","format":"standard","meta":{"om_disable_all_campaigns":false,"inline_featured_image":false,"_monsterinsights_skip_tracking":false,"_monsterinsights_sitenote_active":false,"_monsterinsights_sitenote_note":"","_monsterinsights_sitenote_category":0,"footnotes":""},"categories":[13],"tags":[],"class_list":["post-55144","post","type-post","status-publish","format-standard","has-post-thumbnail","hentry","category-entrevistas"],"yoast_head":"<!-- This site is optimized with the Yoast SEO plugin v27.4 - https:\/\/yoast.com\/product\/yoast-seo-wordpress\/ -->\n<title>Buscan disminuir la publicidad exterior en la CDMX -<\/title>\n<meta name=\"description\" content=\"De acuerdo a la Ley de Publicidad Exterior y al reordenamiento que se busca, tendr\u00edan que retirar entre 60% y 70% de los espectaculares\" \/>\n<meta name=\"robots\" content=\"index, follow, max-snippet:-1, max-image-preview:large, max-video-preview:-1\" \/>\n<link rel=\"canonical\" href=\"https:\/\/centrourbano.com\/revista\/entrevistas\/disminuir-publicidad-exterior-cdmx\/\" \/>\n<meta property=\"og:locale\" content=\"es_ES\" \/>\n<meta property=\"og:type\" content=\"article\" \/>\n<meta property=\"og:title\" content=\"Buscan disminuir la publicidad exterior en la CDMX -\" \/>\n<meta property=\"og:description\" content=\"De acuerdo a la Ley de Publicidad Exterior y al reordenamiento que se busca, tendr\u00edan que retirar entre 60% y 70% de los espectaculares\" \/>\n<meta property=\"og:url\" content=\"https:\/\/centrourbano.com\/revista\/entrevistas\/disminuir-publicidad-exterior-cdmx\/\" \/>\n<meta property=\"og:site_name\" content=\"Centro Urbano\" \/>\n<meta property=\"article:publisher\" content=\"https:\/\/www.facebook.com\/portalcentrourbano\" \/>\n<meta property=\"article:published_time\" content=\"2017-06-21T23:24:57+00:00\" \/>\n<meta property=\"og:image\" content=\"https:\/\/centrourbano.com\/revista\/wp-content\/uploads\/jorge-negrete1-520x245.jpg\" \/>\n\t<meta property=\"og:image:width\" content=\"364\" \/>\n\t<meta property=\"og:image:height\" content=\"242\" \/>\n\t<meta property=\"og:image:type\" content=\"image\/jpeg\" \/>\n<meta name=\"author\" content=\"Hanae Pacheco\" \/>\n<meta name=\"twitter:card\" content=\"summary_large_image\" \/>\n<meta name=\"twitter:creator\" content=\"@CentroUrbano\" \/>\n<meta name=\"twitter:site\" content=\"@CentroUrbano\" \/>\n<meta name=\"twitter:label1\" content=\"Escrito por\" \/>\n\t<meta name=\"twitter:data1\" content=\"Hanae Pacheco\" \/>\n\t<meta name=\"twitter:label2\" content=\"Tiempo de lectura\" \/>\n\t<meta name=\"twitter:data2\" content=\"3 minutos\" \/>\n<script type=\"application\/ld+json\" class=\"yoast-schema-graph\">{\"@context\":\"https:\\\/\\\/schema.org\",\"@graph\":[{\"@type\":\"Article\",\"@id\":\"https:\\\/\\\/centrourbano.com\\\/revista\\\/entrevistas\\\/disminuir-publicidad-exterior-cdmx\\\/#article\",\"isPartOf\":{\"@id\":\"https:\\\/\\\/centrourbano.com\\\/revista\\\/entrevistas\\\/disminuir-publicidad-exterior-cdmx\\\/\"},\"author\":{\"name\":\"Hanae Pacheco\",\"@id\":\"https:\\\/\\\/centrourbano.com\\\/revista\\\/#\\\/schema\\\/person\\\/db5aba19153b4dc77f48808c4c2e7027\"},\"headline\":\"Buscan disminuir la publicidad exterior en la CDMX\",\"datePublished\":\"2017-06-21T23:24:57+00:00\",\"mainEntityOfPage\":{\"@id\":\"https:\\\/\\\/centrourbano.com\\\/revista\\\/entrevistas\\\/disminuir-publicidad-exterior-cdmx\\\/\"},\"wordCount\":678,\"commentCount\":0,\"publisher\":{\"@id\":\"https:\\\/\\\/centrourbano.com\\\/revista\\\/#organization\"},\"image\":{\"@id\":\"https:\\\/\\\/centrourbano.com\\\/revista\\\/entrevistas\\\/disminuir-publicidad-exterior-cdmx\\\/#primaryimage\"},\"thumbnailUrl\":\"https:\\\/\\\/centrourbano.com\\\/revista\\\/wp-content\\\/uploads\\\/jorge-negrete1-520x245.jpg\",\"articleSection\":[\"Entrevistas\"],\"inLanguage\":\"es\",\"potentialAction\":[{\"@type\":\"CommentAction\",\"name\":\"Comment\",\"target\":[\"https:\\\/\\\/centrourbano.com\\\/revista\\\/entrevistas\\\/disminuir-publicidad-exterior-cdmx\\\/#respond\"]}]},{\"@type\":\"WebPage\",\"@id\":\"https:\\\/\\\/centrourbano.com\\\/revista\\\/entrevistas\\\/disminuir-publicidad-exterior-cdmx\\\/\",\"url\":\"https:\\\/\\\/centrourbano.com\\\/revista\\\/entrevistas\\\/disminuir-publicidad-exterior-cdmx\\\/\",\"name\":\"Buscan disminuir la publicidad exterior en la CDMX -\",\"isPartOf\":{\"@id\":\"https:\\\/\\\/centrourbano.com\\\/revista\\\/#website\"},\"primaryImageOfPage\":{\"@id\":\"https:\\\/\\\/centrourbano.com\\\/revista\\\/entrevistas\\\/disminuir-publicidad-exterior-cdmx\\\/#primaryimage\"},\"image\":{\"@id\":\"https:\\\/\\\/centrourbano.com\\\/revista\\\/entrevistas\\\/disminuir-publicidad-exterior-cdmx\\\/#primaryimage\"},\"thumbnailUrl\":\"https:\\\/\\\/centrourbano.com\\\/revista\\\/wp-content\\\/uploads\\\/jorge-negrete1-520x245.jpg\",\"datePublished\":\"2017-06-21T23:24:57+00:00\",\"description\":\"De acuerdo a la Ley de Publicidad Exterior y al reordenamiento que se busca, tendr\u00edan que retirar entre 60% y 70% de los espectaculares\",\"breadcrumb\":{\"@id\":\"https:\\\/\\\/centrourbano.com\\\/revista\\\/entrevistas\\\/disminuir-publicidad-exterior-cdmx\\\/#breadcrumb\"},\"inLanguage\":\"es\",\"potentialAction\":[{\"@type\":\"ReadAction\",\"target\":[\"https:\\\/\\\/centrourbano.com\\\/revista\\\/entrevistas\\\/disminuir-publicidad-exterior-cdmx\\\/\"]}]},{\"@type\":\"ImageObject\",\"inLanguage\":\"es\",\"@id\":\"https:\\\/\\\/centrourbano.com\\\/revista\\\/entrevistas\\\/disminuir-publicidad-exterior-cdmx\\\/#primaryimage\",\"url\":\"https:\\\/\\\/centrourbano.com\\\/revista\\\/wp-content\\\/uploads\\\/jorge-negrete1-520x245.jpg\",\"contentUrl\":\"https:\\\/\\\/centrourbano.com\\\/revista\\\/wp-content\\\/uploads\\\/jorge-negrete1-520x245.jpg\",\"width\":364,\"height\":242,\"caption\":\"De acuerdo a la Ley de Publicidad Exterior y al reordenamiento que se busca, tendr\u00edan que retirar entre 60% y 70% de los espectaculares\"},{\"@type\":\"BreadcrumbList\",\"@id\":\"https:\\\/\\\/centrourbano.com\\\/revista\\\/entrevistas\\\/disminuir-publicidad-exterior-cdmx\\\/#breadcrumb\",\"itemListElement\":[{\"@type\":\"ListItem\",\"position\":1,\"name\":\"Portada\",\"item\":\"https:\\\/\\\/centrourbano.com\\\/revista\\\/\"},{\"@type\":\"ListItem\",\"position\":2,\"name\":\"Buscan disminuir la publicidad exterior en la CDMX\"}]},{\"@type\":\"WebSite\",\"@id\":\"https:\\\/\\\/centrourbano.com\\\/revista\\\/#website\",\"url\":\"https:\\\/\\\/centrourbano.com\\\/revista\\\/\",\"name\":\"Centro Urbano\",\"description\":\"Medio especializado en los sectores vivienda, inmobiliario, construcci\u00f3n, arquitectura y urbanismo.\",\"publisher\":{\"@id\":\"https:\\\/\\\/centrourbano.com\\\/revista\\\/#organization\"},\"potentialAction\":[{\"@type\":\"SearchAction\",\"target\":{\"@type\":\"EntryPoint\",\"urlTemplate\":\"https:\\\/\\\/centrourbano.com\\\/revista\\\/?s={search_term_string}\"},\"query-input\":{\"@type\":\"PropertyValueSpecification\",\"valueRequired\":true,\"valueName\":\"search_term_string\"}}],\"inLanguage\":\"es\"},{\"@type\":\"Organization\",\"@id\":\"https:\\\/\\\/centrourbano.com\\\/revista\\\/#organization\",\"name\":\"Centro Urbano\",\"url\":\"https:\\\/\\\/centrourbano.com\\\/revista\\\/\",\"logo\":{\"@type\":\"ImageObject\",\"inLanguage\":\"es\",\"@id\":\"https:\\\/\\\/centrourbano.com\\\/revista\\\/#\\\/schema\\\/logo\\\/image\\\/\",\"url\":\"https:\\\/\\\/centrourbano.com\\\/revista\\\/wp-content\\\/uploads\\\/web_CU_logo-1.png\",\"contentUrl\":\"https:\\\/\\\/centrourbano.com\\\/revista\\\/wp-content\\\/uploads\\\/web_CU_logo-1.png\",\"width\":350,\"height\":91,\"caption\":\"Centro Urbano\"},\"image\":{\"@id\":\"https:\\\/\\\/centrourbano.com\\\/revista\\\/#\\\/schema\\\/logo\\\/image\\\/\"},\"sameAs\":[\"https:\\\/\\\/www.facebook.com\\\/portalcentrourbano\",\"https:\\\/\\\/x.com\\\/CentroUrbano\",\"https:\\\/\\\/www.instagram.com\\\/centro_urbano\\\/\",\"https:\\\/\\\/www.linkedin.com\\\/company\\\/centro-urbano\\\/\",\"http:\\\/\\\/www.youtube.com\\\/user\\\/portalcentrourbano\"]},{\"@type\":\"Person\",\"@id\":\"https:\\\/\\\/centrourbano.com\\\/revista\\\/#\\\/schema\\\/person\\\/db5aba19153b4dc77f48808c4c2e7027\",\"name\":\"Hanae Pacheco\",\"image\":{\"@type\":\"ImageObject\",\"inLanguage\":\"es\",\"@id\":\"https:\\\/\\\/secure.gravatar.com\\\/avatar\\\/85378918db488c7c72bd7acaea6909bbfd5df076ffaf5e56cf397f98ef67f72d?s=96&d=mm&r=g\",\"url\":\"https:\\\/\\\/secure.gravatar.com\\\/avatar\\\/85378918db488c7c72bd7acaea6909bbfd5df076ffaf5e56cf397f98ef67f72d?s=96&d=mm&r=g\",\"contentUrl\":\"https:\\\/\\\/secure.gravatar.com\\\/avatar\\\/85378918db488c7c72bd7acaea6909bbfd5df076ffaf5e56cf397f98ef67f72d?s=96&d=mm&r=g\",\"caption\":\"Hanae Pacheco\"},\"url\":\"https:\\\/\\\/centrourbano.com\\\/revista\\\/author\\\/hanae-pacheco\\\/\"}]}<\/script>\n<!-- \/ Yoast SEO plugin. -->","yoast_head_json":{"title":"Buscan disminuir la publicidad exterior en la CDMX -","description":"De acuerdo a la Ley de Publicidad Exterior y al reordenamiento que se busca, tendr\u00edan que retirar entre 60% y 70% de los espectaculares","robots":{"index":"index","follow":"follow","max-snippet":"max-snippet:-1","max-image-preview":"max-image-preview:large","max-video-preview":"max-video-preview:-1"},"canonical":"https:\/\/centrourbano.com\/revista\/entrevistas\/disminuir-publicidad-exterior-cdmx\/","og_locale":"es_ES","og_type":"article","og_title":"Buscan disminuir la publicidad exterior en la CDMX -","og_description":"De acuerdo a la Ley de Publicidad Exterior y al reordenamiento que se busca, tendr\u00edan que retirar entre 60% y 70% de los espectaculares","og_url":"https:\/\/centrourbano.com\/revista\/entrevistas\/disminuir-publicidad-exterior-cdmx\/","og_site_name":"Centro Urbano","article_publisher":"https:\/\/www.facebook.com\/portalcentrourbano","article_published_time":"2017-06-21T23:24:57+00:00","og_image":[{"width":364,"height":242,"url":"https:\/\/centrourbano.com\/revista\/wp-content\/uploads\/jorge-negrete1-520x245.jpg","type":"image\/jpeg"}],"author":"Hanae Pacheco","twitter_card":"summary_large_image","twitter_creator":"@CentroUrbano","twitter_site":"@CentroUrbano","twitter_misc":{"Escrito por":"Hanae Pacheco","Tiempo de lectura":"3 minutos"},"schema":{"@context":"https:\/\/schema.org","@graph":[{"@type":"Article","@id":"https:\/\/centrourbano.com\/revista\/entrevistas\/disminuir-publicidad-exterior-cdmx\/#article","isPartOf":{"@id":"https:\/\/centrourbano.com\/revista\/entrevistas\/disminuir-publicidad-exterior-cdmx\/"},"author":{"name":"Hanae Pacheco","@id":"https:\/\/centrourbano.com\/revista\/#\/schema\/person\/db5aba19153b4dc77f48808c4c2e7027"},"headline":"Buscan disminuir la publicidad exterior en la CDMX","datePublished":"2017-06-21T23:24:57+00:00","mainEntityOfPage":{"@id":"https:\/\/centrourbano.com\/revista\/entrevistas\/disminuir-publicidad-exterior-cdmx\/"},"wordCount":678,"commentCount":0,"publisher":{"@id":"https:\/\/centrourbano.com\/revista\/#organization"},"image":{"@id":"https:\/\/centrourbano.com\/revista\/entrevistas\/disminuir-publicidad-exterior-cdmx\/#primaryimage"},"thumbnailUrl":"https:\/\/centrourbano.com\/revista\/wp-content\/uploads\/jorge-negrete1-520x245.jpg","articleSection":["Entrevistas"],"inLanguage":"es","potentialAction":[{"@type":"CommentAction","name":"Comment","target":["https:\/\/centrourbano.com\/revista\/entrevistas\/disminuir-publicidad-exterior-cdmx\/#respond"]}]},{"@type":"WebPage","@id":"https:\/\/centrourbano.com\/revista\/entrevistas\/disminuir-publicidad-exterior-cdmx\/","url":"https:\/\/centrourbano.com\/revista\/entrevistas\/disminuir-publicidad-exterior-cdmx\/","name":"Buscan disminuir la publicidad exterior en la CDMX -","isPartOf":{"@id":"https:\/\/centrourbano.com\/revista\/#website"},"primaryImageOfPage":{"@id":"https:\/\/centrourbano.com\/revista\/entrevistas\/disminuir-publicidad-exterior-cdmx\/#primaryimage"},"image":{"@id":"https:\/\/centrourbano.com\/revista\/entrevistas\/disminuir-publicidad-exterior-cdmx\/#primaryimage"},"thumbnailUrl":"https:\/\/centrourbano.com\/revista\/wp-content\/uploads\/jorge-negrete1-520x245.jpg","datePublished":"2017-06-21T23:24:57+00:00","description":"De acuerdo a la Ley de Publicidad Exterior y al reordenamiento que se busca, tendr\u00edan que retirar entre 60% y 70% de los espectaculares","breadcrumb":{"@id":"https:\/\/centrourbano.com\/revista\/entrevistas\/disminuir-publicidad-exterior-cdmx\/#breadcrumb"},"inLanguage":"es","potentialAction":[{"@type":"ReadAction","target":["https:\/\/centrourbano.com\/revista\/entrevistas\/disminuir-publicidad-exterior-cdmx\/"]}]},{"@type":"ImageObject","inLanguage":"es","@id":"https:\/\/centrourbano.com\/revista\/entrevistas\/disminuir-publicidad-exterior-cdmx\/#primaryimage","url":"https:\/\/centrourbano.com\/revista\/wp-content\/uploads\/jorge-negrete1-520x245.jpg","contentUrl":"https:\/\/centrourbano.com\/revista\/wp-content\/uploads\/jorge-negrete1-520x245.jpg","width":364,"height":242,"caption":"De acuerdo a la Ley de Publicidad Exterior y al reordenamiento que se busca, tendr\u00edan que retirar entre 60% y 70% de los espectaculares"},{"@type":"BreadcrumbList","@id":"https:\/\/centrourbano.com\/revista\/entrevistas\/disminuir-publicidad-exterior-cdmx\/#breadcrumb","itemListElement":[{"@type":"ListItem","position":1,"name":"Portada","item":"https:\/\/centrourbano.com\/revista\/"},{"@type":"ListItem","position":2,"name":"Buscan disminuir la publicidad exterior en la CDMX"}]},{"@type":"WebSite","@id":"https:\/\/centrourbano.com\/revista\/#website","url":"https:\/\/centrourbano.com\/revista\/","name":"Centro Urbano","description":"Medio especializado en los sectores vivienda, inmobiliario, construcci\u00f3n, arquitectura y urbanismo.","publisher":{"@id":"https:\/\/centrourbano.com\/revista\/#organization"},"potentialAction":[{"@type":"SearchAction","target":{"@type":"EntryPoint","urlTemplate":"https:\/\/centrourbano.com\/revista\/?s={search_term_string}"},"query-input":{"@type":"PropertyValueSpecification","valueRequired":true,"valueName":"search_term_string"}}],"inLanguage":"es"},{"@type":"Organization","@id":"https:\/\/centrourbano.com\/revista\/#organization","name":"Centro Urbano","url":"https:\/\/centrourbano.com\/revista\/","logo":{"@type":"ImageObject","inLanguage":"es","@id":"https:\/\/centrourbano.com\/revista\/#\/schema\/logo\/image\/","url":"https:\/\/centrourbano.com\/revista\/wp-content\/uploads\/web_CU_logo-1.png","contentUrl":"https:\/\/centrourbano.com\/revista\/wp-content\/uploads\/web_CU_logo-1.png","width":350,"height":91,"caption":"Centro Urbano"},"image":{"@id":"https:\/\/centrourbano.com\/revista\/#\/schema\/logo\/image\/"},"sameAs":["https:\/\/www.facebook.com\/portalcentrourbano","https:\/\/x.com\/CentroUrbano","https:\/\/www.instagram.com\/centro_urbano\/","https:\/\/www.linkedin.com\/company\/centro-urbano\/","http:\/\/www.youtube.com\/user\/portalcentrourbano"]},{"@type":"Person","@id":"https:\/\/centrourbano.com\/revista\/#\/schema\/person\/db5aba19153b4dc77f48808c4c2e7027","name":"Hanae Pacheco","image":{"@type":"ImageObject","inLanguage":"es","@id":"https:\/\/secure.gravatar.com\/avatar\/85378918db488c7c72bd7acaea6909bbfd5df076ffaf5e56cf397f98ef67f72d?s=96&d=mm&r=g","url":"https:\/\/secure.gravatar.com\/avatar\/85378918db488c7c72bd7acaea6909bbfd5df076ffaf5e56cf397f98ef67f72d?s=96&d=mm&r=g","contentUrl":"https:\/\/secure.gravatar.com\/avatar\/85378918db488c7c72bd7acaea6909bbfd5df076ffaf5e56cf397f98ef67f72d?s=96&d=mm&r=g","caption":"Hanae Pacheco"},"url":"https:\/\/centrourbano.com\/revista\/author\/hanae-pacheco\/"}]}},"_links":{"self":[{"href":"https:\/\/centrourbano.com\/revista\/wp-json\/wp\/v2\/posts\/55144","targetHints":{"allow":["GET"]}}],"collection":[{"href":"https:\/\/centrourbano.com\/revista\/wp-json\/wp\/v2\/posts"}],"about":[{"href":"https:\/\/centrourbano.com\/revista\/wp-json\/wp\/v2\/types\/post"}],"author":[{"embeddable":true,"href":"https:\/\/centrourbano.com\/revista\/wp-json\/wp\/v2\/users\/45"}],"replies":[{"embeddable":true,"href":"https:\/\/centrourbano.com\/revista\/wp-json\/wp\/v2\/comments?post=55144"}],"version-history":[{"count":0,"href":"https:\/\/centrourbano.com\/revista\/wp-json\/wp\/v2\/posts\/55144\/revisions"}],"wp:featuredmedia":[{"embeddable":true,"href":"https:\/\/centrourbano.com\/revista\/wp-json\/wp\/v2\/media\/55146"}],"wp:attachment":[{"href":"https:\/\/centrourbano.com\/revista\/wp-json\/wp\/v2\/media?parent=55144"}],"wp:term":[{"taxonomy":"category","embeddable":true,"href":"https:\/\/centrourbano.com\/revista\/wp-json\/wp\/v2\/categories?post=55144"},{"taxonomy":"post_tag","embeddable":true,"href":"https:\/\/centrourbano.com\/revista\/wp-json\/wp\/v2\/tags?post=55144"}],"curies":[{"name":"wp","href":"https:\/\/api.w.org\/{rel}","templated":true}]}}