{"id":55050,"date":"2017-06-20T15:42:35","date_gmt":"2017-06-20T20:42:35","guid":{"rendered":"https:\/\/centrourbano.com\/?p=55050"},"modified":"2017-06-20T15:42:35","modified_gmt":"2017-06-20T20:42:35","slug":"busca-nuevo-leon-inversiones-impulsar-industria-aeronautica","status":"publish","type":"post","link":"https:\/\/centrourbano.com\/revista\/inmobiliario\/busca-nuevo-leon-inversiones-impulsar-industria-aeronautica\/","title":{"rendered":"Busca Nuevo Le\u00f3n inversiones para impulsar industria aeron\u00e1utica"},"content":{"rendered":"<p><em>Se pretende establecer una alianza entre una compa\u00f1\u00eda francesa y empresarios de la entidad para instalar una empresa de mantenimiento de aviones<\/em><!--more--><\/p>\n<p>El Gobernador de Nuevo Le\u00f3n, Jaime Rodr\u00edguez Calder\u00f3n, dio a conocer que su administraci\u00f3n est\u00e1 en busca de una asociaci\u00f3n entre una compa\u00f1\u00eda francesa y empresarios de la entidad para instalar una empresa de mantenimiento de aviones.<\/p>\n<p>Durante el International Paris Air Show Le Bourget, evento que se llev\u00f3 a cabo en Francia, el funcionario destac\u00f3 que los franceses son buenos socios por lo que ya se est\u00e1 viendo la posibilidad de llevarlos a territorio mexicano para tener una empresa de mantenimiento para aviones. <\/p>\n<p>Asimismo, dijo que su administraci\u00f3n no solo busca atraer inversi\u00f3n extranjera, sino realizar alianzas estrat\u00e9gicas, compartir conocimiento y frenar la fuga de talentos.<\/p>\n<p>En cuanto a la raz\u00f3n por la cual buscan instalar una empresa de este tipo, Rodr\u00edguez Calder\u00f3n se\u00f1al\u00f3 que es porque en Monterrey hay muchos aviones, los empresarios de Nuevo Le\u00f3n compran aviones y se requiere un servicio para que puedan tener el mantenimiento adecuado. <\/p>\n<p>Cabe destacar que uno de los objetivos de la entidad  es impulsar el desarrollo de la industria aeron\u00e1utica, ejemplo de ello es que en Nuevo Le\u00f3n ya se produce un dron y el Estado apoya con financiamiento a una empresa que desarrolla un helic\u00f3ptero no tripulado.<\/p>\n<p>Adem\u00e1s, el mandatario estatal destac\u00f3 que su administraci\u00f3n est\u00e1 enfocada en atraer inversiones que beneficien no s\u00f3lo a las empresas extranjeras, sino a los trabajadores de Nuevo Le\u00f3n, en donde hay gente que tiene dinero y que puede invertir, por lo que el reto es quedarse con el talento local y llevar socios para tener relaciones comerciales y potenciar la industria nacional. <\/p>\n","protected":false},"excerpt":{"rendered":"<p>Se pretende establecer una alianza entre una compa\u00f1\u00eda francesa y empresarios de la entidad para instalar una empresa de mantenimiento de aviones<\/p>\n","protected":false},"author":9,"featured_media":55051,"comment_status":"open","ping_status":"closed","sticky":false,"template":"","format":"standard","meta":{"om_disable_all_campaigns":false,"inline_featured_image":false,"_monsterinsights_skip_tracking":false,"_monsterinsights_sitenote_active":false,"_monsterinsights_sitenote_note":"","_monsterinsights_sitenote_category":0,"footnotes":""},"categories":[15],"tags":[10298,37,10281,10299,8122,188],"class_list":["post-55050","post","type-post","status-publish","format-standard","has-post-thumbnail","hentry","category-inmobiliario","tag-aviones","tag-francia","tag-industria-aeronautica","tag-international-paris-air-show-le-bourget","tag-jaime-rodriguez-calderon","tag-nuevo-leon"],"yoast_head":"<!-- This site is optimized with the Yoast SEO plugin v27.4 - https:\/\/yoast.com\/product\/yoast-seo-wordpress\/ -->\n<title>Busca Nuevo Le\u00f3n inversiones para impulsar industria aeron\u00e1utica<\/title>\n<meta name=\"description\" content=\"Se pretende establecer una alianza entre una compa\u00f1\u00eda francesa y empresarios de la entidad para instalar una empresa de mantenimiento de aviones\" \/>\n<meta name=\"robots\" content=\"index, follow, max-snippet:-1, max-image-preview:large, max-video-preview:-1\" \/>\n<link rel=\"canonical\" href=\"https:\/\/centrourbano.com\/revista\/inmobiliario\/busca-nuevo-leon-inversiones-impulsar-industria-aeronautica\/\" \/>\n<meta property=\"og:locale\" content=\"es_ES\" \/>\n<meta property=\"og:type\" content=\"article\" \/>\n<meta property=\"og:title\" content=\"Busca Nuevo Le\u00f3n inversiones para impulsar industria aeron\u00e1utica\" \/>\n<meta property=\"og:description\" content=\"Se pretende establecer una alianza entre una compa\u00f1\u00eda francesa y empresarios de la entidad para instalar una empresa de mantenimiento de aviones\" \/>\n<meta property=\"og:url\" content=\"https:\/\/centrourbano.com\/revista\/inmobiliario\/busca-nuevo-leon-inversiones-impulsar-industria-aeronautica\/\" \/>\n<meta property=\"og:site_name\" content=\"Centro Urbano\" \/>\n<meta property=\"article:publisher\" content=\"https:\/\/www.facebook.com\/portalcentrourbano\" \/>\n<meta property=\"article:published_time\" content=\"2017-06-20T20:42:35+00:00\" \/>\n<meta property=\"og:image\" content=\"https:\/\/centrourbano.com\/revista\/wp-content\/uploads\/Busca-Nuevo-Le\u00f3n-inversiones-para-impulsar-industria-aeron\u00e1utica.jpg\" \/>\n\t<meta property=\"og:image:width\" content=\"1280\" \/>\n\t<meta property=\"og:image:height\" content=\"853\" \/>\n\t<meta property=\"og:image:type\" content=\"image\/jpeg\" \/>\n<meta name=\"author\" content=\"Dinorah Nava\" \/>\n<meta name=\"twitter:card\" content=\"summary_large_image\" \/>\n<meta name=\"twitter:creator\" content=\"@https:\/\/twitter.com\/Dinorah_Nava28\" \/>\n<meta name=\"twitter:site\" content=\"@CentroUrbano\" \/>\n<meta name=\"twitter:label1\" content=\"Escrito por\" \/>\n\t<meta name=\"twitter:data1\" content=\"Dinorah Nava\" \/>\n\t<meta name=\"twitter:label2\" content=\"Tiempo de lectura\" \/>\n\t<meta name=\"twitter:data2\" content=\"2 minutos\" \/>\n<script type=\"application\/ld+json\" class=\"yoast-schema-graph\">{\"@context\":\"https:\\\/\\\/schema.org\",\"@graph\":[{\"@type\":\"Article\",\"@id\":\"https:\\\/\\\/centrourbano.com\\\/revista\\\/inmobiliario\\\/busca-nuevo-leon-inversiones-impulsar-industria-aeronautica\\\/#article\",\"isPartOf\":{\"@id\":\"https:\\\/\\\/centrourbano.com\\\/revista\\\/inmobiliario\\\/busca-nuevo-leon-inversiones-impulsar-industria-aeronautica\\\/\"},\"author\":{\"name\":\"Dinorah Nava\",\"@id\":\"https:\\\/\\\/centrourbano.com\\\/revista\\\/#\\\/schema\\\/person\\\/b45db815d96831257ba428a3d5a5fbdc\"},\"headline\":\"Busca Nuevo Le\u00f3n inversiones para impulsar industria aeron\u00e1utica\",\"datePublished\":\"2017-06-20T20:42:35+00:00\",\"mainEntityOfPage\":{\"@id\":\"https:\\\/\\\/centrourbano.com\\\/revista\\\/inmobiliario\\\/busca-nuevo-leon-inversiones-impulsar-industria-aeronautica\\\/\"},\"wordCount\":314,\"commentCount\":0,\"publisher\":{\"@id\":\"https:\\\/\\\/centrourbano.com\\\/revista\\\/#organization\"},\"image\":{\"@id\":\"https:\\\/\\\/centrourbano.com\\\/revista\\\/inmobiliario\\\/busca-nuevo-leon-inversiones-impulsar-industria-aeronautica\\\/#primaryimage\"},\"thumbnailUrl\":\"https:\\\/\\\/centrourbano.com\\\/revista\\\/wp-content\\\/uploads\\\/Busca-Nuevo-Le\u00f3n-inversiones-para-impulsar-industria-aeron\u00e1utica.jpg\",\"keywords\":[\"aviones\",\"Francia\",\"Industria aeron\u00e1utica\",\"International Paris Air Show Le Bourget\",\"Jaime Rodr\u00edguez Calder\u00f3n\",\"Nuevo Le\u00f3n\"],\"articleSection\":[\"Inmobiliario\"],\"inLanguage\":\"es\",\"potentialAction\":[{\"@type\":\"CommentAction\",\"name\":\"Comment\",\"target\":[\"https:\\\/\\\/centrourbano.com\\\/revista\\\/inmobiliario\\\/busca-nuevo-leon-inversiones-impulsar-industria-aeronautica\\\/#respond\"]}]},{\"@type\":\"WebPage\",\"@id\":\"https:\\\/\\\/centrourbano.com\\\/revista\\\/inmobiliario\\\/busca-nuevo-leon-inversiones-impulsar-industria-aeronautica\\\/\",\"url\":\"https:\\\/\\\/centrourbano.com\\\/revista\\\/inmobiliario\\\/busca-nuevo-leon-inversiones-impulsar-industria-aeronautica\\\/\",\"name\":\"Busca Nuevo Le\u00f3n inversiones para impulsar industria aeron\u00e1utica\",\"isPartOf\":{\"@id\":\"https:\\\/\\\/centrourbano.com\\\/revista\\\/#website\"},\"primaryImageOfPage\":{\"@id\":\"https:\\\/\\\/centrourbano.com\\\/revista\\\/inmobiliario\\\/busca-nuevo-leon-inversiones-impulsar-industria-aeronautica\\\/#primaryimage\"},\"image\":{\"@id\":\"https:\\\/\\\/centrourbano.com\\\/revista\\\/inmobiliario\\\/busca-nuevo-leon-inversiones-impulsar-industria-aeronautica\\\/#primaryimage\"},\"thumbnailUrl\":\"https:\\\/\\\/centrourbano.com\\\/revista\\\/wp-content\\\/uploads\\\/Busca-Nuevo-Le\u00f3n-inversiones-para-impulsar-industria-aeron\u00e1utica.jpg\",\"datePublished\":\"2017-06-20T20:42:35+00:00\",\"description\":\"Se pretende establecer una alianza entre una compa\u00f1\u00eda francesa y empresarios de la entidad para instalar una empresa de mantenimiento de aviones\",\"breadcrumb\":{\"@id\":\"https:\\\/\\\/centrourbano.com\\\/revista\\\/inmobiliario\\\/busca-nuevo-leon-inversiones-impulsar-industria-aeronautica\\\/#breadcrumb\"},\"inLanguage\":\"es\",\"potentialAction\":[{\"@type\":\"ReadAction\",\"target\":[\"https:\\\/\\\/centrourbano.com\\\/revista\\\/inmobiliario\\\/busca-nuevo-leon-inversiones-impulsar-industria-aeronautica\\\/\"]}]},{\"@type\":\"ImageObject\",\"inLanguage\":\"es\",\"@id\":\"https:\\\/\\\/centrourbano.com\\\/revista\\\/inmobiliario\\\/busca-nuevo-leon-inversiones-impulsar-industria-aeronautica\\\/#primaryimage\",\"url\":\"https:\\\/\\\/centrourbano.com\\\/revista\\\/wp-content\\\/uploads\\\/Busca-Nuevo-Le\u00f3n-inversiones-para-impulsar-industria-aeron\u00e1utica.jpg\",\"contentUrl\":\"https:\\\/\\\/centrourbano.com\\\/revista\\\/wp-content\\\/uploads\\\/Busca-Nuevo-Le\u00f3n-inversiones-para-impulsar-industria-aeron\u00e1utica.jpg\",\"width\":1280,\"height\":853,\"caption\":\"Se pretende establecer una alianza entre una compa\u00f1\u00eda francesa y empresarios de la entidad para instalar una empresa de mantenimiento de aviones\"},{\"@type\":\"BreadcrumbList\",\"@id\":\"https:\\\/\\\/centrourbano.com\\\/revista\\\/inmobiliario\\\/busca-nuevo-leon-inversiones-impulsar-industria-aeronautica\\\/#breadcrumb\",\"itemListElement\":[{\"@type\":\"ListItem\",\"position\":1,\"name\":\"Portada\",\"item\":\"https:\\\/\\\/centrourbano.com\\\/revista\\\/\"},{\"@type\":\"ListItem\",\"position\":2,\"name\":\"Busca Nuevo Le\u00f3n inversiones para impulsar industria aeron\u00e1utica\"}]},{\"@type\":\"WebSite\",\"@id\":\"https:\\\/\\\/centrourbano.com\\\/revista\\\/#website\",\"url\":\"https:\\\/\\\/centrourbano.com\\\/revista\\\/\",\"name\":\"Centro Urbano\",\"description\":\"Medio especializado en los sectores vivienda, inmobiliario, construcci\u00f3n, arquitectura y urbanismo.\",\"publisher\":{\"@id\":\"https:\\\/\\\/centrourbano.com\\\/revista\\\/#organization\"},\"potentialAction\":[{\"@type\":\"SearchAction\",\"target\":{\"@type\":\"EntryPoint\",\"urlTemplate\":\"https:\\\/\\\/centrourbano.com\\\/revista\\\/?s={search_term_string}\"},\"query-input\":{\"@type\":\"PropertyValueSpecification\",\"valueRequired\":true,\"valueName\":\"search_term_string\"}}],\"inLanguage\":\"es\"},{\"@type\":\"Organization\",\"@id\":\"https:\\\/\\\/centrourbano.com\\\/revista\\\/#organization\",\"name\":\"Centro Urbano\",\"url\":\"https:\\\/\\\/centrourbano.com\\\/revista\\\/\",\"logo\":{\"@type\":\"ImageObject\",\"inLanguage\":\"es\",\"@id\":\"https:\\\/\\\/centrourbano.com\\\/revista\\\/#\\\/schema\\\/logo\\\/image\\\/\",\"url\":\"https:\\\/\\\/centrourbano.com\\\/revista\\\/wp-content\\\/uploads\\\/web_CU_logo-1.png\",\"contentUrl\":\"https:\\\/\\\/centrourbano.com\\\/revista\\\/wp-content\\\/uploads\\\/web_CU_logo-1.png\",\"width\":350,\"height\":91,\"caption\":\"Centro Urbano\"},\"image\":{\"@id\":\"https:\\\/\\\/centrourbano.com\\\/revista\\\/#\\\/schema\\\/logo\\\/image\\\/\"},\"sameAs\":[\"https:\\\/\\\/www.facebook.com\\\/portalcentrourbano\",\"https:\\\/\\\/x.com\\\/CentroUrbano\",\"https:\\\/\\\/www.instagram.com\\\/centro_urbano\\\/\",\"https:\\\/\\\/www.linkedin.com\\\/company\\\/centro-urbano\\\/\",\"http:\\\/\\\/www.youtube.com\\\/user\\\/portalcentrourbano\"]},{\"@type\":\"Person\",\"@id\":\"https:\\\/\\\/centrourbano.com\\\/revista\\\/#\\\/schema\\\/person\\\/b45db815d96831257ba428a3d5a5fbdc\",\"name\":\"Dinorah Nava\",\"image\":{\"@type\":\"ImageObject\",\"inLanguage\":\"es\",\"@id\":\"https:\\\/\\\/secure.gravatar.com\\\/avatar\\\/f6ca6430c51d147f363940f84e1225aa4b8183885c11802cc3b042305a4ecc1a?s=96&d=mm&r=g\",\"url\":\"https:\\\/\\\/secure.gravatar.com\\\/avatar\\\/f6ca6430c51d147f363940f84e1225aa4b8183885c11802cc3b042305a4ecc1a?s=96&d=mm&r=g\",\"contentUrl\":\"https:\\\/\\\/secure.gravatar.com\\\/avatar\\\/f6ca6430c51d147f363940f84e1225aa4b8183885c11802cc3b042305a4ecc1a?s=96&d=mm&r=g\",\"caption\":\"Dinorah Nava\"},\"description\":\"Editora de Contenidos y Estrategias Digitales en Centro Urbano y Coeditora en Peri\u00f3dico Mi Casa. Egresada de la licenciatura en Comunicaci\u00f3n y Periodismo de la Facultad de Estudios Superiores Arag\u00f3n (UNAM). Amante de la edici\u00f3n y correcci\u00f3n de estilo, las redes sociales y el mundo digital. Especialista en temas son arquitectura, inmobiliario y urbanismo.\",\"sameAs\":[\"linkedin.com\\\/in\\\/dinorah-nava\",\"https:\\\/\\\/x.com\\\/https:\\\/\\\/twitter.com\\\/Dinorah_Nava28\"],\"url\":\"https:\\\/\\\/centrourbano.com\\\/revista\\\/author\\\/dinorah-nava\\\/\"}]}<\/script>\n<!-- \/ Yoast SEO plugin. -->","yoast_head_json":{"title":"Busca Nuevo Le\u00f3n inversiones para impulsar industria aeron\u00e1utica","description":"Se pretende establecer una alianza entre una compa\u00f1\u00eda francesa y empresarios de la entidad para instalar una empresa de mantenimiento de aviones","robots":{"index":"index","follow":"follow","max-snippet":"max-snippet:-1","max-image-preview":"max-image-preview:large","max-video-preview":"max-video-preview:-1"},"canonical":"https:\/\/centrourbano.com\/revista\/inmobiliario\/busca-nuevo-leon-inversiones-impulsar-industria-aeronautica\/","og_locale":"es_ES","og_type":"article","og_title":"Busca Nuevo Le\u00f3n inversiones para impulsar industria aeron\u00e1utica","og_description":"Se pretende establecer una alianza entre una compa\u00f1\u00eda francesa y empresarios de la entidad para instalar una empresa de mantenimiento de aviones","og_url":"https:\/\/centrourbano.com\/revista\/inmobiliario\/busca-nuevo-leon-inversiones-impulsar-industria-aeronautica\/","og_site_name":"Centro Urbano","article_publisher":"https:\/\/www.facebook.com\/portalcentrourbano","article_published_time":"2017-06-20T20:42:35+00:00","og_image":[{"width":1280,"height":853,"url":"https:\/\/centrourbano.com\/revista\/wp-content\/uploads\/Busca-Nuevo-Le\u00f3n-inversiones-para-impulsar-industria-aeron\u00e1utica.jpg","type":"image\/jpeg"}],"author":"Dinorah Nava","twitter_card":"summary_large_image","twitter_creator":"@https:\/\/twitter.com\/Dinorah_Nava28","twitter_site":"@CentroUrbano","twitter_misc":{"Escrito por":"Dinorah Nava","Tiempo de lectura":"2 minutos"},"schema":{"@context":"https:\/\/schema.org","@graph":[{"@type":"Article","@id":"https:\/\/centrourbano.com\/revista\/inmobiliario\/busca-nuevo-leon-inversiones-impulsar-industria-aeronautica\/#article","isPartOf":{"@id":"https:\/\/centrourbano.com\/revista\/inmobiliario\/busca-nuevo-leon-inversiones-impulsar-industria-aeronautica\/"},"author":{"name":"Dinorah Nava","@id":"https:\/\/centrourbano.com\/revista\/#\/schema\/person\/b45db815d96831257ba428a3d5a5fbdc"},"headline":"Busca Nuevo Le\u00f3n inversiones para impulsar industria aeron\u00e1utica","datePublished":"2017-06-20T20:42:35+00:00","mainEntityOfPage":{"@id":"https:\/\/centrourbano.com\/revista\/inmobiliario\/busca-nuevo-leon-inversiones-impulsar-industria-aeronautica\/"},"wordCount":314,"commentCount":0,"publisher":{"@id":"https:\/\/centrourbano.com\/revista\/#organization"},"image":{"@id":"https:\/\/centrourbano.com\/revista\/inmobiliario\/busca-nuevo-leon-inversiones-impulsar-industria-aeronautica\/#primaryimage"},"thumbnailUrl":"https:\/\/centrourbano.com\/revista\/wp-content\/uploads\/Busca-Nuevo-Le\u00f3n-inversiones-para-impulsar-industria-aeron\u00e1utica.jpg","keywords":["aviones","Francia","Industria aeron\u00e1utica","International Paris Air Show Le Bourget","Jaime Rodr\u00edguez Calder\u00f3n","Nuevo Le\u00f3n"],"articleSection":["Inmobiliario"],"inLanguage":"es","potentialAction":[{"@type":"CommentAction","name":"Comment","target":["https:\/\/centrourbano.com\/revista\/inmobiliario\/busca-nuevo-leon-inversiones-impulsar-industria-aeronautica\/#respond"]}]},{"@type":"WebPage","@id":"https:\/\/centrourbano.com\/revista\/inmobiliario\/busca-nuevo-leon-inversiones-impulsar-industria-aeronautica\/","url":"https:\/\/centrourbano.com\/revista\/inmobiliario\/busca-nuevo-leon-inversiones-impulsar-industria-aeronautica\/","name":"Busca Nuevo Le\u00f3n inversiones para impulsar industria aeron\u00e1utica","isPartOf":{"@id":"https:\/\/centrourbano.com\/revista\/#website"},"primaryImageOfPage":{"@id":"https:\/\/centrourbano.com\/revista\/inmobiliario\/busca-nuevo-leon-inversiones-impulsar-industria-aeronautica\/#primaryimage"},"image":{"@id":"https:\/\/centrourbano.com\/revista\/inmobiliario\/busca-nuevo-leon-inversiones-impulsar-industria-aeronautica\/#primaryimage"},"thumbnailUrl":"https:\/\/centrourbano.com\/revista\/wp-content\/uploads\/Busca-Nuevo-Le\u00f3n-inversiones-para-impulsar-industria-aeron\u00e1utica.jpg","datePublished":"2017-06-20T20:42:35+00:00","description":"Se pretende establecer una alianza entre una compa\u00f1\u00eda francesa y empresarios de la entidad para instalar una empresa de mantenimiento de aviones","breadcrumb":{"@id":"https:\/\/centrourbano.com\/revista\/inmobiliario\/busca-nuevo-leon-inversiones-impulsar-industria-aeronautica\/#breadcrumb"},"inLanguage":"es","potentialAction":[{"@type":"ReadAction","target":["https:\/\/centrourbano.com\/revista\/inmobiliario\/busca-nuevo-leon-inversiones-impulsar-industria-aeronautica\/"]}]},{"@type":"ImageObject","inLanguage":"es","@id":"https:\/\/centrourbano.com\/revista\/inmobiliario\/busca-nuevo-leon-inversiones-impulsar-industria-aeronautica\/#primaryimage","url":"https:\/\/centrourbano.com\/revista\/wp-content\/uploads\/Busca-Nuevo-Le\u00f3n-inversiones-para-impulsar-industria-aeron\u00e1utica.jpg","contentUrl":"https:\/\/centrourbano.com\/revista\/wp-content\/uploads\/Busca-Nuevo-Le\u00f3n-inversiones-para-impulsar-industria-aeron\u00e1utica.jpg","width":1280,"height":853,"caption":"Se pretende establecer una alianza entre una compa\u00f1\u00eda francesa y empresarios de la entidad para instalar una empresa de mantenimiento de aviones"},{"@type":"BreadcrumbList","@id":"https:\/\/centrourbano.com\/revista\/inmobiliario\/busca-nuevo-leon-inversiones-impulsar-industria-aeronautica\/#breadcrumb","itemListElement":[{"@type":"ListItem","position":1,"name":"Portada","item":"https:\/\/centrourbano.com\/revista\/"},{"@type":"ListItem","position":2,"name":"Busca Nuevo Le\u00f3n inversiones para impulsar industria aeron\u00e1utica"}]},{"@type":"WebSite","@id":"https:\/\/centrourbano.com\/revista\/#website","url":"https:\/\/centrourbano.com\/revista\/","name":"Centro Urbano","description":"Medio especializado en los sectores vivienda, inmobiliario, construcci\u00f3n, arquitectura y urbanismo.","publisher":{"@id":"https:\/\/centrourbano.com\/revista\/#organization"},"potentialAction":[{"@type":"SearchAction","target":{"@type":"EntryPoint","urlTemplate":"https:\/\/centrourbano.com\/revista\/?s={search_term_string}"},"query-input":{"@type":"PropertyValueSpecification","valueRequired":true,"valueName":"search_term_string"}}],"inLanguage":"es"},{"@type":"Organization","@id":"https:\/\/centrourbano.com\/revista\/#organization","name":"Centro Urbano","url":"https:\/\/centrourbano.com\/revista\/","logo":{"@type":"ImageObject","inLanguage":"es","@id":"https:\/\/centrourbano.com\/revista\/#\/schema\/logo\/image\/","url":"https:\/\/centrourbano.com\/revista\/wp-content\/uploads\/web_CU_logo-1.png","contentUrl":"https:\/\/centrourbano.com\/revista\/wp-content\/uploads\/web_CU_logo-1.png","width":350,"height":91,"caption":"Centro Urbano"},"image":{"@id":"https:\/\/centrourbano.com\/revista\/#\/schema\/logo\/image\/"},"sameAs":["https:\/\/www.facebook.com\/portalcentrourbano","https:\/\/x.com\/CentroUrbano","https:\/\/www.instagram.com\/centro_urbano\/","https:\/\/www.linkedin.com\/company\/centro-urbano\/","http:\/\/www.youtube.com\/user\/portalcentrourbano"]},{"@type":"Person","@id":"https:\/\/centrourbano.com\/revista\/#\/schema\/person\/b45db815d96831257ba428a3d5a5fbdc","name":"Dinorah Nava","image":{"@type":"ImageObject","inLanguage":"es","@id":"https:\/\/secure.gravatar.com\/avatar\/f6ca6430c51d147f363940f84e1225aa4b8183885c11802cc3b042305a4ecc1a?s=96&d=mm&r=g","url":"https:\/\/secure.gravatar.com\/avatar\/f6ca6430c51d147f363940f84e1225aa4b8183885c11802cc3b042305a4ecc1a?s=96&d=mm&r=g","contentUrl":"https:\/\/secure.gravatar.com\/avatar\/f6ca6430c51d147f363940f84e1225aa4b8183885c11802cc3b042305a4ecc1a?s=96&d=mm&r=g","caption":"Dinorah Nava"},"description":"Editora de Contenidos y Estrategias Digitales en Centro Urbano y Coeditora en Peri\u00f3dico Mi Casa. Egresada de la licenciatura en Comunicaci\u00f3n y Periodismo de la Facultad de Estudios Superiores Arag\u00f3n (UNAM). Amante de la edici\u00f3n y correcci\u00f3n de estilo, las redes sociales y el mundo digital. Especialista en temas son arquitectura, inmobiliario y urbanismo.","sameAs":["linkedin.com\/in\/dinorah-nava","https:\/\/x.com\/https:\/\/twitter.com\/Dinorah_Nava28"],"url":"https:\/\/centrourbano.com\/revista\/author\/dinorah-nava\/"}]}},"_links":{"self":[{"href":"https:\/\/centrourbano.com\/revista\/wp-json\/wp\/v2\/posts\/55050","targetHints":{"allow":["GET"]}}],"collection":[{"href":"https:\/\/centrourbano.com\/revista\/wp-json\/wp\/v2\/posts"}],"about":[{"href":"https:\/\/centrourbano.com\/revista\/wp-json\/wp\/v2\/types\/post"}],"author":[{"embeddable":true,"href":"https:\/\/centrourbano.com\/revista\/wp-json\/wp\/v2\/users\/9"}],"replies":[{"embeddable":true,"href":"https:\/\/centrourbano.com\/revista\/wp-json\/wp\/v2\/comments?post=55050"}],"version-history":[{"count":0,"href":"https:\/\/centrourbano.com\/revista\/wp-json\/wp\/v2\/posts\/55050\/revisions"}],"wp:featuredmedia":[{"embeddable":true,"href":"https:\/\/centrourbano.com\/revista\/wp-json\/wp\/v2\/media\/55051"}],"wp:attachment":[{"href":"https:\/\/centrourbano.com\/revista\/wp-json\/wp\/v2\/media?parent=55050"}],"wp:term":[{"taxonomy":"category","embeddable":true,"href":"https:\/\/centrourbano.com\/revista\/wp-json\/wp\/v2\/categories?post=55050"},{"taxonomy":"post_tag","embeddable":true,"href":"https:\/\/centrourbano.com\/revista\/wp-json\/wp\/v2\/tags?post=55050"}],"curies":[{"name":"wp","href":"https:\/\/api.w.org\/{rel}","templated":true}]}}