{"id":55,"date":"2013-10-17T16:22:06","date_gmt":"2013-10-17T16:22:06","guid":{"rendered":"http:\/\/centrourbano.com\/revista\/?p=55"},"modified":"2014-03-21T11:41:46","modified_gmt":"2014-03-21T17:41:46","slug":"protagonistas-del-sector-vivienda-unidos","status":"publish","type":"post","link":"https:\/\/centrourbano.com\/revista\/reportajes\/protagonistas-del-sector-vivienda-unidos\/","title":{"rendered":"Protagonistas del sector vivienda, unidos"},"content":{"rendered":"<p><em>Desarrolladores, organismos de vivienda y la banca, se congregaron para hablar del futuro de la industria<\/em><\/p>\n<p>&nbsp;<\/p>\n<p><em><!--more--><\/em><\/p>\n<p>Algunos de los principales actores del sector vivienda se reunieron la ma\u00f1ana de ayer en un desayuno organizado por Capital de M\u00e9xico donde se presentaron los distintos puntos de vista en cuanto a la industria, pues no s\u00f3lo se dieron cita desarrolladores si no tambi\u00e9n participaron personajes del gobierno y la banca.<\/p>\n<p>Entre las coincidencias se resalta la necesidad de trabajar de manera conjunta para realizar una planificaci\u00f3n adecuada para el futuro del sector pero poniendo como meta proyectos a 15 o 20 a\u00f1os porque se ha observado que los planes por sexenios no han resultado exitosos; adem\u00e1s, como especialistas de la industria coincidieron en que deben ser ellos los que generen las condiciones del juego y no s\u00f3lo tener que reaccionar ante los acontecimientos.<\/p>\n<p>Alex Metta, presidente de la C\u00e1mara Nacional de la Industria de Desarrollo y Promoci\u00f3n de la Vivienda (Canadevi Valle de M\u00e9xico), exhort\u00f3 al gremio para que las reuniones no sean s\u00f3lo durante los temas coyunturales o cuando se generen acontecimientos que provoquen nerviosismo entre los empresarios, por ello, desarrollando planes a largo plazo se puede reaccionar de una mejor manera debido a que las reglas cambian diario y enfatiz\u00f3 la necesidad de analizar los problemas reales del sector.<\/p>\n<p>Respecto a la problem\u00e1tica de vivienda social, algunos asistentes estuvieron de acuerdo que \u00e9sta se origin\u00f3 por deficiencias estructurales porque antes se desarrollaba en tierras muy baratas, alejadas de las ciudades, con emisiones de la Bolsa Mexicana de Valores que permit\u00edan financiar esto y ahora, hay un desequilibrio entre la oferta y demanda.<\/p>\n<p>Por su parte, Enrique Ay\u00f3n, director de cr\u00e9dito hipotecario de BBVA Bancomer, mencion\u00f3: \u201cHoy vemos que todo se ha enfocado a la oferta pero necesitamos hacer algo diferente que impulse la demanda, sabemos que hay un bono demogr\u00e1fico importante y creciente; demanda potencial, instituciones s\u00f3lidas que otorgan cr\u00e9ditos de eso no hay duda, sin embargo no se sabe qu\u00e9 sucede y mucho de ello, responde a que la oferta no est\u00e1 alineada con la demanda.<\/p>\n<p>\u201cNosotros seguimos abiertos y tenemos una participaci\u00f3n importante, estamos dispuestos a hacer cofinanciamientos y encontrar otros esquemas que permitan impulsar la vivienda\u201d, complement\u00f3 el directivo.<\/p>\n<p>Soluciones a los cr\u00e9ditos hipotecarios<\/p>\n<p>Un tema de inter\u00e9s para la industria son las hipotecas, por ello, en la reuni\u00f3n se habl\u00f3 del apoyo que debe existir a las personas que enfrentar situaciones extraordinarias como el hecho de los desastres naturales donde postergarle el pago por seis meses a un acreditado que ha perdido su vivienda contribuye a que pueda recuperarse m\u00e1s r\u00e1pido.<\/p>\n<p>En el mismo t\u00f3pico, se habl\u00f3 de que los bancos dejaron de ofrecer productos que den soluci\u00f3n a aquellas personas que a pesar de tener voluntad para reanudar sus pagos del cr\u00e9dito hipotecario no se le brindaban opciones.<\/p>\n<p>\u201cAfortunadamente, dos de los bancos m\u00e1s grandes en M\u00e9xico ya comenzaron a ofrecer de nuevo estos productos de soluci\u00f3n y a final de cuentas, si se hace un buen perfilamiento del deudor hipotecario se puede entender la ra\u00edz del por qu\u00e9 la persona dej\u00f3 de pagar y se le ofrece un producto de soluci\u00f3n acorde a las tasas, se tiene un gran \u00e9xito, caso contrario cuando se ofrece a cualquier persona\u201d, explic\u00f3 Alejandro Rivero-Andreu, director general de Genworth Financial.<\/p>\n<p>Fernando Abusaid Quinard, presidente de Canadevi Nacional, estuvo presente en la pl\u00e1tica entre amigos del gremio y coment\u00f3 algunas cuestiones referentes a los avances que se han tenido hasta el momento con los legisladores de las distintas comisiones que han prestado atenci\u00f3n a los argumentos de esta C\u00e1mara que representa a m\u00e1s de 800 afiliados con delegaciones en los distintos estados de la Rep\u00fablica Mexicana.<\/p>\n<p>En tanto, el vocal ejecutivo del Fovissste, Jos\u00e9 Reyes Baeza, prest\u00f3 atenci\u00f3n a los argumentos y comentarios dados a conocer por los invitados de honor para que de manera conjunta se cuide el bienestar y beneficio de los trabajadores que quieren ejercer su derecho a una vivienda, pero entre los participantes se tiene conciencia de que se debe pasar por un periodo de ajuste porque es necesario digerir todos los cambios en cuanto al modelo de producci\u00f3n de vivienda as\u00ed como las nuevas reglas de operaci\u00f3n que entrar\u00e1n en vigencia el pr\u00f3ximo a\u00f1o.<\/p>\n<p>Despu\u00e9s de una hora de compartir alimentos y opiniones, el evento fue el marco perfecto para que el arquitecto Horacio Urbano extendiera una cordial invitaci\u00f3n a los asistentes para que acompa\u00f1en a Capital de M\u00e9xico y Centro Urbano en la entrega de los Premios Hombres y Mujeres 2013, los cuales se llevar\u00e1n a cabo el pr\u00f3ximo mes.<\/p>\n<p>En el desayuno tambi\u00e9n se cont\u00f3 con la participaci\u00f3n de Francesco Piazzesi, director general de Convives; Jos\u00e9 Manuel Agudo, presidente de Desarrollos ALBERT, SAPI; Sebasti\u00e1n Fern\u00e1ndez Cortina, director sectorial empresarial del Infonavit, y Aida Roel, directora general del RUV, entre otros importantes representantes de la industria.<\/p>\n<p><strong>Estrategias para el financiamiento<\/strong><\/p>\n<p>El vocal ejecutivo del\u00a0Fondo de la Vivienda del ISSSTE, Jos\u00e9 Reyes Baeza, coment\u00f3 los temas de coyuntura de los \u00faltimos meses en el sector, entre ellos, las reglas de operaci\u00f3n y el tema de los subsidios, y ahora, la definici\u00f3n de un asunto en torno al IVA que ser\u00e1 crucial para los pr\u00f3ximos a\u00f1os.<\/p>\n<p>\u201cEntre nuestras estrategias tenemos la de fortalecer el cofinanciamiento con la banca comercial y para eso estamos buscando algunas alternativas viables porque de las dos que tenemos considero que no han dado los resultados esperados\u201d, plante\u00f3.<\/p>\n<p>Lo anterior respecto a que en el tema de Alia2 y Respalda2 el a\u00f1o pasado el Fovissste cerr\u00f3 con m\u00e1s de 50 mil cr\u00e9ditos hipotecarios de los tradicionales y en el esquema de cofinanciamiento se lleg\u00f3 a 350, por lo que se necesita un esquema que permita potenciar los recursos de los trabajadores.<\/p>\n<p>\u201cSi tenemos una variable el Fovissste podr\u00eda tener un mayor acceso a subsidios a\u00fan con ingresos salariales mayores en la burocracia y eso nos permitir\u00eda dimensionar un proyecto cuantitativo\u201d, mencion\u00f3 en cuanto al tema de los subsidios.<\/p>\n<p>De igual forma, precis\u00f3 que se debe atender el financiamiento v\u00eda bursatilizaci\u00f3n de la cartera hipotecaria de la instituci\u00f3n, pues a lo largo de los a\u00f1os, Fovissste ha tenido ingresos por m\u00e1s de 80 mil millones de pesos por esta ruta.<\/p>\n<p>\u201cSi nosotros este a\u00f1o empezamos con una meta de m\u00e1s de 40 mil cr\u00e9ditos tradicionales, a mediados de a\u00f1o tuvimos acuerdos de los \u00f3rganos de gobierno para crecer a 60 mil hipotecarios tradicionales y subimos en la parte global de 75 mil a 90 mil cr\u00e9ditos; debemos hacer que el pr\u00f3ximo a\u00f1o lleguemos a 105 mil cr\u00e9ditos\u201d.<\/p>\n<p>Para ello, precis\u00f3 que se deben encontrar alternativas de financiamiento, pues cuando al sacar un nuevo producto al mercado para la bursatilizaci\u00f3n se debe mezclar la cartera de Fovissste con otra cartera hipotecaria.<\/p>\n<p>\u201cDe los 38 mil millones de pesos de presupuesto para cr\u00e9ditos de este a\u00f1o vamos a tener 17 mil millones de ingreso v\u00eda bursatilizaciones m\u00e1s, una cantidad que ha fondeado la SHF\u201d, concluy\u00f3.<\/p>\n<p><strong>Una propuesta de gradualidad: Abusaid Quinard<\/strong><\/p>\n<p>Fernando Abusaid Quinard, presidente nacional de la\u00a0C\u00e1mara Nacional de la Industria de Desarrollo y Promoci\u00f3n de Vivienda (Canadevi) destac\u00f3 que las propuestas que se han presentado se basan en una l\u00ednea en la que b\u00e1sicamente se ve a la vivienda como satisfactor social y generador econ\u00f3mico.<\/p>\n<p>Indic\u00f3 que la C\u00e1mara que presidente ha sido respetuosa con todas las propuestas y que incluso las han enriquecido, prueba de ello es que el primer documento que ten\u00edan era de 7 p\u00e1ginas y finaliz\u00f3 con el doble.<\/p>\n<p>\u201cLos primeros contactos con las comisiones de vivienda dieron buenos resultados y al d\u00eda de hoy nos han seguido escuchando, nuestro punto era acerca del IVA y apel\u00e1bamos a una gradualidad que empezara a funcionar a partir de un mill\u00f3n y medio sin da\u00f1ar el tema social\u201d, expuso.<\/p>\n<p>Fernando Abusaid revel\u00f3 que la \u00faltima propuesta que han ingresado fue con Aliados Plus, de Fovissste, de hasta 3 mil 250 y destac\u00f3 que el anuncio de 12 mil 500 millones de pesos de presupuesto para el pr\u00f3ximo a\u00f1o lleg\u00f3 en buen momento.<\/p>\n<p>De igual forma, respecto al IVA en vivienda mencion\u00f3 que tienen la propuesta de gradualidad y en cuanto a la deducci\u00f3n de la tierra, el camino fue que al momento en que se compraran las tierras, el 50 por ciento se vaya a las calles, banquetas, infraestructura, municipios y \u00e1reas verdes, lo que result\u00f3 en que la mitad de esa adquisici\u00f3n se fuera a tres a\u00f1os por los tiempos de asignaci\u00f3n de licencias y permisos y la otra parte en cuanto se empezara a trabajar la tierra \u201cese es un colch\u00f3n bueno porque ya no nos impacta tanto\u201d, concluy\u00f3.<\/p>\n","protected":false},"excerpt":{"rendered":"<p>Desarrolladores, organismos de vivienda y la banca, se congregaron para hablar del futuro de la industria &nbsp;<\/p>\n","protected":false},"author":2,"featured_media":16395,"comment_status":"open","ping_status":"closed","sticky":false,"template":"","format":"standard","meta":{"om_disable_all_campaigns":false,"inline_featured_image":false,"_monsterinsights_skip_tracking":false,"_monsterinsights_sitenote_active":false,"_monsterinsights_sitenote_note":"","_monsterinsights_sitenote_category":0,"footnotes":""},"categories":[16],"tags":[],"class_list":["post-55","post","type-post","status-publish","format-standard","has-post-thumbnail","hentry","category-reportajes"],"yoast_head":"<!-- This site is optimized with the Yoast SEO plugin v27.5 - https:\/\/yoast.com\/product\/yoast-seo-wordpress\/ -->\n<title>Protagonistas del sector vivienda, unidos -<\/title>\n<meta name=\"description\" content=\"Desarrolladores, organismos de vivienda y la banca, se congregaron para hablar del futuro de la industria &nbsp; Algunos de los principales actores del\" \/>\n<meta name=\"robots\" content=\"index, follow, max-snippet:-1, max-image-preview:large, max-video-preview:-1\" \/>\n<link rel=\"canonical\" href=\"https:\/\/centrourbano.com\/revista\/reportajes\/protagonistas-del-sector-vivienda-unidos\/\" \/>\n<meta property=\"og:locale\" content=\"es_ES\" \/>\n<meta property=\"og:type\" content=\"article\" \/>\n<meta property=\"og:title\" content=\"Protagonistas del sector vivienda, unidos -\" \/>\n<meta property=\"og:description\" content=\"Desarrolladores, organismos de vivienda y la banca, se congregaron para hablar del futuro de la industria &nbsp; Algunos de los principales actores del\" \/>\n<meta property=\"og:url\" content=\"https:\/\/centrourbano.com\/revista\/reportajes\/protagonistas-del-sector-vivienda-unidos\/\" \/>\n<meta property=\"og:site_name\" content=\"Centro Urbano\" \/>\n<meta property=\"article:publisher\" content=\"https:\/\/www.facebook.com\/portalcentrourbano\" \/>\n<meta property=\"article:published_time\" content=\"2013-10-17T16:22:06+00:00\" \/>\n<meta property=\"article:modified_time\" content=\"2014-03-21T17:41:46+00:00\" \/>\n<meta property=\"og:image\" content=\"https:\/\/centrourbano.com\/revista\/wp-content\/uploads\/desayunocu31.jpg\" \/>\n\t<meta property=\"og:image:width\" content=\"400\" \/>\n\t<meta property=\"og:image:height\" content=\"224\" \/>\n\t<meta property=\"og:image:type\" content=\"image\/jpeg\" \/>\n<meta name=\"author\" content=\"Roxana Fabris\" \/>\n<meta name=\"twitter:card\" content=\"summary_large_image\" \/>\n<meta name=\"twitter:creator\" content=\"@CentroUrbano\" \/>\n<meta name=\"twitter:site\" content=\"@CentroUrbano\" \/>\n<meta name=\"twitter:label1\" content=\"Escrito por\" \/>\n\t<meta name=\"twitter:data1\" content=\"Roxana Fabris\" \/>\n\t<meta name=\"twitter:label2\" content=\"Tiempo de lectura\" \/>\n\t<meta name=\"twitter:data2\" content=\"8 minutos\" \/>\n<script type=\"application\/ld+json\" class=\"yoast-schema-graph\">{\"@context\":\"https:\\\/\\\/schema.org\",\"@graph\":[{\"@type\":\"Article\",\"@id\":\"https:\\\/\\\/centrourbano.com\\\/revista\\\/reportajes\\\/protagonistas-del-sector-vivienda-unidos\\\/#article\",\"isPartOf\":{\"@id\":\"https:\\\/\\\/centrourbano.com\\\/revista\\\/reportajes\\\/protagonistas-del-sector-vivienda-unidos\\\/\"},\"author\":{\"name\":\"Roxana Fabris\",\"@id\":\"https:\\\/\\\/centrourbano.com\\\/revista\\\/#\\\/schema\\\/person\\\/e8f1bd9b3924f637f37c18b87b25f75a\"},\"headline\":\"Protagonistas del sector vivienda, unidos\",\"datePublished\":\"2013-10-17T16:22:06+00:00\",\"dateModified\":\"2014-03-21T17:41:46+00:00\",\"mainEntityOfPage\":{\"@id\":\"https:\\\/\\\/centrourbano.com\\\/revista\\\/reportajes\\\/protagonistas-del-sector-vivienda-unidos\\\/\"},\"wordCount\":1530,\"commentCount\":0,\"publisher\":{\"@id\":\"https:\\\/\\\/centrourbano.com\\\/revista\\\/#organization\"},\"image\":{\"@id\":\"https:\\\/\\\/centrourbano.com\\\/revista\\\/reportajes\\\/protagonistas-del-sector-vivienda-unidos\\\/#primaryimage\"},\"thumbnailUrl\":\"https:\\\/\\\/centrourbano.com\\\/revista\\\/wp-content\\\/uploads\\\/desayunocu31.jpg\",\"articleSection\":[\"Reportajes\"],\"inLanguage\":\"es\",\"potentialAction\":[{\"@type\":\"CommentAction\",\"name\":\"Comment\",\"target\":[\"https:\\\/\\\/centrourbano.com\\\/revista\\\/reportajes\\\/protagonistas-del-sector-vivienda-unidos\\\/#respond\"]}]},{\"@type\":\"WebPage\",\"@id\":\"https:\\\/\\\/centrourbano.com\\\/revista\\\/reportajes\\\/protagonistas-del-sector-vivienda-unidos\\\/\",\"url\":\"https:\\\/\\\/centrourbano.com\\\/revista\\\/reportajes\\\/protagonistas-del-sector-vivienda-unidos\\\/\",\"name\":\"Protagonistas del sector vivienda, unidos -\",\"isPartOf\":{\"@id\":\"https:\\\/\\\/centrourbano.com\\\/revista\\\/#website\"},\"primaryImageOfPage\":{\"@id\":\"https:\\\/\\\/centrourbano.com\\\/revista\\\/reportajes\\\/protagonistas-del-sector-vivienda-unidos\\\/#primaryimage\"},\"image\":{\"@id\":\"https:\\\/\\\/centrourbano.com\\\/revista\\\/reportajes\\\/protagonistas-del-sector-vivienda-unidos\\\/#primaryimage\"},\"thumbnailUrl\":\"https:\\\/\\\/centrourbano.com\\\/revista\\\/wp-content\\\/uploads\\\/desayunocu31.jpg\",\"datePublished\":\"2013-10-17T16:22:06+00:00\",\"dateModified\":\"2014-03-21T17:41:46+00:00\",\"description\":\"Desarrolladores, organismos de vivienda y la banca, se congregaron para hablar del futuro de la industria &nbsp; Algunos de los principales actores del\",\"breadcrumb\":{\"@id\":\"https:\\\/\\\/centrourbano.com\\\/revista\\\/reportajes\\\/protagonistas-del-sector-vivienda-unidos\\\/#breadcrumb\"},\"inLanguage\":\"es\",\"potentialAction\":[{\"@type\":\"ReadAction\",\"target\":[\"https:\\\/\\\/centrourbano.com\\\/revista\\\/reportajes\\\/protagonistas-del-sector-vivienda-unidos\\\/\"]}]},{\"@type\":\"ImageObject\",\"inLanguage\":\"es\",\"@id\":\"https:\\\/\\\/centrourbano.com\\\/revista\\\/reportajes\\\/protagonistas-del-sector-vivienda-unidos\\\/#primaryimage\",\"url\":\"https:\\\/\\\/centrourbano.com\\\/revista\\\/wp-content\\\/uploads\\\/desayunocu31.jpg\",\"contentUrl\":\"https:\\\/\\\/centrourbano.com\\\/revista\\\/wp-content\\\/uploads\\\/desayunocu31.jpg\",\"width\":400,\"height\":224},{\"@type\":\"BreadcrumbList\",\"@id\":\"https:\\\/\\\/centrourbano.com\\\/revista\\\/reportajes\\\/protagonistas-del-sector-vivienda-unidos\\\/#breadcrumb\",\"itemListElement\":[{\"@type\":\"ListItem\",\"position\":1,\"name\":\"Portada\",\"item\":\"https:\\\/\\\/centrourbano.com\\\/revista\\\/\"},{\"@type\":\"ListItem\",\"position\":2,\"name\":\"Protagonistas del sector vivienda, unidos\"}]},{\"@type\":\"WebSite\",\"@id\":\"https:\\\/\\\/centrourbano.com\\\/revista\\\/#website\",\"url\":\"https:\\\/\\\/centrourbano.com\\\/revista\\\/\",\"name\":\"Centro Urbano\",\"description\":\"Medio especializado en los sectores vivienda, inmobiliario, construcci\u00f3n, arquitectura y urbanismo.\",\"publisher\":{\"@id\":\"https:\\\/\\\/centrourbano.com\\\/revista\\\/#organization\"},\"potentialAction\":[{\"@type\":\"SearchAction\",\"target\":{\"@type\":\"EntryPoint\",\"urlTemplate\":\"https:\\\/\\\/centrourbano.com\\\/revista\\\/?s={search_term_string}\"},\"query-input\":{\"@type\":\"PropertyValueSpecification\",\"valueRequired\":true,\"valueName\":\"search_term_string\"}}],\"inLanguage\":\"es\"},{\"@type\":\"Organization\",\"@id\":\"https:\\\/\\\/centrourbano.com\\\/revista\\\/#organization\",\"name\":\"Centro Urbano\",\"url\":\"https:\\\/\\\/centrourbano.com\\\/revista\\\/\",\"logo\":{\"@type\":\"ImageObject\",\"inLanguage\":\"es\",\"@id\":\"https:\\\/\\\/centrourbano.com\\\/revista\\\/#\\\/schema\\\/logo\\\/image\\\/\",\"url\":\"https:\\\/\\\/centrourbano.com\\\/revista\\\/wp-content\\\/uploads\\\/web_CU_logo-1.png\",\"contentUrl\":\"https:\\\/\\\/centrourbano.com\\\/revista\\\/wp-content\\\/uploads\\\/web_CU_logo-1.png\",\"width\":350,\"height\":91,\"caption\":\"Centro Urbano\"},\"image\":{\"@id\":\"https:\\\/\\\/centrourbano.com\\\/revista\\\/#\\\/schema\\\/logo\\\/image\\\/\"},\"sameAs\":[\"https:\\\/\\\/www.facebook.com\\\/portalcentrourbano\",\"https:\\\/\\\/x.com\\\/CentroUrbano\",\"https:\\\/\\\/www.instagram.com\\\/centro_urbano\\\/\",\"https:\\\/\\\/www.linkedin.com\\\/company\\\/centro-urbano\\\/\",\"http:\\\/\\\/www.youtube.com\\\/user\\\/portalcentrourbano\"]},{\"@type\":\"Person\",\"@id\":\"https:\\\/\\\/centrourbano.com\\\/revista\\\/#\\\/schema\\\/person\\\/e8f1bd9b3924f637f37c18b87b25f75a\",\"name\":\"Roxana Fabris\",\"image\":{\"@type\":\"ImageObject\",\"inLanguage\":\"es\",\"@id\":\"https:\\\/\\\/secure.gravatar.com\\\/avatar\\\/b5f209c693a3e50d351ea42bf196dbd3a4601a73d52749521df7cde4389129ec?s=96&d=mm&r=g\",\"url\":\"https:\\\/\\\/secure.gravatar.com\\\/avatar\\\/b5f209c693a3e50d351ea42bf196dbd3a4601a73d52749521df7cde4389129ec?s=96&d=mm&r=g\",\"contentUrl\":\"https:\\\/\\\/secure.gravatar.com\\\/avatar\\\/b5f209c693a3e50d351ea42bf196dbd3a4601a73d52749521df7cde4389129ec?s=96&d=mm&r=g\",\"caption\":\"Roxana Fabris\"},\"url\":\"https:\\\/\\\/centrourbano.com\\\/revista\\\/author\\\/roxana-fabris\\\/\"}]}<\/script>\n<!-- \/ Yoast SEO plugin. -->","yoast_head_json":{"title":"Protagonistas del sector vivienda, unidos -","description":"Desarrolladores, organismos de vivienda y la banca, se congregaron para hablar del futuro de la industria &nbsp; Algunos de los principales actores del","robots":{"index":"index","follow":"follow","max-snippet":"max-snippet:-1","max-image-preview":"max-image-preview:large","max-video-preview":"max-video-preview:-1"},"canonical":"https:\/\/centrourbano.com\/revista\/reportajes\/protagonistas-del-sector-vivienda-unidos\/","og_locale":"es_ES","og_type":"article","og_title":"Protagonistas del sector vivienda, unidos -","og_description":"Desarrolladores, organismos de vivienda y la banca, se congregaron para hablar del futuro de la industria &nbsp; Algunos de los principales actores del","og_url":"https:\/\/centrourbano.com\/revista\/reportajes\/protagonistas-del-sector-vivienda-unidos\/","og_site_name":"Centro Urbano","article_publisher":"https:\/\/www.facebook.com\/portalcentrourbano","article_published_time":"2013-10-17T16:22:06+00:00","article_modified_time":"2014-03-21T17:41:46+00:00","og_image":[{"width":400,"height":224,"url":"https:\/\/centrourbano.com\/revista\/wp-content\/uploads\/desayunocu31.jpg","type":"image\/jpeg"}],"author":"Roxana Fabris","twitter_card":"summary_large_image","twitter_creator":"@CentroUrbano","twitter_site":"@CentroUrbano","twitter_misc":{"Escrito por":"Roxana Fabris","Tiempo de lectura":"8 minutos"},"schema":{"@context":"https:\/\/schema.org","@graph":[{"@type":"Article","@id":"https:\/\/centrourbano.com\/revista\/reportajes\/protagonistas-del-sector-vivienda-unidos\/#article","isPartOf":{"@id":"https:\/\/centrourbano.com\/revista\/reportajes\/protagonistas-del-sector-vivienda-unidos\/"},"author":{"name":"Roxana Fabris","@id":"https:\/\/centrourbano.com\/revista\/#\/schema\/person\/e8f1bd9b3924f637f37c18b87b25f75a"},"headline":"Protagonistas del sector vivienda, unidos","datePublished":"2013-10-17T16:22:06+00:00","dateModified":"2014-03-21T17:41:46+00:00","mainEntityOfPage":{"@id":"https:\/\/centrourbano.com\/revista\/reportajes\/protagonistas-del-sector-vivienda-unidos\/"},"wordCount":1530,"commentCount":0,"publisher":{"@id":"https:\/\/centrourbano.com\/revista\/#organization"},"image":{"@id":"https:\/\/centrourbano.com\/revista\/reportajes\/protagonistas-del-sector-vivienda-unidos\/#primaryimage"},"thumbnailUrl":"https:\/\/centrourbano.com\/revista\/wp-content\/uploads\/desayunocu31.jpg","articleSection":["Reportajes"],"inLanguage":"es","potentialAction":[{"@type":"CommentAction","name":"Comment","target":["https:\/\/centrourbano.com\/revista\/reportajes\/protagonistas-del-sector-vivienda-unidos\/#respond"]}]},{"@type":"WebPage","@id":"https:\/\/centrourbano.com\/revista\/reportajes\/protagonistas-del-sector-vivienda-unidos\/","url":"https:\/\/centrourbano.com\/revista\/reportajes\/protagonistas-del-sector-vivienda-unidos\/","name":"Protagonistas del sector vivienda, unidos -","isPartOf":{"@id":"https:\/\/centrourbano.com\/revista\/#website"},"primaryImageOfPage":{"@id":"https:\/\/centrourbano.com\/revista\/reportajes\/protagonistas-del-sector-vivienda-unidos\/#primaryimage"},"image":{"@id":"https:\/\/centrourbano.com\/revista\/reportajes\/protagonistas-del-sector-vivienda-unidos\/#primaryimage"},"thumbnailUrl":"https:\/\/centrourbano.com\/revista\/wp-content\/uploads\/desayunocu31.jpg","datePublished":"2013-10-17T16:22:06+00:00","dateModified":"2014-03-21T17:41:46+00:00","description":"Desarrolladores, organismos de vivienda y la banca, se congregaron para hablar del futuro de la industria &nbsp; Algunos de los principales actores del","breadcrumb":{"@id":"https:\/\/centrourbano.com\/revista\/reportajes\/protagonistas-del-sector-vivienda-unidos\/#breadcrumb"},"inLanguage":"es","potentialAction":[{"@type":"ReadAction","target":["https:\/\/centrourbano.com\/revista\/reportajes\/protagonistas-del-sector-vivienda-unidos\/"]}]},{"@type":"ImageObject","inLanguage":"es","@id":"https:\/\/centrourbano.com\/revista\/reportajes\/protagonistas-del-sector-vivienda-unidos\/#primaryimage","url":"https:\/\/centrourbano.com\/revista\/wp-content\/uploads\/desayunocu31.jpg","contentUrl":"https:\/\/centrourbano.com\/revista\/wp-content\/uploads\/desayunocu31.jpg","width":400,"height":224},{"@type":"BreadcrumbList","@id":"https:\/\/centrourbano.com\/revista\/reportajes\/protagonistas-del-sector-vivienda-unidos\/#breadcrumb","itemListElement":[{"@type":"ListItem","position":1,"name":"Portada","item":"https:\/\/centrourbano.com\/revista\/"},{"@type":"ListItem","position":2,"name":"Protagonistas del sector vivienda, unidos"}]},{"@type":"WebSite","@id":"https:\/\/centrourbano.com\/revista\/#website","url":"https:\/\/centrourbano.com\/revista\/","name":"Centro Urbano","description":"Medio especializado en los sectores vivienda, inmobiliario, construcci\u00f3n, arquitectura y urbanismo.","publisher":{"@id":"https:\/\/centrourbano.com\/revista\/#organization"},"potentialAction":[{"@type":"SearchAction","target":{"@type":"EntryPoint","urlTemplate":"https:\/\/centrourbano.com\/revista\/?s={search_term_string}"},"query-input":{"@type":"PropertyValueSpecification","valueRequired":true,"valueName":"search_term_string"}}],"inLanguage":"es"},{"@type":"Organization","@id":"https:\/\/centrourbano.com\/revista\/#organization","name":"Centro Urbano","url":"https:\/\/centrourbano.com\/revista\/","logo":{"@type":"ImageObject","inLanguage":"es","@id":"https:\/\/centrourbano.com\/revista\/#\/schema\/logo\/image\/","url":"https:\/\/centrourbano.com\/revista\/wp-content\/uploads\/web_CU_logo-1.png","contentUrl":"https:\/\/centrourbano.com\/revista\/wp-content\/uploads\/web_CU_logo-1.png","width":350,"height":91,"caption":"Centro Urbano"},"image":{"@id":"https:\/\/centrourbano.com\/revista\/#\/schema\/logo\/image\/"},"sameAs":["https:\/\/www.facebook.com\/portalcentrourbano","https:\/\/x.com\/CentroUrbano","https:\/\/www.instagram.com\/centro_urbano\/","https:\/\/www.linkedin.com\/company\/centro-urbano\/","http:\/\/www.youtube.com\/user\/portalcentrourbano"]},{"@type":"Person","@id":"https:\/\/centrourbano.com\/revista\/#\/schema\/person\/e8f1bd9b3924f637f37c18b87b25f75a","name":"Roxana Fabris","image":{"@type":"ImageObject","inLanguage":"es","@id":"https:\/\/secure.gravatar.com\/avatar\/b5f209c693a3e50d351ea42bf196dbd3a4601a73d52749521df7cde4389129ec?s=96&d=mm&r=g","url":"https:\/\/secure.gravatar.com\/avatar\/b5f209c693a3e50d351ea42bf196dbd3a4601a73d52749521df7cde4389129ec?s=96&d=mm&r=g","contentUrl":"https:\/\/secure.gravatar.com\/avatar\/b5f209c693a3e50d351ea42bf196dbd3a4601a73d52749521df7cde4389129ec?s=96&d=mm&r=g","caption":"Roxana Fabris"},"url":"https:\/\/centrourbano.com\/revista\/author\/roxana-fabris\/"}]}},"_links":{"self":[{"href":"https:\/\/centrourbano.com\/revista\/wp-json\/wp\/v2\/posts\/55","targetHints":{"allow":["GET"]}}],"collection":[{"href":"https:\/\/centrourbano.com\/revista\/wp-json\/wp\/v2\/posts"}],"about":[{"href":"https:\/\/centrourbano.com\/revista\/wp-json\/wp\/v2\/types\/post"}],"author":[{"embeddable":true,"href":"https:\/\/centrourbano.com\/revista\/wp-json\/wp\/v2\/users\/2"}],"replies":[{"embeddable":true,"href":"https:\/\/centrourbano.com\/revista\/wp-json\/wp\/v2\/comments?post=55"}],"version-history":[{"count":0,"href":"https:\/\/centrourbano.com\/revista\/wp-json\/wp\/v2\/posts\/55\/revisions"}],"wp:featuredmedia":[{"embeddable":true,"href":"https:\/\/centrourbano.com\/revista\/wp-json\/wp\/v2\/media\/16395"}],"wp:attachment":[{"href":"https:\/\/centrourbano.com\/revista\/wp-json\/wp\/v2\/media?parent=55"}],"wp:term":[{"taxonomy":"category","embeddable":true,"href":"https:\/\/centrourbano.com\/revista\/wp-json\/wp\/v2\/categories?post=55"},{"taxonomy":"post_tag","embeddable":true,"href":"https:\/\/centrourbano.com\/revista\/wp-json\/wp\/v2\/tags?post=55"}],"curies":[{"name":"wp","href":"https:\/\/api.w.org\/{rel}","templated":true}]}}