{"id":54659,"date":"2017-06-13T14:47:21","date_gmt":"2017-06-13T19:47:21","guid":{"rendered":"https:\/\/centrourbano.com\/?p=54659"},"modified":"2017-06-14T14:30:54","modified_gmt":"2017-06-14T19:30:54","slug":"rehabilitacion-eje-1-norte","status":"publish","type":"post","link":"https:\/\/centrourbano.com\/revista\/urbanismo\/rehabilitacion-eje-1-norte\/","title":{"rendered":"Avanza rehabilitaci\u00f3n del Eje 1 Norte en CDMX"},"content":{"rendered":"<p><em>El gobierno de la ciudad invierte aproximadamente 25,000,000 de pesos en el proyecto de rehabilitaci\u00f3n y mejoramiento vial<\/em><\/p>\n<p>Un tramo de 1.6 kil\u00f3metros del Eje 1 Norte fue intervenido entre las avenidas Paseo de la Reforma y Anillo de Circunvalaci\u00f3n, como parte de las tareas de rehabilitaci\u00f3n y recuperaci\u00f3n integral del espacio urbano. Los trabajos se realizaron de las 22:00 a las 06:00 del martes.<\/p>\n<p>Se abarcaron tres cuadras de la acera sur de Brasil a Aztecas, donde se desmantelaron alrededor de 700 estructuras y techumbres met\u00e1licas, as\u00ed como puestos fijos y semifijos; de igual manera, se retiraron aproximadamente 300 en la acera norte, entre Peralvillo y Jes\u00fas Carranza. Gracias a esto se liberaron las entradas y salidas de la Estaci\u00f3n Lagunilla del Sistema de Transporte Colectivo.<\/p>\n<p>Dichas acciones tienen la finalidad de mejorar la imagen urbana, recuperar espacios y reordenar la zona comercial. Son coordinadas a trav\u00e9s de la Direcci\u00f3n General Gobierno, la encargada de llevar a cabo la concertaci\u00f3n con los comerciantes y as\u00ed, avanzar con los trabajos de rehabilitaci\u00f3n. En esta ocasi\u00f3n se cont\u00f3 con 1500 participantes, entre personal del gobierno capitalino, de seguridad y encargados de retirar desechos.<\/p>\n<p>Con el proyecto se plantea la ampliaci\u00f3n de \u00e1reas peatonales, un carril exclusivo para transporte p\u00fablico compartido con ciclistas; as\u00ed como espacio definido para transporte de carga y un carril de contraflujo.<\/p>\n<p>El Gobierno de la CDMX reitera que la zona mantendr\u00e1 su vocaci\u00f3n comercial, pero con mejores condiciones de seguridad ciudadana y un espacio p\u00fablico ordenado.<\/p>\n","protected":false},"excerpt":{"rendered":"<p>El gobierno de la ciudad invierte aproximadamente 25,000,000 de pesos en el proyecto de rehabilitaci\u00f3n y mejoramiento vial Un tramo de 1.6 kil\u00f3metros del Eje 1 Norte fue intervenido entre las avenidas Paseo de la Reforma y Anillo de Circunvalaci\u00f3n, como parte de las tareas de rehabilitaci\u00f3n y recuperaci\u00f3n integral del espacio urbano. Los trabajos [&hellip;]<\/p>\n","protected":false},"author":53,"featured_media":54662,"comment_status":"open","ping_status":"closed","sticky":false,"template":"","format":"standard","meta":{"om_disable_all_campaigns":false,"inline_featured_image":false,"_monsterinsights_skip_tracking":false,"_monsterinsights_sitenote_active":false,"_monsterinsights_sitenote_note":"","_monsterinsights_sitenote_category":0,"footnotes":""},"categories":[82],"tags":[606,627,713,10256,694],"class_list":["post-54659","post","type-post","status-publish","format-standard","has-post-thumbnail","hentry","category-urbanismo","tag-cdmx","tag-espacio-publico","tag-peatones","tag-seguridad-publica","tag-transporte-publico"],"yoast_head":"<!-- This site is optimized with the Yoast SEO plugin v27.4 - https:\/\/yoast.com\/product\/yoast-seo-wordpress\/ -->\n<title>Avanza rehabilitaci\u00f3n del Eje 1 Norte en CDMX<\/title>\n<meta name=\"description\" content=\"El gobierno de la ciudad invierte aproximadamente 25,000 de pesos en el proyecto de rehabilitaci\u00f3n y mejoramiento vial\" \/>\n<meta name=\"robots\" content=\"index, follow, max-snippet:-1, max-image-preview:large, max-video-preview:-1\" \/>\n<link rel=\"canonical\" href=\"https:\/\/centrourbano.com\/revista\/urbanismo\/rehabilitacion-eje-1-norte\/\" \/>\n<meta property=\"og:locale\" content=\"es_ES\" \/>\n<meta property=\"og:type\" content=\"article\" \/>\n<meta property=\"og:title\" content=\"Avanza rehabilitaci\u00f3n del Eje 1 Norte en CDMX\" \/>\n<meta property=\"og:description\" content=\"El gobierno de la ciudad invierte aproximadamente 25,000 de pesos en el proyecto de rehabilitaci\u00f3n y mejoramiento vial\" \/>\n<meta property=\"og:url\" content=\"https:\/\/centrourbano.com\/revista\/urbanismo\/rehabilitacion-eje-1-norte\/\" \/>\n<meta property=\"og:site_name\" content=\"Centro Urbano\" \/>\n<meta property=\"article:publisher\" content=\"https:\/\/www.facebook.com\/portalcentrourbano\" \/>\n<meta property=\"article:author\" content=\"facebook.com\/ro.garcia23\" \/>\n<meta property=\"article:published_time\" content=\"2017-06-13T19:47:21+00:00\" \/>\n<meta property=\"article:modified_time\" content=\"2017-06-14T19:30:54+00:00\" \/>\n<meta property=\"og:image\" content=\"https:\/\/centrourbano.com\/revista\/wp-content\/uploads\/12062017_OPERATIVO_EJE_NORTE_METRO_LAGUNILLA01-scaled.jpg\" \/>\n\t<meta property=\"og:image:width\" content=\"2560\" \/>\n\t<meta property=\"og:image:height\" content=\"1696\" \/>\n\t<meta property=\"og:image:type\" content=\"image\/jpeg\" \/>\n<meta name=\"author\" content=\"Roc\u00edo Garc\u00eda\" \/>\n<meta name=\"twitter:card\" content=\"summary_large_image\" \/>\n<meta name=\"twitter:creator\" content=\"@CentroUrbano\" \/>\n<meta name=\"twitter:site\" content=\"@CentroUrbano\" \/>\n<meta name=\"twitter:label1\" content=\"Escrito por\" \/>\n\t<meta name=\"twitter:data1\" content=\"Roc\u00edo Garc\u00eda\" \/>\n\t<meta name=\"twitter:label2\" content=\"Tiempo de lectura\" \/>\n\t<meta name=\"twitter:data2\" content=\"1 minuto\" \/>\n<script type=\"application\/ld+json\" class=\"yoast-schema-graph\">{\"@context\":\"https:\\\/\\\/schema.org\",\"@graph\":[{\"@type\":\"Article\",\"@id\":\"https:\\\/\\\/centrourbano.com\\\/revista\\\/urbanismo\\\/rehabilitacion-eje-1-norte\\\/#article\",\"isPartOf\":{\"@id\":\"https:\\\/\\\/centrourbano.com\\\/revista\\\/urbanismo\\\/rehabilitacion-eje-1-norte\\\/\"},\"author\":{\"name\":\"Roc\u00edo Garc\u00eda\",\"@id\":\"https:\\\/\\\/centrourbano.com\\\/revista\\\/#\\\/schema\\\/person\\\/9a36a90c9a17a588335bc23c7aa03e3c\"},\"headline\":\"Avanza rehabilitaci\u00f3n del Eje 1 Norte en CDMX\",\"datePublished\":\"2017-06-13T19:47:21+00:00\",\"dateModified\":\"2017-06-14T19:30:54+00:00\",\"mainEntityOfPage\":{\"@id\":\"https:\\\/\\\/centrourbano.com\\\/revista\\\/urbanismo\\\/rehabilitacion-eje-1-norte\\\/\"},\"wordCount\":266,\"commentCount\":0,\"publisher\":{\"@id\":\"https:\\\/\\\/centrourbano.com\\\/revista\\\/#organization\"},\"image\":{\"@id\":\"https:\\\/\\\/centrourbano.com\\\/revista\\\/urbanismo\\\/rehabilitacion-eje-1-norte\\\/#primaryimage\"},\"thumbnailUrl\":\"https:\\\/\\\/centrourbano.com\\\/revista\\\/wp-content\\\/uploads\\\/12062017_OPERATIVO_EJE_NORTE_METRO_LAGUNILLA01-scaled.jpg\",\"keywords\":[\"CDMX\",\"Espacio p\u00fablico\",\"Peatones\",\"seguridad p\u00fablica\",\"Transporte p\u00fablico\"],\"articleSection\":[\"Urbanismo\"],\"inLanguage\":\"es\",\"potentialAction\":[{\"@type\":\"CommentAction\",\"name\":\"Comment\",\"target\":[\"https:\\\/\\\/centrourbano.com\\\/revista\\\/urbanismo\\\/rehabilitacion-eje-1-norte\\\/#respond\"]}]},{\"@type\":\"WebPage\",\"@id\":\"https:\\\/\\\/centrourbano.com\\\/revista\\\/urbanismo\\\/rehabilitacion-eje-1-norte\\\/\",\"url\":\"https:\\\/\\\/centrourbano.com\\\/revista\\\/urbanismo\\\/rehabilitacion-eje-1-norte\\\/\",\"name\":\"Avanza rehabilitaci\u00f3n del Eje 1 Norte en CDMX\",\"isPartOf\":{\"@id\":\"https:\\\/\\\/centrourbano.com\\\/revista\\\/#website\"},\"primaryImageOfPage\":{\"@id\":\"https:\\\/\\\/centrourbano.com\\\/revista\\\/urbanismo\\\/rehabilitacion-eje-1-norte\\\/#primaryimage\"},\"image\":{\"@id\":\"https:\\\/\\\/centrourbano.com\\\/revista\\\/urbanismo\\\/rehabilitacion-eje-1-norte\\\/#primaryimage\"},\"thumbnailUrl\":\"https:\\\/\\\/centrourbano.com\\\/revista\\\/wp-content\\\/uploads\\\/12062017_OPERATIVO_EJE_NORTE_METRO_LAGUNILLA01-scaled.jpg\",\"datePublished\":\"2017-06-13T19:47:21+00:00\",\"dateModified\":\"2017-06-14T19:30:54+00:00\",\"description\":\"El gobierno de la ciudad invierte aproximadamente 25,000 de pesos en el proyecto de rehabilitaci\u00f3n y mejoramiento vial\",\"breadcrumb\":{\"@id\":\"https:\\\/\\\/centrourbano.com\\\/revista\\\/urbanismo\\\/rehabilitacion-eje-1-norte\\\/#breadcrumb\"},\"inLanguage\":\"es\",\"potentialAction\":[{\"@type\":\"ReadAction\",\"target\":[\"https:\\\/\\\/centrourbano.com\\\/revista\\\/urbanismo\\\/rehabilitacion-eje-1-norte\\\/\"]}]},{\"@type\":\"ImageObject\",\"inLanguage\":\"es\",\"@id\":\"https:\\\/\\\/centrourbano.com\\\/revista\\\/urbanismo\\\/rehabilitacion-eje-1-norte\\\/#primaryimage\",\"url\":\"https:\\\/\\\/centrourbano.com\\\/revista\\\/wp-content\\\/uploads\\\/12062017_OPERATIVO_EJE_NORTE_METRO_LAGUNILLA01-scaled.jpg\",\"contentUrl\":\"https:\\\/\\\/centrourbano.com\\\/revista\\\/wp-content\\\/uploads\\\/12062017_OPERATIVO_EJE_NORTE_METRO_LAGUNILLA01-scaled.jpg\",\"width\":2560,\"height\":1696,\"caption\":\"El gobierno de la ciudad invierte aproximadamente 25,000 de pesos en el proyecto de rehabilitaci\u00f3n y mejoramiento vial\"},{\"@type\":\"BreadcrumbList\",\"@id\":\"https:\\\/\\\/centrourbano.com\\\/revista\\\/urbanismo\\\/rehabilitacion-eje-1-norte\\\/#breadcrumb\",\"itemListElement\":[{\"@type\":\"ListItem\",\"position\":1,\"name\":\"Portada\",\"item\":\"https:\\\/\\\/centrourbano.com\\\/revista\\\/\"},{\"@type\":\"ListItem\",\"position\":2,\"name\":\"Avanza rehabilitaci\u00f3n del Eje 1 Norte en CDMX\"}]},{\"@type\":\"WebSite\",\"@id\":\"https:\\\/\\\/centrourbano.com\\\/revista\\\/#website\",\"url\":\"https:\\\/\\\/centrourbano.com\\\/revista\\\/\",\"name\":\"Centro Urbano\",\"description\":\"Medio especializado en los sectores vivienda, inmobiliario, construcci\u00f3n, arquitectura y urbanismo.\",\"publisher\":{\"@id\":\"https:\\\/\\\/centrourbano.com\\\/revista\\\/#organization\"},\"potentialAction\":[{\"@type\":\"SearchAction\",\"target\":{\"@type\":\"EntryPoint\",\"urlTemplate\":\"https:\\\/\\\/centrourbano.com\\\/revista\\\/?s={search_term_string}\"},\"query-input\":{\"@type\":\"PropertyValueSpecification\",\"valueRequired\":true,\"valueName\":\"search_term_string\"}}],\"inLanguage\":\"es\"},{\"@type\":\"Organization\",\"@id\":\"https:\\\/\\\/centrourbano.com\\\/revista\\\/#organization\",\"name\":\"Centro Urbano\",\"url\":\"https:\\\/\\\/centrourbano.com\\\/revista\\\/\",\"logo\":{\"@type\":\"ImageObject\",\"inLanguage\":\"es\",\"@id\":\"https:\\\/\\\/centrourbano.com\\\/revista\\\/#\\\/schema\\\/logo\\\/image\\\/\",\"url\":\"https:\\\/\\\/centrourbano.com\\\/revista\\\/wp-content\\\/uploads\\\/web_CU_logo-1.png\",\"contentUrl\":\"https:\\\/\\\/centrourbano.com\\\/revista\\\/wp-content\\\/uploads\\\/web_CU_logo-1.png\",\"width\":350,\"height\":91,\"caption\":\"Centro Urbano\"},\"image\":{\"@id\":\"https:\\\/\\\/centrourbano.com\\\/revista\\\/#\\\/schema\\\/logo\\\/image\\\/\"},\"sameAs\":[\"https:\\\/\\\/www.facebook.com\\\/portalcentrourbano\",\"https:\\\/\\\/x.com\\\/CentroUrbano\",\"https:\\\/\\\/www.instagram.com\\\/centro_urbano\\\/\",\"https:\\\/\\\/www.linkedin.com\\\/company\\\/centro-urbano\\\/\",\"http:\\\/\\\/www.youtube.com\\\/user\\\/portalcentrourbano\"]},{\"@type\":\"Person\",\"@id\":\"https:\\\/\\\/centrourbano.com\\\/revista\\\/#\\\/schema\\\/person\\\/9a36a90c9a17a588335bc23c7aa03e3c\",\"name\":\"Roc\u00edo Garc\u00eda\",\"image\":{\"@type\":\"ImageObject\",\"inLanguage\":\"es\",\"@id\":\"https:\\\/\\\/secure.gravatar.com\\\/avatar\\\/a0e2f1ddfed432d8ad4b84b5dc2e19fc4c403753eb7578fd4dca22f8e2538fc8?s=96&d=mm&r=g\",\"url\":\"https:\\\/\\\/secure.gravatar.com\\\/avatar\\\/a0e2f1ddfed432d8ad4b84b5dc2e19fc4c403753eb7578fd4dca22f8e2538fc8?s=96&d=mm&r=g\",\"contentUrl\":\"https:\\\/\\\/secure.gravatar.com\\\/avatar\\\/a0e2f1ddfed432d8ad4b84b5dc2e19fc4c403753eb7578fd4dca22f8e2538fc8?s=96&d=mm&r=g\",\"caption\":\"Roc\u00edo Garc\u00eda\"},\"description\":\"Estudiante de Comunicaci\u00f3n de la Facultad de Estudios Superiores Acatl\u00e1n, con especialidad en Multimedia y Cultura. Apasionada por la radio, la m\u00fasica y la CDMX. Hablo mucho y r\u00edo m\u00e1s, me gusta la cumbia, las chelas y el rock n\u2019 roll.\",\"sameAs\":[\"facebook.com\\\/ro.garcia23\",\"https:\\\/\\\/www.instagram.com\\\/ch_chioo\\\/\"],\"url\":\"https:\\\/\\\/centrourbano.com\\\/revista\\\/author\\\/rocio-garcia\\\/\"}]}<\/script>\n<!-- \/ Yoast SEO plugin. -->","yoast_head_json":{"title":"Avanza rehabilitaci\u00f3n del Eje 1 Norte en CDMX","description":"El gobierno de la ciudad invierte aproximadamente 25,000 de pesos en el proyecto de rehabilitaci\u00f3n y mejoramiento vial","robots":{"index":"index","follow":"follow","max-snippet":"max-snippet:-1","max-image-preview":"max-image-preview:large","max-video-preview":"max-video-preview:-1"},"canonical":"https:\/\/centrourbano.com\/revista\/urbanismo\/rehabilitacion-eje-1-norte\/","og_locale":"es_ES","og_type":"article","og_title":"Avanza rehabilitaci\u00f3n del Eje 1 Norte en CDMX","og_description":"El gobierno de la ciudad invierte aproximadamente 25,000 de pesos en el proyecto de rehabilitaci\u00f3n y mejoramiento vial","og_url":"https:\/\/centrourbano.com\/revista\/urbanismo\/rehabilitacion-eje-1-norte\/","og_site_name":"Centro Urbano","article_publisher":"https:\/\/www.facebook.com\/portalcentrourbano","article_author":"facebook.com\/ro.garcia23","article_published_time":"2017-06-13T19:47:21+00:00","article_modified_time":"2017-06-14T19:30:54+00:00","og_image":[{"width":2560,"height":1696,"url":"https:\/\/centrourbano.com\/revista\/wp-content\/uploads\/12062017_OPERATIVO_EJE_NORTE_METRO_LAGUNILLA01-scaled.jpg","type":"image\/jpeg"}],"author":"Roc\u00edo Garc\u00eda","twitter_card":"summary_large_image","twitter_creator":"@CentroUrbano","twitter_site":"@CentroUrbano","twitter_misc":{"Escrito por":"Roc\u00edo Garc\u00eda","Tiempo de lectura":"1 minuto"},"schema":{"@context":"https:\/\/schema.org","@graph":[{"@type":"Article","@id":"https:\/\/centrourbano.com\/revista\/urbanismo\/rehabilitacion-eje-1-norte\/#article","isPartOf":{"@id":"https:\/\/centrourbano.com\/revista\/urbanismo\/rehabilitacion-eje-1-norte\/"},"author":{"name":"Roc\u00edo Garc\u00eda","@id":"https:\/\/centrourbano.com\/revista\/#\/schema\/person\/9a36a90c9a17a588335bc23c7aa03e3c"},"headline":"Avanza rehabilitaci\u00f3n del Eje 1 Norte en CDMX","datePublished":"2017-06-13T19:47:21+00:00","dateModified":"2017-06-14T19:30:54+00:00","mainEntityOfPage":{"@id":"https:\/\/centrourbano.com\/revista\/urbanismo\/rehabilitacion-eje-1-norte\/"},"wordCount":266,"commentCount":0,"publisher":{"@id":"https:\/\/centrourbano.com\/revista\/#organization"},"image":{"@id":"https:\/\/centrourbano.com\/revista\/urbanismo\/rehabilitacion-eje-1-norte\/#primaryimage"},"thumbnailUrl":"https:\/\/centrourbano.com\/revista\/wp-content\/uploads\/12062017_OPERATIVO_EJE_NORTE_METRO_LAGUNILLA01-scaled.jpg","keywords":["CDMX","Espacio p\u00fablico","Peatones","seguridad p\u00fablica","Transporte p\u00fablico"],"articleSection":["Urbanismo"],"inLanguage":"es","potentialAction":[{"@type":"CommentAction","name":"Comment","target":["https:\/\/centrourbano.com\/revista\/urbanismo\/rehabilitacion-eje-1-norte\/#respond"]}]},{"@type":"WebPage","@id":"https:\/\/centrourbano.com\/revista\/urbanismo\/rehabilitacion-eje-1-norte\/","url":"https:\/\/centrourbano.com\/revista\/urbanismo\/rehabilitacion-eje-1-norte\/","name":"Avanza rehabilitaci\u00f3n del Eje 1 Norte en CDMX","isPartOf":{"@id":"https:\/\/centrourbano.com\/revista\/#website"},"primaryImageOfPage":{"@id":"https:\/\/centrourbano.com\/revista\/urbanismo\/rehabilitacion-eje-1-norte\/#primaryimage"},"image":{"@id":"https:\/\/centrourbano.com\/revista\/urbanismo\/rehabilitacion-eje-1-norte\/#primaryimage"},"thumbnailUrl":"https:\/\/centrourbano.com\/revista\/wp-content\/uploads\/12062017_OPERATIVO_EJE_NORTE_METRO_LAGUNILLA01-scaled.jpg","datePublished":"2017-06-13T19:47:21+00:00","dateModified":"2017-06-14T19:30:54+00:00","description":"El gobierno de la ciudad invierte aproximadamente 25,000 de pesos en el proyecto de rehabilitaci\u00f3n y mejoramiento vial","breadcrumb":{"@id":"https:\/\/centrourbano.com\/revista\/urbanismo\/rehabilitacion-eje-1-norte\/#breadcrumb"},"inLanguage":"es","potentialAction":[{"@type":"ReadAction","target":["https:\/\/centrourbano.com\/revista\/urbanismo\/rehabilitacion-eje-1-norte\/"]}]},{"@type":"ImageObject","inLanguage":"es","@id":"https:\/\/centrourbano.com\/revista\/urbanismo\/rehabilitacion-eje-1-norte\/#primaryimage","url":"https:\/\/centrourbano.com\/revista\/wp-content\/uploads\/12062017_OPERATIVO_EJE_NORTE_METRO_LAGUNILLA01-scaled.jpg","contentUrl":"https:\/\/centrourbano.com\/revista\/wp-content\/uploads\/12062017_OPERATIVO_EJE_NORTE_METRO_LAGUNILLA01-scaled.jpg","width":2560,"height":1696,"caption":"El gobierno de la ciudad invierte aproximadamente 25,000 de pesos en el proyecto de rehabilitaci\u00f3n y mejoramiento vial"},{"@type":"BreadcrumbList","@id":"https:\/\/centrourbano.com\/revista\/urbanismo\/rehabilitacion-eje-1-norte\/#breadcrumb","itemListElement":[{"@type":"ListItem","position":1,"name":"Portada","item":"https:\/\/centrourbano.com\/revista\/"},{"@type":"ListItem","position":2,"name":"Avanza rehabilitaci\u00f3n del Eje 1 Norte en CDMX"}]},{"@type":"WebSite","@id":"https:\/\/centrourbano.com\/revista\/#website","url":"https:\/\/centrourbano.com\/revista\/","name":"Centro Urbano","description":"Medio especializado en los sectores vivienda, inmobiliario, construcci\u00f3n, arquitectura y urbanismo.","publisher":{"@id":"https:\/\/centrourbano.com\/revista\/#organization"},"potentialAction":[{"@type":"SearchAction","target":{"@type":"EntryPoint","urlTemplate":"https:\/\/centrourbano.com\/revista\/?s={search_term_string}"},"query-input":{"@type":"PropertyValueSpecification","valueRequired":true,"valueName":"search_term_string"}}],"inLanguage":"es"},{"@type":"Organization","@id":"https:\/\/centrourbano.com\/revista\/#organization","name":"Centro Urbano","url":"https:\/\/centrourbano.com\/revista\/","logo":{"@type":"ImageObject","inLanguage":"es","@id":"https:\/\/centrourbano.com\/revista\/#\/schema\/logo\/image\/","url":"https:\/\/centrourbano.com\/revista\/wp-content\/uploads\/web_CU_logo-1.png","contentUrl":"https:\/\/centrourbano.com\/revista\/wp-content\/uploads\/web_CU_logo-1.png","width":350,"height":91,"caption":"Centro Urbano"},"image":{"@id":"https:\/\/centrourbano.com\/revista\/#\/schema\/logo\/image\/"},"sameAs":["https:\/\/www.facebook.com\/portalcentrourbano","https:\/\/x.com\/CentroUrbano","https:\/\/www.instagram.com\/centro_urbano\/","https:\/\/www.linkedin.com\/company\/centro-urbano\/","http:\/\/www.youtube.com\/user\/portalcentrourbano"]},{"@type":"Person","@id":"https:\/\/centrourbano.com\/revista\/#\/schema\/person\/9a36a90c9a17a588335bc23c7aa03e3c","name":"Roc\u00edo Garc\u00eda","image":{"@type":"ImageObject","inLanguage":"es","@id":"https:\/\/secure.gravatar.com\/avatar\/a0e2f1ddfed432d8ad4b84b5dc2e19fc4c403753eb7578fd4dca22f8e2538fc8?s=96&d=mm&r=g","url":"https:\/\/secure.gravatar.com\/avatar\/a0e2f1ddfed432d8ad4b84b5dc2e19fc4c403753eb7578fd4dca22f8e2538fc8?s=96&d=mm&r=g","contentUrl":"https:\/\/secure.gravatar.com\/avatar\/a0e2f1ddfed432d8ad4b84b5dc2e19fc4c403753eb7578fd4dca22f8e2538fc8?s=96&d=mm&r=g","caption":"Roc\u00edo Garc\u00eda"},"description":"Estudiante de Comunicaci\u00f3n de la Facultad de Estudios Superiores Acatl\u00e1n, con especialidad en Multimedia y Cultura. Apasionada por la radio, la m\u00fasica y la CDMX. Hablo mucho y r\u00edo m\u00e1s, me gusta la cumbia, las chelas y el rock n\u2019 roll.","sameAs":["facebook.com\/ro.garcia23","https:\/\/www.instagram.com\/ch_chioo\/"],"url":"https:\/\/centrourbano.com\/revista\/author\/rocio-garcia\/"}]}},"_links":{"self":[{"href":"https:\/\/centrourbano.com\/revista\/wp-json\/wp\/v2\/posts\/54659","targetHints":{"allow":["GET"]}}],"collection":[{"href":"https:\/\/centrourbano.com\/revista\/wp-json\/wp\/v2\/posts"}],"about":[{"href":"https:\/\/centrourbano.com\/revista\/wp-json\/wp\/v2\/types\/post"}],"author":[{"embeddable":true,"href":"https:\/\/centrourbano.com\/revista\/wp-json\/wp\/v2\/users\/53"}],"replies":[{"embeddable":true,"href":"https:\/\/centrourbano.com\/revista\/wp-json\/wp\/v2\/comments?post=54659"}],"version-history":[{"count":0,"href":"https:\/\/centrourbano.com\/revista\/wp-json\/wp\/v2\/posts\/54659\/revisions"}],"wp:featuredmedia":[{"embeddable":true,"href":"https:\/\/centrourbano.com\/revista\/wp-json\/wp\/v2\/media\/54662"}],"wp:attachment":[{"href":"https:\/\/centrourbano.com\/revista\/wp-json\/wp\/v2\/media?parent=54659"}],"wp:term":[{"taxonomy":"category","embeddable":true,"href":"https:\/\/centrourbano.com\/revista\/wp-json\/wp\/v2\/categories?post=54659"},{"taxonomy":"post_tag","embeddable":true,"href":"https:\/\/centrourbano.com\/revista\/wp-json\/wp\/v2\/tags?post=54659"}],"curies":[{"name":"wp","href":"https:\/\/api.w.org\/{rel}","templated":true}]}}