{"id":54645,"date":"2017-06-13T13:47:08","date_gmt":"2017-06-13T18:47:08","guid":{"rendered":"https:\/\/centrourbano.com\/?p=54645"},"modified":"2017-06-13T13:47:40","modified_gmt":"2017-06-13T18:47:40","slug":"54645-2","status":"publish","type":"post","link":"https:\/\/centrourbano.com\/revista\/arquitectura-2\/54645-2\/","title":{"rendered":"Entregan restauraci\u00f3n de escultura de Mathias Goeritz"},"content":{"rendered":"<p><em>El monumento que lleva por nombre \u201cEnerg\u00eda\u201d se ubica en la primera Secci\u00f3n del Bosque de Chapultepec<\/em><!--more--><\/p>\n<p>El d\u00eda de ayer el Jefe de Gobierno de la Ciudad de M\u00e9xico, Miguel \u00c1ngel Mancera Espinosa, hizo entrega de las obras de restauraci\u00f3n de la escultura \u201cEnerg\u00eda\u201d, de Mathias Goeritz, ubicada en la primera Secci\u00f3n del Bosque de Chapultepec.<\/p>\n<p>La intervenci\u00f3n de este monumento tuvo una inversi\u00f3n de 2.5 millones de pesos y los trabajos se dieron en el marco del centenario del nacimiento del escultor Werner Mathias Goeritz Brunner y del A\u00f1o Dual M\u00e9xico-Alemania.<\/p>\n<p>La escultura monumental fue creada en 1982, y \u00e9sta se desarrolla bajo un esquema monol\u00edtico, en donde el cuerpo principal es un prisma de secci\u00f3n triangular de 7.85 metros de lado y una altura de 18 metros, fabricado a base de concreto armado. A partir de este cuerpo principal se unen en su parte m\u00e1s alta una serie de seis vol\u00famenes de diversas magnitudes en sentidos y \u00e1ngulos desiguales.<\/p>\n<p>El desarrollo geom\u00e9trico contempla, en su mayor\u00eda, prismas triangulares que se unen unos con otros por medio de sus aristas, dejando los v\u00e9rtices expuestos para ser apreciados como puntas en voladizo.<\/p>\n<p>Adem\u00e1s de la restauraci\u00f3n de este monumento, se llev\u00f3 a cabo la rehabilitaci\u00f3n de su entorno, dando mantenimiento y mejoramiento de 600 m2 de \u00e1rea verde, plantaci\u00f3n de 2,800 agapantos y 450 piezas de bamb\u00fa, rehabilitaci\u00f3n y mejoramiento de 160 m2 de andadores peatonales, 350 m2 de concreto asf\u00e1ltico para la vialidad, instalaci\u00f3n de 152 luminarias y seis bancas, m\u00f3dulo de contenedores de residuos, as\u00ed como se\u00f1alizaci\u00f3n.<\/p>\n<p>Tras develar la placa alusiva al acto, el mandatario capitalino explic\u00f3 que esta escultura representa lo que pudo expresarle a la canciller de Alemania, \u00c1ngela Merkel, en su reciente visita a nuestro pa\u00eds.<\/p>\n<p>En ese sentido, dijo que la funcionaria dej\u00f3 el firme el lazo que compromete a la Ciudad de M\u00e9xico al desarrollo y a la defensa de un pueblo, tal y como lo necesita el pueblo. <\/p>\n<p>Asimismo, destac\u00f3 que la rehabilitaci\u00f3n de este sitio es un proyecto que se necesitaba y que hoy ya se encuentra a la disposici\u00f3n de todo mundo para que pueda ser observada y admirada.<\/p>\n<p>Miguel \u00c1ngel Mancera se\u00f1al\u00f3 que esta escultura de Mathias Goeritz tiene todas las explicaciones de arquitectura y de representaci\u00f3n de la \u00e9poca del arquitecto mexicano Luis Barrag\u00e1n. <\/p>\n<p>Por su parte, la secretaria del Medio Ambiente de la CDMX, Tanya M\u00fcller Garc\u00eda, destac\u00f3 la trayectoria de Mathias Goeritz, c\u00e9lebre pintor, escultor y arquitecto alem\u00e1n nacionalizado mexicano que vivi\u00f3 m\u00e1s de la mitad de su vida en nuestro pa\u00eds y de quien sus esculturas tienen el matiz de haberse convertido en familiares y en parte fundamental del paisaje urbano de nuestra ciudad.<\/p>\n<p>El embajador de la Rep\u00fablica Federal de Alemania en M\u00e9xico, Viktor Alexander Elbling, sostuvo que Mathias Goeritz es uno de esos personajes que juntan a ambos pa\u00edses, adem\u00e1s que la personalidad art\u00edstica de este pensador, trajo en buena parte a M\u00e9xico el modernismo al trabajar con Luis Barrag\u00e1n. <\/p>\n","protected":false},"excerpt":{"rendered":"<p>El monumento que lleva por nombre \u201cEnerg\u00eda\u201d se ubica en la primera Secci\u00f3n del Bosque de Chapultepec<\/p>\n","protected":false},"author":9,"featured_media":54646,"comment_status":"open","ping_status":"closed","sticky":false,"template":"","format":"standard","meta":{"om_disable_all_campaigns":false,"inline_featured_image":false,"_monsterinsights_skip_tracking":false,"_monsterinsights_sitenote_active":false,"_monsterinsights_sitenote_note":"","_monsterinsights_sitenote_category":0,"footnotes":""},"categories":[81],"tags":[9434,712,1142,1205,5139,229],"class_list":["post-54645","post","type-post","status-publish","format-standard","has-post-thumbnail","hentry","category-arquitectura-2","tag-ano-dual-mexico-alemania","tag-arquitecto","tag-bosque-de-chapultepec","tag-escultura","tag-mathias-goeritz","tag-miguel-angel-mancera"],"yoast_head":"<!-- This site is optimized with the Yoast SEO plugin v27.5 - https:\/\/yoast.com\/product\/yoast-seo-wordpress\/ -->\n<title>Entregan restauraci\u00f3n de escultura de Mathias Goeritz<\/title>\n<meta name=\"description\" content=\"El monumento que lleva por nombre \u201cEnerg\u00eda\u201d se ubica en la primera Secci\u00f3n del Bosque de Chapultepec\" \/>\n<meta name=\"robots\" content=\"index, follow, max-snippet:-1, max-image-preview:large, max-video-preview:-1\" \/>\n<link rel=\"canonical\" href=\"https:\/\/centrourbano.com\/revista\/arquitectura-2\/54645-2\/\" \/>\n<meta property=\"og:locale\" content=\"es_ES\" \/>\n<meta property=\"og:type\" content=\"article\" \/>\n<meta property=\"og:title\" content=\"Entregan restauraci\u00f3n de escultura de Mathias Goeritz\" \/>\n<meta property=\"og:description\" content=\"El monumento que lleva por nombre \u201cEnerg\u00eda\u201d se ubica en la primera Secci\u00f3n del Bosque de Chapultepec\" \/>\n<meta property=\"og:url\" content=\"https:\/\/centrourbano.com\/revista\/arquitectura-2\/54645-2\/\" \/>\n<meta property=\"og:site_name\" content=\"Centro Urbano\" \/>\n<meta property=\"article:publisher\" content=\"https:\/\/www.facebook.com\/portalcentrourbano\" \/>\n<meta property=\"article:published_time\" content=\"2017-06-13T18:47:08+00:00\" \/>\n<meta property=\"article:modified_time\" content=\"2017-06-13T18:47:40+00:00\" \/>\n<meta property=\"og:image\" content=\"https:\/\/centrourbano.com\/revista\/wp-content\/uploads\/120617-MIGUEL-\u00c1NGEL-MANCERA-RESTAURACI\u00d3N-DE-LA-ESCULTURA-ENERG\u00cdA-DE-MATHIAS-GOERITZ-6-e1497379509706.jpg\" \/>\n\t<meta property=\"og:image:width\" content=\"1080\" \/>\n\t<meta property=\"og:image:height\" content=\"793\" \/>\n\t<meta property=\"og:image:type\" content=\"image\/jpeg\" \/>\n<meta name=\"author\" content=\"Dinorah Nava\" \/>\n<meta name=\"twitter:card\" content=\"summary_large_image\" \/>\n<meta name=\"twitter:creator\" content=\"@https:\/\/twitter.com\/Dinorah_Nava28\" \/>\n<meta name=\"twitter:site\" content=\"@CentroUrbano\" \/>\n<meta name=\"twitter:label1\" content=\"Escrito por\" \/>\n\t<meta name=\"twitter:data1\" content=\"Dinorah Nava\" \/>\n\t<meta name=\"twitter:label2\" content=\"Tiempo de lectura\" \/>\n\t<meta name=\"twitter:data2\" content=\"3 minutos\" \/>\n<script type=\"application\/ld+json\" class=\"yoast-schema-graph\">{\"@context\":\"https:\\\/\\\/schema.org\",\"@graph\":[{\"@type\":\"Article\",\"@id\":\"https:\\\/\\\/centrourbano.com\\\/revista\\\/arquitectura-2\\\/54645-2\\\/#article\",\"isPartOf\":{\"@id\":\"https:\\\/\\\/centrourbano.com\\\/revista\\\/arquitectura-2\\\/54645-2\\\/\"},\"author\":{\"name\":\"Dinorah Nava\",\"@id\":\"https:\\\/\\\/centrourbano.com\\\/revista\\\/#\\\/schema\\\/person\\\/baa9e569588d5544150642a11ad28b8b\"},\"headline\":\"Entregan restauraci\u00f3n de escultura de Mathias Goeritz\",\"datePublished\":\"2017-06-13T18:47:08+00:00\",\"dateModified\":\"2017-06-13T18:47:40+00:00\",\"mainEntityOfPage\":{\"@id\":\"https:\\\/\\\/centrourbano.com\\\/revista\\\/arquitectura-2\\\/54645-2\\\/\"},\"wordCount\":545,\"commentCount\":0,\"publisher\":{\"@id\":\"https:\\\/\\\/centrourbano.com\\\/revista\\\/#organization\"},\"image\":{\"@id\":\"https:\\\/\\\/centrourbano.com\\\/revista\\\/arquitectura-2\\\/54645-2\\\/#primaryimage\"},\"thumbnailUrl\":\"https:\\\/\\\/centrourbano.com\\\/revista\\\/wp-content\\\/uploads\\\/120617-MIGUEL-\u00c1NGEL-MANCERA-RESTAURACI\u00d3N-DE-LA-ESCULTURA-ENERG\u00cdA-DE-MATHIAS-GOERITZ-6-e1497379509706.jpg\",\"keywords\":[\"A\u00f1o dual M\u00e9xico-Alemania\",\"arquitecto\",\"bosque de Chapultepec\",\"escultura\",\"Mathias Goeritz\",\"Miguel \u00c1ngel Mancera\"],\"articleSection\":[\"Arquitectura\"],\"inLanguage\":\"es\",\"potentialAction\":[{\"@type\":\"CommentAction\",\"name\":\"Comment\",\"target\":[\"https:\\\/\\\/centrourbano.com\\\/revista\\\/arquitectura-2\\\/54645-2\\\/#respond\"]}]},{\"@type\":\"WebPage\",\"@id\":\"https:\\\/\\\/centrourbano.com\\\/revista\\\/arquitectura-2\\\/54645-2\\\/\",\"url\":\"https:\\\/\\\/centrourbano.com\\\/revista\\\/arquitectura-2\\\/54645-2\\\/\",\"name\":\"Entregan restauraci\u00f3n de escultura de Mathias Goeritz\",\"isPartOf\":{\"@id\":\"https:\\\/\\\/centrourbano.com\\\/revista\\\/#website\"},\"primaryImageOfPage\":{\"@id\":\"https:\\\/\\\/centrourbano.com\\\/revista\\\/arquitectura-2\\\/54645-2\\\/#primaryimage\"},\"image\":{\"@id\":\"https:\\\/\\\/centrourbano.com\\\/revista\\\/arquitectura-2\\\/54645-2\\\/#primaryimage\"},\"thumbnailUrl\":\"https:\\\/\\\/centrourbano.com\\\/revista\\\/wp-content\\\/uploads\\\/120617-MIGUEL-\u00c1NGEL-MANCERA-RESTAURACI\u00d3N-DE-LA-ESCULTURA-ENERG\u00cdA-DE-MATHIAS-GOERITZ-6-e1497379509706.jpg\",\"datePublished\":\"2017-06-13T18:47:08+00:00\",\"dateModified\":\"2017-06-13T18:47:40+00:00\",\"description\":\"El monumento que lleva por nombre \u201cEnerg\u00eda\u201d se ubica en la primera Secci\u00f3n del Bosque de Chapultepec\",\"breadcrumb\":{\"@id\":\"https:\\\/\\\/centrourbano.com\\\/revista\\\/arquitectura-2\\\/54645-2\\\/#breadcrumb\"},\"inLanguage\":\"es\",\"potentialAction\":[{\"@type\":\"ReadAction\",\"target\":[\"https:\\\/\\\/centrourbano.com\\\/revista\\\/arquitectura-2\\\/54645-2\\\/\"]}]},{\"@type\":\"ImageObject\",\"inLanguage\":\"es\",\"@id\":\"https:\\\/\\\/centrourbano.com\\\/revista\\\/arquitectura-2\\\/54645-2\\\/#primaryimage\",\"url\":\"https:\\\/\\\/centrourbano.com\\\/revista\\\/wp-content\\\/uploads\\\/120617-MIGUEL-\u00c1NGEL-MANCERA-RESTAURACI\u00d3N-DE-LA-ESCULTURA-ENERG\u00cdA-DE-MATHIAS-GOERITZ-6-e1497379509706.jpg\",\"contentUrl\":\"https:\\\/\\\/centrourbano.com\\\/revista\\\/wp-content\\\/uploads\\\/120617-MIGUEL-\u00c1NGEL-MANCERA-RESTAURACI\u00d3N-DE-LA-ESCULTURA-ENERG\u00cdA-DE-MATHIAS-GOERITZ-6-e1497379509706.jpg\",\"width\":1080,\"height\":793,\"caption\":\"El monumento que lleva por nombre \u201cEnerg\u00eda\u201d se ubica en la primera Secci\u00f3n del Bosque de Chapultepec\"},{\"@type\":\"BreadcrumbList\",\"@id\":\"https:\\\/\\\/centrourbano.com\\\/revista\\\/arquitectura-2\\\/54645-2\\\/#breadcrumb\",\"itemListElement\":[{\"@type\":\"ListItem\",\"position\":1,\"name\":\"Portada\",\"item\":\"https:\\\/\\\/centrourbano.com\\\/revista\\\/\"},{\"@type\":\"ListItem\",\"position\":2,\"name\":\"Entregan restauraci\u00f3n de escultura de Mathias Goeritz\"}]},{\"@type\":\"WebSite\",\"@id\":\"https:\\\/\\\/centrourbano.com\\\/revista\\\/#website\",\"url\":\"https:\\\/\\\/centrourbano.com\\\/revista\\\/\",\"name\":\"Centro Urbano\",\"description\":\"Medio especializado en los sectores vivienda, inmobiliario, construcci\u00f3n, arquitectura y urbanismo.\",\"publisher\":{\"@id\":\"https:\\\/\\\/centrourbano.com\\\/revista\\\/#organization\"},\"potentialAction\":[{\"@type\":\"SearchAction\",\"target\":{\"@type\":\"EntryPoint\",\"urlTemplate\":\"https:\\\/\\\/centrourbano.com\\\/revista\\\/?s={search_term_string}\"},\"query-input\":{\"@type\":\"PropertyValueSpecification\",\"valueRequired\":true,\"valueName\":\"search_term_string\"}}],\"inLanguage\":\"es\"},{\"@type\":\"Organization\",\"@id\":\"https:\\\/\\\/centrourbano.com\\\/revista\\\/#organization\",\"name\":\"Centro Urbano\",\"url\":\"https:\\\/\\\/centrourbano.com\\\/revista\\\/\",\"logo\":{\"@type\":\"ImageObject\",\"inLanguage\":\"es\",\"@id\":\"https:\\\/\\\/centrourbano.com\\\/revista\\\/#\\\/schema\\\/logo\\\/image\\\/\",\"url\":\"https:\\\/\\\/centrourbano.com\\\/revista\\\/wp-content\\\/uploads\\\/web_CU_logo-1.png\",\"contentUrl\":\"https:\\\/\\\/centrourbano.com\\\/revista\\\/wp-content\\\/uploads\\\/web_CU_logo-1.png\",\"width\":350,\"height\":91,\"caption\":\"Centro Urbano\"},\"image\":{\"@id\":\"https:\\\/\\\/centrourbano.com\\\/revista\\\/#\\\/schema\\\/logo\\\/image\\\/\"},\"sameAs\":[\"https:\\\/\\\/www.facebook.com\\\/portalcentrourbano\",\"https:\\\/\\\/x.com\\\/CentroUrbano\",\"https:\\\/\\\/www.instagram.com\\\/centro_urbano\\\/\",\"https:\\\/\\\/www.linkedin.com\\\/company\\\/centro-urbano\\\/\",\"http:\\\/\\\/www.youtube.com\\\/user\\\/portalcentrourbano\"]},{\"@type\":\"Person\",\"@id\":\"https:\\\/\\\/centrourbano.com\\\/revista\\\/#\\\/schema\\\/person\\\/baa9e569588d5544150642a11ad28b8b\",\"name\":\"Dinorah Nava\",\"image\":{\"@type\":\"ImageObject\",\"inLanguage\":\"es\",\"@id\":\"https:\\\/\\\/secure.gravatar.com\\\/avatar\\\/f6ca6430c51d147f363940f84e1225aa4b8183885c11802cc3b042305a4ecc1a?s=96&d=mm&r=g\",\"url\":\"https:\\\/\\\/secure.gravatar.com\\\/avatar\\\/f6ca6430c51d147f363940f84e1225aa4b8183885c11802cc3b042305a4ecc1a?s=96&d=mm&r=g\",\"contentUrl\":\"https:\\\/\\\/secure.gravatar.com\\\/avatar\\\/f6ca6430c51d147f363940f84e1225aa4b8183885c11802cc3b042305a4ecc1a?s=96&d=mm&r=g\",\"caption\":\"Dinorah Nava\"},\"description\":\"Editora de Contenidos y Estrategias Digitales en Centro Urbano y Coeditora en Peri\u00f3dico Mi Casa. Egresada de la licenciatura en Comunicaci\u00f3n y Periodismo de la Facultad de Estudios Superiores Arag\u00f3n (UNAM). Amante de la edici\u00f3n y correcci\u00f3n de estilo, las redes sociales y el mundo digital. Especialista en temas son arquitectura, inmobiliario y urbanismo.\",\"sameAs\":[\"linkedin.com\\\/in\\\/dinorah-nava\",\"https:\\\/\\\/x.com\\\/https:\\\/\\\/twitter.com\\\/Dinorah_Nava28\"],\"url\":\"https:\\\/\\\/centrourbano.com\\\/revista\\\/author\\\/dinorah-nava\\\/\"}]}<\/script>\n<!-- \/ Yoast SEO plugin. -->","yoast_head_json":{"title":"Entregan restauraci\u00f3n de escultura de Mathias Goeritz","description":"El monumento que lleva por nombre \u201cEnerg\u00eda\u201d se ubica en la primera Secci\u00f3n del Bosque de Chapultepec","robots":{"index":"index","follow":"follow","max-snippet":"max-snippet:-1","max-image-preview":"max-image-preview:large","max-video-preview":"max-video-preview:-1"},"canonical":"https:\/\/centrourbano.com\/revista\/arquitectura-2\/54645-2\/","og_locale":"es_ES","og_type":"article","og_title":"Entregan restauraci\u00f3n de escultura de Mathias Goeritz","og_description":"El monumento que lleva por nombre \u201cEnerg\u00eda\u201d se ubica en la primera Secci\u00f3n del Bosque de Chapultepec","og_url":"https:\/\/centrourbano.com\/revista\/arquitectura-2\/54645-2\/","og_site_name":"Centro Urbano","article_publisher":"https:\/\/www.facebook.com\/portalcentrourbano","article_published_time":"2017-06-13T18:47:08+00:00","article_modified_time":"2017-06-13T18:47:40+00:00","og_image":[{"width":1080,"height":793,"url":"https:\/\/centrourbano.com\/revista\/wp-content\/uploads\/120617-MIGUEL-\u00c1NGEL-MANCERA-RESTAURACI\u00d3N-DE-LA-ESCULTURA-ENERG\u00cdA-DE-MATHIAS-GOERITZ-6-e1497379509706.jpg","type":"image\/jpeg"}],"author":"Dinorah Nava","twitter_card":"summary_large_image","twitter_creator":"@https:\/\/twitter.com\/Dinorah_Nava28","twitter_site":"@CentroUrbano","twitter_misc":{"Escrito por":"Dinorah Nava","Tiempo de lectura":"3 minutos"},"schema":{"@context":"https:\/\/schema.org","@graph":[{"@type":"Article","@id":"https:\/\/centrourbano.com\/revista\/arquitectura-2\/54645-2\/#article","isPartOf":{"@id":"https:\/\/centrourbano.com\/revista\/arquitectura-2\/54645-2\/"},"author":{"name":"Dinorah Nava","@id":"https:\/\/centrourbano.com\/revista\/#\/schema\/person\/baa9e569588d5544150642a11ad28b8b"},"headline":"Entregan restauraci\u00f3n de escultura de Mathias Goeritz","datePublished":"2017-06-13T18:47:08+00:00","dateModified":"2017-06-13T18:47:40+00:00","mainEntityOfPage":{"@id":"https:\/\/centrourbano.com\/revista\/arquitectura-2\/54645-2\/"},"wordCount":545,"commentCount":0,"publisher":{"@id":"https:\/\/centrourbano.com\/revista\/#organization"},"image":{"@id":"https:\/\/centrourbano.com\/revista\/arquitectura-2\/54645-2\/#primaryimage"},"thumbnailUrl":"https:\/\/centrourbano.com\/revista\/wp-content\/uploads\/120617-MIGUEL-\u00c1NGEL-MANCERA-RESTAURACI\u00d3N-DE-LA-ESCULTURA-ENERG\u00cdA-DE-MATHIAS-GOERITZ-6-e1497379509706.jpg","keywords":["A\u00f1o dual M\u00e9xico-Alemania","arquitecto","bosque de Chapultepec","escultura","Mathias Goeritz","Miguel \u00c1ngel Mancera"],"articleSection":["Arquitectura"],"inLanguage":"es","potentialAction":[{"@type":"CommentAction","name":"Comment","target":["https:\/\/centrourbano.com\/revista\/arquitectura-2\/54645-2\/#respond"]}]},{"@type":"WebPage","@id":"https:\/\/centrourbano.com\/revista\/arquitectura-2\/54645-2\/","url":"https:\/\/centrourbano.com\/revista\/arquitectura-2\/54645-2\/","name":"Entregan restauraci\u00f3n de escultura de Mathias Goeritz","isPartOf":{"@id":"https:\/\/centrourbano.com\/revista\/#website"},"primaryImageOfPage":{"@id":"https:\/\/centrourbano.com\/revista\/arquitectura-2\/54645-2\/#primaryimage"},"image":{"@id":"https:\/\/centrourbano.com\/revista\/arquitectura-2\/54645-2\/#primaryimage"},"thumbnailUrl":"https:\/\/centrourbano.com\/revista\/wp-content\/uploads\/120617-MIGUEL-\u00c1NGEL-MANCERA-RESTAURACI\u00d3N-DE-LA-ESCULTURA-ENERG\u00cdA-DE-MATHIAS-GOERITZ-6-e1497379509706.jpg","datePublished":"2017-06-13T18:47:08+00:00","dateModified":"2017-06-13T18:47:40+00:00","description":"El monumento que lleva por nombre \u201cEnerg\u00eda\u201d se ubica en la primera Secci\u00f3n del Bosque de Chapultepec","breadcrumb":{"@id":"https:\/\/centrourbano.com\/revista\/arquitectura-2\/54645-2\/#breadcrumb"},"inLanguage":"es","potentialAction":[{"@type":"ReadAction","target":["https:\/\/centrourbano.com\/revista\/arquitectura-2\/54645-2\/"]}]},{"@type":"ImageObject","inLanguage":"es","@id":"https:\/\/centrourbano.com\/revista\/arquitectura-2\/54645-2\/#primaryimage","url":"https:\/\/centrourbano.com\/revista\/wp-content\/uploads\/120617-MIGUEL-\u00c1NGEL-MANCERA-RESTAURACI\u00d3N-DE-LA-ESCULTURA-ENERG\u00cdA-DE-MATHIAS-GOERITZ-6-e1497379509706.jpg","contentUrl":"https:\/\/centrourbano.com\/revista\/wp-content\/uploads\/120617-MIGUEL-\u00c1NGEL-MANCERA-RESTAURACI\u00d3N-DE-LA-ESCULTURA-ENERG\u00cdA-DE-MATHIAS-GOERITZ-6-e1497379509706.jpg","width":1080,"height":793,"caption":"El monumento que lleva por nombre \u201cEnerg\u00eda\u201d se ubica en la primera Secci\u00f3n del Bosque de Chapultepec"},{"@type":"BreadcrumbList","@id":"https:\/\/centrourbano.com\/revista\/arquitectura-2\/54645-2\/#breadcrumb","itemListElement":[{"@type":"ListItem","position":1,"name":"Portada","item":"https:\/\/centrourbano.com\/revista\/"},{"@type":"ListItem","position":2,"name":"Entregan restauraci\u00f3n de escultura de Mathias Goeritz"}]},{"@type":"WebSite","@id":"https:\/\/centrourbano.com\/revista\/#website","url":"https:\/\/centrourbano.com\/revista\/","name":"Centro Urbano","description":"Medio especializado en los sectores vivienda, inmobiliario, construcci\u00f3n, arquitectura y urbanismo.","publisher":{"@id":"https:\/\/centrourbano.com\/revista\/#organization"},"potentialAction":[{"@type":"SearchAction","target":{"@type":"EntryPoint","urlTemplate":"https:\/\/centrourbano.com\/revista\/?s={search_term_string}"},"query-input":{"@type":"PropertyValueSpecification","valueRequired":true,"valueName":"search_term_string"}}],"inLanguage":"es"},{"@type":"Organization","@id":"https:\/\/centrourbano.com\/revista\/#organization","name":"Centro Urbano","url":"https:\/\/centrourbano.com\/revista\/","logo":{"@type":"ImageObject","inLanguage":"es","@id":"https:\/\/centrourbano.com\/revista\/#\/schema\/logo\/image\/","url":"https:\/\/centrourbano.com\/revista\/wp-content\/uploads\/web_CU_logo-1.png","contentUrl":"https:\/\/centrourbano.com\/revista\/wp-content\/uploads\/web_CU_logo-1.png","width":350,"height":91,"caption":"Centro Urbano"},"image":{"@id":"https:\/\/centrourbano.com\/revista\/#\/schema\/logo\/image\/"},"sameAs":["https:\/\/www.facebook.com\/portalcentrourbano","https:\/\/x.com\/CentroUrbano","https:\/\/www.instagram.com\/centro_urbano\/","https:\/\/www.linkedin.com\/company\/centro-urbano\/","http:\/\/www.youtube.com\/user\/portalcentrourbano"]},{"@type":"Person","@id":"https:\/\/centrourbano.com\/revista\/#\/schema\/person\/baa9e569588d5544150642a11ad28b8b","name":"Dinorah Nava","image":{"@type":"ImageObject","inLanguage":"es","@id":"https:\/\/secure.gravatar.com\/avatar\/f6ca6430c51d147f363940f84e1225aa4b8183885c11802cc3b042305a4ecc1a?s=96&d=mm&r=g","url":"https:\/\/secure.gravatar.com\/avatar\/f6ca6430c51d147f363940f84e1225aa4b8183885c11802cc3b042305a4ecc1a?s=96&d=mm&r=g","contentUrl":"https:\/\/secure.gravatar.com\/avatar\/f6ca6430c51d147f363940f84e1225aa4b8183885c11802cc3b042305a4ecc1a?s=96&d=mm&r=g","caption":"Dinorah Nava"},"description":"Editora de Contenidos y Estrategias Digitales en Centro Urbano y Coeditora en Peri\u00f3dico Mi Casa. Egresada de la licenciatura en Comunicaci\u00f3n y Periodismo de la Facultad de Estudios Superiores Arag\u00f3n (UNAM). Amante de la edici\u00f3n y correcci\u00f3n de estilo, las redes sociales y el mundo digital. Especialista en temas son arquitectura, inmobiliario y urbanismo.","sameAs":["linkedin.com\/in\/dinorah-nava","https:\/\/x.com\/https:\/\/twitter.com\/Dinorah_Nava28"],"url":"https:\/\/centrourbano.com\/revista\/author\/dinorah-nava\/"}]}},"_links":{"self":[{"href":"https:\/\/centrourbano.com\/revista\/wp-json\/wp\/v2\/posts\/54645","targetHints":{"allow":["GET"]}}],"collection":[{"href":"https:\/\/centrourbano.com\/revista\/wp-json\/wp\/v2\/posts"}],"about":[{"href":"https:\/\/centrourbano.com\/revista\/wp-json\/wp\/v2\/types\/post"}],"author":[{"embeddable":true,"href":"https:\/\/centrourbano.com\/revista\/wp-json\/wp\/v2\/users\/9"}],"replies":[{"embeddable":true,"href":"https:\/\/centrourbano.com\/revista\/wp-json\/wp\/v2\/comments?post=54645"}],"version-history":[{"count":0,"href":"https:\/\/centrourbano.com\/revista\/wp-json\/wp\/v2\/posts\/54645\/revisions"}],"wp:featuredmedia":[{"embeddable":true,"href":"https:\/\/centrourbano.com\/revista\/wp-json\/wp\/v2\/media\/54646"}],"wp:attachment":[{"href":"https:\/\/centrourbano.com\/revista\/wp-json\/wp\/v2\/media?parent=54645"}],"wp:term":[{"taxonomy":"category","embeddable":true,"href":"https:\/\/centrourbano.com\/revista\/wp-json\/wp\/v2\/categories?post=54645"},{"taxonomy":"post_tag","embeddable":true,"href":"https:\/\/centrourbano.com\/revista\/wp-json\/wp\/v2\/tags?post=54645"}],"curies":[{"name":"wp","href":"https:\/\/api.w.org\/{rel}","templated":true}]}}