{"id":54634,"date":"2017-06-13T11:34:07","date_gmt":"2017-06-13T16:34:07","guid":{"rendered":"https:\/\/centrourbano.com\/?p=54634"},"modified":"2017-06-13T11:34:07","modified_gmt":"2017-06-13T16:34:07","slug":"restauran-mercado-meson-estrella-monterrey","status":"publish","type":"post","link":"https:\/\/centrourbano.com\/revista\/arquitectura-2\/restauran-mercado-meson-estrella-monterrey\/","title":{"rendered":"Restauran el mercado Mes\u00f3n Estrella de Monterrey"},"content":{"rendered":"<p><em>La acci\u00f3n fue realizada por la Facultad de Arquitectura de la UANL, quien busc\u00f3 trabajar sobre el eje de la est\u00e9tica y patrimonio del inmueble <\/em><!--more--><\/p>\n<p>Estudiantes y acad\u00e9micos de la Facultad de Arquitectura de la Universidad Aut\u00f3noma de Nuevo Le\u00f3n (UANL) concluyeron los trabajos de restauraci\u00f3n y cambio de imagen del mercado conocido como Mes\u00f3n Estrella, uno de los m\u00e1s emblem\u00e1ticos de la ciudad de Monterrey. <\/p>\n<p>Las acciones forman parte del proyecto Movimiento Estudiantil Urbano ME1, con el cual los estudiantes y docentes de esta casa de estudios buscaron restaurar el establecimiento, al cual acuden miles de regiomontanos para abastecerse de los productos de la canasta b\u00e1sica. <\/p>\n<p>El mercado Mes\u00f3n Estrella cuenta con 50 a\u00f1os de vida, el cual se encuentra entre las calles de Juan M\u00e9ndez y Colegio Civil, en el centro de Monterrey, y enfrentaba diversas problem\u00e1ticas vinculadas a la salubridad, seguridad y ventilaci\u00f3n adecuada.<\/p>\n<p>De acuerdo con la UANL, el grupo de estudiantes se enfoc\u00f3 en algunos puntos a trabajar, como la movilidad, la est\u00e9tica, el patrimonio, la legalidad e identidad.<\/p>\n<p>\u201cParte del inter\u00e9s de iniciar con el Mes\u00f3n Estrella es la situaci\u00f3n del estigma hacia \u00e9l, porque la gente sabe que existe pero no conoce d\u00f3nde est\u00e1 y no hay un edificio arreglado. Con base en todos los factores que analizamos, vimos que varios de ellos no se cumplen y fue la raz\u00f3n por la que decidimos enfocarnos en este lugar, y analizar qu\u00e9 acciones se pod\u00edan realizar para restaurar el sitio, que lo hemos ido haciendo poco a poco, pero a\u00fan queda mucho por hacer\u201d, dijo la maestra de la Facultad de Arquitectura, Carolina Z\u00e1rate Salinas.<\/p>\n","protected":false},"excerpt":{"rendered":"<p>La acci\u00f3n fue realizada por la Facultad de Arquitectura de la UANL, quien busc\u00f3 trabajar sobre el eje de la est\u00e9tica y patrimonio del inmueble<\/p>\n","protected":false},"author":77,"featured_media":54635,"comment_status":"open","ping_status":"closed","sticky":false,"template":"","format":"standard","meta":{"inline_featured_image":false,"footnotes":""},"categories":[81],"tags":[10254,547],"class_list":["post-54634","post","type-post","status-publish","format-standard","has-post-thumbnail","hentry","category-arquitectura-2","tag-meson-estrella","tag-uanl"],"yoast_head":"<!-- This site is optimized with the Yoast SEO plugin v28.4 - https:\/\/yoast.com\/product\/yoast-seo-wordpress\/ -->\n<title>Restauran el mercado Mes\u00f3n Estrella de Monterrey -<\/title>\n<meta name=\"description\" content=\"Estudiantes y acad\u00e9micos de la Facultad de Arquitectura de la Universidad Aut\u00f3noma de Nuevo Le\u00f3n (UANL) concluyeron los trabajos de restauraci\u00f3n y cambio de imagen del mercado conocido como Mes\u00f3n Estrella, uno de los m\u00e1s emblem\u00e1ticos de la ciudad de Monterrey.\" \/>\n<meta name=\"robots\" content=\"index, follow, max-snippet:-1, max-image-preview:large, max-video-preview:-1\" \/>\n<link rel=\"canonical\" href=\"https:\/\/centrourbano.com\/revista\/arquitectura-2\/restauran-mercado-meson-estrella-monterrey\/\" \/>\n<meta property=\"og:locale\" content=\"es_ES\" \/>\n<meta property=\"og:type\" content=\"article\" \/>\n<meta property=\"og:title\" content=\"Restauran el mercado Mes\u00f3n Estrella de Monterrey -\" \/>\n<meta property=\"og:description\" content=\"Estudiantes y acad\u00e9micos de la Facultad de Arquitectura de la Universidad Aut\u00f3noma de Nuevo Le\u00f3n (UANL) concluyeron los trabajos de restauraci\u00f3n y cambio de imagen del mercado conocido como Mes\u00f3n Estrella, uno de los m\u00e1s emblem\u00e1ticos de la ciudad de Monterrey.\" \/>\n<meta property=\"og:url\" content=\"https:\/\/centrourbano.com\/revista\/arquitectura-2\/restauran-mercado-meson-estrella-monterrey\/\" \/>\n<meta property=\"og:site_name\" content=\"Centro Urbano\" \/>\n<meta property=\"article:publisher\" content=\"https:\/\/www.facebook.com\/portalcentrourbano\" \/>\n<meta property=\"article:published_time\" content=\"2017-06-13T16:34:07+00:00\" \/>\n<meta property=\"og:image\" content=\"https:\/\/centrourbano.com\/revista\/wp-content\/uploads\/Mes\u00f3nEstrella_Monterrey.jpeg\" \/>\n\t<meta property=\"og:image:width\" content=\"800\" \/>\n\t<meta property=\"og:image:height\" content=\"450\" \/>\n\t<meta property=\"og:image:type\" content=\"image\/jpeg\" \/>\n<meta name=\"author\" content=\"G4A\" \/>\n<meta name=\"twitter:card\" content=\"summary_large_image\" \/>\n<meta name=\"twitter:creator\" content=\"@CentroUrbano\" \/>\n<meta name=\"twitter:site\" content=\"@CentroUrbano\" \/>\n<meta name=\"twitter:label1\" content=\"Escrito por\" \/>\n\t<meta name=\"twitter:data1\" content=\"G4A\" \/>\n\t<meta name=\"twitter:label2\" content=\"Tiempo de lectura\" \/>\n\t<meta name=\"twitter:data2\" content=\"1 minuto\" \/>\n<script type=\"application\/ld+json\" class=\"yoast-schema-graph\">{\"@context\":\"https:\\\/\\\/schema.org\",\"@graph\":[{\"@type\":\"Article\",\"@id\":\"https:\\\/\\\/centrourbano.com\\\/revista\\\/arquitectura-2\\\/restauran-mercado-meson-estrella-monterrey\\\/#article\",\"isPartOf\":{\"@id\":\"https:\\\/\\\/centrourbano.com\\\/revista\\\/arquitectura-2\\\/restauran-mercado-meson-estrella-monterrey\\\/\"},\"author\":{\"name\":\"G4A\",\"@id\":\"https:\\\/\\\/centrourbano.com\\\/revista\\\/#\\\/schema\\\/person\\\/370fa0ba2d8dd5bde3fdb8b62ad360aa\"},\"headline\":\"Restauran el mercado Mes\u00f3n Estrella de Monterrey\",\"datePublished\":\"2017-06-13T16:34:07+00:00\",\"mainEntityOfPage\":{\"@id\":\"https:\\\/\\\/centrourbano.com\\\/revista\\\/arquitectura-2\\\/restauran-mercado-meson-estrella-monterrey\\\/\"},\"wordCount\":302,\"commentCount\":0,\"publisher\":{\"@id\":\"https:\\\/\\\/centrourbano.com\\\/revista\\\/#organization\"},\"image\":{\"@id\":\"https:\\\/\\\/centrourbano.com\\\/revista\\\/arquitectura-2\\\/restauran-mercado-meson-estrella-monterrey\\\/#primaryimage\"},\"thumbnailUrl\":\"https:\\\/\\\/centrourbano.com\\\/revista\\\/wp-content\\\/uploads\\\/Mes\u00f3nEstrella_Monterrey.jpeg\",\"keywords\":[\"Mes\u00f3n Estrella\",\"UANL\"],\"articleSection\":[\"Arquitectura\"],\"inLanguage\":\"es\"},{\"@type\":\"WebPage\",\"@id\":\"https:\\\/\\\/centrourbano.com\\\/revista\\\/arquitectura-2\\\/restauran-mercado-meson-estrella-monterrey\\\/\",\"url\":\"https:\\\/\\\/centrourbano.com\\\/revista\\\/arquitectura-2\\\/restauran-mercado-meson-estrella-monterrey\\\/\",\"name\":\"Restauran el mercado Mes\u00f3n Estrella de Monterrey -\",\"isPartOf\":{\"@id\":\"https:\\\/\\\/centrourbano.com\\\/revista\\\/#website\"},\"primaryImageOfPage\":{\"@id\":\"https:\\\/\\\/centrourbano.com\\\/revista\\\/arquitectura-2\\\/restauran-mercado-meson-estrella-monterrey\\\/#primaryimage\"},\"image\":{\"@id\":\"https:\\\/\\\/centrourbano.com\\\/revista\\\/arquitectura-2\\\/restauran-mercado-meson-estrella-monterrey\\\/#primaryimage\"},\"thumbnailUrl\":\"https:\\\/\\\/centrourbano.com\\\/revista\\\/wp-content\\\/uploads\\\/Mes\u00f3nEstrella_Monterrey.jpeg\",\"datePublished\":\"2017-06-13T16:34:07+00:00\",\"description\":\"Estudiantes y acad\u00e9micos de la Facultad de Arquitectura de la Universidad Aut\u00f3noma de Nuevo Le\u00f3n (UANL) concluyeron los trabajos de restauraci\u00f3n y cambio de imagen del mercado conocido como Mes\u00f3n Estrella, uno de los m\u00e1s emblem\u00e1ticos de la ciudad de Monterrey.\",\"breadcrumb\":{\"@id\":\"https:\\\/\\\/centrourbano.com\\\/revista\\\/arquitectura-2\\\/restauran-mercado-meson-estrella-monterrey\\\/#breadcrumb\"},\"inLanguage\":\"es\",\"potentialAction\":[{\"@type\":\"ReadAction\",\"target\":[\"https:\\\/\\\/centrourbano.com\\\/revista\\\/arquitectura-2\\\/restauran-mercado-meson-estrella-monterrey\\\/\"]}]},{\"@type\":\"ImageObject\",\"inLanguage\":\"es\",\"@id\":\"https:\\\/\\\/centrourbano.com\\\/revista\\\/arquitectura-2\\\/restauran-mercado-meson-estrella-monterrey\\\/#primaryimage\",\"url\":\"https:\\\/\\\/centrourbano.com\\\/revista\\\/wp-content\\\/uploads\\\/Mes\u00f3nEstrella_Monterrey.jpeg\",\"contentUrl\":\"https:\\\/\\\/centrourbano.com\\\/revista\\\/wp-content\\\/uploads\\\/Mes\u00f3nEstrella_Monterrey.jpeg\",\"width\":800,\"height\":450,\"caption\":\"La acci\u00f3n fue realizada por la comunidad de la UANL, quien busc\u00f3 trabajar sobre el eje de la est\u00e9tica y patrimonio del inmueble\"},{\"@type\":\"BreadcrumbList\",\"@id\":\"https:\\\/\\\/centrourbano.com\\\/revista\\\/arquitectura-2\\\/restauran-mercado-meson-estrella-monterrey\\\/#breadcrumb\",\"itemListElement\":[{\"@type\":\"ListItem\",\"position\":1,\"name\":\"Portada\",\"item\":\"https:\\\/\\\/centrourbano.com\\\/revista\\\/\"},{\"@type\":\"ListItem\",\"position\":2,\"name\":\"Restauran el mercado Mes\u00f3n Estrella de Monterrey\"}]},{\"@type\":\"WebSite\",\"@id\":\"https:\\\/\\\/centrourbano.com\\\/revista\\\/#website\",\"url\":\"https:\\\/\\\/centrourbano.com\\\/revista\\\/\",\"name\":\"Centro Urbano\",\"description\":\"Medio especializado en los sectores vivienda, inmobiliario, construcci\u00f3n, arquitectura y urbanismo.\",\"publisher\":{\"@id\":\"https:\\\/\\\/centrourbano.com\\\/revista\\\/#organization\"},\"potentialAction\":[{\"@type\":\"SearchAction\",\"target\":{\"@type\":\"EntryPoint\",\"urlTemplate\":\"https:\\\/\\\/centrourbano.com\\\/revista\\\/?s={search_term_string}\"},\"query-input\":{\"@type\":\"PropertyValueSpecification\",\"valueRequired\":true,\"valueName\":\"search_term_string\"}}],\"inLanguage\":\"es\"},{\"@type\":\"Organization\",\"@id\":\"https:\\\/\\\/centrourbano.com\\\/revista\\\/#organization\",\"name\":\"Centro Urbano\",\"url\":\"https:\\\/\\\/centrourbano.com\\\/revista\\\/\",\"logo\":{\"@type\":\"ImageObject\",\"inLanguage\":\"es\",\"@id\":\"https:\\\/\\\/centrourbano.com\\\/revista\\\/#\\\/schema\\\/logo\\\/image\\\/\",\"url\":\"https:\\\/\\\/centrourbano.com\\\/revista\\\/wp-content\\\/uploads\\\/web_CU_logo-1.png\",\"contentUrl\":\"https:\\\/\\\/centrourbano.com\\\/revista\\\/wp-content\\\/uploads\\\/web_CU_logo-1.png\",\"width\":350,\"height\":91,\"caption\":\"Centro Urbano\"},\"image\":{\"@id\":\"https:\\\/\\\/centrourbano.com\\\/revista\\\/#\\\/schema\\\/logo\\\/image\\\/\"},\"sameAs\":[\"https:\\\/\\\/www.facebook.com\\\/portalcentrourbano\",\"https:\\\/\\\/x.com\\\/CentroUrbano\",\"https:\\\/\\\/www.instagram.com\\\/centro_urbano\\\/\",\"https:\\\/\\\/www.linkedin.com\\\/company\\\/centro-urbano\\\/\",\"http:\\\/\\\/www.youtube.com\\\/user\\\/portalcentrourbano\"]},{\"@type\":\"Person\",\"@id\":\"https:\\\/\\\/centrourbano.com\\\/revista\\\/#\\\/schema\\\/person\\\/370fa0ba2d8dd5bde3fdb8b62ad360aa\",\"name\":\"G4A\",\"image\":{\"@type\":\"ImageObject\",\"inLanguage\":\"es\",\"@id\":\"https:\\\/\\\/secure.gravatar.com\\\/avatar\\\/932a97121b13d5de5bbd8193c6c83d3b92c9eda0f39623607d4280e7a5778d97?s=96&d=mm&r=g\",\"url\":\"https:\\\/\\\/secure.gravatar.com\\\/avatar\\\/932a97121b13d5de5bbd8193c6c83d3b92c9eda0f39623607d4280e7a5778d97?s=96&d=mm&r=g\",\"contentUrl\":\"https:\\\/\\\/secure.gravatar.com\\\/avatar\\\/932a97121b13d5de5bbd8193c6c83d3b92c9eda0f39623607d4280e7a5778d97?s=96&d=mm&r=g\",\"caption\":\"G4A\"},\"url\":\"https:\\\/\\\/centrourbano.com\\\/revista\\\/author\\\/admin-g4a\\\/\"}]}<\/script>\n<!-- \/ Yoast SEO plugin. -->","yoast_head_json":{"title":"Restauran el mercado Mes\u00f3n Estrella de Monterrey -","description":"Estudiantes y acad\u00e9micos de la Facultad de Arquitectura de la Universidad Aut\u00f3noma de Nuevo Le\u00f3n (UANL) concluyeron los trabajos de restauraci\u00f3n y cambio de imagen del mercado conocido como Mes\u00f3n Estrella, uno de los m\u00e1s emblem\u00e1ticos de la ciudad de Monterrey.","robots":{"index":"index","follow":"follow","max-snippet":"max-snippet:-1","max-image-preview":"max-image-preview:large","max-video-preview":"max-video-preview:-1"},"canonical":"https:\/\/centrourbano.com\/revista\/arquitectura-2\/restauran-mercado-meson-estrella-monterrey\/","og_locale":"es_ES","og_type":"article","og_title":"Restauran el mercado Mes\u00f3n Estrella de Monterrey -","og_description":"Estudiantes y acad\u00e9micos de la Facultad de Arquitectura de la Universidad Aut\u00f3noma de Nuevo Le\u00f3n (UANL) concluyeron los trabajos de restauraci\u00f3n y cambio de imagen del mercado conocido como Mes\u00f3n Estrella, uno de los m\u00e1s emblem\u00e1ticos de la ciudad de Monterrey.","og_url":"https:\/\/centrourbano.com\/revista\/arquitectura-2\/restauran-mercado-meson-estrella-monterrey\/","og_site_name":"Centro Urbano","article_publisher":"https:\/\/www.facebook.com\/portalcentrourbano","article_published_time":"2017-06-13T16:34:07+00:00","og_image":[{"width":800,"height":450,"url":"https:\/\/centrourbano.com\/revista\/wp-content\/uploads\/Mes\u00f3nEstrella_Monterrey.jpeg","type":"image\/jpeg"}],"author":"G4A","twitter_card":"summary_large_image","twitter_creator":"@CentroUrbano","twitter_site":"@CentroUrbano","twitter_misc":{"Escrito por":"G4A","Tiempo de lectura":"1 minuto"},"schema":{"@context":"https:\/\/schema.org","@graph":[{"@type":"Article","@id":"https:\/\/centrourbano.com\/revista\/arquitectura-2\/restauran-mercado-meson-estrella-monterrey\/#article","isPartOf":{"@id":"https:\/\/centrourbano.com\/revista\/arquitectura-2\/restauran-mercado-meson-estrella-monterrey\/"},"author":{"name":"G4A","@id":"https:\/\/centrourbano.com\/revista\/#\/schema\/person\/370fa0ba2d8dd5bde3fdb8b62ad360aa"},"headline":"Restauran el mercado Mes\u00f3n Estrella de Monterrey","datePublished":"2017-06-13T16:34:07+00:00","mainEntityOfPage":{"@id":"https:\/\/centrourbano.com\/revista\/arquitectura-2\/restauran-mercado-meson-estrella-monterrey\/"},"wordCount":302,"commentCount":0,"publisher":{"@id":"https:\/\/centrourbano.com\/revista\/#organization"},"image":{"@id":"https:\/\/centrourbano.com\/revista\/arquitectura-2\/restauran-mercado-meson-estrella-monterrey\/#primaryimage"},"thumbnailUrl":"https:\/\/centrourbano.com\/revista\/wp-content\/uploads\/Mes\u00f3nEstrella_Monterrey.jpeg","keywords":["Mes\u00f3n Estrella","UANL"],"articleSection":["Arquitectura"],"inLanguage":"es"},{"@type":"WebPage","@id":"https:\/\/centrourbano.com\/revista\/arquitectura-2\/restauran-mercado-meson-estrella-monterrey\/","url":"https:\/\/centrourbano.com\/revista\/arquitectura-2\/restauran-mercado-meson-estrella-monterrey\/","name":"Restauran el mercado Mes\u00f3n Estrella de Monterrey -","isPartOf":{"@id":"https:\/\/centrourbano.com\/revista\/#website"},"primaryImageOfPage":{"@id":"https:\/\/centrourbano.com\/revista\/arquitectura-2\/restauran-mercado-meson-estrella-monterrey\/#primaryimage"},"image":{"@id":"https:\/\/centrourbano.com\/revista\/arquitectura-2\/restauran-mercado-meson-estrella-monterrey\/#primaryimage"},"thumbnailUrl":"https:\/\/centrourbano.com\/revista\/wp-content\/uploads\/Mes\u00f3nEstrella_Monterrey.jpeg","datePublished":"2017-06-13T16:34:07+00:00","description":"Estudiantes y acad\u00e9micos de la Facultad de Arquitectura de la Universidad Aut\u00f3noma de Nuevo Le\u00f3n (UANL) concluyeron los trabajos de restauraci\u00f3n y cambio de imagen del mercado conocido como Mes\u00f3n Estrella, uno de los m\u00e1s emblem\u00e1ticos de la ciudad de Monterrey.","breadcrumb":{"@id":"https:\/\/centrourbano.com\/revista\/arquitectura-2\/restauran-mercado-meson-estrella-monterrey\/#breadcrumb"},"inLanguage":"es","potentialAction":[{"@type":"ReadAction","target":["https:\/\/centrourbano.com\/revista\/arquitectura-2\/restauran-mercado-meson-estrella-monterrey\/"]}]},{"@type":"ImageObject","inLanguage":"es","@id":"https:\/\/centrourbano.com\/revista\/arquitectura-2\/restauran-mercado-meson-estrella-monterrey\/#primaryimage","url":"https:\/\/centrourbano.com\/revista\/wp-content\/uploads\/Mes\u00f3nEstrella_Monterrey.jpeg","contentUrl":"https:\/\/centrourbano.com\/revista\/wp-content\/uploads\/Mes\u00f3nEstrella_Monterrey.jpeg","width":800,"height":450,"caption":"La acci\u00f3n fue realizada por la comunidad de la UANL, quien busc\u00f3 trabajar sobre el eje de la est\u00e9tica y patrimonio del inmueble"},{"@type":"BreadcrumbList","@id":"https:\/\/centrourbano.com\/revista\/arquitectura-2\/restauran-mercado-meson-estrella-monterrey\/#breadcrumb","itemListElement":[{"@type":"ListItem","position":1,"name":"Portada","item":"https:\/\/centrourbano.com\/revista\/"},{"@type":"ListItem","position":2,"name":"Restauran el mercado Mes\u00f3n Estrella de Monterrey"}]},{"@type":"WebSite","@id":"https:\/\/centrourbano.com\/revista\/#website","url":"https:\/\/centrourbano.com\/revista\/","name":"Centro Urbano","description":"Medio especializado en los sectores vivienda, inmobiliario, construcci\u00f3n, arquitectura y urbanismo.","publisher":{"@id":"https:\/\/centrourbano.com\/revista\/#organization"},"potentialAction":[{"@type":"SearchAction","target":{"@type":"EntryPoint","urlTemplate":"https:\/\/centrourbano.com\/revista\/?s={search_term_string}"},"query-input":{"@type":"PropertyValueSpecification","valueRequired":true,"valueName":"search_term_string"}}],"inLanguage":"es"},{"@type":"Organization","@id":"https:\/\/centrourbano.com\/revista\/#organization","name":"Centro Urbano","url":"https:\/\/centrourbano.com\/revista\/","logo":{"@type":"ImageObject","inLanguage":"es","@id":"https:\/\/centrourbano.com\/revista\/#\/schema\/logo\/image\/","url":"https:\/\/centrourbano.com\/revista\/wp-content\/uploads\/web_CU_logo-1.png","contentUrl":"https:\/\/centrourbano.com\/revista\/wp-content\/uploads\/web_CU_logo-1.png","width":350,"height":91,"caption":"Centro Urbano"},"image":{"@id":"https:\/\/centrourbano.com\/revista\/#\/schema\/logo\/image\/"},"sameAs":["https:\/\/www.facebook.com\/portalcentrourbano","https:\/\/x.com\/CentroUrbano","https:\/\/www.instagram.com\/centro_urbano\/","https:\/\/www.linkedin.com\/company\/centro-urbano\/","http:\/\/www.youtube.com\/user\/portalcentrourbano"]},{"@type":"Person","@id":"https:\/\/centrourbano.com\/revista\/#\/schema\/person\/370fa0ba2d8dd5bde3fdb8b62ad360aa","name":"G4A","image":{"@type":"ImageObject","inLanguage":"es","@id":"https:\/\/secure.gravatar.com\/avatar\/932a97121b13d5de5bbd8193c6c83d3b92c9eda0f39623607d4280e7a5778d97?s=96&d=mm&r=g","url":"https:\/\/secure.gravatar.com\/avatar\/932a97121b13d5de5bbd8193c6c83d3b92c9eda0f39623607d4280e7a5778d97?s=96&d=mm&r=g","contentUrl":"https:\/\/secure.gravatar.com\/avatar\/932a97121b13d5de5bbd8193c6c83d3b92c9eda0f39623607d4280e7a5778d97?s=96&d=mm&r=g","caption":"G4A"},"url":"https:\/\/centrourbano.com\/revista\/author\/admin-g4a\/"}]}},"_links":{"self":[{"href":"https:\/\/centrourbano.com\/revista\/wp-json\/wp\/v2\/posts\/54634","targetHints":{"allow":["GET"]}}],"collection":[{"href":"https:\/\/centrourbano.com\/revista\/wp-json\/wp\/v2\/posts"}],"about":[{"href":"https:\/\/centrourbano.com\/revista\/wp-json\/wp\/v2\/types\/post"}],"author":[{"embeddable":true,"href":"https:\/\/centrourbano.com\/revista\/wp-json\/wp\/v2\/users\/77"}],"replies":[{"embeddable":true,"href":"https:\/\/centrourbano.com\/revista\/wp-json\/wp\/v2\/comments?post=54634"}],"version-history":[{"count":0,"href":"https:\/\/centrourbano.com\/revista\/wp-json\/wp\/v2\/posts\/54634\/revisions"}],"wp:featuredmedia":[{"embeddable":true,"href":"https:\/\/centrourbano.com\/revista\/wp-json\/wp\/v2\/media\/54635"}],"wp:attachment":[{"href":"https:\/\/centrourbano.com\/revista\/wp-json\/wp\/v2\/media?parent=54634"}],"wp:term":[{"taxonomy":"category","embeddable":true,"href":"https:\/\/centrourbano.com\/revista\/wp-json\/wp\/v2\/categories?post=54634"},{"taxonomy":"post_tag","embeddable":true,"href":"https:\/\/centrourbano.com\/revista\/wp-json\/wp\/v2\/tags?post=54634"}],"curies":[{"name":"wp","href":"https:\/\/api.w.org\/{rel}","templated":true}]}}