{"id":54579,"date":"2017-06-12T11:31:17","date_gmt":"2017-06-12T16:31:17","guid":{"rendered":"https:\/\/centrourbano.com\/?p=54579"},"modified":"2017-06-12T14:08:22","modified_gmt":"2017-06-12T19:08:22","slug":"feria-servicios-ciudad-te-requiere-tlalpan","status":"publish","type":"post","link":"https:\/\/centrourbano.com\/revista\/urbanismo\/feria-servicios-ciudad-te-requiere-tlalpan\/","title":{"rendered":"Feria de los Servicios y \u201cTu Ciudad Te Re-Quiere\u201d llegan a Tlalpan"},"content":{"rendered":"<p><em>El Jefe de Gobierno encabez\u00f3 las labores de mejoramiento junto con vecinos y trabajadores de la administraci\u00f3n capitalina<\/em><\/p>\n<p>El pasado s\u00e1bado 10 de junio, vecinos de la zona y trabajadores de la administraci\u00f3n capitalina trabajaron en conjunto para pintar fachadas, balizar vialidades, barrer, retirar cascajo, desazolvar, limpiar parques, \u00e1reas verdes y dos panteones en la zona sur de la CDMX.<\/p>\n<p>Habitantes de la delegaci\u00f3n Tlalpan fueron testigos de la Feria de los Servicios y la llegada de \u201cTu Ciudad Te Re-Quiere\u201d, programa que promueve el mejoramiento del entorno humano, as\u00ed como el acercamiento de la poblaci\u00f3n a las acciones del Gobierno de la Ciudad de M\u00e9xico.<\/p>\n<p>El evento se realiz\u00f3 en el Deportivo \u201cRodolfo S\u00e1nchez Taboada\u201d y lo encabez\u00f3 el Jefe de Gobierno, Miguel \u00c1ngel Mancera, quien trabaj\u00f3 al lado de las cuadrillas distribuidas en diversos puntos de la demarcaci\u00f3n durante la jornada. Mancera afirm\u00f3, en relaci\u00f3n al programa presente ahora en todas las delegaciones, que en su administraci\u00f3n se realizan importantes inversiones en materia de seguridad p\u00fablica e infraestructura hidr\u00e1ulica para mejorar la distribuci\u00f3n de agua potable en Tlalpan.<\/p>\n<p>Por su parte, la Feria de los Servicios concentr\u00f3 a algunas de las secretar\u00edas como la de Gobierno, Movilidad, Desarrollo Social, Salud, Protecci\u00f3n Civil y Educaci\u00f3n, entre otras, para acercar a los habitantes de la zona a los programas sociales que cada una de ellas lleva a cabo.<\/p>\n<p>Aunado a ello, los vecinos\u00a0fueron beneficiados con la entrega de distintos incentivos y apoyos como aparatos auditivos y sillas de ruedas para personas con discapacidad y adultos mayores o las tarjetas \u201cBeb\u00e9 Seguro\u201d, en las que se har\u00e1 un dep\u00f3sito mensual para la adquisici\u00f3n de productos que contribuyan al desarrollo de los infantes durante su primer a\u00f1o de vida; as\u00ed como la repartici\u00f3n de polines, l\u00e1minas y estufas para la mejora de viviendas.<\/p>\n","protected":false},"excerpt":{"rendered":"<p>El Jefe de Gobierno encabez\u00f3 las labores de mejoramiento junto con vecinos y trabajadores de la administraci\u00f3n capitalina El pasado s\u00e1bado 10 de junio, vecinos de la zona y trabajadores de la administraci\u00f3n capitalina trabajaron en conjunto para pintar fachadas, balizar vialidades, barrer, retirar cascajo, desazolvar, limpiar parques, \u00e1reas verdes y dos panteones en la [&hellip;]<\/p>\n","protected":false},"author":53,"featured_media":54580,"comment_status":"open","ping_status":"closed","sticky":false,"template":"","format":"standard","meta":{"om_disable_all_campaigns":false,"inline_featured_image":false,"_monsterinsights_skip_tracking":false,"_monsterinsights_sitenote_active":false,"_monsterinsights_sitenote_note":"","_monsterinsights_sitenote_category":0,"footnotes":""},"categories":[82],"tags":[215,606,146,7227,1904,157],"class_list":["post-54579","post","type-post","status-publish","format-standard","has-post-thumbnail","hentry","category-urbanismo","tag-capital","tag-cdmx","tag-desarrollo-urbano","tag-programas-sociales","tag-servicios","tag-tlalpan"],"yoast_head":"<!-- This site is optimized with the Yoast SEO plugin v27.5 - https:\/\/yoast.com\/product\/yoast-seo-wordpress\/ -->\n<title>Feria de los Servicios y \u201cTu Ciudad Te Re-Quiere\u201d llegan a Tlalpan<\/title>\n<meta name=\"description\" content=\"El Jefe de Gobierno encabez\u00f3 las labores de mejoramiento junto con vecinos y trabajadores de la administraci\u00f3n capitalina.\" \/>\n<meta name=\"robots\" content=\"index, follow, max-snippet:-1, max-image-preview:large, max-video-preview:-1\" \/>\n<link rel=\"canonical\" href=\"https:\/\/centrourbano.com\/revista\/urbanismo\/feria-servicios-ciudad-te-requiere-tlalpan\/\" \/>\n<meta property=\"og:locale\" content=\"es_ES\" \/>\n<meta property=\"og:type\" content=\"article\" \/>\n<meta property=\"og:title\" content=\"Feria de los Servicios y \u201cTu Ciudad Te Re-Quiere\u201d llegan a Tlalpan\" \/>\n<meta property=\"og:description\" content=\"El Jefe de Gobierno encabez\u00f3 las labores de mejoramiento junto con vecinos y trabajadores de la administraci\u00f3n capitalina.\" \/>\n<meta property=\"og:url\" content=\"https:\/\/centrourbano.com\/revista\/urbanismo\/feria-servicios-ciudad-te-requiere-tlalpan\/\" \/>\n<meta property=\"og:site_name\" content=\"Centro Urbano\" \/>\n<meta property=\"article:publisher\" content=\"https:\/\/www.facebook.com\/portalcentrourbano\" \/>\n<meta property=\"article:author\" content=\"facebook.com\/ro.garcia23\" \/>\n<meta property=\"article:published_time\" content=\"2017-06-12T16:31:17+00:00\" \/>\n<meta property=\"article:modified_time\" content=\"2017-06-12T19:08:22+00:00\" \/>\n<meta property=\"og:image\" content=\"https:\/\/centrourbano.com\/revista\/wp-content\/uploads\/100617-FOTO-10-MIGUEL-\u00c1NGEL-MANCERA-TU-CIUDAD-TE-RE-QUIERE-scaled.jpg\" \/>\n\t<meta property=\"og:image:width\" content=\"2560\" \/>\n\t<meta property=\"og:image:height\" content=\"1707\" \/>\n\t<meta property=\"og:image:type\" content=\"image\/jpeg\" \/>\n<meta name=\"author\" content=\"Roc\u00edo Garc\u00eda\" \/>\n<meta name=\"twitter:card\" content=\"summary_large_image\" \/>\n<meta name=\"twitter:creator\" content=\"@CentroUrbano\" \/>\n<meta name=\"twitter:site\" content=\"@CentroUrbano\" \/>\n<meta name=\"twitter:label1\" content=\"Escrito por\" \/>\n\t<meta name=\"twitter:data1\" content=\"Roc\u00edo Garc\u00eda\" \/>\n\t<meta name=\"twitter:label2\" content=\"Tiempo de lectura\" \/>\n\t<meta name=\"twitter:data2\" content=\"2 minutos\" \/>\n<script type=\"application\/ld+json\" class=\"yoast-schema-graph\">{\"@context\":\"https:\\\/\\\/schema.org\",\"@graph\":[{\"@type\":\"Article\",\"@id\":\"https:\\\/\\\/centrourbano.com\\\/revista\\\/urbanismo\\\/feria-servicios-ciudad-te-requiere-tlalpan\\\/#article\",\"isPartOf\":{\"@id\":\"https:\\\/\\\/centrourbano.com\\\/revista\\\/urbanismo\\\/feria-servicios-ciudad-te-requiere-tlalpan\\\/\"},\"author\":{\"name\":\"Roc\u00edo Garc\u00eda\",\"@id\":\"https:\\\/\\\/centrourbano.com\\\/revista\\\/#\\\/schema\\\/person\\\/9a36a90c9a17a588335bc23c7aa03e3c\"},\"headline\":\"Feria de los Servicios y \u201cTu Ciudad Te Re-Quiere\u201d llegan a Tlalpan\",\"datePublished\":\"2017-06-12T16:31:17+00:00\",\"dateModified\":\"2017-06-12T19:08:22+00:00\",\"mainEntityOfPage\":{\"@id\":\"https:\\\/\\\/centrourbano.com\\\/revista\\\/urbanismo\\\/feria-servicios-ciudad-te-requiere-tlalpan\\\/\"},\"wordCount\":334,\"commentCount\":0,\"publisher\":{\"@id\":\"https:\\\/\\\/centrourbano.com\\\/revista\\\/#organization\"},\"image\":{\"@id\":\"https:\\\/\\\/centrourbano.com\\\/revista\\\/urbanismo\\\/feria-servicios-ciudad-te-requiere-tlalpan\\\/#primaryimage\"},\"thumbnailUrl\":\"https:\\\/\\\/centrourbano.com\\\/revista\\\/wp-content\\\/uploads\\\/100617-FOTO-10-MIGUEL-\u00c1NGEL-MANCERA-TU-CIUDAD-TE-RE-QUIERE-scaled.jpg\",\"keywords\":[\"capital\",\"CDMX\",\"Desarrollo urbano\",\"programas sociales\",\"servicios\",\"Tlalpan\"],\"articleSection\":[\"Urbanismo\"],\"inLanguage\":\"es\",\"potentialAction\":[{\"@type\":\"CommentAction\",\"name\":\"Comment\",\"target\":[\"https:\\\/\\\/centrourbano.com\\\/revista\\\/urbanismo\\\/feria-servicios-ciudad-te-requiere-tlalpan\\\/#respond\"]}]},{\"@type\":\"WebPage\",\"@id\":\"https:\\\/\\\/centrourbano.com\\\/revista\\\/urbanismo\\\/feria-servicios-ciudad-te-requiere-tlalpan\\\/\",\"url\":\"https:\\\/\\\/centrourbano.com\\\/revista\\\/urbanismo\\\/feria-servicios-ciudad-te-requiere-tlalpan\\\/\",\"name\":\"Feria de los Servicios y \u201cTu Ciudad Te Re-Quiere\u201d llegan a Tlalpan\",\"isPartOf\":{\"@id\":\"https:\\\/\\\/centrourbano.com\\\/revista\\\/#website\"},\"primaryImageOfPage\":{\"@id\":\"https:\\\/\\\/centrourbano.com\\\/revista\\\/urbanismo\\\/feria-servicios-ciudad-te-requiere-tlalpan\\\/#primaryimage\"},\"image\":{\"@id\":\"https:\\\/\\\/centrourbano.com\\\/revista\\\/urbanismo\\\/feria-servicios-ciudad-te-requiere-tlalpan\\\/#primaryimage\"},\"thumbnailUrl\":\"https:\\\/\\\/centrourbano.com\\\/revista\\\/wp-content\\\/uploads\\\/100617-FOTO-10-MIGUEL-\u00c1NGEL-MANCERA-TU-CIUDAD-TE-RE-QUIERE-scaled.jpg\",\"datePublished\":\"2017-06-12T16:31:17+00:00\",\"dateModified\":\"2017-06-12T19:08:22+00:00\",\"description\":\"El Jefe de Gobierno encabez\u00f3 las labores de mejoramiento junto con vecinos y trabajadores de la administraci\u00f3n capitalina.\",\"breadcrumb\":{\"@id\":\"https:\\\/\\\/centrourbano.com\\\/revista\\\/urbanismo\\\/feria-servicios-ciudad-te-requiere-tlalpan\\\/#breadcrumb\"},\"inLanguage\":\"es\",\"potentialAction\":[{\"@type\":\"ReadAction\",\"target\":[\"https:\\\/\\\/centrourbano.com\\\/revista\\\/urbanismo\\\/feria-servicios-ciudad-te-requiere-tlalpan\\\/\"]}]},{\"@type\":\"ImageObject\",\"inLanguage\":\"es\",\"@id\":\"https:\\\/\\\/centrourbano.com\\\/revista\\\/urbanismo\\\/feria-servicios-ciudad-te-requiere-tlalpan\\\/#primaryimage\",\"url\":\"https:\\\/\\\/centrourbano.com\\\/revista\\\/wp-content\\\/uploads\\\/100617-FOTO-10-MIGUEL-\u00c1NGEL-MANCERA-TU-CIUDAD-TE-RE-QUIERE-scaled.jpg\",\"contentUrl\":\"https:\\\/\\\/centrourbano.com\\\/revista\\\/wp-content\\\/uploads\\\/100617-FOTO-10-MIGUEL-\u00c1NGEL-MANCERA-TU-CIUDAD-TE-RE-QUIERE-scaled.jpg\",\"width\":2560,\"height\":1707,\"caption\":\"El Jefe de Gobierno encabez\u00f3 las labores de mejoramiento junto con vecinos y trabajadores de la administraci\u00f3n capitalina.\"},{\"@type\":\"BreadcrumbList\",\"@id\":\"https:\\\/\\\/centrourbano.com\\\/revista\\\/urbanismo\\\/feria-servicios-ciudad-te-requiere-tlalpan\\\/#breadcrumb\",\"itemListElement\":[{\"@type\":\"ListItem\",\"position\":1,\"name\":\"Portada\",\"item\":\"https:\\\/\\\/centrourbano.com\\\/revista\\\/\"},{\"@type\":\"ListItem\",\"position\":2,\"name\":\"Feria de los Servicios y \u201cTu Ciudad Te Re-Quiere\u201d llegan a Tlalpan\"}]},{\"@type\":\"WebSite\",\"@id\":\"https:\\\/\\\/centrourbano.com\\\/revista\\\/#website\",\"url\":\"https:\\\/\\\/centrourbano.com\\\/revista\\\/\",\"name\":\"Centro Urbano\",\"description\":\"Medio especializado en los sectores vivienda, inmobiliario, construcci\u00f3n, arquitectura y urbanismo.\",\"publisher\":{\"@id\":\"https:\\\/\\\/centrourbano.com\\\/revista\\\/#organization\"},\"potentialAction\":[{\"@type\":\"SearchAction\",\"target\":{\"@type\":\"EntryPoint\",\"urlTemplate\":\"https:\\\/\\\/centrourbano.com\\\/revista\\\/?s={search_term_string}\"},\"query-input\":{\"@type\":\"PropertyValueSpecification\",\"valueRequired\":true,\"valueName\":\"search_term_string\"}}],\"inLanguage\":\"es\"},{\"@type\":\"Organization\",\"@id\":\"https:\\\/\\\/centrourbano.com\\\/revista\\\/#organization\",\"name\":\"Centro Urbano\",\"url\":\"https:\\\/\\\/centrourbano.com\\\/revista\\\/\",\"logo\":{\"@type\":\"ImageObject\",\"inLanguage\":\"es\",\"@id\":\"https:\\\/\\\/centrourbano.com\\\/revista\\\/#\\\/schema\\\/logo\\\/image\\\/\",\"url\":\"https:\\\/\\\/centrourbano.com\\\/revista\\\/wp-content\\\/uploads\\\/web_CU_logo-1.png\",\"contentUrl\":\"https:\\\/\\\/centrourbano.com\\\/revista\\\/wp-content\\\/uploads\\\/web_CU_logo-1.png\",\"width\":350,\"height\":91,\"caption\":\"Centro Urbano\"},\"image\":{\"@id\":\"https:\\\/\\\/centrourbano.com\\\/revista\\\/#\\\/schema\\\/logo\\\/image\\\/\"},\"sameAs\":[\"https:\\\/\\\/www.facebook.com\\\/portalcentrourbano\",\"https:\\\/\\\/x.com\\\/CentroUrbano\",\"https:\\\/\\\/www.instagram.com\\\/centro_urbano\\\/\",\"https:\\\/\\\/www.linkedin.com\\\/company\\\/centro-urbano\\\/\",\"http:\\\/\\\/www.youtube.com\\\/user\\\/portalcentrourbano\"]},{\"@type\":\"Person\",\"@id\":\"https:\\\/\\\/centrourbano.com\\\/revista\\\/#\\\/schema\\\/person\\\/9a36a90c9a17a588335bc23c7aa03e3c\",\"name\":\"Roc\u00edo Garc\u00eda\",\"image\":{\"@type\":\"ImageObject\",\"inLanguage\":\"es\",\"@id\":\"https:\\\/\\\/secure.gravatar.com\\\/avatar\\\/a0e2f1ddfed432d8ad4b84b5dc2e19fc4c403753eb7578fd4dca22f8e2538fc8?s=96&d=mm&r=g\",\"url\":\"https:\\\/\\\/secure.gravatar.com\\\/avatar\\\/a0e2f1ddfed432d8ad4b84b5dc2e19fc4c403753eb7578fd4dca22f8e2538fc8?s=96&d=mm&r=g\",\"contentUrl\":\"https:\\\/\\\/secure.gravatar.com\\\/avatar\\\/a0e2f1ddfed432d8ad4b84b5dc2e19fc4c403753eb7578fd4dca22f8e2538fc8?s=96&d=mm&r=g\",\"caption\":\"Roc\u00edo Garc\u00eda\"},\"description\":\"Estudiante de Comunicaci\u00f3n de la Facultad de Estudios Superiores Acatl\u00e1n, con especialidad en Multimedia y Cultura. Apasionada por la radio, la m\u00fasica y la CDMX. Hablo mucho y r\u00edo m\u00e1s, me gusta la cumbia, las chelas y el rock n\u2019 roll.\",\"sameAs\":[\"facebook.com\\\/ro.garcia23\",\"https:\\\/\\\/www.instagram.com\\\/ch_chioo\\\/\"],\"url\":\"https:\\\/\\\/centrourbano.com\\\/revista\\\/author\\\/rocio-garcia\\\/\"}]}<\/script>\n<!-- \/ Yoast SEO plugin. -->","yoast_head_json":{"title":"Feria de los Servicios y \u201cTu Ciudad Te Re-Quiere\u201d llegan a Tlalpan","description":"El Jefe de Gobierno encabez\u00f3 las labores de mejoramiento junto con vecinos y trabajadores de la administraci\u00f3n capitalina.","robots":{"index":"index","follow":"follow","max-snippet":"max-snippet:-1","max-image-preview":"max-image-preview:large","max-video-preview":"max-video-preview:-1"},"canonical":"https:\/\/centrourbano.com\/revista\/urbanismo\/feria-servicios-ciudad-te-requiere-tlalpan\/","og_locale":"es_ES","og_type":"article","og_title":"Feria de los Servicios y \u201cTu Ciudad Te Re-Quiere\u201d llegan a Tlalpan","og_description":"El Jefe de Gobierno encabez\u00f3 las labores de mejoramiento junto con vecinos y trabajadores de la administraci\u00f3n capitalina.","og_url":"https:\/\/centrourbano.com\/revista\/urbanismo\/feria-servicios-ciudad-te-requiere-tlalpan\/","og_site_name":"Centro Urbano","article_publisher":"https:\/\/www.facebook.com\/portalcentrourbano","article_author":"facebook.com\/ro.garcia23","article_published_time":"2017-06-12T16:31:17+00:00","article_modified_time":"2017-06-12T19:08:22+00:00","og_image":[{"width":2560,"height":1707,"url":"https:\/\/centrourbano.com\/revista\/wp-content\/uploads\/100617-FOTO-10-MIGUEL-\u00c1NGEL-MANCERA-TU-CIUDAD-TE-RE-QUIERE-scaled.jpg","type":"image\/jpeg"}],"author":"Roc\u00edo Garc\u00eda","twitter_card":"summary_large_image","twitter_creator":"@CentroUrbano","twitter_site":"@CentroUrbano","twitter_misc":{"Escrito por":"Roc\u00edo Garc\u00eda","Tiempo de lectura":"2 minutos"},"schema":{"@context":"https:\/\/schema.org","@graph":[{"@type":"Article","@id":"https:\/\/centrourbano.com\/revista\/urbanismo\/feria-servicios-ciudad-te-requiere-tlalpan\/#article","isPartOf":{"@id":"https:\/\/centrourbano.com\/revista\/urbanismo\/feria-servicios-ciudad-te-requiere-tlalpan\/"},"author":{"name":"Roc\u00edo Garc\u00eda","@id":"https:\/\/centrourbano.com\/revista\/#\/schema\/person\/9a36a90c9a17a588335bc23c7aa03e3c"},"headline":"Feria de los Servicios y \u201cTu Ciudad Te Re-Quiere\u201d llegan a Tlalpan","datePublished":"2017-06-12T16:31:17+00:00","dateModified":"2017-06-12T19:08:22+00:00","mainEntityOfPage":{"@id":"https:\/\/centrourbano.com\/revista\/urbanismo\/feria-servicios-ciudad-te-requiere-tlalpan\/"},"wordCount":334,"commentCount":0,"publisher":{"@id":"https:\/\/centrourbano.com\/revista\/#organization"},"image":{"@id":"https:\/\/centrourbano.com\/revista\/urbanismo\/feria-servicios-ciudad-te-requiere-tlalpan\/#primaryimage"},"thumbnailUrl":"https:\/\/centrourbano.com\/revista\/wp-content\/uploads\/100617-FOTO-10-MIGUEL-\u00c1NGEL-MANCERA-TU-CIUDAD-TE-RE-QUIERE-scaled.jpg","keywords":["capital","CDMX","Desarrollo urbano","programas sociales","servicios","Tlalpan"],"articleSection":["Urbanismo"],"inLanguage":"es","potentialAction":[{"@type":"CommentAction","name":"Comment","target":["https:\/\/centrourbano.com\/revista\/urbanismo\/feria-servicios-ciudad-te-requiere-tlalpan\/#respond"]}]},{"@type":"WebPage","@id":"https:\/\/centrourbano.com\/revista\/urbanismo\/feria-servicios-ciudad-te-requiere-tlalpan\/","url":"https:\/\/centrourbano.com\/revista\/urbanismo\/feria-servicios-ciudad-te-requiere-tlalpan\/","name":"Feria de los Servicios y \u201cTu Ciudad Te Re-Quiere\u201d llegan a Tlalpan","isPartOf":{"@id":"https:\/\/centrourbano.com\/revista\/#website"},"primaryImageOfPage":{"@id":"https:\/\/centrourbano.com\/revista\/urbanismo\/feria-servicios-ciudad-te-requiere-tlalpan\/#primaryimage"},"image":{"@id":"https:\/\/centrourbano.com\/revista\/urbanismo\/feria-servicios-ciudad-te-requiere-tlalpan\/#primaryimage"},"thumbnailUrl":"https:\/\/centrourbano.com\/revista\/wp-content\/uploads\/100617-FOTO-10-MIGUEL-\u00c1NGEL-MANCERA-TU-CIUDAD-TE-RE-QUIERE-scaled.jpg","datePublished":"2017-06-12T16:31:17+00:00","dateModified":"2017-06-12T19:08:22+00:00","description":"El Jefe de Gobierno encabez\u00f3 las labores de mejoramiento junto con vecinos y trabajadores de la administraci\u00f3n capitalina.","breadcrumb":{"@id":"https:\/\/centrourbano.com\/revista\/urbanismo\/feria-servicios-ciudad-te-requiere-tlalpan\/#breadcrumb"},"inLanguage":"es","potentialAction":[{"@type":"ReadAction","target":["https:\/\/centrourbano.com\/revista\/urbanismo\/feria-servicios-ciudad-te-requiere-tlalpan\/"]}]},{"@type":"ImageObject","inLanguage":"es","@id":"https:\/\/centrourbano.com\/revista\/urbanismo\/feria-servicios-ciudad-te-requiere-tlalpan\/#primaryimage","url":"https:\/\/centrourbano.com\/revista\/wp-content\/uploads\/100617-FOTO-10-MIGUEL-\u00c1NGEL-MANCERA-TU-CIUDAD-TE-RE-QUIERE-scaled.jpg","contentUrl":"https:\/\/centrourbano.com\/revista\/wp-content\/uploads\/100617-FOTO-10-MIGUEL-\u00c1NGEL-MANCERA-TU-CIUDAD-TE-RE-QUIERE-scaled.jpg","width":2560,"height":1707,"caption":"El Jefe de Gobierno encabez\u00f3 las labores de mejoramiento junto con vecinos y trabajadores de la administraci\u00f3n capitalina."},{"@type":"BreadcrumbList","@id":"https:\/\/centrourbano.com\/revista\/urbanismo\/feria-servicios-ciudad-te-requiere-tlalpan\/#breadcrumb","itemListElement":[{"@type":"ListItem","position":1,"name":"Portada","item":"https:\/\/centrourbano.com\/revista\/"},{"@type":"ListItem","position":2,"name":"Feria de los Servicios y \u201cTu Ciudad Te Re-Quiere\u201d llegan a Tlalpan"}]},{"@type":"WebSite","@id":"https:\/\/centrourbano.com\/revista\/#website","url":"https:\/\/centrourbano.com\/revista\/","name":"Centro Urbano","description":"Medio especializado en los sectores vivienda, inmobiliario, construcci\u00f3n, arquitectura y urbanismo.","publisher":{"@id":"https:\/\/centrourbano.com\/revista\/#organization"},"potentialAction":[{"@type":"SearchAction","target":{"@type":"EntryPoint","urlTemplate":"https:\/\/centrourbano.com\/revista\/?s={search_term_string}"},"query-input":{"@type":"PropertyValueSpecification","valueRequired":true,"valueName":"search_term_string"}}],"inLanguage":"es"},{"@type":"Organization","@id":"https:\/\/centrourbano.com\/revista\/#organization","name":"Centro Urbano","url":"https:\/\/centrourbano.com\/revista\/","logo":{"@type":"ImageObject","inLanguage":"es","@id":"https:\/\/centrourbano.com\/revista\/#\/schema\/logo\/image\/","url":"https:\/\/centrourbano.com\/revista\/wp-content\/uploads\/web_CU_logo-1.png","contentUrl":"https:\/\/centrourbano.com\/revista\/wp-content\/uploads\/web_CU_logo-1.png","width":350,"height":91,"caption":"Centro Urbano"},"image":{"@id":"https:\/\/centrourbano.com\/revista\/#\/schema\/logo\/image\/"},"sameAs":["https:\/\/www.facebook.com\/portalcentrourbano","https:\/\/x.com\/CentroUrbano","https:\/\/www.instagram.com\/centro_urbano\/","https:\/\/www.linkedin.com\/company\/centro-urbano\/","http:\/\/www.youtube.com\/user\/portalcentrourbano"]},{"@type":"Person","@id":"https:\/\/centrourbano.com\/revista\/#\/schema\/person\/9a36a90c9a17a588335bc23c7aa03e3c","name":"Roc\u00edo Garc\u00eda","image":{"@type":"ImageObject","inLanguage":"es","@id":"https:\/\/secure.gravatar.com\/avatar\/a0e2f1ddfed432d8ad4b84b5dc2e19fc4c403753eb7578fd4dca22f8e2538fc8?s=96&d=mm&r=g","url":"https:\/\/secure.gravatar.com\/avatar\/a0e2f1ddfed432d8ad4b84b5dc2e19fc4c403753eb7578fd4dca22f8e2538fc8?s=96&d=mm&r=g","contentUrl":"https:\/\/secure.gravatar.com\/avatar\/a0e2f1ddfed432d8ad4b84b5dc2e19fc4c403753eb7578fd4dca22f8e2538fc8?s=96&d=mm&r=g","caption":"Roc\u00edo Garc\u00eda"},"description":"Estudiante de Comunicaci\u00f3n de la Facultad de Estudios Superiores Acatl\u00e1n, con especialidad en Multimedia y Cultura. Apasionada por la radio, la m\u00fasica y la CDMX. Hablo mucho y r\u00edo m\u00e1s, me gusta la cumbia, las chelas y el rock n\u2019 roll.","sameAs":["facebook.com\/ro.garcia23","https:\/\/www.instagram.com\/ch_chioo\/"],"url":"https:\/\/centrourbano.com\/revista\/author\/rocio-garcia\/"}]}},"_links":{"self":[{"href":"https:\/\/centrourbano.com\/revista\/wp-json\/wp\/v2\/posts\/54579","targetHints":{"allow":["GET"]}}],"collection":[{"href":"https:\/\/centrourbano.com\/revista\/wp-json\/wp\/v2\/posts"}],"about":[{"href":"https:\/\/centrourbano.com\/revista\/wp-json\/wp\/v2\/types\/post"}],"author":[{"embeddable":true,"href":"https:\/\/centrourbano.com\/revista\/wp-json\/wp\/v2\/users\/53"}],"replies":[{"embeddable":true,"href":"https:\/\/centrourbano.com\/revista\/wp-json\/wp\/v2\/comments?post=54579"}],"version-history":[{"count":0,"href":"https:\/\/centrourbano.com\/revista\/wp-json\/wp\/v2\/posts\/54579\/revisions"}],"wp:featuredmedia":[{"embeddable":true,"href":"https:\/\/centrourbano.com\/revista\/wp-json\/wp\/v2\/media\/54580"}],"wp:attachment":[{"href":"https:\/\/centrourbano.com\/revista\/wp-json\/wp\/v2\/media?parent=54579"}],"wp:term":[{"taxonomy":"category","embeddable":true,"href":"https:\/\/centrourbano.com\/revista\/wp-json\/wp\/v2\/categories?post=54579"},{"taxonomy":"post_tag","embeddable":true,"href":"https:\/\/centrourbano.com\/revista\/wp-json\/wp\/v2\/tags?post=54579"}],"curies":[{"name":"wp","href":"https:\/\/api.w.org\/{rel}","templated":true}]}}