{"id":54558,"date":"2017-06-12T08:00:58","date_gmt":"2017-06-12T13:00:58","guid":{"rendered":"https:\/\/centrourbano.com\/?p=54558"},"modified":"2017-06-12T17:03:32","modified_gmt":"2017-06-12T22:03:32","slug":"alcanza-cartera-de-credito-puente-a-vivienda-73-7-mmdp","status":"publish","type":"post","link":"https:\/\/centrourbano.com\/revista\/vivienda\/alcanza-cartera-de-credito-puente-a-vivienda-73-7-mmdp\/","title":{"rendered":"Alcanza cartera de cr\u00e9dito puente a vivienda 73.7 mmdp"},"content":{"rendered":"<p><em>Al cierre de marzo, el financiamiento al desarrollo de vivienda represent\u00f3 17.1% de la cartera del sector de la construcci\u00f3n <\/em><!--more--><\/p>\n<p>A marzo de 2017, la cartera de cr\u00e9dito puente de la banca comercial y Sociedad Hipotecaria Federal (SHF) alcanz\u00f3  los 73.7 mil millones de pesos, lo que representa una cifrar superior en 11% a lo colocado al mismo mes pero de 2016.<\/p>\n<p>As\u00ed lo inform\u00f3 la Comisi\u00f3n Nacional de Vivienda, quien en su reporte mensual del sector destac\u00f3 que los bancos comerciales colocaron 59.9 mil millones de pesos al tercer mes del a\u00f1o, lo que representa un crecimiento de 11.2% en relaci\u00f3n al mismo periodo pero de 2016.<\/p>\n<p>\u201cEn l\u00ednea con el comportamiento de los indicadores macroecon\u00f3micos, el financiamiento al sector ha mostrado un mayor dinamismos en comparaci\u00f3n a la evoluci\u00f3n del cr\u00e9dito a la construcci\u00f3n en su conjunto, el cual tuvo una variaci\u00f3n de 1.9% en el mismo periodo\u201d, detall\u00f3 la Comisi\u00f3n. <\/p>\n<p>En lo referente, el organismo explic\u00f3 que el financiamiento a la construcci\u00f3n de vivienda represent\u00f3 el 17.1% del financiamiento otorgado al sector de la construcci\u00f3n. <\/p>\n<p>Seg\u00fan datos, durante mazo, el financiamiento a la construcci\u00f3n de vivienda se increment\u00f3 en 1,447 millones de pesos; adem\u00e1s que durante el 1T2017 la colocaci\u00f3n de nuevos cr\u00e9ditos puente por parte de SHF acumul\u00f3 compromisos de financiamiento por un total de 4.2 mil millones de pesos, que permitir\u00e1 la construcci\u00f3n de 11.1 mil viviendas.<\/p>\n","protected":false},"excerpt":{"rendered":"<p>Al cierre de marzo, el financiamiento al desarrollo de vivienda represent\u00f3 17.1% de la cartera del sector de la construcci\u00f3n<\/p>\n","protected":false},"author":47,"featured_media":19160,"comment_status":"open","ping_status":"closed","sticky":false,"template":"","format":"standard","meta":{"om_disable_all_campaigns":false,"inline_featured_image":false,"_monsterinsights_skip_tracking":false,"_monsterinsights_sitenote_active":false,"_monsterinsights_sitenote_note":"","_monsterinsights_sitenote_category":0,"footnotes":""},"categories":[12],"tags":[10244,376,60],"class_list":["post-54558","post","type-post","status-publish","format-standard","has-post-thumbnail","hentry","category-vivienda","tag-cartera-de-credito-puente","tag-conavi","tag-vivienda-2"],"yoast_head":"<!-- This site is optimized with the Yoast SEO plugin v27.4 - https:\/\/yoast.com\/product\/yoast-seo-wordpress\/ -->\n<title>Alcanza cartera de cr\u00e9dito puente a vivienda 73.7 mmdp -<\/title>\n<meta name=\"description\" content=\"A marzo de 2017, la cartera de cr\u00e9dito puente de la banca comercial y Sociedad Hipotecaria Federal (SHF) alcanz\u00f3 los 73.7 mil millones de pesos, lo que representa una cifrar superior en 11% a lo colocado al mismo mes pero de 2016.\" \/>\n<meta name=\"robots\" content=\"index, follow, max-snippet:-1, max-image-preview:large, max-video-preview:-1\" \/>\n<link rel=\"canonical\" href=\"https:\/\/centrourbano.com\/revista\/vivienda\/alcanza-cartera-de-credito-puente-a-vivienda-73-7-mmdp\/\" \/>\n<meta property=\"og:locale\" content=\"es_ES\" \/>\n<meta property=\"og:type\" content=\"article\" \/>\n<meta property=\"og:title\" content=\"Alcanza cartera de cr\u00e9dito puente a vivienda 73.7 mmdp -\" \/>\n<meta property=\"og:description\" content=\"A marzo de 2017, la cartera de cr\u00e9dito puente de la banca comercial y Sociedad Hipotecaria Federal (SHF) alcanz\u00f3 los 73.7 mil millones de pesos, lo que representa una cifrar superior en 11% a lo colocado al mismo mes pero de 2016.\" \/>\n<meta property=\"og:url\" content=\"https:\/\/centrourbano.com\/revista\/vivienda\/alcanza-cartera-de-credito-puente-a-vivienda-73-7-mmdp\/\" \/>\n<meta property=\"og:site_name\" content=\"Centro Urbano\" \/>\n<meta property=\"article:publisher\" content=\"https:\/\/www.facebook.com\/portalcentrourbano\" \/>\n<meta property=\"article:published_time\" content=\"2017-06-12T13:00:58+00:00\" \/>\n<meta property=\"article:modified_time\" content=\"2017-06-12T22:03:32+00:00\" \/>\n<meta property=\"og:image\" content=\"https:\/\/centrourbano.com\/revista\/wp-content\/uploads\/construccion.jpg\" \/>\n\t<meta property=\"og:image:width\" content=\"600\" \/>\n\t<meta property=\"og:image:height\" content=\"420\" \/>\n\t<meta property=\"og:image:type\" content=\"image\/jpeg\" \/>\n<meta name=\"author\" content=\"Edgar Rosas\" \/>\n<meta name=\"twitter:card\" content=\"summary_large_image\" \/>\n<meta name=\"twitter:creator\" content=\"@https:\/\/twitter.com\/ERosasCU?s=09\" \/>\n<meta name=\"twitter:site\" content=\"@CentroUrbano\" \/>\n<meta name=\"twitter:label1\" content=\"Escrito por\" \/>\n\t<meta name=\"twitter:data1\" content=\"Edgar Rosas\" \/>\n\t<meta name=\"twitter:label2\" content=\"Tiempo de lectura\" \/>\n\t<meta name=\"twitter:data2\" content=\"1 minuto\" \/>\n<script type=\"application\/ld+json\" class=\"yoast-schema-graph\">{\"@context\":\"https:\\\/\\\/schema.org\",\"@graph\":[{\"@type\":\"Article\",\"@id\":\"https:\\\/\\\/centrourbano.com\\\/revista\\\/vivienda\\\/alcanza-cartera-de-credito-puente-a-vivienda-73-7-mmdp\\\/#article\",\"isPartOf\":{\"@id\":\"https:\\\/\\\/centrourbano.com\\\/revista\\\/vivienda\\\/alcanza-cartera-de-credito-puente-a-vivienda-73-7-mmdp\\\/\"},\"author\":{\"name\":\"Edgar Rosas\",\"@id\":\"https:\\\/\\\/centrourbano.com\\\/revista\\\/#\\\/schema\\\/person\\\/ff3c00651ce5b1630479d2cd0c2e3ac0\"},\"headline\":\"Alcanza cartera de cr\u00e9dito puente a vivienda 73.7 mmdp\",\"datePublished\":\"2017-06-12T13:00:58+00:00\",\"dateModified\":\"2017-06-12T22:03:32+00:00\",\"mainEntityOfPage\":{\"@id\":\"https:\\\/\\\/centrourbano.com\\\/revista\\\/vivienda\\\/alcanza-cartera-de-credito-puente-a-vivienda-73-7-mmdp\\\/\"},\"wordCount\":249,\"commentCount\":0,\"publisher\":{\"@id\":\"https:\\\/\\\/centrourbano.com\\\/revista\\\/#organization\"},\"image\":{\"@id\":\"https:\\\/\\\/centrourbano.com\\\/revista\\\/vivienda\\\/alcanza-cartera-de-credito-puente-a-vivienda-73-7-mmdp\\\/#primaryimage\"},\"thumbnailUrl\":\"https:\\\/\\\/centrourbano.com\\\/revista\\\/wp-content\\\/uploads\\\/construccion.jpg\",\"keywords\":[\"Cartera de cr\u00e9dito puente\",\"Conavi\",\"vivienda\"],\"articleSection\":[\"Vivienda\"],\"inLanguage\":\"es\",\"potentialAction\":[{\"@type\":\"CommentAction\",\"name\":\"Comment\",\"target\":[\"https:\\\/\\\/centrourbano.com\\\/revista\\\/vivienda\\\/alcanza-cartera-de-credito-puente-a-vivienda-73-7-mmdp\\\/#respond\"]}]},{\"@type\":\"WebPage\",\"@id\":\"https:\\\/\\\/centrourbano.com\\\/revista\\\/vivienda\\\/alcanza-cartera-de-credito-puente-a-vivienda-73-7-mmdp\\\/\",\"url\":\"https:\\\/\\\/centrourbano.com\\\/revista\\\/vivienda\\\/alcanza-cartera-de-credito-puente-a-vivienda-73-7-mmdp\\\/\",\"name\":\"Alcanza cartera de cr\u00e9dito puente a vivienda 73.7 mmdp -\",\"isPartOf\":{\"@id\":\"https:\\\/\\\/centrourbano.com\\\/revista\\\/#website\"},\"primaryImageOfPage\":{\"@id\":\"https:\\\/\\\/centrourbano.com\\\/revista\\\/vivienda\\\/alcanza-cartera-de-credito-puente-a-vivienda-73-7-mmdp\\\/#primaryimage\"},\"image\":{\"@id\":\"https:\\\/\\\/centrourbano.com\\\/revista\\\/vivienda\\\/alcanza-cartera-de-credito-puente-a-vivienda-73-7-mmdp\\\/#primaryimage\"},\"thumbnailUrl\":\"https:\\\/\\\/centrourbano.com\\\/revista\\\/wp-content\\\/uploads\\\/construccion.jpg\",\"datePublished\":\"2017-06-12T13:00:58+00:00\",\"dateModified\":\"2017-06-12T22:03:32+00:00\",\"description\":\"A marzo de 2017, la cartera de cr\u00e9dito puente de la banca comercial y Sociedad Hipotecaria Federal (SHF) alcanz\u00f3 los 73.7 mil millones de pesos, lo que representa una cifrar superior en 11% a lo colocado al mismo mes pero de 2016.\",\"breadcrumb\":{\"@id\":\"https:\\\/\\\/centrourbano.com\\\/revista\\\/vivienda\\\/alcanza-cartera-de-credito-puente-a-vivienda-73-7-mmdp\\\/#breadcrumb\"},\"inLanguage\":\"es\",\"potentialAction\":[{\"@type\":\"ReadAction\",\"target\":[\"https:\\\/\\\/centrourbano.com\\\/revista\\\/vivienda\\\/alcanza-cartera-de-credito-puente-a-vivienda-73-7-mmdp\\\/\"]}]},{\"@type\":\"ImageObject\",\"inLanguage\":\"es\",\"@id\":\"https:\\\/\\\/centrourbano.com\\\/revista\\\/vivienda\\\/alcanza-cartera-de-credito-puente-a-vivienda-73-7-mmdp\\\/#primaryimage\",\"url\":\"https:\\\/\\\/centrourbano.com\\\/revista\\\/wp-content\\\/uploads\\\/construccion.jpg\",\"contentUrl\":\"https:\\\/\\\/centrourbano.com\\\/revista\\\/wp-content\\\/uploads\\\/construccion.jpg\",\"width\":600,\"height\":420},{\"@type\":\"BreadcrumbList\",\"@id\":\"https:\\\/\\\/centrourbano.com\\\/revista\\\/vivienda\\\/alcanza-cartera-de-credito-puente-a-vivienda-73-7-mmdp\\\/#breadcrumb\",\"itemListElement\":[{\"@type\":\"ListItem\",\"position\":1,\"name\":\"Portada\",\"item\":\"https:\\\/\\\/centrourbano.com\\\/revista\\\/\"},{\"@type\":\"ListItem\",\"position\":2,\"name\":\"Alcanza cartera de cr\u00e9dito puente a vivienda 73.7 mmdp\"}]},{\"@type\":\"WebSite\",\"@id\":\"https:\\\/\\\/centrourbano.com\\\/revista\\\/#website\",\"url\":\"https:\\\/\\\/centrourbano.com\\\/revista\\\/\",\"name\":\"Centro Urbano\",\"description\":\"Medio especializado en los sectores vivienda, inmobiliario, construcci\u00f3n, arquitectura y urbanismo.\",\"publisher\":{\"@id\":\"https:\\\/\\\/centrourbano.com\\\/revista\\\/#organization\"},\"potentialAction\":[{\"@type\":\"SearchAction\",\"target\":{\"@type\":\"EntryPoint\",\"urlTemplate\":\"https:\\\/\\\/centrourbano.com\\\/revista\\\/?s={search_term_string}\"},\"query-input\":{\"@type\":\"PropertyValueSpecification\",\"valueRequired\":true,\"valueName\":\"search_term_string\"}}],\"inLanguage\":\"es\"},{\"@type\":\"Organization\",\"@id\":\"https:\\\/\\\/centrourbano.com\\\/revista\\\/#organization\",\"name\":\"Centro Urbano\",\"url\":\"https:\\\/\\\/centrourbano.com\\\/revista\\\/\",\"logo\":{\"@type\":\"ImageObject\",\"inLanguage\":\"es\",\"@id\":\"https:\\\/\\\/centrourbano.com\\\/revista\\\/#\\\/schema\\\/logo\\\/image\\\/\",\"url\":\"https:\\\/\\\/centrourbano.com\\\/revista\\\/wp-content\\\/uploads\\\/web_CU_logo-1.png\",\"contentUrl\":\"https:\\\/\\\/centrourbano.com\\\/revista\\\/wp-content\\\/uploads\\\/web_CU_logo-1.png\",\"width\":350,\"height\":91,\"caption\":\"Centro Urbano\"},\"image\":{\"@id\":\"https:\\\/\\\/centrourbano.com\\\/revista\\\/#\\\/schema\\\/logo\\\/image\\\/\"},\"sameAs\":[\"https:\\\/\\\/www.facebook.com\\\/portalcentrourbano\",\"https:\\\/\\\/x.com\\\/CentroUrbano\",\"https:\\\/\\\/www.instagram.com\\\/centro_urbano\\\/\",\"https:\\\/\\\/www.linkedin.com\\\/company\\\/centro-urbano\\\/\",\"http:\\\/\\\/www.youtube.com\\\/user\\\/portalcentrourbano\"]},{\"@type\":\"Person\",\"@id\":\"https:\\\/\\\/centrourbano.com\\\/revista\\\/#\\\/schema\\\/person\\\/ff3c00651ce5b1630479d2cd0c2e3ac0\",\"name\":\"Edgar Rosas\",\"image\":{\"@type\":\"ImageObject\",\"inLanguage\":\"es\",\"@id\":\"https:\\\/\\\/secure.gravatar.com\\\/avatar\\\/94440c4283495211faa5300bf85e80061036b83fced868c3783aa1310b350d9c?s=96&d=mm&r=g\",\"url\":\"https:\\\/\\\/secure.gravatar.com\\\/avatar\\\/94440c4283495211faa5300bf85e80061036b83fced868c3783aa1310b350d9c?s=96&d=mm&r=g\",\"contentUrl\":\"https:\\\/\\\/secure.gravatar.com\\\/avatar\\\/94440c4283495211faa5300bf85e80061036b83fced868c3783aa1310b350d9c?s=96&d=mm&r=g\",\"caption\":\"Edgar Rosas\"},\"description\":\"Editor en Jefe de Centro Urbano. Egresado de la maestr\u00eda en Periodismo Pol\u00edtico de la Escuela de Periodismo Carlos Septi\u00e9n Garc\u00eda (EPCSG). Estudi\u00f3 la licenciatura en Comunicaci\u00f3n en la Universidad Mexicana. Amante de la cr\u00f3nica y el reportaje. Admirador de Vicente Le\u00f1ero y Miguel \u00c1ngel Granados Chapa.\",\"sameAs\":[\"https:\\\/\\\/x.com\\\/https:\\\/\\\/twitter.com\\\/ERosasCU?s=09\"],\"url\":\"https:\\\/\\\/centrourbano.com\\\/revista\\\/author\\\/edgar-rosas\\\/\"}]}<\/script>\n<!-- \/ Yoast SEO plugin. -->","yoast_head_json":{"title":"Alcanza cartera de cr\u00e9dito puente a vivienda 73.7 mmdp -","description":"A marzo de 2017, la cartera de cr\u00e9dito puente de la banca comercial y Sociedad Hipotecaria Federal (SHF) alcanz\u00f3 los 73.7 mil millones de pesos, lo que representa una cifrar superior en 11% a lo colocado al mismo mes pero de 2016.","robots":{"index":"index","follow":"follow","max-snippet":"max-snippet:-1","max-image-preview":"max-image-preview:large","max-video-preview":"max-video-preview:-1"},"canonical":"https:\/\/centrourbano.com\/revista\/vivienda\/alcanza-cartera-de-credito-puente-a-vivienda-73-7-mmdp\/","og_locale":"es_ES","og_type":"article","og_title":"Alcanza cartera de cr\u00e9dito puente a vivienda 73.7 mmdp -","og_description":"A marzo de 2017, la cartera de cr\u00e9dito puente de la banca comercial y Sociedad Hipotecaria Federal (SHF) alcanz\u00f3 los 73.7 mil millones de pesos, lo que representa una cifrar superior en 11% a lo colocado al mismo mes pero de 2016.","og_url":"https:\/\/centrourbano.com\/revista\/vivienda\/alcanza-cartera-de-credito-puente-a-vivienda-73-7-mmdp\/","og_site_name":"Centro Urbano","article_publisher":"https:\/\/www.facebook.com\/portalcentrourbano","article_published_time":"2017-06-12T13:00:58+00:00","article_modified_time":"2017-06-12T22:03:32+00:00","og_image":[{"width":600,"height":420,"url":"https:\/\/centrourbano.com\/revista\/wp-content\/uploads\/construccion.jpg","type":"image\/jpeg"}],"author":"Edgar Rosas","twitter_card":"summary_large_image","twitter_creator":"@https:\/\/twitter.com\/ERosasCU?s=09","twitter_site":"@CentroUrbano","twitter_misc":{"Escrito por":"Edgar Rosas","Tiempo de lectura":"1 minuto"},"schema":{"@context":"https:\/\/schema.org","@graph":[{"@type":"Article","@id":"https:\/\/centrourbano.com\/revista\/vivienda\/alcanza-cartera-de-credito-puente-a-vivienda-73-7-mmdp\/#article","isPartOf":{"@id":"https:\/\/centrourbano.com\/revista\/vivienda\/alcanza-cartera-de-credito-puente-a-vivienda-73-7-mmdp\/"},"author":{"name":"Edgar Rosas","@id":"https:\/\/centrourbano.com\/revista\/#\/schema\/person\/ff3c00651ce5b1630479d2cd0c2e3ac0"},"headline":"Alcanza cartera de cr\u00e9dito puente a vivienda 73.7 mmdp","datePublished":"2017-06-12T13:00:58+00:00","dateModified":"2017-06-12T22:03:32+00:00","mainEntityOfPage":{"@id":"https:\/\/centrourbano.com\/revista\/vivienda\/alcanza-cartera-de-credito-puente-a-vivienda-73-7-mmdp\/"},"wordCount":249,"commentCount":0,"publisher":{"@id":"https:\/\/centrourbano.com\/revista\/#organization"},"image":{"@id":"https:\/\/centrourbano.com\/revista\/vivienda\/alcanza-cartera-de-credito-puente-a-vivienda-73-7-mmdp\/#primaryimage"},"thumbnailUrl":"https:\/\/centrourbano.com\/revista\/wp-content\/uploads\/construccion.jpg","keywords":["Cartera de cr\u00e9dito puente","Conavi","vivienda"],"articleSection":["Vivienda"],"inLanguage":"es","potentialAction":[{"@type":"CommentAction","name":"Comment","target":["https:\/\/centrourbano.com\/revista\/vivienda\/alcanza-cartera-de-credito-puente-a-vivienda-73-7-mmdp\/#respond"]}]},{"@type":"WebPage","@id":"https:\/\/centrourbano.com\/revista\/vivienda\/alcanza-cartera-de-credito-puente-a-vivienda-73-7-mmdp\/","url":"https:\/\/centrourbano.com\/revista\/vivienda\/alcanza-cartera-de-credito-puente-a-vivienda-73-7-mmdp\/","name":"Alcanza cartera de cr\u00e9dito puente a vivienda 73.7 mmdp -","isPartOf":{"@id":"https:\/\/centrourbano.com\/revista\/#website"},"primaryImageOfPage":{"@id":"https:\/\/centrourbano.com\/revista\/vivienda\/alcanza-cartera-de-credito-puente-a-vivienda-73-7-mmdp\/#primaryimage"},"image":{"@id":"https:\/\/centrourbano.com\/revista\/vivienda\/alcanza-cartera-de-credito-puente-a-vivienda-73-7-mmdp\/#primaryimage"},"thumbnailUrl":"https:\/\/centrourbano.com\/revista\/wp-content\/uploads\/construccion.jpg","datePublished":"2017-06-12T13:00:58+00:00","dateModified":"2017-06-12T22:03:32+00:00","description":"A marzo de 2017, la cartera de cr\u00e9dito puente de la banca comercial y Sociedad Hipotecaria Federal (SHF) alcanz\u00f3 los 73.7 mil millones de pesos, lo que representa una cifrar superior en 11% a lo colocado al mismo mes pero de 2016.","breadcrumb":{"@id":"https:\/\/centrourbano.com\/revista\/vivienda\/alcanza-cartera-de-credito-puente-a-vivienda-73-7-mmdp\/#breadcrumb"},"inLanguage":"es","potentialAction":[{"@type":"ReadAction","target":["https:\/\/centrourbano.com\/revista\/vivienda\/alcanza-cartera-de-credito-puente-a-vivienda-73-7-mmdp\/"]}]},{"@type":"ImageObject","inLanguage":"es","@id":"https:\/\/centrourbano.com\/revista\/vivienda\/alcanza-cartera-de-credito-puente-a-vivienda-73-7-mmdp\/#primaryimage","url":"https:\/\/centrourbano.com\/revista\/wp-content\/uploads\/construccion.jpg","contentUrl":"https:\/\/centrourbano.com\/revista\/wp-content\/uploads\/construccion.jpg","width":600,"height":420},{"@type":"BreadcrumbList","@id":"https:\/\/centrourbano.com\/revista\/vivienda\/alcanza-cartera-de-credito-puente-a-vivienda-73-7-mmdp\/#breadcrumb","itemListElement":[{"@type":"ListItem","position":1,"name":"Portada","item":"https:\/\/centrourbano.com\/revista\/"},{"@type":"ListItem","position":2,"name":"Alcanza cartera de cr\u00e9dito puente a vivienda 73.7 mmdp"}]},{"@type":"WebSite","@id":"https:\/\/centrourbano.com\/revista\/#website","url":"https:\/\/centrourbano.com\/revista\/","name":"Centro Urbano","description":"Medio especializado en los sectores vivienda, inmobiliario, construcci\u00f3n, arquitectura y urbanismo.","publisher":{"@id":"https:\/\/centrourbano.com\/revista\/#organization"},"potentialAction":[{"@type":"SearchAction","target":{"@type":"EntryPoint","urlTemplate":"https:\/\/centrourbano.com\/revista\/?s={search_term_string}"},"query-input":{"@type":"PropertyValueSpecification","valueRequired":true,"valueName":"search_term_string"}}],"inLanguage":"es"},{"@type":"Organization","@id":"https:\/\/centrourbano.com\/revista\/#organization","name":"Centro Urbano","url":"https:\/\/centrourbano.com\/revista\/","logo":{"@type":"ImageObject","inLanguage":"es","@id":"https:\/\/centrourbano.com\/revista\/#\/schema\/logo\/image\/","url":"https:\/\/centrourbano.com\/revista\/wp-content\/uploads\/web_CU_logo-1.png","contentUrl":"https:\/\/centrourbano.com\/revista\/wp-content\/uploads\/web_CU_logo-1.png","width":350,"height":91,"caption":"Centro Urbano"},"image":{"@id":"https:\/\/centrourbano.com\/revista\/#\/schema\/logo\/image\/"},"sameAs":["https:\/\/www.facebook.com\/portalcentrourbano","https:\/\/x.com\/CentroUrbano","https:\/\/www.instagram.com\/centro_urbano\/","https:\/\/www.linkedin.com\/company\/centro-urbano\/","http:\/\/www.youtube.com\/user\/portalcentrourbano"]},{"@type":"Person","@id":"https:\/\/centrourbano.com\/revista\/#\/schema\/person\/ff3c00651ce5b1630479d2cd0c2e3ac0","name":"Edgar Rosas","image":{"@type":"ImageObject","inLanguage":"es","@id":"https:\/\/secure.gravatar.com\/avatar\/94440c4283495211faa5300bf85e80061036b83fced868c3783aa1310b350d9c?s=96&d=mm&r=g","url":"https:\/\/secure.gravatar.com\/avatar\/94440c4283495211faa5300bf85e80061036b83fced868c3783aa1310b350d9c?s=96&d=mm&r=g","contentUrl":"https:\/\/secure.gravatar.com\/avatar\/94440c4283495211faa5300bf85e80061036b83fced868c3783aa1310b350d9c?s=96&d=mm&r=g","caption":"Edgar Rosas"},"description":"Editor en Jefe de Centro Urbano. Egresado de la maestr\u00eda en Periodismo Pol\u00edtico de la Escuela de Periodismo Carlos Septi\u00e9n Garc\u00eda (EPCSG). Estudi\u00f3 la licenciatura en Comunicaci\u00f3n en la Universidad Mexicana. Amante de la cr\u00f3nica y el reportaje. Admirador de Vicente Le\u00f1ero y Miguel \u00c1ngel Granados Chapa.","sameAs":["https:\/\/x.com\/https:\/\/twitter.com\/ERosasCU?s=09"],"url":"https:\/\/centrourbano.com\/revista\/author\/edgar-rosas\/"}]}},"_links":{"self":[{"href":"https:\/\/centrourbano.com\/revista\/wp-json\/wp\/v2\/posts\/54558","targetHints":{"allow":["GET"]}}],"collection":[{"href":"https:\/\/centrourbano.com\/revista\/wp-json\/wp\/v2\/posts"}],"about":[{"href":"https:\/\/centrourbano.com\/revista\/wp-json\/wp\/v2\/types\/post"}],"author":[{"embeddable":true,"href":"https:\/\/centrourbano.com\/revista\/wp-json\/wp\/v2\/users\/47"}],"replies":[{"embeddable":true,"href":"https:\/\/centrourbano.com\/revista\/wp-json\/wp\/v2\/comments?post=54558"}],"version-history":[{"count":0,"href":"https:\/\/centrourbano.com\/revista\/wp-json\/wp\/v2\/posts\/54558\/revisions"}],"wp:featuredmedia":[{"embeddable":true,"href":"https:\/\/centrourbano.com\/revista\/wp-json\/wp\/v2\/media\/19160"}],"wp:attachment":[{"href":"https:\/\/centrourbano.com\/revista\/wp-json\/wp\/v2\/media?parent=54558"}],"wp:term":[{"taxonomy":"category","embeddable":true,"href":"https:\/\/centrourbano.com\/revista\/wp-json\/wp\/v2\/categories?post=54558"},{"taxonomy":"post_tag","embeddable":true,"href":"https:\/\/centrourbano.com\/revista\/wp-json\/wp\/v2\/tags?post=54558"}],"curies":[{"name":"wp","href":"https:\/\/api.w.org\/{rel}","templated":true}]}}