{"id":54365,"date":"2017-06-07T13:23:44","date_gmt":"2017-06-07T18:23:44","guid":{"rendered":"https:\/\/centrourbano.com\/?p=54365"},"modified":"2017-06-07T13:23:44","modified_gmt":"2017-06-07T18:23:44","slug":"cumbre-mundial-lideres-energeticos-se-realizara-mexico","status":"publish","type":"post","link":"https:\/\/centrourbano.com\/revista\/actualidad\/cumbre-mundial-lideres-energeticos-se-realizara-mexico\/","title":{"rendered":"Cumbre Mundial de L\u00edderes Energ\u00e9ticos se realizar\u00e1 en M\u00e9xico"},"content":{"rendered":"<p><em>Expertos compartir\u00e1n informaci\u00f3n sobre transici\u00f3n energ\u00e9tica, pol\u00edticas p\u00fablicas, financiamiento, desarrollo tecnol\u00f3gico y sustentabilidad<\/em><br \/>\n<!--more--><\/p>\n<p>Leonardo Beltr\u00e1n, subsecretario de Planeaci\u00f3n y Transici\u00f3n Energ\u00e9tica de M\u00e9xico y Christoph Frei, secretario General del Consejo Mundial de Energ\u00eda, firmaron un acuerdo para que del 12 al 13 de septiembre de 2017 se realice la Cumbre Mundial de L\u00edderes Energ\u00e9ticos (World Energy Leaders\u2019 Summit, WELS) en la Ciudad de M\u00e9xico. <\/p>\n<p>La firma se realiz\u00f3 durante la 8a Reuni\u00f3n Ministerial de Energ\u00eda Limpia (CEM 8), el funcionario mexicano explic\u00f3 que en dicha cumbre se realizar\u00e1n los Di\u00e1logos para el Futuro de la Energ\u00eda-M\u00e9xico 2017\u201d (DEMEX), evento organizado por la Secretar\u00eda de Energ\u00eda.  <\/p>\n<p>\u201cEl panorama energ\u00e9tico global tiene un enorme dinamismo, por lo que la colaboraci\u00f3n, alianzas y enfoques innovadores se hacen necesarios para el futuro de la energ\u00eda. DEMEX brinda una oportunidad para que actores clave discutan, analicen y reflexionen sobre las tendencias y escenarios de la energ\u00eda y compartan las experiencias en el avance hacia una transici\u00f3n energ\u00e9tica, basados en pol\u00edticas p\u00fablicas, financiamiento, desarrollo tecnol\u00f3gico y sustentabilidad\u201d.<\/p>\n<p>Christoph Frei consider\u00f3 que el sector energ\u00e9tico se enfrenta a varias realidades, sobre todo en c\u00f3mo se produce y consume energ\u00eda.   <\/p>\n<p>\u201cLa velocidad sin precedentes de los cambios en las tecnolog\u00edas, los riesgos y el entorno normativo presenta tanto desaf\u00edos como oportunidades para los pa\u00edses y las empresas energ\u00e9ticas. El di\u00e1logo sobre sus implicaciones entre el sector p\u00fablico y privado, en un entorno neutral e informal, es cr\u00edtico en este momento de gran incertidumbre y profunda transici\u00f3n energ\u00e9tica\u201d.<\/p>\n<p>Adelantaron que la cumbre en la Ciudad de M\u00e9xico se centrar\u00e1 en energ\u00edas renovables y modelos innovadores de negocios, para impulsar y posibilitar el cambio, enfoques descentralizados para equilibrar el trilema energ\u00e9tico, resiliencia del sistema energ\u00e9tico y reforma del sector.<\/p>\n<p>Se espera la llegada de 100 ministros y directores generales de empresas de todo el mundo para impulsar el cambio y profundizar la comprensi\u00f3n de la transici\u00f3n energ\u00e9tica en un momento cr\u00edtico para el sector.<\/p>\n<p>Finalmente, el Consejo Mundial de Energ\u00eda tambi\u00e9n llevar\u00e1 a cabo su foro regional anual durante los Di\u00e1logos para el Futuro de la Energ\u00eda \u2013 M\u00e9xico 2017. \u00c9ste reunir\u00e1 el liderazgo de los comit\u00e9s canadiense, mexicano y estadounidense del Consejo Mundial de Energ\u00eda para discutir las relaciones entre los sistemas energ\u00e9ticos de los tres pa\u00edses.<\/p>\n","protected":false},"excerpt":{"rendered":"<p>Expertos compartir\u00e1n informaci\u00f3n sobre transici\u00f3n energ\u00e9tica, pol\u00edticas p\u00fablicas, financiamiento, desarrollo tecnol\u00f3gico y sustentabilidad<\/p>\n","protected":false},"author":37,"featured_media":54371,"comment_status":"open","ping_status":"closed","sticky":false,"template":"","format":"standard","meta":{"om_disable_all_campaigns":false,"inline_featured_image":false,"_monsterinsights_skip_tracking":false,"_monsterinsights_sitenote_active":false,"_monsterinsights_sitenote_note":"","_monsterinsights_sitenote_category":0,"footnotes":""},"categories":[80],"tags":[],"class_list":["post-54365","post","type-post","status-publish","format-standard","has-post-thumbnail","hentry","category-actualidad"],"yoast_head":"<!-- This site is optimized with the Yoast SEO plugin v27.4 - https:\/\/yoast.com\/product\/yoast-seo-wordpress\/ -->\n<title>Cumbre Mundial de L\u00edderes Energ\u00e9ticos se realizar\u00e1 en M\u00e9xico -<\/title>\n<meta name=\"description\" content=\"Leonardo Beltr\u00e1n, subsecretario de Planeaci\u00f3n y Transici\u00f3n Energ\u00e9tica de M\u00e9xico y Christoph Frei, secretario General del Consejo Mundial de Energ\u00eda, firmaron un acuerdo para que del 12 al 13 de septiembre de 2017 se realice la Cumbre Mundial de L\u00edderes Energ\u00e9ticos (World Energy Leaders\u2019 Summit, WELS) en la Ciudad de M\u00e9xico.\" \/>\n<meta name=\"robots\" content=\"index, follow, max-snippet:-1, max-image-preview:large, max-video-preview:-1\" \/>\n<link rel=\"canonical\" href=\"https:\/\/centrourbano.com\/revista\/actualidad\/cumbre-mundial-lideres-energeticos-se-realizara-mexico\/\" \/>\n<meta property=\"og:locale\" content=\"es_ES\" \/>\n<meta property=\"og:type\" content=\"article\" \/>\n<meta property=\"og:title\" content=\"Cumbre Mundial de L\u00edderes Energ\u00e9ticos se realizar\u00e1 en M\u00e9xico -\" \/>\n<meta property=\"og:description\" content=\"Leonardo Beltr\u00e1n, subsecretario de Planeaci\u00f3n y Transici\u00f3n Energ\u00e9tica de M\u00e9xico y Christoph Frei, secretario General del Consejo Mundial de Energ\u00eda, firmaron un acuerdo para que del 12 al 13 de septiembre de 2017 se realice la Cumbre Mundial de L\u00edderes Energ\u00e9ticos (World Energy Leaders\u2019 Summit, WELS) en la Ciudad de M\u00e9xico.\" \/>\n<meta property=\"og:url\" content=\"https:\/\/centrourbano.com\/revista\/actualidad\/cumbre-mundial-lideres-energeticos-se-realizara-mexico\/\" \/>\n<meta property=\"og:site_name\" content=\"Centro Urbano\" \/>\n<meta property=\"article:publisher\" content=\"https:\/\/www.facebook.com\/portalcentrourbano\" \/>\n<meta property=\"article:published_time\" content=\"2017-06-07T18:23:44+00:00\" \/>\n<meta property=\"og:image\" content=\"https:\/\/centrourbano.com\/revista\/wp-content\/uploads\/sener-1.jpg\" \/>\n\t<meta property=\"og:image:width\" content=\"1200\" \/>\n\t<meta property=\"og:image:height\" content=\"675\" \/>\n\t<meta property=\"og:image:type\" content=\"image\/jpeg\" \/>\n<meta name=\"author\" content=\"Diego Rodr\u00edguez\" \/>\n<meta name=\"twitter:card\" content=\"summary_large_image\" \/>\n<meta name=\"twitter:creator\" content=\"@CentroUrbano\" \/>\n<meta name=\"twitter:site\" content=\"@CentroUrbano\" \/>\n<meta name=\"twitter:label1\" content=\"Escrito por\" \/>\n\t<meta name=\"twitter:data1\" content=\"Diego Rodr\u00edguez\" \/>\n\t<meta name=\"twitter:label2\" content=\"Tiempo de lectura\" \/>\n\t<meta name=\"twitter:data2\" content=\"2 minutos\" \/>\n<script type=\"application\/ld+json\" class=\"yoast-schema-graph\">{\"@context\":\"https:\\\/\\\/schema.org\",\"@graph\":[{\"@type\":\"Article\",\"@id\":\"https:\\\/\\\/centrourbano.com\\\/revista\\\/actualidad\\\/cumbre-mundial-lideres-energeticos-se-realizara-mexico\\\/#article\",\"isPartOf\":{\"@id\":\"https:\\\/\\\/centrourbano.com\\\/revista\\\/actualidad\\\/cumbre-mundial-lideres-energeticos-se-realizara-mexico\\\/\"},\"author\":{\"name\":\"Diego Rodr\u00edguez\",\"@id\":\"https:\\\/\\\/centrourbano.com\\\/revista\\\/#\\\/schema\\\/person\\\/b50192a3cd0e680841b45dc537f53970\"},\"headline\":\"Cumbre Mundial de L\u00edderes Energ\u00e9ticos se realizar\u00e1 en M\u00e9xico\",\"datePublished\":\"2017-06-07T18:23:44+00:00\",\"mainEntityOfPage\":{\"@id\":\"https:\\\/\\\/centrourbano.com\\\/revista\\\/actualidad\\\/cumbre-mundial-lideres-energeticos-se-realizara-mexico\\\/\"},\"wordCount\":444,\"commentCount\":0,\"publisher\":{\"@id\":\"https:\\\/\\\/centrourbano.com\\\/revista\\\/#organization\"},\"image\":{\"@id\":\"https:\\\/\\\/centrourbano.com\\\/revista\\\/actualidad\\\/cumbre-mundial-lideres-energeticos-se-realizara-mexico\\\/#primaryimage\"},\"thumbnailUrl\":\"https:\\\/\\\/centrourbano.com\\\/revista\\\/wp-content\\\/uploads\\\/sener-1.jpg\",\"articleSection\":[\"Actualidad\"],\"inLanguage\":\"es\",\"potentialAction\":[{\"@type\":\"CommentAction\",\"name\":\"Comment\",\"target\":[\"https:\\\/\\\/centrourbano.com\\\/revista\\\/actualidad\\\/cumbre-mundial-lideres-energeticos-se-realizara-mexico\\\/#respond\"]}]},{\"@type\":\"WebPage\",\"@id\":\"https:\\\/\\\/centrourbano.com\\\/revista\\\/actualidad\\\/cumbre-mundial-lideres-energeticos-se-realizara-mexico\\\/\",\"url\":\"https:\\\/\\\/centrourbano.com\\\/revista\\\/actualidad\\\/cumbre-mundial-lideres-energeticos-se-realizara-mexico\\\/\",\"name\":\"Cumbre Mundial de L\u00edderes Energ\u00e9ticos se realizar\u00e1 en M\u00e9xico -\",\"isPartOf\":{\"@id\":\"https:\\\/\\\/centrourbano.com\\\/revista\\\/#website\"},\"primaryImageOfPage\":{\"@id\":\"https:\\\/\\\/centrourbano.com\\\/revista\\\/actualidad\\\/cumbre-mundial-lideres-energeticos-se-realizara-mexico\\\/#primaryimage\"},\"image\":{\"@id\":\"https:\\\/\\\/centrourbano.com\\\/revista\\\/actualidad\\\/cumbre-mundial-lideres-energeticos-se-realizara-mexico\\\/#primaryimage\"},\"thumbnailUrl\":\"https:\\\/\\\/centrourbano.com\\\/revista\\\/wp-content\\\/uploads\\\/sener-1.jpg\",\"datePublished\":\"2017-06-07T18:23:44+00:00\",\"description\":\"Leonardo Beltr\u00e1n, subsecretario de Planeaci\u00f3n y Transici\u00f3n Energ\u00e9tica de M\u00e9xico y Christoph Frei, secretario General del Consejo Mundial de Energ\u00eda, firmaron un acuerdo para que del 12 al 13 de septiembre de 2017 se realice la Cumbre Mundial de L\u00edderes Energ\u00e9ticos (World Energy Leaders\u2019 Summit, WELS) en la Ciudad de M\u00e9xico.\",\"breadcrumb\":{\"@id\":\"https:\\\/\\\/centrourbano.com\\\/revista\\\/actualidad\\\/cumbre-mundial-lideres-energeticos-se-realizara-mexico\\\/#breadcrumb\"},\"inLanguage\":\"es\",\"potentialAction\":[{\"@type\":\"ReadAction\",\"target\":[\"https:\\\/\\\/centrourbano.com\\\/revista\\\/actualidad\\\/cumbre-mundial-lideres-energeticos-se-realizara-mexico\\\/\"]}]},{\"@type\":\"ImageObject\",\"inLanguage\":\"es\",\"@id\":\"https:\\\/\\\/centrourbano.com\\\/revista\\\/actualidad\\\/cumbre-mundial-lideres-energeticos-se-realizara-mexico\\\/#primaryimage\",\"url\":\"https:\\\/\\\/centrourbano.com\\\/revista\\\/wp-content\\\/uploads\\\/sener-1.jpg\",\"contentUrl\":\"https:\\\/\\\/centrourbano.com\\\/revista\\\/wp-content\\\/uploads\\\/sener-1.jpg\",\"width\":1200,\"height\":675,\"caption\":\"Expertos compartir\u00e1n informaci\u00f3n sobre transici\u00f3n energ\u00e9tica, pol\u00edticas p\u00fablicas, financiamiento, desarrollo tecnol\u00f3gico y sustentabilidad\"},{\"@type\":\"BreadcrumbList\",\"@id\":\"https:\\\/\\\/centrourbano.com\\\/revista\\\/actualidad\\\/cumbre-mundial-lideres-energeticos-se-realizara-mexico\\\/#breadcrumb\",\"itemListElement\":[{\"@type\":\"ListItem\",\"position\":1,\"name\":\"Portada\",\"item\":\"https:\\\/\\\/centrourbano.com\\\/revista\\\/\"},{\"@type\":\"ListItem\",\"position\":2,\"name\":\"Cumbre Mundial de L\u00edderes Energ\u00e9ticos se realizar\u00e1 en M\u00e9xico\"}]},{\"@type\":\"WebSite\",\"@id\":\"https:\\\/\\\/centrourbano.com\\\/revista\\\/#website\",\"url\":\"https:\\\/\\\/centrourbano.com\\\/revista\\\/\",\"name\":\"Centro Urbano\",\"description\":\"Medio especializado en los sectores vivienda, inmobiliario, construcci\u00f3n, arquitectura y urbanismo.\",\"publisher\":{\"@id\":\"https:\\\/\\\/centrourbano.com\\\/revista\\\/#organization\"},\"potentialAction\":[{\"@type\":\"SearchAction\",\"target\":{\"@type\":\"EntryPoint\",\"urlTemplate\":\"https:\\\/\\\/centrourbano.com\\\/revista\\\/?s={search_term_string}\"},\"query-input\":{\"@type\":\"PropertyValueSpecification\",\"valueRequired\":true,\"valueName\":\"search_term_string\"}}],\"inLanguage\":\"es\"},{\"@type\":\"Organization\",\"@id\":\"https:\\\/\\\/centrourbano.com\\\/revista\\\/#organization\",\"name\":\"Centro Urbano\",\"url\":\"https:\\\/\\\/centrourbano.com\\\/revista\\\/\",\"logo\":{\"@type\":\"ImageObject\",\"inLanguage\":\"es\",\"@id\":\"https:\\\/\\\/centrourbano.com\\\/revista\\\/#\\\/schema\\\/logo\\\/image\\\/\",\"url\":\"https:\\\/\\\/centrourbano.com\\\/revista\\\/wp-content\\\/uploads\\\/web_CU_logo-1.png\",\"contentUrl\":\"https:\\\/\\\/centrourbano.com\\\/revista\\\/wp-content\\\/uploads\\\/web_CU_logo-1.png\",\"width\":350,\"height\":91,\"caption\":\"Centro Urbano\"},\"image\":{\"@id\":\"https:\\\/\\\/centrourbano.com\\\/revista\\\/#\\\/schema\\\/logo\\\/image\\\/\"},\"sameAs\":[\"https:\\\/\\\/www.facebook.com\\\/portalcentrourbano\",\"https:\\\/\\\/x.com\\\/CentroUrbano\",\"https:\\\/\\\/www.instagram.com\\\/centro_urbano\\\/\",\"https:\\\/\\\/www.linkedin.com\\\/company\\\/centro-urbano\\\/\",\"http:\\\/\\\/www.youtube.com\\\/user\\\/portalcentrourbano\"]},{\"@type\":\"Person\",\"@id\":\"https:\\\/\\\/centrourbano.com\\\/revista\\\/#\\\/schema\\\/person\\\/b50192a3cd0e680841b45dc537f53970\",\"name\":\"Diego Rodr\u00edguez\",\"image\":{\"@type\":\"ImageObject\",\"inLanguage\":\"es\",\"@id\":\"https:\\\/\\\/secure.gravatar.com\\\/avatar\\\/d217565525df2df5d4e7265d47758506f41845ed9529510921a7625d8365789d?s=96&d=mm&r=g\",\"url\":\"https:\\\/\\\/secure.gravatar.com\\\/avatar\\\/d217565525df2df5d4e7265d47758506f41845ed9529510921a7625d8365789d?s=96&d=mm&r=g\",\"contentUrl\":\"https:\\\/\\\/secure.gravatar.com\\\/avatar\\\/d217565525df2df5d4e7265d47758506f41845ed9529510921a7625d8365789d?s=96&d=mm&r=g\",\"caption\":\"Diego Rodr\u00edguez\"},\"description\":\"Egresado de la Facultad de Estudios Superiores Acatl\u00e1n de la carrera en Comunicaci\u00f3n, con especialidad en medios escritos. Reportero del desaparecido peri\u00f3dico Nuestro M\u00e9xico, en donde cubri\u00f3 las fuentes delegacionales y Asamblea Legislativa. Tambi\u00e9n trabaj\u00f3 en la Coordinaci\u00f3n de Comunicaci\u00f3n Social en la delegaci\u00f3n \u00c1lvaro Obreg\u00f3n. Le gusta leer novelas y cuentos.\",\"url\":\"https:\\\/\\\/centrourbano.com\\\/revista\\\/author\\\/diegorodriguez\\\/\"}]}<\/script>\n<!-- \/ Yoast SEO plugin. -->","yoast_head_json":{"title":"Cumbre Mundial de L\u00edderes Energ\u00e9ticos se realizar\u00e1 en M\u00e9xico -","description":"Leonardo Beltr\u00e1n, subsecretario de Planeaci\u00f3n y Transici\u00f3n Energ\u00e9tica de M\u00e9xico y Christoph Frei, secretario General del Consejo Mundial de Energ\u00eda, firmaron un acuerdo para que del 12 al 13 de septiembre de 2017 se realice la Cumbre Mundial de L\u00edderes Energ\u00e9ticos (World Energy Leaders\u2019 Summit, WELS) en la Ciudad de M\u00e9xico.","robots":{"index":"index","follow":"follow","max-snippet":"max-snippet:-1","max-image-preview":"max-image-preview:large","max-video-preview":"max-video-preview:-1"},"canonical":"https:\/\/centrourbano.com\/revista\/actualidad\/cumbre-mundial-lideres-energeticos-se-realizara-mexico\/","og_locale":"es_ES","og_type":"article","og_title":"Cumbre Mundial de L\u00edderes Energ\u00e9ticos se realizar\u00e1 en M\u00e9xico -","og_description":"Leonardo Beltr\u00e1n, subsecretario de Planeaci\u00f3n y Transici\u00f3n Energ\u00e9tica de M\u00e9xico y Christoph Frei, secretario General del Consejo Mundial de Energ\u00eda, firmaron un acuerdo para que del 12 al 13 de septiembre de 2017 se realice la Cumbre Mundial de L\u00edderes Energ\u00e9ticos (World Energy Leaders\u2019 Summit, WELS) en la Ciudad de M\u00e9xico.","og_url":"https:\/\/centrourbano.com\/revista\/actualidad\/cumbre-mundial-lideres-energeticos-se-realizara-mexico\/","og_site_name":"Centro Urbano","article_publisher":"https:\/\/www.facebook.com\/portalcentrourbano","article_published_time":"2017-06-07T18:23:44+00:00","og_image":[{"width":1200,"height":675,"url":"https:\/\/centrourbano.com\/revista\/wp-content\/uploads\/sener-1.jpg","type":"image\/jpeg"}],"author":"Diego Rodr\u00edguez","twitter_card":"summary_large_image","twitter_creator":"@CentroUrbano","twitter_site":"@CentroUrbano","twitter_misc":{"Escrito por":"Diego Rodr\u00edguez","Tiempo de lectura":"2 minutos"},"schema":{"@context":"https:\/\/schema.org","@graph":[{"@type":"Article","@id":"https:\/\/centrourbano.com\/revista\/actualidad\/cumbre-mundial-lideres-energeticos-se-realizara-mexico\/#article","isPartOf":{"@id":"https:\/\/centrourbano.com\/revista\/actualidad\/cumbre-mundial-lideres-energeticos-se-realizara-mexico\/"},"author":{"name":"Diego Rodr\u00edguez","@id":"https:\/\/centrourbano.com\/revista\/#\/schema\/person\/b50192a3cd0e680841b45dc537f53970"},"headline":"Cumbre Mundial de L\u00edderes Energ\u00e9ticos se realizar\u00e1 en M\u00e9xico","datePublished":"2017-06-07T18:23:44+00:00","mainEntityOfPage":{"@id":"https:\/\/centrourbano.com\/revista\/actualidad\/cumbre-mundial-lideres-energeticos-se-realizara-mexico\/"},"wordCount":444,"commentCount":0,"publisher":{"@id":"https:\/\/centrourbano.com\/revista\/#organization"},"image":{"@id":"https:\/\/centrourbano.com\/revista\/actualidad\/cumbre-mundial-lideres-energeticos-se-realizara-mexico\/#primaryimage"},"thumbnailUrl":"https:\/\/centrourbano.com\/revista\/wp-content\/uploads\/sener-1.jpg","articleSection":["Actualidad"],"inLanguage":"es","potentialAction":[{"@type":"CommentAction","name":"Comment","target":["https:\/\/centrourbano.com\/revista\/actualidad\/cumbre-mundial-lideres-energeticos-se-realizara-mexico\/#respond"]}]},{"@type":"WebPage","@id":"https:\/\/centrourbano.com\/revista\/actualidad\/cumbre-mundial-lideres-energeticos-se-realizara-mexico\/","url":"https:\/\/centrourbano.com\/revista\/actualidad\/cumbre-mundial-lideres-energeticos-se-realizara-mexico\/","name":"Cumbre Mundial de L\u00edderes Energ\u00e9ticos se realizar\u00e1 en M\u00e9xico -","isPartOf":{"@id":"https:\/\/centrourbano.com\/revista\/#website"},"primaryImageOfPage":{"@id":"https:\/\/centrourbano.com\/revista\/actualidad\/cumbre-mundial-lideres-energeticos-se-realizara-mexico\/#primaryimage"},"image":{"@id":"https:\/\/centrourbano.com\/revista\/actualidad\/cumbre-mundial-lideres-energeticos-se-realizara-mexico\/#primaryimage"},"thumbnailUrl":"https:\/\/centrourbano.com\/revista\/wp-content\/uploads\/sener-1.jpg","datePublished":"2017-06-07T18:23:44+00:00","description":"Leonardo Beltr\u00e1n, subsecretario de Planeaci\u00f3n y Transici\u00f3n Energ\u00e9tica de M\u00e9xico y Christoph Frei, secretario General del Consejo Mundial de Energ\u00eda, firmaron un acuerdo para que del 12 al 13 de septiembre de 2017 se realice la Cumbre Mundial de L\u00edderes Energ\u00e9ticos (World Energy Leaders\u2019 Summit, WELS) en la Ciudad de M\u00e9xico.","breadcrumb":{"@id":"https:\/\/centrourbano.com\/revista\/actualidad\/cumbre-mundial-lideres-energeticos-se-realizara-mexico\/#breadcrumb"},"inLanguage":"es","potentialAction":[{"@type":"ReadAction","target":["https:\/\/centrourbano.com\/revista\/actualidad\/cumbre-mundial-lideres-energeticos-se-realizara-mexico\/"]}]},{"@type":"ImageObject","inLanguage":"es","@id":"https:\/\/centrourbano.com\/revista\/actualidad\/cumbre-mundial-lideres-energeticos-se-realizara-mexico\/#primaryimage","url":"https:\/\/centrourbano.com\/revista\/wp-content\/uploads\/sener-1.jpg","contentUrl":"https:\/\/centrourbano.com\/revista\/wp-content\/uploads\/sener-1.jpg","width":1200,"height":675,"caption":"Expertos compartir\u00e1n informaci\u00f3n sobre transici\u00f3n energ\u00e9tica, pol\u00edticas p\u00fablicas, financiamiento, desarrollo tecnol\u00f3gico y sustentabilidad"},{"@type":"BreadcrumbList","@id":"https:\/\/centrourbano.com\/revista\/actualidad\/cumbre-mundial-lideres-energeticos-se-realizara-mexico\/#breadcrumb","itemListElement":[{"@type":"ListItem","position":1,"name":"Portada","item":"https:\/\/centrourbano.com\/revista\/"},{"@type":"ListItem","position":2,"name":"Cumbre Mundial de L\u00edderes Energ\u00e9ticos se realizar\u00e1 en M\u00e9xico"}]},{"@type":"WebSite","@id":"https:\/\/centrourbano.com\/revista\/#website","url":"https:\/\/centrourbano.com\/revista\/","name":"Centro Urbano","description":"Medio especializado en los sectores vivienda, inmobiliario, construcci\u00f3n, arquitectura y urbanismo.","publisher":{"@id":"https:\/\/centrourbano.com\/revista\/#organization"},"potentialAction":[{"@type":"SearchAction","target":{"@type":"EntryPoint","urlTemplate":"https:\/\/centrourbano.com\/revista\/?s={search_term_string}"},"query-input":{"@type":"PropertyValueSpecification","valueRequired":true,"valueName":"search_term_string"}}],"inLanguage":"es"},{"@type":"Organization","@id":"https:\/\/centrourbano.com\/revista\/#organization","name":"Centro Urbano","url":"https:\/\/centrourbano.com\/revista\/","logo":{"@type":"ImageObject","inLanguage":"es","@id":"https:\/\/centrourbano.com\/revista\/#\/schema\/logo\/image\/","url":"https:\/\/centrourbano.com\/revista\/wp-content\/uploads\/web_CU_logo-1.png","contentUrl":"https:\/\/centrourbano.com\/revista\/wp-content\/uploads\/web_CU_logo-1.png","width":350,"height":91,"caption":"Centro Urbano"},"image":{"@id":"https:\/\/centrourbano.com\/revista\/#\/schema\/logo\/image\/"},"sameAs":["https:\/\/www.facebook.com\/portalcentrourbano","https:\/\/x.com\/CentroUrbano","https:\/\/www.instagram.com\/centro_urbano\/","https:\/\/www.linkedin.com\/company\/centro-urbano\/","http:\/\/www.youtube.com\/user\/portalcentrourbano"]},{"@type":"Person","@id":"https:\/\/centrourbano.com\/revista\/#\/schema\/person\/b50192a3cd0e680841b45dc537f53970","name":"Diego Rodr\u00edguez","image":{"@type":"ImageObject","inLanguage":"es","@id":"https:\/\/secure.gravatar.com\/avatar\/d217565525df2df5d4e7265d47758506f41845ed9529510921a7625d8365789d?s=96&d=mm&r=g","url":"https:\/\/secure.gravatar.com\/avatar\/d217565525df2df5d4e7265d47758506f41845ed9529510921a7625d8365789d?s=96&d=mm&r=g","contentUrl":"https:\/\/secure.gravatar.com\/avatar\/d217565525df2df5d4e7265d47758506f41845ed9529510921a7625d8365789d?s=96&d=mm&r=g","caption":"Diego Rodr\u00edguez"},"description":"Egresado de la Facultad de Estudios Superiores Acatl\u00e1n de la carrera en Comunicaci\u00f3n, con especialidad en medios escritos. Reportero del desaparecido peri\u00f3dico Nuestro M\u00e9xico, en donde cubri\u00f3 las fuentes delegacionales y Asamblea Legislativa. Tambi\u00e9n trabaj\u00f3 en la Coordinaci\u00f3n de Comunicaci\u00f3n Social en la delegaci\u00f3n \u00c1lvaro Obreg\u00f3n. Le gusta leer novelas y cuentos.","url":"https:\/\/centrourbano.com\/revista\/author\/diegorodriguez\/"}]}},"_links":{"self":[{"href":"https:\/\/centrourbano.com\/revista\/wp-json\/wp\/v2\/posts\/54365","targetHints":{"allow":["GET"]}}],"collection":[{"href":"https:\/\/centrourbano.com\/revista\/wp-json\/wp\/v2\/posts"}],"about":[{"href":"https:\/\/centrourbano.com\/revista\/wp-json\/wp\/v2\/types\/post"}],"author":[{"embeddable":true,"href":"https:\/\/centrourbano.com\/revista\/wp-json\/wp\/v2\/users\/37"}],"replies":[{"embeddable":true,"href":"https:\/\/centrourbano.com\/revista\/wp-json\/wp\/v2\/comments?post=54365"}],"version-history":[{"count":0,"href":"https:\/\/centrourbano.com\/revista\/wp-json\/wp\/v2\/posts\/54365\/revisions"}],"wp:featuredmedia":[{"embeddable":true,"href":"https:\/\/centrourbano.com\/revista\/wp-json\/wp\/v2\/media\/54371"}],"wp:attachment":[{"href":"https:\/\/centrourbano.com\/revista\/wp-json\/wp\/v2\/media?parent=54365"}],"wp:term":[{"taxonomy":"category","embeddable":true,"href":"https:\/\/centrourbano.com\/revista\/wp-json\/wp\/v2\/categories?post=54365"},{"taxonomy":"post_tag","embeddable":true,"href":"https:\/\/centrourbano.com\/revista\/wp-json\/wp\/v2\/tags?post=54365"}],"curies":[{"name":"wp","href":"https:\/\/api.w.org\/{rel}","templated":true}]}}