{"id":54305,"date":"2017-06-06T11:42:11","date_gmt":"2017-06-06T16:42:11","guid":{"rendered":"https:\/\/centrourbano.com\/?p=54305"},"modified":"2017-06-06T11:43:02","modified_gmt":"2017-06-06T16:43:02","slug":"barcelona-sede-la-bienal-intervencion-del-patrimonio-arquitectonico","status":"publish","type":"post","link":"https:\/\/centrourbano.com\/revista\/arquitectura-2\/barcelona-sede-la-bienal-intervencion-del-patrimonio-arquitectonico\/","title":{"rendered":"Barcelona, sede de la bienal de intervenci\u00f3n del patrimonio arquitect\u00f3nico"},"content":{"rendered":"<p><em>El encuentro se realizar\u00e1 el pr\u00f3ximo 15 de junio y busca ser un foro para intercambiar experiencias en el rubro <\/em><!--more--><\/p>\n<p>La ciudad de Barcelona ser\u00e1 la sede de la 3ra edici\u00f3n de la Bienal Internacional de Intervenci\u00f3n en el Patrimonio Arquitect\u00f3nico AADIPA, evento que se desarrollar\u00e1 el pr\u00f3ximo 15 junio y que buscar\u00e1 ser un \u201cforo com\u00fan y abierto de intercambio de conocimiento y de experiencias\u201d.<\/p>\n<p>El encuentro tendr\u00e1 como invitado especial a Estados Unidos, naci\u00f3n que compartir\u00e1 con los asistentes su experiencia en el tema.<\/p>\n<p>En el programa, adem\u00e1s de las diversas ponencias, se contempla la entrega del Premio Europeo de Intervenci\u00f3n en el Patrimonio Arquitect\u00f3nico AADIPA, cuyo objetivo, aseguran sus promotores, es distinguir las buenas pr\u00e1cticas en el rubro, y que, en esta nueva edici\u00f3n, busca consolidarse como \u201ccatalizador y observatorio de los nuevos retos que a\u00f1ade la globalizaci\u00f3n de la arquitectura contempor\u00e1nea, en la conservaci\u00f3n e intervenci\u00f3n del patrimonio construido\u201d.<\/p>\n<p>Cabe se\u00f1alar que tanto la bienal como el premio son organizados en coordinaci\u00f3n por el Colegio Oficial de Arquitectos de Catalu\u00f1a (COAC), la Agrupaci\u00f3n de Arquitectos para la Defensa y la Intervenci\u00f3n en el Patrimonio Arquitect\u00f3nico (AADIPA), y el Generalitat de Catalunya.<\/p>\n<p>El premio cuenta con 4 categor\u00edas, que son:<br \/>\n\u2022 Intervenci\u00f3n en el patrimonio construido: todas aquellas intervenciones arquitect\u00f3nicas, permanentes o ef\u00edmeras, en bienes arquitect\u00f3nicos de inter\u00e9s patrimonial.<br \/>\n\u2022 Espacios exteriores: todas aquellas intervenciones en el espacio p\u00fablico hist\u00f3rico, en entornos de monumentos y paisajes culturales.<br \/>\n\u2022 Planeamiento: todos aquellos trabajos de planeamiento dirigidos a la protecci\u00f3n, conservaci\u00f3n o puesta en valor del patrimonio arquitect\u00f3nico.<br \/>\n\u2022 Divulgaci\u00f3n: todas aquellas iniciativas, actividades y acciones que tienen como objetivo la divulgaci\u00f3n de los valores del patrimonio arquitect\u00f3nico.<\/p>\n<p>&nbsp;<\/p>\n<p>&nbsp;<\/p>\n<a href=\"https:\/\/centrourbano.com\/revista\/wp-content\/uploads\/bloggif_5936db1ca240c-1.jpeg\"><img loading=\"lazy\" decoding=\"async\" class=\"alignnone size-full wp-image-54306\" src=\"https:\/\/centrourbano.com\/revista\/wp-content\/uploads\/bloggif_5936db1ca240c-1.jpeg\" alt=\"\" width=\"800\" height=\"505\" srcset=\"https:\/\/centrourbano.com\/revista\/wp-content\/uploads\/bloggif_5936db1ca240c-1.jpeg 800w, https:\/\/centrourbano.com\/revista\/wp-content\/uploads\/bloggif_5936db1ca240c-1-300x189.jpeg 300w, https:\/\/centrourbano.com\/revista\/wp-content\/uploads\/bloggif_5936db1ca240c-1-768x485.jpeg 768w, https:\/\/centrourbano.com\/revista\/wp-content\/uploads\/bloggif_5936db1ca240c-1-171x108.jpeg 171w\" sizes=\"auto, (max-width: 800px) 100vw, 800px\" \/><\/a>\n<p>&nbsp;<\/p>\n","protected":false},"excerpt":{"rendered":"<p>El encuentro se realizar\u00e1 el pr\u00f3ximo 15 de junio y busca ser un foro para intercambiar experiencias en el rubro<\/p>\n","protected":false},"author":47,"featured_media":10647,"comment_status":"open","ping_status":"closed","sticky":false,"template":"","format":"standard","meta":{"om_disable_all_campaigns":false,"inline_featured_image":false,"_monsterinsights_skip_tracking":false,"_monsterinsights_sitenote_active":false,"_monsterinsights_sitenote_note":"","_monsterinsights_sitenote_category":0,"footnotes":""},"categories":[81],"tags":[10219,2182,10217,10218],"class_list":["post-54305","post","type-post","status-publish","format-standard","has-post-thumbnail","hentry","category-arquitectura-2","tag-agrupacion-de-arquitectos-para-la-defensa-y-la-intervencion-en-el-patrimonio-arquitectonico","tag-barcelona","tag-bienal-internacional-de-intervencion-en-el-patrimonio-arquitectonico-aadipa","tag-colegio-oficial-de-arquitectos-de-cataluna"],"yoast_head":"<!-- This site is optimized with the Yoast SEO plugin v27.4 - https:\/\/yoast.com\/product\/yoast-seo-wordpress\/ -->\n<title>Barcelona, sede de la bienal de intervenci\u00f3n del patrimonio arquitect\u00f3nico -<\/title>\n<meta name=\"description\" content=\"La ciudad de Barcelona ser\u00e1 la sede de la 3ra edici\u00f3n de la Bienal Internacional de Intervenci\u00f3n en el Patrimonio Arquitect\u00f3nico AADIPA, evento que se desarrollar\u00e1 el pr\u00f3ximo 15 junio y que buscar\u00e1 ser un \u201cforo com\u00fan y abierto de intercambio de conocimiento y de experiencias\u201d.\" \/>\n<meta name=\"robots\" content=\"index, follow, max-snippet:-1, max-image-preview:large, max-video-preview:-1\" \/>\n<link rel=\"canonical\" href=\"https:\/\/centrourbano.com\/revista\/arquitectura-2\/barcelona-sede-la-bienal-intervencion-del-patrimonio-arquitectonico\/\" \/>\n<meta property=\"og:locale\" content=\"es_ES\" \/>\n<meta property=\"og:type\" content=\"article\" \/>\n<meta property=\"og:title\" content=\"Barcelona, sede de la bienal de intervenci\u00f3n del patrimonio arquitect\u00f3nico -\" \/>\n<meta property=\"og:description\" content=\"La ciudad de Barcelona ser\u00e1 la sede de la 3ra edici\u00f3n de la Bienal Internacional de Intervenci\u00f3n en el Patrimonio Arquitect\u00f3nico AADIPA, evento que se desarrollar\u00e1 el pr\u00f3ximo 15 junio y que buscar\u00e1 ser un \u201cforo com\u00fan y abierto de intercambio de conocimiento y de experiencias\u201d.\" \/>\n<meta property=\"og:url\" content=\"https:\/\/centrourbano.com\/revista\/arquitectura-2\/barcelona-sede-la-bienal-intervencion-del-patrimonio-arquitectonico\/\" \/>\n<meta property=\"og:site_name\" content=\"Centro Urbano\" \/>\n<meta property=\"article:publisher\" content=\"https:\/\/www.facebook.com\/portalcentrourbano\" \/>\n<meta property=\"article:published_time\" content=\"2017-06-06T16:42:11+00:00\" \/>\n<meta property=\"article:modified_time\" content=\"2017-06-06T16:43:02+00:00\" \/>\n<meta property=\"og:image\" content=\"https:\/\/centrourbano.com\/revista\/wp-content\/uploads\/barcelona.jpg\" \/>\n\t<meta property=\"og:image:width\" content=\"600\" \/>\n\t<meta property=\"og:image:height\" content=\"402\" \/>\n\t<meta property=\"og:image:type\" content=\"image\/jpeg\" \/>\n<meta name=\"author\" content=\"Edgar Rosas\" \/>\n<meta name=\"twitter:card\" content=\"summary_large_image\" \/>\n<meta name=\"twitter:creator\" content=\"@https:\/\/twitter.com\/ERosasCU?s=09\" \/>\n<meta name=\"twitter:site\" content=\"@CentroUrbano\" \/>\n<meta name=\"twitter:label1\" content=\"Escrito por\" \/>\n\t<meta name=\"twitter:data1\" content=\"Edgar Rosas\" \/>\n\t<meta name=\"twitter:label2\" content=\"Tiempo de lectura\" \/>\n\t<meta name=\"twitter:data2\" content=\"2 minutos\" \/>\n<script type=\"application\/ld+json\" class=\"yoast-schema-graph\">{\"@context\":\"https:\\\/\\\/schema.org\",\"@graph\":[{\"@type\":\"Article\",\"@id\":\"https:\\\/\\\/centrourbano.com\\\/revista\\\/arquitectura-2\\\/barcelona-sede-la-bienal-intervencion-del-patrimonio-arquitectonico\\\/#article\",\"isPartOf\":{\"@id\":\"https:\\\/\\\/centrourbano.com\\\/revista\\\/arquitectura-2\\\/barcelona-sede-la-bienal-intervencion-del-patrimonio-arquitectonico\\\/\"},\"author\":{\"name\":\"Edgar Rosas\",\"@id\":\"https:\\\/\\\/centrourbano.com\\\/revista\\\/#\\\/schema\\\/person\\\/ff3c00651ce5b1630479d2cd0c2e3ac0\"},\"headline\":\"Barcelona, sede de la bienal de intervenci\u00f3n del patrimonio arquitect\u00f3nico\",\"datePublished\":\"2017-06-06T16:42:11+00:00\",\"dateModified\":\"2017-06-06T16:43:02+00:00\",\"mainEntityOfPage\":{\"@id\":\"https:\\\/\\\/centrourbano.com\\\/revista\\\/arquitectura-2\\\/barcelona-sede-la-bienal-intervencion-del-patrimonio-arquitectonico\\\/\"},\"wordCount\":324,\"commentCount\":0,\"publisher\":{\"@id\":\"https:\\\/\\\/centrourbano.com\\\/revista\\\/#organization\"},\"image\":{\"@id\":\"https:\\\/\\\/centrourbano.com\\\/revista\\\/arquitectura-2\\\/barcelona-sede-la-bienal-intervencion-del-patrimonio-arquitectonico\\\/#primaryimage\"},\"thumbnailUrl\":\"https:\\\/\\\/centrourbano.com\\\/revista\\\/wp-content\\\/uploads\\\/barcelona.jpg\",\"keywords\":[\"Agrupaci\u00f3n de Arquitectos para la Defensa y la Intervenci\u00f3n en el Patrimonio Arquitect\u00f3nico\",\"Barcelona\",\"Bienal Internacional de Intervenci\u00f3n en el Patrimonio Arquitect\u00f3nico AADIPA\",\"Colegio Oficial de Arquitectos de Catalu\u00f1a\"],\"articleSection\":[\"Arquitectura\"],\"inLanguage\":\"es\",\"potentialAction\":[{\"@type\":\"CommentAction\",\"name\":\"Comment\",\"target\":[\"https:\\\/\\\/centrourbano.com\\\/revista\\\/arquitectura-2\\\/barcelona-sede-la-bienal-intervencion-del-patrimonio-arquitectonico\\\/#respond\"]}]},{\"@type\":\"WebPage\",\"@id\":\"https:\\\/\\\/centrourbano.com\\\/revista\\\/arquitectura-2\\\/barcelona-sede-la-bienal-intervencion-del-patrimonio-arquitectonico\\\/\",\"url\":\"https:\\\/\\\/centrourbano.com\\\/revista\\\/arquitectura-2\\\/barcelona-sede-la-bienal-intervencion-del-patrimonio-arquitectonico\\\/\",\"name\":\"Barcelona, sede de la bienal de intervenci\u00f3n del patrimonio arquitect\u00f3nico -\",\"isPartOf\":{\"@id\":\"https:\\\/\\\/centrourbano.com\\\/revista\\\/#website\"},\"primaryImageOfPage\":{\"@id\":\"https:\\\/\\\/centrourbano.com\\\/revista\\\/arquitectura-2\\\/barcelona-sede-la-bienal-intervencion-del-patrimonio-arquitectonico\\\/#primaryimage\"},\"image\":{\"@id\":\"https:\\\/\\\/centrourbano.com\\\/revista\\\/arquitectura-2\\\/barcelona-sede-la-bienal-intervencion-del-patrimonio-arquitectonico\\\/#primaryimage\"},\"thumbnailUrl\":\"https:\\\/\\\/centrourbano.com\\\/revista\\\/wp-content\\\/uploads\\\/barcelona.jpg\",\"datePublished\":\"2017-06-06T16:42:11+00:00\",\"dateModified\":\"2017-06-06T16:43:02+00:00\",\"description\":\"La ciudad de Barcelona ser\u00e1 la sede de la 3ra edici\u00f3n de la Bienal Internacional de Intervenci\u00f3n en el Patrimonio Arquitect\u00f3nico AADIPA, evento que se desarrollar\u00e1 el pr\u00f3ximo 15 junio y que buscar\u00e1 ser un \u201cforo com\u00fan y abierto de intercambio de conocimiento y de experiencias\u201d.\",\"breadcrumb\":{\"@id\":\"https:\\\/\\\/centrourbano.com\\\/revista\\\/arquitectura-2\\\/barcelona-sede-la-bienal-intervencion-del-patrimonio-arquitectonico\\\/#breadcrumb\"},\"inLanguage\":\"es\",\"potentialAction\":[{\"@type\":\"ReadAction\",\"target\":[\"https:\\\/\\\/centrourbano.com\\\/revista\\\/arquitectura-2\\\/barcelona-sede-la-bienal-intervencion-del-patrimonio-arquitectonico\\\/\"]}]},{\"@type\":\"ImageObject\",\"inLanguage\":\"es\",\"@id\":\"https:\\\/\\\/centrourbano.com\\\/revista\\\/arquitectura-2\\\/barcelona-sede-la-bienal-intervencion-del-patrimonio-arquitectonico\\\/#primaryimage\",\"url\":\"https:\\\/\\\/centrourbano.com\\\/revista\\\/wp-content\\\/uploads\\\/barcelona.jpg\",\"contentUrl\":\"https:\\\/\\\/centrourbano.com\\\/revista\\\/wp-content\\\/uploads\\\/barcelona.jpg\",\"width\":600,\"height\":402},{\"@type\":\"BreadcrumbList\",\"@id\":\"https:\\\/\\\/centrourbano.com\\\/revista\\\/arquitectura-2\\\/barcelona-sede-la-bienal-intervencion-del-patrimonio-arquitectonico\\\/#breadcrumb\",\"itemListElement\":[{\"@type\":\"ListItem\",\"position\":1,\"name\":\"Portada\",\"item\":\"https:\\\/\\\/centrourbano.com\\\/revista\\\/\"},{\"@type\":\"ListItem\",\"position\":2,\"name\":\"Barcelona, sede de la bienal de intervenci\u00f3n del patrimonio arquitect\u00f3nico\"}]},{\"@type\":\"WebSite\",\"@id\":\"https:\\\/\\\/centrourbano.com\\\/revista\\\/#website\",\"url\":\"https:\\\/\\\/centrourbano.com\\\/revista\\\/\",\"name\":\"Centro Urbano\",\"description\":\"Medio especializado en los sectores vivienda, inmobiliario, construcci\u00f3n, arquitectura y urbanismo.\",\"publisher\":{\"@id\":\"https:\\\/\\\/centrourbano.com\\\/revista\\\/#organization\"},\"potentialAction\":[{\"@type\":\"SearchAction\",\"target\":{\"@type\":\"EntryPoint\",\"urlTemplate\":\"https:\\\/\\\/centrourbano.com\\\/revista\\\/?s={search_term_string}\"},\"query-input\":{\"@type\":\"PropertyValueSpecification\",\"valueRequired\":true,\"valueName\":\"search_term_string\"}}],\"inLanguage\":\"es\"},{\"@type\":\"Organization\",\"@id\":\"https:\\\/\\\/centrourbano.com\\\/revista\\\/#organization\",\"name\":\"Centro Urbano\",\"url\":\"https:\\\/\\\/centrourbano.com\\\/revista\\\/\",\"logo\":{\"@type\":\"ImageObject\",\"inLanguage\":\"es\",\"@id\":\"https:\\\/\\\/centrourbano.com\\\/revista\\\/#\\\/schema\\\/logo\\\/image\\\/\",\"url\":\"https:\\\/\\\/centrourbano.com\\\/revista\\\/wp-content\\\/uploads\\\/web_CU_logo-1.png\",\"contentUrl\":\"https:\\\/\\\/centrourbano.com\\\/revista\\\/wp-content\\\/uploads\\\/web_CU_logo-1.png\",\"width\":350,\"height\":91,\"caption\":\"Centro Urbano\"},\"image\":{\"@id\":\"https:\\\/\\\/centrourbano.com\\\/revista\\\/#\\\/schema\\\/logo\\\/image\\\/\"},\"sameAs\":[\"https:\\\/\\\/www.facebook.com\\\/portalcentrourbano\",\"https:\\\/\\\/x.com\\\/CentroUrbano\",\"https:\\\/\\\/www.instagram.com\\\/centro_urbano\\\/\",\"https:\\\/\\\/www.linkedin.com\\\/company\\\/centro-urbano\\\/\",\"http:\\\/\\\/www.youtube.com\\\/user\\\/portalcentrourbano\"]},{\"@type\":\"Person\",\"@id\":\"https:\\\/\\\/centrourbano.com\\\/revista\\\/#\\\/schema\\\/person\\\/ff3c00651ce5b1630479d2cd0c2e3ac0\",\"name\":\"Edgar Rosas\",\"image\":{\"@type\":\"ImageObject\",\"inLanguage\":\"es\",\"@id\":\"https:\\\/\\\/secure.gravatar.com\\\/avatar\\\/94440c4283495211faa5300bf85e80061036b83fced868c3783aa1310b350d9c?s=96&d=mm&r=g\",\"url\":\"https:\\\/\\\/secure.gravatar.com\\\/avatar\\\/94440c4283495211faa5300bf85e80061036b83fced868c3783aa1310b350d9c?s=96&d=mm&r=g\",\"contentUrl\":\"https:\\\/\\\/secure.gravatar.com\\\/avatar\\\/94440c4283495211faa5300bf85e80061036b83fced868c3783aa1310b350d9c?s=96&d=mm&r=g\",\"caption\":\"Edgar Rosas\"},\"description\":\"Editor en Jefe de Centro Urbano. Egresado de la maestr\u00eda en Periodismo Pol\u00edtico de la Escuela de Periodismo Carlos Septi\u00e9n Garc\u00eda (EPCSG). Estudi\u00f3 la licenciatura en Comunicaci\u00f3n en la Universidad Mexicana. Amante de la cr\u00f3nica y el reportaje. Admirador de Vicente Le\u00f1ero y Miguel \u00c1ngel Granados Chapa.\",\"sameAs\":[\"https:\\\/\\\/x.com\\\/https:\\\/\\\/twitter.com\\\/ERosasCU?s=09\"],\"url\":\"https:\\\/\\\/centrourbano.com\\\/revista\\\/author\\\/edgar-rosas\\\/\"}]}<\/script>\n<!-- \/ Yoast SEO plugin. -->","yoast_head_json":{"title":"Barcelona, sede de la bienal de intervenci\u00f3n del patrimonio arquitect\u00f3nico -","description":"La ciudad de Barcelona ser\u00e1 la sede de la 3ra edici\u00f3n de la Bienal Internacional de Intervenci\u00f3n en el Patrimonio Arquitect\u00f3nico AADIPA, evento que se desarrollar\u00e1 el pr\u00f3ximo 15 junio y que buscar\u00e1 ser un \u201cforo com\u00fan y abierto de intercambio de conocimiento y de experiencias\u201d.","robots":{"index":"index","follow":"follow","max-snippet":"max-snippet:-1","max-image-preview":"max-image-preview:large","max-video-preview":"max-video-preview:-1"},"canonical":"https:\/\/centrourbano.com\/revista\/arquitectura-2\/barcelona-sede-la-bienal-intervencion-del-patrimonio-arquitectonico\/","og_locale":"es_ES","og_type":"article","og_title":"Barcelona, sede de la bienal de intervenci\u00f3n del patrimonio arquitect\u00f3nico -","og_description":"La ciudad de Barcelona ser\u00e1 la sede de la 3ra edici\u00f3n de la Bienal Internacional de Intervenci\u00f3n en el Patrimonio Arquitect\u00f3nico AADIPA, evento que se desarrollar\u00e1 el pr\u00f3ximo 15 junio y que buscar\u00e1 ser un \u201cforo com\u00fan y abierto de intercambio de conocimiento y de experiencias\u201d.","og_url":"https:\/\/centrourbano.com\/revista\/arquitectura-2\/barcelona-sede-la-bienal-intervencion-del-patrimonio-arquitectonico\/","og_site_name":"Centro Urbano","article_publisher":"https:\/\/www.facebook.com\/portalcentrourbano","article_published_time":"2017-06-06T16:42:11+00:00","article_modified_time":"2017-06-06T16:43:02+00:00","og_image":[{"width":600,"height":402,"url":"https:\/\/centrourbano.com\/revista\/wp-content\/uploads\/barcelona.jpg","type":"image\/jpeg"}],"author":"Edgar Rosas","twitter_card":"summary_large_image","twitter_creator":"@https:\/\/twitter.com\/ERosasCU?s=09","twitter_site":"@CentroUrbano","twitter_misc":{"Escrito por":"Edgar Rosas","Tiempo de lectura":"2 minutos"},"schema":{"@context":"https:\/\/schema.org","@graph":[{"@type":"Article","@id":"https:\/\/centrourbano.com\/revista\/arquitectura-2\/barcelona-sede-la-bienal-intervencion-del-patrimonio-arquitectonico\/#article","isPartOf":{"@id":"https:\/\/centrourbano.com\/revista\/arquitectura-2\/barcelona-sede-la-bienal-intervencion-del-patrimonio-arquitectonico\/"},"author":{"name":"Edgar Rosas","@id":"https:\/\/centrourbano.com\/revista\/#\/schema\/person\/ff3c00651ce5b1630479d2cd0c2e3ac0"},"headline":"Barcelona, sede de la bienal de intervenci\u00f3n del patrimonio arquitect\u00f3nico","datePublished":"2017-06-06T16:42:11+00:00","dateModified":"2017-06-06T16:43:02+00:00","mainEntityOfPage":{"@id":"https:\/\/centrourbano.com\/revista\/arquitectura-2\/barcelona-sede-la-bienal-intervencion-del-patrimonio-arquitectonico\/"},"wordCount":324,"commentCount":0,"publisher":{"@id":"https:\/\/centrourbano.com\/revista\/#organization"},"image":{"@id":"https:\/\/centrourbano.com\/revista\/arquitectura-2\/barcelona-sede-la-bienal-intervencion-del-patrimonio-arquitectonico\/#primaryimage"},"thumbnailUrl":"https:\/\/centrourbano.com\/revista\/wp-content\/uploads\/barcelona.jpg","keywords":["Agrupaci\u00f3n de Arquitectos para la Defensa y la Intervenci\u00f3n en el Patrimonio Arquitect\u00f3nico","Barcelona","Bienal Internacional de Intervenci\u00f3n en el Patrimonio Arquitect\u00f3nico AADIPA","Colegio Oficial de Arquitectos de Catalu\u00f1a"],"articleSection":["Arquitectura"],"inLanguage":"es","potentialAction":[{"@type":"CommentAction","name":"Comment","target":["https:\/\/centrourbano.com\/revista\/arquitectura-2\/barcelona-sede-la-bienal-intervencion-del-patrimonio-arquitectonico\/#respond"]}]},{"@type":"WebPage","@id":"https:\/\/centrourbano.com\/revista\/arquitectura-2\/barcelona-sede-la-bienal-intervencion-del-patrimonio-arquitectonico\/","url":"https:\/\/centrourbano.com\/revista\/arquitectura-2\/barcelona-sede-la-bienal-intervencion-del-patrimonio-arquitectonico\/","name":"Barcelona, sede de la bienal de intervenci\u00f3n del patrimonio arquitect\u00f3nico -","isPartOf":{"@id":"https:\/\/centrourbano.com\/revista\/#website"},"primaryImageOfPage":{"@id":"https:\/\/centrourbano.com\/revista\/arquitectura-2\/barcelona-sede-la-bienal-intervencion-del-patrimonio-arquitectonico\/#primaryimage"},"image":{"@id":"https:\/\/centrourbano.com\/revista\/arquitectura-2\/barcelona-sede-la-bienal-intervencion-del-patrimonio-arquitectonico\/#primaryimage"},"thumbnailUrl":"https:\/\/centrourbano.com\/revista\/wp-content\/uploads\/barcelona.jpg","datePublished":"2017-06-06T16:42:11+00:00","dateModified":"2017-06-06T16:43:02+00:00","description":"La ciudad de Barcelona ser\u00e1 la sede de la 3ra edici\u00f3n de la Bienal Internacional de Intervenci\u00f3n en el Patrimonio Arquitect\u00f3nico AADIPA, evento que se desarrollar\u00e1 el pr\u00f3ximo 15 junio y que buscar\u00e1 ser un \u201cforo com\u00fan y abierto de intercambio de conocimiento y de experiencias\u201d.","breadcrumb":{"@id":"https:\/\/centrourbano.com\/revista\/arquitectura-2\/barcelona-sede-la-bienal-intervencion-del-patrimonio-arquitectonico\/#breadcrumb"},"inLanguage":"es","potentialAction":[{"@type":"ReadAction","target":["https:\/\/centrourbano.com\/revista\/arquitectura-2\/barcelona-sede-la-bienal-intervencion-del-patrimonio-arquitectonico\/"]}]},{"@type":"ImageObject","inLanguage":"es","@id":"https:\/\/centrourbano.com\/revista\/arquitectura-2\/barcelona-sede-la-bienal-intervencion-del-patrimonio-arquitectonico\/#primaryimage","url":"https:\/\/centrourbano.com\/revista\/wp-content\/uploads\/barcelona.jpg","contentUrl":"https:\/\/centrourbano.com\/revista\/wp-content\/uploads\/barcelona.jpg","width":600,"height":402},{"@type":"BreadcrumbList","@id":"https:\/\/centrourbano.com\/revista\/arquitectura-2\/barcelona-sede-la-bienal-intervencion-del-patrimonio-arquitectonico\/#breadcrumb","itemListElement":[{"@type":"ListItem","position":1,"name":"Portada","item":"https:\/\/centrourbano.com\/revista\/"},{"@type":"ListItem","position":2,"name":"Barcelona, sede de la bienal de intervenci\u00f3n del patrimonio arquitect\u00f3nico"}]},{"@type":"WebSite","@id":"https:\/\/centrourbano.com\/revista\/#website","url":"https:\/\/centrourbano.com\/revista\/","name":"Centro Urbano","description":"Medio especializado en los sectores vivienda, inmobiliario, construcci\u00f3n, arquitectura y urbanismo.","publisher":{"@id":"https:\/\/centrourbano.com\/revista\/#organization"},"potentialAction":[{"@type":"SearchAction","target":{"@type":"EntryPoint","urlTemplate":"https:\/\/centrourbano.com\/revista\/?s={search_term_string}"},"query-input":{"@type":"PropertyValueSpecification","valueRequired":true,"valueName":"search_term_string"}}],"inLanguage":"es"},{"@type":"Organization","@id":"https:\/\/centrourbano.com\/revista\/#organization","name":"Centro Urbano","url":"https:\/\/centrourbano.com\/revista\/","logo":{"@type":"ImageObject","inLanguage":"es","@id":"https:\/\/centrourbano.com\/revista\/#\/schema\/logo\/image\/","url":"https:\/\/centrourbano.com\/revista\/wp-content\/uploads\/web_CU_logo-1.png","contentUrl":"https:\/\/centrourbano.com\/revista\/wp-content\/uploads\/web_CU_logo-1.png","width":350,"height":91,"caption":"Centro Urbano"},"image":{"@id":"https:\/\/centrourbano.com\/revista\/#\/schema\/logo\/image\/"},"sameAs":["https:\/\/www.facebook.com\/portalcentrourbano","https:\/\/x.com\/CentroUrbano","https:\/\/www.instagram.com\/centro_urbano\/","https:\/\/www.linkedin.com\/company\/centro-urbano\/","http:\/\/www.youtube.com\/user\/portalcentrourbano"]},{"@type":"Person","@id":"https:\/\/centrourbano.com\/revista\/#\/schema\/person\/ff3c00651ce5b1630479d2cd0c2e3ac0","name":"Edgar Rosas","image":{"@type":"ImageObject","inLanguage":"es","@id":"https:\/\/secure.gravatar.com\/avatar\/94440c4283495211faa5300bf85e80061036b83fced868c3783aa1310b350d9c?s=96&d=mm&r=g","url":"https:\/\/secure.gravatar.com\/avatar\/94440c4283495211faa5300bf85e80061036b83fced868c3783aa1310b350d9c?s=96&d=mm&r=g","contentUrl":"https:\/\/secure.gravatar.com\/avatar\/94440c4283495211faa5300bf85e80061036b83fced868c3783aa1310b350d9c?s=96&d=mm&r=g","caption":"Edgar Rosas"},"description":"Editor en Jefe de Centro Urbano. Egresado de la maestr\u00eda en Periodismo Pol\u00edtico de la Escuela de Periodismo Carlos Septi\u00e9n Garc\u00eda (EPCSG). Estudi\u00f3 la licenciatura en Comunicaci\u00f3n en la Universidad Mexicana. Amante de la cr\u00f3nica y el reportaje. Admirador de Vicente Le\u00f1ero y Miguel \u00c1ngel Granados Chapa.","sameAs":["https:\/\/x.com\/https:\/\/twitter.com\/ERosasCU?s=09"],"url":"https:\/\/centrourbano.com\/revista\/author\/edgar-rosas\/"}]}},"_links":{"self":[{"href":"https:\/\/centrourbano.com\/revista\/wp-json\/wp\/v2\/posts\/54305","targetHints":{"allow":["GET"]}}],"collection":[{"href":"https:\/\/centrourbano.com\/revista\/wp-json\/wp\/v2\/posts"}],"about":[{"href":"https:\/\/centrourbano.com\/revista\/wp-json\/wp\/v2\/types\/post"}],"author":[{"embeddable":true,"href":"https:\/\/centrourbano.com\/revista\/wp-json\/wp\/v2\/users\/47"}],"replies":[{"embeddable":true,"href":"https:\/\/centrourbano.com\/revista\/wp-json\/wp\/v2\/comments?post=54305"}],"version-history":[{"count":0,"href":"https:\/\/centrourbano.com\/revista\/wp-json\/wp\/v2\/posts\/54305\/revisions"}],"wp:featuredmedia":[{"embeddable":true,"href":"https:\/\/centrourbano.com\/revista\/wp-json\/wp\/v2\/media\/10647"}],"wp:attachment":[{"href":"https:\/\/centrourbano.com\/revista\/wp-json\/wp\/v2\/media?parent=54305"}],"wp:term":[{"taxonomy":"category","embeddable":true,"href":"https:\/\/centrourbano.com\/revista\/wp-json\/wp\/v2\/categories?post=54305"},{"taxonomy":"post_tag","embeddable":true,"href":"https:\/\/centrourbano.com\/revista\/wp-json\/wp\/v2\/tags?post=54305"}],"curies":[{"name":"wp","href":"https:\/\/api.w.org\/{rel}","templated":true}]}}