{"id":54289,"date":"2017-06-06T09:19:52","date_gmt":"2017-06-06T14:19:52","guid":{"rendered":"https:\/\/centrourbano.com\/?p=54289"},"modified":"2017-06-06T09:19:52","modified_gmt":"2017-06-06T14:19:52","slug":"daniel-alcala-presenta-la-exposicion-constructo-jalisco","status":"publish","type":"post","link":"https:\/\/centrourbano.com\/revista\/arquitectura-2\/daniel-alcala-presenta-la-exposicion-constructo-jalisco\/","title":{"rendered":"Daniel Alcal\u00e1 presenta la exposici\u00f3n Constructo en Jalisco"},"content":{"rendered":"<p><em>Esta muestra se basa en una revisi\u00f3n sobre la arquitectura moderna en M\u00e9xico<\/em><!--more--><\/p>\n<p>El pr\u00f3ximo 8 de junio ser\u00e1 inaugurada la exposici\u00f3n Constructo, una muestra de Daniel Alcal\u00e1 que se basa en una revisi\u00f3n sobre la arquitectura moderna en M\u00e9xico y algunos de sus principales protagonistas como Mario Pani, Luis Barrag\u00e1n, Felix Candela y Math\u00edas Goeritz, entre otros.<\/p>\n<p>Esta exposici\u00f3n es el resultado de una investigaci\u00f3n sobre edificios y monumentos de arquitectos en M\u00e9xico, una muestra sobre la arquitectura y las an\u00e9cdotas del artista. <\/p>\n<p>El evento es organizado por la Secretar\u00eda de Cultura de Jalisco y Fair Entrepreneur; abrir\u00e1 sus puertas es este jueves en punto de las 20:00 horas en el Ex Convento del Carmen, en Guadalajara, Jalisco.  <\/p>\n<p>Al respecto, Daniel Alcal\u00e1 explica que Constructoes el resultado de una investigaci\u00f3n que ha desarrollado en los \u00faltimos cinco meses, en la que ha hecho una revisi\u00f3n sobre la arquitectura moderna en M\u00e9xico y algunos de sus principales protagonistas como Mario Pani, Luis Barrag\u00e1n, Felix Candela y Math\u00edas Goeritz, entre otros.<\/p>\n<p>Para la investigaci\u00f3n, Alcal\u00e1 realiz\u00f3 un arduo trabajo de campo en donde, dijo, una parte esencial era visitar los espacios, no s\u00f3lo revisar la informaci\u00f3n que hubiera de ellos sino tambi\u00e9n encontrarse y enfrentarse al espacio arquitect\u00f3nico y ver las condiciones y encontrar cosas que a veces en los libros no vienen reflejadas.<\/p>\n<p>El resultado es una serie de 25 piezas entre dibujos, fotograf\u00edas, intervenciones a muro e instalaciones donde son protagonistas edificios y monumentos urbanos de ciudades como Coahulia, Monterrey, Guadalajara y Ciudad de M\u00e9xico.<\/p>\n<p>Finalmente, Alcal\u00e1 comenta que el principal objetivo de la exposici\u00f3n \u201cera reflexionar sobre lo que es la arquitectura o lo que fue la arquitectura moderna en M\u00e9xico y lo que a trav\u00e9s de esas ideas quisieron proponer esos artistas; el sentido de la modernidad y muchas otras reflexiones a parte de la cuesti\u00f3n simplemente visual o formal de las cosas\u201d.<\/p>\n<p>La exposici\u00f3n permanecer\u00e1 en el Ex Convento del Carmen (Avenida Ju\u00e1rez 638, Zona Centro) hasta el 23 de julio y puede visitarse de martes a domingo de las 10:00 a las 17:00 horas.<\/p>\n","protected":false},"excerpt":{"rendered":"<p>Esta muestra se basa en una revisi\u00f3n sobre la arquitectura moderna en M\u00e9xico<\/p>\n","protected":false},"author":9,"featured_media":54292,"comment_status":"open","ping_status":"closed","sticky":false,"template":"","format":"standard","meta":{"om_disable_all_campaigns":false,"inline_featured_image":false,"_monsterinsights_skip_tracking":false,"_monsterinsights_sitenote_active":false,"_monsterinsights_sitenote_note":"","_monsterinsights_sitenote_category":0,"footnotes":""},"categories":[81],"tags":[],"class_list":["post-54289","post","type-post","status-publish","format-standard","has-post-thumbnail","hentry","category-arquitectura-2"],"yoast_head":"<!-- This site is optimized with the Yoast SEO plugin v27.4 - https:\/\/yoast.com\/product\/yoast-seo-wordpress\/ -->\n<title>Daniel Alcal\u00e1 presenta la exposici\u00f3n Constructo en Jalisco<\/title>\n<meta name=\"description\" content=\"Esta muestra se basa en una revisi\u00f3n sobre la arquitectura moderna en M\u00e9xico\" \/>\n<meta name=\"robots\" content=\"index, follow, max-snippet:-1, max-image-preview:large, max-video-preview:-1\" \/>\n<link rel=\"canonical\" href=\"https:\/\/centrourbano.com\/revista\/arquitectura-2\/daniel-alcala-presenta-la-exposicion-constructo-jalisco\/\" \/>\n<meta property=\"og:locale\" content=\"es_ES\" \/>\n<meta property=\"og:type\" content=\"article\" \/>\n<meta property=\"og:title\" content=\"Daniel Alcal\u00e1 presenta la exposici\u00f3n Constructo en Jalisco\" \/>\n<meta property=\"og:description\" content=\"Esta muestra se basa en una revisi\u00f3n sobre la arquitectura moderna en M\u00e9xico\" \/>\n<meta property=\"og:url\" content=\"https:\/\/centrourbano.com\/revista\/arquitectura-2\/daniel-alcala-presenta-la-exposicion-constructo-jalisco\/\" \/>\n<meta property=\"og:site_name\" content=\"Centro Urbano\" \/>\n<meta property=\"article:publisher\" content=\"https:\/\/www.facebook.com\/portalcentrourbano\" \/>\n<meta property=\"article:published_time\" content=\"2017-06-06T14:19:52+00:00\" \/>\n<meta property=\"og:image\" content=\"https:\/\/centrourbano.com\/revista\/wp-content\/uploads\/Daniel-Alcala\u0301-scaled.jpg\" \/>\n\t<meta property=\"og:image:width\" content=\"2560\" \/>\n\t<meta property=\"og:image:height\" content=\"1706\" \/>\n\t<meta property=\"og:image:type\" content=\"image\/jpeg\" \/>\n<meta name=\"author\" content=\"Dinorah Nava\" \/>\n<meta name=\"twitter:card\" content=\"summary_large_image\" \/>\n<meta name=\"twitter:creator\" content=\"@https:\/\/twitter.com\/Dinorah_Nava28\" \/>\n<meta name=\"twitter:site\" content=\"@CentroUrbano\" \/>\n<meta name=\"twitter:label1\" content=\"Escrito por\" \/>\n\t<meta name=\"twitter:data1\" content=\"Dinorah Nava\" \/>\n\t<meta name=\"twitter:label2\" content=\"Tiempo de lectura\" \/>\n\t<meta name=\"twitter:data2\" content=\"2 minutos\" \/>\n<script type=\"application\/ld+json\" class=\"yoast-schema-graph\">{\"@context\":\"https:\\\/\\\/schema.org\",\"@graph\":[{\"@type\":\"Article\",\"@id\":\"https:\\\/\\\/centrourbano.com\\\/revista\\\/arquitectura-2\\\/daniel-alcala-presenta-la-exposicion-constructo-jalisco\\\/#article\",\"isPartOf\":{\"@id\":\"https:\\\/\\\/centrourbano.com\\\/revista\\\/arquitectura-2\\\/daniel-alcala-presenta-la-exposicion-constructo-jalisco\\\/\"},\"author\":{\"name\":\"Dinorah Nava\",\"@id\":\"https:\\\/\\\/centrourbano.com\\\/revista\\\/#\\\/schema\\\/person\\\/b45db815d96831257ba428a3d5a5fbdc\"},\"headline\":\"Daniel Alcal\u00e1 presenta la exposici\u00f3n Constructo en Jalisco\",\"datePublished\":\"2017-06-06T14:19:52+00:00\",\"mainEntityOfPage\":{\"@id\":\"https:\\\/\\\/centrourbano.com\\\/revista\\\/arquitectura-2\\\/daniel-alcala-presenta-la-exposicion-constructo-jalisco\\\/\"},\"wordCount\":382,\"commentCount\":0,\"publisher\":{\"@id\":\"https:\\\/\\\/centrourbano.com\\\/revista\\\/#organization\"},\"image\":{\"@id\":\"https:\\\/\\\/centrourbano.com\\\/revista\\\/arquitectura-2\\\/daniel-alcala-presenta-la-exposicion-constructo-jalisco\\\/#primaryimage\"},\"thumbnailUrl\":\"https:\\\/\\\/centrourbano.com\\\/revista\\\/wp-content\\\/uploads\\\/Daniel-Alcala\u0301-scaled.jpg\",\"articleSection\":[\"Arquitectura\"],\"inLanguage\":\"es\",\"potentialAction\":[{\"@type\":\"CommentAction\",\"name\":\"Comment\",\"target\":[\"https:\\\/\\\/centrourbano.com\\\/revista\\\/arquitectura-2\\\/daniel-alcala-presenta-la-exposicion-constructo-jalisco\\\/#respond\"]}]},{\"@type\":\"WebPage\",\"@id\":\"https:\\\/\\\/centrourbano.com\\\/revista\\\/arquitectura-2\\\/daniel-alcala-presenta-la-exposicion-constructo-jalisco\\\/\",\"url\":\"https:\\\/\\\/centrourbano.com\\\/revista\\\/arquitectura-2\\\/daniel-alcala-presenta-la-exposicion-constructo-jalisco\\\/\",\"name\":\"Daniel Alcal\u00e1 presenta la exposici\u00f3n Constructo en Jalisco\",\"isPartOf\":{\"@id\":\"https:\\\/\\\/centrourbano.com\\\/revista\\\/#website\"},\"primaryImageOfPage\":{\"@id\":\"https:\\\/\\\/centrourbano.com\\\/revista\\\/arquitectura-2\\\/daniel-alcala-presenta-la-exposicion-constructo-jalisco\\\/#primaryimage\"},\"image\":{\"@id\":\"https:\\\/\\\/centrourbano.com\\\/revista\\\/arquitectura-2\\\/daniel-alcala-presenta-la-exposicion-constructo-jalisco\\\/#primaryimage\"},\"thumbnailUrl\":\"https:\\\/\\\/centrourbano.com\\\/revista\\\/wp-content\\\/uploads\\\/Daniel-Alcala\u0301-scaled.jpg\",\"datePublished\":\"2017-06-06T14:19:52+00:00\",\"description\":\"Esta muestra se basa en una revisi\u00f3n sobre la arquitectura moderna en M\u00e9xico\",\"breadcrumb\":{\"@id\":\"https:\\\/\\\/centrourbano.com\\\/revista\\\/arquitectura-2\\\/daniel-alcala-presenta-la-exposicion-constructo-jalisco\\\/#breadcrumb\"},\"inLanguage\":\"es\",\"potentialAction\":[{\"@type\":\"ReadAction\",\"target\":[\"https:\\\/\\\/centrourbano.com\\\/revista\\\/arquitectura-2\\\/daniel-alcala-presenta-la-exposicion-constructo-jalisco\\\/\"]}]},{\"@type\":\"ImageObject\",\"inLanguage\":\"es\",\"@id\":\"https:\\\/\\\/centrourbano.com\\\/revista\\\/arquitectura-2\\\/daniel-alcala-presenta-la-exposicion-constructo-jalisco\\\/#primaryimage\",\"url\":\"https:\\\/\\\/centrourbano.com\\\/revista\\\/wp-content\\\/uploads\\\/Daniel-Alcala\u0301-scaled.jpg\",\"contentUrl\":\"https:\\\/\\\/centrourbano.com\\\/revista\\\/wp-content\\\/uploads\\\/Daniel-Alcala\u0301-scaled.jpg\",\"width\":2560,\"height\":1706,\"caption\":\"Esta muestra se basa en una revisi\u00f3n sobre la arquitectura moderna en M\u00e9xico\"},{\"@type\":\"BreadcrumbList\",\"@id\":\"https:\\\/\\\/centrourbano.com\\\/revista\\\/arquitectura-2\\\/daniel-alcala-presenta-la-exposicion-constructo-jalisco\\\/#breadcrumb\",\"itemListElement\":[{\"@type\":\"ListItem\",\"position\":1,\"name\":\"Portada\",\"item\":\"https:\\\/\\\/centrourbano.com\\\/revista\\\/\"},{\"@type\":\"ListItem\",\"position\":2,\"name\":\"Daniel Alcal\u00e1 presenta la exposici\u00f3n Constructo en Jalisco\"}]},{\"@type\":\"WebSite\",\"@id\":\"https:\\\/\\\/centrourbano.com\\\/revista\\\/#website\",\"url\":\"https:\\\/\\\/centrourbano.com\\\/revista\\\/\",\"name\":\"Centro Urbano\",\"description\":\"Medio especializado en los sectores vivienda, inmobiliario, construcci\u00f3n, arquitectura y urbanismo.\",\"publisher\":{\"@id\":\"https:\\\/\\\/centrourbano.com\\\/revista\\\/#organization\"},\"potentialAction\":[{\"@type\":\"SearchAction\",\"target\":{\"@type\":\"EntryPoint\",\"urlTemplate\":\"https:\\\/\\\/centrourbano.com\\\/revista\\\/?s={search_term_string}\"},\"query-input\":{\"@type\":\"PropertyValueSpecification\",\"valueRequired\":true,\"valueName\":\"search_term_string\"}}],\"inLanguage\":\"es\"},{\"@type\":\"Organization\",\"@id\":\"https:\\\/\\\/centrourbano.com\\\/revista\\\/#organization\",\"name\":\"Centro Urbano\",\"url\":\"https:\\\/\\\/centrourbano.com\\\/revista\\\/\",\"logo\":{\"@type\":\"ImageObject\",\"inLanguage\":\"es\",\"@id\":\"https:\\\/\\\/centrourbano.com\\\/revista\\\/#\\\/schema\\\/logo\\\/image\\\/\",\"url\":\"https:\\\/\\\/centrourbano.com\\\/revista\\\/wp-content\\\/uploads\\\/web_CU_logo-1.png\",\"contentUrl\":\"https:\\\/\\\/centrourbano.com\\\/revista\\\/wp-content\\\/uploads\\\/web_CU_logo-1.png\",\"width\":350,\"height\":91,\"caption\":\"Centro Urbano\"},\"image\":{\"@id\":\"https:\\\/\\\/centrourbano.com\\\/revista\\\/#\\\/schema\\\/logo\\\/image\\\/\"},\"sameAs\":[\"https:\\\/\\\/www.facebook.com\\\/portalcentrourbano\",\"https:\\\/\\\/x.com\\\/CentroUrbano\",\"https:\\\/\\\/www.instagram.com\\\/centro_urbano\\\/\",\"https:\\\/\\\/www.linkedin.com\\\/company\\\/centro-urbano\\\/\",\"http:\\\/\\\/www.youtube.com\\\/user\\\/portalcentrourbano\"]},{\"@type\":\"Person\",\"@id\":\"https:\\\/\\\/centrourbano.com\\\/revista\\\/#\\\/schema\\\/person\\\/b45db815d96831257ba428a3d5a5fbdc\",\"name\":\"Dinorah Nava\",\"image\":{\"@type\":\"ImageObject\",\"inLanguage\":\"es\",\"@id\":\"https:\\\/\\\/secure.gravatar.com\\\/avatar\\\/f6ca6430c51d147f363940f84e1225aa4b8183885c11802cc3b042305a4ecc1a?s=96&d=mm&r=g\",\"url\":\"https:\\\/\\\/secure.gravatar.com\\\/avatar\\\/f6ca6430c51d147f363940f84e1225aa4b8183885c11802cc3b042305a4ecc1a?s=96&d=mm&r=g\",\"contentUrl\":\"https:\\\/\\\/secure.gravatar.com\\\/avatar\\\/f6ca6430c51d147f363940f84e1225aa4b8183885c11802cc3b042305a4ecc1a?s=96&d=mm&r=g\",\"caption\":\"Dinorah Nava\"},\"description\":\"Editora de Contenidos y Estrategias Digitales en Centro Urbano y Coeditora en Peri\u00f3dico Mi Casa. Egresada de la licenciatura en Comunicaci\u00f3n y Periodismo de la Facultad de Estudios Superiores Arag\u00f3n (UNAM). Amante de la edici\u00f3n y correcci\u00f3n de estilo, las redes sociales y el mundo digital. Especialista en temas son arquitectura, inmobiliario y urbanismo.\",\"sameAs\":[\"linkedin.com\\\/in\\\/dinorah-nava\",\"https:\\\/\\\/x.com\\\/https:\\\/\\\/twitter.com\\\/Dinorah_Nava28\"],\"url\":\"https:\\\/\\\/centrourbano.com\\\/revista\\\/author\\\/dinorah-nava\\\/\"}]}<\/script>\n<!-- \/ Yoast SEO plugin. -->","yoast_head_json":{"title":"Daniel Alcal\u00e1 presenta la exposici\u00f3n Constructo en Jalisco","description":"Esta muestra se basa en una revisi\u00f3n sobre la arquitectura moderna en M\u00e9xico","robots":{"index":"index","follow":"follow","max-snippet":"max-snippet:-1","max-image-preview":"max-image-preview:large","max-video-preview":"max-video-preview:-1"},"canonical":"https:\/\/centrourbano.com\/revista\/arquitectura-2\/daniel-alcala-presenta-la-exposicion-constructo-jalisco\/","og_locale":"es_ES","og_type":"article","og_title":"Daniel Alcal\u00e1 presenta la exposici\u00f3n Constructo en Jalisco","og_description":"Esta muestra se basa en una revisi\u00f3n sobre la arquitectura moderna en M\u00e9xico","og_url":"https:\/\/centrourbano.com\/revista\/arquitectura-2\/daniel-alcala-presenta-la-exposicion-constructo-jalisco\/","og_site_name":"Centro Urbano","article_publisher":"https:\/\/www.facebook.com\/portalcentrourbano","article_published_time":"2017-06-06T14:19:52+00:00","og_image":[{"width":2560,"height":1706,"url":"https:\/\/centrourbano.com\/revista\/wp-content\/uploads\/Daniel-Alcala\u0301-scaled.jpg","type":"image\/jpeg"}],"author":"Dinorah Nava","twitter_card":"summary_large_image","twitter_creator":"@https:\/\/twitter.com\/Dinorah_Nava28","twitter_site":"@CentroUrbano","twitter_misc":{"Escrito por":"Dinorah Nava","Tiempo de lectura":"2 minutos"},"schema":{"@context":"https:\/\/schema.org","@graph":[{"@type":"Article","@id":"https:\/\/centrourbano.com\/revista\/arquitectura-2\/daniel-alcala-presenta-la-exposicion-constructo-jalisco\/#article","isPartOf":{"@id":"https:\/\/centrourbano.com\/revista\/arquitectura-2\/daniel-alcala-presenta-la-exposicion-constructo-jalisco\/"},"author":{"name":"Dinorah Nava","@id":"https:\/\/centrourbano.com\/revista\/#\/schema\/person\/b45db815d96831257ba428a3d5a5fbdc"},"headline":"Daniel Alcal\u00e1 presenta la exposici\u00f3n Constructo en Jalisco","datePublished":"2017-06-06T14:19:52+00:00","mainEntityOfPage":{"@id":"https:\/\/centrourbano.com\/revista\/arquitectura-2\/daniel-alcala-presenta-la-exposicion-constructo-jalisco\/"},"wordCount":382,"commentCount":0,"publisher":{"@id":"https:\/\/centrourbano.com\/revista\/#organization"},"image":{"@id":"https:\/\/centrourbano.com\/revista\/arquitectura-2\/daniel-alcala-presenta-la-exposicion-constructo-jalisco\/#primaryimage"},"thumbnailUrl":"https:\/\/centrourbano.com\/revista\/wp-content\/uploads\/Daniel-Alcala\u0301-scaled.jpg","articleSection":["Arquitectura"],"inLanguage":"es","potentialAction":[{"@type":"CommentAction","name":"Comment","target":["https:\/\/centrourbano.com\/revista\/arquitectura-2\/daniel-alcala-presenta-la-exposicion-constructo-jalisco\/#respond"]}]},{"@type":"WebPage","@id":"https:\/\/centrourbano.com\/revista\/arquitectura-2\/daniel-alcala-presenta-la-exposicion-constructo-jalisco\/","url":"https:\/\/centrourbano.com\/revista\/arquitectura-2\/daniel-alcala-presenta-la-exposicion-constructo-jalisco\/","name":"Daniel Alcal\u00e1 presenta la exposici\u00f3n Constructo en Jalisco","isPartOf":{"@id":"https:\/\/centrourbano.com\/revista\/#website"},"primaryImageOfPage":{"@id":"https:\/\/centrourbano.com\/revista\/arquitectura-2\/daniel-alcala-presenta-la-exposicion-constructo-jalisco\/#primaryimage"},"image":{"@id":"https:\/\/centrourbano.com\/revista\/arquitectura-2\/daniel-alcala-presenta-la-exposicion-constructo-jalisco\/#primaryimage"},"thumbnailUrl":"https:\/\/centrourbano.com\/revista\/wp-content\/uploads\/Daniel-Alcala\u0301-scaled.jpg","datePublished":"2017-06-06T14:19:52+00:00","description":"Esta muestra se basa en una revisi\u00f3n sobre la arquitectura moderna en M\u00e9xico","breadcrumb":{"@id":"https:\/\/centrourbano.com\/revista\/arquitectura-2\/daniel-alcala-presenta-la-exposicion-constructo-jalisco\/#breadcrumb"},"inLanguage":"es","potentialAction":[{"@type":"ReadAction","target":["https:\/\/centrourbano.com\/revista\/arquitectura-2\/daniel-alcala-presenta-la-exposicion-constructo-jalisco\/"]}]},{"@type":"ImageObject","inLanguage":"es","@id":"https:\/\/centrourbano.com\/revista\/arquitectura-2\/daniel-alcala-presenta-la-exposicion-constructo-jalisco\/#primaryimage","url":"https:\/\/centrourbano.com\/revista\/wp-content\/uploads\/Daniel-Alcala\u0301-scaled.jpg","contentUrl":"https:\/\/centrourbano.com\/revista\/wp-content\/uploads\/Daniel-Alcala\u0301-scaled.jpg","width":2560,"height":1706,"caption":"Esta muestra se basa en una revisi\u00f3n sobre la arquitectura moderna en M\u00e9xico"},{"@type":"BreadcrumbList","@id":"https:\/\/centrourbano.com\/revista\/arquitectura-2\/daniel-alcala-presenta-la-exposicion-constructo-jalisco\/#breadcrumb","itemListElement":[{"@type":"ListItem","position":1,"name":"Portada","item":"https:\/\/centrourbano.com\/revista\/"},{"@type":"ListItem","position":2,"name":"Daniel Alcal\u00e1 presenta la exposici\u00f3n Constructo en Jalisco"}]},{"@type":"WebSite","@id":"https:\/\/centrourbano.com\/revista\/#website","url":"https:\/\/centrourbano.com\/revista\/","name":"Centro Urbano","description":"Medio especializado en los sectores vivienda, inmobiliario, construcci\u00f3n, arquitectura y urbanismo.","publisher":{"@id":"https:\/\/centrourbano.com\/revista\/#organization"},"potentialAction":[{"@type":"SearchAction","target":{"@type":"EntryPoint","urlTemplate":"https:\/\/centrourbano.com\/revista\/?s={search_term_string}"},"query-input":{"@type":"PropertyValueSpecification","valueRequired":true,"valueName":"search_term_string"}}],"inLanguage":"es"},{"@type":"Organization","@id":"https:\/\/centrourbano.com\/revista\/#organization","name":"Centro Urbano","url":"https:\/\/centrourbano.com\/revista\/","logo":{"@type":"ImageObject","inLanguage":"es","@id":"https:\/\/centrourbano.com\/revista\/#\/schema\/logo\/image\/","url":"https:\/\/centrourbano.com\/revista\/wp-content\/uploads\/web_CU_logo-1.png","contentUrl":"https:\/\/centrourbano.com\/revista\/wp-content\/uploads\/web_CU_logo-1.png","width":350,"height":91,"caption":"Centro Urbano"},"image":{"@id":"https:\/\/centrourbano.com\/revista\/#\/schema\/logo\/image\/"},"sameAs":["https:\/\/www.facebook.com\/portalcentrourbano","https:\/\/x.com\/CentroUrbano","https:\/\/www.instagram.com\/centro_urbano\/","https:\/\/www.linkedin.com\/company\/centro-urbano\/","http:\/\/www.youtube.com\/user\/portalcentrourbano"]},{"@type":"Person","@id":"https:\/\/centrourbano.com\/revista\/#\/schema\/person\/b45db815d96831257ba428a3d5a5fbdc","name":"Dinorah Nava","image":{"@type":"ImageObject","inLanguage":"es","@id":"https:\/\/secure.gravatar.com\/avatar\/f6ca6430c51d147f363940f84e1225aa4b8183885c11802cc3b042305a4ecc1a?s=96&d=mm&r=g","url":"https:\/\/secure.gravatar.com\/avatar\/f6ca6430c51d147f363940f84e1225aa4b8183885c11802cc3b042305a4ecc1a?s=96&d=mm&r=g","contentUrl":"https:\/\/secure.gravatar.com\/avatar\/f6ca6430c51d147f363940f84e1225aa4b8183885c11802cc3b042305a4ecc1a?s=96&d=mm&r=g","caption":"Dinorah Nava"},"description":"Editora de Contenidos y Estrategias Digitales en Centro Urbano y Coeditora en Peri\u00f3dico Mi Casa. Egresada de la licenciatura en Comunicaci\u00f3n y Periodismo de la Facultad de Estudios Superiores Arag\u00f3n (UNAM). Amante de la edici\u00f3n y correcci\u00f3n de estilo, las redes sociales y el mundo digital. Especialista en temas son arquitectura, inmobiliario y urbanismo.","sameAs":["linkedin.com\/in\/dinorah-nava","https:\/\/x.com\/https:\/\/twitter.com\/Dinorah_Nava28"],"url":"https:\/\/centrourbano.com\/revista\/author\/dinorah-nava\/"}]}},"_links":{"self":[{"href":"https:\/\/centrourbano.com\/revista\/wp-json\/wp\/v2\/posts\/54289","targetHints":{"allow":["GET"]}}],"collection":[{"href":"https:\/\/centrourbano.com\/revista\/wp-json\/wp\/v2\/posts"}],"about":[{"href":"https:\/\/centrourbano.com\/revista\/wp-json\/wp\/v2\/types\/post"}],"author":[{"embeddable":true,"href":"https:\/\/centrourbano.com\/revista\/wp-json\/wp\/v2\/users\/9"}],"replies":[{"embeddable":true,"href":"https:\/\/centrourbano.com\/revista\/wp-json\/wp\/v2\/comments?post=54289"}],"version-history":[{"count":0,"href":"https:\/\/centrourbano.com\/revista\/wp-json\/wp\/v2\/posts\/54289\/revisions"}],"wp:featuredmedia":[{"embeddable":true,"href":"https:\/\/centrourbano.com\/revista\/wp-json\/wp\/v2\/media\/54292"}],"wp:attachment":[{"href":"https:\/\/centrourbano.com\/revista\/wp-json\/wp\/v2\/media?parent=54289"}],"wp:term":[{"taxonomy":"category","embeddable":true,"href":"https:\/\/centrourbano.com\/revista\/wp-json\/wp\/v2\/categories?post=54289"},{"taxonomy":"post_tag","embeddable":true,"href":"https:\/\/centrourbano.com\/revista\/wp-json\/wp\/v2\/tags?post=54289"}],"curies":[{"name":"wp","href":"https:\/\/api.w.org\/{rel}","templated":true}]}}