{"id":54251,"date":"2017-06-05T16:50:54","date_gmt":"2017-06-05T21:50:54","guid":{"rendered":"https:\/\/centrourbano.com\/?p=54251"},"modified":"2017-06-05T16:50:54","modified_gmt":"2017-06-05T21:50:54","slug":"obtuvo-holcim-mexico-certificacion-leed-nueva-sede","status":"publish","type":"post","link":"https:\/\/centrourbano.com\/revista\/arquitectura-2\/obtuvo-holcim-mexico-certificacion-leed-nueva-sede\/","title":{"rendered":"Obtuvo Holcim M\u00e9xico certificaci\u00f3n LEED en nueva sede"},"content":{"rendered":"<p><em>El edificio est\u00e1 ubicado dentro del complejo Quad Campus Corporativo Santa Fe<\/em><br \/>\n<!--more--><\/p>\n<p>La compa\u00f1\u00eda Holcim M\u00e9xico recibi\u00f3 la certificaci\u00f3n LEED Oro (Leadership in Energy &#038; Environmental Design) por sus oficinas corporativas, ya que destac\u00f3 en los rubros Sitios sustentables, Uso eficiente del agua, Energ\u00eda y atmosfera, Calidad del aire en los interiores y Materiales y recursos, con lo que obtuvo 65 puntos de 60 m\u00ednimos para tener la certificaci\u00f3n. <\/p>\n<p>La cual tambi\u00e9n se otorg\u00f3 por su dise\u00f1o amigable con el medio ambiente, as\u00ed como por sus caracter\u00edsticas operacionales que disminuyen de manera significativa la huella de carbono, esto lo dio a conocer la empresa en un comunicado. <\/p>\n<p>El inmueble puede captar, tratar y reutilizar el agua pluvial que recibe del techo y zonas exteriores, su azotea es verde, mientras que su estacionamiento es totalmente subterr\u00e1neo; ambas medidas ayudan a disminuir el efecto isla de calor.<\/p>\n<p>En cuando al uso eficiente del agua, el ahorro es de 38% de agua potable, pues se combina mobiliario ahorrador, como lavamanos, WC, mingitorios, grifo de cocina y se re\u00fasa el agua tratada. Adem\u00e1s, el edificio instal\u00f3 una planta de tratamiento de aguas residuales con el objetivo de reutilizar el l\u00edquido tratado.<\/p>\n<p>\u201cLas instalaciones tienen un porcentaje de disminuci\u00f3n de la carga instalada mayor a 49%, mediante el uso de luminarias ahorradoras y controles autom\u00e1ticos. Existen sensores de vacancia que apagan autom\u00e1ticamente las luminarias, ahorrando electricidad. Para evitar da\u00f1ar la capa de ozono, el sistema de aire acondicionado utiliza refrigerantes libres de clorofluorocarbonos (CFC) y m\u00e1s de 98% de la carga instalada cuenta con el sello Energy Star\u201d.<\/p>\n<p>Asimismo, para los materiales y recursos, se implementaron estrategias de separaci\u00f3n de residuos, el edificio tiene espacio para el almacenamiento temporal de papel, cart\u00f3n, vidrio, metal, pl\u00e1stico. De los residuos generados durante su construcci\u00f3n, se logr\u00f3 desviar de tiraderos un 83% mediante reciclaje y donaci\u00f3n para re\u00faso.<\/p>\n<p>Las oficinas de Holcim M\u00e9xico son 100% libres de humo, por lo que las \u00e1reas destinadas a este fin est\u00e1n en los exteriores y a 8 metros de las puertas, ventanas o ventiladores de inyecci\u00f3n de aire exterior.<\/p>\n<p>\u201cDurante su construcci\u00f3n, se evit\u00f3 que polvos y olores t\u00f3xicos entraran en el sistema de aire acondicionado, protegiendo as\u00ed a los ocupantes del proyecto. Todos los adhesivos, selladores, pinturas y recubrimientos utilizados durante la edificaci\u00f3n tienen bajo contenido de Compuestos Org\u00e1nicos Vol\u00e1tiles (COV), todas las estaciones de trabajo cuentan con el certificado Green Guard\u201d.<\/p>\n<p>La sede de Holcim M\u00e9xico est\u00e1 ubicada dentro del complejo Quad Campus Corporativo Santa Fe, se trata de un edificio inteligente que permite un mejor desempe\u00f1o ambiental y mayor eficiencia en las operaciones de la compa\u00f1\u00eda.<\/p>\n<p>Actualmente la empresa tiene presencia a nivel nacional a trav\u00e9s de 7 plantas de cemento con una capacidad instalada para producir 12.6 millones de toneladas anuales; 23 centros de distribuci\u00f3n de cemento; 7 plataformas y 1 centro de transferencia de Geocycle; as\u00ed como 26 aliados comerciales con m\u00e1s de 90 plantas de concreto premezclado, m\u00e1s de 500 ollas revolvedoras, 1 planta de agregados y un Centro de Innovaci\u00f3n Tecnol\u00f3gica para la Construcci\u00f3n (CITEC).<\/p>\n","protected":false},"excerpt":{"rendered":"<p>El edificio est\u00e1 ubicado dentro del complejo Quad Campus Corporativo Santa Fe<\/p>\n","protected":false},"author":37,"featured_media":54273,"comment_status":"open","ping_status":"closed","sticky":false,"template":"","format":"standard","meta":{"om_disable_all_campaigns":false,"inline_featured_image":false,"_monsterinsights_skip_tracking":false,"_monsterinsights_sitenote_active":false,"_monsterinsights_sitenote_note":"","_monsterinsights_sitenote_category":0,"footnotes":""},"categories":[81],"tags":[],"class_list":["post-54251","post","type-post","status-publish","format-standard","has-post-thumbnail","hentry","category-arquitectura-2"],"yoast_head":"<!-- This site is optimized with the Yoast SEO plugin v27.4 - https:\/\/yoast.com\/product\/yoast-seo-wordpress\/ -->\n<title>Obtuvo Holcim M\u00e9xico certificaci\u00f3n LEED en nueva sede -<\/title>\n<meta name=\"description\" content=\"La compa\u00f1\u00eda Holcim M\u00e9xico recibi\u00f3 la certificaci\u00f3n LEED Oro (Leadership in Energy &amp; Environmental Design) por sus oficinas corporativas, ya que destac\u00f3 en los rubros Sitios sustentables, Uso eficiente del agua, Energ\u00eda y atmosfera, Calidad del aire en los interiores y Materiales y recursos, con lo que obtuvo 65 puntos de 60 m\u00ednimos para tener la certificaci\u00f3n.\" \/>\n<meta name=\"robots\" content=\"index, follow, max-snippet:-1, max-image-preview:large, max-video-preview:-1\" \/>\n<link rel=\"canonical\" href=\"https:\/\/centrourbano.com\/revista\/arquitectura-2\/obtuvo-holcim-mexico-certificacion-leed-nueva-sede\/\" \/>\n<meta property=\"og:locale\" content=\"es_ES\" \/>\n<meta property=\"og:type\" content=\"article\" \/>\n<meta property=\"og:title\" content=\"Obtuvo Holcim M\u00e9xico certificaci\u00f3n LEED en nueva sede -\" \/>\n<meta property=\"og:description\" content=\"La compa\u00f1\u00eda Holcim M\u00e9xico recibi\u00f3 la certificaci\u00f3n LEED Oro (Leadership in Energy &amp; Environmental Design) por sus oficinas corporativas, ya que destac\u00f3 en los rubros Sitios sustentables, Uso eficiente del agua, Energ\u00eda y atmosfera, Calidad del aire en los interiores y Materiales y recursos, con lo que obtuvo 65 puntos de 60 m\u00ednimos para tener la certificaci\u00f3n.\" \/>\n<meta property=\"og:url\" content=\"https:\/\/centrourbano.com\/revista\/arquitectura-2\/obtuvo-holcim-mexico-certificacion-leed-nueva-sede\/\" \/>\n<meta property=\"og:site_name\" content=\"Centro Urbano\" \/>\n<meta property=\"article:publisher\" content=\"https:\/\/www.facebook.com\/portalcentrourbano\" \/>\n<meta property=\"article:published_time\" content=\"2017-06-05T21:50:54+00:00\" \/>\n<meta property=\"og:image\" content=\"https:\/\/centrourbano.com\/revista\/wp-content\/uploads\/unnamed-1-21.jpg\" \/>\n\t<meta property=\"og:image:width\" content=\"589\" \/>\n\t<meta property=\"og:image:height\" content=\"414\" \/>\n\t<meta property=\"og:image:type\" content=\"image\/jpeg\" \/>\n<meta name=\"author\" content=\"Diego Rodr\u00edguez\" \/>\n<meta name=\"twitter:card\" content=\"summary_large_image\" \/>\n<meta name=\"twitter:creator\" content=\"@CentroUrbano\" \/>\n<meta name=\"twitter:site\" content=\"@CentroUrbano\" \/>\n<meta name=\"twitter:label1\" content=\"Escrito por\" \/>\n\t<meta name=\"twitter:data1\" content=\"Diego Rodr\u00edguez\" \/>\n\t<meta name=\"twitter:label2\" content=\"Tiempo de lectura\" \/>\n\t<meta name=\"twitter:data2\" content=\"3 minutos\" \/>\n<script type=\"application\/ld+json\" class=\"yoast-schema-graph\">{\"@context\":\"https:\\\/\\\/schema.org\",\"@graph\":[{\"@type\":\"Article\",\"@id\":\"https:\\\/\\\/centrourbano.com\\\/revista\\\/arquitectura-2\\\/obtuvo-holcim-mexico-certificacion-leed-nueva-sede\\\/#article\",\"isPartOf\":{\"@id\":\"https:\\\/\\\/centrourbano.com\\\/revista\\\/arquitectura-2\\\/obtuvo-holcim-mexico-certificacion-leed-nueva-sede\\\/\"},\"author\":{\"name\":\"Diego Rodr\u00edguez\",\"@id\":\"https:\\\/\\\/centrourbano.com\\\/revista\\\/#\\\/schema\\\/person\\\/b50192a3cd0e680841b45dc537f53970\"},\"headline\":\"Obtuvo Holcim M\u00e9xico certificaci\u00f3n LEED en nueva sede\",\"datePublished\":\"2017-06-05T21:50:54+00:00\",\"mainEntityOfPage\":{\"@id\":\"https:\\\/\\\/centrourbano.com\\\/revista\\\/arquitectura-2\\\/obtuvo-holcim-mexico-certificacion-leed-nueva-sede\\\/\"},\"wordCount\":545,\"commentCount\":0,\"publisher\":{\"@id\":\"https:\\\/\\\/centrourbano.com\\\/revista\\\/#organization\"},\"image\":{\"@id\":\"https:\\\/\\\/centrourbano.com\\\/revista\\\/arquitectura-2\\\/obtuvo-holcim-mexico-certificacion-leed-nueva-sede\\\/#primaryimage\"},\"thumbnailUrl\":\"https:\\\/\\\/centrourbano.com\\\/revista\\\/wp-content\\\/uploads\\\/unnamed-1-21.jpg\",\"articleSection\":[\"Arquitectura\"],\"inLanguage\":\"es\",\"potentialAction\":[{\"@type\":\"CommentAction\",\"name\":\"Comment\",\"target\":[\"https:\\\/\\\/centrourbano.com\\\/revista\\\/arquitectura-2\\\/obtuvo-holcim-mexico-certificacion-leed-nueva-sede\\\/#respond\"]}]},{\"@type\":\"WebPage\",\"@id\":\"https:\\\/\\\/centrourbano.com\\\/revista\\\/arquitectura-2\\\/obtuvo-holcim-mexico-certificacion-leed-nueva-sede\\\/\",\"url\":\"https:\\\/\\\/centrourbano.com\\\/revista\\\/arquitectura-2\\\/obtuvo-holcim-mexico-certificacion-leed-nueva-sede\\\/\",\"name\":\"Obtuvo Holcim M\u00e9xico certificaci\u00f3n LEED en nueva sede -\",\"isPartOf\":{\"@id\":\"https:\\\/\\\/centrourbano.com\\\/revista\\\/#website\"},\"primaryImageOfPage\":{\"@id\":\"https:\\\/\\\/centrourbano.com\\\/revista\\\/arquitectura-2\\\/obtuvo-holcim-mexico-certificacion-leed-nueva-sede\\\/#primaryimage\"},\"image\":{\"@id\":\"https:\\\/\\\/centrourbano.com\\\/revista\\\/arquitectura-2\\\/obtuvo-holcim-mexico-certificacion-leed-nueva-sede\\\/#primaryimage\"},\"thumbnailUrl\":\"https:\\\/\\\/centrourbano.com\\\/revista\\\/wp-content\\\/uploads\\\/unnamed-1-21.jpg\",\"datePublished\":\"2017-06-05T21:50:54+00:00\",\"description\":\"La compa\u00f1\u00eda Holcim M\u00e9xico recibi\u00f3 la certificaci\u00f3n LEED Oro (Leadership in Energy & Environmental Design) por sus oficinas corporativas, ya que destac\u00f3 en los rubros Sitios sustentables, Uso eficiente del agua, Energ\u00eda y atmosfera, Calidad del aire en los interiores y Materiales y recursos, con lo que obtuvo 65 puntos de 60 m\u00ednimos para tener la certificaci\u00f3n.\",\"breadcrumb\":{\"@id\":\"https:\\\/\\\/centrourbano.com\\\/revista\\\/arquitectura-2\\\/obtuvo-holcim-mexico-certificacion-leed-nueva-sede\\\/#breadcrumb\"},\"inLanguage\":\"es\",\"potentialAction\":[{\"@type\":\"ReadAction\",\"target\":[\"https:\\\/\\\/centrourbano.com\\\/revista\\\/arquitectura-2\\\/obtuvo-holcim-mexico-certificacion-leed-nueva-sede\\\/\"]}]},{\"@type\":\"ImageObject\",\"inLanguage\":\"es\",\"@id\":\"https:\\\/\\\/centrourbano.com\\\/revista\\\/arquitectura-2\\\/obtuvo-holcim-mexico-certificacion-leed-nueva-sede\\\/#primaryimage\",\"url\":\"https:\\\/\\\/centrourbano.com\\\/revista\\\/wp-content\\\/uploads\\\/unnamed-1-21.jpg\",\"contentUrl\":\"https:\\\/\\\/centrourbano.com\\\/revista\\\/wp-content\\\/uploads\\\/unnamed-1-21.jpg\",\"width\":589,\"height\":414,\"caption\":\"El edificio est\u00e1 ubicado dentro del complejo Quad Campus Corporativo Santa Fe\"},{\"@type\":\"BreadcrumbList\",\"@id\":\"https:\\\/\\\/centrourbano.com\\\/revista\\\/arquitectura-2\\\/obtuvo-holcim-mexico-certificacion-leed-nueva-sede\\\/#breadcrumb\",\"itemListElement\":[{\"@type\":\"ListItem\",\"position\":1,\"name\":\"Portada\",\"item\":\"https:\\\/\\\/centrourbano.com\\\/revista\\\/\"},{\"@type\":\"ListItem\",\"position\":2,\"name\":\"Obtuvo Holcim M\u00e9xico certificaci\u00f3n LEED en nueva sede\"}]},{\"@type\":\"WebSite\",\"@id\":\"https:\\\/\\\/centrourbano.com\\\/revista\\\/#website\",\"url\":\"https:\\\/\\\/centrourbano.com\\\/revista\\\/\",\"name\":\"Centro Urbano\",\"description\":\"Medio especializado en los sectores vivienda, inmobiliario, construcci\u00f3n, arquitectura y urbanismo.\",\"publisher\":{\"@id\":\"https:\\\/\\\/centrourbano.com\\\/revista\\\/#organization\"},\"potentialAction\":[{\"@type\":\"SearchAction\",\"target\":{\"@type\":\"EntryPoint\",\"urlTemplate\":\"https:\\\/\\\/centrourbano.com\\\/revista\\\/?s={search_term_string}\"},\"query-input\":{\"@type\":\"PropertyValueSpecification\",\"valueRequired\":true,\"valueName\":\"search_term_string\"}}],\"inLanguage\":\"es\"},{\"@type\":\"Organization\",\"@id\":\"https:\\\/\\\/centrourbano.com\\\/revista\\\/#organization\",\"name\":\"Centro Urbano\",\"url\":\"https:\\\/\\\/centrourbano.com\\\/revista\\\/\",\"logo\":{\"@type\":\"ImageObject\",\"inLanguage\":\"es\",\"@id\":\"https:\\\/\\\/centrourbano.com\\\/revista\\\/#\\\/schema\\\/logo\\\/image\\\/\",\"url\":\"https:\\\/\\\/centrourbano.com\\\/revista\\\/wp-content\\\/uploads\\\/web_CU_logo-1.png\",\"contentUrl\":\"https:\\\/\\\/centrourbano.com\\\/revista\\\/wp-content\\\/uploads\\\/web_CU_logo-1.png\",\"width\":350,\"height\":91,\"caption\":\"Centro Urbano\"},\"image\":{\"@id\":\"https:\\\/\\\/centrourbano.com\\\/revista\\\/#\\\/schema\\\/logo\\\/image\\\/\"},\"sameAs\":[\"https:\\\/\\\/www.facebook.com\\\/portalcentrourbano\",\"https:\\\/\\\/x.com\\\/CentroUrbano\",\"https:\\\/\\\/www.instagram.com\\\/centro_urbano\\\/\",\"https:\\\/\\\/www.linkedin.com\\\/company\\\/centro-urbano\\\/\",\"http:\\\/\\\/www.youtube.com\\\/user\\\/portalcentrourbano\"]},{\"@type\":\"Person\",\"@id\":\"https:\\\/\\\/centrourbano.com\\\/revista\\\/#\\\/schema\\\/person\\\/b50192a3cd0e680841b45dc537f53970\",\"name\":\"Diego Rodr\u00edguez\",\"image\":{\"@type\":\"ImageObject\",\"inLanguage\":\"es\",\"@id\":\"https:\\\/\\\/secure.gravatar.com\\\/avatar\\\/d217565525df2df5d4e7265d47758506f41845ed9529510921a7625d8365789d?s=96&d=mm&r=g\",\"url\":\"https:\\\/\\\/secure.gravatar.com\\\/avatar\\\/d217565525df2df5d4e7265d47758506f41845ed9529510921a7625d8365789d?s=96&d=mm&r=g\",\"contentUrl\":\"https:\\\/\\\/secure.gravatar.com\\\/avatar\\\/d217565525df2df5d4e7265d47758506f41845ed9529510921a7625d8365789d?s=96&d=mm&r=g\",\"caption\":\"Diego Rodr\u00edguez\"},\"description\":\"Egresado de la Facultad de Estudios Superiores Acatl\u00e1n de la carrera en Comunicaci\u00f3n, con especialidad en medios escritos. Reportero del desaparecido peri\u00f3dico Nuestro M\u00e9xico, en donde cubri\u00f3 las fuentes delegacionales y Asamblea Legislativa. Tambi\u00e9n trabaj\u00f3 en la Coordinaci\u00f3n de Comunicaci\u00f3n Social en la delegaci\u00f3n \u00c1lvaro Obreg\u00f3n. Le gusta leer novelas y cuentos.\",\"url\":\"https:\\\/\\\/centrourbano.com\\\/revista\\\/author\\\/diegorodriguez\\\/\"}]}<\/script>\n<!-- \/ Yoast SEO plugin. -->","yoast_head_json":{"title":"Obtuvo Holcim M\u00e9xico certificaci\u00f3n LEED en nueva sede -","description":"La compa\u00f1\u00eda Holcim M\u00e9xico recibi\u00f3 la certificaci\u00f3n LEED Oro (Leadership in Energy & Environmental Design) por sus oficinas corporativas, ya que destac\u00f3 en los rubros Sitios sustentables, Uso eficiente del agua, Energ\u00eda y atmosfera, Calidad del aire en los interiores y Materiales y recursos, con lo que obtuvo 65 puntos de 60 m\u00ednimos para tener la certificaci\u00f3n.","robots":{"index":"index","follow":"follow","max-snippet":"max-snippet:-1","max-image-preview":"max-image-preview:large","max-video-preview":"max-video-preview:-1"},"canonical":"https:\/\/centrourbano.com\/revista\/arquitectura-2\/obtuvo-holcim-mexico-certificacion-leed-nueva-sede\/","og_locale":"es_ES","og_type":"article","og_title":"Obtuvo Holcim M\u00e9xico certificaci\u00f3n LEED en nueva sede -","og_description":"La compa\u00f1\u00eda Holcim M\u00e9xico recibi\u00f3 la certificaci\u00f3n LEED Oro (Leadership in Energy & Environmental Design) por sus oficinas corporativas, ya que destac\u00f3 en los rubros Sitios sustentables, Uso eficiente del agua, Energ\u00eda y atmosfera, Calidad del aire en los interiores y Materiales y recursos, con lo que obtuvo 65 puntos de 60 m\u00ednimos para tener la certificaci\u00f3n.","og_url":"https:\/\/centrourbano.com\/revista\/arquitectura-2\/obtuvo-holcim-mexico-certificacion-leed-nueva-sede\/","og_site_name":"Centro Urbano","article_publisher":"https:\/\/www.facebook.com\/portalcentrourbano","article_published_time":"2017-06-05T21:50:54+00:00","og_image":[{"width":589,"height":414,"url":"https:\/\/centrourbano.com\/revista\/wp-content\/uploads\/unnamed-1-21.jpg","type":"image\/jpeg"}],"author":"Diego Rodr\u00edguez","twitter_card":"summary_large_image","twitter_creator":"@CentroUrbano","twitter_site":"@CentroUrbano","twitter_misc":{"Escrito por":"Diego Rodr\u00edguez","Tiempo de lectura":"3 minutos"},"schema":{"@context":"https:\/\/schema.org","@graph":[{"@type":"Article","@id":"https:\/\/centrourbano.com\/revista\/arquitectura-2\/obtuvo-holcim-mexico-certificacion-leed-nueva-sede\/#article","isPartOf":{"@id":"https:\/\/centrourbano.com\/revista\/arquitectura-2\/obtuvo-holcim-mexico-certificacion-leed-nueva-sede\/"},"author":{"name":"Diego Rodr\u00edguez","@id":"https:\/\/centrourbano.com\/revista\/#\/schema\/person\/b50192a3cd0e680841b45dc537f53970"},"headline":"Obtuvo Holcim M\u00e9xico certificaci\u00f3n LEED en nueva sede","datePublished":"2017-06-05T21:50:54+00:00","mainEntityOfPage":{"@id":"https:\/\/centrourbano.com\/revista\/arquitectura-2\/obtuvo-holcim-mexico-certificacion-leed-nueva-sede\/"},"wordCount":545,"commentCount":0,"publisher":{"@id":"https:\/\/centrourbano.com\/revista\/#organization"},"image":{"@id":"https:\/\/centrourbano.com\/revista\/arquitectura-2\/obtuvo-holcim-mexico-certificacion-leed-nueva-sede\/#primaryimage"},"thumbnailUrl":"https:\/\/centrourbano.com\/revista\/wp-content\/uploads\/unnamed-1-21.jpg","articleSection":["Arquitectura"],"inLanguage":"es","potentialAction":[{"@type":"CommentAction","name":"Comment","target":["https:\/\/centrourbano.com\/revista\/arquitectura-2\/obtuvo-holcim-mexico-certificacion-leed-nueva-sede\/#respond"]}]},{"@type":"WebPage","@id":"https:\/\/centrourbano.com\/revista\/arquitectura-2\/obtuvo-holcim-mexico-certificacion-leed-nueva-sede\/","url":"https:\/\/centrourbano.com\/revista\/arquitectura-2\/obtuvo-holcim-mexico-certificacion-leed-nueva-sede\/","name":"Obtuvo Holcim M\u00e9xico certificaci\u00f3n LEED en nueva sede -","isPartOf":{"@id":"https:\/\/centrourbano.com\/revista\/#website"},"primaryImageOfPage":{"@id":"https:\/\/centrourbano.com\/revista\/arquitectura-2\/obtuvo-holcim-mexico-certificacion-leed-nueva-sede\/#primaryimage"},"image":{"@id":"https:\/\/centrourbano.com\/revista\/arquitectura-2\/obtuvo-holcim-mexico-certificacion-leed-nueva-sede\/#primaryimage"},"thumbnailUrl":"https:\/\/centrourbano.com\/revista\/wp-content\/uploads\/unnamed-1-21.jpg","datePublished":"2017-06-05T21:50:54+00:00","description":"La compa\u00f1\u00eda Holcim M\u00e9xico recibi\u00f3 la certificaci\u00f3n LEED Oro (Leadership in Energy & Environmental Design) por sus oficinas corporativas, ya que destac\u00f3 en los rubros Sitios sustentables, Uso eficiente del agua, Energ\u00eda y atmosfera, Calidad del aire en los interiores y Materiales y recursos, con lo que obtuvo 65 puntos de 60 m\u00ednimos para tener la certificaci\u00f3n.","breadcrumb":{"@id":"https:\/\/centrourbano.com\/revista\/arquitectura-2\/obtuvo-holcim-mexico-certificacion-leed-nueva-sede\/#breadcrumb"},"inLanguage":"es","potentialAction":[{"@type":"ReadAction","target":["https:\/\/centrourbano.com\/revista\/arquitectura-2\/obtuvo-holcim-mexico-certificacion-leed-nueva-sede\/"]}]},{"@type":"ImageObject","inLanguage":"es","@id":"https:\/\/centrourbano.com\/revista\/arquitectura-2\/obtuvo-holcim-mexico-certificacion-leed-nueva-sede\/#primaryimage","url":"https:\/\/centrourbano.com\/revista\/wp-content\/uploads\/unnamed-1-21.jpg","contentUrl":"https:\/\/centrourbano.com\/revista\/wp-content\/uploads\/unnamed-1-21.jpg","width":589,"height":414,"caption":"El edificio est\u00e1 ubicado dentro del complejo Quad Campus Corporativo Santa Fe"},{"@type":"BreadcrumbList","@id":"https:\/\/centrourbano.com\/revista\/arquitectura-2\/obtuvo-holcim-mexico-certificacion-leed-nueva-sede\/#breadcrumb","itemListElement":[{"@type":"ListItem","position":1,"name":"Portada","item":"https:\/\/centrourbano.com\/revista\/"},{"@type":"ListItem","position":2,"name":"Obtuvo Holcim M\u00e9xico certificaci\u00f3n LEED en nueva sede"}]},{"@type":"WebSite","@id":"https:\/\/centrourbano.com\/revista\/#website","url":"https:\/\/centrourbano.com\/revista\/","name":"Centro Urbano","description":"Medio especializado en los sectores vivienda, inmobiliario, construcci\u00f3n, arquitectura y urbanismo.","publisher":{"@id":"https:\/\/centrourbano.com\/revista\/#organization"},"potentialAction":[{"@type":"SearchAction","target":{"@type":"EntryPoint","urlTemplate":"https:\/\/centrourbano.com\/revista\/?s={search_term_string}"},"query-input":{"@type":"PropertyValueSpecification","valueRequired":true,"valueName":"search_term_string"}}],"inLanguage":"es"},{"@type":"Organization","@id":"https:\/\/centrourbano.com\/revista\/#organization","name":"Centro Urbano","url":"https:\/\/centrourbano.com\/revista\/","logo":{"@type":"ImageObject","inLanguage":"es","@id":"https:\/\/centrourbano.com\/revista\/#\/schema\/logo\/image\/","url":"https:\/\/centrourbano.com\/revista\/wp-content\/uploads\/web_CU_logo-1.png","contentUrl":"https:\/\/centrourbano.com\/revista\/wp-content\/uploads\/web_CU_logo-1.png","width":350,"height":91,"caption":"Centro Urbano"},"image":{"@id":"https:\/\/centrourbano.com\/revista\/#\/schema\/logo\/image\/"},"sameAs":["https:\/\/www.facebook.com\/portalcentrourbano","https:\/\/x.com\/CentroUrbano","https:\/\/www.instagram.com\/centro_urbano\/","https:\/\/www.linkedin.com\/company\/centro-urbano\/","http:\/\/www.youtube.com\/user\/portalcentrourbano"]},{"@type":"Person","@id":"https:\/\/centrourbano.com\/revista\/#\/schema\/person\/b50192a3cd0e680841b45dc537f53970","name":"Diego Rodr\u00edguez","image":{"@type":"ImageObject","inLanguage":"es","@id":"https:\/\/secure.gravatar.com\/avatar\/d217565525df2df5d4e7265d47758506f41845ed9529510921a7625d8365789d?s=96&d=mm&r=g","url":"https:\/\/secure.gravatar.com\/avatar\/d217565525df2df5d4e7265d47758506f41845ed9529510921a7625d8365789d?s=96&d=mm&r=g","contentUrl":"https:\/\/secure.gravatar.com\/avatar\/d217565525df2df5d4e7265d47758506f41845ed9529510921a7625d8365789d?s=96&d=mm&r=g","caption":"Diego Rodr\u00edguez"},"description":"Egresado de la Facultad de Estudios Superiores Acatl\u00e1n de la carrera en Comunicaci\u00f3n, con especialidad en medios escritos. Reportero del desaparecido peri\u00f3dico Nuestro M\u00e9xico, en donde cubri\u00f3 las fuentes delegacionales y Asamblea Legislativa. Tambi\u00e9n trabaj\u00f3 en la Coordinaci\u00f3n de Comunicaci\u00f3n Social en la delegaci\u00f3n \u00c1lvaro Obreg\u00f3n. Le gusta leer novelas y cuentos.","url":"https:\/\/centrourbano.com\/revista\/author\/diegorodriguez\/"}]}},"_links":{"self":[{"href":"https:\/\/centrourbano.com\/revista\/wp-json\/wp\/v2\/posts\/54251","targetHints":{"allow":["GET"]}}],"collection":[{"href":"https:\/\/centrourbano.com\/revista\/wp-json\/wp\/v2\/posts"}],"about":[{"href":"https:\/\/centrourbano.com\/revista\/wp-json\/wp\/v2\/types\/post"}],"author":[{"embeddable":true,"href":"https:\/\/centrourbano.com\/revista\/wp-json\/wp\/v2\/users\/37"}],"replies":[{"embeddable":true,"href":"https:\/\/centrourbano.com\/revista\/wp-json\/wp\/v2\/comments?post=54251"}],"version-history":[{"count":0,"href":"https:\/\/centrourbano.com\/revista\/wp-json\/wp\/v2\/posts\/54251\/revisions"}],"wp:featuredmedia":[{"embeddable":true,"href":"https:\/\/centrourbano.com\/revista\/wp-json\/wp\/v2\/media\/54273"}],"wp:attachment":[{"href":"https:\/\/centrourbano.com\/revista\/wp-json\/wp\/v2\/media?parent=54251"}],"wp:term":[{"taxonomy":"category","embeddable":true,"href":"https:\/\/centrourbano.com\/revista\/wp-json\/wp\/v2\/categories?post=54251"},{"taxonomy":"post_tag","embeddable":true,"href":"https:\/\/centrourbano.com\/revista\/wp-json\/wp\/v2\/tags?post=54251"}],"curies":[{"name":"wp","href":"https:\/\/api.w.org\/{rel}","templated":true}]}}