{"id":54131,"date":"2017-06-01T14:58:32","date_gmt":"2017-06-01T19:58:32","guid":{"rendered":"https:\/\/centrourbano.com\/?p=54131"},"modified":"2017-06-01T16:08:26","modified_gmt":"2017-06-01T21:08:26","slug":"firman-declaracion-favor-bonos-verdes","status":"publish","type":"post","link":"https:\/\/centrourbano.com\/revista\/actualidad\/firman-declaracion-favor-bonos-verdes\/","title":{"rendered":"Firman declaraci\u00f3n a favor de bonos verdes"},"content":{"rendered":"<p><em>Con el documento signado, los participantes reconocen el reto que representa el cambio clim\u00e1tico y se posicionan a favor de desarrollar un mercado local de bonos verdes<\/em><!--more--><\/p>\n<p>57 inversionistas que participan en el mercado de deuda de la Bolsa Mexicana de Valores, (BMV) y que en conjunto administran un fondo de 4 billones de pesos, firmaron este mi\u00e9rcoles una declaraci\u00f3n a favor del financiamiento de bonos verdes en M\u00e9xico.<\/p>\n<p>El documento signado, impulsado por la organizaci\u00f3n Climate Bonds Initiative, la Bolsa Mexicana de Valores (BMV) y M\u00c9XICO2, reconoce al cambio clim\u00e1tico como \u201cun importante riesgo para la sociedad, la econom\u00eda y para las inversiones que realizan en nombre de sus clientes y beneficiarios\u201d. <\/p>\n<p>De igual forma, en el documento, los inversionistas institucionales reconocer que para atacar el fen\u00f3meno son necesarias grandes inversiones en sectores estrat\u00e9gicos como energ\u00eda renovable, transporte bajo en carbono, infraestructura para agua y desechos. No obstante, aseguran, esta clase de inversiones \u201cpueden estructurarse como activos de inversi\u00f3n que ofrezcan el nivel de rendimiento y riesgo requerido para satisfacer sus necesidades\u201d. <\/p>\n<p>Con la firma del documento, los inversionistas se suman a la postura de alentar a las autoridades de gobierno y del sector financiero a considerar pol\u00edticas p\u00fablicas, reglamentos, mitigaci\u00f3n de riesgos y mecanismos que apoyen el desarrollo del mercado local de bonos verdes.<\/p>\n","protected":false},"excerpt":{"rendered":"<p>Con el documento signado, los participantes reconocen el reto que representa el cambio clim\u00e1tico y se posicionan a favor de desarrollar un mercado local de bonos verdes<\/p>\n","protected":false},"author":47,"featured_media":46551,"comment_status":"open","ping_status":"closed","sticky":false,"template":"","format":"standard","meta":{"om_disable_all_campaigns":false,"inline_featured_image":false,"_monsterinsights_skip_tracking":false,"_monsterinsights_sitenote_active":false,"_monsterinsights_sitenote_note":"","_monsterinsights_sitenote_category":0,"footnotes":""},"categories":[80],"tags":[407,7239,191],"class_list":["post-54131","post","type-post","status-publish","format-standard","has-post-thumbnail","hentry","category-actualidad","tag-bmv","tag-bonos-verdes","tag-inversionistas"],"yoast_head":"<!-- This site is optimized with the Yoast SEO plugin v27.4 - https:\/\/yoast.com\/product\/yoast-seo-wordpress\/ -->\n<title>Firman declaraci\u00f3n a favor de bonos verdes -<\/title>\n<meta name=\"description\" content=\"57 inversionistas que participan en el mercado de deuda de la Bolsa Mexicana de Valores, (BMV) y que en conjunto administran un fondo de 4 billones de pesos, firmaron este mi\u00e9rcoles una declaraci\u00f3n a favor del financiamiento de bonos verdes en M\u00e9xico.\" \/>\n<meta name=\"robots\" content=\"index, follow, max-snippet:-1, max-image-preview:large, max-video-preview:-1\" \/>\n<link rel=\"canonical\" href=\"https:\/\/centrourbano.com\/revista\/actualidad\/firman-declaracion-favor-bonos-verdes\/\" \/>\n<meta property=\"og:locale\" content=\"es_ES\" \/>\n<meta property=\"og:type\" content=\"article\" \/>\n<meta property=\"og:title\" content=\"Firman declaraci\u00f3n a favor de bonos verdes -\" \/>\n<meta property=\"og:description\" content=\"57 inversionistas que participan en el mercado de deuda de la Bolsa Mexicana de Valores, (BMV) y que en conjunto administran un fondo de 4 billones de pesos, firmaron este mi\u00e9rcoles una declaraci\u00f3n a favor del financiamiento de bonos verdes en M\u00e9xico.\" \/>\n<meta property=\"og:url\" content=\"https:\/\/centrourbano.com\/revista\/actualidad\/firman-declaracion-favor-bonos-verdes\/\" \/>\n<meta property=\"og:site_name\" content=\"Centro Urbano\" \/>\n<meta property=\"article:publisher\" content=\"https:\/\/www.facebook.com\/portalcentrourbano\" \/>\n<meta property=\"article:published_time\" content=\"2017-06-01T19:58:32+00:00\" \/>\n<meta property=\"article:modified_time\" content=\"2017-06-01T21:08:26+00:00\" \/>\n<meta property=\"og:image\" content=\"https:\/\/centrourbano.com\/revista\/wp-content\/uploads\/Planigrupoma.jpg\" \/>\n\t<meta property=\"og:image:width\" content=\"735\" \/>\n\t<meta property=\"og:image:height\" content=\"400\" \/>\n\t<meta property=\"og:image:type\" content=\"image\/jpeg\" \/>\n<meta name=\"author\" content=\"Edgar Rosas\" \/>\n<meta name=\"twitter:card\" content=\"summary_large_image\" \/>\n<meta name=\"twitter:creator\" content=\"@https:\/\/twitter.com\/ERosasCU?s=09\" \/>\n<meta name=\"twitter:site\" content=\"@CentroUrbano\" \/>\n<meta name=\"twitter:label1\" content=\"Escrito por\" \/>\n\t<meta name=\"twitter:data1\" content=\"Edgar Rosas\" \/>\n\t<meta name=\"twitter:label2\" content=\"Tiempo de lectura\" \/>\n\t<meta name=\"twitter:data2\" content=\"1 minuto\" \/>\n<script type=\"application\/ld+json\" class=\"yoast-schema-graph\">{\"@context\":\"https:\\\/\\\/schema.org\",\"@graph\":[{\"@type\":\"Article\",\"@id\":\"https:\\\/\\\/centrourbano.com\\\/revista\\\/actualidad\\\/firman-declaracion-favor-bonos-verdes\\\/#article\",\"isPartOf\":{\"@id\":\"https:\\\/\\\/centrourbano.com\\\/revista\\\/actualidad\\\/firman-declaracion-favor-bonos-verdes\\\/\"},\"author\":{\"name\":\"Edgar Rosas\",\"@id\":\"https:\\\/\\\/centrourbano.com\\\/revista\\\/#\\\/schema\\\/person\\\/ff3c00651ce5b1630479d2cd0c2e3ac0\"},\"headline\":\"Firman declaraci\u00f3n a favor de bonos verdes\",\"datePublished\":\"2017-06-01T19:58:32+00:00\",\"dateModified\":\"2017-06-01T21:08:26+00:00\",\"mainEntityOfPage\":{\"@id\":\"https:\\\/\\\/centrourbano.com\\\/revista\\\/actualidad\\\/firman-declaracion-favor-bonos-verdes\\\/\"},\"wordCount\":237,\"commentCount\":0,\"publisher\":{\"@id\":\"https:\\\/\\\/centrourbano.com\\\/revista\\\/#organization\"},\"image\":{\"@id\":\"https:\\\/\\\/centrourbano.com\\\/revista\\\/actualidad\\\/firman-declaracion-favor-bonos-verdes\\\/#primaryimage\"},\"thumbnailUrl\":\"https:\\\/\\\/centrourbano.com\\\/revista\\\/wp-content\\\/uploads\\\/Planigrupoma.jpg\",\"keywords\":[\"BMV\",\"bonos verdes\",\"inversionistas\"],\"articleSection\":[\"Actualidad\"],\"inLanguage\":\"es\",\"potentialAction\":[{\"@type\":\"CommentAction\",\"name\":\"Comment\",\"target\":[\"https:\\\/\\\/centrourbano.com\\\/revista\\\/actualidad\\\/firman-declaracion-favor-bonos-verdes\\\/#respond\"]}]},{\"@type\":\"WebPage\",\"@id\":\"https:\\\/\\\/centrourbano.com\\\/revista\\\/actualidad\\\/firman-declaracion-favor-bonos-verdes\\\/\",\"url\":\"https:\\\/\\\/centrourbano.com\\\/revista\\\/actualidad\\\/firman-declaracion-favor-bonos-verdes\\\/\",\"name\":\"Firman declaraci\u00f3n a favor de bonos verdes -\",\"isPartOf\":{\"@id\":\"https:\\\/\\\/centrourbano.com\\\/revista\\\/#website\"},\"primaryImageOfPage\":{\"@id\":\"https:\\\/\\\/centrourbano.com\\\/revista\\\/actualidad\\\/firman-declaracion-favor-bonos-verdes\\\/#primaryimage\"},\"image\":{\"@id\":\"https:\\\/\\\/centrourbano.com\\\/revista\\\/actualidad\\\/firman-declaracion-favor-bonos-verdes\\\/#primaryimage\"},\"thumbnailUrl\":\"https:\\\/\\\/centrourbano.com\\\/revista\\\/wp-content\\\/uploads\\\/Planigrupoma.jpg\",\"datePublished\":\"2017-06-01T19:58:32+00:00\",\"dateModified\":\"2017-06-01T21:08:26+00:00\",\"description\":\"57 inversionistas que participan en el mercado de deuda de la Bolsa Mexicana de Valores, (BMV) y que en conjunto administran un fondo de 4 billones de pesos, firmaron este mi\u00e9rcoles una declaraci\u00f3n a favor del financiamiento de bonos verdes en M\u00e9xico.\",\"breadcrumb\":{\"@id\":\"https:\\\/\\\/centrourbano.com\\\/revista\\\/actualidad\\\/firman-declaracion-favor-bonos-verdes\\\/#breadcrumb\"},\"inLanguage\":\"es\",\"potentialAction\":[{\"@type\":\"ReadAction\",\"target\":[\"https:\\\/\\\/centrourbano.com\\\/revista\\\/actualidad\\\/firman-declaracion-favor-bonos-verdes\\\/\"]}]},{\"@type\":\"ImageObject\",\"inLanguage\":\"es\",\"@id\":\"https:\\\/\\\/centrourbano.com\\\/revista\\\/actualidad\\\/firman-declaracion-favor-bonos-verdes\\\/#primaryimage\",\"url\":\"https:\\\/\\\/centrourbano.com\\\/revista\\\/wp-content\\\/uploads\\\/Planigrupoma.jpg\",\"contentUrl\":\"https:\\\/\\\/centrourbano.com\\\/revista\\\/wp-content\\\/uploads\\\/Planigrupoma.jpg\",\"width\":735,\"height\":400,\"caption\":\"La nueva generaci\u00f3n de la Escuela Bolsa Mexicana estar\u00e1 integrada por 30 j\u00f3venes\"},{\"@type\":\"BreadcrumbList\",\"@id\":\"https:\\\/\\\/centrourbano.com\\\/revista\\\/actualidad\\\/firman-declaracion-favor-bonos-verdes\\\/#breadcrumb\",\"itemListElement\":[{\"@type\":\"ListItem\",\"position\":1,\"name\":\"Portada\",\"item\":\"https:\\\/\\\/centrourbano.com\\\/revista\\\/\"},{\"@type\":\"ListItem\",\"position\":2,\"name\":\"Firman declaraci\u00f3n a favor de bonos verdes\"}]},{\"@type\":\"WebSite\",\"@id\":\"https:\\\/\\\/centrourbano.com\\\/revista\\\/#website\",\"url\":\"https:\\\/\\\/centrourbano.com\\\/revista\\\/\",\"name\":\"Centro Urbano\",\"description\":\"Medio especializado en los sectores vivienda, inmobiliario, construcci\u00f3n, arquitectura y urbanismo.\",\"publisher\":{\"@id\":\"https:\\\/\\\/centrourbano.com\\\/revista\\\/#organization\"},\"potentialAction\":[{\"@type\":\"SearchAction\",\"target\":{\"@type\":\"EntryPoint\",\"urlTemplate\":\"https:\\\/\\\/centrourbano.com\\\/revista\\\/?s={search_term_string}\"},\"query-input\":{\"@type\":\"PropertyValueSpecification\",\"valueRequired\":true,\"valueName\":\"search_term_string\"}}],\"inLanguage\":\"es\"},{\"@type\":\"Organization\",\"@id\":\"https:\\\/\\\/centrourbano.com\\\/revista\\\/#organization\",\"name\":\"Centro Urbano\",\"url\":\"https:\\\/\\\/centrourbano.com\\\/revista\\\/\",\"logo\":{\"@type\":\"ImageObject\",\"inLanguage\":\"es\",\"@id\":\"https:\\\/\\\/centrourbano.com\\\/revista\\\/#\\\/schema\\\/logo\\\/image\\\/\",\"url\":\"https:\\\/\\\/centrourbano.com\\\/revista\\\/wp-content\\\/uploads\\\/web_CU_logo-1.png\",\"contentUrl\":\"https:\\\/\\\/centrourbano.com\\\/revista\\\/wp-content\\\/uploads\\\/web_CU_logo-1.png\",\"width\":350,\"height\":91,\"caption\":\"Centro Urbano\"},\"image\":{\"@id\":\"https:\\\/\\\/centrourbano.com\\\/revista\\\/#\\\/schema\\\/logo\\\/image\\\/\"},\"sameAs\":[\"https:\\\/\\\/www.facebook.com\\\/portalcentrourbano\",\"https:\\\/\\\/x.com\\\/CentroUrbano\",\"https:\\\/\\\/www.instagram.com\\\/centro_urbano\\\/\",\"https:\\\/\\\/www.linkedin.com\\\/company\\\/centro-urbano\\\/\",\"http:\\\/\\\/www.youtube.com\\\/user\\\/portalcentrourbano\"]},{\"@type\":\"Person\",\"@id\":\"https:\\\/\\\/centrourbano.com\\\/revista\\\/#\\\/schema\\\/person\\\/ff3c00651ce5b1630479d2cd0c2e3ac0\",\"name\":\"Edgar Rosas\",\"image\":{\"@type\":\"ImageObject\",\"inLanguage\":\"es\",\"@id\":\"https:\\\/\\\/secure.gravatar.com\\\/avatar\\\/94440c4283495211faa5300bf85e80061036b83fced868c3783aa1310b350d9c?s=96&d=mm&r=g\",\"url\":\"https:\\\/\\\/secure.gravatar.com\\\/avatar\\\/94440c4283495211faa5300bf85e80061036b83fced868c3783aa1310b350d9c?s=96&d=mm&r=g\",\"contentUrl\":\"https:\\\/\\\/secure.gravatar.com\\\/avatar\\\/94440c4283495211faa5300bf85e80061036b83fced868c3783aa1310b350d9c?s=96&d=mm&r=g\",\"caption\":\"Edgar Rosas\"},\"description\":\"Editor en Jefe de Centro Urbano. Egresado de la maestr\u00eda en Periodismo Pol\u00edtico de la Escuela de Periodismo Carlos Septi\u00e9n Garc\u00eda (EPCSG). Estudi\u00f3 la licenciatura en Comunicaci\u00f3n en la Universidad Mexicana. Amante de la cr\u00f3nica y el reportaje. Admirador de Vicente Le\u00f1ero y Miguel \u00c1ngel Granados Chapa.\",\"sameAs\":[\"https:\\\/\\\/x.com\\\/https:\\\/\\\/twitter.com\\\/ERosasCU?s=09\"],\"url\":\"https:\\\/\\\/centrourbano.com\\\/revista\\\/author\\\/edgar-rosas\\\/\"}]}<\/script>\n<!-- \/ Yoast SEO plugin. -->","yoast_head_json":{"title":"Firman declaraci\u00f3n a favor de bonos verdes -","description":"57 inversionistas que participan en el mercado de deuda de la Bolsa Mexicana de Valores, (BMV) y que en conjunto administran un fondo de 4 billones de pesos, firmaron este mi\u00e9rcoles una declaraci\u00f3n a favor del financiamiento de bonos verdes en M\u00e9xico.","robots":{"index":"index","follow":"follow","max-snippet":"max-snippet:-1","max-image-preview":"max-image-preview:large","max-video-preview":"max-video-preview:-1"},"canonical":"https:\/\/centrourbano.com\/revista\/actualidad\/firman-declaracion-favor-bonos-verdes\/","og_locale":"es_ES","og_type":"article","og_title":"Firman declaraci\u00f3n a favor de bonos verdes -","og_description":"57 inversionistas que participan en el mercado de deuda de la Bolsa Mexicana de Valores, (BMV) y que en conjunto administran un fondo de 4 billones de pesos, firmaron este mi\u00e9rcoles una declaraci\u00f3n a favor del financiamiento de bonos verdes en M\u00e9xico.","og_url":"https:\/\/centrourbano.com\/revista\/actualidad\/firman-declaracion-favor-bonos-verdes\/","og_site_name":"Centro Urbano","article_publisher":"https:\/\/www.facebook.com\/portalcentrourbano","article_published_time":"2017-06-01T19:58:32+00:00","article_modified_time":"2017-06-01T21:08:26+00:00","og_image":[{"width":735,"height":400,"url":"https:\/\/centrourbano.com\/revista\/wp-content\/uploads\/Planigrupoma.jpg","type":"image\/jpeg"}],"author":"Edgar Rosas","twitter_card":"summary_large_image","twitter_creator":"@https:\/\/twitter.com\/ERosasCU?s=09","twitter_site":"@CentroUrbano","twitter_misc":{"Escrito por":"Edgar Rosas","Tiempo de lectura":"1 minuto"},"schema":{"@context":"https:\/\/schema.org","@graph":[{"@type":"Article","@id":"https:\/\/centrourbano.com\/revista\/actualidad\/firman-declaracion-favor-bonos-verdes\/#article","isPartOf":{"@id":"https:\/\/centrourbano.com\/revista\/actualidad\/firman-declaracion-favor-bonos-verdes\/"},"author":{"name":"Edgar Rosas","@id":"https:\/\/centrourbano.com\/revista\/#\/schema\/person\/ff3c00651ce5b1630479d2cd0c2e3ac0"},"headline":"Firman declaraci\u00f3n a favor de bonos verdes","datePublished":"2017-06-01T19:58:32+00:00","dateModified":"2017-06-01T21:08:26+00:00","mainEntityOfPage":{"@id":"https:\/\/centrourbano.com\/revista\/actualidad\/firman-declaracion-favor-bonos-verdes\/"},"wordCount":237,"commentCount":0,"publisher":{"@id":"https:\/\/centrourbano.com\/revista\/#organization"},"image":{"@id":"https:\/\/centrourbano.com\/revista\/actualidad\/firman-declaracion-favor-bonos-verdes\/#primaryimage"},"thumbnailUrl":"https:\/\/centrourbano.com\/revista\/wp-content\/uploads\/Planigrupoma.jpg","keywords":["BMV","bonos verdes","inversionistas"],"articleSection":["Actualidad"],"inLanguage":"es","potentialAction":[{"@type":"CommentAction","name":"Comment","target":["https:\/\/centrourbano.com\/revista\/actualidad\/firman-declaracion-favor-bonos-verdes\/#respond"]}]},{"@type":"WebPage","@id":"https:\/\/centrourbano.com\/revista\/actualidad\/firman-declaracion-favor-bonos-verdes\/","url":"https:\/\/centrourbano.com\/revista\/actualidad\/firman-declaracion-favor-bonos-verdes\/","name":"Firman declaraci\u00f3n a favor de bonos verdes -","isPartOf":{"@id":"https:\/\/centrourbano.com\/revista\/#website"},"primaryImageOfPage":{"@id":"https:\/\/centrourbano.com\/revista\/actualidad\/firman-declaracion-favor-bonos-verdes\/#primaryimage"},"image":{"@id":"https:\/\/centrourbano.com\/revista\/actualidad\/firman-declaracion-favor-bonos-verdes\/#primaryimage"},"thumbnailUrl":"https:\/\/centrourbano.com\/revista\/wp-content\/uploads\/Planigrupoma.jpg","datePublished":"2017-06-01T19:58:32+00:00","dateModified":"2017-06-01T21:08:26+00:00","description":"57 inversionistas que participan en el mercado de deuda de la Bolsa Mexicana de Valores, (BMV) y que en conjunto administran un fondo de 4 billones de pesos, firmaron este mi\u00e9rcoles una declaraci\u00f3n a favor del financiamiento de bonos verdes en M\u00e9xico.","breadcrumb":{"@id":"https:\/\/centrourbano.com\/revista\/actualidad\/firman-declaracion-favor-bonos-verdes\/#breadcrumb"},"inLanguage":"es","potentialAction":[{"@type":"ReadAction","target":["https:\/\/centrourbano.com\/revista\/actualidad\/firman-declaracion-favor-bonos-verdes\/"]}]},{"@type":"ImageObject","inLanguage":"es","@id":"https:\/\/centrourbano.com\/revista\/actualidad\/firman-declaracion-favor-bonos-verdes\/#primaryimage","url":"https:\/\/centrourbano.com\/revista\/wp-content\/uploads\/Planigrupoma.jpg","contentUrl":"https:\/\/centrourbano.com\/revista\/wp-content\/uploads\/Planigrupoma.jpg","width":735,"height":400,"caption":"La nueva generaci\u00f3n de la Escuela Bolsa Mexicana estar\u00e1 integrada por 30 j\u00f3venes"},{"@type":"BreadcrumbList","@id":"https:\/\/centrourbano.com\/revista\/actualidad\/firman-declaracion-favor-bonos-verdes\/#breadcrumb","itemListElement":[{"@type":"ListItem","position":1,"name":"Portada","item":"https:\/\/centrourbano.com\/revista\/"},{"@type":"ListItem","position":2,"name":"Firman declaraci\u00f3n a favor de bonos verdes"}]},{"@type":"WebSite","@id":"https:\/\/centrourbano.com\/revista\/#website","url":"https:\/\/centrourbano.com\/revista\/","name":"Centro Urbano","description":"Medio especializado en los sectores vivienda, inmobiliario, construcci\u00f3n, arquitectura y urbanismo.","publisher":{"@id":"https:\/\/centrourbano.com\/revista\/#organization"},"potentialAction":[{"@type":"SearchAction","target":{"@type":"EntryPoint","urlTemplate":"https:\/\/centrourbano.com\/revista\/?s={search_term_string}"},"query-input":{"@type":"PropertyValueSpecification","valueRequired":true,"valueName":"search_term_string"}}],"inLanguage":"es"},{"@type":"Organization","@id":"https:\/\/centrourbano.com\/revista\/#organization","name":"Centro Urbano","url":"https:\/\/centrourbano.com\/revista\/","logo":{"@type":"ImageObject","inLanguage":"es","@id":"https:\/\/centrourbano.com\/revista\/#\/schema\/logo\/image\/","url":"https:\/\/centrourbano.com\/revista\/wp-content\/uploads\/web_CU_logo-1.png","contentUrl":"https:\/\/centrourbano.com\/revista\/wp-content\/uploads\/web_CU_logo-1.png","width":350,"height":91,"caption":"Centro Urbano"},"image":{"@id":"https:\/\/centrourbano.com\/revista\/#\/schema\/logo\/image\/"},"sameAs":["https:\/\/www.facebook.com\/portalcentrourbano","https:\/\/x.com\/CentroUrbano","https:\/\/www.instagram.com\/centro_urbano\/","https:\/\/www.linkedin.com\/company\/centro-urbano\/","http:\/\/www.youtube.com\/user\/portalcentrourbano"]},{"@type":"Person","@id":"https:\/\/centrourbano.com\/revista\/#\/schema\/person\/ff3c00651ce5b1630479d2cd0c2e3ac0","name":"Edgar Rosas","image":{"@type":"ImageObject","inLanguage":"es","@id":"https:\/\/secure.gravatar.com\/avatar\/94440c4283495211faa5300bf85e80061036b83fced868c3783aa1310b350d9c?s=96&d=mm&r=g","url":"https:\/\/secure.gravatar.com\/avatar\/94440c4283495211faa5300bf85e80061036b83fced868c3783aa1310b350d9c?s=96&d=mm&r=g","contentUrl":"https:\/\/secure.gravatar.com\/avatar\/94440c4283495211faa5300bf85e80061036b83fced868c3783aa1310b350d9c?s=96&d=mm&r=g","caption":"Edgar Rosas"},"description":"Editor en Jefe de Centro Urbano. Egresado de la maestr\u00eda en Periodismo Pol\u00edtico de la Escuela de Periodismo Carlos Septi\u00e9n Garc\u00eda (EPCSG). Estudi\u00f3 la licenciatura en Comunicaci\u00f3n en la Universidad Mexicana. Amante de la cr\u00f3nica y el reportaje. Admirador de Vicente Le\u00f1ero y Miguel \u00c1ngel Granados Chapa.","sameAs":["https:\/\/x.com\/https:\/\/twitter.com\/ERosasCU?s=09"],"url":"https:\/\/centrourbano.com\/revista\/author\/edgar-rosas\/"}]}},"_links":{"self":[{"href":"https:\/\/centrourbano.com\/revista\/wp-json\/wp\/v2\/posts\/54131","targetHints":{"allow":["GET"]}}],"collection":[{"href":"https:\/\/centrourbano.com\/revista\/wp-json\/wp\/v2\/posts"}],"about":[{"href":"https:\/\/centrourbano.com\/revista\/wp-json\/wp\/v2\/types\/post"}],"author":[{"embeddable":true,"href":"https:\/\/centrourbano.com\/revista\/wp-json\/wp\/v2\/users\/47"}],"replies":[{"embeddable":true,"href":"https:\/\/centrourbano.com\/revista\/wp-json\/wp\/v2\/comments?post=54131"}],"version-history":[{"count":0,"href":"https:\/\/centrourbano.com\/revista\/wp-json\/wp\/v2\/posts\/54131\/revisions"}],"wp:featuredmedia":[{"embeddable":true,"href":"https:\/\/centrourbano.com\/revista\/wp-json\/wp\/v2\/media\/46551"}],"wp:attachment":[{"href":"https:\/\/centrourbano.com\/revista\/wp-json\/wp\/v2\/media?parent=54131"}],"wp:term":[{"taxonomy":"category","embeddable":true,"href":"https:\/\/centrourbano.com\/revista\/wp-json\/wp\/v2\/categories?post=54131"},{"taxonomy":"post_tag","embeddable":true,"href":"https:\/\/centrourbano.com\/revista\/wp-json\/wp\/v2\/tags?post=54131"}],"curies":[{"name":"wp","href":"https:\/\/api.w.org\/{rel}","templated":true}]}}