{"id":54126,"date":"2017-06-01T14:56:00","date_gmt":"2017-06-01T19:56:00","guid":{"rendered":"https:\/\/centrourbano.com\/?p=54126"},"modified":"2017-06-01T14:56:00","modified_gmt":"2017-06-01T19:56:00","slug":"inauguran-aula-movil-jacarandas","status":"publish","type":"post","link":"https:\/\/centrourbano.com\/revista\/actualidad\/inauguran-aula-movil-jacarandas\/","title":{"rendered":"Inauguran Aula M\u00f3vil Jacarandas"},"content":{"rendered":"<p><em>Beneficiar\u00e1 a vecinos cercanos a la Territorial de Iztapalapa Oriente<\/em><br \/>\n<!--more--><\/p>\n<p>En la delegaci\u00f3n Iztapalapa, la Instituci\u00f3n de Asistencia Privada (IAP) Construyendo a M\u00e9xico Crecemos, inaugur\u00f3 su Aula M\u00f3vil Jacarandas, en la que los vecinos de la colonia Solidaridad pueden ir a tomar cursos de educaci\u00f3n b\u00e1sica, alfabetizaci\u00f3n o aprender alg\u00fan oficio, como alba\u00f1iler\u00eda, plomer\u00eda o electricidad. <\/p>\n<p>En la inauguraci\u00f3n estuvieron Gonzalo Esteva, director general de Construyendo a M\u00e9xico Crecemos; Jessica Pool, analista de Impacto Social de Promotora Social M\u00e9xico; V\u00edctor Hugo Ibarra, director Territorial de Iztapalapa Oriente y Wilber S\u00e1nchez, coordinador Territorial del Instituto Nacional para la Educaci\u00f3n de los Adultos (INEA). <\/p>\n<p>\u201cSiempre es un gusto estar en estas inauguraciones, pero el mayor gusto es cuando tenemos los eventos de graduaci\u00f3n, en donde se reconoce el esfuerzo de todos los que quisieron venir a estudiar. Esta aula es un esfuerzo del INEA, de la delegaci\u00f3n que nos facilit\u00f3 el espacio; tambi\u00e9n gracias al apoyo fundamental de la iniciativa privada, de Promotora Social, pero sin duda esto no es posible sin la gente que la utiliza\u201d, dijo Esteva. <\/p>\n<p>Jessica Pool agradeci\u00f3 a la fundaci\u00f3n y reconoci\u00f3 el trabajo que realizan, no s\u00f3lo por los trabajadores de la construcci\u00f3n, sino de la poblaci\u00f3n en general con esta aula. <\/p>\n<p>\u201cCreemos firmemente que la educaci\u00f3n es un pilar fundamental para lograr el desarrollo social, por lo que su labor es un detonante de cambios sociales, creemos en su proyecto y por eso lo apoyamos\u201d. <\/p>\n<p>En su participaci\u00f3n, Ibarra explic\u00f3 que la Territorial de Iztapalapa Oriente es la primera en contar con un aula de este tipo, por lo que los vecinos ya no tendr\u00e1n que trasladarse grandes distancias para estudiar. <\/p>\n<p>\u201cMuy cerca de sus casas podr\u00e1n estudiar la primaria, la secundaria o la preparatoria y algunos oficios. Ahora invitamos a los vecinos y trabajadores para que vengan y aprovechen que no hay costo en los estudios\u201d. <\/p>\n<p>Wilber S\u00e1nchez felicit\u00f3 a los asistentes por decidirse a continuar o iniciar sus estudios, \u201ccon esto van a iniciar un nuevo camino, la suma de todos estos esfuerzos es para beneficio de ustedes, para que vean que s\u00ed se puede, pero el mejor mensaje que les podemos dar desde el INEA es que ustedes digan: Yo s\u00e9 que puedo\u201d. <\/p>\n<p><strong>Quiero saber usar la computadora<\/strong> <\/p>\n<p>El se\u00f1or Armando Maga\u00f1a es trabajador en el \u00e1rea de alumbrado p\u00fablico en la delegaci\u00f3n, pidi\u00f3 informes y decidi\u00f3 inscribirse a clases de computaci\u00f3n, incluso fue una de las personas que ayud\u00f3 con la instalaci\u00f3n el\u00e9ctrica del aula. <\/p>\n<p>\u201cLa verdad es que ni el celular lo s\u00e9 usar, menos la computadora. Aunque a veces me dicen c\u00f3mo se usa, luego se me olvida, por eso quiero esforzarme para aprender porque es necesario y s\u00e9 que la computadora es una cosa bonita, porque te puedes meter hasta otros pa\u00edses, para m\u00ed eso es bonito.<\/p>\n<p>\u201cPero ni s\u00e9 c\u00f3mo se prende la computadora, si est\u00e1 la oportunidad aqu\u00ed para aprender hay que aprovecharla, cuando se tienen ganas lo logra uno y eso es lo que me ha hecho que me animara a querer saber usar la computadora, que tal que hasta acabo la primaria\u201d.  <\/p>\n","protected":false},"excerpt":{"rendered":"<p>Beneficiar\u00e1 a vecinos cercanos a la Territorial de Iztapalapa Oriente<\/p>\n","protected":false},"author":37,"featured_media":54129,"comment_status":"open","ping_status":"closed","sticky":false,"template":"","format":"standard","meta":{"om_disable_all_campaigns":false,"inline_featured_image":false,"_monsterinsights_skip_tracking":false,"_monsterinsights_sitenote_active":false,"_monsterinsights_sitenote_note":"","_monsterinsights_sitenote_category":0,"footnotes":""},"categories":[80],"tags":[],"class_list":["post-54126","post","type-post","status-publish","format-standard","has-post-thumbnail","hentry","category-actualidad"],"yoast_head":"<!-- This site is optimized with the Yoast SEO plugin v27.4 - https:\/\/yoast.com\/product\/yoast-seo-wordpress\/ -->\n<title>Inauguran Aula M\u00f3vil Jacarandas -<\/title>\n<meta name=\"description\" content=\"En la delegaci\u00f3n Iztapalapa, la Instituci\u00f3n de Asistencia Privada (IAP) Construyendo a M\u00e9xico Crecemos, inaugur\u00f3 su Aula M\u00f3vil Jacarandas, en la que los vecinos de la colonia Solidaridad pueden ir a tomar cursos de educaci\u00f3n b\u00e1sica, alfabetizaci\u00f3n o aprender alg\u00fan oficio, como alba\u00f1iler\u00eda, plomer\u00eda o electricidad.\" \/>\n<meta name=\"robots\" content=\"index, follow, max-snippet:-1, max-image-preview:large, max-video-preview:-1\" \/>\n<link rel=\"canonical\" href=\"https:\/\/centrourbano.com\/revista\/actualidad\/inauguran-aula-movil-jacarandas\/\" \/>\n<meta property=\"og:locale\" content=\"es_ES\" \/>\n<meta property=\"og:type\" content=\"article\" \/>\n<meta property=\"og:title\" content=\"Inauguran Aula M\u00f3vil Jacarandas -\" \/>\n<meta property=\"og:description\" content=\"En la delegaci\u00f3n Iztapalapa, la Instituci\u00f3n de Asistencia Privada (IAP) Construyendo a M\u00e9xico Crecemos, inaugur\u00f3 su Aula M\u00f3vil Jacarandas, en la que los vecinos de la colonia Solidaridad pueden ir a tomar cursos de educaci\u00f3n b\u00e1sica, alfabetizaci\u00f3n o aprender alg\u00fan oficio, como alba\u00f1iler\u00eda, plomer\u00eda o electricidad.\" \/>\n<meta property=\"og:url\" content=\"https:\/\/centrourbano.com\/revista\/actualidad\/inauguran-aula-movil-jacarandas\/\" \/>\n<meta property=\"og:site_name\" content=\"Centro Urbano\" \/>\n<meta property=\"article:publisher\" content=\"https:\/\/www.facebook.com\/portalcentrourbano\" \/>\n<meta property=\"article:published_time\" content=\"2017-06-01T19:56:00+00:00\" \/>\n<meta property=\"og:image\" content=\"https:\/\/centrourbano.com\/revista\/wp-content\/uploads\/jacarandas.jpg\" \/>\n\t<meta property=\"og:image:width\" content=\"1800\" \/>\n\t<meta property=\"og:image:height\" content=\"1350\" \/>\n\t<meta property=\"og:image:type\" content=\"image\/jpeg\" \/>\n<meta name=\"author\" content=\"Diego Rodr\u00edguez\" \/>\n<meta name=\"twitter:card\" content=\"summary_large_image\" \/>\n<meta name=\"twitter:creator\" content=\"@CentroUrbano\" \/>\n<meta name=\"twitter:site\" content=\"@CentroUrbano\" \/>\n<meta name=\"twitter:label1\" content=\"Escrito por\" \/>\n\t<meta name=\"twitter:data1\" content=\"Diego Rodr\u00edguez\" \/>\n\t<meta name=\"twitter:label2\" content=\"Tiempo de lectura\" \/>\n\t<meta name=\"twitter:data2\" content=\"3 minutos\" \/>\n<script type=\"application\/ld+json\" class=\"yoast-schema-graph\">{\"@context\":\"https:\\\/\\\/schema.org\",\"@graph\":[{\"@type\":\"Article\",\"@id\":\"https:\\\/\\\/centrourbano.com\\\/revista\\\/actualidad\\\/inauguran-aula-movil-jacarandas\\\/#article\",\"isPartOf\":{\"@id\":\"https:\\\/\\\/centrourbano.com\\\/revista\\\/actualidad\\\/inauguran-aula-movil-jacarandas\\\/\"},\"author\":{\"name\":\"Diego Rodr\u00edguez\",\"@id\":\"https:\\\/\\\/centrourbano.com\\\/revista\\\/#\\\/schema\\\/person\\\/b50192a3cd0e680841b45dc537f53970\"},\"headline\":\"Inauguran Aula M\u00f3vil Jacarandas\",\"datePublished\":\"2017-06-01T19:56:00+00:00\",\"mainEntityOfPage\":{\"@id\":\"https:\\\/\\\/centrourbano.com\\\/revista\\\/actualidad\\\/inauguran-aula-movil-jacarandas\\\/\"},\"wordCount\":562,\"commentCount\":0,\"publisher\":{\"@id\":\"https:\\\/\\\/centrourbano.com\\\/revista\\\/#organization\"},\"image\":{\"@id\":\"https:\\\/\\\/centrourbano.com\\\/revista\\\/actualidad\\\/inauguran-aula-movil-jacarandas\\\/#primaryimage\"},\"thumbnailUrl\":\"https:\\\/\\\/centrourbano.com\\\/revista\\\/wp-content\\\/uploads\\\/jacarandas.jpg\",\"articleSection\":[\"Actualidad\"],\"inLanguage\":\"es\",\"potentialAction\":[{\"@type\":\"CommentAction\",\"name\":\"Comment\",\"target\":[\"https:\\\/\\\/centrourbano.com\\\/revista\\\/actualidad\\\/inauguran-aula-movil-jacarandas\\\/#respond\"]}]},{\"@type\":\"WebPage\",\"@id\":\"https:\\\/\\\/centrourbano.com\\\/revista\\\/actualidad\\\/inauguran-aula-movil-jacarandas\\\/\",\"url\":\"https:\\\/\\\/centrourbano.com\\\/revista\\\/actualidad\\\/inauguran-aula-movil-jacarandas\\\/\",\"name\":\"Inauguran Aula M\u00f3vil Jacarandas -\",\"isPartOf\":{\"@id\":\"https:\\\/\\\/centrourbano.com\\\/revista\\\/#website\"},\"primaryImageOfPage\":{\"@id\":\"https:\\\/\\\/centrourbano.com\\\/revista\\\/actualidad\\\/inauguran-aula-movil-jacarandas\\\/#primaryimage\"},\"image\":{\"@id\":\"https:\\\/\\\/centrourbano.com\\\/revista\\\/actualidad\\\/inauguran-aula-movil-jacarandas\\\/#primaryimage\"},\"thumbnailUrl\":\"https:\\\/\\\/centrourbano.com\\\/revista\\\/wp-content\\\/uploads\\\/jacarandas.jpg\",\"datePublished\":\"2017-06-01T19:56:00+00:00\",\"description\":\"En la delegaci\u00f3n Iztapalapa, la Instituci\u00f3n de Asistencia Privada (IAP) Construyendo a M\u00e9xico Crecemos, inaugur\u00f3 su Aula M\u00f3vil Jacarandas, en la que los vecinos de la colonia Solidaridad pueden ir a tomar cursos de educaci\u00f3n b\u00e1sica, alfabetizaci\u00f3n o aprender alg\u00fan oficio, como alba\u00f1iler\u00eda, plomer\u00eda o electricidad.\",\"breadcrumb\":{\"@id\":\"https:\\\/\\\/centrourbano.com\\\/revista\\\/actualidad\\\/inauguran-aula-movil-jacarandas\\\/#breadcrumb\"},\"inLanguage\":\"es\",\"potentialAction\":[{\"@type\":\"ReadAction\",\"target\":[\"https:\\\/\\\/centrourbano.com\\\/revista\\\/actualidad\\\/inauguran-aula-movil-jacarandas\\\/\"]}]},{\"@type\":\"ImageObject\",\"inLanguage\":\"es\",\"@id\":\"https:\\\/\\\/centrourbano.com\\\/revista\\\/actualidad\\\/inauguran-aula-movil-jacarandas\\\/#primaryimage\",\"url\":\"https:\\\/\\\/centrourbano.com\\\/revista\\\/wp-content\\\/uploads\\\/jacarandas.jpg\",\"contentUrl\":\"https:\\\/\\\/centrourbano.com\\\/revista\\\/wp-content\\\/uploads\\\/jacarandas.jpg\",\"width\":1800,\"height\":1350,\"caption\":\"Beneficiar\u00e1 a vecinos cercanos a la Territorial de Iztapalapa Oriente\"},{\"@type\":\"BreadcrumbList\",\"@id\":\"https:\\\/\\\/centrourbano.com\\\/revista\\\/actualidad\\\/inauguran-aula-movil-jacarandas\\\/#breadcrumb\",\"itemListElement\":[{\"@type\":\"ListItem\",\"position\":1,\"name\":\"Portada\",\"item\":\"https:\\\/\\\/centrourbano.com\\\/revista\\\/\"},{\"@type\":\"ListItem\",\"position\":2,\"name\":\"Inauguran Aula M\u00f3vil Jacarandas\"}]},{\"@type\":\"WebSite\",\"@id\":\"https:\\\/\\\/centrourbano.com\\\/revista\\\/#website\",\"url\":\"https:\\\/\\\/centrourbano.com\\\/revista\\\/\",\"name\":\"Centro Urbano\",\"description\":\"Medio especializado en los sectores vivienda, inmobiliario, construcci\u00f3n, arquitectura y urbanismo.\",\"publisher\":{\"@id\":\"https:\\\/\\\/centrourbano.com\\\/revista\\\/#organization\"},\"potentialAction\":[{\"@type\":\"SearchAction\",\"target\":{\"@type\":\"EntryPoint\",\"urlTemplate\":\"https:\\\/\\\/centrourbano.com\\\/revista\\\/?s={search_term_string}\"},\"query-input\":{\"@type\":\"PropertyValueSpecification\",\"valueRequired\":true,\"valueName\":\"search_term_string\"}}],\"inLanguage\":\"es\"},{\"@type\":\"Organization\",\"@id\":\"https:\\\/\\\/centrourbano.com\\\/revista\\\/#organization\",\"name\":\"Centro Urbano\",\"url\":\"https:\\\/\\\/centrourbano.com\\\/revista\\\/\",\"logo\":{\"@type\":\"ImageObject\",\"inLanguage\":\"es\",\"@id\":\"https:\\\/\\\/centrourbano.com\\\/revista\\\/#\\\/schema\\\/logo\\\/image\\\/\",\"url\":\"https:\\\/\\\/centrourbano.com\\\/revista\\\/wp-content\\\/uploads\\\/web_CU_logo-1.png\",\"contentUrl\":\"https:\\\/\\\/centrourbano.com\\\/revista\\\/wp-content\\\/uploads\\\/web_CU_logo-1.png\",\"width\":350,\"height\":91,\"caption\":\"Centro Urbano\"},\"image\":{\"@id\":\"https:\\\/\\\/centrourbano.com\\\/revista\\\/#\\\/schema\\\/logo\\\/image\\\/\"},\"sameAs\":[\"https:\\\/\\\/www.facebook.com\\\/portalcentrourbano\",\"https:\\\/\\\/x.com\\\/CentroUrbano\",\"https:\\\/\\\/www.instagram.com\\\/centro_urbano\\\/\",\"https:\\\/\\\/www.linkedin.com\\\/company\\\/centro-urbano\\\/\",\"http:\\\/\\\/www.youtube.com\\\/user\\\/portalcentrourbano\"]},{\"@type\":\"Person\",\"@id\":\"https:\\\/\\\/centrourbano.com\\\/revista\\\/#\\\/schema\\\/person\\\/b50192a3cd0e680841b45dc537f53970\",\"name\":\"Diego Rodr\u00edguez\",\"image\":{\"@type\":\"ImageObject\",\"inLanguage\":\"es\",\"@id\":\"https:\\\/\\\/secure.gravatar.com\\\/avatar\\\/d217565525df2df5d4e7265d47758506f41845ed9529510921a7625d8365789d?s=96&d=mm&r=g\",\"url\":\"https:\\\/\\\/secure.gravatar.com\\\/avatar\\\/d217565525df2df5d4e7265d47758506f41845ed9529510921a7625d8365789d?s=96&d=mm&r=g\",\"contentUrl\":\"https:\\\/\\\/secure.gravatar.com\\\/avatar\\\/d217565525df2df5d4e7265d47758506f41845ed9529510921a7625d8365789d?s=96&d=mm&r=g\",\"caption\":\"Diego Rodr\u00edguez\"},\"description\":\"Egresado de la Facultad de Estudios Superiores Acatl\u00e1n de la carrera en Comunicaci\u00f3n, con especialidad en medios escritos. Reportero del desaparecido peri\u00f3dico Nuestro M\u00e9xico, en donde cubri\u00f3 las fuentes delegacionales y Asamblea Legislativa. Tambi\u00e9n trabaj\u00f3 en la Coordinaci\u00f3n de Comunicaci\u00f3n Social en la delegaci\u00f3n \u00c1lvaro Obreg\u00f3n. Le gusta leer novelas y cuentos.\",\"url\":\"https:\\\/\\\/centrourbano.com\\\/revista\\\/author\\\/diegorodriguez\\\/\"}]}<\/script>\n<!-- \/ Yoast SEO plugin. -->","yoast_head_json":{"title":"Inauguran Aula M\u00f3vil Jacarandas -","description":"En la delegaci\u00f3n Iztapalapa, la Instituci\u00f3n de Asistencia Privada (IAP) Construyendo a M\u00e9xico Crecemos, inaugur\u00f3 su Aula M\u00f3vil Jacarandas, en la que los vecinos de la colonia Solidaridad pueden ir a tomar cursos de educaci\u00f3n b\u00e1sica, alfabetizaci\u00f3n o aprender alg\u00fan oficio, como alba\u00f1iler\u00eda, plomer\u00eda o electricidad.","robots":{"index":"index","follow":"follow","max-snippet":"max-snippet:-1","max-image-preview":"max-image-preview:large","max-video-preview":"max-video-preview:-1"},"canonical":"https:\/\/centrourbano.com\/revista\/actualidad\/inauguran-aula-movil-jacarandas\/","og_locale":"es_ES","og_type":"article","og_title":"Inauguran Aula M\u00f3vil Jacarandas -","og_description":"En la delegaci\u00f3n Iztapalapa, la Instituci\u00f3n de Asistencia Privada (IAP) Construyendo a M\u00e9xico Crecemos, inaugur\u00f3 su Aula M\u00f3vil Jacarandas, en la que los vecinos de la colonia Solidaridad pueden ir a tomar cursos de educaci\u00f3n b\u00e1sica, alfabetizaci\u00f3n o aprender alg\u00fan oficio, como alba\u00f1iler\u00eda, plomer\u00eda o electricidad.","og_url":"https:\/\/centrourbano.com\/revista\/actualidad\/inauguran-aula-movil-jacarandas\/","og_site_name":"Centro Urbano","article_publisher":"https:\/\/www.facebook.com\/portalcentrourbano","article_published_time":"2017-06-01T19:56:00+00:00","og_image":[{"width":1800,"height":1350,"url":"https:\/\/centrourbano.com\/revista\/wp-content\/uploads\/jacarandas.jpg","type":"image\/jpeg"}],"author":"Diego Rodr\u00edguez","twitter_card":"summary_large_image","twitter_creator":"@CentroUrbano","twitter_site":"@CentroUrbano","twitter_misc":{"Escrito por":"Diego Rodr\u00edguez","Tiempo de lectura":"3 minutos"},"schema":{"@context":"https:\/\/schema.org","@graph":[{"@type":"Article","@id":"https:\/\/centrourbano.com\/revista\/actualidad\/inauguran-aula-movil-jacarandas\/#article","isPartOf":{"@id":"https:\/\/centrourbano.com\/revista\/actualidad\/inauguran-aula-movil-jacarandas\/"},"author":{"name":"Diego Rodr\u00edguez","@id":"https:\/\/centrourbano.com\/revista\/#\/schema\/person\/b50192a3cd0e680841b45dc537f53970"},"headline":"Inauguran Aula M\u00f3vil Jacarandas","datePublished":"2017-06-01T19:56:00+00:00","mainEntityOfPage":{"@id":"https:\/\/centrourbano.com\/revista\/actualidad\/inauguran-aula-movil-jacarandas\/"},"wordCount":562,"commentCount":0,"publisher":{"@id":"https:\/\/centrourbano.com\/revista\/#organization"},"image":{"@id":"https:\/\/centrourbano.com\/revista\/actualidad\/inauguran-aula-movil-jacarandas\/#primaryimage"},"thumbnailUrl":"https:\/\/centrourbano.com\/revista\/wp-content\/uploads\/jacarandas.jpg","articleSection":["Actualidad"],"inLanguage":"es","potentialAction":[{"@type":"CommentAction","name":"Comment","target":["https:\/\/centrourbano.com\/revista\/actualidad\/inauguran-aula-movil-jacarandas\/#respond"]}]},{"@type":"WebPage","@id":"https:\/\/centrourbano.com\/revista\/actualidad\/inauguran-aula-movil-jacarandas\/","url":"https:\/\/centrourbano.com\/revista\/actualidad\/inauguran-aula-movil-jacarandas\/","name":"Inauguran Aula M\u00f3vil Jacarandas -","isPartOf":{"@id":"https:\/\/centrourbano.com\/revista\/#website"},"primaryImageOfPage":{"@id":"https:\/\/centrourbano.com\/revista\/actualidad\/inauguran-aula-movil-jacarandas\/#primaryimage"},"image":{"@id":"https:\/\/centrourbano.com\/revista\/actualidad\/inauguran-aula-movil-jacarandas\/#primaryimage"},"thumbnailUrl":"https:\/\/centrourbano.com\/revista\/wp-content\/uploads\/jacarandas.jpg","datePublished":"2017-06-01T19:56:00+00:00","description":"En la delegaci\u00f3n Iztapalapa, la Instituci\u00f3n de Asistencia Privada (IAP) Construyendo a M\u00e9xico Crecemos, inaugur\u00f3 su Aula M\u00f3vil Jacarandas, en la que los vecinos de la colonia Solidaridad pueden ir a tomar cursos de educaci\u00f3n b\u00e1sica, alfabetizaci\u00f3n o aprender alg\u00fan oficio, como alba\u00f1iler\u00eda, plomer\u00eda o electricidad.","breadcrumb":{"@id":"https:\/\/centrourbano.com\/revista\/actualidad\/inauguran-aula-movil-jacarandas\/#breadcrumb"},"inLanguage":"es","potentialAction":[{"@type":"ReadAction","target":["https:\/\/centrourbano.com\/revista\/actualidad\/inauguran-aula-movil-jacarandas\/"]}]},{"@type":"ImageObject","inLanguage":"es","@id":"https:\/\/centrourbano.com\/revista\/actualidad\/inauguran-aula-movil-jacarandas\/#primaryimage","url":"https:\/\/centrourbano.com\/revista\/wp-content\/uploads\/jacarandas.jpg","contentUrl":"https:\/\/centrourbano.com\/revista\/wp-content\/uploads\/jacarandas.jpg","width":1800,"height":1350,"caption":"Beneficiar\u00e1 a vecinos cercanos a la Territorial de Iztapalapa Oriente"},{"@type":"BreadcrumbList","@id":"https:\/\/centrourbano.com\/revista\/actualidad\/inauguran-aula-movil-jacarandas\/#breadcrumb","itemListElement":[{"@type":"ListItem","position":1,"name":"Portada","item":"https:\/\/centrourbano.com\/revista\/"},{"@type":"ListItem","position":2,"name":"Inauguran Aula M\u00f3vil Jacarandas"}]},{"@type":"WebSite","@id":"https:\/\/centrourbano.com\/revista\/#website","url":"https:\/\/centrourbano.com\/revista\/","name":"Centro Urbano","description":"Medio especializado en los sectores vivienda, inmobiliario, construcci\u00f3n, arquitectura y urbanismo.","publisher":{"@id":"https:\/\/centrourbano.com\/revista\/#organization"},"potentialAction":[{"@type":"SearchAction","target":{"@type":"EntryPoint","urlTemplate":"https:\/\/centrourbano.com\/revista\/?s={search_term_string}"},"query-input":{"@type":"PropertyValueSpecification","valueRequired":true,"valueName":"search_term_string"}}],"inLanguage":"es"},{"@type":"Organization","@id":"https:\/\/centrourbano.com\/revista\/#organization","name":"Centro Urbano","url":"https:\/\/centrourbano.com\/revista\/","logo":{"@type":"ImageObject","inLanguage":"es","@id":"https:\/\/centrourbano.com\/revista\/#\/schema\/logo\/image\/","url":"https:\/\/centrourbano.com\/revista\/wp-content\/uploads\/web_CU_logo-1.png","contentUrl":"https:\/\/centrourbano.com\/revista\/wp-content\/uploads\/web_CU_logo-1.png","width":350,"height":91,"caption":"Centro Urbano"},"image":{"@id":"https:\/\/centrourbano.com\/revista\/#\/schema\/logo\/image\/"},"sameAs":["https:\/\/www.facebook.com\/portalcentrourbano","https:\/\/x.com\/CentroUrbano","https:\/\/www.instagram.com\/centro_urbano\/","https:\/\/www.linkedin.com\/company\/centro-urbano\/","http:\/\/www.youtube.com\/user\/portalcentrourbano"]},{"@type":"Person","@id":"https:\/\/centrourbano.com\/revista\/#\/schema\/person\/b50192a3cd0e680841b45dc537f53970","name":"Diego Rodr\u00edguez","image":{"@type":"ImageObject","inLanguage":"es","@id":"https:\/\/secure.gravatar.com\/avatar\/d217565525df2df5d4e7265d47758506f41845ed9529510921a7625d8365789d?s=96&d=mm&r=g","url":"https:\/\/secure.gravatar.com\/avatar\/d217565525df2df5d4e7265d47758506f41845ed9529510921a7625d8365789d?s=96&d=mm&r=g","contentUrl":"https:\/\/secure.gravatar.com\/avatar\/d217565525df2df5d4e7265d47758506f41845ed9529510921a7625d8365789d?s=96&d=mm&r=g","caption":"Diego Rodr\u00edguez"},"description":"Egresado de la Facultad de Estudios Superiores Acatl\u00e1n de la carrera en Comunicaci\u00f3n, con especialidad en medios escritos. Reportero del desaparecido peri\u00f3dico Nuestro M\u00e9xico, en donde cubri\u00f3 las fuentes delegacionales y Asamblea Legislativa. Tambi\u00e9n trabaj\u00f3 en la Coordinaci\u00f3n de Comunicaci\u00f3n Social en la delegaci\u00f3n \u00c1lvaro Obreg\u00f3n. Le gusta leer novelas y cuentos.","url":"https:\/\/centrourbano.com\/revista\/author\/diegorodriguez\/"}]}},"_links":{"self":[{"href":"https:\/\/centrourbano.com\/revista\/wp-json\/wp\/v2\/posts\/54126","targetHints":{"allow":["GET"]}}],"collection":[{"href":"https:\/\/centrourbano.com\/revista\/wp-json\/wp\/v2\/posts"}],"about":[{"href":"https:\/\/centrourbano.com\/revista\/wp-json\/wp\/v2\/types\/post"}],"author":[{"embeddable":true,"href":"https:\/\/centrourbano.com\/revista\/wp-json\/wp\/v2\/users\/37"}],"replies":[{"embeddable":true,"href":"https:\/\/centrourbano.com\/revista\/wp-json\/wp\/v2\/comments?post=54126"}],"version-history":[{"count":0,"href":"https:\/\/centrourbano.com\/revista\/wp-json\/wp\/v2\/posts\/54126\/revisions"}],"wp:featuredmedia":[{"embeddable":true,"href":"https:\/\/centrourbano.com\/revista\/wp-json\/wp\/v2\/media\/54129"}],"wp:attachment":[{"href":"https:\/\/centrourbano.com\/revista\/wp-json\/wp\/v2\/media?parent=54126"}],"wp:term":[{"taxonomy":"category","embeddable":true,"href":"https:\/\/centrourbano.com\/revista\/wp-json\/wp\/v2\/categories?post=54126"},{"taxonomy":"post_tag","embeddable":true,"href":"https:\/\/centrourbano.com\/revista\/wp-json\/wp\/v2\/tags?post=54126"}],"curies":[{"name":"wp","href":"https:\/\/api.w.org\/{rel}","templated":true}]}}