{"id":54110,"date":"2017-06-01T10:47:50","date_gmt":"2017-06-01T15:47:50","guid":{"rendered":"https:\/\/centrourbano.com\/?p=54110"},"modified":"2017-06-01T10:47:50","modified_gmt":"2017-06-01T15:47:50","slug":"video-entrevista-juan-fernando-abusaid-ex-presidente-canadevi","status":"publish","type":"post","link":"https:\/\/centrourbano.com\/revista\/entrevistas\/video-entrevista-juan-fernando-abusaid-ex-presidente-canadevi\/","title":{"rendered":"#Video Entrevista Juan Fernando Abusaid, ex presidente Canadevi"},"content":{"rendered":"<p><iframe loading=\"lazy\" title=\"Entrevista Juan Fernando Abusaid, ex presidente Canadevi\" width=\"500\" height=\"281\" src=\"https:\/\/www.youtube.com\/embed\/TQJ3Nkki4gE?feature=oembed\" frameborder=\"0\" allow=\"accelerometer; autoplay; clipboard-write; encrypted-media; gyroscope; picture-in-picture; web-share\" referrerpolicy=\"strict-origin-when-cross-origin\" allowfullscreen><\/iframe><\/p>\n","protected":false},"excerpt":{"rendered":"","protected":false},"author":47,"featured_media":16860,"comment_status":"open","ping_status":"closed","sticky":false,"template":"","format":"standard","meta":{"om_disable_all_campaigns":false,"inline_featured_image":false,"_monsterinsights_skip_tracking":false,"_monsterinsights_sitenote_active":false,"_monsterinsights_sitenote_note":"","_monsterinsights_sitenote_category":0,"footnotes":""},"categories":[13],"tags":[2733,1239,455],"class_list":["post-54110","post","type-post","status-publish","format-standard","has-post-thumbnail","hentry","category-entrevistas","tag-centro-urbano","tag-entrevista","tag-fernando-abusaid"],"yoast_head":"<!-- This site is optimized with the Yoast SEO plugin v27.5 - https:\/\/yoast.com\/product\/yoast-seo-wordpress\/ -->\n<title>#Video Entrevista Juan Fernando Abusaid, ex presidente Canadevi -<\/title>\n<meta name=\"robots\" content=\"index, follow, max-snippet:-1, max-image-preview:large, max-video-preview:-1\" \/>\n<link rel=\"canonical\" href=\"https:\/\/centrourbano.com\/revista\/entrevistas\/video-entrevista-juan-fernando-abusaid-ex-presidente-canadevi\/\" \/>\n<meta property=\"og:locale\" content=\"es_ES\" \/>\n<meta property=\"og:type\" content=\"article\" \/>\n<meta property=\"og:title\" content=\"#Video Entrevista Juan Fernando Abusaid, ex presidente Canadevi -\" \/>\n<meta property=\"og:url\" content=\"https:\/\/centrourbano.com\/revista\/entrevistas\/video-entrevista-juan-fernando-abusaid-ex-presidente-canadevi\/\" \/>\n<meta property=\"og:site_name\" content=\"Centro Urbano\" \/>\n<meta property=\"article:publisher\" content=\"https:\/\/www.facebook.com\/portalcentrourbano\" \/>\n<meta property=\"article:published_time\" content=\"2017-06-01T15:47:50+00:00\" \/>\n<meta property=\"og:image\" content=\"https:\/\/centrourbano.com\/revista\/wp-content\/uploads\/FernandoAbusaid32-scaled.jpg\" \/>\n\t<meta property=\"og:image:width\" content=\"2560\" \/>\n\t<meta property=\"og:image:height\" content=\"1920\" \/>\n\t<meta property=\"og:image:type\" content=\"image\/jpeg\" \/>\n<meta name=\"author\" content=\"Edgar Rosas\" \/>\n<meta name=\"twitter:card\" content=\"summary_large_image\" \/>\n<meta name=\"twitter:creator\" content=\"@https:\/\/twitter.com\/ERosasCU?s=09\" \/>\n<meta name=\"twitter:site\" content=\"@CentroUrbano\" \/>\n<meta name=\"twitter:label1\" content=\"Escrito por\" \/>\n\t<meta name=\"twitter:data1\" content=\"Edgar Rosas\" \/>\n<script type=\"application\/ld+json\" class=\"yoast-schema-graph\">{\"@context\":\"https:\\\/\\\/schema.org\",\"@graph\":[{\"@type\":\"Article\",\"@id\":\"https:\\\/\\\/centrourbano.com\\\/revista\\\/entrevistas\\\/video-entrevista-juan-fernando-abusaid-ex-presidente-canadevi\\\/#article\",\"isPartOf\":{\"@id\":\"https:\\\/\\\/centrourbano.com\\\/revista\\\/entrevistas\\\/video-entrevista-juan-fernando-abusaid-ex-presidente-canadevi\\\/\"},\"author\":{\"name\":\"Edgar Rosas\",\"@id\":\"https:\\\/\\\/centrourbano.com\\\/revista\\\/#\\\/schema\\\/person\\\/131fd76fa17f4ca2c25c65a74d97c6b6\"},\"headline\":\"#Video Entrevista Juan Fernando Abusaid, ex presidente Canadevi\",\"datePublished\":\"2017-06-01T15:47:50+00:00\",\"mainEntityOfPage\":{\"@id\":\"https:\\\/\\\/centrourbano.com\\\/revista\\\/entrevistas\\\/video-entrevista-juan-fernando-abusaid-ex-presidente-canadevi\\\/\"},\"wordCount\":22,\"commentCount\":0,\"publisher\":{\"@id\":\"https:\\\/\\\/centrourbano.com\\\/revista\\\/#organization\"},\"image\":{\"@id\":\"https:\\\/\\\/centrourbano.com\\\/revista\\\/entrevistas\\\/video-entrevista-juan-fernando-abusaid-ex-presidente-canadevi\\\/#primaryimage\"},\"thumbnailUrl\":\"https:\\\/\\\/centrourbano.com\\\/revista\\\/wp-content\\\/uploads\\\/FernandoAbusaid32-scaled.jpg\",\"keywords\":[\"Centro Urbano\",\"Entrevista\",\"Fernando Abusaid\"],\"articleSection\":[\"Entrevistas\"],\"inLanguage\":\"es\",\"potentialAction\":[{\"@type\":\"CommentAction\",\"name\":\"Comment\",\"target\":[\"https:\\\/\\\/centrourbano.com\\\/revista\\\/entrevistas\\\/video-entrevista-juan-fernando-abusaid-ex-presidente-canadevi\\\/#respond\"]}]},{\"@type\":\"WebPage\",\"@id\":\"https:\\\/\\\/centrourbano.com\\\/revista\\\/entrevistas\\\/video-entrevista-juan-fernando-abusaid-ex-presidente-canadevi\\\/\",\"url\":\"https:\\\/\\\/centrourbano.com\\\/revista\\\/entrevistas\\\/video-entrevista-juan-fernando-abusaid-ex-presidente-canadevi\\\/\",\"name\":\"#Video Entrevista Juan Fernando Abusaid, ex presidente Canadevi -\",\"isPartOf\":{\"@id\":\"https:\\\/\\\/centrourbano.com\\\/revista\\\/#website\"},\"primaryImageOfPage\":{\"@id\":\"https:\\\/\\\/centrourbano.com\\\/revista\\\/entrevistas\\\/video-entrevista-juan-fernando-abusaid-ex-presidente-canadevi\\\/#primaryimage\"},\"image\":{\"@id\":\"https:\\\/\\\/centrourbano.com\\\/revista\\\/entrevistas\\\/video-entrevista-juan-fernando-abusaid-ex-presidente-canadevi\\\/#primaryimage\"},\"thumbnailUrl\":\"https:\\\/\\\/centrourbano.com\\\/revista\\\/wp-content\\\/uploads\\\/FernandoAbusaid32-scaled.jpg\",\"datePublished\":\"2017-06-01T15:47:50+00:00\",\"breadcrumb\":{\"@id\":\"https:\\\/\\\/centrourbano.com\\\/revista\\\/entrevistas\\\/video-entrevista-juan-fernando-abusaid-ex-presidente-canadevi\\\/#breadcrumb\"},\"inLanguage\":\"es\",\"potentialAction\":[{\"@type\":\"ReadAction\",\"target\":[\"https:\\\/\\\/centrourbano.com\\\/revista\\\/entrevistas\\\/video-entrevista-juan-fernando-abusaid-ex-presidente-canadevi\\\/\"]}]},{\"@type\":\"ImageObject\",\"inLanguage\":\"es\",\"@id\":\"https:\\\/\\\/centrourbano.com\\\/revista\\\/entrevistas\\\/video-entrevista-juan-fernando-abusaid-ex-presidente-canadevi\\\/#primaryimage\",\"url\":\"https:\\\/\\\/centrourbano.com\\\/revista\\\/wp-content\\\/uploads\\\/FernandoAbusaid32-scaled.jpg\",\"contentUrl\":\"https:\\\/\\\/centrourbano.com\\\/revista\\\/wp-content\\\/uploads\\\/FernandoAbusaid32-scaled.jpg\",\"width\":2560,\"height\":1920},{\"@type\":\"BreadcrumbList\",\"@id\":\"https:\\\/\\\/centrourbano.com\\\/revista\\\/entrevistas\\\/video-entrevista-juan-fernando-abusaid-ex-presidente-canadevi\\\/#breadcrumb\",\"itemListElement\":[{\"@type\":\"ListItem\",\"position\":1,\"name\":\"Portada\",\"item\":\"https:\\\/\\\/centrourbano.com\\\/revista\\\/\"},{\"@type\":\"ListItem\",\"position\":2,\"name\":\"#Video Entrevista Juan Fernando Abusaid, ex presidente Canadevi\"}]},{\"@type\":\"WebSite\",\"@id\":\"https:\\\/\\\/centrourbano.com\\\/revista\\\/#website\",\"url\":\"https:\\\/\\\/centrourbano.com\\\/revista\\\/\",\"name\":\"Centro Urbano\",\"description\":\"Medio especializado en los sectores vivienda, inmobiliario, construcci\u00f3n, arquitectura y urbanismo.\",\"publisher\":{\"@id\":\"https:\\\/\\\/centrourbano.com\\\/revista\\\/#organization\"},\"potentialAction\":[{\"@type\":\"SearchAction\",\"target\":{\"@type\":\"EntryPoint\",\"urlTemplate\":\"https:\\\/\\\/centrourbano.com\\\/revista\\\/?s={search_term_string}\"},\"query-input\":{\"@type\":\"PropertyValueSpecification\",\"valueRequired\":true,\"valueName\":\"search_term_string\"}}],\"inLanguage\":\"es\"},{\"@type\":\"Organization\",\"@id\":\"https:\\\/\\\/centrourbano.com\\\/revista\\\/#organization\",\"name\":\"Centro Urbano\",\"url\":\"https:\\\/\\\/centrourbano.com\\\/revista\\\/\",\"logo\":{\"@type\":\"ImageObject\",\"inLanguage\":\"es\",\"@id\":\"https:\\\/\\\/centrourbano.com\\\/revista\\\/#\\\/schema\\\/logo\\\/image\\\/\",\"url\":\"https:\\\/\\\/centrourbano.com\\\/revista\\\/wp-content\\\/uploads\\\/web_CU_logo-1.png\",\"contentUrl\":\"https:\\\/\\\/centrourbano.com\\\/revista\\\/wp-content\\\/uploads\\\/web_CU_logo-1.png\",\"width\":350,\"height\":91,\"caption\":\"Centro Urbano\"},\"image\":{\"@id\":\"https:\\\/\\\/centrourbano.com\\\/revista\\\/#\\\/schema\\\/logo\\\/image\\\/\"},\"sameAs\":[\"https:\\\/\\\/www.facebook.com\\\/portalcentrourbano\",\"https:\\\/\\\/x.com\\\/CentroUrbano\",\"https:\\\/\\\/www.instagram.com\\\/centro_urbano\\\/\",\"https:\\\/\\\/www.linkedin.com\\\/company\\\/centro-urbano\\\/\",\"http:\\\/\\\/www.youtube.com\\\/user\\\/portalcentrourbano\"]},{\"@type\":\"Person\",\"@id\":\"https:\\\/\\\/centrourbano.com\\\/revista\\\/#\\\/schema\\\/person\\\/131fd76fa17f4ca2c25c65a74d97c6b6\",\"name\":\"Edgar Rosas\",\"image\":{\"@type\":\"ImageObject\",\"inLanguage\":\"es\",\"@id\":\"https:\\\/\\\/secure.gravatar.com\\\/avatar\\\/94440c4283495211faa5300bf85e80061036b83fced868c3783aa1310b350d9c?s=96&d=mm&r=g\",\"url\":\"https:\\\/\\\/secure.gravatar.com\\\/avatar\\\/94440c4283495211faa5300bf85e80061036b83fced868c3783aa1310b350d9c?s=96&d=mm&r=g\",\"contentUrl\":\"https:\\\/\\\/secure.gravatar.com\\\/avatar\\\/94440c4283495211faa5300bf85e80061036b83fced868c3783aa1310b350d9c?s=96&d=mm&r=g\",\"caption\":\"Edgar Rosas\"},\"description\":\"Editor en Jefe de Centro Urbano. Egresado de la maestr\u00eda en Periodismo Pol\u00edtico de la Escuela de Periodismo Carlos Septi\u00e9n Garc\u00eda (EPCSG). Estudi\u00f3 la licenciatura en Comunicaci\u00f3n en la Universidad Mexicana. Amante de la cr\u00f3nica y el reportaje. Admirador de Vicente Le\u00f1ero y Miguel \u00c1ngel Granados Chapa.\",\"sameAs\":[\"https:\\\/\\\/x.com\\\/https:\\\/\\\/twitter.com\\\/ERosasCU?s=09\"],\"url\":\"https:\\\/\\\/centrourbano.com\\\/revista\\\/author\\\/edgar-rosas\\\/\"}]}<\/script>\n<!-- \/ Yoast SEO plugin. -->","yoast_head_json":{"title":"#Video Entrevista Juan Fernando Abusaid, ex presidente Canadevi -","robots":{"index":"index","follow":"follow","max-snippet":"max-snippet:-1","max-image-preview":"max-image-preview:large","max-video-preview":"max-video-preview:-1"},"canonical":"https:\/\/centrourbano.com\/revista\/entrevistas\/video-entrevista-juan-fernando-abusaid-ex-presidente-canadevi\/","og_locale":"es_ES","og_type":"article","og_title":"#Video Entrevista Juan Fernando Abusaid, ex presidente Canadevi -","og_url":"https:\/\/centrourbano.com\/revista\/entrevistas\/video-entrevista-juan-fernando-abusaid-ex-presidente-canadevi\/","og_site_name":"Centro Urbano","article_publisher":"https:\/\/www.facebook.com\/portalcentrourbano","article_published_time":"2017-06-01T15:47:50+00:00","og_image":[{"width":2560,"height":1920,"url":"https:\/\/centrourbano.com\/revista\/wp-content\/uploads\/FernandoAbusaid32-scaled.jpg","type":"image\/jpeg"}],"author":"Edgar Rosas","twitter_card":"summary_large_image","twitter_creator":"@https:\/\/twitter.com\/ERosasCU?s=09","twitter_site":"@CentroUrbano","twitter_misc":{"Escrito por":"Edgar Rosas"},"schema":{"@context":"https:\/\/schema.org","@graph":[{"@type":"Article","@id":"https:\/\/centrourbano.com\/revista\/entrevistas\/video-entrevista-juan-fernando-abusaid-ex-presidente-canadevi\/#article","isPartOf":{"@id":"https:\/\/centrourbano.com\/revista\/entrevistas\/video-entrevista-juan-fernando-abusaid-ex-presidente-canadevi\/"},"author":{"name":"Edgar Rosas","@id":"https:\/\/centrourbano.com\/revista\/#\/schema\/person\/131fd76fa17f4ca2c25c65a74d97c6b6"},"headline":"#Video Entrevista Juan Fernando Abusaid, ex presidente Canadevi","datePublished":"2017-06-01T15:47:50+00:00","mainEntityOfPage":{"@id":"https:\/\/centrourbano.com\/revista\/entrevistas\/video-entrevista-juan-fernando-abusaid-ex-presidente-canadevi\/"},"wordCount":22,"commentCount":0,"publisher":{"@id":"https:\/\/centrourbano.com\/revista\/#organization"},"image":{"@id":"https:\/\/centrourbano.com\/revista\/entrevistas\/video-entrevista-juan-fernando-abusaid-ex-presidente-canadevi\/#primaryimage"},"thumbnailUrl":"https:\/\/centrourbano.com\/revista\/wp-content\/uploads\/FernandoAbusaid32-scaled.jpg","keywords":["Centro Urbano","Entrevista","Fernando Abusaid"],"articleSection":["Entrevistas"],"inLanguage":"es","potentialAction":[{"@type":"CommentAction","name":"Comment","target":["https:\/\/centrourbano.com\/revista\/entrevistas\/video-entrevista-juan-fernando-abusaid-ex-presidente-canadevi\/#respond"]}]},{"@type":"WebPage","@id":"https:\/\/centrourbano.com\/revista\/entrevistas\/video-entrevista-juan-fernando-abusaid-ex-presidente-canadevi\/","url":"https:\/\/centrourbano.com\/revista\/entrevistas\/video-entrevista-juan-fernando-abusaid-ex-presidente-canadevi\/","name":"#Video Entrevista Juan Fernando Abusaid, ex presidente Canadevi -","isPartOf":{"@id":"https:\/\/centrourbano.com\/revista\/#website"},"primaryImageOfPage":{"@id":"https:\/\/centrourbano.com\/revista\/entrevistas\/video-entrevista-juan-fernando-abusaid-ex-presidente-canadevi\/#primaryimage"},"image":{"@id":"https:\/\/centrourbano.com\/revista\/entrevistas\/video-entrevista-juan-fernando-abusaid-ex-presidente-canadevi\/#primaryimage"},"thumbnailUrl":"https:\/\/centrourbano.com\/revista\/wp-content\/uploads\/FernandoAbusaid32-scaled.jpg","datePublished":"2017-06-01T15:47:50+00:00","breadcrumb":{"@id":"https:\/\/centrourbano.com\/revista\/entrevistas\/video-entrevista-juan-fernando-abusaid-ex-presidente-canadevi\/#breadcrumb"},"inLanguage":"es","potentialAction":[{"@type":"ReadAction","target":["https:\/\/centrourbano.com\/revista\/entrevistas\/video-entrevista-juan-fernando-abusaid-ex-presidente-canadevi\/"]}]},{"@type":"ImageObject","inLanguage":"es","@id":"https:\/\/centrourbano.com\/revista\/entrevistas\/video-entrevista-juan-fernando-abusaid-ex-presidente-canadevi\/#primaryimage","url":"https:\/\/centrourbano.com\/revista\/wp-content\/uploads\/FernandoAbusaid32-scaled.jpg","contentUrl":"https:\/\/centrourbano.com\/revista\/wp-content\/uploads\/FernandoAbusaid32-scaled.jpg","width":2560,"height":1920},{"@type":"BreadcrumbList","@id":"https:\/\/centrourbano.com\/revista\/entrevistas\/video-entrevista-juan-fernando-abusaid-ex-presidente-canadevi\/#breadcrumb","itemListElement":[{"@type":"ListItem","position":1,"name":"Portada","item":"https:\/\/centrourbano.com\/revista\/"},{"@type":"ListItem","position":2,"name":"#Video Entrevista Juan Fernando Abusaid, ex presidente Canadevi"}]},{"@type":"WebSite","@id":"https:\/\/centrourbano.com\/revista\/#website","url":"https:\/\/centrourbano.com\/revista\/","name":"Centro Urbano","description":"Medio especializado en los sectores vivienda, inmobiliario, construcci\u00f3n, arquitectura y urbanismo.","publisher":{"@id":"https:\/\/centrourbano.com\/revista\/#organization"},"potentialAction":[{"@type":"SearchAction","target":{"@type":"EntryPoint","urlTemplate":"https:\/\/centrourbano.com\/revista\/?s={search_term_string}"},"query-input":{"@type":"PropertyValueSpecification","valueRequired":true,"valueName":"search_term_string"}}],"inLanguage":"es"},{"@type":"Organization","@id":"https:\/\/centrourbano.com\/revista\/#organization","name":"Centro Urbano","url":"https:\/\/centrourbano.com\/revista\/","logo":{"@type":"ImageObject","inLanguage":"es","@id":"https:\/\/centrourbano.com\/revista\/#\/schema\/logo\/image\/","url":"https:\/\/centrourbano.com\/revista\/wp-content\/uploads\/web_CU_logo-1.png","contentUrl":"https:\/\/centrourbano.com\/revista\/wp-content\/uploads\/web_CU_logo-1.png","width":350,"height":91,"caption":"Centro Urbano"},"image":{"@id":"https:\/\/centrourbano.com\/revista\/#\/schema\/logo\/image\/"},"sameAs":["https:\/\/www.facebook.com\/portalcentrourbano","https:\/\/x.com\/CentroUrbano","https:\/\/www.instagram.com\/centro_urbano\/","https:\/\/www.linkedin.com\/company\/centro-urbano\/","http:\/\/www.youtube.com\/user\/portalcentrourbano"]},{"@type":"Person","@id":"https:\/\/centrourbano.com\/revista\/#\/schema\/person\/131fd76fa17f4ca2c25c65a74d97c6b6","name":"Edgar Rosas","image":{"@type":"ImageObject","inLanguage":"es","@id":"https:\/\/secure.gravatar.com\/avatar\/94440c4283495211faa5300bf85e80061036b83fced868c3783aa1310b350d9c?s=96&d=mm&r=g","url":"https:\/\/secure.gravatar.com\/avatar\/94440c4283495211faa5300bf85e80061036b83fced868c3783aa1310b350d9c?s=96&d=mm&r=g","contentUrl":"https:\/\/secure.gravatar.com\/avatar\/94440c4283495211faa5300bf85e80061036b83fced868c3783aa1310b350d9c?s=96&d=mm&r=g","caption":"Edgar Rosas"},"description":"Editor en Jefe de Centro Urbano. Egresado de la maestr\u00eda en Periodismo Pol\u00edtico de la Escuela de Periodismo Carlos Septi\u00e9n Garc\u00eda (EPCSG). Estudi\u00f3 la licenciatura en Comunicaci\u00f3n en la Universidad Mexicana. Amante de la cr\u00f3nica y el reportaje. Admirador de Vicente Le\u00f1ero y Miguel \u00c1ngel Granados Chapa.","sameAs":["https:\/\/x.com\/https:\/\/twitter.com\/ERosasCU?s=09"],"url":"https:\/\/centrourbano.com\/revista\/author\/edgar-rosas\/"}]}},"_links":{"self":[{"href":"https:\/\/centrourbano.com\/revista\/wp-json\/wp\/v2\/posts\/54110","targetHints":{"allow":["GET"]}}],"collection":[{"href":"https:\/\/centrourbano.com\/revista\/wp-json\/wp\/v2\/posts"}],"about":[{"href":"https:\/\/centrourbano.com\/revista\/wp-json\/wp\/v2\/types\/post"}],"author":[{"embeddable":true,"href":"https:\/\/centrourbano.com\/revista\/wp-json\/wp\/v2\/users\/47"}],"replies":[{"embeddable":true,"href":"https:\/\/centrourbano.com\/revista\/wp-json\/wp\/v2\/comments?post=54110"}],"version-history":[{"count":0,"href":"https:\/\/centrourbano.com\/revista\/wp-json\/wp\/v2\/posts\/54110\/revisions"}],"wp:featuredmedia":[{"embeddable":true,"href":"https:\/\/centrourbano.com\/revista\/wp-json\/wp\/v2\/media\/16860"}],"wp:attachment":[{"href":"https:\/\/centrourbano.com\/revista\/wp-json\/wp\/v2\/media?parent=54110"}],"wp:term":[{"taxonomy":"category","embeddable":true,"href":"https:\/\/centrourbano.com\/revista\/wp-json\/wp\/v2\/categories?post=54110"},{"taxonomy":"post_tag","embeddable":true,"href":"https:\/\/centrourbano.com\/revista\/wp-json\/wp\/v2\/tags?post=54110"}],"curies":[{"name":"wp","href":"https:\/\/api.w.org\/{rel}","templated":true}]}}