{"id":53921,"date":"2017-05-29T11:35:49","date_gmt":"2017-05-29T16:35:49","guid":{"rendered":"https:\/\/centrourbano.com\/?p=53921"},"modified":"2017-05-29T11:35:49","modified_gmt":"2017-05-29T16:35:49","slug":"tu-ciudad-re-quiere-mejoras-urbanas","status":"publish","type":"post","link":"https:\/\/centrourbano.com\/revista\/urbanismo\/tu-ciudad-re-quiere-mejoras-urbanas\/","title":{"rendered":"\u201cTu Ciudad te Re-Quiere\u201d contin\u00faa con mejoras urbanas"},"content":{"rendered":"<p><em>En la delegaci\u00f3n \u00c1lvaro Obreg\u00f3n se realizaron m\u00e1s de 100 acciones de Capital Social y se atendieron necesidades de los habitantes<\/em><\/p>\n<p>&nbsp;<\/p>\n<p>Las jornadas del programa \u201cTu ciudad te Re-Quiere\u201d, ahora adem\u00e1s de mejorar el entorno urbano, se encargar\u00e1 de concentrar los servicios y programas del Gobierno de la Ciudad de M\u00e9xico en una estrategia que consiste en visitar una delegaci\u00f3n pol\u00edtica cada s\u00e1bado para atender a la poblaci\u00f3n y mejorar su calidad de vida.<\/p>\n<p>&nbsp;<\/p>\n<p>Recientemente lleg\u00f3 a la delegaci\u00f3n \u00c1lvaro Obreg\u00f3n, donde Miguel \u00c1ngel Mancera Espinosa, jefe de gobierno de la CDMX, afirm\u00f3 que el Sistema de Transporte Colectivo (STC) se ampliar\u00e1 y llegar\u00e1 hasta esta demarcaci\u00f3n.<\/p>\n<p>&nbsp;<\/p>\n<p>En esta delegaci\u00f3n se realizaron m\u00e1s de 100 acciones de Capital Social, las brigadas de trabajo, coordinadas en ocho subsedes, pintaron 2,500 fachadas, balizaron 110 puntos, barrieron y recolectaron residuos s\u00f3lidos en 62 kil\u00f3metros, recuperaron \u00e1reas verdes en 16 espacios, rehabilitaron dos panteones, podaron 400 \u00e1rboles que necesitaban saneamiento; instalaron 200 luminarias y entregaron alarmas vecinales, adem\u00e1s llevaron a cabo labores de bacheo y desazolve.<\/p>\n<p>&nbsp;<\/p>\n<p>Acompa\u00f1ado de funcionarios de su administraci\u00f3n, visit\u00f3 la colonia Las Golondrinas para atender las necesidades de madres jefas de familia, adultos mayores, ni\u00f1os, j\u00f3venes y a propietarios de peque\u00f1os negocios.<\/p>\n<p>&nbsp;<\/p>\n<p>Mar\u00eda Antonieta Torres Hidalgo, jefa delegacional de \u00c1lvaro Obreg\u00f3n, indic\u00f3 que las acciones realizadas equivalen a un a\u00f1o completo de trabajo y beneficiar\u00e1n sustancialmente a los habitantes de la demarcaci\u00f3n.<\/p>\n<p>&nbsp;<\/p>\n<p>&nbsp;<\/p>\n","protected":false},"excerpt":{"rendered":"<p>En la delegaci\u00f3n \u00c1lvaro Obreg\u00f3n se realizaron m\u00e1s de 100 acciones de Capital Social y se atendieron necesidades de los habitantes &nbsp; Las jornadas del programa \u201cTu ciudad te Re-Quiere\u201d, ahora adem\u00e1s de mejorar el entorno urbano, se encargar\u00e1 de concentrar los servicios y programas del Gobierno de la Ciudad de M\u00e9xico en una estrategia [&hellip;]<\/p>\n","protected":false},"author":45,"featured_media":53922,"comment_status":"open","ping_status":"closed","sticky":false,"template":"","format":"standard","meta":{"om_disable_all_campaigns":false,"inline_featured_image":false,"_monsterinsights_skip_tracking":false,"_monsterinsights_sitenote_active":false,"_monsterinsights_sitenote_note":"","_monsterinsights_sitenote_category":0,"footnotes":""},"categories":[82],"tags":[],"class_list":["post-53921","post","type-post","status-publish","format-standard","has-post-thumbnail","hentry","category-urbanismo"],"yoast_head":"<!-- This site is optimized with the Yoast SEO plugin v27.4 - https:\/\/yoast.com\/product\/yoast-seo-wordpress\/ -->\n<title>\u201cTu Ciudad te Re-Quiere\u201d contin\u00faa con mejoras urbanas -<\/title>\n<meta name=\"description\" content=\"En la delegaci\u00f3n \u00c1lvaro Obreg\u00f3n se realizaron m\u00e1s de 100 acciones de Capital Social y se atendieron necesidades de los habitantes\" \/>\n<meta name=\"robots\" content=\"index, follow, max-snippet:-1, max-image-preview:large, max-video-preview:-1\" \/>\n<link rel=\"canonical\" href=\"https:\/\/centrourbano.com\/revista\/urbanismo\/tu-ciudad-re-quiere-mejoras-urbanas\/\" \/>\n<meta property=\"og:locale\" content=\"es_ES\" \/>\n<meta property=\"og:type\" content=\"article\" \/>\n<meta property=\"og:title\" content=\"\u201cTu Ciudad te Re-Quiere\u201d contin\u00faa con mejoras urbanas -\" \/>\n<meta property=\"og:description\" content=\"En la delegaci\u00f3n \u00c1lvaro Obreg\u00f3n se realizaron m\u00e1s de 100 acciones de Capital Social y se atendieron necesidades de los habitantes\" \/>\n<meta property=\"og:url\" content=\"https:\/\/centrourbano.com\/revista\/urbanismo\/tu-ciudad-re-quiere-mejoras-urbanas\/\" \/>\n<meta property=\"og:site_name\" content=\"Centro Urbano\" \/>\n<meta property=\"article:publisher\" content=\"https:\/\/www.facebook.com\/portalcentrourbano\" \/>\n<meta property=\"article:published_time\" content=\"2017-05-29T16:35:49+00:00\" \/>\n<meta property=\"og:image\" content=\"https:\/\/centrourbano.com\/revista\/wp-content\/uploads\/tu-ciudad-te-requiere-scaled.jpg\" \/>\n\t<meta property=\"og:image:width\" content=\"2560\" \/>\n\t<meta property=\"og:image:height\" content=\"1707\" \/>\n\t<meta property=\"og:image:type\" content=\"image\/jpeg\" \/>\n<meta name=\"author\" content=\"Hanae Pacheco\" \/>\n<meta name=\"twitter:card\" content=\"summary_large_image\" \/>\n<meta name=\"twitter:creator\" content=\"@CentroUrbano\" \/>\n<meta name=\"twitter:site\" content=\"@CentroUrbano\" \/>\n<meta name=\"twitter:label1\" content=\"Escrito por\" \/>\n\t<meta name=\"twitter:data1\" content=\"Hanae Pacheco\" \/>\n\t<meta name=\"twitter:label2\" content=\"Tiempo de lectura\" \/>\n\t<meta name=\"twitter:data2\" content=\"1 minuto\" \/>\n<script type=\"application\/ld+json\" class=\"yoast-schema-graph\">{\"@context\":\"https:\\\/\\\/schema.org\",\"@graph\":[{\"@type\":\"Article\",\"@id\":\"https:\\\/\\\/centrourbano.com\\\/revista\\\/urbanismo\\\/tu-ciudad-re-quiere-mejoras-urbanas\\\/#article\",\"isPartOf\":{\"@id\":\"https:\\\/\\\/centrourbano.com\\\/revista\\\/urbanismo\\\/tu-ciudad-re-quiere-mejoras-urbanas\\\/\"},\"author\":{\"name\":\"Hanae Pacheco\",\"@id\":\"https:\\\/\\\/centrourbano.com\\\/revista\\\/#\\\/schema\\\/person\\\/db5aba19153b4dc77f48808c4c2e7027\"},\"headline\":\"\u201cTu Ciudad te Re-Quiere\u201d contin\u00faa con mejoras urbanas\",\"datePublished\":\"2017-05-29T16:35:49+00:00\",\"mainEntityOfPage\":{\"@id\":\"https:\\\/\\\/centrourbano.com\\\/revista\\\/urbanismo\\\/tu-ciudad-re-quiere-mejoras-urbanas\\\/\"},\"wordCount\":267,\"commentCount\":0,\"publisher\":{\"@id\":\"https:\\\/\\\/centrourbano.com\\\/revista\\\/#organization\"},\"image\":{\"@id\":\"https:\\\/\\\/centrourbano.com\\\/revista\\\/urbanismo\\\/tu-ciudad-re-quiere-mejoras-urbanas\\\/#primaryimage\"},\"thumbnailUrl\":\"https:\\\/\\\/centrourbano.com\\\/revista\\\/wp-content\\\/uploads\\\/tu-ciudad-te-requiere-scaled.jpg\",\"articleSection\":[\"Urbanismo\"],\"inLanguage\":\"es\",\"potentialAction\":[{\"@type\":\"CommentAction\",\"name\":\"Comment\",\"target\":[\"https:\\\/\\\/centrourbano.com\\\/revista\\\/urbanismo\\\/tu-ciudad-re-quiere-mejoras-urbanas\\\/#respond\"]}]},{\"@type\":\"WebPage\",\"@id\":\"https:\\\/\\\/centrourbano.com\\\/revista\\\/urbanismo\\\/tu-ciudad-re-quiere-mejoras-urbanas\\\/\",\"url\":\"https:\\\/\\\/centrourbano.com\\\/revista\\\/urbanismo\\\/tu-ciudad-re-quiere-mejoras-urbanas\\\/\",\"name\":\"\u201cTu Ciudad te Re-Quiere\u201d contin\u00faa con mejoras urbanas -\",\"isPartOf\":{\"@id\":\"https:\\\/\\\/centrourbano.com\\\/revista\\\/#website\"},\"primaryImageOfPage\":{\"@id\":\"https:\\\/\\\/centrourbano.com\\\/revista\\\/urbanismo\\\/tu-ciudad-re-quiere-mejoras-urbanas\\\/#primaryimage\"},\"image\":{\"@id\":\"https:\\\/\\\/centrourbano.com\\\/revista\\\/urbanismo\\\/tu-ciudad-re-quiere-mejoras-urbanas\\\/#primaryimage\"},\"thumbnailUrl\":\"https:\\\/\\\/centrourbano.com\\\/revista\\\/wp-content\\\/uploads\\\/tu-ciudad-te-requiere-scaled.jpg\",\"datePublished\":\"2017-05-29T16:35:49+00:00\",\"description\":\"En la delegaci\u00f3n \u00c1lvaro Obreg\u00f3n se realizaron m\u00e1s de 100 acciones de Capital Social y se atendieron necesidades de los habitantes\",\"breadcrumb\":{\"@id\":\"https:\\\/\\\/centrourbano.com\\\/revista\\\/urbanismo\\\/tu-ciudad-re-quiere-mejoras-urbanas\\\/#breadcrumb\"},\"inLanguage\":\"es\",\"potentialAction\":[{\"@type\":\"ReadAction\",\"target\":[\"https:\\\/\\\/centrourbano.com\\\/revista\\\/urbanismo\\\/tu-ciudad-re-quiere-mejoras-urbanas\\\/\"]}]},{\"@type\":\"ImageObject\",\"inLanguage\":\"es\",\"@id\":\"https:\\\/\\\/centrourbano.com\\\/revista\\\/urbanismo\\\/tu-ciudad-re-quiere-mejoras-urbanas\\\/#primaryimage\",\"url\":\"https:\\\/\\\/centrourbano.com\\\/revista\\\/wp-content\\\/uploads\\\/tu-ciudad-te-requiere-scaled.jpg\",\"contentUrl\":\"https:\\\/\\\/centrourbano.com\\\/revista\\\/wp-content\\\/uploads\\\/tu-ciudad-te-requiere-scaled.jpg\",\"width\":2560,\"height\":1707,\"caption\":\"En la delegaci\u00f3n \u00c1lvaro Obreg\u00f3n se realizaron m\u00e1s de 100 acciones de Capital Social y se atendieron necesidades de los habitantes\"},{\"@type\":\"BreadcrumbList\",\"@id\":\"https:\\\/\\\/centrourbano.com\\\/revista\\\/urbanismo\\\/tu-ciudad-re-quiere-mejoras-urbanas\\\/#breadcrumb\",\"itemListElement\":[{\"@type\":\"ListItem\",\"position\":1,\"name\":\"Portada\",\"item\":\"https:\\\/\\\/centrourbano.com\\\/revista\\\/\"},{\"@type\":\"ListItem\",\"position\":2,\"name\":\"\u201cTu Ciudad te Re-Quiere\u201d contin\u00faa con mejoras urbanas\"}]},{\"@type\":\"WebSite\",\"@id\":\"https:\\\/\\\/centrourbano.com\\\/revista\\\/#website\",\"url\":\"https:\\\/\\\/centrourbano.com\\\/revista\\\/\",\"name\":\"Centro Urbano\",\"description\":\"Medio especializado en los sectores vivienda, inmobiliario, construcci\u00f3n, arquitectura y urbanismo.\",\"publisher\":{\"@id\":\"https:\\\/\\\/centrourbano.com\\\/revista\\\/#organization\"},\"potentialAction\":[{\"@type\":\"SearchAction\",\"target\":{\"@type\":\"EntryPoint\",\"urlTemplate\":\"https:\\\/\\\/centrourbano.com\\\/revista\\\/?s={search_term_string}\"},\"query-input\":{\"@type\":\"PropertyValueSpecification\",\"valueRequired\":true,\"valueName\":\"search_term_string\"}}],\"inLanguage\":\"es\"},{\"@type\":\"Organization\",\"@id\":\"https:\\\/\\\/centrourbano.com\\\/revista\\\/#organization\",\"name\":\"Centro Urbano\",\"url\":\"https:\\\/\\\/centrourbano.com\\\/revista\\\/\",\"logo\":{\"@type\":\"ImageObject\",\"inLanguage\":\"es\",\"@id\":\"https:\\\/\\\/centrourbano.com\\\/revista\\\/#\\\/schema\\\/logo\\\/image\\\/\",\"url\":\"https:\\\/\\\/centrourbano.com\\\/revista\\\/wp-content\\\/uploads\\\/web_CU_logo-1.png\",\"contentUrl\":\"https:\\\/\\\/centrourbano.com\\\/revista\\\/wp-content\\\/uploads\\\/web_CU_logo-1.png\",\"width\":350,\"height\":91,\"caption\":\"Centro Urbano\"},\"image\":{\"@id\":\"https:\\\/\\\/centrourbano.com\\\/revista\\\/#\\\/schema\\\/logo\\\/image\\\/\"},\"sameAs\":[\"https:\\\/\\\/www.facebook.com\\\/portalcentrourbano\",\"https:\\\/\\\/x.com\\\/CentroUrbano\",\"https:\\\/\\\/www.instagram.com\\\/centro_urbano\\\/\",\"https:\\\/\\\/www.linkedin.com\\\/company\\\/centro-urbano\\\/\",\"http:\\\/\\\/www.youtube.com\\\/user\\\/portalcentrourbano\"]},{\"@type\":\"Person\",\"@id\":\"https:\\\/\\\/centrourbano.com\\\/revista\\\/#\\\/schema\\\/person\\\/db5aba19153b4dc77f48808c4c2e7027\",\"name\":\"Hanae Pacheco\",\"image\":{\"@type\":\"ImageObject\",\"inLanguage\":\"es\",\"@id\":\"https:\\\/\\\/secure.gravatar.com\\\/avatar\\\/85378918db488c7c72bd7acaea6909bbfd5df076ffaf5e56cf397f98ef67f72d?s=96&d=mm&r=g\",\"url\":\"https:\\\/\\\/secure.gravatar.com\\\/avatar\\\/85378918db488c7c72bd7acaea6909bbfd5df076ffaf5e56cf397f98ef67f72d?s=96&d=mm&r=g\",\"contentUrl\":\"https:\\\/\\\/secure.gravatar.com\\\/avatar\\\/85378918db488c7c72bd7acaea6909bbfd5df076ffaf5e56cf397f98ef67f72d?s=96&d=mm&r=g\",\"caption\":\"Hanae Pacheco\"},\"url\":\"https:\\\/\\\/centrourbano.com\\\/revista\\\/author\\\/hanae-pacheco\\\/\"}]}<\/script>\n<!-- \/ Yoast SEO plugin. -->","yoast_head_json":{"title":"\u201cTu Ciudad te Re-Quiere\u201d contin\u00faa con mejoras urbanas -","description":"En la delegaci\u00f3n \u00c1lvaro Obreg\u00f3n se realizaron m\u00e1s de 100 acciones de Capital Social y se atendieron necesidades de los habitantes","robots":{"index":"index","follow":"follow","max-snippet":"max-snippet:-1","max-image-preview":"max-image-preview:large","max-video-preview":"max-video-preview:-1"},"canonical":"https:\/\/centrourbano.com\/revista\/urbanismo\/tu-ciudad-re-quiere-mejoras-urbanas\/","og_locale":"es_ES","og_type":"article","og_title":"\u201cTu Ciudad te Re-Quiere\u201d contin\u00faa con mejoras urbanas -","og_description":"En la delegaci\u00f3n \u00c1lvaro Obreg\u00f3n se realizaron m\u00e1s de 100 acciones de Capital Social y se atendieron necesidades de los habitantes","og_url":"https:\/\/centrourbano.com\/revista\/urbanismo\/tu-ciudad-re-quiere-mejoras-urbanas\/","og_site_name":"Centro Urbano","article_publisher":"https:\/\/www.facebook.com\/portalcentrourbano","article_published_time":"2017-05-29T16:35:49+00:00","og_image":[{"width":2560,"height":1707,"url":"https:\/\/centrourbano.com\/revista\/wp-content\/uploads\/tu-ciudad-te-requiere-scaled.jpg","type":"image\/jpeg"}],"author":"Hanae Pacheco","twitter_card":"summary_large_image","twitter_creator":"@CentroUrbano","twitter_site":"@CentroUrbano","twitter_misc":{"Escrito por":"Hanae Pacheco","Tiempo de lectura":"1 minuto"},"schema":{"@context":"https:\/\/schema.org","@graph":[{"@type":"Article","@id":"https:\/\/centrourbano.com\/revista\/urbanismo\/tu-ciudad-re-quiere-mejoras-urbanas\/#article","isPartOf":{"@id":"https:\/\/centrourbano.com\/revista\/urbanismo\/tu-ciudad-re-quiere-mejoras-urbanas\/"},"author":{"name":"Hanae Pacheco","@id":"https:\/\/centrourbano.com\/revista\/#\/schema\/person\/db5aba19153b4dc77f48808c4c2e7027"},"headline":"\u201cTu Ciudad te Re-Quiere\u201d contin\u00faa con mejoras urbanas","datePublished":"2017-05-29T16:35:49+00:00","mainEntityOfPage":{"@id":"https:\/\/centrourbano.com\/revista\/urbanismo\/tu-ciudad-re-quiere-mejoras-urbanas\/"},"wordCount":267,"commentCount":0,"publisher":{"@id":"https:\/\/centrourbano.com\/revista\/#organization"},"image":{"@id":"https:\/\/centrourbano.com\/revista\/urbanismo\/tu-ciudad-re-quiere-mejoras-urbanas\/#primaryimage"},"thumbnailUrl":"https:\/\/centrourbano.com\/revista\/wp-content\/uploads\/tu-ciudad-te-requiere-scaled.jpg","articleSection":["Urbanismo"],"inLanguage":"es","potentialAction":[{"@type":"CommentAction","name":"Comment","target":["https:\/\/centrourbano.com\/revista\/urbanismo\/tu-ciudad-re-quiere-mejoras-urbanas\/#respond"]}]},{"@type":"WebPage","@id":"https:\/\/centrourbano.com\/revista\/urbanismo\/tu-ciudad-re-quiere-mejoras-urbanas\/","url":"https:\/\/centrourbano.com\/revista\/urbanismo\/tu-ciudad-re-quiere-mejoras-urbanas\/","name":"\u201cTu Ciudad te Re-Quiere\u201d contin\u00faa con mejoras urbanas -","isPartOf":{"@id":"https:\/\/centrourbano.com\/revista\/#website"},"primaryImageOfPage":{"@id":"https:\/\/centrourbano.com\/revista\/urbanismo\/tu-ciudad-re-quiere-mejoras-urbanas\/#primaryimage"},"image":{"@id":"https:\/\/centrourbano.com\/revista\/urbanismo\/tu-ciudad-re-quiere-mejoras-urbanas\/#primaryimage"},"thumbnailUrl":"https:\/\/centrourbano.com\/revista\/wp-content\/uploads\/tu-ciudad-te-requiere-scaled.jpg","datePublished":"2017-05-29T16:35:49+00:00","description":"En la delegaci\u00f3n \u00c1lvaro Obreg\u00f3n se realizaron m\u00e1s de 100 acciones de Capital Social y se atendieron necesidades de los habitantes","breadcrumb":{"@id":"https:\/\/centrourbano.com\/revista\/urbanismo\/tu-ciudad-re-quiere-mejoras-urbanas\/#breadcrumb"},"inLanguage":"es","potentialAction":[{"@type":"ReadAction","target":["https:\/\/centrourbano.com\/revista\/urbanismo\/tu-ciudad-re-quiere-mejoras-urbanas\/"]}]},{"@type":"ImageObject","inLanguage":"es","@id":"https:\/\/centrourbano.com\/revista\/urbanismo\/tu-ciudad-re-quiere-mejoras-urbanas\/#primaryimage","url":"https:\/\/centrourbano.com\/revista\/wp-content\/uploads\/tu-ciudad-te-requiere-scaled.jpg","contentUrl":"https:\/\/centrourbano.com\/revista\/wp-content\/uploads\/tu-ciudad-te-requiere-scaled.jpg","width":2560,"height":1707,"caption":"En la delegaci\u00f3n \u00c1lvaro Obreg\u00f3n se realizaron m\u00e1s de 100 acciones de Capital Social y se atendieron necesidades de los habitantes"},{"@type":"BreadcrumbList","@id":"https:\/\/centrourbano.com\/revista\/urbanismo\/tu-ciudad-re-quiere-mejoras-urbanas\/#breadcrumb","itemListElement":[{"@type":"ListItem","position":1,"name":"Portada","item":"https:\/\/centrourbano.com\/revista\/"},{"@type":"ListItem","position":2,"name":"\u201cTu Ciudad te Re-Quiere\u201d contin\u00faa con mejoras urbanas"}]},{"@type":"WebSite","@id":"https:\/\/centrourbano.com\/revista\/#website","url":"https:\/\/centrourbano.com\/revista\/","name":"Centro Urbano","description":"Medio especializado en los sectores vivienda, inmobiliario, construcci\u00f3n, arquitectura y urbanismo.","publisher":{"@id":"https:\/\/centrourbano.com\/revista\/#organization"},"potentialAction":[{"@type":"SearchAction","target":{"@type":"EntryPoint","urlTemplate":"https:\/\/centrourbano.com\/revista\/?s={search_term_string}"},"query-input":{"@type":"PropertyValueSpecification","valueRequired":true,"valueName":"search_term_string"}}],"inLanguage":"es"},{"@type":"Organization","@id":"https:\/\/centrourbano.com\/revista\/#organization","name":"Centro Urbano","url":"https:\/\/centrourbano.com\/revista\/","logo":{"@type":"ImageObject","inLanguage":"es","@id":"https:\/\/centrourbano.com\/revista\/#\/schema\/logo\/image\/","url":"https:\/\/centrourbano.com\/revista\/wp-content\/uploads\/web_CU_logo-1.png","contentUrl":"https:\/\/centrourbano.com\/revista\/wp-content\/uploads\/web_CU_logo-1.png","width":350,"height":91,"caption":"Centro Urbano"},"image":{"@id":"https:\/\/centrourbano.com\/revista\/#\/schema\/logo\/image\/"},"sameAs":["https:\/\/www.facebook.com\/portalcentrourbano","https:\/\/x.com\/CentroUrbano","https:\/\/www.instagram.com\/centro_urbano\/","https:\/\/www.linkedin.com\/company\/centro-urbano\/","http:\/\/www.youtube.com\/user\/portalcentrourbano"]},{"@type":"Person","@id":"https:\/\/centrourbano.com\/revista\/#\/schema\/person\/db5aba19153b4dc77f48808c4c2e7027","name":"Hanae Pacheco","image":{"@type":"ImageObject","inLanguage":"es","@id":"https:\/\/secure.gravatar.com\/avatar\/85378918db488c7c72bd7acaea6909bbfd5df076ffaf5e56cf397f98ef67f72d?s=96&d=mm&r=g","url":"https:\/\/secure.gravatar.com\/avatar\/85378918db488c7c72bd7acaea6909bbfd5df076ffaf5e56cf397f98ef67f72d?s=96&d=mm&r=g","contentUrl":"https:\/\/secure.gravatar.com\/avatar\/85378918db488c7c72bd7acaea6909bbfd5df076ffaf5e56cf397f98ef67f72d?s=96&d=mm&r=g","caption":"Hanae Pacheco"},"url":"https:\/\/centrourbano.com\/revista\/author\/hanae-pacheco\/"}]}},"_links":{"self":[{"href":"https:\/\/centrourbano.com\/revista\/wp-json\/wp\/v2\/posts\/53921","targetHints":{"allow":["GET"]}}],"collection":[{"href":"https:\/\/centrourbano.com\/revista\/wp-json\/wp\/v2\/posts"}],"about":[{"href":"https:\/\/centrourbano.com\/revista\/wp-json\/wp\/v2\/types\/post"}],"author":[{"embeddable":true,"href":"https:\/\/centrourbano.com\/revista\/wp-json\/wp\/v2\/users\/45"}],"replies":[{"embeddable":true,"href":"https:\/\/centrourbano.com\/revista\/wp-json\/wp\/v2\/comments?post=53921"}],"version-history":[{"count":0,"href":"https:\/\/centrourbano.com\/revista\/wp-json\/wp\/v2\/posts\/53921\/revisions"}],"wp:featuredmedia":[{"embeddable":true,"href":"https:\/\/centrourbano.com\/revista\/wp-json\/wp\/v2\/media\/53922"}],"wp:attachment":[{"href":"https:\/\/centrourbano.com\/revista\/wp-json\/wp\/v2\/media?parent=53921"}],"wp:term":[{"taxonomy":"category","embeddable":true,"href":"https:\/\/centrourbano.com\/revista\/wp-json\/wp\/v2\/categories?post=53921"},{"taxonomy":"post_tag","embeddable":true,"href":"https:\/\/centrourbano.com\/revista\/wp-json\/wp\/v2\/tags?post=53921"}],"curies":[{"name":"wp","href":"https:\/\/api.w.org\/{rel}","templated":true}]}}