{"id":53915,"date":"2017-05-29T10:14:31","date_gmt":"2017-05-29T15:14:31","guid":{"rendered":"https:\/\/centrourbano.com\/?p=53915"},"modified":"2017-05-29T10:14:31","modified_gmt":"2017-05-29T15:14:31","slug":"rescatan-arquitectura-barrios-leon","status":"publish","type":"post","link":"https:\/\/centrourbano.com\/revista\/arquitectura-2\/rescatan-arquitectura-barrios-leon\/","title":{"rendered":"Rescatan arquitectura de barrios en Le\u00f3n"},"content":{"rendered":"<p><em>Los trabajos se realizan principalmente en inmuebles catalogados como hist\u00f3ricos por el INAH<\/em><br \/>\n<!--more--><\/p>\n<p>El gobierno de Guanajuato y el municipio de Le\u00f3n, iniciaron la restauraci\u00f3n de los barrios m\u00e1s emblem\u00e1ticos y antiguos de esta ciudad, con el prop\u00f3sito de rescatar su riqueza arquitect\u00f3nica e identidad.  <\/p>\n<p>La inversi\u00f3n que se realiza para los trabajos es de 40,000,000 de pesos, con lo que se restaurar\u00e1n inmuebles hist\u00f3ricos en Barrio de Arriba, El Coecillo, San Juan Bosco, San Miguel, San Pedro de Los Hern\u00e1ndez, San Juan de Dios y en  el Templo de El Sagrario, que forman parte del programa de obra p\u00fablica de Le\u00f3n, 400 obras m\u00e1s que mejoran tu vida.<\/p>\n<p>El gobierno estatal explic\u00f3 que la finalidad es rescatar y mejorar los espacios p\u00fablicos, sobre todo de aquellos lugares catalogados como inmuebles hist\u00f3ricos por el Instituto Nacional de Antropolog\u00eda e Historia (INAH).<\/p>\n<p>En el Barrio de San Miguel, se aplican 1.7 millones de pesos en la rehabilitaci\u00f3n de la plaza principal; mejoras en pavimentos, jardiner\u00edas, mobiliario urbano, se\u00f1al\u00e9tica e iluminaci\u00f3n; en la parroquia de San Miguel se restaurar\u00e1 la fachada, la torre del campanario, cubiertas, c\u00fapulas y barda atrial.<\/p>\n<p>Mientras que en el Barrio de Arriba se destinan 4,000,000 de pesos en la rehabilitaci\u00f3n de la plaza principal con mejoras en pavimentos, jardiner\u00edas, mobiliario urbano, se\u00f1al\u00e9tica e iluminaci\u00f3n; en la Parroquia del Se\u00f1or de la Salud se restaurar\u00e1 la fachada, barda atrial, torre del campanario, c\u00fapulas y mantenimiento de cubiertas.<\/p>\n<p>La inversi\u00f3n que se realiza en el Barrio del Coecillo es de 1.4 millones de pesos, con lo que se restaurar\u00e1 la fachada del templo de la Pur\u00edsima Concepci\u00f3n, elementos del atrio, la torre del campanario y la c\u00fapula; adem\u00e1s de la iluminaci\u00f3n esc\u00e9nica del inmueble catalogado por el INAH como hist\u00f3rico.<\/p>\n<p>En \u00e9sta misma zona de invierte 1,000,000 de pesos, en el templo de San Francisco de As\u00eds, en donde se realizan trabajos de restauraci\u00f3n de fachada, elementos del atrio, torreo de campanario y c\u00fapula.<\/p>\n<p>En el caso del Barrio de San Juan Bosco, se aplican 8.6 millones de pesos, con lo que se rehabilitar\u00e1 la plaza principal con mejores en pavimentos, jardineras, mobiliario urbano, se\u00f1al\u00e9tica e iluminaci\u00f3n; en la parroquia de San Juan Bosco se hace la restauraci\u00f3n de fachadas, accesos y mantenimiento a las cubiertas, as\u00ed como iluminaci\u00f3n esc\u00e9nica.<\/p>\n<p>En lo que respecta al Barrio de San Pedro de los Hern\u00e1ndez, se destinan 7.2 millones de pesos en la rehabilitaci\u00f3n de la plaza, en sus pavimentos, el kiosco, jardineras, mobiliario urbano, se\u00f1al\u00e9tica e iluminaci\u00f3n. Adem\u00e1s, en la parroquia de San Pedro se restaurar\u00e1 la fachada, la barda atrial, la torre del campanario, c\u00fapulas y cubiertas.<\/p>\n<p>En el Barrio de San Juan de Dios, se invierten 3.6 millones de pesos en trabajos para restaurar el templo San Juan de Dios en la fachada, barda atrial, torre del campanario y c\u00fapulas, as\u00ed como la iluminaci\u00f3n exterior.<\/p>\n<p>Finalmente, en la Parroquia de El Sagrario, se invierten 2,000,000 de pesos en la restauraci\u00f3n de las fachadas y portadas; conclusi\u00f3n de las torres, c\u00fapula y cubiertas. Fue el primer templo construido a finales del siglo XVI, adem\u00e1s de ser una de las parroquias m\u00e1s valiosas de la ciudad.<\/p>\n<p>\u201cLos barrios recogen nuestra tradici\u00f3n, creencias y cultura, es algo que no podemos perder; esto es lo que nos da identidad y nos proyecta como destinos culturales para el turismo con nuestra propia cultura, gastronom\u00eda y la historia de un pueblo.<\/p>\n<p>\u201cEs importante rescatar estos espacios que nos dan cohesi\u00f3n social, es transformar estos barrios, que se cambie la vida de las personas, que las familias los utilicen como el punto de encuentro de las personas\u201d, dijo el gobernador de Guanajuato, Miguel M\u00e1rquez. <\/p>\n","protected":false},"excerpt":{"rendered":"<p>Los trabajos se realizan principalmente en inmuebles catalogados como hist\u00f3ricos por el INAH<\/p>\n","protected":false},"author":37,"featured_media":53916,"comment_status":"open","ping_status":"closed","sticky":false,"template":"","format":"standard","meta":{"om_disable_all_campaigns":false,"inline_featured_image":false,"_monsterinsights_skip_tracking":false,"_monsterinsights_sitenote_active":false,"_monsterinsights_sitenote_note":"","_monsterinsights_sitenote_category":0,"footnotes":""},"categories":[81],"tags":[],"class_list":["post-53915","post","type-post","status-publish","format-standard","has-post-thumbnail","hentry","category-arquitectura-2"],"yoast_head":"<!-- This site is optimized with the Yoast SEO plugin v27.4 - https:\/\/yoast.com\/product\/yoast-seo-wordpress\/ -->\n<title>Rescatan arquitectura de barrios en Le\u00f3n -<\/title>\n<meta name=\"description\" content=\"El gobierno de Guanajuato y el municipio de Le\u00f3n, iniciaron la restauraci\u00f3n de los barrios m\u00e1s emblem\u00e1ticos y antiguos de esta ciudad, con el prop\u00f3sito de rescatar su riqueza arquitect\u00f3nica e identidad.\" \/>\n<meta name=\"robots\" content=\"index, follow, max-snippet:-1, max-image-preview:large, max-video-preview:-1\" \/>\n<link rel=\"canonical\" href=\"https:\/\/centrourbano.com\/revista\/arquitectura-2\/rescatan-arquitectura-barrios-leon\/\" \/>\n<meta property=\"og:locale\" content=\"es_ES\" \/>\n<meta property=\"og:type\" content=\"article\" \/>\n<meta property=\"og:title\" content=\"Rescatan arquitectura de barrios en Le\u00f3n -\" \/>\n<meta property=\"og:description\" content=\"El gobierno de Guanajuato y el municipio de Le\u00f3n, iniciaron la restauraci\u00f3n de los barrios m\u00e1s emblem\u00e1ticos y antiguos de esta ciudad, con el prop\u00f3sito de rescatar su riqueza arquitect\u00f3nica e identidad.\" \/>\n<meta property=\"og:url\" content=\"https:\/\/centrourbano.com\/revista\/arquitectura-2\/rescatan-arquitectura-barrios-leon\/\" \/>\n<meta property=\"og:site_name\" content=\"Centro Urbano\" \/>\n<meta property=\"article:publisher\" content=\"https:\/\/www.facebook.com\/portalcentrourbano\" \/>\n<meta property=\"article:published_time\" content=\"2017-05-29T15:14:31+00:00\" \/>\n<meta property=\"og:image\" content=\"https:\/\/centrourbano.com\/revista\/wp-content\/uploads\/iglesias.jpg\" \/>\n\t<meta property=\"og:image:width\" content=\"1024\" \/>\n\t<meta property=\"og:image:height\" content=\"683\" \/>\n\t<meta property=\"og:image:type\" content=\"image\/jpeg\" \/>\n<meta name=\"author\" content=\"Diego Rodr\u00edguez\" \/>\n<meta name=\"twitter:card\" content=\"summary_large_image\" \/>\n<meta name=\"twitter:creator\" content=\"@CentroUrbano\" \/>\n<meta name=\"twitter:site\" content=\"@CentroUrbano\" \/>\n<meta name=\"twitter:label1\" content=\"Escrito por\" \/>\n\t<meta name=\"twitter:data1\" content=\"Diego Rodr\u00edguez\" \/>\n\t<meta name=\"twitter:label2\" content=\"Tiempo de lectura\" \/>\n\t<meta name=\"twitter:data2\" content=\"3 minutos\" \/>\n<script type=\"application\/ld+json\" class=\"yoast-schema-graph\">{\"@context\":\"https:\\\/\\\/schema.org\",\"@graph\":[{\"@type\":\"Article\",\"@id\":\"https:\\\/\\\/centrourbano.com\\\/revista\\\/arquitectura-2\\\/rescatan-arquitectura-barrios-leon\\\/#article\",\"isPartOf\":{\"@id\":\"https:\\\/\\\/centrourbano.com\\\/revista\\\/arquitectura-2\\\/rescatan-arquitectura-barrios-leon\\\/\"},\"author\":{\"name\":\"Diego Rodr\u00edguez\",\"@id\":\"https:\\\/\\\/centrourbano.com\\\/revista\\\/#\\\/schema\\\/person\\\/b50192a3cd0e680841b45dc537f53970\"},\"headline\":\"Rescatan arquitectura de barrios en Le\u00f3n\",\"datePublished\":\"2017-05-29T15:14:31+00:00\",\"mainEntityOfPage\":{\"@id\":\"https:\\\/\\\/centrourbano.com\\\/revista\\\/arquitectura-2\\\/rescatan-arquitectura-barrios-leon\\\/\"},\"wordCount\":670,\"commentCount\":0,\"publisher\":{\"@id\":\"https:\\\/\\\/centrourbano.com\\\/revista\\\/#organization\"},\"image\":{\"@id\":\"https:\\\/\\\/centrourbano.com\\\/revista\\\/arquitectura-2\\\/rescatan-arquitectura-barrios-leon\\\/#primaryimage\"},\"thumbnailUrl\":\"https:\\\/\\\/centrourbano.com\\\/revista\\\/wp-content\\\/uploads\\\/iglesias.jpg\",\"articleSection\":[\"Arquitectura\"],\"inLanguage\":\"es\",\"potentialAction\":[{\"@type\":\"CommentAction\",\"name\":\"Comment\",\"target\":[\"https:\\\/\\\/centrourbano.com\\\/revista\\\/arquitectura-2\\\/rescatan-arquitectura-barrios-leon\\\/#respond\"]}]},{\"@type\":\"WebPage\",\"@id\":\"https:\\\/\\\/centrourbano.com\\\/revista\\\/arquitectura-2\\\/rescatan-arquitectura-barrios-leon\\\/\",\"url\":\"https:\\\/\\\/centrourbano.com\\\/revista\\\/arquitectura-2\\\/rescatan-arquitectura-barrios-leon\\\/\",\"name\":\"Rescatan arquitectura de barrios en Le\u00f3n -\",\"isPartOf\":{\"@id\":\"https:\\\/\\\/centrourbano.com\\\/revista\\\/#website\"},\"primaryImageOfPage\":{\"@id\":\"https:\\\/\\\/centrourbano.com\\\/revista\\\/arquitectura-2\\\/rescatan-arquitectura-barrios-leon\\\/#primaryimage\"},\"image\":{\"@id\":\"https:\\\/\\\/centrourbano.com\\\/revista\\\/arquitectura-2\\\/rescatan-arquitectura-barrios-leon\\\/#primaryimage\"},\"thumbnailUrl\":\"https:\\\/\\\/centrourbano.com\\\/revista\\\/wp-content\\\/uploads\\\/iglesias.jpg\",\"datePublished\":\"2017-05-29T15:14:31+00:00\",\"description\":\"El gobierno de Guanajuato y el municipio de Le\u00f3n, iniciaron la restauraci\u00f3n de los barrios m\u00e1s emblem\u00e1ticos y antiguos de esta ciudad, con el prop\u00f3sito de rescatar su riqueza arquitect\u00f3nica e identidad.\",\"breadcrumb\":{\"@id\":\"https:\\\/\\\/centrourbano.com\\\/revista\\\/arquitectura-2\\\/rescatan-arquitectura-barrios-leon\\\/#breadcrumb\"},\"inLanguage\":\"es\",\"potentialAction\":[{\"@type\":\"ReadAction\",\"target\":[\"https:\\\/\\\/centrourbano.com\\\/revista\\\/arquitectura-2\\\/rescatan-arquitectura-barrios-leon\\\/\"]}]},{\"@type\":\"ImageObject\",\"inLanguage\":\"es\",\"@id\":\"https:\\\/\\\/centrourbano.com\\\/revista\\\/arquitectura-2\\\/rescatan-arquitectura-barrios-leon\\\/#primaryimage\",\"url\":\"https:\\\/\\\/centrourbano.com\\\/revista\\\/wp-content\\\/uploads\\\/iglesias.jpg\",\"contentUrl\":\"https:\\\/\\\/centrourbano.com\\\/revista\\\/wp-content\\\/uploads\\\/iglesias.jpg\",\"width\":1024,\"height\":683,\"caption\":\"Los trabajos se realizan principalmente en inmuebles catalogados como hist\u00f3ricos por el INAH\"},{\"@type\":\"BreadcrumbList\",\"@id\":\"https:\\\/\\\/centrourbano.com\\\/revista\\\/arquitectura-2\\\/rescatan-arquitectura-barrios-leon\\\/#breadcrumb\",\"itemListElement\":[{\"@type\":\"ListItem\",\"position\":1,\"name\":\"Portada\",\"item\":\"https:\\\/\\\/centrourbano.com\\\/revista\\\/\"},{\"@type\":\"ListItem\",\"position\":2,\"name\":\"Rescatan arquitectura de barrios en Le\u00f3n\"}]},{\"@type\":\"WebSite\",\"@id\":\"https:\\\/\\\/centrourbano.com\\\/revista\\\/#website\",\"url\":\"https:\\\/\\\/centrourbano.com\\\/revista\\\/\",\"name\":\"Centro Urbano\",\"description\":\"Medio especializado en los sectores vivienda, inmobiliario, construcci\u00f3n, arquitectura y urbanismo.\",\"publisher\":{\"@id\":\"https:\\\/\\\/centrourbano.com\\\/revista\\\/#organization\"},\"potentialAction\":[{\"@type\":\"SearchAction\",\"target\":{\"@type\":\"EntryPoint\",\"urlTemplate\":\"https:\\\/\\\/centrourbano.com\\\/revista\\\/?s={search_term_string}\"},\"query-input\":{\"@type\":\"PropertyValueSpecification\",\"valueRequired\":true,\"valueName\":\"search_term_string\"}}],\"inLanguage\":\"es\"},{\"@type\":\"Organization\",\"@id\":\"https:\\\/\\\/centrourbano.com\\\/revista\\\/#organization\",\"name\":\"Centro Urbano\",\"url\":\"https:\\\/\\\/centrourbano.com\\\/revista\\\/\",\"logo\":{\"@type\":\"ImageObject\",\"inLanguage\":\"es\",\"@id\":\"https:\\\/\\\/centrourbano.com\\\/revista\\\/#\\\/schema\\\/logo\\\/image\\\/\",\"url\":\"https:\\\/\\\/centrourbano.com\\\/revista\\\/wp-content\\\/uploads\\\/web_CU_logo-1.png\",\"contentUrl\":\"https:\\\/\\\/centrourbano.com\\\/revista\\\/wp-content\\\/uploads\\\/web_CU_logo-1.png\",\"width\":350,\"height\":91,\"caption\":\"Centro Urbano\"},\"image\":{\"@id\":\"https:\\\/\\\/centrourbano.com\\\/revista\\\/#\\\/schema\\\/logo\\\/image\\\/\"},\"sameAs\":[\"https:\\\/\\\/www.facebook.com\\\/portalcentrourbano\",\"https:\\\/\\\/x.com\\\/CentroUrbano\",\"https:\\\/\\\/www.instagram.com\\\/centro_urbano\\\/\",\"https:\\\/\\\/www.linkedin.com\\\/company\\\/centro-urbano\\\/\",\"http:\\\/\\\/www.youtube.com\\\/user\\\/portalcentrourbano\"]},{\"@type\":\"Person\",\"@id\":\"https:\\\/\\\/centrourbano.com\\\/revista\\\/#\\\/schema\\\/person\\\/b50192a3cd0e680841b45dc537f53970\",\"name\":\"Diego Rodr\u00edguez\",\"image\":{\"@type\":\"ImageObject\",\"inLanguage\":\"es\",\"@id\":\"https:\\\/\\\/secure.gravatar.com\\\/avatar\\\/d217565525df2df5d4e7265d47758506f41845ed9529510921a7625d8365789d?s=96&d=mm&r=g\",\"url\":\"https:\\\/\\\/secure.gravatar.com\\\/avatar\\\/d217565525df2df5d4e7265d47758506f41845ed9529510921a7625d8365789d?s=96&d=mm&r=g\",\"contentUrl\":\"https:\\\/\\\/secure.gravatar.com\\\/avatar\\\/d217565525df2df5d4e7265d47758506f41845ed9529510921a7625d8365789d?s=96&d=mm&r=g\",\"caption\":\"Diego Rodr\u00edguez\"},\"description\":\"Egresado de la Facultad de Estudios Superiores Acatl\u00e1n de la carrera en Comunicaci\u00f3n, con especialidad en medios escritos. Reportero del desaparecido peri\u00f3dico Nuestro M\u00e9xico, en donde cubri\u00f3 las fuentes delegacionales y Asamblea Legislativa. Tambi\u00e9n trabaj\u00f3 en la Coordinaci\u00f3n de Comunicaci\u00f3n Social en la delegaci\u00f3n \u00c1lvaro Obreg\u00f3n. Le gusta leer novelas y cuentos.\",\"url\":\"https:\\\/\\\/centrourbano.com\\\/revista\\\/author\\\/diegorodriguez\\\/\"}]}<\/script>\n<!-- \/ Yoast SEO plugin. -->","yoast_head_json":{"title":"Rescatan arquitectura de barrios en Le\u00f3n -","description":"El gobierno de Guanajuato y el municipio de Le\u00f3n, iniciaron la restauraci\u00f3n de los barrios m\u00e1s emblem\u00e1ticos y antiguos de esta ciudad, con el prop\u00f3sito de rescatar su riqueza arquitect\u00f3nica e identidad.","robots":{"index":"index","follow":"follow","max-snippet":"max-snippet:-1","max-image-preview":"max-image-preview:large","max-video-preview":"max-video-preview:-1"},"canonical":"https:\/\/centrourbano.com\/revista\/arquitectura-2\/rescatan-arquitectura-barrios-leon\/","og_locale":"es_ES","og_type":"article","og_title":"Rescatan arquitectura de barrios en Le\u00f3n -","og_description":"El gobierno de Guanajuato y el municipio de Le\u00f3n, iniciaron la restauraci\u00f3n de los barrios m\u00e1s emblem\u00e1ticos y antiguos de esta ciudad, con el prop\u00f3sito de rescatar su riqueza arquitect\u00f3nica e identidad.","og_url":"https:\/\/centrourbano.com\/revista\/arquitectura-2\/rescatan-arquitectura-barrios-leon\/","og_site_name":"Centro Urbano","article_publisher":"https:\/\/www.facebook.com\/portalcentrourbano","article_published_time":"2017-05-29T15:14:31+00:00","og_image":[{"width":1024,"height":683,"url":"https:\/\/centrourbano.com\/revista\/wp-content\/uploads\/iglesias.jpg","type":"image\/jpeg"}],"author":"Diego Rodr\u00edguez","twitter_card":"summary_large_image","twitter_creator":"@CentroUrbano","twitter_site":"@CentroUrbano","twitter_misc":{"Escrito por":"Diego Rodr\u00edguez","Tiempo de lectura":"3 minutos"},"schema":{"@context":"https:\/\/schema.org","@graph":[{"@type":"Article","@id":"https:\/\/centrourbano.com\/revista\/arquitectura-2\/rescatan-arquitectura-barrios-leon\/#article","isPartOf":{"@id":"https:\/\/centrourbano.com\/revista\/arquitectura-2\/rescatan-arquitectura-barrios-leon\/"},"author":{"name":"Diego Rodr\u00edguez","@id":"https:\/\/centrourbano.com\/revista\/#\/schema\/person\/b50192a3cd0e680841b45dc537f53970"},"headline":"Rescatan arquitectura de barrios en Le\u00f3n","datePublished":"2017-05-29T15:14:31+00:00","mainEntityOfPage":{"@id":"https:\/\/centrourbano.com\/revista\/arquitectura-2\/rescatan-arquitectura-barrios-leon\/"},"wordCount":670,"commentCount":0,"publisher":{"@id":"https:\/\/centrourbano.com\/revista\/#organization"},"image":{"@id":"https:\/\/centrourbano.com\/revista\/arquitectura-2\/rescatan-arquitectura-barrios-leon\/#primaryimage"},"thumbnailUrl":"https:\/\/centrourbano.com\/revista\/wp-content\/uploads\/iglesias.jpg","articleSection":["Arquitectura"],"inLanguage":"es","potentialAction":[{"@type":"CommentAction","name":"Comment","target":["https:\/\/centrourbano.com\/revista\/arquitectura-2\/rescatan-arquitectura-barrios-leon\/#respond"]}]},{"@type":"WebPage","@id":"https:\/\/centrourbano.com\/revista\/arquitectura-2\/rescatan-arquitectura-barrios-leon\/","url":"https:\/\/centrourbano.com\/revista\/arquitectura-2\/rescatan-arquitectura-barrios-leon\/","name":"Rescatan arquitectura de barrios en Le\u00f3n -","isPartOf":{"@id":"https:\/\/centrourbano.com\/revista\/#website"},"primaryImageOfPage":{"@id":"https:\/\/centrourbano.com\/revista\/arquitectura-2\/rescatan-arquitectura-barrios-leon\/#primaryimage"},"image":{"@id":"https:\/\/centrourbano.com\/revista\/arquitectura-2\/rescatan-arquitectura-barrios-leon\/#primaryimage"},"thumbnailUrl":"https:\/\/centrourbano.com\/revista\/wp-content\/uploads\/iglesias.jpg","datePublished":"2017-05-29T15:14:31+00:00","description":"El gobierno de Guanajuato y el municipio de Le\u00f3n, iniciaron la restauraci\u00f3n de los barrios m\u00e1s emblem\u00e1ticos y antiguos de esta ciudad, con el prop\u00f3sito de rescatar su riqueza arquitect\u00f3nica e identidad.","breadcrumb":{"@id":"https:\/\/centrourbano.com\/revista\/arquitectura-2\/rescatan-arquitectura-barrios-leon\/#breadcrumb"},"inLanguage":"es","potentialAction":[{"@type":"ReadAction","target":["https:\/\/centrourbano.com\/revista\/arquitectura-2\/rescatan-arquitectura-barrios-leon\/"]}]},{"@type":"ImageObject","inLanguage":"es","@id":"https:\/\/centrourbano.com\/revista\/arquitectura-2\/rescatan-arquitectura-barrios-leon\/#primaryimage","url":"https:\/\/centrourbano.com\/revista\/wp-content\/uploads\/iglesias.jpg","contentUrl":"https:\/\/centrourbano.com\/revista\/wp-content\/uploads\/iglesias.jpg","width":1024,"height":683,"caption":"Los trabajos se realizan principalmente en inmuebles catalogados como hist\u00f3ricos por el INAH"},{"@type":"BreadcrumbList","@id":"https:\/\/centrourbano.com\/revista\/arquitectura-2\/rescatan-arquitectura-barrios-leon\/#breadcrumb","itemListElement":[{"@type":"ListItem","position":1,"name":"Portada","item":"https:\/\/centrourbano.com\/revista\/"},{"@type":"ListItem","position":2,"name":"Rescatan arquitectura de barrios en Le\u00f3n"}]},{"@type":"WebSite","@id":"https:\/\/centrourbano.com\/revista\/#website","url":"https:\/\/centrourbano.com\/revista\/","name":"Centro Urbano","description":"Medio especializado en los sectores vivienda, inmobiliario, construcci\u00f3n, arquitectura y urbanismo.","publisher":{"@id":"https:\/\/centrourbano.com\/revista\/#organization"},"potentialAction":[{"@type":"SearchAction","target":{"@type":"EntryPoint","urlTemplate":"https:\/\/centrourbano.com\/revista\/?s={search_term_string}"},"query-input":{"@type":"PropertyValueSpecification","valueRequired":true,"valueName":"search_term_string"}}],"inLanguage":"es"},{"@type":"Organization","@id":"https:\/\/centrourbano.com\/revista\/#organization","name":"Centro Urbano","url":"https:\/\/centrourbano.com\/revista\/","logo":{"@type":"ImageObject","inLanguage":"es","@id":"https:\/\/centrourbano.com\/revista\/#\/schema\/logo\/image\/","url":"https:\/\/centrourbano.com\/revista\/wp-content\/uploads\/web_CU_logo-1.png","contentUrl":"https:\/\/centrourbano.com\/revista\/wp-content\/uploads\/web_CU_logo-1.png","width":350,"height":91,"caption":"Centro Urbano"},"image":{"@id":"https:\/\/centrourbano.com\/revista\/#\/schema\/logo\/image\/"},"sameAs":["https:\/\/www.facebook.com\/portalcentrourbano","https:\/\/x.com\/CentroUrbano","https:\/\/www.instagram.com\/centro_urbano\/","https:\/\/www.linkedin.com\/company\/centro-urbano\/","http:\/\/www.youtube.com\/user\/portalcentrourbano"]},{"@type":"Person","@id":"https:\/\/centrourbano.com\/revista\/#\/schema\/person\/b50192a3cd0e680841b45dc537f53970","name":"Diego Rodr\u00edguez","image":{"@type":"ImageObject","inLanguage":"es","@id":"https:\/\/secure.gravatar.com\/avatar\/d217565525df2df5d4e7265d47758506f41845ed9529510921a7625d8365789d?s=96&d=mm&r=g","url":"https:\/\/secure.gravatar.com\/avatar\/d217565525df2df5d4e7265d47758506f41845ed9529510921a7625d8365789d?s=96&d=mm&r=g","contentUrl":"https:\/\/secure.gravatar.com\/avatar\/d217565525df2df5d4e7265d47758506f41845ed9529510921a7625d8365789d?s=96&d=mm&r=g","caption":"Diego Rodr\u00edguez"},"description":"Egresado de la Facultad de Estudios Superiores Acatl\u00e1n de la carrera en Comunicaci\u00f3n, con especialidad en medios escritos. Reportero del desaparecido peri\u00f3dico Nuestro M\u00e9xico, en donde cubri\u00f3 las fuentes delegacionales y Asamblea Legislativa. Tambi\u00e9n trabaj\u00f3 en la Coordinaci\u00f3n de Comunicaci\u00f3n Social en la delegaci\u00f3n \u00c1lvaro Obreg\u00f3n. Le gusta leer novelas y cuentos.","url":"https:\/\/centrourbano.com\/revista\/author\/diegorodriguez\/"}]}},"_links":{"self":[{"href":"https:\/\/centrourbano.com\/revista\/wp-json\/wp\/v2\/posts\/53915","targetHints":{"allow":["GET"]}}],"collection":[{"href":"https:\/\/centrourbano.com\/revista\/wp-json\/wp\/v2\/posts"}],"about":[{"href":"https:\/\/centrourbano.com\/revista\/wp-json\/wp\/v2\/types\/post"}],"author":[{"embeddable":true,"href":"https:\/\/centrourbano.com\/revista\/wp-json\/wp\/v2\/users\/37"}],"replies":[{"embeddable":true,"href":"https:\/\/centrourbano.com\/revista\/wp-json\/wp\/v2\/comments?post=53915"}],"version-history":[{"count":0,"href":"https:\/\/centrourbano.com\/revista\/wp-json\/wp\/v2\/posts\/53915\/revisions"}],"wp:featuredmedia":[{"embeddable":true,"href":"https:\/\/centrourbano.com\/revista\/wp-json\/wp\/v2\/media\/53916"}],"wp:attachment":[{"href":"https:\/\/centrourbano.com\/revista\/wp-json\/wp\/v2\/media?parent=53915"}],"wp:term":[{"taxonomy":"category","embeddable":true,"href":"https:\/\/centrourbano.com\/revista\/wp-json\/wp\/v2\/categories?post=53915"},{"taxonomy":"post_tag","embeddable":true,"href":"https:\/\/centrourbano.com\/revista\/wp-json\/wp\/v2\/tags?post=53915"}],"curies":[{"name":"wp","href":"https:\/\/api.w.org\/{rel}","templated":true}]}}