{"id":53681,"date":"2017-05-23T14:15:24","date_gmt":"2017-05-23T19:15:24","guid":{"rendered":"https:\/\/centrourbano.com\/?p=53681"},"modified":"2017-05-23T14:17:00","modified_gmt":"2017-05-23T19:17:00","slug":"presentan-finalistas-del-premio-arquitectura-ascensores-enor-2017","status":"publish","type":"post","link":"https:\/\/centrourbano.com\/revista\/arquitectura-2\/presentan-finalistas-del-premio-arquitectura-ascensores-enor-2017\/","title":{"rendered":"Presentan finalistas del Premio de Arquitectura Ascensores Enor 2017"},"content":{"rendered":"<p><em>En total, 21 obras fueron seleccionadas para competir por el galard\u00f3n <\/em><!--more--><\/p>\n<p>Los organizadores de la VII edici\u00f3n del Premio de Arquitectura Ascensores Enor dieron a conocer la lista de las 21 obras fianlistas, de las que saldr\u00e1n las ganadoras de Premio Enor y el Premio Enor de Arquitectura Joven 2017.<\/p>\n<p>El anuncio fue hecho este martes, en donde se detall\u00f3 que ser\u00e1 hasta el mes de noviembre cuando se d\u00e9 a conocer los ganadores, en una ceremonia en la que tambi\u00e9n se presentar\u00e1 el libro de la VII edici\u00f3n de los Premios Enor. <\/p>\n<p>Sobre los proyectos, Carlos Quit\u00e1ns, parte del jurado de esta edici\u00f3n del galard\u00f3n, se\u00f1al\u00f3 que los proyectos poseen una gran calidad, \u201cno podr\u00eda decir que hay proyectos menores\u201d. <\/p>\n<p>A continuaci\u00f3n, presentamos la lista de los finalistas: <\/p>\n<p>1. Museo de las Colecciones Reales\/Madrid.<br \/>\n2. Escuela de Arquitectura en el Antiguo Hospital Militar de Granada.<br \/>\n3. Auditorio de Lugo.<br \/>\n4. Polideportivo para la Universidad Francisco de Victoria.<br \/>\n5. Casa em Alfama\/Lisboa.<br \/>\n6. Casa OE Alforja\/Tarragona.<br \/>\n7. Parque Madrid R\u00edo\/Madrid.<br \/>\n8. Casa Luz Cilleros\/C\u00e1ceres.<br \/>\n9. Sala Beckett. Obrador Internacional de Dramaturgia\/Barcelona.<br \/>\n10. R-Habilitar Menores 12\/Toledo.<br \/>\n11. Can Jordi i n\u2019\u00c0frica\/Mallorca.<br \/>\n12.Casa entre medianeras San Cugat\/Barcelona.<br \/>\n13. II3S. Instituto inova\u00e7\u00e3o e investiga\u00e7\u00e3o em saude\/Porto.<br \/>\n14. Edificio de la Nueva Sede de Norvento\/Lugo.<br \/>\n15. Museo de Bellas Artes de Asturias\/Oviedo.<br \/>\n16. Mirador de Pedra da R\u00e1 Ribeira, A\/ Coru\u00f1a.<br \/>\n17. Antiguo Convento de Santa Mar\u00eda de los Reyes de Sevilla. Consolidaci\u00f3n estructural de inmuebles de inter\u00e9s arquitect\u00f3nico y adecuaci\u00f3n de espacios libres Sevilla.<br \/>\n18. Bodega Mont-Ras\/Girona.<br \/>\n19. Torre de Palma Wine Hotel Vaiamonte\/Monforte.<br \/>\n20. Casa 1014\/Granollers.<br \/>\n21 Casa 1219 Plegamans\/Barcelona.<\/p>\n","protected":false},"excerpt":{"rendered":"<p>En total, 21 obras fueron seleccionadas para competir por el galard\u00f3n<\/p>\n","protected":false},"author":47,"featured_media":53685,"comment_status":"open","ping_status":"closed","sticky":false,"template":"","format":"standard","meta":{"om_disable_all_campaigns":false,"inline_featured_image":false,"_monsterinsights_skip_tracking":false,"_monsterinsights_sitenote_active":false,"_monsterinsights_sitenote_note":"","_monsterinsights_sitenote_category":0,"footnotes":""},"categories":[81],"tags":[10154,10153],"class_list":["post-53681","post","type-post","status-publish","format-standard","has-post-thumbnail","hentry","category-arquitectura-2","tag-carlos-quitans","tag-premio-de-arquitectura-ascensores-enor-2017"],"yoast_head":"<!-- This site is optimized with the Yoast SEO plugin v27.4 - https:\/\/yoast.com\/product\/yoast-seo-wordpress\/ -->\n<title>Presentan finalistas del Premio de Arquitectura Ascensores Enor 2017 -<\/title>\n<meta name=\"description\" content=\"Arquitectura\" \/>\n<meta name=\"robots\" content=\"index, follow, max-snippet:-1, max-image-preview:large, max-video-preview:-1\" \/>\n<link rel=\"canonical\" href=\"https:\/\/centrourbano.com\/revista\/arquitectura-2\/presentan-finalistas-del-premio-arquitectura-ascensores-enor-2017\/\" \/>\n<meta property=\"og:locale\" content=\"es_ES\" \/>\n<meta property=\"og:type\" content=\"article\" \/>\n<meta property=\"og:title\" content=\"Presentan finalistas del Premio de Arquitectura Ascensores Enor 2017 -\" \/>\n<meta property=\"og:description\" content=\"Arquitectura\" \/>\n<meta property=\"og:url\" content=\"https:\/\/centrourbano.com\/revista\/arquitectura-2\/presentan-finalistas-del-premio-arquitectura-ascensores-enor-2017\/\" \/>\n<meta property=\"og:site_name\" content=\"Centro Urbano\" \/>\n<meta property=\"article:publisher\" content=\"https:\/\/www.facebook.com\/portalcentrourbano\" \/>\n<meta property=\"article:published_time\" content=\"2017-05-23T19:15:24+00:00\" \/>\n<meta property=\"article:modified_time\" content=\"2017-05-23T19:17:00+00:00\" \/>\n<meta property=\"og:image\" content=\"https:\/\/centrourbano.com\/revista\/wp-content\/uploads\/Ascensores-Enor.jpeg\" \/>\n\t<meta property=\"og:image:width\" content=\"800\" \/>\n\t<meta property=\"og:image:height\" content=\"533\" \/>\n\t<meta property=\"og:image:type\" content=\"image\/jpeg\" \/>\n<meta name=\"author\" content=\"Edgar Rosas\" \/>\n<meta name=\"twitter:card\" content=\"summary_large_image\" \/>\n<meta name=\"twitter:creator\" content=\"@https:\/\/twitter.com\/ERosasCU?s=09\" \/>\n<meta name=\"twitter:site\" content=\"@CentroUrbano\" \/>\n<meta name=\"twitter:label1\" content=\"Escrito por\" \/>\n\t<meta name=\"twitter:data1\" content=\"Edgar Rosas\" \/>\n\t<meta name=\"twitter:label2\" content=\"Tiempo de lectura\" \/>\n\t<meta name=\"twitter:data2\" content=\"1 minuto\" \/>\n<script type=\"application\/ld+json\" class=\"yoast-schema-graph\">{\"@context\":\"https:\\\/\\\/schema.org\",\"@graph\":[{\"@type\":\"Article\",\"@id\":\"https:\\\/\\\/centrourbano.com\\\/revista\\\/arquitectura-2\\\/presentan-finalistas-del-premio-arquitectura-ascensores-enor-2017\\\/#article\",\"isPartOf\":{\"@id\":\"https:\\\/\\\/centrourbano.com\\\/revista\\\/arquitectura-2\\\/presentan-finalistas-del-premio-arquitectura-ascensores-enor-2017\\\/\"},\"author\":{\"name\":\"Edgar Rosas\",\"@id\":\"https:\\\/\\\/centrourbano.com\\\/revista\\\/#\\\/schema\\\/person\\\/ff3c00651ce5b1630479d2cd0c2e3ac0\"},\"headline\":\"Presentan finalistas del Premio de Arquitectura Ascensores Enor 2017\",\"datePublished\":\"2017-05-23T19:15:24+00:00\",\"dateModified\":\"2017-05-23T19:17:00+00:00\",\"mainEntityOfPage\":{\"@id\":\"https:\\\/\\\/centrourbano.com\\\/revista\\\/arquitectura-2\\\/presentan-finalistas-del-premio-arquitectura-ascensores-enor-2017\\\/\"},\"wordCount\":289,\"commentCount\":0,\"publisher\":{\"@id\":\"https:\\\/\\\/centrourbano.com\\\/revista\\\/#organization\"},\"image\":{\"@id\":\"https:\\\/\\\/centrourbano.com\\\/revista\\\/arquitectura-2\\\/presentan-finalistas-del-premio-arquitectura-ascensores-enor-2017\\\/#primaryimage\"},\"thumbnailUrl\":\"https:\\\/\\\/centrourbano.com\\\/revista\\\/wp-content\\\/uploads\\\/Ascensores-Enor.jpeg\",\"keywords\":[\"Carlos Quit\u00e1ns\",\"Premio de Arquitectura Ascensores Enor 2017\"],\"articleSection\":[\"Arquitectura\"],\"inLanguage\":\"es\",\"potentialAction\":[{\"@type\":\"CommentAction\",\"name\":\"Comment\",\"target\":[\"https:\\\/\\\/centrourbano.com\\\/revista\\\/arquitectura-2\\\/presentan-finalistas-del-premio-arquitectura-ascensores-enor-2017\\\/#respond\"]}]},{\"@type\":\"WebPage\",\"@id\":\"https:\\\/\\\/centrourbano.com\\\/revista\\\/arquitectura-2\\\/presentan-finalistas-del-premio-arquitectura-ascensores-enor-2017\\\/\",\"url\":\"https:\\\/\\\/centrourbano.com\\\/revista\\\/arquitectura-2\\\/presentan-finalistas-del-premio-arquitectura-ascensores-enor-2017\\\/\",\"name\":\"Presentan finalistas del Premio de Arquitectura Ascensores Enor 2017 -\",\"isPartOf\":{\"@id\":\"https:\\\/\\\/centrourbano.com\\\/revista\\\/#website\"},\"primaryImageOfPage\":{\"@id\":\"https:\\\/\\\/centrourbano.com\\\/revista\\\/arquitectura-2\\\/presentan-finalistas-del-premio-arquitectura-ascensores-enor-2017\\\/#primaryimage\"},\"image\":{\"@id\":\"https:\\\/\\\/centrourbano.com\\\/revista\\\/arquitectura-2\\\/presentan-finalistas-del-premio-arquitectura-ascensores-enor-2017\\\/#primaryimage\"},\"thumbnailUrl\":\"https:\\\/\\\/centrourbano.com\\\/revista\\\/wp-content\\\/uploads\\\/Ascensores-Enor.jpeg\",\"datePublished\":\"2017-05-23T19:15:24+00:00\",\"dateModified\":\"2017-05-23T19:17:00+00:00\",\"description\":\"Arquitectura\",\"breadcrumb\":{\"@id\":\"https:\\\/\\\/centrourbano.com\\\/revista\\\/arquitectura-2\\\/presentan-finalistas-del-premio-arquitectura-ascensores-enor-2017\\\/#breadcrumb\"},\"inLanguage\":\"es\",\"potentialAction\":[{\"@type\":\"ReadAction\",\"target\":[\"https:\\\/\\\/centrourbano.com\\\/revista\\\/arquitectura-2\\\/presentan-finalistas-del-premio-arquitectura-ascensores-enor-2017\\\/\"]}]},{\"@type\":\"ImageObject\",\"inLanguage\":\"es\",\"@id\":\"https:\\\/\\\/centrourbano.com\\\/revista\\\/arquitectura-2\\\/presentan-finalistas-del-premio-arquitectura-ascensores-enor-2017\\\/#primaryimage\",\"url\":\"https:\\\/\\\/centrourbano.com\\\/revista\\\/wp-content\\\/uploads\\\/Ascensores-Enor.jpeg\",\"contentUrl\":\"https:\\\/\\\/centrourbano.com\\\/revista\\\/wp-content\\\/uploads\\\/Ascensores-Enor.jpeg\",\"width\":800,\"height\":533,\"caption\":\"En total, 21 obras fueron seleccionadas para competir por el galard\u00f3n\"},{\"@type\":\"BreadcrumbList\",\"@id\":\"https:\\\/\\\/centrourbano.com\\\/revista\\\/arquitectura-2\\\/presentan-finalistas-del-premio-arquitectura-ascensores-enor-2017\\\/#breadcrumb\",\"itemListElement\":[{\"@type\":\"ListItem\",\"position\":1,\"name\":\"Portada\",\"item\":\"https:\\\/\\\/centrourbano.com\\\/revista\\\/\"},{\"@type\":\"ListItem\",\"position\":2,\"name\":\"Presentan finalistas del Premio de Arquitectura Ascensores Enor 2017\"}]},{\"@type\":\"WebSite\",\"@id\":\"https:\\\/\\\/centrourbano.com\\\/revista\\\/#website\",\"url\":\"https:\\\/\\\/centrourbano.com\\\/revista\\\/\",\"name\":\"Centro Urbano\",\"description\":\"Medio especializado en los sectores vivienda, inmobiliario, construcci\u00f3n, arquitectura y urbanismo.\",\"publisher\":{\"@id\":\"https:\\\/\\\/centrourbano.com\\\/revista\\\/#organization\"},\"potentialAction\":[{\"@type\":\"SearchAction\",\"target\":{\"@type\":\"EntryPoint\",\"urlTemplate\":\"https:\\\/\\\/centrourbano.com\\\/revista\\\/?s={search_term_string}\"},\"query-input\":{\"@type\":\"PropertyValueSpecification\",\"valueRequired\":true,\"valueName\":\"search_term_string\"}}],\"inLanguage\":\"es\"},{\"@type\":\"Organization\",\"@id\":\"https:\\\/\\\/centrourbano.com\\\/revista\\\/#organization\",\"name\":\"Centro Urbano\",\"url\":\"https:\\\/\\\/centrourbano.com\\\/revista\\\/\",\"logo\":{\"@type\":\"ImageObject\",\"inLanguage\":\"es\",\"@id\":\"https:\\\/\\\/centrourbano.com\\\/revista\\\/#\\\/schema\\\/logo\\\/image\\\/\",\"url\":\"https:\\\/\\\/centrourbano.com\\\/revista\\\/wp-content\\\/uploads\\\/web_CU_logo-1.png\",\"contentUrl\":\"https:\\\/\\\/centrourbano.com\\\/revista\\\/wp-content\\\/uploads\\\/web_CU_logo-1.png\",\"width\":350,\"height\":91,\"caption\":\"Centro Urbano\"},\"image\":{\"@id\":\"https:\\\/\\\/centrourbano.com\\\/revista\\\/#\\\/schema\\\/logo\\\/image\\\/\"},\"sameAs\":[\"https:\\\/\\\/www.facebook.com\\\/portalcentrourbano\",\"https:\\\/\\\/x.com\\\/CentroUrbano\",\"https:\\\/\\\/www.instagram.com\\\/centro_urbano\\\/\",\"https:\\\/\\\/www.linkedin.com\\\/company\\\/centro-urbano\\\/\",\"http:\\\/\\\/www.youtube.com\\\/user\\\/portalcentrourbano\"]},{\"@type\":\"Person\",\"@id\":\"https:\\\/\\\/centrourbano.com\\\/revista\\\/#\\\/schema\\\/person\\\/ff3c00651ce5b1630479d2cd0c2e3ac0\",\"name\":\"Edgar Rosas\",\"image\":{\"@type\":\"ImageObject\",\"inLanguage\":\"es\",\"@id\":\"https:\\\/\\\/secure.gravatar.com\\\/avatar\\\/94440c4283495211faa5300bf85e80061036b83fced868c3783aa1310b350d9c?s=96&d=mm&r=g\",\"url\":\"https:\\\/\\\/secure.gravatar.com\\\/avatar\\\/94440c4283495211faa5300bf85e80061036b83fced868c3783aa1310b350d9c?s=96&d=mm&r=g\",\"contentUrl\":\"https:\\\/\\\/secure.gravatar.com\\\/avatar\\\/94440c4283495211faa5300bf85e80061036b83fced868c3783aa1310b350d9c?s=96&d=mm&r=g\",\"caption\":\"Edgar Rosas\"},\"description\":\"Editor en Jefe de Centro Urbano. Egresado de la maestr\u00eda en Periodismo Pol\u00edtico de la Escuela de Periodismo Carlos Septi\u00e9n Garc\u00eda (EPCSG). Estudi\u00f3 la licenciatura en Comunicaci\u00f3n en la Universidad Mexicana. Amante de la cr\u00f3nica y el reportaje. Admirador de Vicente Le\u00f1ero y Miguel \u00c1ngel Granados Chapa.\",\"sameAs\":[\"https:\\\/\\\/x.com\\\/https:\\\/\\\/twitter.com\\\/ERosasCU?s=09\"],\"url\":\"https:\\\/\\\/centrourbano.com\\\/revista\\\/author\\\/edgar-rosas\\\/\"}]}<\/script>\n<!-- \/ Yoast SEO plugin. -->","yoast_head_json":{"title":"Presentan finalistas del Premio de Arquitectura Ascensores Enor 2017 -","description":"Arquitectura","robots":{"index":"index","follow":"follow","max-snippet":"max-snippet:-1","max-image-preview":"max-image-preview:large","max-video-preview":"max-video-preview:-1"},"canonical":"https:\/\/centrourbano.com\/revista\/arquitectura-2\/presentan-finalistas-del-premio-arquitectura-ascensores-enor-2017\/","og_locale":"es_ES","og_type":"article","og_title":"Presentan finalistas del Premio de Arquitectura Ascensores Enor 2017 -","og_description":"Arquitectura","og_url":"https:\/\/centrourbano.com\/revista\/arquitectura-2\/presentan-finalistas-del-premio-arquitectura-ascensores-enor-2017\/","og_site_name":"Centro Urbano","article_publisher":"https:\/\/www.facebook.com\/portalcentrourbano","article_published_time":"2017-05-23T19:15:24+00:00","article_modified_time":"2017-05-23T19:17:00+00:00","og_image":[{"width":800,"height":533,"url":"https:\/\/centrourbano.com\/revista\/wp-content\/uploads\/Ascensores-Enor.jpeg","type":"image\/jpeg"}],"author":"Edgar Rosas","twitter_card":"summary_large_image","twitter_creator":"@https:\/\/twitter.com\/ERosasCU?s=09","twitter_site":"@CentroUrbano","twitter_misc":{"Escrito por":"Edgar Rosas","Tiempo de lectura":"1 minuto"},"schema":{"@context":"https:\/\/schema.org","@graph":[{"@type":"Article","@id":"https:\/\/centrourbano.com\/revista\/arquitectura-2\/presentan-finalistas-del-premio-arquitectura-ascensores-enor-2017\/#article","isPartOf":{"@id":"https:\/\/centrourbano.com\/revista\/arquitectura-2\/presentan-finalistas-del-premio-arquitectura-ascensores-enor-2017\/"},"author":{"name":"Edgar Rosas","@id":"https:\/\/centrourbano.com\/revista\/#\/schema\/person\/ff3c00651ce5b1630479d2cd0c2e3ac0"},"headline":"Presentan finalistas del Premio de Arquitectura Ascensores Enor 2017","datePublished":"2017-05-23T19:15:24+00:00","dateModified":"2017-05-23T19:17:00+00:00","mainEntityOfPage":{"@id":"https:\/\/centrourbano.com\/revista\/arquitectura-2\/presentan-finalistas-del-premio-arquitectura-ascensores-enor-2017\/"},"wordCount":289,"commentCount":0,"publisher":{"@id":"https:\/\/centrourbano.com\/revista\/#organization"},"image":{"@id":"https:\/\/centrourbano.com\/revista\/arquitectura-2\/presentan-finalistas-del-premio-arquitectura-ascensores-enor-2017\/#primaryimage"},"thumbnailUrl":"https:\/\/centrourbano.com\/revista\/wp-content\/uploads\/Ascensores-Enor.jpeg","keywords":["Carlos Quit\u00e1ns","Premio de Arquitectura Ascensores Enor 2017"],"articleSection":["Arquitectura"],"inLanguage":"es","potentialAction":[{"@type":"CommentAction","name":"Comment","target":["https:\/\/centrourbano.com\/revista\/arquitectura-2\/presentan-finalistas-del-premio-arquitectura-ascensores-enor-2017\/#respond"]}]},{"@type":"WebPage","@id":"https:\/\/centrourbano.com\/revista\/arquitectura-2\/presentan-finalistas-del-premio-arquitectura-ascensores-enor-2017\/","url":"https:\/\/centrourbano.com\/revista\/arquitectura-2\/presentan-finalistas-del-premio-arquitectura-ascensores-enor-2017\/","name":"Presentan finalistas del Premio de Arquitectura Ascensores Enor 2017 -","isPartOf":{"@id":"https:\/\/centrourbano.com\/revista\/#website"},"primaryImageOfPage":{"@id":"https:\/\/centrourbano.com\/revista\/arquitectura-2\/presentan-finalistas-del-premio-arquitectura-ascensores-enor-2017\/#primaryimage"},"image":{"@id":"https:\/\/centrourbano.com\/revista\/arquitectura-2\/presentan-finalistas-del-premio-arquitectura-ascensores-enor-2017\/#primaryimage"},"thumbnailUrl":"https:\/\/centrourbano.com\/revista\/wp-content\/uploads\/Ascensores-Enor.jpeg","datePublished":"2017-05-23T19:15:24+00:00","dateModified":"2017-05-23T19:17:00+00:00","description":"Arquitectura","breadcrumb":{"@id":"https:\/\/centrourbano.com\/revista\/arquitectura-2\/presentan-finalistas-del-premio-arquitectura-ascensores-enor-2017\/#breadcrumb"},"inLanguage":"es","potentialAction":[{"@type":"ReadAction","target":["https:\/\/centrourbano.com\/revista\/arquitectura-2\/presentan-finalistas-del-premio-arquitectura-ascensores-enor-2017\/"]}]},{"@type":"ImageObject","inLanguage":"es","@id":"https:\/\/centrourbano.com\/revista\/arquitectura-2\/presentan-finalistas-del-premio-arquitectura-ascensores-enor-2017\/#primaryimage","url":"https:\/\/centrourbano.com\/revista\/wp-content\/uploads\/Ascensores-Enor.jpeg","contentUrl":"https:\/\/centrourbano.com\/revista\/wp-content\/uploads\/Ascensores-Enor.jpeg","width":800,"height":533,"caption":"En total, 21 obras fueron seleccionadas para competir por el galard\u00f3n"},{"@type":"BreadcrumbList","@id":"https:\/\/centrourbano.com\/revista\/arquitectura-2\/presentan-finalistas-del-premio-arquitectura-ascensores-enor-2017\/#breadcrumb","itemListElement":[{"@type":"ListItem","position":1,"name":"Portada","item":"https:\/\/centrourbano.com\/revista\/"},{"@type":"ListItem","position":2,"name":"Presentan finalistas del Premio de Arquitectura Ascensores Enor 2017"}]},{"@type":"WebSite","@id":"https:\/\/centrourbano.com\/revista\/#website","url":"https:\/\/centrourbano.com\/revista\/","name":"Centro Urbano","description":"Medio especializado en los sectores vivienda, inmobiliario, construcci\u00f3n, arquitectura y urbanismo.","publisher":{"@id":"https:\/\/centrourbano.com\/revista\/#organization"},"potentialAction":[{"@type":"SearchAction","target":{"@type":"EntryPoint","urlTemplate":"https:\/\/centrourbano.com\/revista\/?s={search_term_string}"},"query-input":{"@type":"PropertyValueSpecification","valueRequired":true,"valueName":"search_term_string"}}],"inLanguage":"es"},{"@type":"Organization","@id":"https:\/\/centrourbano.com\/revista\/#organization","name":"Centro Urbano","url":"https:\/\/centrourbano.com\/revista\/","logo":{"@type":"ImageObject","inLanguage":"es","@id":"https:\/\/centrourbano.com\/revista\/#\/schema\/logo\/image\/","url":"https:\/\/centrourbano.com\/revista\/wp-content\/uploads\/web_CU_logo-1.png","contentUrl":"https:\/\/centrourbano.com\/revista\/wp-content\/uploads\/web_CU_logo-1.png","width":350,"height":91,"caption":"Centro Urbano"},"image":{"@id":"https:\/\/centrourbano.com\/revista\/#\/schema\/logo\/image\/"},"sameAs":["https:\/\/www.facebook.com\/portalcentrourbano","https:\/\/x.com\/CentroUrbano","https:\/\/www.instagram.com\/centro_urbano\/","https:\/\/www.linkedin.com\/company\/centro-urbano\/","http:\/\/www.youtube.com\/user\/portalcentrourbano"]},{"@type":"Person","@id":"https:\/\/centrourbano.com\/revista\/#\/schema\/person\/ff3c00651ce5b1630479d2cd0c2e3ac0","name":"Edgar Rosas","image":{"@type":"ImageObject","inLanguage":"es","@id":"https:\/\/secure.gravatar.com\/avatar\/94440c4283495211faa5300bf85e80061036b83fced868c3783aa1310b350d9c?s=96&d=mm&r=g","url":"https:\/\/secure.gravatar.com\/avatar\/94440c4283495211faa5300bf85e80061036b83fced868c3783aa1310b350d9c?s=96&d=mm&r=g","contentUrl":"https:\/\/secure.gravatar.com\/avatar\/94440c4283495211faa5300bf85e80061036b83fced868c3783aa1310b350d9c?s=96&d=mm&r=g","caption":"Edgar Rosas"},"description":"Editor en Jefe de Centro Urbano. Egresado de la maestr\u00eda en Periodismo Pol\u00edtico de la Escuela de Periodismo Carlos Septi\u00e9n Garc\u00eda (EPCSG). Estudi\u00f3 la licenciatura en Comunicaci\u00f3n en la Universidad Mexicana. Amante de la cr\u00f3nica y el reportaje. Admirador de Vicente Le\u00f1ero y Miguel \u00c1ngel Granados Chapa.","sameAs":["https:\/\/x.com\/https:\/\/twitter.com\/ERosasCU?s=09"],"url":"https:\/\/centrourbano.com\/revista\/author\/edgar-rosas\/"}]}},"_links":{"self":[{"href":"https:\/\/centrourbano.com\/revista\/wp-json\/wp\/v2\/posts\/53681","targetHints":{"allow":["GET"]}}],"collection":[{"href":"https:\/\/centrourbano.com\/revista\/wp-json\/wp\/v2\/posts"}],"about":[{"href":"https:\/\/centrourbano.com\/revista\/wp-json\/wp\/v2\/types\/post"}],"author":[{"embeddable":true,"href":"https:\/\/centrourbano.com\/revista\/wp-json\/wp\/v2\/users\/47"}],"replies":[{"embeddable":true,"href":"https:\/\/centrourbano.com\/revista\/wp-json\/wp\/v2\/comments?post=53681"}],"version-history":[{"count":0,"href":"https:\/\/centrourbano.com\/revista\/wp-json\/wp\/v2\/posts\/53681\/revisions"}],"wp:featuredmedia":[{"embeddable":true,"href":"https:\/\/centrourbano.com\/revista\/wp-json\/wp\/v2\/media\/53685"}],"wp:attachment":[{"href":"https:\/\/centrourbano.com\/revista\/wp-json\/wp\/v2\/media?parent=53681"}],"wp:term":[{"taxonomy":"category","embeddable":true,"href":"https:\/\/centrourbano.com\/revista\/wp-json\/wp\/v2\/categories?post=53681"},{"taxonomy":"post_tag","embeddable":true,"href":"https:\/\/centrourbano.com\/revista\/wp-json\/wp\/v2\/tags?post=53681"}],"curies":[{"name":"wp","href":"https:\/\/api.w.org\/{rel}","templated":true}]}}