{"id":53506,"date":"2017-05-18T16:18:28","date_gmt":"2017-05-18T21:18:28","guid":{"rendered":"https:\/\/centrourbano.com\/?p=53506"},"modified":"2017-05-18T16:32:23","modified_gmt":"2017-05-18T21:32:23","slug":"alistan-rehabilitacion-mercado-fuerte","status":"publish","type":"post","link":"https:\/\/centrourbano.com\/revista\/urbanismo\/alistan-rehabilitacion-mercado-fuerte\/","title":{"rendered":"Alistan rehabilitaci\u00f3n de mercado en El Fuerte"},"content":{"rendered":"<p><em>Locatarios piden que se d\u00e9 mantenimiento al drenaje, iluminaci\u00f3n y sistema el\u00e9ctrico<\/em><br \/>\n<!--more--><\/p>\n<p>El gobierno de Sinaloa y la Secretar\u00eda de Econom\u00eda del estado destinar\u00e1n recursos para la rehabilitaci\u00f3n del mercado municipal de El Fuerte, para que sea un atractivo tur\u00edstico de este lugar que est\u00e1 enlistado como Pueblo M\u00e1gico. <\/p>\n<p>As\u00ed lo dieron a conocer Javier Liz\u00e1rraga Mercado, titular de la Secretar\u00eda de Econom\u00eda (Sedeco); Nubia Ramos Carbajal, presidenta municipal de El Fuerte y Juan Alberto Flores Verduzco, representante de los sectores hotelero, comercial y restaurantero.<\/p>\n<p>\u201cQueremos tener un mercado m\u00e1s digno, acorde a lo que es un Pueblo M\u00e1gico, no puede ser independiente un mercado en una ciudad tan bonita como El Fuerte, tenemos que cerrar la pinza y uno de los apoyos que vamos a darle va a ser muy contundente en el mercado\u201d, dijo Liz\u00e1rraga. <\/p>\n<p>Morayma Yaseen, subsecretaria de Planeaci\u00f3n de la Sedeco, detall\u00f3 que una vez que se conozca el monto econ\u00f3mico necesario, \u201cse buscar\u00e1 obtener una mezcla de recursos y bajar de la convocatoria 2.2 de Inadem alg\u00fan recurso que pueda fortalecer esta inversi\u00f3n en el corto plazo\u201d.<\/p>\n<p>Los funcionarios realizaron un recorrido por las instalaciones del mercado, con la intenci\u00f3n de buscar las \u00e1reas de oportunidad y mejorar ante las malas condiciones en que se encuentra. <\/p>\n<p>Los 50 locatarios quienes hablaron de la necesidad de mejorar el drenaje, iluminaci\u00f3n, sistema el\u00e9ctrico, pisos, ba\u00f1os y la fachada para que vaya de acuerdo al Pueblo M\u00e1gico que es El Fuerte y sea un atractivo tur\u00edstico.<\/p>\n","protected":false},"excerpt":{"rendered":"<p>Locatarios piden que se d\u00e9 mantenimiento al drenaje, iluminaci\u00f3n y sistema el\u00e9ctrico<\/p>\n","protected":false},"author":37,"featured_media":53522,"comment_status":"open","ping_status":"closed","sticky":false,"template":"","format":"standard","meta":{"om_disable_all_campaigns":false,"inline_featured_image":false,"_monsterinsights_skip_tracking":false,"_monsterinsights_sitenote_active":false,"_monsterinsights_sitenote_note":"","_monsterinsights_sitenote_category":0,"footnotes":""},"categories":[82],"tags":[],"class_list":["post-53506","post","type-post","status-publish","format-standard","has-post-thumbnail","hentry","category-urbanismo"],"yoast_head":"<!-- This site is optimized with the Yoast SEO plugin v27.4 - https:\/\/yoast.com\/product\/yoast-seo-wordpress\/ -->\n<title>Alistan rehabilitaci\u00f3n de mercado en El Fuerte -<\/title>\n<meta name=\"description\" content=\"El gobierno de Sinaloa y la Secretar\u00eda de Econom\u00eda del estado destinar\u00e1n recursos para la rehabilitaci\u00f3n del mercado municipal de El Fuerte, para que sea un atractivo tur\u00edstico de este lugar que est\u00e1 enlistado como Pueblo M\u00e1gico.\" \/>\n<meta name=\"robots\" content=\"index, follow, max-snippet:-1, max-image-preview:large, max-video-preview:-1\" \/>\n<link rel=\"canonical\" href=\"https:\/\/centrourbano.com\/revista\/urbanismo\/alistan-rehabilitacion-mercado-fuerte\/\" \/>\n<meta property=\"og:locale\" content=\"es_ES\" \/>\n<meta property=\"og:type\" content=\"article\" \/>\n<meta property=\"og:title\" content=\"Alistan rehabilitaci\u00f3n de mercado en El Fuerte -\" \/>\n<meta property=\"og:description\" content=\"El gobierno de Sinaloa y la Secretar\u00eda de Econom\u00eda del estado destinar\u00e1n recursos para la rehabilitaci\u00f3n del mercado municipal de El Fuerte, para que sea un atractivo tur\u00edstico de este lugar que est\u00e1 enlistado como Pueblo M\u00e1gico.\" \/>\n<meta property=\"og:url\" content=\"https:\/\/centrourbano.com\/revista\/urbanismo\/alistan-rehabilitacion-mercado-fuerte\/\" \/>\n<meta property=\"og:site_name\" content=\"Centro Urbano\" \/>\n<meta property=\"article:publisher\" content=\"https:\/\/www.facebook.com\/portalcentrourbano\" \/>\n<meta property=\"article:published_time\" content=\"2017-05-18T21:18:28+00:00\" \/>\n<meta property=\"article:modified_time\" content=\"2017-05-18T21:32:23+00:00\" \/>\n<meta property=\"og:image\" content=\"https:\/\/centrourbano.com\/revista\/wp-content\/uploads\/el-fuerte.png\" \/>\n\t<meta property=\"og:image:width\" content=\"1280\" \/>\n\t<meta property=\"og:image:height\" content=\"853\" \/>\n\t<meta property=\"og:image:type\" content=\"image\/png\" \/>\n<meta name=\"author\" content=\"Diego Rodr\u00edguez\" \/>\n<meta name=\"twitter:card\" content=\"summary_large_image\" \/>\n<meta name=\"twitter:creator\" content=\"@CentroUrbano\" \/>\n<meta name=\"twitter:site\" content=\"@CentroUrbano\" \/>\n<meta name=\"twitter:label1\" content=\"Escrito por\" \/>\n\t<meta name=\"twitter:data1\" content=\"Diego Rodr\u00edguez\" \/>\n\t<meta name=\"twitter:label2\" content=\"Tiempo de lectura\" \/>\n\t<meta name=\"twitter:data2\" content=\"1 minuto\" \/>\n<script type=\"application\/ld+json\" class=\"yoast-schema-graph\">{\"@context\":\"https:\\\/\\\/schema.org\",\"@graph\":[{\"@type\":\"Article\",\"@id\":\"https:\\\/\\\/centrourbano.com\\\/revista\\\/urbanismo\\\/alistan-rehabilitacion-mercado-fuerte\\\/#article\",\"isPartOf\":{\"@id\":\"https:\\\/\\\/centrourbano.com\\\/revista\\\/urbanismo\\\/alistan-rehabilitacion-mercado-fuerte\\\/\"},\"author\":{\"name\":\"Diego Rodr\u00edguez\",\"@id\":\"https:\\\/\\\/centrourbano.com\\\/revista\\\/#\\\/schema\\\/person\\\/b50192a3cd0e680841b45dc537f53970\"},\"headline\":\"Alistan rehabilitaci\u00f3n de mercado en El Fuerte\",\"datePublished\":\"2017-05-18T21:18:28+00:00\",\"dateModified\":\"2017-05-18T21:32:23+00:00\",\"mainEntityOfPage\":{\"@id\":\"https:\\\/\\\/centrourbano.com\\\/revista\\\/urbanismo\\\/alistan-rehabilitacion-mercado-fuerte\\\/\"},\"wordCount\":278,\"commentCount\":0,\"publisher\":{\"@id\":\"https:\\\/\\\/centrourbano.com\\\/revista\\\/#organization\"},\"image\":{\"@id\":\"https:\\\/\\\/centrourbano.com\\\/revista\\\/urbanismo\\\/alistan-rehabilitacion-mercado-fuerte\\\/#primaryimage\"},\"thumbnailUrl\":\"https:\\\/\\\/centrourbano.com\\\/revista\\\/wp-content\\\/uploads\\\/el-fuerte.png\",\"articleSection\":[\"Urbanismo\"],\"inLanguage\":\"es\",\"potentialAction\":[{\"@type\":\"CommentAction\",\"name\":\"Comment\",\"target\":[\"https:\\\/\\\/centrourbano.com\\\/revista\\\/urbanismo\\\/alistan-rehabilitacion-mercado-fuerte\\\/#respond\"]}]},{\"@type\":\"WebPage\",\"@id\":\"https:\\\/\\\/centrourbano.com\\\/revista\\\/urbanismo\\\/alistan-rehabilitacion-mercado-fuerte\\\/\",\"url\":\"https:\\\/\\\/centrourbano.com\\\/revista\\\/urbanismo\\\/alistan-rehabilitacion-mercado-fuerte\\\/\",\"name\":\"Alistan rehabilitaci\u00f3n de mercado en El Fuerte -\",\"isPartOf\":{\"@id\":\"https:\\\/\\\/centrourbano.com\\\/revista\\\/#website\"},\"primaryImageOfPage\":{\"@id\":\"https:\\\/\\\/centrourbano.com\\\/revista\\\/urbanismo\\\/alistan-rehabilitacion-mercado-fuerte\\\/#primaryimage\"},\"image\":{\"@id\":\"https:\\\/\\\/centrourbano.com\\\/revista\\\/urbanismo\\\/alistan-rehabilitacion-mercado-fuerte\\\/#primaryimage\"},\"thumbnailUrl\":\"https:\\\/\\\/centrourbano.com\\\/revista\\\/wp-content\\\/uploads\\\/el-fuerte.png\",\"datePublished\":\"2017-05-18T21:18:28+00:00\",\"dateModified\":\"2017-05-18T21:32:23+00:00\",\"description\":\"El gobierno de Sinaloa y la Secretar\u00eda de Econom\u00eda del estado destinar\u00e1n recursos para la rehabilitaci\u00f3n del mercado municipal de El Fuerte, para que sea un atractivo tur\u00edstico de este lugar que est\u00e1 enlistado como Pueblo M\u00e1gico.\",\"breadcrumb\":{\"@id\":\"https:\\\/\\\/centrourbano.com\\\/revista\\\/urbanismo\\\/alistan-rehabilitacion-mercado-fuerte\\\/#breadcrumb\"},\"inLanguage\":\"es\",\"potentialAction\":[{\"@type\":\"ReadAction\",\"target\":[\"https:\\\/\\\/centrourbano.com\\\/revista\\\/urbanismo\\\/alistan-rehabilitacion-mercado-fuerte\\\/\"]}]},{\"@type\":\"ImageObject\",\"inLanguage\":\"es\",\"@id\":\"https:\\\/\\\/centrourbano.com\\\/revista\\\/urbanismo\\\/alistan-rehabilitacion-mercado-fuerte\\\/#primaryimage\",\"url\":\"https:\\\/\\\/centrourbano.com\\\/revista\\\/wp-content\\\/uploads\\\/el-fuerte.png\",\"contentUrl\":\"https:\\\/\\\/centrourbano.com\\\/revista\\\/wp-content\\\/uploads\\\/el-fuerte.png\",\"width\":1280,\"height\":853,\"caption\":\"Locatarios piden que se d\u00e9 mantenimiento al drenaje, iluminaci\u00f3n y sistema el\u00e9ctrico\"},{\"@type\":\"BreadcrumbList\",\"@id\":\"https:\\\/\\\/centrourbano.com\\\/revista\\\/urbanismo\\\/alistan-rehabilitacion-mercado-fuerte\\\/#breadcrumb\",\"itemListElement\":[{\"@type\":\"ListItem\",\"position\":1,\"name\":\"Portada\",\"item\":\"https:\\\/\\\/centrourbano.com\\\/revista\\\/\"},{\"@type\":\"ListItem\",\"position\":2,\"name\":\"Alistan rehabilitaci\u00f3n de mercado en El Fuerte\"}]},{\"@type\":\"WebSite\",\"@id\":\"https:\\\/\\\/centrourbano.com\\\/revista\\\/#website\",\"url\":\"https:\\\/\\\/centrourbano.com\\\/revista\\\/\",\"name\":\"Centro Urbano\",\"description\":\"Medio especializado en los sectores vivienda, inmobiliario, construcci\u00f3n, arquitectura y urbanismo.\",\"publisher\":{\"@id\":\"https:\\\/\\\/centrourbano.com\\\/revista\\\/#organization\"},\"potentialAction\":[{\"@type\":\"SearchAction\",\"target\":{\"@type\":\"EntryPoint\",\"urlTemplate\":\"https:\\\/\\\/centrourbano.com\\\/revista\\\/?s={search_term_string}\"},\"query-input\":{\"@type\":\"PropertyValueSpecification\",\"valueRequired\":true,\"valueName\":\"search_term_string\"}}],\"inLanguage\":\"es\"},{\"@type\":\"Organization\",\"@id\":\"https:\\\/\\\/centrourbano.com\\\/revista\\\/#organization\",\"name\":\"Centro Urbano\",\"url\":\"https:\\\/\\\/centrourbano.com\\\/revista\\\/\",\"logo\":{\"@type\":\"ImageObject\",\"inLanguage\":\"es\",\"@id\":\"https:\\\/\\\/centrourbano.com\\\/revista\\\/#\\\/schema\\\/logo\\\/image\\\/\",\"url\":\"https:\\\/\\\/centrourbano.com\\\/revista\\\/wp-content\\\/uploads\\\/web_CU_logo-1.png\",\"contentUrl\":\"https:\\\/\\\/centrourbano.com\\\/revista\\\/wp-content\\\/uploads\\\/web_CU_logo-1.png\",\"width\":350,\"height\":91,\"caption\":\"Centro Urbano\"},\"image\":{\"@id\":\"https:\\\/\\\/centrourbano.com\\\/revista\\\/#\\\/schema\\\/logo\\\/image\\\/\"},\"sameAs\":[\"https:\\\/\\\/www.facebook.com\\\/portalcentrourbano\",\"https:\\\/\\\/x.com\\\/CentroUrbano\",\"https:\\\/\\\/www.instagram.com\\\/centro_urbano\\\/\",\"https:\\\/\\\/www.linkedin.com\\\/company\\\/centro-urbano\\\/\",\"http:\\\/\\\/www.youtube.com\\\/user\\\/portalcentrourbano\"]},{\"@type\":\"Person\",\"@id\":\"https:\\\/\\\/centrourbano.com\\\/revista\\\/#\\\/schema\\\/person\\\/b50192a3cd0e680841b45dc537f53970\",\"name\":\"Diego Rodr\u00edguez\",\"image\":{\"@type\":\"ImageObject\",\"inLanguage\":\"es\",\"@id\":\"https:\\\/\\\/secure.gravatar.com\\\/avatar\\\/d217565525df2df5d4e7265d47758506f41845ed9529510921a7625d8365789d?s=96&d=mm&r=g\",\"url\":\"https:\\\/\\\/secure.gravatar.com\\\/avatar\\\/d217565525df2df5d4e7265d47758506f41845ed9529510921a7625d8365789d?s=96&d=mm&r=g\",\"contentUrl\":\"https:\\\/\\\/secure.gravatar.com\\\/avatar\\\/d217565525df2df5d4e7265d47758506f41845ed9529510921a7625d8365789d?s=96&d=mm&r=g\",\"caption\":\"Diego Rodr\u00edguez\"},\"description\":\"Egresado de la Facultad de Estudios Superiores Acatl\u00e1n de la carrera en Comunicaci\u00f3n, con especialidad en medios escritos. Reportero del desaparecido peri\u00f3dico Nuestro M\u00e9xico, en donde cubri\u00f3 las fuentes delegacionales y Asamblea Legislativa. Tambi\u00e9n trabaj\u00f3 en la Coordinaci\u00f3n de Comunicaci\u00f3n Social en la delegaci\u00f3n \u00c1lvaro Obreg\u00f3n. Le gusta leer novelas y cuentos.\",\"url\":\"https:\\\/\\\/centrourbano.com\\\/revista\\\/author\\\/diegorodriguez\\\/\"}]}<\/script>\n<!-- \/ Yoast SEO plugin. -->","yoast_head_json":{"title":"Alistan rehabilitaci\u00f3n de mercado en El Fuerte -","description":"El gobierno de Sinaloa y la Secretar\u00eda de Econom\u00eda del estado destinar\u00e1n recursos para la rehabilitaci\u00f3n del mercado municipal de El Fuerte, para que sea un atractivo tur\u00edstico de este lugar que est\u00e1 enlistado como Pueblo M\u00e1gico.","robots":{"index":"index","follow":"follow","max-snippet":"max-snippet:-1","max-image-preview":"max-image-preview:large","max-video-preview":"max-video-preview:-1"},"canonical":"https:\/\/centrourbano.com\/revista\/urbanismo\/alistan-rehabilitacion-mercado-fuerte\/","og_locale":"es_ES","og_type":"article","og_title":"Alistan rehabilitaci\u00f3n de mercado en El Fuerte -","og_description":"El gobierno de Sinaloa y la Secretar\u00eda de Econom\u00eda del estado destinar\u00e1n recursos para la rehabilitaci\u00f3n del mercado municipal de El Fuerte, para que sea un atractivo tur\u00edstico de este lugar que est\u00e1 enlistado como Pueblo M\u00e1gico.","og_url":"https:\/\/centrourbano.com\/revista\/urbanismo\/alistan-rehabilitacion-mercado-fuerte\/","og_site_name":"Centro Urbano","article_publisher":"https:\/\/www.facebook.com\/portalcentrourbano","article_published_time":"2017-05-18T21:18:28+00:00","article_modified_time":"2017-05-18T21:32:23+00:00","og_image":[{"width":1280,"height":853,"url":"https:\/\/centrourbano.com\/revista\/wp-content\/uploads\/el-fuerte.png","type":"image\/png"}],"author":"Diego Rodr\u00edguez","twitter_card":"summary_large_image","twitter_creator":"@CentroUrbano","twitter_site":"@CentroUrbano","twitter_misc":{"Escrito por":"Diego Rodr\u00edguez","Tiempo de lectura":"1 minuto"},"schema":{"@context":"https:\/\/schema.org","@graph":[{"@type":"Article","@id":"https:\/\/centrourbano.com\/revista\/urbanismo\/alistan-rehabilitacion-mercado-fuerte\/#article","isPartOf":{"@id":"https:\/\/centrourbano.com\/revista\/urbanismo\/alistan-rehabilitacion-mercado-fuerte\/"},"author":{"name":"Diego Rodr\u00edguez","@id":"https:\/\/centrourbano.com\/revista\/#\/schema\/person\/b50192a3cd0e680841b45dc537f53970"},"headline":"Alistan rehabilitaci\u00f3n de mercado en El Fuerte","datePublished":"2017-05-18T21:18:28+00:00","dateModified":"2017-05-18T21:32:23+00:00","mainEntityOfPage":{"@id":"https:\/\/centrourbano.com\/revista\/urbanismo\/alistan-rehabilitacion-mercado-fuerte\/"},"wordCount":278,"commentCount":0,"publisher":{"@id":"https:\/\/centrourbano.com\/revista\/#organization"},"image":{"@id":"https:\/\/centrourbano.com\/revista\/urbanismo\/alistan-rehabilitacion-mercado-fuerte\/#primaryimage"},"thumbnailUrl":"https:\/\/centrourbano.com\/revista\/wp-content\/uploads\/el-fuerte.png","articleSection":["Urbanismo"],"inLanguage":"es","potentialAction":[{"@type":"CommentAction","name":"Comment","target":["https:\/\/centrourbano.com\/revista\/urbanismo\/alistan-rehabilitacion-mercado-fuerte\/#respond"]}]},{"@type":"WebPage","@id":"https:\/\/centrourbano.com\/revista\/urbanismo\/alistan-rehabilitacion-mercado-fuerte\/","url":"https:\/\/centrourbano.com\/revista\/urbanismo\/alistan-rehabilitacion-mercado-fuerte\/","name":"Alistan rehabilitaci\u00f3n de mercado en El Fuerte -","isPartOf":{"@id":"https:\/\/centrourbano.com\/revista\/#website"},"primaryImageOfPage":{"@id":"https:\/\/centrourbano.com\/revista\/urbanismo\/alistan-rehabilitacion-mercado-fuerte\/#primaryimage"},"image":{"@id":"https:\/\/centrourbano.com\/revista\/urbanismo\/alistan-rehabilitacion-mercado-fuerte\/#primaryimage"},"thumbnailUrl":"https:\/\/centrourbano.com\/revista\/wp-content\/uploads\/el-fuerte.png","datePublished":"2017-05-18T21:18:28+00:00","dateModified":"2017-05-18T21:32:23+00:00","description":"El gobierno de Sinaloa y la Secretar\u00eda de Econom\u00eda del estado destinar\u00e1n recursos para la rehabilitaci\u00f3n del mercado municipal de El Fuerte, para que sea un atractivo tur\u00edstico de este lugar que est\u00e1 enlistado como Pueblo M\u00e1gico.","breadcrumb":{"@id":"https:\/\/centrourbano.com\/revista\/urbanismo\/alistan-rehabilitacion-mercado-fuerte\/#breadcrumb"},"inLanguage":"es","potentialAction":[{"@type":"ReadAction","target":["https:\/\/centrourbano.com\/revista\/urbanismo\/alistan-rehabilitacion-mercado-fuerte\/"]}]},{"@type":"ImageObject","inLanguage":"es","@id":"https:\/\/centrourbano.com\/revista\/urbanismo\/alistan-rehabilitacion-mercado-fuerte\/#primaryimage","url":"https:\/\/centrourbano.com\/revista\/wp-content\/uploads\/el-fuerte.png","contentUrl":"https:\/\/centrourbano.com\/revista\/wp-content\/uploads\/el-fuerte.png","width":1280,"height":853,"caption":"Locatarios piden que se d\u00e9 mantenimiento al drenaje, iluminaci\u00f3n y sistema el\u00e9ctrico"},{"@type":"BreadcrumbList","@id":"https:\/\/centrourbano.com\/revista\/urbanismo\/alistan-rehabilitacion-mercado-fuerte\/#breadcrumb","itemListElement":[{"@type":"ListItem","position":1,"name":"Portada","item":"https:\/\/centrourbano.com\/revista\/"},{"@type":"ListItem","position":2,"name":"Alistan rehabilitaci\u00f3n de mercado en El Fuerte"}]},{"@type":"WebSite","@id":"https:\/\/centrourbano.com\/revista\/#website","url":"https:\/\/centrourbano.com\/revista\/","name":"Centro Urbano","description":"Medio especializado en los sectores vivienda, inmobiliario, construcci\u00f3n, arquitectura y urbanismo.","publisher":{"@id":"https:\/\/centrourbano.com\/revista\/#organization"},"potentialAction":[{"@type":"SearchAction","target":{"@type":"EntryPoint","urlTemplate":"https:\/\/centrourbano.com\/revista\/?s={search_term_string}"},"query-input":{"@type":"PropertyValueSpecification","valueRequired":true,"valueName":"search_term_string"}}],"inLanguage":"es"},{"@type":"Organization","@id":"https:\/\/centrourbano.com\/revista\/#organization","name":"Centro Urbano","url":"https:\/\/centrourbano.com\/revista\/","logo":{"@type":"ImageObject","inLanguage":"es","@id":"https:\/\/centrourbano.com\/revista\/#\/schema\/logo\/image\/","url":"https:\/\/centrourbano.com\/revista\/wp-content\/uploads\/web_CU_logo-1.png","contentUrl":"https:\/\/centrourbano.com\/revista\/wp-content\/uploads\/web_CU_logo-1.png","width":350,"height":91,"caption":"Centro Urbano"},"image":{"@id":"https:\/\/centrourbano.com\/revista\/#\/schema\/logo\/image\/"},"sameAs":["https:\/\/www.facebook.com\/portalcentrourbano","https:\/\/x.com\/CentroUrbano","https:\/\/www.instagram.com\/centro_urbano\/","https:\/\/www.linkedin.com\/company\/centro-urbano\/","http:\/\/www.youtube.com\/user\/portalcentrourbano"]},{"@type":"Person","@id":"https:\/\/centrourbano.com\/revista\/#\/schema\/person\/b50192a3cd0e680841b45dc537f53970","name":"Diego Rodr\u00edguez","image":{"@type":"ImageObject","inLanguage":"es","@id":"https:\/\/secure.gravatar.com\/avatar\/d217565525df2df5d4e7265d47758506f41845ed9529510921a7625d8365789d?s=96&d=mm&r=g","url":"https:\/\/secure.gravatar.com\/avatar\/d217565525df2df5d4e7265d47758506f41845ed9529510921a7625d8365789d?s=96&d=mm&r=g","contentUrl":"https:\/\/secure.gravatar.com\/avatar\/d217565525df2df5d4e7265d47758506f41845ed9529510921a7625d8365789d?s=96&d=mm&r=g","caption":"Diego Rodr\u00edguez"},"description":"Egresado de la Facultad de Estudios Superiores Acatl\u00e1n de la carrera en Comunicaci\u00f3n, con especialidad en medios escritos. Reportero del desaparecido peri\u00f3dico Nuestro M\u00e9xico, en donde cubri\u00f3 las fuentes delegacionales y Asamblea Legislativa. Tambi\u00e9n trabaj\u00f3 en la Coordinaci\u00f3n de Comunicaci\u00f3n Social en la delegaci\u00f3n \u00c1lvaro Obreg\u00f3n. Le gusta leer novelas y cuentos.","url":"https:\/\/centrourbano.com\/revista\/author\/diegorodriguez\/"}]}},"_links":{"self":[{"href":"https:\/\/centrourbano.com\/revista\/wp-json\/wp\/v2\/posts\/53506","targetHints":{"allow":["GET"]}}],"collection":[{"href":"https:\/\/centrourbano.com\/revista\/wp-json\/wp\/v2\/posts"}],"about":[{"href":"https:\/\/centrourbano.com\/revista\/wp-json\/wp\/v2\/types\/post"}],"author":[{"embeddable":true,"href":"https:\/\/centrourbano.com\/revista\/wp-json\/wp\/v2\/users\/37"}],"replies":[{"embeddable":true,"href":"https:\/\/centrourbano.com\/revista\/wp-json\/wp\/v2\/comments?post=53506"}],"version-history":[{"count":0,"href":"https:\/\/centrourbano.com\/revista\/wp-json\/wp\/v2\/posts\/53506\/revisions"}],"wp:featuredmedia":[{"embeddable":true,"href":"https:\/\/centrourbano.com\/revista\/wp-json\/wp\/v2\/media\/53522"}],"wp:attachment":[{"href":"https:\/\/centrourbano.com\/revista\/wp-json\/wp\/v2\/media?parent=53506"}],"wp:term":[{"taxonomy":"category","embeddable":true,"href":"https:\/\/centrourbano.com\/revista\/wp-json\/wp\/v2\/categories?post=53506"},{"taxonomy":"post_tag","embeddable":true,"href":"https:\/\/centrourbano.com\/revista\/wp-json\/wp\/v2\/tags?post=53506"}],"curies":[{"name":"wp","href":"https:\/\/api.w.org\/{rel}","templated":true}]}}